{"id":136366,"date":"2022-09-12T15:12:05","date_gmt":"2022-09-12T13:12:05","guid":{"rendered":"https:\/\/www.bellunopress.it\/?p=136366"},"modified":"2022-09-12T16:08:32","modified_gmt":"2022-09-12T14:08:32","slug":"cinque-rinvii-a-giudizio-per-le-biomasse-da-falsa-filiera-corta","status":"publish","type":"post","link":"https:\/\/www.bellunopress.it\/fr\/2022\/09\/12\/cinque-rinvii-a-giudizio-per-le-biomasse-da-falsa-filiera-corta\/","title":{"rendered":"Cinque rinvii a giudizio per le biomasse da falsa filiera corta"},"content":{"rendered":"<p><img loading=\"lazy\" decoding=\"async\" class=\"alignleft size-full wp-image-136369\" src=\"https:\/\/www.bellunopress.it\/wp-content\/uploads\/2022\/09\/carabinieri-forestali_edited.jpg\" alt=\"\" width=\"1000\" height=\"702\" srcset=\"https:\/\/www.bellunopress.it\/wp-content\/uploads\/2022\/09\/carabinieri-forestali_edited.jpg 1000w, https:\/\/www.bellunopress.it\/wp-content\/uploads\/2022\/09\/carabinieri-forestali_edited-500x351.jpg 500w, https:\/\/www.bellunopress.it\/wp-content\/uploads\/2022\/09\/carabinieri-forestali_edited-696x489.jpg 696w, https:\/\/www.bellunopress.it\/wp-content\/uploads\/2022\/09\/carabinieri-forestali_edited-598x420.jpg 598w, https:\/\/www.bellunopress.it\/wp-content\/uploads\/2022\/09\/carabinieri-forestali_edited-100x70.jpg 100w\" sizes=\"auto, (max-width: 1000px) 100vw, 1000px\" \/><img loading=\"lazy\" decoding=\"async\" class=\"alignleft size-full wp-image-123743\" src=\"https:\/\/www.bellunopress.it\/wp-content\/uploads\/2021\/04\/carabinieri-forestali_edited.jpg\" alt=\"\" width=\"1000\" height=\"736\" srcset=\"https:\/\/www.bellunopress.it\/wp-content\/uploads\/2021\/04\/carabinieri-forestali_edited.jpg 1000w, https:\/\/www.bellunopress.it\/wp-content\/uploads\/2021\/04\/carabinieri-forestali_edited-500x368.jpg 500w, https:\/\/www.bellunopress.it\/wp-content\/uploads\/2021\/04\/carabinieri-forestali_edited-696x512.jpg 696w, https:\/\/www.bellunopress.it\/wp-content\/uploads\/2021\/04\/carabinieri-forestali_edited-571x420.jpg 571w, https:\/\/www.bellunopress.it\/wp-content\/uploads\/2021\/04\/carabinieri-forestali_edited-80x60.jpg 80w\" sizes=\"auto, (max-width: 1000px) 100vw, 1000px\" \/>Sono state rinviate a giudizio 5 bellunesi, tra cui un tecnico libero professionista, per truffa e truffa aggravata per il conseguimento di erogazioni pubbliche determinata dall\u2019altrui inganno e falso in atto pubblico.<\/p>\n<p>I Carabinieri Forestali della Stazione di Mel, guidati dalla Procura della Repubblica di Belluno, forti dell\u2019esperienza maturata in una analoga indagine (anch\u2019essa sfociata in un rinvio a giudizio all\u2019inizio di questo anno), avevano attenzionato ingenti quantitativi di materiale forestale conferiti presso due centrali a biomasse in Provincia di Belluno nel periodo 2015-2018: 22.063 tonnellate dichiarate da \u201cfiliera corta\u201d senza averne in realt\u00e0 i necessari requisiti.<\/p>\n<p>Anche in questo caso, i primi indizi a destare l\u2019attenzione dei militari erano stati i quantitativi inspiegabilmente elevati provenienti da 25 lotti forestali siti nelle provincie di Belluno, Treviso, Vicenza e Trento \u00e8 stato prodotto da una ditta forestale bellunese ed accompagnato da dichiarazioni mendaci finalizzate ad attestarne falsamente la \u201cfiliera corta\u201d, anche tramite il concorso di un tecnico professionista che falsamente attestava quantitativi superiori di biomassa proveniente da determinati lotti boschivi ricompresi proprio nell\u2019ambito territoriale della \u201cfiliera corta\u201d.Tutto ci\u00f2, nel periodo di riferimento, aveva fruttato alla ditta forestale indebiti profitti per quasi 200mila euro.<br \/>\nLa truffa ha determinato il versamento da parte di GSE (Gestore Servizi Energetici) alle centrali di quasi 660 mila euro (su segnalazione sei militari forestali aperta istruttoria per danno erariale da parte della Corte dei Conti).<br \/>\nE\u2019 stato tratto in inganno anche il funzionario MiPAAF addetto all\u2019istruttoria preventiva all\u2019erogazione dei contributi, che dovr\u00e0 rispondere di falso in atto pubblico.<\/p>","protected":false},"excerpt":{"rendered":"<p>Sono state rinviate a giudizio 5 bellunesi, tra cui un tecnico libero professionista, per truffa e truffa aggravata per il conseguimento di erogazioni pubbliche determinata dall\u2019altrui inganno e falso in atto pubblico. I Carabinieri Forestali della Stazione di Mel, guidati dalla Procura della Repubblica di Belluno, forti dell\u2019esperienza maturata in una analoga indagine (anch\u2019essa sfociata [&hellip;]<\/p>\n","protected":false},"author":2,"featured_media":123743,"comment_status":"closed","ping_status":"open","sticky":false,"template":"","format":"standard","meta":{"footnotes":""},"categories":[5],"tags":[],"class_list":["post-136366","post","type-post","status-publish","format-standard","has-post-thumbnail","category-cronaca"],"yoast_head":"<!-- This site is optimized with the Yoast SEO plugin v28.4 - https:\/\/yoast.com\/product\/yoast-seo-wordpress\/ -->\n<title>Cinque rinvii a giudizio per le biomasse da falsa filiera corta - Bellunopress - Dolomiti<\/title>\n<meta name=\"robots\" content=\"index, follow, max-snippet:-1, max-image-preview:large, max-video-preview:-1\" \/>\n<link rel=\"canonical\" href=\"https:\/\/www.bellunopress.it\/fr\/2022\/09\/12\/cinque-rinvii-a-giudizio-per-le-biomasse-da-falsa-filiera-corta\/\" \/>\n<meta property=\"og:locale\" content=\"fr_FR\" \/>\n<meta property=\"og:type\" content=\"article\" \/>\n<meta property=\"og:title\" content=\"Cinque rinvii a giudizio per le biomasse da falsa filiera corta - Bellunopress - Dolomiti\" \/>\n<meta property=\"og:description\" content=\"Sono state rinviate a giudizio 5 bellunesi, tra cui un tecnico libero professionista, per truffa e truffa aggravata per il conseguimento di erogazioni pubbliche determinata dall\u2019altrui inganno e falso in atto pubblico. I Carabinieri Forestali della Stazione di Mel, guidati dalla Procura della Repubblica di Belluno, forti dell\u2019esperienza maturata in una analoga indagine (anch\u2019essa sfociata [&hellip;]\" \/>\n<meta property=\"og:url\" content=\"https:\/\/www.bellunopress.it\/fr\/2022\/09\/12\/cinque-rinvii-a-giudizio-per-le-biomasse-da-falsa-filiera-corta\/\" \/>\n<meta property=\"og:site_name\" content=\"Bellunopress - Dolomiti\" \/>\n<meta property=\"article:publisher\" content=\"https:\/\/www.facebook.com\/profile.php?id=100008943462799\" \/>\n<meta property=\"article:published_time\" content=\"2022-09-12T13:12:05+00:00\" \/>\n<meta property=\"article:modified_time\" content=\"2022-09-12T14:08:32+00:00\" \/>\n<meta property=\"og:image\" content=\"https:\/\/www.bellunopress.it\/wp-content\/uploads\/2021\/04\/carabinieri-forestali_edited.jpg\" \/>\n\t<meta property=\"og:image:width\" content=\"1000\" \/>\n\t<meta property=\"og:image:height\" content=\"736\" \/>\n\t<meta property=\"og:image:type\" content=\"image\/jpeg\" \/>\n<meta name=\"author\" content=\"redazione\" \/>\n<meta name=\"twitter:card\" content=\"summary_large_image\" \/>\n<meta name=\"twitter:creator\" content=\"@bellunopress\" \/>\n<meta name=\"twitter:site\" content=\"@bellunopress\" \/>\n<meta name=\"twitter:label1\" content=\"\u00c9crit par\" \/>\n\t<meta name=\"twitter:data1\" content=\"redazione\" \/>\n\t<meta name=\"twitter:label2\" content=\"Dur\u00e9e de lecture estim\u00e9e\" \/>\n\t<meta name=\"twitter:data2\" content=\"2 minutes\" \/>\n<script type=\"application\/ld+json\" class=\"yoast-schema-graph\">{\"@context\":\"https:\\\/\\\/schema.org\",\"@graph\":[{\"@type\":\"Article\",\"@id\":\"https:\\\/\\\/www.bellunopress.it\\\/2022\\\/09\\\/12\\\/cinque-rinvii-a-giudizio-per-le-biomasse-da-falsa-filiera-corta\\\/#article\",\"isPartOf\":{\"@id\":\"https:\\\/\\\/www.bellunopress.it\\\/2022\\\/09\\\/12\\\/cinque-rinvii-a-giudizio-per-le-biomasse-da-falsa-filiera-corta\\\/\"},\"author\":{\"name\":\"redazione\",\"@id\":\"https:\\\/\\\/www.bellunopress.it\\\/#\\\/schema\\\/person\\\/79bb06722b37ece1c03d3e94beb30d73\"},\"headline\":\"Cinque rinvii a giudizio per le biomasse da falsa filiera corta\",\"datePublished\":\"2022-09-12T13:12:05+00:00\",\"dateModified\":\"2022-09-12T14:08:32+00:00\",\"mainEntityOfPage\":{\"@id\":\"https:\\\/\\\/www.bellunopress.it\\\/2022\\\/09\\\/12\\\/cinque-rinvii-a-giudizio-per-le-biomasse-da-falsa-filiera-corta\\\/\"},\"wordCount\":266,\"publisher\":{\"@id\":\"https:\\\/\\\/www.bellunopress.it\\\/#organization\"},\"image\":{\"@id\":\"https:\\\/\\\/www.bellunopress.it\\\/2022\\\/09\\\/12\\\/cinque-rinvii-a-giudizio-per-le-biomasse-da-falsa-filiera-corta\\\/#primaryimage\"},\"thumbnailUrl\":\"https:\\\/\\\/www.bellunopress.it\\\/wp-content\\\/uploads\\\/2021\\\/04\\\/carabinieri-forestali_edited.jpg\",\"articleSection\":[\"Cronaca\\\/Politica\"],\"inLanguage\":\"fr-FR\"},{\"@type\":\"WebPage\",\"@id\":\"https:\\\/\\\/www.bellunopress.it\\\/2022\\\/09\\\/12\\\/cinque-rinvii-a-giudizio-per-le-biomasse-da-falsa-filiera-corta\\\/\",\"url\":\"https:\\\/\\\/www.bellunopress.it\\\/2022\\\/09\\\/12\\\/cinque-rinvii-a-giudizio-per-le-biomasse-da-falsa-filiera-corta\\\/\",\"name\":\"Cinque rinvii a giudizio per le biomasse da falsa filiera corta - Bellunopress - Dolomiti\",\"isPartOf\":{\"@id\":\"https:\\\/\\\/www.bellunopress.it\\\/#website\"},\"primaryImageOfPage\":{\"@id\":\"https:\\\/\\\/www.bellunopress.it\\\/2022\\\/09\\\/12\\\/cinque-rinvii-a-giudizio-per-le-biomasse-da-falsa-filiera-corta\\\/#primaryimage\"},\"image\":{\"@id\":\"https:\\\/\\\/www.bellunopress.it\\\/2022\\\/09\\\/12\\\/cinque-rinvii-a-giudizio-per-le-biomasse-da-falsa-filiera-corta\\\/#primaryimage\"},\"thumbnailUrl\":\"https:\\\/\\\/www.bellunopress.it\\\/wp-content\\\/uploads\\\/2021\\\/04\\\/carabinieri-forestali_edited.jpg\",\"datePublished\":\"2022-09-12T13:12:05+00:00\",\"dateModified\":\"2022-09-12T14:08:32+00:00\",\"breadcrumb\":{\"@id\":\"https:\\\/\\\/www.bellunopress.it\\\/2022\\\/09\\\/12\\\/cinque-rinvii-a-giudizio-per-le-biomasse-da-falsa-filiera-corta\\\/#breadcrumb\"},\"inLanguage\":\"fr-FR\",\"potentialAction\":[{\"@type\":\"ReadAction\",\"target\":[\"https:\\\/\\\/www.bellunopress.it\\\/2022\\\/09\\\/12\\\/cinque-rinvii-a-giudizio-per-le-biomasse-da-falsa-filiera-corta\\\/\"]}]},{\"@type\":\"ImageObject\",\"inLanguage\":\"fr-FR\",\"@id\":\"https:\\\/\\\/www.bellunopress.it\\\/2022\\\/09\\\/12\\\/cinque-rinvii-a-giudizio-per-le-biomasse-da-falsa-filiera-corta\\\/#primaryimage\",\"url\":\"https:\\\/\\\/www.bellunopress.it\\\/wp-content\\\/uploads\\\/2021\\\/04\\\/carabinieri-forestali_edited.jpg\",\"contentUrl\":\"https:\\\/\\\/www.bellunopress.it\\\/wp-content\\\/uploads\\\/2021\\\/04\\\/carabinieri-forestali_edited.jpg\",\"width\":1000,\"height\":736},{\"@type\":\"BreadcrumbList\",\"@id\":\"https:\\\/\\\/www.bellunopress.it\\\/2022\\\/09\\\/12\\\/cinque-rinvii-a-giudizio-per-le-biomasse-da-falsa-filiera-corta\\\/#breadcrumb\",\"itemListElement\":[{\"@type\":\"ListItem\",\"position\":1,\"name\":\"Home\",\"item\":\"https:\\\/\\\/www.bellunopress.it\\\/\"},{\"@type\":\"ListItem\",\"position\":2,\"name\":\"Cinque rinvii a giudizio per le biomasse da falsa filiera corta\"}]},{\"@type\":\"WebSite\",\"@id\":\"https:\\\/\\\/www.bellunopress.it\\\/#website\",\"url\":\"https:\\\/\\\/www.bellunopress.it\\\/\",\"name\":\"Bellunopress - Dolomiti\",\"description\":\"e-mail: redazione@bellunopress.it\",\"publisher\":{\"@id\":\"https:\\\/\\\/www.bellunopress.it\\\/#organization\"},\"potentialAction\":[{\"@type\":\"SearchAction\",\"target\":{\"@type\":\"EntryPoint\",\"urlTemplate\":\"https:\\\/\\\/www.bellunopress.it\\\/?s={search_term_string}\"},\"query-input\":{\"@type\":\"PropertyValueSpecification\",\"valueRequired\":true,\"valueName\":\"search_term_string\"}}],\"inLanguage\":\"fr-FR\"},{\"@type\":\"Organization\",\"@id\":\"https:\\\/\\\/www.bellunopress.it\\\/#organization\",\"name\":\"Bellunopress\",\"url\":\"https:\\\/\\\/www.bellunopress.it\\\/\",\"logo\":{\"@type\":\"ImageObject\",\"inLanguage\":\"fr-FR\",\"@id\":\"https:\\\/\\\/www.bellunopress.it\\\/#\\\/schema\\\/logo\\\/image\\\/\",\"url\":\"https:\\\/\\\/www.bellunopress.it\\\/wp-content\\\/uploads\\\/2011\\\/05\\\/cropped-logo-bellunopress-.jpg\",\"contentUrl\":\"https:\\\/\\\/www.bellunopress.it\\\/wp-content\\\/uploads\\\/2011\\\/05\\\/cropped-logo-bellunopress-.jpg\",\"width\":512,\"height\":512,\"caption\":\"Bellunopress\"},\"image\":{\"@id\":\"https:\\\/\\\/www.bellunopress.it\\\/#\\\/schema\\\/logo\\\/image\\\/\"},\"sameAs\":[\"https:\\\/\\\/www.facebook.com\\\/profile.php?id=100008943462799\",\"https:\\\/\\\/x.com\\\/bellunopress\",\"https:\\\/\\\/www.linkedin.com\\\/hp\\\/?dnr=JBzUWaJfMUw8vbXJJ2tVW5-I3jZKvC4wsoxE&amp;amp;amp;amp;amp;amp;trk=nav_responsive_tab_home\",\"https:\\\/\\\/www.youtube.com\\\/channel\\\/UCxL0wu1uN0_3_7hGG0306cw\"]},{\"@type\":\"Person\",\"@id\":\"https:\\\/\\\/www.bellunopress.it\\\/#\\\/schema\\\/person\\\/79bb06722b37ece1c03d3e94beb30d73\",\"name\":\"redazione\",\"image\":{\"@type\":\"ImageObject\",\"inLanguage\":\"fr-FR\",\"@id\":\"https:\\\/\\\/secure.gravatar.com\\\/avatar\\\/37d968a2e67a6fd04c169c4bdef102d0bc5d31b2546345219e348575eb80e9a0?s=96&d=mm&r=g\",\"url\":\"https:\\\/\\\/secure.gravatar.com\\\/avatar\\\/37d968a2e67a6fd04c169c4bdef102d0bc5d31b2546345219e348575eb80e9a0?s=96&d=mm&r=g\",\"contentUrl\":\"https:\\\/\\\/secure.gravatar.com\\\/avatar\\\/37d968a2e67a6fd04c169c4bdef102d0bc5d31b2546345219e348575eb80e9a0?s=96&d=mm&r=g\",\"caption\":\"redazione\"},\"sameAs\":[\"http:\\\/\\\/www.bellunopress.it\",\"https:\\\/\\\/x.com\\\/bellunopress\"],\"url\":\"https:\\\/\\\/www.bellunopress.it\\\/fr\\\/author\\\/redazione\\\/\"}]}<\/script>\n<!-- \/ Yoast SEO plugin. -->","yoast_head_json":{"title":"Cinque rinvii a giudizio per le biomasse da falsa filiera corta - Bellunopress - Dolomiti","robots":{"index":"index","follow":"follow","max-snippet":"max-snippet:-1","max-image-preview":"max-image-preview:large","max-video-preview":"max-video-preview:-1"},"canonical":"https:\/\/www.bellunopress.it\/fr\/2022\/09\/12\/cinque-rinvii-a-giudizio-per-le-biomasse-da-falsa-filiera-corta\/","og_locale":"fr_FR","og_type":"article","og_title":"Cinque rinvii a giudizio per le biomasse da falsa filiera corta - Bellunopress - Dolomiti","og_description":"Sono state rinviate a giudizio 5 bellunesi, tra cui un tecnico libero professionista, per truffa e truffa aggravata per il conseguimento di erogazioni pubbliche determinata dall\u2019altrui inganno e falso in atto pubblico. I Carabinieri Forestali della Stazione di Mel, guidati dalla Procura della Repubblica di Belluno, forti dell\u2019esperienza maturata in una analoga indagine (anch\u2019essa sfociata [&hellip;]","og_url":"https:\/\/www.bellunopress.it\/fr\/2022\/09\/12\/cinque-rinvii-a-giudizio-per-le-biomasse-da-falsa-filiera-corta\/","og_site_name":"Bellunopress - Dolomiti","article_publisher":"https:\/\/www.facebook.com\/profile.php?id=100008943462799","article_published_time":"2022-09-12T13:12:05+00:00","article_modified_time":"2022-09-12T14:08:32+00:00","og_image":[{"width":1000,"height":736,"url":"https:\/\/www.bellunopress.it\/wp-content\/uploads\/2021\/04\/carabinieri-forestali_edited.jpg","type":"image\/jpeg"}],"author":"redazione","twitter_card":"summary_large_image","twitter_creator":"@bellunopress","twitter_site":"@bellunopress","twitter_misc":{"\u00c9crit par":"redazione","Dur\u00e9e de lecture estim\u00e9e":"2 minutes"},"schema":{"@context":"https:\/\/schema.org","@graph":[{"@type":"Article","@id":"https:\/\/www.bellunopress.it\/2022\/09\/12\/cinque-rinvii-a-giudizio-per-le-biomasse-da-falsa-filiera-corta\/#article","isPartOf":{"@id":"https:\/\/www.bellunopress.it\/2022\/09\/12\/cinque-rinvii-a-giudizio-per-le-biomasse-da-falsa-filiera-corta\/"},"author":{"name":"redazione","@id":"https:\/\/www.bellunopress.it\/#\/schema\/person\/79bb06722b37ece1c03d3e94beb30d73"},"headline":"Cinque rinvii a giudizio per le biomasse da falsa filiera corta","datePublished":"2022-09-12T13:12:05+00:00","dateModified":"2022-09-12T14:08:32+00:00","mainEntityOfPage":{"@id":"https:\/\/www.bellunopress.it\/2022\/09\/12\/cinque-rinvii-a-giudizio-per-le-biomasse-da-falsa-filiera-corta\/"},"wordCount":266,"publisher":{"@id":"https:\/\/www.bellunopress.it\/#organization"},"image":{"@id":"https:\/\/www.bellunopress.it\/2022\/09\/12\/cinque-rinvii-a-giudizio-per-le-biomasse-da-falsa-filiera-corta\/#primaryimage"},"thumbnailUrl":"https:\/\/www.bellunopress.it\/wp-content\/uploads\/2021\/04\/carabinieri-forestali_edited.jpg","articleSection":["Cronaca\/Politica"],"inLanguage":"fr-FR"},{"@type":"WebPage","@id":"https:\/\/www.bellunopress.it\/2022\/09\/12\/cinque-rinvii-a-giudizio-per-le-biomasse-da-falsa-filiera-corta\/","url":"https:\/\/www.bellunopress.it\/2022\/09\/12\/cinque-rinvii-a-giudizio-per-le-biomasse-da-falsa-filiera-corta\/","name":"Cinque rinvii a giudizio per le biomasse da falsa filiera corta - Bellunopress - Dolomiti","isPartOf":{"@id":"https:\/\/www.bellunopress.it\/#website"},"primaryImageOfPage":{"@id":"https:\/\/www.bellunopress.it\/2022\/09\/12\/cinque-rinvii-a-giudizio-per-le-biomasse-da-falsa-filiera-corta\/#primaryimage"},"image":{"@id":"https:\/\/www.bellunopress.it\/2022\/09\/12\/cinque-rinvii-a-giudizio-per-le-biomasse-da-falsa-filiera-corta\/#primaryimage"},"thumbnailUrl":"https:\/\/www.bellunopress.it\/wp-content\/uploads\/2021\/04\/carabinieri-forestali_edited.jpg","datePublished":"2022-09-12T13:12:05+00:00","dateModified":"2022-09-12T14:08:32+00:00","breadcrumb":{"@id":"https:\/\/www.bellunopress.it\/2022\/09\/12\/cinque-rinvii-a-giudizio-per-le-biomasse-da-falsa-filiera-corta\/#breadcrumb"},"inLanguage":"fr-FR","potentialAction":[{"@type":"ReadAction","target":["https:\/\/www.bellunopress.it\/2022\/09\/12\/cinque-rinvii-a-giudizio-per-le-biomasse-da-falsa-filiera-corta\/"]}]},{"@type":"ImageObject","inLanguage":"fr-FR","@id":"https:\/\/www.bellunopress.it\/2022\/09\/12\/cinque-rinvii-a-giudizio-per-le-biomasse-da-falsa-filiera-corta\/#primaryimage","url":"https:\/\/www.bellunopress.it\/wp-content\/uploads\/2021\/04\/carabinieri-forestali_edited.jpg","contentUrl":"https:\/\/www.bellunopress.it\/wp-content\/uploads\/2021\/04\/carabinieri-forestali_edited.jpg","width":1000,"height":736},{"@type":"BreadcrumbList","@id":"https:\/\/www.bellunopress.it\/2022\/09\/12\/cinque-rinvii-a-giudizio-per-le-biomasse-da-falsa-filiera-corta\/#breadcrumb","itemListElement":[{"@type":"ListItem","position":1,"name":"Home","item":"https:\/\/www.bellunopress.it\/"},{"@type":"ListItem","position":2,"name":"Cinque rinvii a giudizio per le biomasse da falsa filiera corta"}]},{"@type":"WebSite","@id":"https:\/\/www.bellunopress.it\/#website","url":"https:\/\/www.bellunopress.it\/","name":"Bellunopress - Dolomiti","description":"e-mail: redazione@bellunopress.it","publisher":{"@id":"https:\/\/www.bellunopress.it\/#organization"},"potentialAction":[{"@type":"SearchAction","target":{"@type":"EntryPoint","urlTemplate":"https:\/\/www.bellunopress.it\/?s={search_term_string}"},"query-input":{"@type":"PropertyValueSpecification","valueRequired":true,"valueName":"search_term_string"}}],"inLanguage":"fr-FR"},{"@type":"Organization","@id":"https:\/\/www.bellunopress.it\/#organization","name":"Bellunopress","url":"https:\/\/www.bellunopress.it\/","logo":{"@type":"ImageObject","inLanguage":"fr-FR","@id":"https:\/\/www.bellunopress.it\/#\/schema\/logo\/image\/","url":"https:\/\/www.bellunopress.it\/wp-content\/uploads\/2011\/05\/cropped-logo-bellunopress-.jpg","contentUrl":"https:\/\/www.bellunopress.it\/wp-content\/uploads\/2011\/05\/cropped-logo-bellunopress-.jpg","width":512,"height":512,"caption":"Bellunopress"},"image":{"@id":"https:\/\/www.bellunopress.it\/#\/schema\/logo\/image\/"},"sameAs":["https:\/\/www.facebook.com\/profile.php?id=100008943462799","https:\/\/x.com\/bellunopress","https:\/\/www.linkedin.com\/hp\/?dnr=JBzUWaJfMUw8vbXJJ2tVW5-I3jZKvC4wsoxE&amp;amp;amp;amp;amp;amp;trk=nav_responsive_tab_home","https:\/\/www.youtube.com\/channel\/UCxL0wu1uN0_3_7hGG0306cw"]},{"@type":"Person","@id":"https:\/\/www.bellunopress.it\/#\/schema\/person\/79bb06722b37ece1c03d3e94beb30d73","name":"r\u00e9daction","image":{"@type":"ImageObject","inLanguage":"fr-FR","@id":"https:\/\/secure.gravatar.com\/avatar\/37d968a2e67a6fd04c169c4bdef102d0bc5d31b2546345219e348575eb80e9a0?s=96&d=mm&r=g","url":"https:\/\/secure.gravatar.com\/avatar\/37d968a2e67a6fd04c169c4bdef102d0bc5d31b2546345219e348575eb80e9a0?s=96&d=mm&r=g","contentUrl":"https:\/\/secure.gravatar.com\/avatar\/37d968a2e67a6fd04c169c4bdef102d0bc5d31b2546345219e348575eb80e9a0?s=96&d=mm&r=g","caption":"redazione"},"sameAs":["http:\/\/www.bellunopress.it","https:\/\/x.com\/bellunopress"],"url":"https:\/\/www.bellunopress.it\/fr\/author\/redazione\/"}]}},"_links":{"self":[{"href":"https:\/\/www.bellunopress.it\/fr\/wp-json\/wp\/v2\/posts\/136366","targetHints":{"allow":["GET"]}}],"collection":[{"href":"https:\/\/www.bellunopress.it\/fr\/wp-json\/wp\/v2\/posts"}],"about":[{"href":"https:\/\/www.bellunopress.it\/fr\/wp-json\/wp\/v2\/types\/post"}],"author":[{"embeddable":true,"href":"https:\/\/www.bellunopress.it\/fr\/wp-json\/wp\/v2\/users\/2"}],"replies":[{"embeddable":true,"href":"https:\/\/www.bellunopress.it\/fr\/wp-json\/wp\/v2\/comments?post=136366"}],"version-history":[{"count":3,"href":"https:\/\/www.bellunopress.it\/fr\/wp-json\/wp\/v2\/posts\/136366\/revisions"}],"predecessor-version":[{"id":136370,"href":"https:\/\/www.bellunopress.it\/fr\/wp-json\/wp\/v2\/posts\/136366\/revisions\/136370"}],"wp:featuredmedia":[{"embeddable":true,"href":"https:\/\/www.bellunopress.it\/fr\/wp-json\/wp\/v2\/media\/123743"}],"wp:attachment":[{"href":"https:\/\/www.bellunopress.it\/fr\/wp-json\/wp\/v2\/media?parent=136366"}],"wp:term":[{"taxonomy":"category","embeddable":true,"href":"https:\/\/www.bellunopress.it\/fr\/wp-json\/wp\/v2\/categories?post=136366"},{"taxonomy":"post_tag","embeddable":true,"href":"https:\/\/www.bellunopress.it\/fr\/wp-json\/wp\/v2\/tags?post=136366"}],"curies":[{"name":"wp","href":"https:\/\/api.w.org\/{rel}","templated":true}]}}