{"id":136363,"date":"2022-09-12T11:08:53","date_gmt":"2022-09-12T09:08:53","guid":{"rendered":"https:\/\/www.bellunopress.it\/?p=136363"},"modified":"2022-09-12T11:08:53","modified_gmt":"2022-09-12T09:08:53","slug":"un-airone-a-venezia-anna-bellini-presenta-il-suo-ultimo-romanzo-venerdi-alla-libreria-tarantola-di-belluno","status":"publish","type":"post","link":"https:\/\/www.bellunopress.it\/fr\/2022\/09\/12\/un-airone-a-venezia-anna-bellini-presenta-il-suo-ultimo-romanzo-venerdi-alla-libreria-tarantola-di-belluno\/","title":{"rendered":"Un Airone a Venezia. Anna Bellini presenta il suo ultimo romanzo venerd\u00ec alla libreria Tarantola di Belluno"},"content":{"rendered":"<p><img loading=\"lazy\" decoding=\"async\" class=\"alignleft size-full wp-image-136364\" src=\"https:\/\/www.bellunopress.it\/wp-content\/uploads\/2022\/09\/Un-Airone-a-Venezia-di-Anna-Bellini.jpg\" alt=\"\" width=\"536\" height=\"837\" srcset=\"https:\/\/www.bellunopress.it\/wp-content\/uploads\/2022\/09\/Un-Airone-a-Venezia-di-Anna-Bellini.jpg 536w, https:\/\/www.bellunopress.it\/wp-content\/uploads\/2022\/09\/Un-Airone-a-Venezia-di-Anna-Bellini-320x500.jpg 320w, https:\/\/www.bellunopress.it\/wp-content\/uploads\/2022\/09\/Un-Airone-a-Venezia-di-Anna-Bellini-269x420.jpg 269w\" sizes=\"auto, (max-width: 536px) 100vw, 536px\" \/>Venerd\u00ec 16 settembre alle ore 18:00 alla Libreria Tarantola di Belluno si terr\u00e0 la presentazione del romanzo \u201cUn Airone a Venezia\u201d di Anna Bellini. E\u2019 la storia di un amore perduto della protagonista Chiara, che ripercorre i luoghi dove tutto \u00e8 accaduto. Il romanzo, dai tratti surreali dove realt\u00e0 e finzione letteraria si fondono, \u00e8 anche il ritratto di Venezia, citt\u00e0 magica che fa da cornice all\u2019intera vicenda, intrisa di mistero e colpi di scena.<\/p>\n<p>Anna Bellini, autrice del romanzo, \u00e8 un medico veronese, che scrive poesie, romanzi, \u00e8 attrice di teatro e pittrice, ha esposto ad Hong Kong, Parigi, Bruxelles, Doha e recitato nei pi\u00f9 svariati ruoli dal Cabaret a Shakespeare, da Pirandello a Goldoni. Conduce l\u2019incontro Roberto De Nart, giornalista.<\/p>","protected":false},"excerpt":{"rendered":"<p>Venerd\u00ec 16 settembre alle ore 18:00 alla Libreria Tarantola di Belluno si terr\u00e0 la presentazione del romanzo \u201cUn Airone a Venezia\u201d di Anna Bellini. E\u2019 la storia di un amore perduto della protagonista Chiara, che ripercorre i luoghi dove tutto \u00e8 accaduto. Il romanzo, dai tratti surreali dove realt\u00e0 e finzione letteraria si fondono, \u00e8 [&hellip;]<\/p>\n","protected":false},"author":2,"featured_media":136364,"comment_status":"closed","ping_status":"open","sticky":false,"template":"","format":"standard","meta":{"footnotes":""},"categories":[27,3,25],"tags":[3535,3536],"class_list":["post-136363","post","type-post","status-publish","format-standard","has-post-thumbnail","category-appuntamenti","category-arte-cultura-spettacoli-scienza-archivi","category-pausa-caffe","tag-anna-bellini","tag-un-airone-a-venezia"],"yoast_head":"<!-- This site is optimized with the Yoast SEO plugin v28.4 - https:\/\/yoast.com\/product\/yoast-seo-wordpress\/ -->\n<title>Un Airone a Venezia. Anna Bellini presenta il suo ultimo romanzo venerd\u00ec alla libreria Tarantola di Belluno - Bellunopress - Dolomiti<\/title>\n<meta name=\"robots\" content=\"index, follow, max-snippet:-1, max-image-preview:large, max-video-preview:-1\" \/>\n<link rel=\"canonical\" href=\"https:\/\/www.bellunopress.it\/fr\/2022\/09\/12\/un-airone-a-venezia-anna-bellini-presenta-il-suo-ultimo-romanzo-venerdi-alla-libreria-tarantola-di-belluno\/\" \/>\n<meta property=\"og:locale\" content=\"fr_FR\" \/>\n<meta property=\"og:type\" content=\"article\" \/>\n<meta property=\"og:title\" content=\"Un Airone a Venezia. Anna Bellini presenta il suo ultimo romanzo venerd\u00ec alla libreria Tarantola di Belluno - Bellunopress - Dolomiti\" \/>\n<meta property=\"og:description\" content=\"Venerd\u00ec 16 settembre alle ore 18:00 alla Libreria Tarantola di Belluno si terr\u00e0 la presentazione del romanzo \u201cUn Airone a Venezia\u201d di Anna Bellini. E\u2019 la storia di un amore perduto della protagonista Chiara, che ripercorre i luoghi dove tutto \u00e8 accaduto. Il romanzo, dai tratti surreali dove realt\u00e0 e finzione letteraria si fondono, \u00e8 [&hellip;]\" \/>\n<meta property=\"og:url\" content=\"https:\/\/www.bellunopress.it\/fr\/2022\/09\/12\/un-airone-a-venezia-anna-bellini-presenta-il-suo-ultimo-romanzo-venerdi-alla-libreria-tarantola-di-belluno\/\" \/>\n<meta property=\"og:site_name\" content=\"Bellunopress - Dolomiti\" \/>\n<meta property=\"article:publisher\" content=\"https:\/\/www.facebook.com\/profile.php?id=100008943462799\" \/>\n<meta property=\"article:published_time\" content=\"2022-09-12T09:08:53+00:00\" \/>\n<meta property=\"og:image\" content=\"https:\/\/www.bellunopress.it\/wp-content\/uploads\/2022\/09\/Un-Airone-a-Venezia-di-Anna-Bellini.jpg\" \/>\n\t<meta property=\"og:image:width\" content=\"536\" \/>\n\t<meta property=\"og:image:height\" content=\"837\" \/>\n\t<meta property=\"og:image:type\" content=\"image\/jpeg\" \/>\n<meta name=\"author\" content=\"redazione\" \/>\n<meta name=\"twitter:card\" content=\"summary_large_image\" \/>\n<meta name=\"twitter:creator\" content=\"@bellunopress\" \/>\n<meta name=\"twitter:site\" content=\"@bellunopress\" \/>\n<meta name=\"twitter:label1\" content=\"\u00c9crit par\" \/>\n\t<meta name=\"twitter:data1\" content=\"redazione\" \/>\n\t<meta name=\"twitter:label2\" content=\"Dur\u00e9e de lecture estim\u00e9e\" \/>\n\t<meta name=\"twitter:data2\" content=\"1 minute\" \/>\n<script type=\"application\/ld+json\" class=\"yoast-schema-graph\">{\"@context\":\"https:\\\/\\\/schema.org\",\"@graph\":[{\"@type\":\"Article\",\"@id\":\"https:\\\/\\\/www.bellunopress.it\\\/2022\\\/09\\\/12\\\/un-airone-a-venezia-anna-bellini-presenta-il-suo-ultimo-romanzo-venerdi-alla-libreria-tarantola-di-belluno\\\/#article\",\"isPartOf\":{\"@id\":\"https:\\\/\\\/www.bellunopress.it\\\/2022\\\/09\\\/12\\\/un-airone-a-venezia-anna-bellini-presenta-il-suo-ultimo-romanzo-venerdi-alla-libreria-tarantola-di-belluno\\\/\"},\"author\":{\"name\":\"redazione\",\"@id\":\"https:\\\/\\\/www.bellunopress.it\\\/#\\\/schema\\\/person\\\/79bb06722b37ece1c03d3e94beb30d73\"},\"headline\":\"Un Airone a Venezia. Anna Bellini presenta il suo ultimo romanzo venerd\u00ec alla libreria Tarantola di Belluno\",\"datePublished\":\"2022-09-12T09:08:53+00:00\",\"mainEntityOfPage\":{\"@id\":\"https:\\\/\\\/www.bellunopress.it\\\/2022\\\/09\\\/12\\\/un-airone-a-venezia-anna-bellini-presenta-il-suo-ultimo-romanzo-venerdi-alla-libreria-tarantola-di-belluno\\\/\"},\"wordCount\":135,\"publisher\":{\"@id\":\"https:\\\/\\\/www.bellunopress.it\\\/#organization\"},\"image\":{\"@id\":\"https:\\\/\\\/www.bellunopress.it\\\/2022\\\/09\\\/12\\\/un-airone-a-venezia-anna-bellini-presenta-il-suo-ultimo-romanzo-venerdi-alla-libreria-tarantola-di-belluno\\\/#primaryimage\"},\"thumbnailUrl\":\"https:\\\/\\\/www.bellunopress.it\\\/wp-content\\\/uploads\\\/2022\\\/09\\\/Un-Airone-a-Venezia-di-Anna-Bellini.jpg\",\"keywords\":[\"Anna Bellini\",\"Un Airone a Venezia\"],\"articleSection\":[\"Appuntamenti, Eventi\",\"Arte, Cultura, Spettacoli, Scienza\",\"Pausa Caff\u00e8\"],\"inLanguage\":\"fr-FR\"},{\"@type\":\"WebPage\",\"@id\":\"https:\\\/\\\/www.bellunopress.it\\\/2022\\\/09\\\/12\\\/un-airone-a-venezia-anna-bellini-presenta-il-suo-ultimo-romanzo-venerdi-alla-libreria-tarantola-di-belluno\\\/\",\"url\":\"https:\\\/\\\/www.bellunopress.it\\\/2022\\\/09\\\/12\\\/un-airone-a-venezia-anna-bellini-presenta-il-suo-ultimo-romanzo-venerdi-alla-libreria-tarantola-di-belluno\\\/\",\"name\":\"Un Airone a Venezia. Anna Bellini presenta il suo ultimo romanzo venerd\u00ec alla libreria Tarantola di Belluno - Bellunopress - Dolomiti\",\"isPartOf\":{\"@id\":\"https:\\\/\\\/www.bellunopress.it\\\/#website\"},\"primaryImageOfPage\":{\"@id\":\"https:\\\/\\\/www.bellunopress.it\\\/2022\\\/09\\\/12\\\/un-airone-a-venezia-anna-bellini-presenta-il-suo-ultimo-romanzo-venerdi-alla-libreria-tarantola-di-belluno\\\/#primaryimage\"},\"image\":{\"@id\":\"https:\\\/\\\/www.bellunopress.it\\\/2022\\\/09\\\/12\\\/un-airone-a-venezia-anna-bellini-presenta-il-suo-ultimo-romanzo-venerdi-alla-libreria-tarantola-di-belluno\\\/#primaryimage\"},\"thumbnailUrl\":\"https:\\\/\\\/www.bellunopress.it\\\/wp-content\\\/uploads\\\/2022\\\/09\\\/Un-Airone-a-Venezia-di-Anna-Bellini.jpg\",\"datePublished\":\"2022-09-12T09:08:53+00:00\",\"breadcrumb\":{\"@id\":\"https:\\\/\\\/www.bellunopress.it\\\/2022\\\/09\\\/12\\\/un-airone-a-venezia-anna-bellini-presenta-il-suo-ultimo-romanzo-venerdi-alla-libreria-tarantola-di-belluno\\\/#breadcrumb\"},\"inLanguage\":\"fr-FR\",\"potentialAction\":[{\"@type\":\"ReadAction\",\"target\":[\"https:\\\/\\\/www.bellunopress.it\\\/2022\\\/09\\\/12\\\/un-airone-a-venezia-anna-bellini-presenta-il-suo-ultimo-romanzo-venerdi-alla-libreria-tarantola-di-belluno\\\/\"]}]},{\"@type\":\"ImageObject\",\"inLanguage\":\"fr-FR\",\"@id\":\"https:\\\/\\\/www.bellunopress.it\\\/2022\\\/09\\\/12\\\/un-airone-a-venezia-anna-bellini-presenta-il-suo-ultimo-romanzo-venerdi-alla-libreria-tarantola-di-belluno\\\/#primaryimage\",\"url\":\"https:\\\/\\\/www.bellunopress.it\\\/wp-content\\\/uploads\\\/2022\\\/09\\\/Un-Airone-a-Venezia-di-Anna-Bellini.jpg\",\"contentUrl\":\"https:\\\/\\\/www.bellunopress.it\\\/wp-content\\\/uploads\\\/2022\\\/09\\\/Un-Airone-a-Venezia-di-Anna-Bellini.jpg\",\"width\":536,\"height\":837},{\"@type\":\"BreadcrumbList\",\"@id\":\"https:\\\/\\\/www.bellunopress.it\\\/2022\\\/09\\\/12\\\/un-airone-a-venezia-anna-bellini-presenta-il-suo-ultimo-romanzo-venerdi-alla-libreria-tarantola-di-belluno\\\/#breadcrumb\",\"itemListElement\":[{\"@type\":\"ListItem\",\"position\":1,\"name\":\"Home\",\"item\":\"https:\\\/\\\/www.bellunopress.it\\\/\"},{\"@type\":\"ListItem\",\"position\":2,\"name\":\"Un Airone a Venezia. Anna Bellini presenta il suo ultimo romanzo venerd\u00ec alla libreria Tarantola di Belluno\"}]},{\"@type\":\"WebSite\",\"@id\":\"https:\\\/\\\/www.bellunopress.it\\\/#website\",\"url\":\"https:\\\/\\\/www.bellunopress.it\\\/\",\"name\":\"Bellunopress - Dolomiti\",\"description\":\"e-mail: redazione@bellunopress.it\",\"publisher\":{\"@id\":\"https:\\\/\\\/www.bellunopress.it\\\/#organization\"},\"potentialAction\":[{\"@type\":\"SearchAction\",\"target\":{\"@type\":\"EntryPoint\",\"urlTemplate\":\"https:\\\/\\\/www.bellunopress.it\\\/?s={search_term_string}\"},\"query-input\":{\"@type\":\"PropertyValueSpecification\",\"valueRequired\":true,\"valueName\":\"search_term_string\"}}],\"inLanguage\":\"fr-FR\"},{\"@type\":\"Organization\",\"@id\":\"https:\\\/\\\/www.bellunopress.it\\\/#organization\",\"name\":\"Bellunopress\",\"url\":\"https:\\\/\\\/www.bellunopress.it\\\/\",\"logo\":{\"@type\":\"ImageObject\",\"inLanguage\":\"fr-FR\",\"@id\":\"https:\\\/\\\/www.bellunopress.it\\\/#\\\/schema\\\/logo\\\/image\\\/\",\"url\":\"https:\\\/\\\/www.bellunopress.it\\\/wp-content\\\/uploads\\\/2011\\\/05\\\/cropped-logo-bellunopress-.jpg\",\"contentUrl\":\"https:\\\/\\\/www.bellunopress.it\\\/wp-content\\\/uploads\\\/2011\\\/05\\\/cropped-logo-bellunopress-.jpg\",\"width\":512,\"height\":512,\"caption\":\"Bellunopress\"},\"image\":{\"@id\":\"https:\\\/\\\/www.bellunopress.it\\\/#\\\/schema\\\/logo\\\/image\\\/\"},\"sameAs\":[\"https:\\\/\\\/www.facebook.com\\\/profile.php?id=100008943462799\",\"https:\\\/\\\/x.com\\\/bellunopress\",\"https:\\\/\\\/www.linkedin.com\\\/hp\\\/?dnr=JBzUWaJfMUw8vbXJJ2tVW5-I3jZKvC4wsoxE&amp;amp;amp;amp;amp;amp;trk=nav_responsive_tab_home\",\"https:\\\/\\\/www.youtube.com\\\/channel\\\/UCxL0wu1uN0_3_7hGG0306cw\"]},{\"@type\":\"Person\",\"@id\":\"https:\\\/\\\/www.bellunopress.it\\\/#\\\/schema\\\/person\\\/79bb06722b37ece1c03d3e94beb30d73\",\"name\":\"redazione\",\"image\":{\"@type\":\"ImageObject\",\"inLanguage\":\"fr-FR\",\"@id\":\"https:\\\/\\\/secure.gravatar.com\\\/avatar\\\/37d968a2e67a6fd04c169c4bdef102d0bc5d31b2546345219e348575eb80e9a0?s=96&d=mm&r=g\",\"url\":\"https:\\\/\\\/secure.gravatar.com\\\/avatar\\\/37d968a2e67a6fd04c169c4bdef102d0bc5d31b2546345219e348575eb80e9a0?s=96&d=mm&r=g\",\"contentUrl\":\"https:\\\/\\\/secure.gravatar.com\\\/avatar\\\/37d968a2e67a6fd04c169c4bdef102d0bc5d31b2546345219e348575eb80e9a0?s=96&d=mm&r=g\",\"caption\":\"redazione\"},\"sameAs\":[\"http:\\\/\\\/www.bellunopress.it\",\"https:\\\/\\\/x.com\\\/bellunopress\"],\"url\":\"https:\\\/\\\/www.bellunopress.it\\\/fr\\\/author\\\/redazione\\\/\"}]}<\/script>\n<!-- \/ Yoast SEO plugin. -->","yoast_head_json":{"title":"Un Airone a Venezia. Anna Bellini presenta il suo ultimo romanzo venerd\u00ec alla libreria Tarantola di Belluno - Bellunopress - Dolomiti","robots":{"index":"index","follow":"follow","max-snippet":"max-snippet:-1","max-image-preview":"max-image-preview:large","max-video-preview":"max-video-preview:-1"},"canonical":"https:\/\/www.bellunopress.it\/fr\/2022\/09\/12\/un-airone-a-venezia-anna-bellini-presenta-il-suo-ultimo-romanzo-venerdi-alla-libreria-tarantola-di-belluno\/","og_locale":"fr_FR","og_type":"article","og_title":"Un Airone a Venezia. Anna Bellini presenta il suo ultimo romanzo venerd\u00ec alla libreria Tarantola di Belluno - Bellunopress - Dolomiti","og_description":"Venerd\u00ec 16 settembre alle ore 18:00 alla Libreria Tarantola di Belluno si terr\u00e0 la presentazione del romanzo \u201cUn Airone a Venezia\u201d di Anna Bellini. E\u2019 la storia di un amore perduto della protagonista Chiara, che ripercorre i luoghi dove tutto \u00e8 accaduto. Il romanzo, dai tratti surreali dove realt\u00e0 e finzione letteraria si fondono, \u00e8 [&hellip;]","og_url":"https:\/\/www.bellunopress.it\/fr\/2022\/09\/12\/un-airone-a-venezia-anna-bellini-presenta-il-suo-ultimo-romanzo-venerdi-alla-libreria-tarantola-di-belluno\/","og_site_name":"Bellunopress - Dolomiti","article_publisher":"https:\/\/www.facebook.com\/profile.php?id=100008943462799","article_published_time":"2022-09-12T09:08:53+00:00","og_image":[{"width":536,"height":837,"url":"https:\/\/www.bellunopress.it\/wp-content\/uploads\/2022\/09\/Un-Airone-a-Venezia-di-Anna-Bellini.jpg","type":"image\/jpeg"}],"author":"redazione","twitter_card":"summary_large_image","twitter_creator":"@bellunopress","twitter_site":"@bellunopress","twitter_misc":{"\u00c9crit par":"redazione","Dur\u00e9e de lecture estim\u00e9e":"1 minute"},"schema":{"@context":"https:\/\/schema.org","@graph":[{"@type":"Article","@id":"https:\/\/www.bellunopress.it\/2022\/09\/12\/un-airone-a-venezia-anna-bellini-presenta-il-suo-ultimo-romanzo-venerdi-alla-libreria-tarantola-di-belluno\/#article","isPartOf":{"@id":"https:\/\/www.bellunopress.it\/2022\/09\/12\/un-airone-a-venezia-anna-bellini-presenta-il-suo-ultimo-romanzo-venerdi-alla-libreria-tarantola-di-belluno\/"},"author":{"name":"redazione","@id":"https:\/\/www.bellunopress.it\/#\/schema\/person\/79bb06722b37ece1c03d3e94beb30d73"},"headline":"Un Airone a Venezia. Anna Bellini presenta il suo ultimo romanzo venerd\u00ec alla libreria Tarantola di Belluno","datePublished":"2022-09-12T09:08:53+00:00","mainEntityOfPage":{"@id":"https:\/\/www.bellunopress.it\/2022\/09\/12\/un-airone-a-venezia-anna-bellini-presenta-il-suo-ultimo-romanzo-venerdi-alla-libreria-tarantola-di-belluno\/"},"wordCount":135,"publisher":{"@id":"https:\/\/www.bellunopress.it\/#organization"},"image":{"@id":"https:\/\/www.bellunopress.it\/2022\/09\/12\/un-airone-a-venezia-anna-bellini-presenta-il-suo-ultimo-romanzo-venerdi-alla-libreria-tarantola-di-belluno\/#primaryimage"},"thumbnailUrl":"https:\/\/www.bellunopress.it\/wp-content\/uploads\/2022\/09\/Un-Airone-a-Venezia-di-Anna-Bellini.jpg","keywords":["Anna Bellini","Un Airone a Venezia"],"articleSection":["Appuntamenti, Eventi","Arte, Cultura, Spettacoli, Scienza","Pausa Caff\u00e8"],"inLanguage":"fr-FR"},{"@type":"WebPage","@id":"https:\/\/www.bellunopress.it\/2022\/09\/12\/un-airone-a-venezia-anna-bellini-presenta-il-suo-ultimo-romanzo-venerdi-alla-libreria-tarantola-di-belluno\/","url":"https:\/\/www.bellunopress.it\/2022\/09\/12\/un-airone-a-venezia-anna-bellini-presenta-il-suo-ultimo-romanzo-venerdi-alla-libreria-tarantola-di-belluno\/","name":"Un Airone a Venezia. Anna Bellini presenta il suo ultimo romanzo venerd\u00ec alla libreria Tarantola di Belluno - Bellunopress - Dolomiti","isPartOf":{"@id":"https:\/\/www.bellunopress.it\/#website"},"primaryImageOfPage":{"@id":"https:\/\/www.bellunopress.it\/2022\/09\/12\/un-airone-a-venezia-anna-bellini-presenta-il-suo-ultimo-romanzo-venerdi-alla-libreria-tarantola-di-belluno\/#primaryimage"},"image":{"@id":"https:\/\/www.bellunopress.it\/2022\/09\/12\/un-airone-a-venezia-anna-bellini-presenta-il-suo-ultimo-romanzo-venerdi-alla-libreria-tarantola-di-belluno\/#primaryimage"},"thumbnailUrl":"https:\/\/www.bellunopress.it\/wp-content\/uploads\/2022\/09\/Un-Airone-a-Venezia-di-Anna-Bellini.jpg","datePublished":"2022-09-12T09:08:53+00:00","breadcrumb":{"@id":"https:\/\/www.bellunopress.it\/2022\/09\/12\/un-airone-a-venezia-anna-bellini-presenta-il-suo-ultimo-romanzo-venerdi-alla-libreria-tarantola-di-belluno\/#breadcrumb"},"inLanguage":"fr-FR","potentialAction":[{"@type":"ReadAction","target":["https:\/\/www.bellunopress.it\/2022\/09\/12\/un-airone-a-venezia-anna-bellini-presenta-il-suo-ultimo-romanzo-venerdi-alla-libreria-tarantola-di-belluno\/"]}]},{"@type":"ImageObject","inLanguage":"fr-FR","@id":"https:\/\/www.bellunopress.it\/2022\/09\/12\/un-airone-a-venezia-anna-bellini-presenta-il-suo-ultimo-romanzo-venerdi-alla-libreria-tarantola-di-belluno\/#primaryimage","url":"https:\/\/www.bellunopress.it\/wp-content\/uploads\/2022\/09\/Un-Airone-a-Venezia-di-Anna-Bellini.jpg","contentUrl":"https:\/\/www.bellunopress.it\/wp-content\/uploads\/2022\/09\/Un-Airone-a-Venezia-di-Anna-Bellini.jpg","width":536,"height":837},{"@type":"BreadcrumbList","@id":"https:\/\/www.bellunopress.it\/2022\/09\/12\/un-airone-a-venezia-anna-bellini-presenta-il-suo-ultimo-romanzo-venerdi-alla-libreria-tarantola-di-belluno\/#breadcrumb","itemListElement":[{"@type":"ListItem","position":1,"name":"Home","item":"https:\/\/www.bellunopress.it\/"},{"@type":"ListItem","position":2,"name":"Un Airone a Venezia. Anna Bellini presenta il suo ultimo romanzo venerd\u00ec alla libreria Tarantola di Belluno"}]},{"@type":"WebSite","@id":"https:\/\/www.bellunopress.it\/#website","url":"https:\/\/www.bellunopress.it\/","name":"Bellunopress - Dolomiti","description":"e-mail: redazione@bellunopress.it","publisher":{"@id":"https:\/\/www.bellunopress.it\/#organization"},"potentialAction":[{"@type":"SearchAction","target":{"@type":"EntryPoint","urlTemplate":"https:\/\/www.bellunopress.it\/?s={search_term_string}"},"query-input":{"@type":"PropertyValueSpecification","valueRequired":true,"valueName":"search_term_string"}}],"inLanguage":"fr-FR"},{"@type":"Organization","@id":"https:\/\/www.bellunopress.it\/#organization","name":"Bellunopress","url":"https:\/\/www.bellunopress.it\/","logo":{"@type":"ImageObject","inLanguage":"fr-FR","@id":"https:\/\/www.bellunopress.it\/#\/schema\/logo\/image\/","url":"https:\/\/www.bellunopress.it\/wp-content\/uploads\/2011\/05\/cropped-logo-bellunopress-.jpg","contentUrl":"https:\/\/www.bellunopress.it\/wp-content\/uploads\/2011\/05\/cropped-logo-bellunopress-.jpg","width":512,"height":512,"caption":"Bellunopress"},"image":{"@id":"https:\/\/www.bellunopress.it\/#\/schema\/logo\/image\/"},"sameAs":["https:\/\/www.facebook.com\/profile.php?id=100008943462799","https:\/\/x.com\/bellunopress","https:\/\/www.linkedin.com\/hp\/?dnr=JBzUWaJfMUw8vbXJJ2tVW5-I3jZKvC4wsoxE&amp;amp;amp;amp;amp;amp;trk=nav_responsive_tab_home","https:\/\/www.youtube.com\/channel\/UCxL0wu1uN0_3_7hGG0306cw"]},{"@type":"Person","@id":"https:\/\/www.bellunopress.it\/#\/schema\/person\/79bb06722b37ece1c03d3e94beb30d73","name":"r\u00e9daction","image":{"@type":"ImageObject","inLanguage":"fr-FR","@id":"https:\/\/secure.gravatar.com\/avatar\/37d968a2e67a6fd04c169c4bdef102d0bc5d31b2546345219e348575eb80e9a0?s=96&d=mm&r=g","url":"https:\/\/secure.gravatar.com\/avatar\/37d968a2e67a6fd04c169c4bdef102d0bc5d31b2546345219e348575eb80e9a0?s=96&d=mm&r=g","contentUrl":"https:\/\/secure.gravatar.com\/avatar\/37d968a2e67a6fd04c169c4bdef102d0bc5d31b2546345219e348575eb80e9a0?s=96&d=mm&r=g","caption":"redazione"},"sameAs":["http:\/\/www.bellunopress.it","https:\/\/x.com\/bellunopress"],"url":"https:\/\/www.bellunopress.it\/fr\/author\/redazione\/"}]}},"_links":{"self":[{"href":"https:\/\/www.bellunopress.it\/fr\/wp-json\/wp\/v2\/posts\/136363","targetHints":{"allow":["GET"]}}],"collection":[{"href":"https:\/\/www.bellunopress.it\/fr\/wp-json\/wp\/v2\/posts"}],"about":[{"href":"https:\/\/www.bellunopress.it\/fr\/wp-json\/wp\/v2\/types\/post"}],"author":[{"embeddable":true,"href":"https:\/\/www.bellunopress.it\/fr\/wp-json\/wp\/v2\/users\/2"}],"replies":[{"embeddable":true,"href":"https:\/\/www.bellunopress.it\/fr\/wp-json\/wp\/v2\/comments?post=136363"}],"version-history":[{"count":1,"href":"https:\/\/www.bellunopress.it\/fr\/wp-json\/wp\/v2\/posts\/136363\/revisions"}],"predecessor-version":[{"id":136365,"href":"https:\/\/www.bellunopress.it\/fr\/wp-json\/wp\/v2\/posts\/136363\/revisions\/136365"}],"wp:featuredmedia":[{"embeddable":true,"href":"https:\/\/www.bellunopress.it\/fr\/wp-json\/wp\/v2\/media\/136364"}],"wp:attachment":[{"href":"https:\/\/www.bellunopress.it\/fr\/wp-json\/wp\/v2\/media?parent=136363"}],"wp:term":[{"taxonomy":"category","embeddable":true,"href":"https:\/\/www.bellunopress.it\/fr\/wp-json\/wp\/v2\/categories?post=136363"},{"taxonomy":"post_tag","embeddable":true,"href":"https:\/\/www.bellunopress.it\/fr\/wp-json\/wp\/v2\/tags?post=136363"}],"curies":[{"name":"wp","href":"https:\/\/api.w.org\/{rel}","templated":true}]}}