{"id":136339,"date":"2022-09-09T17:09:33","date_gmt":"2022-09-09T15:09:33","guid":{"rendered":"https:\/\/www.bellunopress.it\/?p=136339"},"modified":"2022-09-09T17:09:33","modified_gmt":"2022-09-09T15:09:33","slug":"siglato-il-contratto-di-servizio-del-tpl-tra-provincia-e-dolomitibus-sara-attivo-dal-2023","status":"publish","type":"post","link":"https:\/\/www.bellunopress.it\/fr\/2022\/09\/09\/siglato-il-contratto-di-servizio-del-tpl-tra-provincia-e-dolomitibus-sara-attivo-dal-2023\/","title":{"rendered":"Siglato il contratto di servizio del tpl tra Provincia e Dolomitibus: sar\u00e0 attivo dal 2023"},"content":{"rendered":"<p><em><strong>Padrin: \u00abSi conclude il lungo iter della gara. Ora puntiamo a offrire un trasporto pubblico sempre pi\u00f9 efficiente e sostenibile\u00bb<\/strong><\/em><\/p>\n<figure id=\"attachment_132392\" aria-describedby=\"caption-attachment-132392\" style=\"width: 1000px\" class=\"wp-caption alignleft\"><img loading=\"lazy\" decoding=\"async\" class=\"size-full wp-image-132392\" src=\"https:\/\/www.bellunopress.it\/wp-content\/uploads\/2022\/03\/Roberto-Padrin_edited.jpg\" alt=\"\" width=\"1000\" height=\"704\" srcset=\"https:\/\/www.bellunopress.it\/wp-content\/uploads\/2022\/03\/Roberto-Padrin_edited.jpg 1000w, https:\/\/www.bellunopress.it\/wp-content\/uploads\/2022\/03\/Roberto-Padrin_edited-500x352.jpg 500w, https:\/\/www.bellunopress.it\/wp-content\/uploads\/2022\/03\/Roberto-Padrin_edited-696x490.jpg 696w, https:\/\/www.bellunopress.it\/wp-content\/uploads\/2022\/03\/Roberto-Padrin_edited-597x420.jpg 597w, https:\/\/www.bellunopress.it\/wp-content\/uploads\/2022\/03\/Roberto-Padrin_edited-100x70.jpg 100w\" sizes=\"auto, (max-width: 1000px) 100vw, 1000px\" \/><figcaption id=\"caption-attachment-132392\" class=\"wp-caption-text\">Roberto Padrin, presidente della Provincia<\/figcaption><\/figure>\n<p>Provincia di Belluno e Dolomitibus hanno sottoscritto oggi il contratto di servizio per la concessione di esercizio del trasporto pubblico locale. Si tratta di uno degli ultimi atti della gara del tpl, che ha richiesto un lungo iter procedurale. Il contratto sar\u00e0 attivo dal 1\u00b0 gennaio 2023 e avr\u00e0 validit\u00e0 di nove anni. Riguarda il servizio tpl extraurbano e urbano (di Belluno, Feltre, Auronzo, Cortina e Pieve di Cadore); e nella fase transitoria &#8211; da qui al 2023 &#8211; sono previsti alcuni passaggi formali, tra cui il subentro di Dolomitibus in Seam (Servizi Ampezzo, la societ\u00e0 municipale che si occupa anche del trasporto pubblico urbano).<\/p>\n<p>\u00abIl passaggio di oggi \u00e8 in qualche modo storico: conclude il lungo iter della gara del tpl avviata ancora nel 2017\u00bb commenta Roberto Padrin, presidente della Provincia di Belluno. \u00abOra, contando sulla lunga esperienza maturata da Dolomitibus nel nostro territorio e sulla professionalit\u00e0 e sull&#8217;impegno dei lavoratori, dobbiamo continuare un servizio che negli anni ha sempre avuto buoni standard qualitativi. E vogliamo puntare a offrire un trasporto pubblico sempre pi\u00f9 efficiente e sostenibile, anche in vista degli appuntamenti mondiali che si profilano all&#8217;orizzonte. In una provincia di montagna, il trasporto pubblico deve rispondere a esigenze quotidiane non di facile gestione &#8211; lavoratori, pendolari e studenti &#8211; e stagionali legate al turismo, ma ha anche il dovere di garantire quella sostenibilit\u00e0 che la cura, la promozione e la tutela del paesaggio Dolomiti Unesco ci impone\u00bb.<\/p>\n<p>Il contratto di servizio prevede alcuni obblighi e impegni per l&#8217;affidatario Dolomitibus, tra cui l&#8217;attivazione della Direzione Innovazione, che avr\u00e0 il compito di studiare e proporre progetti di sviluppo innovativo nelle modalit\u00e0 di erogazione dei servizi all&#8217;utenza. \u00abSi tratta di una componente che era stata inserita con particolare attenzione nel bando di gara\u00bb sottolinea il consigliere provinciale delegato ai trasporti. \u00abAllo stesso modo tra gli obblighi c&#8217;\u00e8 anche quello di attivare nuovi servizi flessibili e di approvare la &#8220;Carta della qualit\u00e0 del Servizio&#8221;, strumento idoneo a definire e monitorare i livelli qualitativi e quantitativi. Inoltre, viene richiesta l&#8217;attivazione di interventi volti a favorire l&#8217;intermodalit\u00e0, altro tassello fondamentale per un territorio montano, che ha bisogno di integrare sistemi diversi di trasporto\u00bb.<\/p>\n<p>\u00abSiamo consapevoli della carenza di manodopera, che sta causando criticit\u00e0 diffuse in tutte le aziende di trasporto pubblico\u00bb conclude il presidente della Provincia. \u00abCi auguriamo che possa decollare il progetto Academy Dolomitibus, che offre la possibilit\u00e0 a giovani del territorio di avere un posto da autista, con formazione e patente a carico dell&#8217;azienda. Nel frattempo Dolomitibus sta lavorando per garantire il servizio nonostante i numeri in organico mostrino qualche difficolt\u00e0 sul fronte autisti, e quindi ringraziamo chi quotidianamente guida bus e corriere. La vivibilit\u00e0 e la competitivit\u00e0 di un territorio passa anche attraverso la capacit\u00e0 di garantire servizi efficienti e capillari, come previsto in questo contratto di servizio\u00bb.<\/p>","protected":false},"excerpt":{"rendered":"<p>Padrin: \u00abSi conclude il lungo iter della gara. Ora puntiamo a offrire un trasporto pubblico sempre pi\u00f9 efficiente e sostenibile\u00bb Provincia di Belluno e Dolomitibus hanno sottoscritto oggi il contratto di servizio per la concessione di esercizio del trasporto pubblico locale. Si tratta di uno degli ultimi atti della gara del tpl, che ha richiesto [&hellip;]<\/p>\n","protected":false},"author":2,"featured_media":132392,"comment_status":"closed","ping_status":"open","sticky":false,"template":"","format":"standard","meta":{"footnotes":""},"categories":[5,26],"tags":[],"class_list":["post-136339","post","type-post","status-publish","format-standard","has-post-thumbnail","category-cronaca","category-prima-pagina"],"yoast_head":"<!-- This site is optimized with the Yoast SEO plugin v28.4 - https:\/\/yoast.com\/product\/yoast-seo-wordpress\/ -->\n<title>Siglato il contratto di servizio del tpl tra Provincia e Dolomitibus: sar\u00e0 attivo dal 2023 - Bellunopress - Dolomiti<\/title>\n<meta name=\"robots\" content=\"index, follow, max-snippet:-1, max-image-preview:large, max-video-preview:-1\" \/>\n<link rel=\"canonical\" href=\"https:\/\/www.bellunopress.it\/fr\/2022\/09\/09\/siglato-il-contratto-di-servizio-del-tpl-tra-provincia-e-dolomitibus-sara-attivo-dal-2023\/\" \/>\n<meta property=\"og:locale\" content=\"fr_FR\" \/>\n<meta property=\"og:type\" content=\"article\" \/>\n<meta property=\"og:title\" content=\"Siglato il contratto di servizio del tpl tra Provincia e Dolomitibus: sar\u00e0 attivo dal 2023 - Bellunopress - Dolomiti\" \/>\n<meta property=\"og:description\" content=\"Padrin: \u00abSi conclude il lungo iter della gara. Ora puntiamo a offrire un trasporto pubblico sempre pi\u00f9 efficiente e sostenibile\u00bb Provincia di Belluno e Dolomitibus hanno sottoscritto oggi il contratto di servizio per la concessione di esercizio del trasporto pubblico locale. Si tratta di uno degli ultimi atti della gara del tpl, che ha richiesto [&hellip;]\" \/>\n<meta property=\"og:url\" content=\"https:\/\/www.bellunopress.it\/fr\/2022\/09\/09\/siglato-il-contratto-di-servizio-del-tpl-tra-provincia-e-dolomitibus-sara-attivo-dal-2023\/\" \/>\n<meta property=\"og:site_name\" content=\"Bellunopress - Dolomiti\" \/>\n<meta property=\"article:publisher\" content=\"https:\/\/www.facebook.com\/profile.php?id=100008943462799\" \/>\n<meta property=\"article:published_time\" content=\"2022-09-09T15:09:33+00:00\" \/>\n<meta property=\"og:image\" content=\"https:\/\/www.bellunopress.it\/wp-content\/uploads\/2022\/03\/Roberto-Padrin_edited.jpg\" \/>\n\t<meta property=\"og:image:width\" content=\"1000\" \/>\n\t<meta property=\"og:image:height\" content=\"704\" \/>\n\t<meta property=\"og:image:type\" content=\"image\/jpeg\" \/>\n<meta name=\"author\" content=\"redazione\" \/>\n<meta name=\"twitter:card\" content=\"summary_large_image\" \/>\n<meta name=\"twitter:creator\" content=\"@bellunopress\" \/>\n<meta name=\"twitter:site\" content=\"@bellunopress\" \/>\n<meta name=\"twitter:label1\" content=\"\u00c9crit par\" \/>\n\t<meta name=\"twitter:data1\" content=\"redazione\" \/>\n\t<meta name=\"twitter:label2\" content=\"Dur\u00e9e de lecture estim\u00e9e\" \/>\n\t<meta name=\"twitter:data2\" content=\"3 minutes\" \/>\n<script type=\"application\/ld+json\" class=\"yoast-schema-graph\">{\"@context\":\"https:\\\/\\\/schema.org\",\"@graph\":[{\"@type\":\"Article\",\"@id\":\"https:\\\/\\\/www.bellunopress.it\\\/2022\\\/09\\\/09\\\/siglato-il-contratto-di-servizio-del-tpl-tra-provincia-e-dolomitibus-sara-attivo-dal-2023\\\/#article\",\"isPartOf\":{\"@id\":\"https:\\\/\\\/www.bellunopress.it\\\/2022\\\/09\\\/09\\\/siglato-il-contratto-di-servizio-del-tpl-tra-provincia-e-dolomitibus-sara-attivo-dal-2023\\\/\"},\"author\":{\"name\":\"redazione\",\"@id\":\"https:\\\/\\\/www.bellunopress.it\\\/#\\\/schema\\\/person\\\/79bb06722b37ece1c03d3e94beb30d73\"},\"headline\":\"Siglato il contratto di servizio del tpl tra Provincia e Dolomitibus: sar\u00e0 attivo dal 2023\",\"datePublished\":\"2022-09-09T15:09:33+00:00\",\"mainEntityOfPage\":{\"@id\":\"https:\\\/\\\/www.bellunopress.it\\\/2022\\\/09\\\/09\\\/siglato-il-contratto-di-servizio-del-tpl-tra-provincia-e-dolomitibus-sara-attivo-dal-2023\\\/\"},\"wordCount\":516,\"publisher\":{\"@id\":\"https:\\\/\\\/www.bellunopress.it\\\/#organization\"},\"image\":{\"@id\":\"https:\\\/\\\/www.bellunopress.it\\\/2022\\\/09\\\/09\\\/siglato-il-contratto-di-servizio-del-tpl-tra-provincia-e-dolomitibus-sara-attivo-dal-2023\\\/#primaryimage\"},\"thumbnailUrl\":\"https:\\\/\\\/www.bellunopress.it\\\/wp-content\\\/uploads\\\/2022\\\/03\\\/Roberto-Padrin_edited.jpg\",\"articleSection\":[\"Cronaca\\\/Politica\",\"Prima Pagina\"],\"inLanguage\":\"fr-FR\"},{\"@type\":\"WebPage\",\"@id\":\"https:\\\/\\\/www.bellunopress.it\\\/2022\\\/09\\\/09\\\/siglato-il-contratto-di-servizio-del-tpl-tra-provincia-e-dolomitibus-sara-attivo-dal-2023\\\/\",\"url\":\"https:\\\/\\\/www.bellunopress.it\\\/2022\\\/09\\\/09\\\/siglato-il-contratto-di-servizio-del-tpl-tra-provincia-e-dolomitibus-sara-attivo-dal-2023\\\/\",\"name\":\"Siglato il contratto di servizio del tpl tra Provincia e Dolomitibus: sar\u00e0 attivo dal 2023 - Bellunopress - Dolomiti\",\"isPartOf\":{\"@id\":\"https:\\\/\\\/www.bellunopress.it\\\/#website\"},\"primaryImageOfPage\":{\"@id\":\"https:\\\/\\\/www.bellunopress.it\\\/2022\\\/09\\\/09\\\/siglato-il-contratto-di-servizio-del-tpl-tra-provincia-e-dolomitibus-sara-attivo-dal-2023\\\/#primaryimage\"},\"image\":{\"@id\":\"https:\\\/\\\/www.bellunopress.it\\\/2022\\\/09\\\/09\\\/siglato-il-contratto-di-servizio-del-tpl-tra-provincia-e-dolomitibus-sara-attivo-dal-2023\\\/#primaryimage\"},\"thumbnailUrl\":\"https:\\\/\\\/www.bellunopress.it\\\/wp-content\\\/uploads\\\/2022\\\/03\\\/Roberto-Padrin_edited.jpg\",\"datePublished\":\"2022-09-09T15:09:33+00:00\",\"breadcrumb\":{\"@id\":\"https:\\\/\\\/www.bellunopress.it\\\/2022\\\/09\\\/09\\\/siglato-il-contratto-di-servizio-del-tpl-tra-provincia-e-dolomitibus-sara-attivo-dal-2023\\\/#breadcrumb\"},\"inLanguage\":\"fr-FR\",\"potentialAction\":[{\"@type\":\"ReadAction\",\"target\":[\"https:\\\/\\\/www.bellunopress.it\\\/2022\\\/09\\\/09\\\/siglato-il-contratto-di-servizio-del-tpl-tra-provincia-e-dolomitibus-sara-attivo-dal-2023\\\/\"]}]},{\"@type\":\"ImageObject\",\"inLanguage\":\"fr-FR\",\"@id\":\"https:\\\/\\\/www.bellunopress.it\\\/2022\\\/09\\\/09\\\/siglato-il-contratto-di-servizio-del-tpl-tra-provincia-e-dolomitibus-sara-attivo-dal-2023\\\/#primaryimage\",\"url\":\"https:\\\/\\\/www.bellunopress.it\\\/wp-content\\\/uploads\\\/2022\\\/03\\\/Roberto-Padrin_edited.jpg\",\"contentUrl\":\"https:\\\/\\\/www.bellunopress.it\\\/wp-content\\\/uploads\\\/2022\\\/03\\\/Roberto-Padrin_edited.jpg\",\"width\":1000,\"height\":704,\"caption\":\"Roberto Padrin, presidente della Provincia\"},{\"@type\":\"BreadcrumbList\",\"@id\":\"https:\\\/\\\/www.bellunopress.it\\\/2022\\\/09\\\/09\\\/siglato-il-contratto-di-servizio-del-tpl-tra-provincia-e-dolomitibus-sara-attivo-dal-2023\\\/#breadcrumb\",\"itemListElement\":[{\"@type\":\"ListItem\",\"position\":1,\"name\":\"Home\",\"item\":\"https:\\\/\\\/www.bellunopress.it\\\/\"},{\"@type\":\"ListItem\",\"position\":2,\"name\":\"Siglato il contratto di servizio del tpl tra Provincia e Dolomitibus: sar\u00e0 attivo dal 2023\"}]},{\"@type\":\"WebSite\",\"@id\":\"https:\\\/\\\/www.bellunopress.it\\\/#website\",\"url\":\"https:\\\/\\\/www.bellunopress.it\\\/\",\"name\":\"Bellunopress - Dolomiti\",\"description\":\"e-mail: redazione@bellunopress.it\",\"publisher\":{\"@id\":\"https:\\\/\\\/www.bellunopress.it\\\/#organization\"},\"potentialAction\":[{\"@type\":\"SearchAction\",\"target\":{\"@type\":\"EntryPoint\",\"urlTemplate\":\"https:\\\/\\\/www.bellunopress.it\\\/?s={search_term_string}\"},\"query-input\":{\"@type\":\"PropertyValueSpecification\",\"valueRequired\":true,\"valueName\":\"search_term_string\"}}],\"inLanguage\":\"fr-FR\"},{\"@type\":\"Organization\",\"@id\":\"https:\\\/\\\/www.bellunopress.it\\\/#organization\",\"name\":\"Bellunopress\",\"url\":\"https:\\\/\\\/www.bellunopress.it\\\/\",\"logo\":{\"@type\":\"ImageObject\",\"inLanguage\":\"fr-FR\",\"@id\":\"https:\\\/\\\/www.bellunopress.it\\\/#\\\/schema\\\/logo\\\/image\\\/\",\"url\":\"https:\\\/\\\/www.bellunopress.it\\\/wp-content\\\/uploads\\\/2011\\\/05\\\/cropped-logo-bellunopress-.jpg\",\"contentUrl\":\"https:\\\/\\\/www.bellunopress.it\\\/wp-content\\\/uploads\\\/2011\\\/05\\\/cropped-logo-bellunopress-.jpg\",\"width\":512,\"height\":512,\"caption\":\"Bellunopress\"},\"image\":{\"@id\":\"https:\\\/\\\/www.bellunopress.it\\\/#\\\/schema\\\/logo\\\/image\\\/\"},\"sameAs\":[\"https:\\\/\\\/www.facebook.com\\\/profile.php?id=100008943462799\",\"https:\\\/\\\/x.com\\\/bellunopress\",\"https:\\\/\\\/www.linkedin.com\\\/hp\\\/?dnr=JBzUWaJfMUw8vbXJJ2tVW5-I3jZKvC4wsoxE&amp;amp;amp;amp;amp;amp;trk=nav_responsive_tab_home\",\"https:\\\/\\\/www.youtube.com\\\/channel\\\/UCxL0wu1uN0_3_7hGG0306cw\"]},{\"@type\":\"Person\",\"@id\":\"https:\\\/\\\/www.bellunopress.it\\\/#\\\/schema\\\/person\\\/79bb06722b37ece1c03d3e94beb30d73\",\"name\":\"redazione\",\"image\":{\"@type\":\"ImageObject\",\"inLanguage\":\"fr-FR\",\"@id\":\"https:\\\/\\\/secure.gravatar.com\\\/avatar\\\/37d968a2e67a6fd04c169c4bdef102d0bc5d31b2546345219e348575eb80e9a0?s=96&d=mm&r=g\",\"url\":\"https:\\\/\\\/secure.gravatar.com\\\/avatar\\\/37d968a2e67a6fd04c169c4bdef102d0bc5d31b2546345219e348575eb80e9a0?s=96&d=mm&r=g\",\"contentUrl\":\"https:\\\/\\\/secure.gravatar.com\\\/avatar\\\/37d968a2e67a6fd04c169c4bdef102d0bc5d31b2546345219e348575eb80e9a0?s=96&d=mm&r=g\",\"caption\":\"redazione\"},\"sameAs\":[\"http:\\\/\\\/www.bellunopress.it\",\"https:\\\/\\\/x.com\\\/bellunopress\"],\"url\":\"https:\\\/\\\/www.bellunopress.it\\\/fr\\\/author\\\/redazione\\\/\"}]}<\/script>\n<!-- \/ Yoast SEO plugin. -->","yoast_head_json":{"title":"Siglato il contratto di servizio del tpl tra Provincia e Dolomitibus: sar\u00e0 attivo dal 2023 - Bellunopress - Dolomiti","robots":{"index":"index","follow":"follow","max-snippet":"max-snippet:-1","max-image-preview":"max-image-preview:large","max-video-preview":"max-video-preview:-1"},"canonical":"https:\/\/www.bellunopress.it\/fr\/2022\/09\/09\/siglato-il-contratto-di-servizio-del-tpl-tra-provincia-e-dolomitibus-sara-attivo-dal-2023\/","og_locale":"fr_FR","og_type":"article","og_title":"Siglato il contratto di servizio del tpl tra Provincia e Dolomitibus: sar\u00e0 attivo dal 2023 - Bellunopress - Dolomiti","og_description":"Padrin: \u00abSi conclude il lungo iter della gara. Ora puntiamo a offrire un trasporto pubblico sempre pi\u00f9 efficiente e sostenibile\u00bb Provincia di Belluno e Dolomitibus hanno sottoscritto oggi il contratto di servizio per la concessione di esercizio del trasporto pubblico locale. Si tratta di uno degli ultimi atti della gara del tpl, che ha richiesto [&hellip;]","og_url":"https:\/\/www.bellunopress.it\/fr\/2022\/09\/09\/siglato-il-contratto-di-servizio-del-tpl-tra-provincia-e-dolomitibus-sara-attivo-dal-2023\/","og_site_name":"Bellunopress - Dolomiti","article_publisher":"https:\/\/www.facebook.com\/profile.php?id=100008943462799","article_published_time":"2022-09-09T15:09:33+00:00","og_image":[{"width":1000,"height":704,"url":"https:\/\/www.bellunopress.it\/wp-content\/uploads\/2022\/03\/Roberto-Padrin_edited.jpg","type":"image\/jpeg"}],"author":"redazione","twitter_card":"summary_large_image","twitter_creator":"@bellunopress","twitter_site":"@bellunopress","twitter_misc":{"\u00c9crit par":"redazione","Dur\u00e9e de lecture estim\u00e9e":"3 minutes"},"schema":{"@context":"https:\/\/schema.org","@graph":[{"@type":"Article","@id":"https:\/\/www.bellunopress.it\/2022\/09\/09\/siglato-il-contratto-di-servizio-del-tpl-tra-provincia-e-dolomitibus-sara-attivo-dal-2023\/#article","isPartOf":{"@id":"https:\/\/www.bellunopress.it\/2022\/09\/09\/siglato-il-contratto-di-servizio-del-tpl-tra-provincia-e-dolomitibus-sara-attivo-dal-2023\/"},"author":{"name":"redazione","@id":"https:\/\/www.bellunopress.it\/#\/schema\/person\/79bb06722b37ece1c03d3e94beb30d73"},"headline":"Siglato il contratto di servizio del tpl tra Provincia e Dolomitibus: sar\u00e0 attivo dal 2023","datePublished":"2022-09-09T15:09:33+00:00","mainEntityOfPage":{"@id":"https:\/\/www.bellunopress.it\/2022\/09\/09\/siglato-il-contratto-di-servizio-del-tpl-tra-provincia-e-dolomitibus-sara-attivo-dal-2023\/"},"wordCount":516,"publisher":{"@id":"https:\/\/www.bellunopress.it\/#organization"},"image":{"@id":"https:\/\/www.bellunopress.it\/2022\/09\/09\/siglato-il-contratto-di-servizio-del-tpl-tra-provincia-e-dolomitibus-sara-attivo-dal-2023\/#primaryimage"},"thumbnailUrl":"https:\/\/www.bellunopress.it\/wp-content\/uploads\/2022\/03\/Roberto-Padrin_edited.jpg","articleSection":["Cronaca\/Politica","Prima Pagina"],"inLanguage":"fr-FR"},{"@type":"WebPage","@id":"https:\/\/www.bellunopress.it\/2022\/09\/09\/siglato-il-contratto-di-servizio-del-tpl-tra-provincia-e-dolomitibus-sara-attivo-dal-2023\/","url":"https:\/\/www.bellunopress.it\/2022\/09\/09\/siglato-il-contratto-di-servizio-del-tpl-tra-provincia-e-dolomitibus-sara-attivo-dal-2023\/","name":"Siglato il contratto di servizio del tpl tra Provincia e Dolomitibus: sar\u00e0 attivo dal 2023 - Bellunopress - Dolomiti","isPartOf":{"@id":"https:\/\/www.bellunopress.it\/#website"},"primaryImageOfPage":{"@id":"https:\/\/www.bellunopress.it\/2022\/09\/09\/siglato-il-contratto-di-servizio-del-tpl-tra-provincia-e-dolomitibus-sara-attivo-dal-2023\/#primaryimage"},"image":{"@id":"https:\/\/www.bellunopress.it\/2022\/09\/09\/siglato-il-contratto-di-servizio-del-tpl-tra-provincia-e-dolomitibus-sara-attivo-dal-2023\/#primaryimage"},"thumbnailUrl":"https:\/\/www.bellunopress.it\/wp-content\/uploads\/2022\/03\/Roberto-Padrin_edited.jpg","datePublished":"2022-09-09T15:09:33+00:00","breadcrumb":{"@id":"https:\/\/www.bellunopress.it\/2022\/09\/09\/siglato-il-contratto-di-servizio-del-tpl-tra-provincia-e-dolomitibus-sara-attivo-dal-2023\/#breadcrumb"},"inLanguage":"fr-FR","potentialAction":[{"@type":"ReadAction","target":["https:\/\/www.bellunopress.it\/2022\/09\/09\/siglato-il-contratto-di-servizio-del-tpl-tra-provincia-e-dolomitibus-sara-attivo-dal-2023\/"]}]},{"@type":"ImageObject","inLanguage":"fr-FR","@id":"https:\/\/www.bellunopress.it\/2022\/09\/09\/siglato-il-contratto-di-servizio-del-tpl-tra-provincia-e-dolomitibus-sara-attivo-dal-2023\/#primaryimage","url":"https:\/\/www.bellunopress.it\/wp-content\/uploads\/2022\/03\/Roberto-Padrin_edited.jpg","contentUrl":"https:\/\/www.bellunopress.it\/wp-content\/uploads\/2022\/03\/Roberto-Padrin_edited.jpg","width":1000,"height":704,"caption":"Roberto Padrin, presidente della Provincia"},{"@type":"BreadcrumbList","@id":"https:\/\/www.bellunopress.it\/2022\/09\/09\/siglato-il-contratto-di-servizio-del-tpl-tra-provincia-e-dolomitibus-sara-attivo-dal-2023\/#breadcrumb","itemListElement":[{"@type":"ListItem","position":1,"name":"Home","item":"https:\/\/www.bellunopress.it\/"},{"@type":"ListItem","position":2,"name":"Siglato il contratto di servizio del tpl tra Provincia e Dolomitibus: sar\u00e0 attivo dal 2023"}]},{"@type":"WebSite","@id":"https:\/\/www.bellunopress.it\/#website","url":"https:\/\/www.bellunopress.it\/","name":"Bellunopress - Dolomiti","description":"e-mail: redazione@bellunopress.it","publisher":{"@id":"https:\/\/www.bellunopress.it\/#organization"},"potentialAction":[{"@type":"SearchAction","target":{"@type":"EntryPoint","urlTemplate":"https:\/\/www.bellunopress.it\/?s={search_term_string}"},"query-input":{"@type":"PropertyValueSpecification","valueRequired":true,"valueName":"search_term_string"}}],"inLanguage":"fr-FR"},{"@type":"Organization","@id":"https:\/\/www.bellunopress.it\/#organization","name":"Bellunopress","url":"https:\/\/www.bellunopress.it\/","logo":{"@type":"ImageObject","inLanguage":"fr-FR","@id":"https:\/\/www.bellunopress.it\/#\/schema\/logo\/image\/","url":"https:\/\/www.bellunopress.it\/wp-content\/uploads\/2011\/05\/cropped-logo-bellunopress-.jpg","contentUrl":"https:\/\/www.bellunopress.it\/wp-content\/uploads\/2011\/05\/cropped-logo-bellunopress-.jpg","width":512,"height":512,"caption":"Bellunopress"},"image":{"@id":"https:\/\/www.bellunopress.it\/#\/schema\/logo\/image\/"},"sameAs":["https:\/\/www.facebook.com\/profile.php?id=100008943462799","https:\/\/x.com\/bellunopress","https:\/\/www.linkedin.com\/hp\/?dnr=JBzUWaJfMUw8vbXJJ2tVW5-I3jZKvC4wsoxE&amp;amp;amp;amp;amp;amp;trk=nav_responsive_tab_home","https:\/\/www.youtube.com\/channel\/UCxL0wu1uN0_3_7hGG0306cw"]},{"@type":"Person","@id":"https:\/\/www.bellunopress.it\/#\/schema\/person\/79bb06722b37ece1c03d3e94beb30d73","name":"r\u00e9daction","image":{"@type":"ImageObject","inLanguage":"fr-FR","@id":"https:\/\/secure.gravatar.com\/avatar\/37d968a2e67a6fd04c169c4bdef102d0bc5d31b2546345219e348575eb80e9a0?s=96&d=mm&r=g","url":"https:\/\/secure.gravatar.com\/avatar\/37d968a2e67a6fd04c169c4bdef102d0bc5d31b2546345219e348575eb80e9a0?s=96&d=mm&r=g","contentUrl":"https:\/\/secure.gravatar.com\/avatar\/37d968a2e67a6fd04c169c4bdef102d0bc5d31b2546345219e348575eb80e9a0?s=96&d=mm&r=g","caption":"redazione"},"sameAs":["http:\/\/www.bellunopress.it","https:\/\/x.com\/bellunopress"],"url":"https:\/\/www.bellunopress.it\/fr\/author\/redazione\/"}]}},"_links":{"self":[{"href":"https:\/\/www.bellunopress.it\/fr\/wp-json\/wp\/v2\/posts\/136339","targetHints":{"allow":["GET"]}}],"collection":[{"href":"https:\/\/www.bellunopress.it\/fr\/wp-json\/wp\/v2\/posts"}],"about":[{"href":"https:\/\/www.bellunopress.it\/fr\/wp-json\/wp\/v2\/types\/post"}],"author":[{"embeddable":true,"href":"https:\/\/www.bellunopress.it\/fr\/wp-json\/wp\/v2\/users\/2"}],"replies":[{"embeddable":true,"href":"https:\/\/www.bellunopress.it\/fr\/wp-json\/wp\/v2\/comments?post=136339"}],"version-history":[{"count":1,"href":"https:\/\/www.bellunopress.it\/fr\/wp-json\/wp\/v2\/posts\/136339\/revisions"}],"predecessor-version":[{"id":136340,"href":"https:\/\/www.bellunopress.it\/fr\/wp-json\/wp\/v2\/posts\/136339\/revisions\/136340"}],"wp:featuredmedia":[{"embeddable":true,"href":"https:\/\/www.bellunopress.it\/fr\/wp-json\/wp\/v2\/media\/132392"}],"wp:attachment":[{"href":"https:\/\/www.bellunopress.it\/fr\/wp-json\/wp\/v2\/media?parent=136339"}],"wp:term":[{"taxonomy":"category","embeddable":true,"href":"https:\/\/www.bellunopress.it\/fr\/wp-json\/wp\/v2\/categories?post=136339"},{"taxonomy":"post_tag","embeddable":true,"href":"https:\/\/www.bellunopress.it\/fr\/wp-json\/wp\/v2\/tags?post=136339"}],"curies":[{"name":"wp","href":"https:\/\/api.w.org\/{rel}","templated":true}]}}