{"id":136333,"date":"2022-09-09T15:28:25","date_gmt":"2022-09-09T13:28:25","guid":{"rendered":"https:\/\/www.bellunopress.it\/?p=136333"},"modified":"2022-09-09T15:28:25","modified_gmt":"2022-09-09T13:28:25","slug":"festival-vertigini-dal-10-settembre-al-1-ottobre-spazio-hangar11-teatro-comunale-studio-slowmachine","status":"publish","type":"post","link":"https:\/\/www.bellunopress.it\/fr\/2022\/09\/09\/festival-vertigini-dal-10-settembre-al-1-ottobre-spazio-hangar11-teatro-comunale-studio-slowmachine\/","title":{"rendered":"Festival Vertigini, dal 10 settembre al 1\u00b0 ottobre. Spazio Hangar11, Teatro Comunale, Studio SlowMachine"},"content":{"rendered":"<figure id=\"attachment_136334\" aria-describedby=\"caption-attachment-136334\" style=\"width: 1000px\" class=\"wp-caption alignleft\"><img loading=\"lazy\" decoding=\"async\" class=\"size-full wp-image-136334\" src=\"https:\/\/www.bellunopress.it\/wp-content\/uploads\/2022\/09\/Hangar11-Residenze-per-il-futuro_edited.jpg\" alt=\"\" width=\"1000\" height=\"667\" srcset=\"https:\/\/www.bellunopress.it\/wp-content\/uploads\/2022\/09\/Hangar11-Residenze-per-il-futuro_edited.jpg 1000w, https:\/\/www.bellunopress.it\/wp-content\/uploads\/2022\/09\/Hangar11-Residenze-per-il-futuro_edited-500x334.jpg 500w, https:\/\/www.bellunopress.it\/wp-content\/uploads\/2022\/09\/Hangar11-Residenze-per-il-futuro_edited-696x464.jpg 696w, https:\/\/www.bellunopress.it\/wp-content\/uploads\/2022\/09\/Hangar11-Residenze-per-il-futuro_edited-630x420.jpg 630w\" sizes=\"auto, (max-width: 1000px) 100vw, 1000px\" \/><figcaption id=\"caption-attachment-136334\" class=\"wp-caption-text\">Hangar 11<\/figcaption><\/figure>\n<figure id=\"attachment_132354\" aria-describedby=\"caption-attachment-132354\" style=\"width: 1000px\" class=\"wp-caption alignleft\"><img loading=\"lazy\" decoding=\"async\" class=\"size-full wp-image-132354\" src=\"https:\/\/www.bellunopress.it\/wp-content\/uploads\/2022\/03\/teatro-comunale-interni_edited.jpg\" alt=\"\" width=\"1000\" height=\"667\" srcset=\"https:\/\/www.bellunopress.it\/wp-content\/uploads\/2022\/03\/teatro-comunale-interni_edited.jpg 1000w, https:\/\/www.bellunopress.it\/wp-content\/uploads\/2022\/03\/teatro-comunale-interni_edited-500x334.jpg 500w, https:\/\/www.bellunopress.it\/wp-content\/uploads\/2022\/03\/teatro-comunale-interni_edited-696x464.jpg 696w, https:\/\/www.bellunopress.it\/wp-content\/uploads\/2022\/03\/teatro-comunale-interni_edited-630x420.jpg 630w\" sizes=\"auto, (max-width: 1000px) 100vw, 1000px\" \/><figcaption id=\"caption-attachment-132354\" class=\"wp-caption-text\">Teatro Comunale di Belluno<\/figcaption><\/figure>\n<p>Vertigini Festival, il festival di arti performative tra musica, teatro, arte, cinema e tecnologia<br \/>\nBelluno d\u00e0 il via alla quarta edizione di Vertigini Festival, dal 2018 primo e unico festival produttivo di arti performative della provincia veneta, promosso dalla compagnia di produzione nel Teatro di Innovazione e Ricerca SlowMachine.<\/p>\n<p><strong>L\u2019IDEA<\/strong><\/p>\n<p>\u201cIl nome Vertigini, oltre all\u2019evidente volont\u00e0 di legare strettamente il progetto alla citt\u00e0 di Belluno e alle vette che la circondano, deriva da quella strana sensazione che spesso l\u2019arte pu\u00f2 dare nel momento in cui ne si fa esperienza diretta, smarrimento, confusione, attrazione verso il vuoto che molto ha a che fare anche con l\u2019atto dell\u2019esibizione artistica, ma talvolta anche della sua fruizione\u201d.<\/p>\n<p>Questa \u00e8 l\u2019idea che ha dato la luce al primo e unico festival produttivo di arti performative nella Provincia di Belluno nel 2018. Il festival vuole essere un momento di incontro con la sperimentazione artistica, con le compagnie indipendenti e le progettualit\u00e0 innovative. Dove i linguaggi artistici si mescolano e i confini tra musica, arte, teatro, cinema e tecnologia diventano permeabili, pervi e sconfinano in una vertigine.<br \/>\nL\u2019unicit\u00e0 e l\u2019innovativit\u00e0 di Vertigini, per la provincia di Belluno, \u00e8 la sua natura produttiva. Fin dalla sua prima edizione infatti i curatori del festival hanno selezionato dei progetti che sono stati sostenuti e prodotti grazie a risorse proprie. Un passo ulteriore in questa direzione \u00e8 stata la realizzazione nel 2022 del bando \u201cRESIDENZE PER IL FUTURO H11\u201d, volto a selezionare, attraverso un bando pubblico, trasparente e accessibile, i progetti che verrano prodotti con il sostegno di SlowMachine e presentati in forma di studio presso l\u2019Hangar 11.<br \/>\nIl festival, oltre ad una natura culturale articolata su tre aspetti principali: Ospitalit\u00e0, Produzione e Residenze, offre anche Laboratori e Incontri; ha inoltre una forte natura sociale che favorisce l\u2019aggregazione e il confronto. Vertigini \u00e8 un progetto che ha un legame diretto con il territorio, coinvolge artisti e professionisti della Provincia di Belluno e nel 2021 e nel 2022 il festival \u00e8 stato sostenuto dal basso attraverso delle campagne Crowdfunding che hanno coinvolto pi\u00f9 di 150 sostenitori.<\/p>\n<p>Il progetto si \u00e8 fatto notare dalla Fondazione Italia Patria della Bellezza, il cui obiettivo \u00e8 di rimettere al centro il valore della Bellezza, vero Talento del nostro paese, che ha selezionato SlowMachine icon questa motivazione: \u201cDurante questo viaggio abbiamo incontrato molti progetti interessanti. In particolare, SlowMachine, con Vertigini Festival, ha colpito per il legame diretto con il territorio e la capacit\u00e0 di valorizzarlo, attraverso anche il coinvolgimento di artisti e professionisti locali.\u201d, afferma Alessia del Corona, Direttrice della Fondazione.<\/p>\n<p>L\u2019immagine e le grafiche di questa edizione sono state affidate all\u2019artista e grafico bellunese Alberto Merlin.<\/p>\n<p><strong>GLI SPETTACOLI OSPITI DEL 2022:<\/strong><\/p>\n<p>L\u2019edizione 2022 \u00e8 sviluppata seguendo le direzioni sopra descritte dando vita ad un programma volto alla sperimentazione, alla ricerca artistica e l\u2019internazionalizzazione con un\u2019attenzione alle prime regionali.<\/p>\n<p>L\u2019apertura \u00e8 affidata alla compagnia vincitrice del Leone d\u2019argento alla Biennale di Venezia Agrupaci\u00f3n Se\u00f1or Serrano che racconter\u00e0 a bambini tra i 6 e i 12 anni la storia di Prometeo attraverso i famosissimi Lego e un sistema di proiezioni e uso degli oggetti in tempo reale.<br \/>\nA seguire la compagnia torinese Cubo Teatro porter\u00e0 in scena Tito.Fragments, un concerto, una performance teatrale, una video installazione. Protagonisti del lavoro saranno un pianoforte preparato, una tromba, una viola e della musica elettronica che ci accompagneranno attraverso il cuore di uno degli eventi pi\u00f9 significativi della storia europea: la caduta del muro di Berlino.<br \/>\nA chiusura della settimana ci sar\u00e0 lo spettacolo in realt\u00e0 aumentata realizzato da uno degli attori pi\u00f9 acclamati della scena nazionale, Elio Germano che rivisita uno degli autori teatrali italiani pi\u00f9 rivoluzionari: Luigi Pirandello.<br \/>\nInfine nell\u2019ultima settimana verr\u00e0 presentato il \u201cconcerto per gli alberi\u201d PARADISO che ci porter\u00e0 nel ricordo del terremoto del 2016 nelle marche realizzato da LASKA, musicista e sound designer veneto che vanta collaborazioni con i pi\u00f9 importanti gruppi della regione come ANAGOOR, Marco D\u2019Agostin e altri. Infine chiuder\u00e0 il festival il recupero dello spettacolo OTELLO. La costruzione del reale, ideata da Rajeev Badhan che con la sua produzione artistica ha portato SlowMachine ad essere riconosciuta dal Ministero della Cultura all\u2019interno del FUS per il triennio 22-24 come compagnia di Teatro di produzione nell\u2019ambito della innovazione e della sperimentazione.<\/p>\n<p><strong>RESIDENZE PER IL FUTURO-H11 2022<\/strong><\/p>\n<p>Il progetto di residenze di SlowMachine presso l\u2019Hangar11 \u00e8 volto alla produzione di giovani gruppi ed artisti professionisti.<br \/>\n\u00c8 il primo bando di residenze della provincia di Belluno e ha avuto nella sua prima edizione un ottimo riscontro con pi\u00f9 di 30 progetti candidati provenienti dall\u2019Italia e dall\u2019estero. Il curatore del progetto Rajeev Badhan ha selezionato il progetto, Deadline del Croato Andro Manzoni, gi\u00e0 finalista della Biennale Teatro di Venezia sezione College, che prevede l\u2019utilizzo di sensori di movimento per creare un progetto sul tema del \u201cBurn out\u201d lavorativo; e Washing Out della compagnia, gi\u00e0 finalista del premio Scenario, Baladam B-side. L\u2019ultimo progetto in residenza di Rajeev Bahan sar\u00e0 uno studio su Dino Buzzati concentrato sulla sua attivit\u00e0 giornalistica e in particolare sugli articoli di cronaca nera.<br \/>\nTutti i residenti realizzeranno una presentazione aperta al pubblico gratuita nelle serate 10,15 e 24 settembre dopo un periodo di prova e produzione presso l\u2019hangar 11 messo a disposizione, da SlowMachine, attrezzato e con personale tecnico dedicato per un totale di 15 giorni di residenza. Inoltre gli artisti realizzeranno dei workshop aperti al territorio.<\/p>\n<p><strong>Laboratorio \u201cNuove visioni\u201d 13-18 anni<\/strong><\/p>\n<p>Il laboratorio, curato da Rajeev Badhan, vuole dare ai ragazzi l\u2019opportunit\u00e0 di fruire gratuitamente di un progetto innovativo e stimolante come il Festival di arti performative Vertigini.<br \/>\nI ragazzi verranno inseriti in modo globale e attivo all\u2019interno del festival: seguiranno due incontri, uno all\u2019inizio e uno alla fine del festival, con il curatore del progetto Rajeev Badhan e assisteranno agli spettacoli come forma educativa e di apprendimento con uno sguardo critico condotto dal curatore.<\/p>\n<p>&nbsp;<\/p>\n<p><strong>PROGRAMMA IN DETTAGLIO CON CREDITI:<\/strong><\/p>\n<p>10\/09 ore 21:00 Hangar11<br \/>\nRestituzione a cura di Manzoni\/Panizza\/Granier<br \/>\nprimo studio del progetto Deadline<br \/>\nPer il progetto \u201cResidenze per il futuro-H11\u201d<br \/>\nDeadline e\u0300 una performance multimediale, che crea una simulazione del \u201cburn-out\u201d sul palco. Una ricerca che si ispira all&#8217;idea del &#8220;corpo docile&#8221;, termine tratto dal libro di Michel Foucault &#8220;Disciplina e punizione&#8221; e condotta da interviste a diverse persone che hanno vissuto il burn-out.<br \/>\nIngresso libero su prenotazione<br \/>\n11\/09 Studio SlowMachine<br \/>\nWorkshop a cura di Manzoni\/Panizza\/Granier<\/p>\n<p>Domenica 11 settembre ore 16:30 e 18:30 &#8211; Hangar11<br \/>\nOlympus Kids &#8211; PROMETHEUS<br \/>\nAgrupaci\u00f3n Se\u00f1or Serrano<br \/>\nTeatro di figura e video &#8211; prima regionale<\/p>\n<p>Dai 6 ai 12 anni (Accesso non consentito agli adulti)<\/p>\n<p>Prometheus \u00e8 uno spettacolo che racconta i miti greci in una versione divertente e contemporanea, si compone di 7 capitoli realizzati attraverso la presenza di un narratore, i personaggi Lego, una videocamera in diretta e risorse online.<br \/>\nLavoro creato da Agrupaci\u00f3n Se\u00f1or Serrano, un collettivo di artisti catalani apprezzato in tutta Europa per la sua capacit\u00e0 di dare vita a sorprendenti microuniversi con l\u2019impiego di video, modellini in scala, oggetti, attori e musica dal vivo.<br \/>\nPrometheus cerca di fornire una visione critica e dirompente della mitologia che \u00e8 alla base del nostro sistema culturale attraverso un linguaggio multimediale, vicino e molto diretto.<br \/>\ndi Alex Serrano e Pau Palacios<br \/>\nProduzione Agrupaci\u00f3n Se\u00f1or Serrano \u2013 Barcellona (Spagna) \/ CSS Teatro stabile di innovazione del FVG<\/p>\n<p>15\/09 ore 21:00 Hangar11<br \/>\nRestituzione a cura della compagnia Baladam B-side<br \/>\nprimo studio del progetto Washing Out<br \/>\nPer il progetto \u201cResidenze per il futuro-H11\u201d<\/p>\n<p>\u201cWashing Out\u201d e\u0300 un progetto di sperimentazione performativa che esplora la relazione tra corpo e linguaggio attraverso gli strumenti della danza e del teatro. Washing Out problematizza il linguaggio in quanto strumento di prevaricazione, ma lo esalta in quanto strumento di scambio relazionale e di espressione immaginativa. Washing Out utilizza l&#8217;ironia complessa e scorretta come costante filtro interpretativo della realta\u0300.<br \/>\nIngresso libero su prenotazione<\/p>\n<p>16\/09 (10:30 &#8211; 12:30 \/ 13:30 \u2013 15:30) Studio SlowMachine<br \/>\nWorkshop a cura della compagnia Baladam B-side<\/p>\n<p>Venerd\u00ec 16 settembre ore 21:00 &#8211; Hangar11<br \/>\nTito.fragments \u2013 Cubo Teatro<br \/>\nConcerto visivo &#8211; prima regionale<\/p>\n<p>Tito.fragments \u00e8 un concerto visivo dal vivo basato sul viaggio che l\u2019ensamble di artisti di Cubo Teatro ha fatto attraverso l&#8217;Europa, alla ricerca delle rovine abbandonate dei nostri tempi, \u00e8 un&#8217;indagine sul nostro tempo, a trent&#8217;anni dalla caduta del muro di Berlino. Sono rappresentati gli eventi del 1989, trasmessi trionfalmente dalle televisioni di tutto il mondo, come la fine della storia, il momento in cui il compito dell&#8217;Occidente \u00e8 stato portato a termine e da parziale forza del pianeta \u00e8 diventata l&#8217;intera umanit\u00e0.<br \/>\nTito.fragments \u00e8 un progetto modulare site specific in costante evoluzione, capace trasformare il luogo di rappresentazione in un muro immersivo, un muro pronto a crollare, dove vivono le proiezioni sonore e visive degli orrori e delle vicende della nostra storia recente.<br \/>\nConcept di Girolamo Lucania, Ivan Bert, Riccardo Franco-Loiri<br \/>\ncon<br \/>\nIvan Bert &#8211; Piano e Tromba, Field Recording,<br \/>\nMario Conte &#8211; Electronics &amp; Sound Objects<br \/>\nMarco Benz Gentile &#8211; Viola, Live Electronics<br \/>\nDirezione Visuale Riccardo Franco-Loiri<br \/>\nFonica e Programmazione sonora Pietro Malatesta \/ Alessandro Vendrame<br \/>\nFotografie di Vittorio Mortarotti<\/p>\n<p>Sabato 17 settembre ore 18:00 e 21:30 &#8211; Teatro Comunale<br \/>\nCos\u00ec \u00e8 (o mi pare) Pirandello in VR \u2013 Elio Germano<br \/>\nTeatro e realt\u00e0 virtuale<\/p>\n<p>Un nuovo e assolutamente originale progetto di Elio Germano, la riscrittura per realt\u00e0 virtuale \u2013 tra cinema e teatro \u2013 di Cos\u00ec \u00e8 (se vi pare) di Luigi Pirandello<\/p>\n<p>\u201cLa nuova sfida \u00e8 proprio mettere il pubblico in scena. Passare da essere pubblico distante seduto in platea ad essere all\u2019interno dello spazio scenico\u201d Elio Germano<\/p>\n<p>Il testo del drammaturgo siciliano viene calato nella societ\u00e0 moderna, dove \u201cspiare\u201d l\u2019altro risulta ancora pi\u00f9 semplice grazie all\u2019uso dei social network. Lo spettatore, grazie alla realt\u00e0 virtuale, si trasforma in uno dei protagonisti, che vede e ascolta tutto.<br \/>\nLo spettacolo \u00e8 realizzato in realt\u00e0 virtuale, un nuovo strumento tecnologico, tra cinema e teatro, in grado di porre lo spettatore al centro della scena. Tramite cuffie e visori il pubblico si trover\u00e0 ad essere non pi\u00f9 a teatro ma all\u2019interno del lussuoso appartamento dove si svolge la storia, pi\u00f9 precisamente all\u2019interno del corpo di uno dei personaggi.<br \/>\nAdattamento e regia di Elio Germano<br \/>\nCon: Elio Germano, Gaetano Bruno, Serena Barone, Michele Sinisi, Natalia Magni, Caterina Biasiol, Daniele Parisi, Maria Sole Mansutti, Gioia Salvatori, Marco Ripoldi, Fabrizio Careddu, Davide Grillo, Bruno Valente, Lisio Castiglia, Luisa Bosi, Ivo Romagnoli<br \/>\ne con la partecipazione di Isabella Ragonese e Pippo Di Marca<br \/>\nUn progetto GOLD in coproduzione con Fondazione Teatro della Toscana<\/p>\n<p>Sabato 24 settembre ore 21:00 &#8211; Hangar11<br \/>\nPROGETTO BUZZATI<br \/>\nTeatro contemporaneo<\/p>\n<p>Rajeev Badhan presenta il progetto su la raccolta postuma della produzione giornalistica di articoli di cronaca nera scritti da Dino Buzzati tra il 1929 e il 1971 sul Corriere della sera e il Corriere dell\u2019informazione.<\/p>\n<p>Domenica 25 settembre ore 18:30 &#8211; Hangar11<br \/>\nPARADISO &#8211; LSKA<br \/>\nLive set<\/p>\n<p>Un concerto per gli alberi. Un progetto nato nei paesi delle Marche colpiti dal terremoto del 2016.<br \/>\nProduttore, tecnico del suono, sound designer e videoartista, LSKA lavora con la musica, il sound design, il video e i sistemi interattivi. La sua ricerca ruota attorno alle possibili interazioni tra i media e il rapporto tra suono e immagine. Oltre a produrre e pubblicare le sue produzioni di musica elettronica, scrive e compone musica per il teatro e la danza. Sperimenta anche in ambito video, creando installazioni interattive e performance audiovisive.<\/p>\n<p>Sabato 1 ottobre ore 21:00 \u2013 Teatro Comunale<br \/>\nOtello. La costruzione del reale &#8211; SlowMachine<br \/>\nTeatro contemporaneo<\/p>\n<p>SlowMachine, a partire dall\u2019Otello di W. Shakespeare, gettando uno sguardo alla Cipro contemporanea alle sue contraddizioni politiche e sociali, passando dalla dimensione del virtuale e dei mezzi di comunicazione di massa, vuole indagare con questo nuovo lavoro multimediale, le tecniche di manipolazione della realt\u00e0.<br \/>\nIl reale come fulcro traballante e fragile dove ogni differente punto di vista pu\u00f2 metterne in discussione il significato e dove le nuove tecnologie possono entrare creando un cortocircuito che rende tale concetto ancora pi\u00f9 sfuggente.<br \/>\nRegia di Rajeev Badhan<\/p>\n<p>Per il festival Vertigini SlowMachine aderisce al progetto \u201cCarta Giovani Nazionale\u201d e prevede uno sconto del 10% ai giovani possessori della Carta.<\/p>\n<p>Info, costi e prenotazioni:<br \/>\nwww.slowmachine.org<br \/>\nFb SlowMachine\/Belluno Miraggi<\/p>\n<p>&nbsp;<\/p>","protected":false},"excerpt":{"rendered":"<p>Vertigini Festival, il festival di arti performative tra musica, teatro, arte, cinema e tecnologia Belluno d\u00e0 il via alla quarta edizione di Vertigini Festival, dal 2018 primo e unico festival produttivo di arti performative della provincia veneta, promosso dalla compagnia di produzione nel Teatro di Innovazione e Ricerca SlowMachine. L\u2019IDEA \u201cIl nome Vertigini, oltre all\u2019evidente [&hellip;]<\/p>\n","protected":false},"author":2,"featured_media":136334,"comment_status":"closed","ping_status":"open","sticky":false,"template":"","format":"standard","meta":{"footnotes":""},"categories":[27,3,25],"tags":[],"class_list":["post-136333","post","type-post","status-publish","format-standard","has-post-thumbnail","category-appuntamenti","category-arte-cultura-spettacoli-scienza-archivi","category-pausa-caffe"],"yoast_head":"<!-- This site is optimized with the Yoast SEO plugin v28.4 - https:\/\/yoast.com\/product\/yoast-seo-wordpress\/ -->\n<title>Festival Vertigini, dal 10 settembre al 1\u00b0 ottobre. Spazio Hangar11, Teatro Comunale, Studio SlowMachine - Bellunopress - Dolomiti<\/title>\n<meta name=\"robots\" content=\"index, follow, max-snippet:-1, max-image-preview:large, max-video-preview:-1\" \/>\n<link rel=\"canonical\" href=\"https:\/\/www.bellunopress.it\/fr\/2022\/09\/09\/festival-vertigini-dal-10-settembre-al-1-ottobre-spazio-hangar11-teatro-comunale-studio-slowmachine\/\" \/>\n<meta property=\"og:locale\" content=\"fr_FR\" \/>\n<meta property=\"og:type\" content=\"article\" \/>\n<meta property=\"og:title\" content=\"Festival Vertigini, dal 10 settembre al 1\u00b0 ottobre. Spazio Hangar11, Teatro Comunale, Studio SlowMachine - Bellunopress - Dolomiti\" \/>\n<meta property=\"og:description\" content=\"Vertigini Festival, il festival di arti performative tra musica, teatro, arte, cinema e tecnologia Belluno d\u00e0 il via alla quarta edizione di Vertigini Festival, dal 2018 primo e unico festival produttivo di arti performative della provincia veneta, promosso dalla compagnia di produzione nel Teatro di Innovazione e Ricerca SlowMachine. L\u2019IDEA \u201cIl nome Vertigini, oltre all\u2019evidente [&hellip;]\" \/>\n<meta property=\"og:url\" content=\"https:\/\/www.bellunopress.it\/fr\/2022\/09\/09\/festival-vertigini-dal-10-settembre-al-1-ottobre-spazio-hangar11-teatro-comunale-studio-slowmachine\/\" \/>\n<meta property=\"og:site_name\" content=\"Bellunopress - Dolomiti\" \/>\n<meta property=\"article:publisher\" content=\"https:\/\/www.facebook.com\/profile.php?id=100008943462799\" \/>\n<meta property=\"article:published_time\" content=\"2022-09-09T13:28:25+00:00\" \/>\n<meta property=\"og:image\" content=\"https:\/\/www.bellunopress.it\/wp-content\/uploads\/2022\/09\/Hangar11-Residenze-per-il-futuro_edited.jpg\" \/>\n\t<meta property=\"og:image:width\" content=\"1000\" \/>\n\t<meta property=\"og:image:height\" content=\"667\" \/>\n\t<meta property=\"og:image:type\" content=\"image\/jpeg\" \/>\n<meta name=\"author\" content=\"redazione\" \/>\n<meta name=\"twitter:card\" content=\"summary_large_image\" \/>\n<meta name=\"twitter:creator\" content=\"@bellunopress\" \/>\n<meta name=\"twitter:site\" content=\"@bellunopress\" \/>\n<meta name=\"twitter:label1\" content=\"\u00c9crit par\" \/>\n\t<meta name=\"twitter:data1\" content=\"redazione\" \/>\n\t<meta name=\"twitter:label2\" content=\"Dur\u00e9e de lecture estim\u00e9e\" \/>\n\t<meta name=\"twitter:data2\" content=\"12 minutes\" \/>\n<script type=\"application\/ld+json\" class=\"yoast-schema-graph\">{\"@context\":\"https:\\\/\\\/schema.org\",\"@graph\":[{\"@type\":\"Article\",\"@id\":\"https:\\\/\\\/www.bellunopress.it\\\/2022\\\/09\\\/09\\\/festival-vertigini-dal-10-settembre-al-1-ottobre-spazio-hangar11-teatro-comunale-studio-slowmachine\\\/#article\",\"isPartOf\":{\"@id\":\"https:\\\/\\\/www.bellunopress.it\\\/2022\\\/09\\\/09\\\/festival-vertigini-dal-10-settembre-al-1-ottobre-spazio-hangar11-teatro-comunale-studio-slowmachine\\\/\"},\"author\":{\"name\":\"redazione\",\"@id\":\"https:\\\/\\\/www.bellunopress.it\\\/#\\\/schema\\\/person\\\/79bb06722b37ece1c03d3e94beb30d73\"},\"headline\":\"Festival Vertigini, dal 10 settembre al 1\u00b0 ottobre. Spazio Hangar11, Teatro Comunale, Studio SlowMachine\",\"datePublished\":\"2022-09-09T13:28:25+00:00\",\"mainEntityOfPage\":{\"@id\":\"https:\\\/\\\/www.bellunopress.it\\\/2022\\\/09\\\/09\\\/festival-vertigini-dal-10-settembre-al-1-ottobre-spazio-hangar11-teatro-comunale-studio-slowmachine\\\/\"},\"wordCount\":2035,\"publisher\":{\"@id\":\"https:\\\/\\\/www.bellunopress.it\\\/#organization\"},\"image\":{\"@id\":\"https:\\\/\\\/www.bellunopress.it\\\/2022\\\/09\\\/09\\\/festival-vertigini-dal-10-settembre-al-1-ottobre-spazio-hangar11-teatro-comunale-studio-slowmachine\\\/#primaryimage\"},\"thumbnailUrl\":\"https:\\\/\\\/www.bellunopress.it\\\/wp-content\\\/uploads\\\/2022\\\/09\\\/Hangar11-Residenze-per-il-futuro_edited.jpg\",\"articleSection\":[\"Appuntamenti, Eventi\",\"Arte, Cultura, Spettacoli, Scienza\",\"Pausa Caff\u00e8\"],\"inLanguage\":\"fr-FR\"},{\"@type\":\"WebPage\",\"@id\":\"https:\\\/\\\/www.bellunopress.it\\\/2022\\\/09\\\/09\\\/festival-vertigini-dal-10-settembre-al-1-ottobre-spazio-hangar11-teatro-comunale-studio-slowmachine\\\/\",\"url\":\"https:\\\/\\\/www.bellunopress.it\\\/2022\\\/09\\\/09\\\/festival-vertigini-dal-10-settembre-al-1-ottobre-spazio-hangar11-teatro-comunale-studio-slowmachine\\\/\",\"name\":\"Festival Vertigini, dal 10 settembre al 1\u00b0 ottobre. Spazio Hangar11, Teatro Comunale, Studio SlowMachine - Bellunopress - Dolomiti\",\"isPartOf\":{\"@id\":\"https:\\\/\\\/www.bellunopress.it\\\/#website\"},\"primaryImageOfPage\":{\"@id\":\"https:\\\/\\\/www.bellunopress.it\\\/2022\\\/09\\\/09\\\/festival-vertigini-dal-10-settembre-al-1-ottobre-spazio-hangar11-teatro-comunale-studio-slowmachine\\\/#primaryimage\"},\"image\":{\"@id\":\"https:\\\/\\\/www.bellunopress.it\\\/2022\\\/09\\\/09\\\/festival-vertigini-dal-10-settembre-al-1-ottobre-spazio-hangar11-teatro-comunale-studio-slowmachine\\\/#primaryimage\"},\"thumbnailUrl\":\"https:\\\/\\\/www.bellunopress.it\\\/wp-content\\\/uploads\\\/2022\\\/09\\\/Hangar11-Residenze-per-il-futuro_edited.jpg\",\"datePublished\":\"2022-09-09T13:28:25+00:00\",\"breadcrumb\":{\"@id\":\"https:\\\/\\\/www.bellunopress.it\\\/2022\\\/09\\\/09\\\/festival-vertigini-dal-10-settembre-al-1-ottobre-spazio-hangar11-teatro-comunale-studio-slowmachine\\\/#breadcrumb\"},\"inLanguage\":\"fr-FR\",\"potentialAction\":[{\"@type\":\"ReadAction\",\"target\":[\"https:\\\/\\\/www.bellunopress.it\\\/2022\\\/09\\\/09\\\/festival-vertigini-dal-10-settembre-al-1-ottobre-spazio-hangar11-teatro-comunale-studio-slowmachine\\\/\"]}]},{\"@type\":\"ImageObject\",\"inLanguage\":\"fr-FR\",\"@id\":\"https:\\\/\\\/www.bellunopress.it\\\/2022\\\/09\\\/09\\\/festival-vertigini-dal-10-settembre-al-1-ottobre-spazio-hangar11-teatro-comunale-studio-slowmachine\\\/#primaryimage\",\"url\":\"https:\\\/\\\/www.bellunopress.it\\\/wp-content\\\/uploads\\\/2022\\\/09\\\/Hangar11-Residenze-per-il-futuro_edited.jpg\",\"contentUrl\":\"https:\\\/\\\/www.bellunopress.it\\\/wp-content\\\/uploads\\\/2022\\\/09\\\/Hangar11-Residenze-per-il-futuro_edited.jpg\",\"width\":1000,\"height\":667,\"caption\":\"Hangar 11 - via Tiziano Vecellio 82\\\/N, Belluno\"},{\"@type\":\"BreadcrumbList\",\"@id\":\"https:\\\/\\\/www.bellunopress.it\\\/2022\\\/09\\\/09\\\/festival-vertigini-dal-10-settembre-al-1-ottobre-spazio-hangar11-teatro-comunale-studio-slowmachine\\\/#breadcrumb\",\"itemListElement\":[{\"@type\":\"ListItem\",\"position\":1,\"name\":\"Home\",\"item\":\"https:\\\/\\\/www.bellunopress.it\\\/\"},{\"@type\":\"ListItem\",\"position\":2,\"name\":\"Festival Vertigini, dal 10 settembre al 1\u00b0 ottobre. Spazio Hangar11, Teatro Comunale, Studio SlowMachine\"}]},{\"@type\":\"WebSite\",\"@id\":\"https:\\\/\\\/www.bellunopress.it\\\/#website\",\"url\":\"https:\\\/\\\/www.bellunopress.it\\\/\",\"name\":\"Bellunopress - Dolomiti\",\"description\":\"e-mail: redazione@bellunopress.it\",\"publisher\":{\"@id\":\"https:\\\/\\\/www.bellunopress.it\\\/#organization\"},\"potentialAction\":[{\"@type\":\"SearchAction\",\"target\":{\"@type\":\"EntryPoint\",\"urlTemplate\":\"https:\\\/\\\/www.bellunopress.it\\\/?s={search_term_string}\"},\"query-input\":{\"@type\":\"PropertyValueSpecification\",\"valueRequired\":true,\"valueName\":\"search_term_string\"}}],\"inLanguage\":\"fr-FR\"},{\"@type\":\"Organization\",\"@id\":\"https:\\\/\\\/www.bellunopress.it\\\/#organization\",\"name\":\"Bellunopress\",\"url\":\"https:\\\/\\\/www.bellunopress.it\\\/\",\"logo\":{\"@type\":\"ImageObject\",\"inLanguage\":\"fr-FR\",\"@id\":\"https:\\\/\\\/www.bellunopress.it\\\/#\\\/schema\\\/logo\\\/image\\\/\",\"url\":\"https:\\\/\\\/www.bellunopress.it\\\/wp-content\\\/uploads\\\/2011\\\/05\\\/cropped-logo-bellunopress-.jpg\",\"contentUrl\":\"https:\\\/\\\/www.bellunopress.it\\\/wp-content\\\/uploads\\\/2011\\\/05\\\/cropped-logo-bellunopress-.jpg\",\"width\":512,\"height\":512,\"caption\":\"Bellunopress\"},\"image\":{\"@id\":\"https:\\\/\\\/www.bellunopress.it\\\/#\\\/schema\\\/logo\\\/image\\\/\"},\"sameAs\":[\"https:\\\/\\\/www.facebook.com\\\/profile.php?id=100008943462799\",\"https:\\\/\\\/x.com\\\/bellunopress\",\"https:\\\/\\\/www.linkedin.com\\\/hp\\\/?dnr=JBzUWaJfMUw8vbXJJ2tVW5-I3jZKvC4wsoxE&amp;amp;amp;amp;amp;amp;trk=nav_responsive_tab_home\",\"https:\\\/\\\/www.youtube.com\\\/channel\\\/UCxL0wu1uN0_3_7hGG0306cw\"]},{\"@type\":\"Person\",\"@id\":\"https:\\\/\\\/www.bellunopress.it\\\/#\\\/schema\\\/person\\\/79bb06722b37ece1c03d3e94beb30d73\",\"name\":\"redazione\",\"image\":{\"@type\":\"ImageObject\",\"inLanguage\":\"fr-FR\",\"@id\":\"https:\\\/\\\/secure.gravatar.com\\\/avatar\\\/37d968a2e67a6fd04c169c4bdef102d0bc5d31b2546345219e348575eb80e9a0?s=96&d=mm&r=g\",\"url\":\"https:\\\/\\\/secure.gravatar.com\\\/avatar\\\/37d968a2e67a6fd04c169c4bdef102d0bc5d31b2546345219e348575eb80e9a0?s=96&d=mm&r=g\",\"contentUrl\":\"https:\\\/\\\/secure.gravatar.com\\\/avatar\\\/37d968a2e67a6fd04c169c4bdef102d0bc5d31b2546345219e348575eb80e9a0?s=96&d=mm&r=g\",\"caption\":\"redazione\"},\"sameAs\":[\"http:\\\/\\\/www.bellunopress.it\",\"https:\\\/\\\/x.com\\\/bellunopress\"],\"url\":\"https:\\\/\\\/www.bellunopress.it\\\/fr\\\/author\\\/redazione\\\/\"}]}<\/script>\n<!-- \/ Yoast SEO plugin. -->","yoast_head_json":{"title":"Festival Vertigini, dal 10 settembre al 1\u00b0 ottobre. Spazio Hangar11, Teatro Comunale, Studio SlowMachine - Bellunopress - Dolomiti","robots":{"index":"index","follow":"follow","max-snippet":"max-snippet:-1","max-image-preview":"max-image-preview:large","max-video-preview":"max-video-preview:-1"},"canonical":"https:\/\/www.bellunopress.it\/fr\/2022\/09\/09\/festival-vertigini-dal-10-settembre-al-1-ottobre-spazio-hangar11-teatro-comunale-studio-slowmachine\/","og_locale":"fr_FR","og_type":"article","og_title":"Festival Vertigini, dal 10 settembre al 1\u00b0 ottobre. Spazio Hangar11, Teatro Comunale, Studio SlowMachine - Bellunopress - Dolomiti","og_description":"Vertigini Festival, il festival di arti performative tra musica, teatro, arte, cinema e tecnologia Belluno d\u00e0 il via alla quarta edizione di Vertigini Festival, dal 2018 primo e unico festival produttivo di arti performative della provincia veneta, promosso dalla compagnia di produzione nel Teatro di Innovazione e Ricerca SlowMachine. L\u2019IDEA \u201cIl nome Vertigini, oltre all\u2019evidente [&hellip;]","og_url":"https:\/\/www.bellunopress.it\/fr\/2022\/09\/09\/festival-vertigini-dal-10-settembre-al-1-ottobre-spazio-hangar11-teatro-comunale-studio-slowmachine\/","og_site_name":"Bellunopress - Dolomiti","article_publisher":"https:\/\/www.facebook.com\/profile.php?id=100008943462799","article_published_time":"2022-09-09T13:28:25+00:00","og_image":[{"width":1000,"height":667,"url":"https:\/\/www.bellunopress.it\/wp-content\/uploads\/2022\/09\/Hangar11-Residenze-per-il-futuro_edited.jpg","type":"image\/jpeg"}],"author":"redazione","twitter_card":"summary_large_image","twitter_creator":"@bellunopress","twitter_site":"@bellunopress","twitter_misc":{"\u00c9crit par":"redazione","Dur\u00e9e de lecture estim\u00e9e":"12 minutes"},"schema":{"@context":"https:\/\/schema.org","@graph":[{"@type":"Article","@id":"https:\/\/www.bellunopress.it\/2022\/09\/09\/festival-vertigini-dal-10-settembre-al-1-ottobre-spazio-hangar11-teatro-comunale-studio-slowmachine\/#article","isPartOf":{"@id":"https:\/\/www.bellunopress.it\/2022\/09\/09\/festival-vertigini-dal-10-settembre-al-1-ottobre-spazio-hangar11-teatro-comunale-studio-slowmachine\/"},"author":{"name":"redazione","@id":"https:\/\/www.bellunopress.it\/#\/schema\/person\/79bb06722b37ece1c03d3e94beb30d73"},"headline":"Festival Vertigini, dal 10 settembre al 1\u00b0 ottobre. Spazio Hangar11, Teatro Comunale, Studio SlowMachine","datePublished":"2022-09-09T13:28:25+00:00","mainEntityOfPage":{"@id":"https:\/\/www.bellunopress.it\/2022\/09\/09\/festival-vertigini-dal-10-settembre-al-1-ottobre-spazio-hangar11-teatro-comunale-studio-slowmachine\/"},"wordCount":2035,"publisher":{"@id":"https:\/\/www.bellunopress.it\/#organization"},"image":{"@id":"https:\/\/www.bellunopress.it\/2022\/09\/09\/festival-vertigini-dal-10-settembre-al-1-ottobre-spazio-hangar11-teatro-comunale-studio-slowmachine\/#primaryimage"},"thumbnailUrl":"https:\/\/www.bellunopress.it\/wp-content\/uploads\/2022\/09\/Hangar11-Residenze-per-il-futuro_edited.jpg","articleSection":["Appuntamenti, Eventi","Arte, Cultura, Spettacoli, Scienza","Pausa Caff\u00e8"],"inLanguage":"fr-FR"},{"@type":"WebPage","@id":"https:\/\/www.bellunopress.it\/2022\/09\/09\/festival-vertigini-dal-10-settembre-al-1-ottobre-spazio-hangar11-teatro-comunale-studio-slowmachine\/","url":"https:\/\/www.bellunopress.it\/2022\/09\/09\/festival-vertigini-dal-10-settembre-al-1-ottobre-spazio-hangar11-teatro-comunale-studio-slowmachine\/","name":"Festival Vertigini, dal 10 settembre al 1\u00b0 ottobre. Spazio Hangar11, Teatro Comunale, Studio SlowMachine - Bellunopress - Dolomiti","isPartOf":{"@id":"https:\/\/www.bellunopress.it\/#website"},"primaryImageOfPage":{"@id":"https:\/\/www.bellunopress.it\/2022\/09\/09\/festival-vertigini-dal-10-settembre-al-1-ottobre-spazio-hangar11-teatro-comunale-studio-slowmachine\/#primaryimage"},"image":{"@id":"https:\/\/www.bellunopress.it\/2022\/09\/09\/festival-vertigini-dal-10-settembre-al-1-ottobre-spazio-hangar11-teatro-comunale-studio-slowmachine\/#primaryimage"},"thumbnailUrl":"https:\/\/www.bellunopress.it\/wp-content\/uploads\/2022\/09\/Hangar11-Residenze-per-il-futuro_edited.jpg","datePublished":"2022-09-09T13:28:25+00:00","breadcrumb":{"@id":"https:\/\/www.bellunopress.it\/2022\/09\/09\/festival-vertigini-dal-10-settembre-al-1-ottobre-spazio-hangar11-teatro-comunale-studio-slowmachine\/#breadcrumb"},"inLanguage":"fr-FR","potentialAction":[{"@type":"ReadAction","target":["https:\/\/www.bellunopress.it\/2022\/09\/09\/festival-vertigini-dal-10-settembre-al-1-ottobre-spazio-hangar11-teatro-comunale-studio-slowmachine\/"]}]},{"@type":"ImageObject","inLanguage":"fr-FR","@id":"https:\/\/www.bellunopress.it\/2022\/09\/09\/festival-vertigini-dal-10-settembre-al-1-ottobre-spazio-hangar11-teatro-comunale-studio-slowmachine\/#primaryimage","url":"https:\/\/www.bellunopress.it\/wp-content\/uploads\/2022\/09\/Hangar11-Residenze-per-il-futuro_edited.jpg","contentUrl":"https:\/\/www.bellunopress.it\/wp-content\/uploads\/2022\/09\/Hangar11-Residenze-per-il-futuro_edited.jpg","width":1000,"height":667,"caption":"Hangar 11 - via Tiziano Vecellio 82\/N, Belluno"},{"@type":"BreadcrumbList","@id":"https:\/\/www.bellunopress.it\/2022\/09\/09\/festival-vertigini-dal-10-settembre-al-1-ottobre-spazio-hangar11-teatro-comunale-studio-slowmachine\/#breadcrumb","itemListElement":[{"@type":"ListItem","position":1,"name":"Home","item":"https:\/\/www.bellunopress.it\/"},{"@type":"ListItem","position":2,"name":"Festival Vertigini, dal 10 settembre al 1\u00b0 ottobre. Spazio Hangar11, Teatro Comunale, Studio SlowMachine"}]},{"@type":"WebSite","@id":"https:\/\/www.bellunopress.it\/#website","url":"https:\/\/www.bellunopress.it\/","name":"Bellunopress - Dolomiti","description":"e-mail: redazione@bellunopress.it","publisher":{"@id":"https:\/\/www.bellunopress.it\/#organization"},"potentialAction":[{"@type":"SearchAction","target":{"@type":"EntryPoint","urlTemplate":"https:\/\/www.bellunopress.it\/?s={search_term_string}"},"query-input":{"@type":"PropertyValueSpecification","valueRequired":true,"valueName":"search_term_string"}}],"inLanguage":"fr-FR"},{"@type":"Organization","@id":"https:\/\/www.bellunopress.it\/#organization","name":"Bellunopress","url":"https:\/\/www.bellunopress.it\/","logo":{"@type":"ImageObject","inLanguage":"fr-FR","@id":"https:\/\/www.bellunopress.it\/#\/schema\/logo\/image\/","url":"https:\/\/www.bellunopress.it\/wp-content\/uploads\/2011\/05\/cropped-logo-bellunopress-.jpg","contentUrl":"https:\/\/www.bellunopress.it\/wp-content\/uploads\/2011\/05\/cropped-logo-bellunopress-.jpg","width":512,"height":512,"caption":"Bellunopress"},"image":{"@id":"https:\/\/www.bellunopress.it\/#\/schema\/logo\/image\/"},"sameAs":["https:\/\/www.facebook.com\/profile.php?id=100008943462799","https:\/\/x.com\/bellunopress","https:\/\/www.linkedin.com\/hp\/?dnr=JBzUWaJfMUw8vbXJJ2tVW5-I3jZKvC4wsoxE&amp;amp;amp;amp;amp;amp;trk=nav_responsive_tab_home","https:\/\/www.youtube.com\/channel\/UCxL0wu1uN0_3_7hGG0306cw"]},{"@type":"Person","@id":"https:\/\/www.bellunopress.it\/#\/schema\/person\/79bb06722b37ece1c03d3e94beb30d73","name":"r\u00e9daction","image":{"@type":"ImageObject","inLanguage":"fr-FR","@id":"https:\/\/secure.gravatar.com\/avatar\/37d968a2e67a6fd04c169c4bdef102d0bc5d31b2546345219e348575eb80e9a0?s=96&d=mm&r=g","url":"https:\/\/secure.gravatar.com\/avatar\/37d968a2e67a6fd04c169c4bdef102d0bc5d31b2546345219e348575eb80e9a0?s=96&d=mm&r=g","contentUrl":"https:\/\/secure.gravatar.com\/avatar\/37d968a2e67a6fd04c169c4bdef102d0bc5d31b2546345219e348575eb80e9a0?s=96&d=mm&r=g","caption":"redazione"},"sameAs":["http:\/\/www.bellunopress.it","https:\/\/x.com\/bellunopress"],"url":"https:\/\/www.bellunopress.it\/fr\/author\/redazione\/"}]}},"_links":{"self":[{"href":"https:\/\/www.bellunopress.it\/fr\/wp-json\/wp\/v2\/posts\/136333","targetHints":{"allow":["GET"]}}],"collection":[{"href":"https:\/\/www.bellunopress.it\/fr\/wp-json\/wp\/v2\/posts"}],"about":[{"href":"https:\/\/www.bellunopress.it\/fr\/wp-json\/wp\/v2\/types\/post"}],"author":[{"embeddable":true,"href":"https:\/\/www.bellunopress.it\/fr\/wp-json\/wp\/v2\/users\/2"}],"replies":[{"embeddable":true,"href":"https:\/\/www.bellunopress.it\/fr\/wp-json\/wp\/v2\/comments?post=136333"}],"version-history":[{"count":1,"href":"https:\/\/www.bellunopress.it\/fr\/wp-json\/wp\/v2\/posts\/136333\/revisions"}],"predecessor-version":[{"id":136335,"href":"https:\/\/www.bellunopress.it\/fr\/wp-json\/wp\/v2\/posts\/136333\/revisions\/136335"}],"wp:featuredmedia":[{"embeddable":true,"href":"https:\/\/www.bellunopress.it\/fr\/wp-json\/wp\/v2\/media\/136334"}],"wp:attachment":[{"href":"https:\/\/www.bellunopress.it\/fr\/wp-json\/wp\/v2\/media?parent=136333"}],"wp:term":[{"taxonomy":"category","embeddable":true,"href":"https:\/\/www.bellunopress.it\/fr\/wp-json\/wp\/v2\/categories?post=136333"},{"taxonomy":"post_tag","embeddable":true,"href":"https:\/\/www.bellunopress.it\/fr\/wp-json\/wp\/v2\/tags?post=136333"}],"curies":[{"name":"wp","href":"https:\/\/api.w.org\/{rel}","templated":true}]}}