{"id":136330,"date":"2022-09-09T14:11:24","date_gmt":"2022-09-09T12:11:24","guid":{"rendered":"https:\/\/www.bellunopress.it\/?p=136330"},"modified":"2022-09-09T14:11:24","modified_gmt":"2022-09-09T12:11:24","slug":"ulss-dolomiti-corsi-di-laurea-in-infermieristica-100-posti-e-nuova-sede","status":"publish","type":"post","link":"https:\/\/www.bellunopress.it\/fr\/2022\/09\/09\/ulss-dolomiti-corsi-di-laurea-in-infermieristica-100-posti-e-nuova-sede\/","title":{"rendered":"Ulss Dolomiti, corsi di laurea in infermieristica: 100 posti e nuova sede"},"content":{"rendered":"<p>&nbsp;<\/p>\n<figure id=\"attachment_136331\" aria-describedby=\"caption-attachment-136331\" style=\"width: 1000px\" class=\"wp-caption alignleft\"><img loading=\"lazy\" decoding=\"async\" class=\"size-full wp-image-136331\" src=\"https:\/\/www.bellunopress.it\/wp-content\/uploads\/2022\/09\/seminario-vescovile-feltre_edited.jpg\" alt=\"\" width=\"1000\" height=\"667\" srcset=\"https:\/\/www.bellunopress.it\/wp-content\/uploads\/2022\/09\/seminario-vescovile-feltre_edited.jpg 1000w, https:\/\/www.bellunopress.it\/wp-content\/uploads\/2022\/09\/seminario-vescovile-feltre_edited-500x334.jpg 500w, https:\/\/www.bellunopress.it\/wp-content\/uploads\/2022\/09\/seminario-vescovile-feltre_edited-696x464.jpg 696w, https:\/\/www.bellunopress.it\/wp-content\/uploads\/2022\/09\/seminario-vescovile-feltre_edited-630x420.jpg 630w\" sizes=\"auto, (max-width: 1000px) 100vw, 1000px\" \/><figcaption id=\"caption-attachment-136331\" class=\"wp-caption-text\">Seminario Vescovile di Feltre<\/figcaption><\/figure>\n<p>Pronti per partire con il nuovo Anno Accademico del corso di laurea in infermieristica, attivato nella sede di Feltre dall\u2019Universit\u00e0 di Padova, con due importanti novit\u00e0: l\u2019aumento dei posti e una nuova sede per le aule per poter accogliere 100 studenti.<\/p>\n<p>Il corso di laurea in infermieristica, storicamente attivo nella sede di Feltre, aveva di consueto una disponibilit\u00e0 di 80 posti. Quest\u2019anno, considerata la grande necessit\u00e0 di infermieri non sono in Ulss ma anche nelle case di riposo, \u00e8 stato chiesto di poter ampliare il numero di studenti. L\u2019Universit\u00e0 di Padova ha acconsentito all\u2019incremento fino a 100 posti con il vincolo di individuare una sede per le lezioni che potesse accogliere un numero maggiore di studenti.<\/p>\n<p>L\u2019Ulss Dolomiti si \u00e8 quindi attivata per individuare una ulteriore sede, che si aggiunge a quella gi\u00e0 attiva a Borgo Ruga nel campus Tina Merlin, apprezzata da studenti e docenti per la funzionalit\u00e0 e l\u2019ambiente accogliente, che potesse accogliere 100 studenti del 1\u00b0 anno di corso. Al Tina Merlin continueranno i corsi degli altri anni accademici e dei Tecnici della Prevenzione.<\/p>\n<p>Grazie alla disponibilit\u00e0 della Diocesi, \u00e8 stata presa in affitto l\u2019aula del seminario vescovile di Feltre, e relativi locali annessi, posti al primo piano. L\u2019aula, in pieno centro citt\u00e0, potr\u00e0 essere utilizzata per lo svolgimento delle lezioni dei corsi e per l\u2019 organizzazione di convegni.<\/p>\n<p>Alla chiusura delle pre iscrizioni la scorsa settimana, la sede di Feltre \u00e8 riuscita a coprire i posti a disposizione come prima scelta ed \u00e8 risultata la sede pi\u00f9 scelta tra le sedi dell\u2019Universit\u00e0 di Padova con 100 posti disponibili: questo garantir\u00e0 la copertura dei posti. Questo conferma l\u2019attrattivit\u00e0 della sede con le esperienze formative offerte e i percorsi proposti per la costruzione della propria carriera. Il prossimo passo sar\u00e0 il 15 settembre, quando le aspiranti matricole saranno impegnate nel test di ammissione.<\/p>\n<p>\u00abE\u2019 una risposta concreta alla carenza di infermieri, sia in Ulss che nei Centri di servizio. Ci servivano spazi per poter accogliere e gestire i 20 posti in pi\u00f9 autorizzati per la sede di Feltre. Il Vescovado, che ringrazio, si \u00e8 dimostrato subito disponibile mettendo a disposizione le aule e dando modo di concretizzare questa opportunit\u00e0 per i giovani del territorio e una risposta ai fabbisogno delle strutture sanitarie. Completato il percorso formativo, questi giovani potranno trovare subito occupazione in Ulss o nelle Case di riposo. E\u2019 stata una grande soddisfazione essere stati scelti \u201ccome prima sede di preferenza\u201d da molti studenti, frutto anche dell\u2019impegno messo in campo anche dagli infermieri stessi dell\u2019Azienda che hanno cercato di trasmettere ai giovani cosa significhi \u201cessere infermiere\u201d\u00bb, commenta il Direttore Generale Maria Grazia Carraro,\u00abAi candidati un caloroso in bocca al lupo per la prova di selezione del 15 settembre. La nostra sede di caratterizza per un elevato gradimento degli studenti rilevati dai questionari dell\u2019Universit\u00e0. Troverete, inoltre, un gruppo esperto di docenti e tutor che vi accompagner\u00e0 nel percorso formativo insegnandovi, oltre alle competenze tecniche, il \u201cmestiere\u201d, uno dei mestieri pi\u00f9 belli al mondo: perch\u00e9 siamo persone che lavorano per le altre persone\u00bb.<br \/>\nBelluno, 9 settembre 2022<\/p>","protected":false},"excerpt":{"rendered":"<p>&nbsp; Pronti per partire con il nuovo Anno Accademico del corso di laurea in infermieristica, attivato nella sede di Feltre dall\u2019Universit\u00e0 di Padova, con due importanti novit\u00e0: l\u2019aumento dei posti e una nuova sede per le aule per poter accogliere 100 studenti. Il corso di laurea in infermieristica, storicamente attivo nella sede di Feltre, aveva [&hellip;]<\/p>\n","protected":false},"author":2,"featured_media":136331,"comment_status":"closed","ping_status":"open","sticky":false,"template":"","format":"standard","meta":{"footnotes":""},"categories":[26,17,15],"tags":[],"class_list":["post-136330","post","type-post","status-publish","format-standard","has-post-thumbnail","category-prima-pagina","category-sanita","category-scuola"],"yoast_head":"<!-- This site is optimized with the Yoast SEO plugin v28.4 - https:\/\/yoast.com\/product\/yoast-seo-wordpress\/ -->\n<title>Ulss Dolomiti, corsi di laurea in infermieristica: 100 posti e nuova sede - Bellunopress - Dolomiti<\/title>\n<meta name=\"robots\" content=\"index, follow, max-snippet:-1, max-image-preview:large, max-video-preview:-1\" \/>\n<link rel=\"canonical\" href=\"https:\/\/www.bellunopress.it\/fr\/2022\/09\/09\/ulss-dolomiti-corsi-di-laurea-in-infermieristica-100-posti-e-nuova-sede\/\" \/>\n<meta property=\"og:locale\" content=\"fr_FR\" \/>\n<meta property=\"og:type\" content=\"article\" \/>\n<meta property=\"og:title\" content=\"Ulss Dolomiti, corsi di laurea in infermieristica: 100 posti e nuova sede - Bellunopress - Dolomiti\" \/>\n<meta property=\"og:description\" content=\"&nbsp; Pronti per partire con il nuovo Anno Accademico del corso di laurea in infermieristica, attivato nella sede di Feltre dall\u2019Universit\u00e0 di Padova, con due importanti novit\u00e0: l\u2019aumento dei posti e una nuova sede per le aule per poter accogliere 100 studenti. Il corso di laurea in infermieristica, storicamente attivo nella sede di Feltre, aveva [&hellip;]\" \/>\n<meta property=\"og:url\" content=\"https:\/\/www.bellunopress.it\/fr\/2022\/09\/09\/ulss-dolomiti-corsi-di-laurea-in-infermieristica-100-posti-e-nuova-sede\/\" \/>\n<meta property=\"og:site_name\" content=\"Bellunopress - Dolomiti\" \/>\n<meta property=\"article:publisher\" content=\"https:\/\/www.facebook.com\/profile.php?id=100008943462799\" \/>\n<meta property=\"article:published_time\" content=\"2022-09-09T12:11:24+00:00\" \/>\n<meta property=\"og:image\" content=\"https:\/\/www.bellunopress.it\/wp-content\/uploads\/2022\/09\/seminario-vescovile-feltre_edited.jpg\" \/>\n\t<meta property=\"og:image:width\" content=\"1000\" \/>\n\t<meta property=\"og:image:height\" content=\"667\" \/>\n\t<meta property=\"og:image:type\" content=\"image\/jpeg\" \/>\n<meta name=\"author\" content=\"redazione\" \/>\n<meta name=\"twitter:card\" content=\"summary_large_image\" \/>\n<meta name=\"twitter:creator\" content=\"@bellunopress\" \/>\n<meta name=\"twitter:site\" content=\"@bellunopress\" \/>\n<meta name=\"twitter:label1\" content=\"\u00c9crit par\" \/>\n\t<meta name=\"twitter:data1\" content=\"redazione\" \/>\n\t<meta name=\"twitter:label2\" content=\"Dur\u00e9e de lecture estim\u00e9e\" \/>\n\t<meta name=\"twitter:data2\" content=\"3 minutes\" \/>\n<script type=\"application\/ld+json\" class=\"yoast-schema-graph\">{\"@context\":\"https:\\\/\\\/schema.org\",\"@graph\":[{\"@type\":\"Article\",\"@id\":\"https:\\\/\\\/www.bellunopress.it\\\/2022\\\/09\\\/09\\\/ulss-dolomiti-corsi-di-laurea-in-infermieristica-100-posti-e-nuova-sede\\\/#article\",\"isPartOf\":{\"@id\":\"https:\\\/\\\/www.bellunopress.it\\\/2022\\\/09\\\/09\\\/ulss-dolomiti-corsi-di-laurea-in-infermieristica-100-posti-e-nuova-sede\\\/\"},\"author\":{\"name\":\"redazione\",\"@id\":\"https:\\\/\\\/www.bellunopress.it\\\/#\\\/schema\\\/person\\\/79bb06722b37ece1c03d3e94beb30d73\"},\"headline\":\"Ulss Dolomiti, corsi di laurea in infermieristica: 100 posti e nuova sede\",\"datePublished\":\"2022-09-09T12:11:24+00:00\",\"mainEntityOfPage\":{\"@id\":\"https:\\\/\\\/www.bellunopress.it\\\/2022\\\/09\\\/09\\\/ulss-dolomiti-corsi-di-laurea-in-infermieristica-100-posti-e-nuova-sede\\\/\"},\"wordCount\":529,\"publisher\":{\"@id\":\"https:\\\/\\\/www.bellunopress.it\\\/#organization\"},\"image\":{\"@id\":\"https:\\\/\\\/www.bellunopress.it\\\/2022\\\/09\\\/09\\\/ulss-dolomiti-corsi-di-laurea-in-infermieristica-100-posti-e-nuova-sede\\\/#primaryimage\"},\"thumbnailUrl\":\"https:\\\/\\\/www.bellunopress.it\\\/wp-content\\\/uploads\\\/2022\\\/09\\\/seminario-vescovile-feltre_edited.jpg\",\"articleSection\":[\"Prima Pagina\",\"Sanit\u00e0 Medicina\",\"Scuola\"],\"inLanguage\":\"fr-FR\"},{\"@type\":\"WebPage\",\"@id\":\"https:\\\/\\\/www.bellunopress.it\\\/2022\\\/09\\\/09\\\/ulss-dolomiti-corsi-di-laurea-in-infermieristica-100-posti-e-nuova-sede\\\/\",\"url\":\"https:\\\/\\\/www.bellunopress.it\\\/2022\\\/09\\\/09\\\/ulss-dolomiti-corsi-di-laurea-in-infermieristica-100-posti-e-nuova-sede\\\/\",\"name\":\"Ulss Dolomiti, corsi di laurea in infermieristica: 100 posti e nuova sede - Bellunopress - Dolomiti\",\"isPartOf\":{\"@id\":\"https:\\\/\\\/www.bellunopress.it\\\/#website\"},\"primaryImageOfPage\":{\"@id\":\"https:\\\/\\\/www.bellunopress.it\\\/2022\\\/09\\\/09\\\/ulss-dolomiti-corsi-di-laurea-in-infermieristica-100-posti-e-nuova-sede\\\/#primaryimage\"},\"image\":{\"@id\":\"https:\\\/\\\/www.bellunopress.it\\\/2022\\\/09\\\/09\\\/ulss-dolomiti-corsi-di-laurea-in-infermieristica-100-posti-e-nuova-sede\\\/#primaryimage\"},\"thumbnailUrl\":\"https:\\\/\\\/www.bellunopress.it\\\/wp-content\\\/uploads\\\/2022\\\/09\\\/seminario-vescovile-feltre_edited.jpg\",\"datePublished\":\"2022-09-09T12:11:24+00:00\",\"breadcrumb\":{\"@id\":\"https:\\\/\\\/www.bellunopress.it\\\/2022\\\/09\\\/09\\\/ulss-dolomiti-corsi-di-laurea-in-infermieristica-100-posti-e-nuova-sede\\\/#breadcrumb\"},\"inLanguage\":\"fr-FR\",\"potentialAction\":[{\"@type\":\"ReadAction\",\"target\":[\"https:\\\/\\\/www.bellunopress.it\\\/2022\\\/09\\\/09\\\/ulss-dolomiti-corsi-di-laurea-in-infermieristica-100-posti-e-nuova-sede\\\/\"]}]},{\"@type\":\"ImageObject\",\"inLanguage\":\"fr-FR\",\"@id\":\"https:\\\/\\\/www.bellunopress.it\\\/2022\\\/09\\\/09\\\/ulss-dolomiti-corsi-di-laurea-in-infermieristica-100-posti-e-nuova-sede\\\/#primaryimage\",\"url\":\"https:\\\/\\\/www.bellunopress.it\\\/wp-content\\\/uploads\\\/2022\\\/09\\\/seminario-vescovile-feltre_edited.jpg\",\"contentUrl\":\"https:\\\/\\\/www.bellunopress.it\\\/wp-content\\\/uploads\\\/2022\\\/09\\\/seminario-vescovile-feltre_edited.jpg\",\"width\":1000,\"height\":667,\"caption\":\"Seminario Vescovile di Feltre\"},{\"@type\":\"BreadcrumbList\",\"@id\":\"https:\\\/\\\/www.bellunopress.it\\\/2022\\\/09\\\/09\\\/ulss-dolomiti-corsi-di-laurea-in-infermieristica-100-posti-e-nuova-sede\\\/#breadcrumb\",\"itemListElement\":[{\"@type\":\"ListItem\",\"position\":1,\"name\":\"Home\",\"item\":\"https:\\\/\\\/www.bellunopress.it\\\/\"},{\"@type\":\"ListItem\",\"position\":2,\"name\":\"Ulss Dolomiti, corsi di laurea in infermieristica: 100 posti e nuova sede\"}]},{\"@type\":\"WebSite\",\"@id\":\"https:\\\/\\\/www.bellunopress.it\\\/#website\",\"url\":\"https:\\\/\\\/www.bellunopress.it\\\/\",\"name\":\"Bellunopress - Dolomiti\",\"description\":\"e-mail: redazione@bellunopress.it\",\"publisher\":{\"@id\":\"https:\\\/\\\/www.bellunopress.it\\\/#organization\"},\"potentialAction\":[{\"@type\":\"SearchAction\",\"target\":{\"@type\":\"EntryPoint\",\"urlTemplate\":\"https:\\\/\\\/www.bellunopress.it\\\/?s={search_term_string}\"},\"query-input\":{\"@type\":\"PropertyValueSpecification\",\"valueRequired\":true,\"valueName\":\"search_term_string\"}}],\"inLanguage\":\"fr-FR\"},{\"@type\":\"Organization\",\"@id\":\"https:\\\/\\\/www.bellunopress.it\\\/#organization\",\"name\":\"Bellunopress\",\"url\":\"https:\\\/\\\/www.bellunopress.it\\\/\",\"logo\":{\"@type\":\"ImageObject\",\"inLanguage\":\"fr-FR\",\"@id\":\"https:\\\/\\\/www.bellunopress.it\\\/#\\\/schema\\\/logo\\\/image\\\/\",\"url\":\"https:\\\/\\\/www.bellunopress.it\\\/wp-content\\\/uploads\\\/2011\\\/05\\\/cropped-logo-bellunopress-.jpg\",\"contentUrl\":\"https:\\\/\\\/www.bellunopress.it\\\/wp-content\\\/uploads\\\/2011\\\/05\\\/cropped-logo-bellunopress-.jpg\",\"width\":512,\"height\":512,\"caption\":\"Bellunopress\"},\"image\":{\"@id\":\"https:\\\/\\\/www.bellunopress.it\\\/#\\\/schema\\\/logo\\\/image\\\/\"},\"sameAs\":[\"https:\\\/\\\/www.facebook.com\\\/profile.php?id=100008943462799\",\"https:\\\/\\\/x.com\\\/bellunopress\",\"https:\\\/\\\/www.linkedin.com\\\/hp\\\/?dnr=JBzUWaJfMUw8vbXJJ2tVW5-I3jZKvC4wsoxE&amp;amp;amp;amp;amp;amp;trk=nav_responsive_tab_home\",\"https:\\\/\\\/www.youtube.com\\\/channel\\\/UCxL0wu1uN0_3_7hGG0306cw\"]},{\"@type\":\"Person\",\"@id\":\"https:\\\/\\\/www.bellunopress.it\\\/#\\\/schema\\\/person\\\/79bb06722b37ece1c03d3e94beb30d73\",\"name\":\"redazione\",\"image\":{\"@type\":\"ImageObject\",\"inLanguage\":\"fr-FR\",\"@id\":\"https:\\\/\\\/secure.gravatar.com\\\/avatar\\\/37d968a2e67a6fd04c169c4bdef102d0bc5d31b2546345219e348575eb80e9a0?s=96&d=mm&r=g\",\"url\":\"https:\\\/\\\/secure.gravatar.com\\\/avatar\\\/37d968a2e67a6fd04c169c4bdef102d0bc5d31b2546345219e348575eb80e9a0?s=96&d=mm&r=g\",\"contentUrl\":\"https:\\\/\\\/secure.gravatar.com\\\/avatar\\\/37d968a2e67a6fd04c169c4bdef102d0bc5d31b2546345219e348575eb80e9a0?s=96&d=mm&r=g\",\"caption\":\"redazione\"},\"sameAs\":[\"http:\\\/\\\/www.bellunopress.it\",\"https:\\\/\\\/x.com\\\/bellunopress\"],\"url\":\"https:\\\/\\\/www.bellunopress.it\\\/fr\\\/author\\\/redazione\\\/\"}]}<\/script>\n<!-- \/ Yoast SEO plugin. -->","yoast_head_json":{"title":"Ulss Dolomiti, corsi di laurea in infermieristica: 100 posti e nuova sede - Bellunopress - Dolomiti","robots":{"index":"index","follow":"follow","max-snippet":"max-snippet:-1","max-image-preview":"max-image-preview:large","max-video-preview":"max-video-preview:-1"},"canonical":"https:\/\/www.bellunopress.it\/fr\/2022\/09\/09\/ulss-dolomiti-corsi-di-laurea-in-infermieristica-100-posti-e-nuova-sede\/","og_locale":"fr_FR","og_type":"article","og_title":"Ulss Dolomiti, corsi di laurea in infermieristica: 100 posti e nuova sede - Bellunopress - Dolomiti","og_description":"&nbsp; Pronti per partire con il nuovo Anno Accademico del corso di laurea in infermieristica, attivato nella sede di Feltre dall\u2019Universit\u00e0 di Padova, con due importanti novit\u00e0: l\u2019aumento dei posti e una nuova sede per le aule per poter accogliere 100 studenti. Il corso di laurea in infermieristica, storicamente attivo nella sede di Feltre, aveva [&hellip;]","og_url":"https:\/\/www.bellunopress.it\/fr\/2022\/09\/09\/ulss-dolomiti-corsi-di-laurea-in-infermieristica-100-posti-e-nuova-sede\/","og_site_name":"Bellunopress - Dolomiti","article_publisher":"https:\/\/www.facebook.com\/profile.php?id=100008943462799","article_published_time":"2022-09-09T12:11:24+00:00","og_image":[{"width":1000,"height":667,"url":"https:\/\/www.bellunopress.it\/wp-content\/uploads\/2022\/09\/seminario-vescovile-feltre_edited.jpg","type":"image\/jpeg"}],"author":"redazione","twitter_card":"summary_large_image","twitter_creator":"@bellunopress","twitter_site":"@bellunopress","twitter_misc":{"\u00c9crit par":"redazione","Dur\u00e9e de lecture estim\u00e9e":"3 minutes"},"schema":{"@context":"https:\/\/schema.org","@graph":[{"@type":"Article","@id":"https:\/\/www.bellunopress.it\/2022\/09\/09\/ulss-dolomiti-corsi-di-laurea-in-infermieristica-100-posti-e-nuova-sede\/#article","isPartOf":{"@id":"https:\/\/www.bellunopress.it\/2022\/09\/09\/ulss-dolomiti-corsi-di-laurea-in-infermieristica-100-posti-e-nuova-sede\/"},"author":{"name":"redazione","@id":"https:\/\/www.bellunopress.it\/#\/schema\/person\/79bb06722b37ece1c03d3e94beb30d73"},"headline":"Ulss Dolomiti, corsi di laurea in infermieristica: 100 posti e nuova sede","datePublished":"2022-09-09T12:11:24+00:00","mainEntityOfPage":{"@id":"https:\/\/www.bellunopress.it\/2022\/09\/09\/ulss-dolomiti-corsi-di-laurea-in-infermieristica-100-posti-e-nuova-sede\/"},"wordCount":529,"publisher":{"@id":"https:\/\/www.bellunopress.it\/#organization"},"image":{"@id":"https:\/\/www.bellunopress.it\/2022\/09\/09\/ulss-dolomiti-corsi-di-laurea-in-infermieristica-100-posti-e-nuova-sede\/#primaryimage"},"thumbnailUrl":"https:\/\/www.bellunopress.it\/wp-content\/uploads\/2022\/09\/seminario-vescovile-feltre_edited.jpg","articleSection":["Prima Pagina","Sanit\u00e0 Medicina","Scuola"],"inLanguage":"fr-FR"},{"@type":"WebPage","@id":"https:\/\/www.bellunopress.it\/2022\/09\/09\/ulss-dolomiti-corsi-di-laurea-in-infermieristica-100-posti-e-nuova-sede\/","url":"https:\/\/www.bellunopress.it\/2022\/09\/09\/ulss-dolomiti-corsi-di-laurea-in-infermieristica-100-posti-e-nuova-sede\/","name":"Ulss Dolomiti, corsi di laurea in infermieristica: 100 posti e nuova sede - Bellunopress - Dolomiti","isPartOf":{"@id":"https:\/\/www.bellunopress.it\/#website"},"primaryImageOfPage":{"@id":"https:\/\/www.bellunopress.it\/2022\/09\/09\/ulss-dolomiti-corsi-di-laurea-in-infermieristica-100-posti-e-nuova-sede\/#primaryimage"},"image":{"@id":"https:\/\/www.bellunopress.it\/2022\/09\/09\/ulss-dolomiti-corsi-di-laurea-in-infermieristica-100-posti-e-nuova-sede\/#primaryimage"},"thumbnailUrl":"https:\/\/www.bellunopress.it\/wp-content\/uploads\/2022\/09\/seminario-vescovile-feltre_edited.jpg","datePublished":"2022-09-09T12:11:24+00:00","breadcrumb":{"@id":"https:\/\/www.bellunopress.it\/2022\/09\/09\/ulss-dolomiti-corsi-di-laurea-in-infermieristica-100-posti-e-nuova-sede\/#breadcrumb"},"inLanguage":"fr-FR","potentialAction":[{"@type":"ReadAction","target":["https:\/\/www.bellunopress.it\/2022\/09\/09\/ulss-dolomiti-corsi-di-laurea-in-infermieristica-100-posti-e-nuova-sede\/"]}]},{"@type":"ImageObject","inLanguage":"fr-FR","@id":"https:\/\/www.bellunopress.it\/2022\/09\/09\/ulss-dolomiti-corsi-di-laurea-in-infermieristica-100-posti-e-nuova-sede\/#primaryimage","url":"https:\/\/www.bellunopress.it\/wp-content\/uploads\/2022\/09\/seminario-vescovile-feltre_edited.jpg","contentUrl":"https:\/\/www.bellunopress.it\/wp-content\/uploads\/2022\/09\/seminario-vescovile-feltre_edited.jpg","width":1000,"height":667,"caption":"Seminario Vescovile di Feltre"},{"@type":"BreadcrumbList","@id":"https:\/\/www.bellunopress.it\/2022\/09\/09\/ulss-dolomiti-corsi-di-laurea-in-infermieristica-100-posti-e-nuova-sede\/#breadcrumb","itemListElement":[{"@type":"ListItem","position":1,"name":"Home","item":"https:\/\/www.bellunopress.it\/"},{"@type":"ListItem","position":2,"name":"Ulss Dolomiti, corsi di laurea in infermieristica: 100 posti e nuova sede"}]},{"@type":"WebSite","@id":"https:\/\/www.bellunopress.it\/#website","url":"https:\/\/www.bellunopress.it\/","name":"Bellunopress - Dolomiti","description":"e-mail: redazione@bellunopress.it","publisher":{"@id":"https:\/\/www.bellunopress.it\/#organization"},"potentialAction":[{"@type":"SearchAction","target":{"@type":"EntryPoint","urlTemplate":"https:\/\/www.bellunopress.it\/?s={search_term_string}"},"query-input":{"@type":"PropertyValueSpecification","valueRequired":true,"valueName":"search_term_string"}}],"inLanguage":"fr-FR"},{"@type":"Organization","@id":"https:\/\/www.bellunopress.it\/#organization","name":"Bellunopress","url":"https:\/\/www.bellunopress.it\/","logo":{"@type":"ImageObject","inLanguage":"fr-FR","@id":"https:\/\/www.bellunopress.it\/#\/schema\/logo\/image\/","url":"https:\/\/www.bellunopress.it\/wp-content\/uploads\/2011\/05\/cropped-logo-bellunopress-.jpg","contentUrl":"https:\/\/www.bellunopress.it\/wp-content\/uploads\/2011\/05\/cropped-logo-bellunopress-.jpg","width":512,"height":512,"caption":"Bellunopress"},"image":{"@id":"https:\/\/www.bellunopress.it\/#\/schema\/logo\/image\/"},"sameAs":["https:\/\/www.facebook.com\/profile.php?id=100008943462799","https:\/\/x.com\/bellunopress","https:\/\/www.linkedin.com\/hp\/?dnr=JBzUWaJfMUw8vbXJJ2tVW5-I3jZKvC4wsoxE&amp;amp;amp;amp;amp;amp;trk=nav_responsive_tab_home","https:\/\/www.youtube.com\/channel\/UCxL0wu1uN0_3_7hGG0306cw"]},{"@type":"Person","@id":"https:\/\/www.bellunopress.it\/#\/schema\/person\/79bb06722b37ece1c03d3e94beb30d73","name":"r\u00e9daction","image":{"@type":"ImageObject","inLanguage":"fr-FR","@id":"https:\/\/secure.gravatar.com\/avatar\/37d968a2e67a6fd04c169c4bdef102d0bc5d31b2546345219e348575eb80e9a0?s=96&d=mm&r=g","url":"https:\/\/secure.gravatar.com\/avatar\/37d968a2e67a6fd04c169c4bdef102d0bc5d31b2546345219e348575eb80e9a0?s=96&d=mm&r=g","contentUrl":"https:\/\/secure.gravatar.com\/avatar\/37d968a2e67a6fd04c169c4bdef102d0bc5d31b2546345219e348575eb80e9a0?s=96&d=mm&r=g","caption":"redazione"},"sameAs":["http:\/\/www.bellunopress.it","https:\/\/x.com\/bellunopress"],"url":"https:\/\/www.bellunopress.it\/fr\/author\/redazione\/"}]}},"_links":{"self":[{"href":"https:\/\/www.bellunopress.it\/fr\/wp-json\/wp\/v2\/posts\/136330","targetHints":{"allow":["GET"]}}],"collection":[{"href":"https:\/\/www.bellunopress.it\/fr\/wp-json\/wp\/v2\/posts"}],"about":[{"href":"https:\/\/www.bellunopress.it\/fr\/wp-json\/wp\/v2\/types\/post"}],"author":[{"embeddable":true,"href":"https:\/\/www.bellunopress.it\/fr\/wp-json\/wp\/v2\/users\/2"}],"replies":[{"embeddable":true,"href":"https:\/\/www.bellunopress.it\/fr\/wp-json\/wp\/v2\/comments?post=136330"}],"version-history":[{"count":1,"href":"https:\/\/www.bellunopress.it\/fr\/wp-json\/wp\/v2\/posts\/136330\/revisions"}],"predecessor-version":[{"id":136332,"href":"https:\/\/www.bellunopress.it\/fr\/wp-json\/wp\/v2\/posts\/136330\/revisions\/136332"}],"wp:featuredmedia":[{"embeddable":true,"href":"https:\/\/www.bellunopress.it\/fr\/wp-json\/wp\/v2\/media\/136331"}],"wp:attachment":[{"href":"https:\/\/www.bellunopress.it\/fr\/wp-json\/wp\/v2\/media?parent=136330"}],"wp:term":[{"taxonomy":"category","embeddable":true,"href":"https:\/\/www.bellunopress.it\/fr\/wp-json\/wp\/v2\/categories?post=136330"},{"taxonomy":"post_tag","embeddable":true,"href":"https:\/\/www.bellunopress.it\/fr\/wp-json\/wp\/v2\/tags?post=136330"}],"curies":[{"name":"wp","href":"https:\/\/api.w.org\/{rel}","templated":true}]}}