{"id":136328,"date":"2022-09-09T13:11:17","date_gmt":"2022-09-09T11:11:17","guid":{"rendered":"https:\/\/www.bellunopress.it\/?p=136328"},"modified":"2022-09-09T13:11:17","modified_gmt":"2022-09-09T11:11:17","slug":"le-etiopiche-lo-spettacolo-di-mattia-cason-giovedi-15-settembre-alle-21-al-teatro-comunale","status":"publish","type":"post","link":"https:\/\/www.bellunopress.it\/fr\/2022\/09\/09\/le-etiopiche-lo-spettacolo-di-mattia-cason-giovedi-15-settembre-alle-21-al-teatro-comunale\/","title":{"rendered":"Le Etiopiche. Lo spettacolo di Mattia Cason gioved\u00ec 15 settembre alle 21 al Teatro Comunale"},"content":{"rendered":"<figure id=\"attachment_134451\" aria-describedby=\"caption-attachment-134451\" style=\"width: 500px\" class=\"wp-caption alignleft\"><img loading=\"lazy\" decoding=\"async\" class=\"size-full wp-image-134451\" src=\"https:\/\/www.bellunopress.it\/wp-content\/uploads\/2022\/06\/Mattia-Cason-in-Le-Etiopiche_edited.jpg\" alt=\"\" width=\"500\" height=\"500\" srcset=\"https:\/\/www.bellunopress.it\/wp-content\/uploads\/2022\/06\/Mattia-Cason-in-Le-Etiopiche_edited.jpg 500w, https:\/\/www.bellunopress.it\/wp-content\/uploads\/2022\/06\/Mattia-Cason-in-Le-Etiopiche_edited-300x300.jpg 300w, https:\/\/www.bellunopress.it\/wp-content\/uploads\/2022\/06\/Mattia-Cason-in-Le-Etiopiche_edited-420x420.jpg 420w\" sizes=\"auto, (max-width: 500px) 100vw, 500px\" \/><figcaption id=\"caption-attachment-134451\" class=\"wp-caption-text\">Mattia Cason in Le Etiopiche<\/figcaption><\/figure>\n<p>Mattia Cason un talento bellunese, formatosi al teatro fin da giovanissimo grazie ai percorsi di formazione organizzati da Tib Teatro, la Scuola diretta da Daniela Nicosia diversi anni fa al Teatro Comunale, e i laboratori del Filo d\u2019Arianna Festival. Il diploma conseguito all\u2019Accademia Nico Pepe di Udine e lo studio delle tecniche del teatro danza, disciplina che ha avuto modo di approfondire e praticare anche all\u2019Estero, hanno poi consolidato il suo percorso professionale coronato nel 2021 dal prezioso riconoscimento nazionale, ottenuto per lo spettacolo Le Etiopiche, vincitore del Premio Scenario.<\/p>\n<p>Lo spettacolo sar\u00e0 in scena il 15 settembre alle ore 21 al Teatro Comunale, per la seconda edizione del Cielo Sopra Belluno, rassegna di teatro contemporaneo, organizzata da Tib Teatro per la direzione artistica di Daniela Nicosia, in collaborazione con la Fondazione Teatri delle Dolomiti, il Ministero della Cultura la provincia di Belluno Rete eventi, e con il patrocinio del Comune di Belluno, della Regione del Veneto &#8211; svoltasi con successo tra luglio e settembre negli spazi della Casa delle Arti, luogo rigenerato da Tib Teatro, che lo gestisce, e restituito alla comunit\u00e0 bellunese, e ora al Teatro Comunale.<\/p>\n<p>Le Etiopiche, \u00e8 uno spettacolo di grandi dimensioni, prima parte di una trilogia, che unisce danza, teatro e video, scaturito da una ricerca approfondita condotta da Mattia Cason che ne firma la regia e la drammaturgia oltre ad esserne interprete insieme a sette danzatori della compagnia EN-KNAP di Lubiana. Lo spettacolo attraverso i diversi linguaggi della danza e del video, \u201crilegge l\u2019epica di Alessandro Magno &#8211; inteso non come grande conquistatore, ma come simbolo d\u2019una curiosit\u00e0 irrefrenabile &#8211; alla luce della contemporaneit\u00e0, aprendo una riflessione sull\u2019Europa di oggi.<br \/>\nIl giovane sovrano macedone incontra il leggendario Memnone di Rodi, un mercenario greco al soldo dei persiani. L\u2019incontro tra questi due personaggi diviene lo spunto per una riflessione sul tema dell\u2019altro e per parlare di migrazioni, anche contemporanee: in quel confine tra Greci e Persiani, tra \u201cNoi\u201d e \u201cLoro\u201d, che assume tratti archetipici per lo stesso mito d&#8217;Europa, l\u2019Unione Europea sembra avere l\u2019ultima occasione per realizzare il suo progetto, quello di divenire un soggetto fondato su un nuovo modello di coesione sociale.<br \/>\nLo spettacolo \u00e8 co-prodotto da EN-KNAP (unica formazione stabile di danza contemporanea della Slovenia), CSS Teatro stabile di innovazione del FVG e realizzato con il sostegno di Dialoghi e Residenze delle arti performative a Villa Manin.<\/p>\n<p>La stagione ha quali mediapartner Radio Belluno e Radio Cortina.<br \/>\nPer informazioni \u00e8 possibile consultare il sito di TIB Teatro: riduzioni per under 30 e over 65, agevolazioni per le associazioni (per gruppi di 10 persone 3 biglietti saranno in omaggio).<br \/>\nBiglietti per i singoli spettacoli: intero \u20ac 20,00 &#8211; ridotto UNDER 30 \/ OVER 65 \u20ac 15,00<br \/>\nPromozione per associazioni: per gruppi di 10 persone 3 biglietti saranno in omaggio<br \/>\nPer informazioni e prenotazioni Tib Teatro: tel. 0437 950555 | 351 7834551 dal luned\u00ec al venerd\u00ec (orario 10-13 \/ 15-17) o info@tibteatro.it \u2013 www.tibteatro.it<br \/>\nBiglietti online: www.webtic.it<\/p>","protected":false},"excerpt":{"rendered":"<p>Mattia Cason un talento bellunese, formatosi al teatro fin da giovanissimo grazie ai percorsi di formazione organizzati da Tib Teatro, la Scuola diretta da Daniela Nicosia diversi anni fa al Teatro Comunale, e i laboratori del Filo d\u2019Arianna Festival. Il diploma conseguito all\u2019Accademia Nico Pepe di Udine e lo studio delle tecniche del teatro danza, [&hellip;]<\/p>\n","protected":false},"author":2,"featured_media":125311,"comment_status":"closed","ping_status":"open","sticky":false,"template":"","format":"standard","meta":{"footnotes":""},"categories":[27,3,25],"tags":[],"class_list":["post-136328","post","type-post","status-publish","format-standard","has-post-thumbnail","category-appuntamenti","category-arte-cultura-spettacoli-scienza-archivi","category-pausa-caffe"],"yoast_head":"<!-- This site is optimized with the Yoast SEO plugin v28.4 - https:\/\/yoast.com\/product\/yoast-seo-wordpress\/ -->\n<title>Le Etiopiche. Lo spettacolo di Mattia Cason gioved\u00ec 15 settembre alle 21 al Teatro Comunale - Bellunopress - Dolomiti<\/title>\n<meta name=\"robots\" content=\"index, follow, max-snippet:-1, max-image-preview:large, max-video-preview:-1\" \/>\n<link rel=\"canonical\" href=\"https:\/\/www.bellunopress.it\/fr\/2022\/09\/09\/le-etiopiche-lo-spettacolo-di-mattia-cason-giovedi-15-settembre-alle-21-al-teatro-comunale\/\" \/>\n<meta property=\"og:locale\" content=\"fr_FR\" \/>\n<meta property=\"og:type\" content=\"article\" \/>\n<meta property=\"og:title\" content=\"Le Etiopiche. Lo spettacolo di Mattia Cason gioved\u00ec 15 settembre alle 21 al Teatro Comunale - Bellunopress - Dolomiti\" \/>\n<meta property=\"og:description\" content=\"Mattia Cason un talento bellunese, formatosi al teatro fin da giovanissimo grazie ai percorsi di formazione organizzati da Tib Teatro, la Scuola diretta da Daniela Nicosia diversi anni fa al Teatro Comunale, e i laboratori del Filo d\u2019Arianna Festival. Il diploma conseguito all\u2019Accademia Nico Pepe di Udine e lo studio delle tecniche del teatro danza, [&hellip;]\" \/>\n<meta property=\"og:url\" content=\"https:\/\/www.bellunopress.it\/fr\/2022\/09\/09\/le-etiopiche-lo-spettacolo-di-mattia-cason-giovedi-15-settembre-alle-21-al-teatro-comunale\/\" \/>\n<meta property=\"og:site_name\" content=\"Bellunopress - Dolomiti\" \/>\n<meta property=\"article:publisher\" content=\"https:\/\/www.facebook.com\/profile.php?id=100008943462799\" \/>\n<meta property=\"article:published_time\" content=\"2022-09-09T11:11:17+00:00\" \/>\n<meta property=\"og:image\" content=\"https:\/\/www.bellunopress.it\/wp-content\/uploads\/2021\/06\/teatro-comunale-1-piano_edited.jpg\" \/>\n\t<meta property=\"og:image:width\" content=\"800\" \/>\n\t<meta property=\"og:image:height\" content=\"600\" \/>\n\t<meta property=\"og:image:type\" content=\"image\/jpeg\" \/>\n<meta name=\"author\" content=\"redazione\" \/>\n<meta name=\"twitter:card\" content=\"summary_large_image\" \/>\n<meta name=\"twitter:creator\" content=\"@bellunopress\" \/>\n<meta name=\"twitter:site\" content=\"@bellunopress\" \/>\n<meta name=\"twitter:label1\" content=\"\u00c9crit par\" \/>\n\t<meta name=\"twitter:data1\" content=\"redazione\" \/>\n\t<meta name=\"twitter:label2\" content=\"Dur\u00e9e de lecture estim\u00e9e\" \/>\n\t<meta name=\"twitter:data2\" content=\"3 minutes\" \/>\n<script type=\"application\/ld+json\" class=\"yoast-schema-graph\">{\"@context\":\"https:\\\/\\\/schema.org\",\"@graph\":[{\"@type\":\"Article\",\"@id\":\"https:\\\/\\\/www.bellunopress.it\\\/2022\\\/09\\\/09\\\/le-etiopiche-lo-spettacolo-di-mattia-cason-giovedi-15-settembre-alle-21-al-teatro-comunale\\\/#article\",\"isPartOf\":{\"@id\":\"https:\\\/\\\/www.bellunopress.it\\\/2022\\\/09\\\/09\\\/le-etiopiche-lo-spettacolo-di-mattia-cason-giovedi-15-settembre-alle-21-al-teatro-comunale\\\/\"},\"author\":{\"name\":\"redazione\",\"@id\":\"https:\\\/\\\/www.bellunopress.it\\\/#\\\/schema\\\/person\\\/79bb06722b37ece1c03d3e94beb30d73\"},\"headline\":\"Le Etiopiche. Lo spettacolo di Mattia Cason gioved\u00ec 15 settembre alle 21 al Teatro Comunale\",\"datePublished\":\"2022-09-09T11:11:17+00:00\",\"mainEntityOfPage\":{\"@id\":\"https:\\\/\\\/www.bellunopress.it\\\/2022\\\/09\\\/09\\\/le-etiopiche-lo-spettacolo-di-mattia-cason-giovedi-15-settembre-alle-21-al-teatro-comunale\\\/\"},\"wordCount\":509,\"publisher\":{\"@id\":\"https:\\\/\\\/www.bellunopress.it\\\/#organization\"},\"image\":{\"@id\":\"https:\\\/\\\/www.bellunopress.it\\\/2022\\\/09\\\/09\\\/le-etiopiche-lo-spettacolo-di-mattia-cason-giovedi-15-settembre-alle-21-al-teatro-comunale\\\/#primaryimage\"},\"thumbnailUrl\":\"https:\\\/\\\/www.bellunopress.it\\\/wp-content\\\/uploads\\\/2021\\\/06\\\/teatro-comunale-1-piano_edited.jpg\",\"articleSection\":[\"Appuntamenti, Eventi\",\"Arte, Cultura, Spettacoli, Scienza\",\"Pausa Caff\u00e8\"],\"inLanguage\":\"fr-FR\"},{\"@type\":\"WebPage\",\"@id\":\"https:\\\/\\\/www.bellunopress.it\\\/2022\\\/09\\\/09\\\/le-etiopiche-lo-spettacolo-di-mattia-cason-giovedi-15-settembre-alle-21-al-teatro-comunale\\\/\",\"url\":\"https:\\\/\\\/www.bellunopress.it\\\/2022\\\/09\\\/09\\\/le-etiopiche-lo-spettacolo-di-mattia-cason-giovedi-15-settembre-alle-21-al-teatro-comunale\\\/\",\"name\":\"Le Etiopiche. Lo spettacolo di Mattia Cason gioved\u00ec 15 settembre alle 21 al Teatro Comunale - Bellunopress - Dolomiti\",\"isPartOf\":{\"@id\":\"https:\\\/\\\/www.bellunopress.it\\\/#website\"},\"primaryImageOfPage\":{\"@id\":\"https:\\\/\\\/www.bellunopress.it\\\/2022\\\/09\\\/09\\\/le-etiopiche-lo-spettacolo-di-mattia-cason-giovedi-15-settembre-alle-21-al-teatro-comunale\\\/#primaryimage\"},\"image\":{\"@id\":\"https:\\\/\\\/www.bellunopress.it\\\/2022\\\/09\\\/09\\\/le-etiopiche-lo-spettacolo-di-mattia-cason-giovedi-15-settembre-alle-21-al-teatro-comunale\\\/#primaryimage\"},\"thumbnailUrl\":\"https:\\\/\\\/www.bellunopress.it\\\/wp-content\\\/uploads\\\/2021\\\/06\\\/teatro-comunale-1-piano_edited.jpg\",\"datePublished\":\"2022-09-09T11:11:17+00:00\",\"breadcrumb\":{\"@id\":\"https:\\\/\\\/www.bellunopress.it\\\/2022\\\/09\\\/09\\\/le-etiopiche-lo-spettacolo-di-mattia-cason-giovedi-15-settembre-alle-21-al-teatro-comunale\\\/#breadcrumb\"},\"inLanguage\":\"fr-FR\",\"potentialAction\":[{\"@type\":\"ReadAction\",\"target\":[\"https:\\\/\\\/www.bellunopress.it\\\/2022\\\/09\\\/09\\\/le-etiopiche-lo-spettacolo-di-mattia-cason-giovedi-15-settembre-alle-21-al-teatro-comunale\\\/\"]}]},{\"@type\":\"ImageObject\",\"inLanguage\":\"fr-FR\",\"@id\":\"https:\\\/\\\/www.bellunopress.it\\\/2022\\\/09\\\/09\\\/le-etiopiche-lo-spettacolo-di-mattia-cason-giovedi-15-settembre-alle-21-al-teatro-comunale\\\/#primaryimage\",\"url\":\"https:\\\/\\\/www.bellunopress.it\\\/wp-content\\\/uploads\\\/2021\\\/06\\\/teatro-comunale-1-piano_edited.jpg\",\"contentUrl\":\"https:\\\/\\\/www.bellunopress.it\\\/wp-content\\\/uploads\\\/2021\\\/06\\\/teatro-comunale-1-piano_edited.jpg\",\"width\":800,\"height\":600,\"caption\":\"Teatro Comunale di Belluno\"},{\"@type\":\"BreadcrumbList\",\"@id\":\"https:\\\/\\\/www.bellunopress.it\\\/2022\\\/09\\\/09\\\/le-etiopiche-lo-spettacolo-di-mattia-cason-giovedi-15-settembre-alle-21-al-teatro-comunale\\\/#breadcrumb\",\"itemListElement\":[{\"@type\":\"ListItem\",\"position\":1,\"name\":\"Home\",\"item\":\"https:\\\/\\\/www.bellunopress.it\\\/\"},{\"@type\":\"ListItem\",\"position\":2,\"name\":\"Le Etiopiche. Lo spettacolo di Mattia Cason gioved\u00ec 15 settembre alle 21 al Teatro Comunale\"}]},{\"@type\":\"WebSite\",\"@id\":\"https:\\\/\\\/www.bellunopress.it\\\/#website\",\"url\":\"https:\\\/\\\/www.bellunopress.it\\\/\",\"name\":\"Bellunopress - Dolomiti\",\"description\":\"e-mail: redazione@bellunopress.it\",\"publisher\":{\"@id\":\"https:\\\/\\\/www.bellunopress.it\\\/#organization\"},\"potentialAction\":[{\"@type\":\"SearchAction\",\"target\":{\"@type\":\"EntryPoint\",\"urlTemplate\":\"https:\\\/\\\/www.bellunopress.it\\\/?s={search_term_string}\"},\"query-input\":{\"@type\":\"PropertyValueSpecification\",\"valueRequired\":true,\"valueName\":\"search_term_string\"}}],\"inLanguage\":\"fr-FR\"},{\"@type\":\"Organization\",\"@id\":\"https:\\\/\\\/www.bellunopress.it\\\/#organization\",\"name\":\"Bellunopress\",\"url\":\"https:\\\/\\\/www.bellunopress.it\\\/\",\"logo\":{\"@type\":\"ImageObject\",\"inLanguage\":\"fr-FR\",\"@id\":\"https:\\\/\\\/www.bellunopress.it\\\/#\\\/schema\\\/logo\\\/image\\\/\",\"url\":\"https:\\\/\\\/www.bellunopress.it\\\/wp-content\\\/uploads\\\/2011\\\/05\\\/cropped-logo-bellunopress-.jpg\",\"contentUrl\":\"https:\\\/\\\/www.bellunopress.it\\\/wp-content\\\/uploads\\\/2011\\\/05\\\/cropped-logo-bellunopress-.jpg\",\"width\":512,\"height\":512,\"caption\":\"Bellunopress\"},\"image\":{\"@id\":\"https:\\\/\\\/www.bellunopress.it\\\/#\\\/schema\\\/logo\\\/image\\\/\"},\"sameAs\":[\"https:\\\/\\\/www.facebook.com\\\/profile.php?id=100008943462799\",\"https:\\\/\\\/x.com\\\/bellunopress\",\"https:\\\/\\\/www.linkedin.com\\\/hp\\\/?dnr=JBzUWaJfMUw8vbXJJ2tVW5-I3jZKvC4wsoxE&amp;amp;amp;amp;amp;amp;trk=nav_responsive_tab_home\",\"https:\\\/\\\/www.youtube.com\\\/channel\\\/UCxL0wu1uN0_3_7hGG0306cw\"]},{\"@type\":\"Person\",\"@id\":\"https:\\\/\\\/www.bellunopress.it\\\/#\\\/schema\\\/person\\\/79bb06722b37ece1c03d3e94beb30d73\",\"name\":\"redazione\",\"image\":{\"@type\":\"ImageObject\",\"inLanguage\":\"fr-FR\",\"@id\":\"https:\\\/\\\/secure.gravatar.com\\\/avatar\\\/37d968a2e67a6fd04c169c4bdef102d0bc5d31b2546345219e348575eb80e9a0?s=96&d=mm&r=g\",\"url\":\"https:\\\/\\\/secure.gravatar.com\\\/avatar\\\/37d968a2e67a6fd04c169c4bdef102d0bc5d31b2546345219e348575eb80e9a0?s=96&d=mm&r=g\",\"contentUrl\":\"https:\\\/\\\/secure.gravatar.com\\\/avatar\\\/37d968a2e67a6fd04c169c4bdef102d0bc5d31b2546345219e348575eb80e9a0?s=96&d=mm&r=g\",\"caption\":\"redazione\"},\"sameAs\":[\"http:\\\/\\\/www.bellunopress.it\",\"https:\\\/\\\/x.com\\\/bellunopress\"],\"url\":\"https:\\\/\\\/www.bellunopress.it\\\/fr\\\/author\\\/redazione\\\/\"}]}<\/script>\n<!-- \/ Yoast SEO plugin. -->","yoast_head_json":{"title":"Le Etiopiche. Lo spettacolo di Mattia Cason gioved\u00ec 15 settembre alle 21 al Teatro Comunale - Bellunopress - Dolomiti","robots":{"index":"index","follow":"follow","max-snippet":"max-snippet:-1","max-image-preview":"max-image-preview:large","max-video-preview":"max-video-preview:-1"},"canonical":"https:\/\/www.bellunopress.it\/fr\/2022\/09\/09\/le-etiopiche-lo-spettacolo-di-mattia-cason-giovedi-15-settembre-alle-21-al-teatro-comunale\/","og_locale":"fr_FR","og_type":"article","og_title":"Le Etiopiche. Lo spettacolo di Mattia Cason gioved\u00ec 15 settembre alle 21 al Teatro Comunale - Bellunopress - Dolomiti","og_description":"Mattia Cason un talento bellunese, formatosi al teatro fin da giovanissimo grazie ai percorsi di formazione organizzati da Tib Teatro, la Scuola diretta da Daniela Nicosia diversi anni fa al Teatro Comunale, e i laboratori del Filo d\u2019Arianna Festival. Il diploma conseguito all\u2019Accademia Nico Pepe di Udine e lo studio delle tecniche del teatro danza, [&hellip;]","og_url":"https:\/\/www.bellunopress.it\/fr\/2022\/09\/09\/le-etiopiche-lo-spettacolo-di-mattia-cason-giovedi-15-settembre-alle-21-al-teatro-comunale\/","og_site_name":"Bellunopress - Dolomiti","article_publisher":"https:\/\/www.facebook.com\/profile.php?id=100008943462799","article_published_time":"2022-09-09T11:11:17+00:00","og_image":[{"width":800,"height":600,"url":"https:\/\/www.bellunopress.it\/wp-content\/uploads\/2021\/06\/teatro-comunale-1-piano_edited.jpg","type":"image\/jpeg"}],"author":"redazione","twitter_card":"summary_large_image","twitter_creator":"@bellunopress","twitter_site":"@bellunopress","twitter_misc":{"\u00c9crit par":"redazione","Dur\u00e9e de lecture estim\u00e9e":"3 minutes"},"schema":{"@context":"https:\/\/schema.org","@graph":[{"@type":"Article","@id":"https:\/\/www.bellunopress.it\/2022\/09\/09\/le-etiopiche-lo-spettacolo-di-mattia-cason-giovedi-15-settembre-alle-21-al-teatro-comunale\/#article","isPartOf":{"@id":"https:\/\/www.bellunopress.it\/2022\/09\/09\/le-etiopiche-lo-spettacolo-di-mattia-cason-giovedi-15-settembre-alle-21-al-teatro-comunale\/"},"author":{"name":"redazione","@id":"https:\/\/www.bellunopress.it\/#\/schema\/person\/79bb06722b37ece1c03d3e94beb30d73"},"headline":"Le Etiopiche. Lo spettacolo di Mattia Cason gioved\u00ec 15 settembre alle 21 al Teatro Comunale","datePublished":"2022-09-09T11:11:17+00:00","mainEntityOfPage":{"@id":"https:\/\/www.bellunopress.it\/2022\/09\/09\/le-etiopiche-lo-spettacolo-di-mattia-cason-giovedi-15-settembre-alle-21-al-teatro-comunale\/"},"wordCount":509,"publisher":{"@id":"https:\/\/www.bellunopress.it\/#organization"},"image":{"@id":"https:\/\/www.bellunopress.it\/2022\/09\/09\/le-etiopiche-lo-spettacolo-di-mattia-cason-giovedi-15-settembre-alle-21-al-teatro-comunale\/#primaryimage"},"thumbnailUrl":"https:\/\/www.bellunopress.it\/wp-content\/uploads\/2021\/06\/teatro-comunale-1-piano_edited.jpg","articleSection":["Appuntamenti, Eventi","Arte, Cultura, Spettacoli, Scienza","Pausa Caff\u00e8"],"inLanguage":"fr-FR"},{"@type":"WebPage","@id":"https:\/\/www.bellunopress.it\/2022\/09\/09\/le-etiopiche-lo-spettacolo-di-mattia-cason-giovedi-15-settembre-alle-21-al-teatro-comunale\/","url":"https:\/\/www.bellunopress.it\/2022\/09\/09\/le-etiopiche-lo-spettacolo-di-mattia-cason-giovedi-15-settembre-alle-21-al-teatro-comunale\/","name":"Le Etiopiche. Lo spettacolo di Mattia Cason gioved\u00ec 15 settembre alle 21 al Teatro Comunale - Bellunopress - Dolomiti","isPartOf":{"@id":"https:\/\/www.bellunopress.it\/#website"},"primaryImageOfPage":{"@id":"https:\/\/www.bellunopress.it\/2022\/09\/09\/le-etiopiche-lo-spettacolo-di-mattia-cason-giovedi-15-settembre-alle-21-al-teatro-comunale\/#primaryimage"},"image":{"@id":"https:\/\/www.bellunopress.it\/2022\/09\/09\/le-etiopiche-lo-spettacolo-di-mattia-cason-giovedi-15-settembre-alle-21-al-teatro-comunale\/#primaryimage"},"thumbnailUrl":"https:\/\/www.bellunopress.it\/wp-content\/uploads\/2021\/06\/teatro-comunale-1-piano_edited.jpg","datePublished":"2022-09-09T11:11:17+00:00","breadcrumb":{"@id":"https:\/\/www.bellunopress.it\/2022\/09\/09\/le-etiopiche-lo-spettacolo-di-mattia-cason-giovedi-15-settembre-alle-21-al-teatro-comunale\/#breadcrumb"},"inLanguage":"fr-FR","potentialAction":[{"@type":"ReadAction","target":["https:\/\/www.bellunopress.it\/2022\/09\/09\/le-etiopiche-lo-spettacolo-di-mattia-cason-giovedi-15-settembre-alle-21-al-teatro-comunale\/"]}]},{"@type":"ImageObject","inLanguage":"fr-FR","@id":"https:\/\/www.bellunopress.it\/2022\/09\/09\/le-etiopiche-lo-spettacolo-di-mattia-cason-giovedi-15-settembre-alle-21-al-teatro-comunale\/#primaryimage","url":"https:\/\/www.bellunopress.it\/wp-content\/uploads\/2021\/06\/teatro-comunale-1-piano_edited.jpg","contentUrl":"https:\/\/www.bellunopress.it\/wp-content\/uploads\/2021\/06\/teatro-comunale-1-piano_edited.jpg","width":800,"height":600,"caption":"Teatro Comunale di Belluno"},{"@type":"BreadcrumbList","@id":"https:\/\/www.bellunopress.it\/2022\/09\/09\/le-etiopiche-lo-spettacolo-di-mattia-cason-giovedi-15-settembre-alle-21-al-teatro-comunale\/#breadcrumb","itemListElement":[{"@type":"ListItem","position":1,"name":"Home","item":"https:\/\/www.bellunopress.it\/"},{"@type":"ListItem","position":2,"name":"Le Etiopiche. Lo spettacolo di Mattia Cason gioved\u00ec 15 settembre alle 21 al Teatro Comunale"}]},{"@type":"WebSite","@id":"https:\/\/www.bellunopress.it\/#website","url":"https:\/\/www.bellunopress.it\/","name":"Bellunopress - Dolomiti","description":"e-mail: redazione@bellunopress.it","publisher":{"@id":"https:\/\/www.bellunopress.it\/#organization"},"potentialAction":[{"@type":"SearchAction","target":{"@type":"EntryPoint","urlTemplate":"https:\/\/www.bellunopress.it\/?s={search_term_string}"},"query-input":{"@type":"PropertyValueSpecification","valueRequired":true,"valueName":"search_term_string"}}],"inLanguage":"fr-FR"},{"@type":"Organization","@id":"https:\/\/www.bellunopress.it\/#organization","name":"Bellunopress","url":"https:\/\/www.bellunopress.it\/","logo":{"@type":"ImageObject","inLanguage":"fr-FR","@id":"https:\/\/www.bellunopress.it\/#\/schema\/logo\/image\/","url":"https:\/\/www.bellunopress.it\/wp-content\/uploads\/2011\/05\/cropped-logo-bellunopress-.jpg","contentUrl":"https:\/\/www.bellunopress.it\/wp-content\/uploads\/2011\/05\/cropped-logo-bellunopress-.jpg","width":512,"height":512,"caption":"Bellunopress"},"image":{"@id":"https:\/\/www.bellunopress.it\/#\/schema\/logo\/image\/"},"sameAs":["https:\/\/www.facebook.com\/profile.php?id=100008943462799","https:\/\/x.com\/bellunopress","https:\/\/www.linkedin.com\/hp\/?dnr=JBzUWaJfMUw8vbXJJ2tVW5-I3jZKvC4wsoxE&amp;amp;amp;amp;amp;amp;trk=nav_responsive_tab_home","https:\/\/www.youtube.com\/channel\/UCxL0wu1uN0_3_7hGG0306cw"]},{"@type":"Person","@id":"https:\/\/www.bellunopress.it\/#\/schema\/person\/79bb06722b37ece1c03d3e94beb30d73","name":"r\u00e9daction","image":{"@type":"ImageObject","inLanguage":"fr-FR","@id":"https:\/\/secure.gravatar.com\/avatar\/37d968a2e67a6fd04c169c4bdef102d0bc5d31b2546345219e348575eb80e9a0?s=96&d=mm&r=g","url":"https:\/\/secure.gravatar.com\/avatar\/37d968a2e67a6fd04c169c4bdef102d0bc5d31b2546345219e348575eb80e9a0?s=96&d=mm&r=g","contentUrl":"https:\/\/secure.gravatar.com\/avatar\/37d968a2e67a6fd04c169c4bdef102d0bc5d31b2546345219e348575eb80e9a0?s=96&d=mm&r=g","caption":"redazione"},"sameAs":["http:\/\/www.bellunopress.it","https:\/\/x.com\/bellunopress"],"url":"https:\/\/www.bellunopress.it\/fr\/author\/redazione\/"}]}},"_links":{"self":[{"href":"https:\/\/www.bellunopress.it\/fr\/wp-json\/wp\/v2\/posts\/136328","targetHints":{"allow":["GET"]}}],"collection":[{"href":"https:\/\/www.bellunopress.it\/fr\/wp-json\/wp\/v2\/posts"}],"about":[{"href":"https:\/\/www.bellunopress.it\/fr\/wp-json\/wp\/v2\/types\/post"}],"author":[{"embeddable":true,"href":"https:\/\/www.bellunopress.it\/fr\/wp-json\/wp\/v2\/users\/2"}],"replies":[{"embeddable":true,"href":"https:\/\/www.bellunopress.it\/fr\/wp-json\/wp\/v2\/comments?post=136328"}],"version-history":[{"count":1,"href":"https:\/\/www.bellunopress.it\/fr\/wp-json\/wp\/v2\/posts\/136328\/revisions"}],"predecessor-version":[{"id":136329,"href":"https:\/\/www.bellunopress.it\/fr\/wp-json\/wp\/v2\/posts\/136328\/revisions\/136329"}],"wp:featuredmedia":[{"embeddable":true,"href":"https:\/\/www.bellunopress.it\/fr\/wp-json\/wp\/v2\/media\/125311"}],"wp:attachment":[{"href":"https:\/\/www.bellunopress.it\/fr\/wp-json\/wp\/v2\/media?parent=136328"}],"wp:term":[{"taxonomy":"category","embeddable":true,"href":"https:\/\/www.bellunopress.it\/fr\/wp-json\/wp\/v2\/categories?post=136328"},{"taxonomy":"post_tag","embeddable":true,"href":"https:\/\/www.bellunopress.it\/fr\/wp-json\/wp\/v2\/tags?post=136328"}],"curies":[{"name":"wp","href":"https:\/\/api.w.org\/{rel}","templated":true}]}}