{"id":136326,"date":"2022-09-09T09:51:20","date_gmt":"2022-09-09T07:51:20","guid":{"rendered":"https:\/\/www.bellunopress.it\/?p=136326"},"modified":"2022-09-09T09:51:20","modified_gmt":"2022-09-09T07:51:20","slug":"dolomiti-piu-note-sesta-edizione-della-rassegna-musicale-sulle-dolomiti-del-cadore","status":"publish","type":"post","link":"https:\/\/www.bellunopress.it\/fr\/2022\/09\/09\/dolomiti-piu-note-sesta-edizione-della-rassegna-musicale-sulle-dolomiti-del-cadore\/","title":{"rendered":"Dolomiti pi\u00f9 note. Sesta edizione della rassegna musicale sulle Dolomiti del Cadore"},"content":{"rendered":"<p><em><strong>\u201cMusica Contromano\u201d, a Malga Ciauta di Vodo di Cadore che racconta vite e personaggi capaci di piccoli e meravigliosi<\/strong><\/em><\/p>\n<p><img loading=\"lazy\" decoding=\"async\" class=\"alignleft size-full wp-image-125801\" src=\"https:\/\/www.bellunopress.it\/wp-content\/uploads\/2021\/07\/dolomiti-piu-note-1_edited.jpg\" alt=\"Concerti in Cadore\" width=\"800\" height=\"450\" srcset=\"https:\/\/www.bellunopress.it\/wp-content\/uploads\/2021\/07\/dolomiti-piu-note-1_edited.jpg 800w, https:\/\/www.bellunopress.it\/wp-content\/uploads\/2021\/07\/dolomiti-piu-note-1_edited-500x281.jpg 500w, https:\/\/www.bellunopress.it\/wp-content\/uploads\/2021\/07\/dolomiti-piu-note-1_edited-696x392.jpg 696w, https:\/\/www.bellunopress.it\/wp-content\/uploads\/2021\/07\/dolomiti-piu-note-1_edited-747x420.jpg 747w\" sizes=\"auto, (max-width: 800px) 100vw, 800px\" \/>La sesta edizione di Dolomiti Pi\u00f9 Note, la rassegna musicale promossa dalla Magnifica Comunit\u00e0 di Cadore e dalle Unioni Montane di Centro Cadore, Comelico, e Valle del Boite, si avvia al termine e 10 settembre alle ore 11.00, a Malga Ciauta di Vodo di Cadore si svolger\u00e0 il penultimo appuntamento in cartellone quest\u2019anno: \u201cMusica Contromano, vite contromano e personaggi capaci di piccoli e meravigliosi gesti\u201d, un concerto di Lorenzo Monguzzi, chitarra e voce, e Alex De Simoni, voce, fisarmonica e strumenti giocattolo.<\/p>\n<p>Lorenzo Monguzzi \u00e8 chitarrista, cantante, cantautore e compositore; storico leader del gruppo I mercanti di liquore (conosciuti per le riletture dei brani di Fabrizio De Andr\u00e8 e la collaborazione con Marco Paolini) nel 2013 inizia la carriera da solista. Le nuove composizioni spaziano tra diversi generi, mantenendo un contatto con la scuola cantautoriale, ma aprendosi al contempo nuove strade e nuove possibilit\u00e0 espressive.<br \/>\nNella performance bellunese sar\u00e0 accompagnato da Alex De Simoni, poliedrico artista valtellinese e fisarmonicista fantasioso nonch\u00e9 fondatore e front-man del Circo Abusivo.<\/p>\n<p>Il concerto si svolger\u00e0 a Malga Ciauta, a quota 1552 metri, alle pendici del Monte Pelmo, nel comune di Vodo di Cadore, da dove si gode di un panorama eccezionale che spazia verso l&#8217;Antelao, il Sorapiss e il Cristallo. La Malga \u00e8 facilmente raggiungibile anche in macchina, da Vodo di Cadore proseguendo per 8 km in una strada nel bosco ma comunque asfaltata.<br \/>\nQualsiasi aggiornamento riferito all\u2019evento sar\u00e0 pubblicato sul sito della Magnifica Comunit\u00e0<br \/>\nwww.magnificacomunitadicadore.it.<\/p>\n<p>Prossimo appuntamento. Sabato 17 settembre alle ore 11.00 al Rifugio De Doo di Costa di San Nicol\u00f2 Comelico si svolger\u00e0 l\u2019ultimo concerto in cartellone quest\u2019anno: si tratta de \u201cIl Cinema suonato. Da Amarcord a Titanic\u201d, di Marco Fedalto, Fabrizio Nasetti, Francesca Miuzzi e Mario Roveda. Un viaggio musicale fra le pi\u00f9 belle colonne sonore della storia del cinema.<\/p>\n<p>La partecipazione \u00e8 gratuita, non \u00e8 prevista la prenotazione.<br \/>\nPer informazioni: Magnifica Comunit\u00e0 di Cadore, www.magnificacomunitadicadore.it,<br \/>\ntel. 0435 32262, info@magnificacomunitadicadore.it<\/p>","protected":false},"excerpt":{"rendered":"<p>\u201cMusica Contromano\u201d, a Malga Ciauta di Vodo di Cadore che racconta vite e personaggi capaci di piccoli e meravigliosi La sesta edizione di Dolomiti Pi\u00f9 Note, la rassegna musicale promossa dalla Magnifica Comunit\u00e0 di Cadore e dalle Unioni Montane di Centro Cadore, Comelico, e Valle del Boite, si avvia al termine e 10 settembre alle [&hellip;]<\/p>\n","protected":false},"author":2,"featured_media":125801,"comment_status":"closed","ping_status":"open","sticky":false,"template":"","format":"standard","meta":{"footnotes":""},"categories":[27,3,25],"tags":[],"class_list":["post-136326","post","type-post","status-publish","format-standard","has-post-thumbnail","category-appuntamenti","category-arte-cultura-spettacoli-scienza-archivi","category-pausa-caffe"],"yoast_head":"<!-- This site is optimized with the Yoast SEO plugin v28.4 - https:\/\/yoast.com\/product\/yoast-seo-wordpress\/ -->\n<title>Dolomiti pi\u00f9 note. Sesta edizione della rassegna musicale sulle Dolomiti del Cadore - Bellunopress - Dolomiti<\/title>\n<meta name=\"robots\" content=\"index, follow, max-snippet:-1, max-image-preview:large, max-video-preview:-1\" \/>\n<link rel=\"canonical\" href=\"https:\/\/www.bellunopress.it\/fr\/2022\/09\/09\/dolomiti-piu-note-sesta-edizione-della-rassegna-musicale-sulle-dolomiti-del-cadore\/\" \/>\n<meta property=\"og:locale\" content=\"fr_FR\" \/>\n<meta property=\"og:type\" content=\"article\" \/>\n<meta property=\"og:title\" content=\"Dolomiti pi\u00f9 note. Sesta edizione della rassegna musicale sulle Dolomiti del Cadore - Bellunopress - Dolomiti\" \/>\n<meta property=\"og:description\" content=\"\u201cMusica Contromano\u201d, a Malga Ciauta di Vodo di Cadore che racconta vite e personaggi capaci di piccoli e meravigliosi La sesta edizione di Dolomiti Pi\u00f9 Note, la rassegna musicale promossa dalla Magnifica Comunit\u00e0 di Cadore e dalle Unioni Montane di Centro Cadore, Comelico, e Valle del Boite, si avvia al termine e 10 settembre alle [&hellip;]\" \/>\n<meta property=\"og:url\" content=\"https:\/\/www.bellunopress.it\/fr\/2022\/09\/09\/dolomiti-piu-note-sesta-edizione-della-rassegna-musicale-sulle-dolomiti-del-cadore\/\" \/>\n<meta property=\"og:site_name\" content=\"Bellunopress - Dolomiti\" \/>\n<meta property=\"article:publisher\" content=\"https:\/\/www.facebook.com\/profile.php?id=100008943462799\" \/>\n<meta property=\"article:published_time\" content=\"2022-09-09T07:51:20+00:00\" \/>\n<meta property=\"og:image\" content=\"https:\/\/www.bellunopress.it\/wp-content\/uploads\/2021\/07\/dolomiti-piu-note-1_edited.jpg\" \/>\n\t<meta property=\"og:image:width\" content=\"800\" \/>\n\t<meta property=\"og:image:height\" content=\"450\" \/>\n\t<meta property=\"og:image:type\" content=\"image\/jpeg\" \/>\n<meta name=\"author\" content=\"redazione\" \/>\n<meta name=\"twitter:card\" content=\"summary_large_image\" \/>\n<meta name=\"twitter:creator\" content=\"@bellunopress\" \/>\n<meta name=\"twitter:site\" content=\"@bellunopress\" \/>\n<meta name=\"twitter:label1\" content=\"\u00c9crit par\" \/>\n\t<meta name=\"twitter:data1\" content=\"redazione\" \/>\n\t<meta name=\"twitter:label2\" content=\"Dur\u00e9e de lecture estim\u00e9e\" \/>\n\t<meta name=\"twitter:data2\" content=\"3 minutes\" \/>\n<script type=\"application\/ld+json\" class=\"yoast-schema-graph\">{\"@context\":\"https:\\\/\\\/schema.org\",\"@graph\":[{\"@type\":\"Article\",\"@id\":\"https:\\\/\\\/www.bellunopress.it\\\/2022\\\/09\\\/09\\\/dolomiti-piu-note-sesta-edizione-della-rassegna-musicale-sulle-dolomiti-del-cadore\\\/#article\",\"isPartOf\":{\"@id\":\"https:\\\/\\\/www.bellunopress.it\\\/2022\\\/09\\\/09\\\/dolomiti-piu-note-sesta-edizione-della-rassegna-musicale-sulle-dolomiti-del-cadore\\\/\"},\"author\":{\"name\":\"redazione\",\"@id\":\"https:\\\/\\\/www.bellunopress.it\\\/#\\\/schema\\\/person\\\/79bb06722b37ece1c03d3e94beb30d73\"},\"headline\":\"Dolomiti pi\u00f9 note. Sesta edizione della rassegna musicale sulle Dolomiti del Cadore\",\"datePublished\":\"2022-09-09T07:51:20+00:00\",\"mainEntityOfPage\":{\"@id\":\"https:\\\/\\\/www.bellunopress.it\\\/2022\\\/09\\\/09\\\/dolomiti-piu-note-sesta-edizione-della-rassegna-musicale-sulle-dolomiti-del-cadore\\\/\"},\"wordCount\":349,\"publisher\":{\"@id\":\"https:\\\/\\\/www.bellunopress.it\\\/#organization\"},\"image\":{\"@id\":\"https:\\\/\\\/www.bellunopress.it\\\/2022\\\/09\\\/09\\\/dolomiti-piu-note-sesta-edizione-della-rassegna-musicale-sulle-dolomiti-del-cadore\\\/#primaryimage\"},\"thumbnailUrl\":\"https:\\\/\\\/www.bellunopress.it\\\/wp-content\\\/uploads\\\/2021\\\/07\\\/dolomiti-piu-note-1_edited.jpg\",\"articleSection\":[\"Appuntamenti, Eventi\",\"Arte, Cultura, Spettacoli, Scienza\",\"Pausa Caff\u00e8\"],\"inLanguage\":\"fr-FR\"},{\"@type\":\"WebPage\",\"@id\":\"https:\\\/\\\/www.bellunopress.it\\\/2022\\\/09\\\/09\\\/dolomiti-piu-note-sesta-edizione-della-rassegna-musicale-sulle-dolomiti-del-cadore\\\/\",\"url\":\"https:\\\/\\\/www.bellunopress.it\\\/2022\\\/09\\\/09\\\/dolomiti-piu-note-sesta-edizione-della-rassegna-musicale-sulle-dolomiti-del-cadore\\\/\",\"name\":\"Dolomiti pi\u00f9 note. Sesta edizione della rassegna musicale sulle Dolomiti del Cadore - Bellunopress - Dolomiti\",\"isPartOf\":{\"@id\":\"https:\\\/\\\/www.bellunopress.it\\\/#website\"},\"primaryImageOfPage\":{\"@id\":\"https:\\\/\\\/www.bellunopress.it\\\/2022\\\/09\\\/09\\\/dolomiti-piu-note-sesta-edizione-della-rassegna-musicale-sulle-dolomiti-del-cadore\\\/#primaryimage\"},\"image\":{\"@id\":\"https:\\\/\\\/www.bellunopress.it\\\/2022\\\/09\\\/09\\\/dolomiti-piu-note-sesta-edizione-della-rassegna-musicale-sulle-dolomiti-del-cadore\\\/#primaryimage\"},\"thumbnailUrl\":\"https:\\\/\\\/www.bellunopress.it\\\/wp-content\\\/uploads\\\/2021\\\/07\\\/dolomiti-piu-note-1_edited.jpg\",\"datePublished\":\"2022-09-09T07:51:20+00:00\",\"breadcrumb\":{\"@id\":\"https:\\\/\\\/www.bellunopress.it\\\/2022\\\/09\\\/09\\\/dolomiti-piu-note-sesta-edizione-della-rassegna-musicale-sulle-dolomiti-del-cadore\\\/#breadcrumb\"},\"inLanguage\":\"fr-FR\",\"potentialAction\":[{\"@type\":\"ReadAction\",\"target\":[\"https:\\\/\\\/www.bellunopress.it\\\/2022\\\/09\\\/09\\\/dolomiti-piu-note-sesta-edizione-della-rassegna-musicale-sulle-dolomiti-del-cadore\\\/\"]}]},{\"@type\":\"ImageObject\",\"inLanguage\":\"fr-FR\",\"@id\":\"https:\\\/\\\/www.bellunopress.it\\\/2022\\\/09\\\/09\\\/dolomiti-piu-note-sesta-edizione-della-rassegna-musicale-sulle-dolomiti-del-cadore\\\/#primaryimage\",\"url\":\"https:\\\/\\\/www.bellunopress.it\\\/wp-content\\\/uploads\\\/2021\\\/07\\\/dolomiti-piu-note-1_edited.jpg\",\"contentUrl\":\"https:\\\/\\\/www.bellunopress.it\\\/wp-content\\\/uploads\\\/2021\\\/07\\\/dolomiti-piu-note-1_edited.jpg\",\"width\":800,\"height\":450,\"caption\":\"Concerti in Cadore\"},{\"@type\":\"BreadcrumbList\",\"@id\":\"https:\\\/\\\/www.bellunopress.it\\\/2022\\\/09\\\/09\\\/dolomiti-piu-note-sesta-edizione-della-rassegna-musicale-sulle-dolomiti-del-cadore\\\/#breadcrumb\",\"itemListElement\":[{\"@type\":\"ListItem\",\"position\":1,\"name\":\"Home\",\"item\":\"https:\\\/\\\/www.bellunopress.it\\\/\"},{\"@type\":\"ListItem\",\"position\":2,\"name\":\"Dolomiti pi\u00f9 note. Sesta edizione della rassegna musicale sulle Dolomiti del Cadore\"}]},{\"@type\":\"WebSite\",\"@id\":\"https:\\\/\\\/www.bellunopress.it\\\/#website\",\"url\":\"https:\\\/\\\/www.bellunopress.it\\\/\",\"name\":\"Bellunopress - Dolomiti\",\"description\":\"e-mail: redazione@bellunopress.it\",\"publisher\":{\"@id\":\"https:\\\/\\\/www.bellunopress.it\\\/#organization\"},\"potentialAction\":[{\"@type\":\"SearchAction\",\"target\":{\"@type\":\"EntryPoint\",\"urlTemplate\":\"https:\\\/\\\/www.bellunopress.it\\\/?s={search_term_string}\"},\"query-input\":{\"@type\":\"PropertyValueSpecification\",\"valueRequired\":true,\"valueName\":\"search_term_string\"}}],\"inLanguage\":\"fr-FR\"},{\"@type\":\"Organization\",\"@id\":\"https:\\\/\\\/www.bellunopress.it\\\/#organization\",\"name\":\"Bellunopress\",\"url\":\"https:\\\/\\\/www.bellunopress.it\\\/\",\"logo\":{\"@type\":\"ImageObject\",\"inLanguage\":\"fr-FR\",\"@id\":\"https:\\\/\\\/www.bellunopress.it\\\/#\\\/schema\\\/logo\\\/image\\\/\",\"url\":\"https:\\\/\\\/www.bellunopress.it\\\/wp-content\\\/uploads\\\/2011\\\/05\\\/cropped-logo-bellunopress-.jpg\",\"contentUrl\":\"https:\\\/\\\/www.bellunopress.it\\\/wp-content\\\/uploads\\\/2011\\\/05\\\/cropped-logo-bellunopress-.jpg\",\"width\":512,\"height\":512,\"caption\":\"Bellunopress\"},\"image\":{\"@id\":\"https:\\\/\\\/www.bellunopress.it\\\/#\\\/schema\\\/logo\\\/image\\\/\"},\"sameAs\":[\"https:\\\/\\\/www.facebook.com\\\/profile.php?id=100008943462799\",\"https:\\\/\\\/x.com\\\/bellunopress\",\"https:\\\/\\\/www.linkedin.com\\\/hp\\\/?dnr=JBzUWaJfMUw8vbXJJ2tVW5-I3jZKvC4wsoxE&amp;amp;amp;amp;amp;amp;trk=nav_responsive_tab_home\",\"https:\\\/\\\/www.youtube.com\\\/channel\\\/UCxL0wu1uN0_3_7hGG0306cw\"]},{\"@type\":\"Person\",\"@id\":\"https:\\\/\\\/www.bellunopress.it\\\/#\\\/schema\\\/person\\\/79bb06722b37ece1c03d3e94beb30d73\",\"name\":\"redazione\",\"image\":{\"@type\":\"ImageObject\",\"inLanguage\":\"fr-FR\",\"@id\":\"https:\\\/\\\/secure.gravatar.com\\\/avatar\\\/37d968a2e67a6fd04c169c4bdef102d0bc5d31b2546345219e348575eb80e9a0?s=96&d=mm&r=g\",\"url\":\"https:\\\/\\\/secure.gravatar.com\\\/avatar\\\/37d968a2e67a6fd04c169c4bdef102d0bc5d31b2546345219e348575eb80e9a0?s=96&d=mm&r=g\",\"contentUrl\":\"https:\\\/\\\/secure.gravatar.com\\\/avatar\\\/37d968a2e67a6fd04c169c4bdef102d0bc5d31b2546345219e348575eb80e9a0?s=96&d=mm&r=g\",\"caption\":\"redazione\"},\"sameAs\":[\"http:\\\/\\\/www.bellunopress.it\",\"https:\\\/\\\/x.com\\\/bellunopress\"],\"url\":\"https:\\\/\\\/www.bellunopress.it\\\/fr\\\/author\\\/redazione\\\/\"}]}<\/script>\n<!-- \/ Yoast SEO plugin. -->","yoast_head_json":{"title":"Dolomiti pi\u00f9 note. Sesta edizione della rassegna musicale sulle Dolomiti del Cadore - Bellunopress - Dolomiti","robots":{"index":"index","follow":"follow","max-snippet":"max-snippet:-1","max-image-preview":"max-image-preview:large","max-video-preview":"max-video-preview:-1"},"canonical":"https:\/\/www.bellunopress.it\/fr\/2022\/09\/09\/dolomiti-piu-note-sesta-edizione-della-rassegna-musicale-sulle-dolomiti-del-cadore\/","og_locale":"fr_FR","og_type":"article","og_title":"Dolomiti pi\u00f9 note. Sesta edizione della rassegna musicale sulle Dolomiti del Cadore - Bellunopress - Dolomiti","og_description":"\u201cMusica Contromano\u201d, a Malga Ciauta di Vodo di Cadore che racconta vite e personaggi capaci di piccoli e meravigliosi La sesta edizione di Dolomiti Pi\u00f9 Note, la rassegna musicale promossa dalla Magnifica Comunit\u00e0 di Cadore e dalle Unioni Montane di Centro Cadore, Comelico, e Valle del Boite, si avvia al termine e 10 settembre alle [&hellip;]","og_url":"https:\/\/www.bellunopress.it\/fr\/2022\/09\/09\/dolomiti-piu-note-sesta-edizione-della-rassegna-musicale-sulle-dolomiti-del-cadore\/","og_site_name":"Bellunopress - Dolomiti","article_publisher":"https:\/\/www.facebook.com\/profile.php?id=100008943462799","article_published_time":"2022-09-09T07:51:20+00:00","og_image":[{"width":800,"height":450,"url":"https:\/\/www.bellunopress.it\/wp-content\/uploads\/2021\/07\/dolomiti-piu-note-1_edited.jpg","type":"image\/jpeg"}],"author":"redazione","twitter_card":"summary_large_image","twitter_creator":"@bellunopress","twitter_site":"@bellunopress","twitter_misc":{"\u00c9crit par":"redazione","Dur\u00e9e de lecture estim\u00e9e":"3 minutes"},"schema":{"@context":"https:\/\/schema.org","@graph":[{"@type":"Article","@id":"https:\/\/www.bellunopress.it\/2022\/09\/09\/dolomiti-piu-note-sesta-edizione-della-rassegna-musicale-sulle-dolomiti-del-cadore\/#article","isPartOf":{"@id":"https:\/\/www.bellunopress.it\/2022\/09\/09\/dolomiti-piu-note-sesta-edizione-della-rassegna-musicale-sulle-dolomiti-del-cadore\/"},"author":{"name":"redazione","@id":"https:\/\/www.bellunopress.it\/#\/schema\/person\/79bb06722b37ece1c03d3e94beb30d73"},"headline":"Dolomiti pi\u00f9 note. Sesta edizione della rassegna musicale sulle Dolomiti del Cadore","datePublished":"2022-09-09T07:51:20+00:00","mainEntityOfPage":{"@id":"https:\/\/www.bellunopress.it\/2022\/09\/09\/dolomiti-piu-note-sesta-edizione-della-rassegna-musicale-sulle-dolomiti-del-cadore\/"},"wordCount":349,"publisher":{"@id":"https:\/\/www.bellunopress.it\/#organization"},"image":{"@id":"https:\/\/www.bellunopress.it\/2022\/09\/09\/dolomiti-piu-note-sesta-edizione-della-rassegna-musicale-sulle-dolomiti-del-cadore\/#primaryimage"},"thumbnailUrl":"https:\/\/www.bellunopress.it\/wp-content\/uploads\/2021\/07\/dolomiti-piu-note-1_edited.jpg","articleSection":["Appuntamenti, Eventi","Arte, Cultura, Spettacoli, Scienza","Pausa Caff\u00e8"],"inLanguage":"fr-FR"},{"@type":"WebPage","@id":"https:\/\/www.bellunopress.it\/2022\/09\/09\/dolomiti-piu-note-sesta-edizione-della-rassegna-musicale-sulle-dolomiti-del-cadore\/","url":"https:\/\/www.bellunopress.it\/2022\/09\/09\/dolomiti-piu-note-sesta-edizione-della-rassegna-musicale-sulle-dolomiti-del-cadore\/","name":"Dolomiti pi\u00f9 note. Sesta edizione della rassegna musicale sulle Dolomiti del Cadore - Bellunopress - Dolomiti","isPartOf":{"@id":"https:\/\/www.bellunopress.it\/#website"},"primaryImageOfPage":{"@id":"https:\/\/www.bellunopress.it\/2022\/09\/09\/dolomiti-piu-note-sesta-edizione-della-rassegna-musicale-sulle-dolomiti-del-cadore\/#primaryimage"},"image":{"@id":"https:\/\/www.bellunopress.it\/2022\/09\/09\/dolomiti-piu-note-sesta-edizione-della-rassegna-musicale-sulle-dolomiti-del-cadore\/#primaryimage"},"thumbnailUrl":"https:\/\/www.bellunopress.it\/wp-content\/uploads\/2021\/07\/dolomiti-piu-note-1_edited.jpg","datePublished":"2022-09-09T07:51:20+00:00","breadcrumb":{"@id":"https:\/\/www.bellunopress.it\/2022\/09\/09\/dolomiti-piu-note-sesta-edizione-della-rassegna-musicale-sulle-dolomiti-del-cadore\/#breadcrumb"},"inLanguage":"fr-FR","potentialAction":[{"@type":"ReadAction","target":["https:\/\/www.bellunopress.it\/2022\/09\/09\/dolomiti-piu-note-sesta-edizione-della-rassegna-musicale-sulle-dolomiti-del-cadore\/"]}]},{"@type":"ImageObject","inLanguage":"fr-FR","@id":"https:\/\/www.bellunopress.it\/2022\/09\/09\/dolomiti-piu-note-sesta-edizione-della-rassegna-musicale-sulle-dolomiti-del-cadore\/#primaryimage","url":"https:\/\/www.bellunopress.it\/wp-content\/uploads\/2021\/07\/dolomiti-piu-note-1_edited.jpg","contentUrl":"https:\/\/www.bellunopress.it\/wp-content\/uploads\/2021\/07\/dolomiti-piu-note-1_edited.jpg","width":800,"height":450,"caption":"Concerti in Cadore"},{"@type":"BreadcrumbList","@id":"https:\/\/www.bellunopress.it\/2022\/09\/09\/dolomiti-piu-note-sesta-edizione-della-rassegna-musicale-sulle-dolomiti-del-cadore\/#breadcrumb","itemListElement":[{"@type":"ListItem","position":1,"name":"Home","item":"https:\/\/www.bellunopress.it\/"},{"@type":"ListItem","position":2,"name":"Dolomiti pi\u00f9 note. Sesta edizione della rassegna musicale sulle Dolomiti del Cadore"}]},{"@type":"WebSite","@id":"https:\/\/www.bellunopress.it\/#website","url":"https:\/\/www.bellunopress.it\/","name":"Bellunopress - Dolomiti","description":"e-mail: redazione@bellunopress.it","publisher":{"@id":"https:\/\/www.bellunopress.it\/#organization"},"potentialAction":[{"@type":"SearchAction","target":{"@type":"EntryPoint","urlTemplate":"https:\/\/www.bellunopress.it\/?s={search_term_string}"},"query-input":{"@type":"PropertyValueSpecification","valueRequired":true,"valueName":"search_term_string"}}],"inLanguage":"fr-FR"},{"@type":"Organization","@id":"https:\/\/www.bellunopress.it\/#organization","name":"Bellunopress","url":"https:\/\/www.bellunopress.it\/","logo":{"@type":"ImageObject","inLanguage":"fr-FR","@id":"https:\/\/www.bellunopress.it\/#\/schema\/logo\/image\/","url":"https:\/\/www.bellunopress.it\/wp-content\/uploads\/2011\/05\/cropped-logo-bellunopress-.jpg","contentUrl":"https:\/\/www.bellunopress.it\/wp-content\/uploads\/2011\/05\/cropped-logo-bellunopress-.jpg","width":512,"height":512,"caption":"Bellunopress"},"image":{"@id":"https:\/\/www.bellunopress.it\/#\/schema\/logo\/image\/"},"sameAs":["https:\/\/www.facebook.com\/profile.php?id=100008943462799","https:\/\/x.com\/bellunopress","https:\/\/www.linkedin.com\/hp\/?dnr=JBzUWaJfMUw8vbXJJ2tVW5-I3jZKvC4wsoxE&amp;amp;amp;amp;amp;amp;trk=nav_responsive_tab_home","https:\/\/www.youtube.com\/channel\/UCxL0wu1uN0_3_7hGG0306cw"]},{"@type":"Person","@id":"https:\/\/www.bellunopress.it\/#\/schema\/person\/79bb06722b37ece1c03d3e94beb30d73","name":"r\u00e9daction","image":{"@type":"ImageObject","inLanguage":"fr-FR","@id":"https:\/\/secure.gravatar.com\/avatar\/37d968a2e67a6fd04c169c4bdef102d0bc5d31b2546345219e348575eb80e9a0?s=96&d=mm&r=g","url":"https:\/\/secure.gravatar.com\/avatar\/37d968a2e67a6fd04c169c4bdef102d0bc5d31b2546345219e348575eb80e9a0?s=96&d=mm&r=g","contentUrl":"https:\/\/secure.gravatar.com\/avatar\/37d968a2e67a6fd04c169c4bdef102d0bc5d31b2546345219e348575eb80e9a0?s=96&d=mm&r=g","caption":"redazione"},"sameAs":["http:\/\/www.bellunopress.it","https:\/\/x.com\/bellunopress"],"url":"https:\/\/www.bellunopress.it\/fr\/author\/redazione\/"}]}},"_links":{"self":[{"href":"https:\/\/www.bellunopress.it\/fr\/wp-json\/wp\/v2\/posts\/136326","targetHints":{"allow":["GET"]}}],"collection":[{"href":"https:\/\/www.bellunopress.it\/fr\/wp-json\/wp\/v2\/posts"}],"about":[{"href":"https:\/\/www.bellunopress.it\/fr\/wp-json\/wp\/v2\/types\/post"}],"author":[{"embeddable":true,"href":"https:\/\/www.bellunopress.it\/fr\/wp-json\/wp\/v2\/users\/2"}],"replies":[{"embeddable":true,"href":"https:\/\/www.bellunopress.it\/fr\/wp-json\/wp\/v2\/comments?post=136326"}],"version-history":[{"count":1,"href":"https:\/\/www.bellunopress.it\/fr\/wp-json\/wp\/v2\/posts\/136326\/revisions"}],"predecessor-version":[{"id":136327,"href":"https:\/\/www.bellunopress.it\/fr\/wp-json\/wp\/v2\/posts\/136326\/revisions\/136327"}],"wp:featuredmedia":[{"embeddable":true,"href":"https:\/\/www.bellunopress.it\/fr\/wp-json\/wp\/v2\/media\/125801"}],"wp:attachment":[{"href":"https:\/\/www.bellunopress.it\/fr\/wp-json\/wp\/v2\/media?parent=136326"}],"wp:term":[{"taxonomy":"category","embeddable":true,"href":"https:\/\/www.bellunopress.it\/fr\/wp-json\/wp\/v2\/categories?post=136326"},{"taxonomy":"post_tag","embeddable":true,"href":"https:\/\/www.bellunopress.it\/fr\/wp-json\/wp\/v2\/tags?post=136326"}],"curies":[{"name":"wp","href":"https:\/\/api.w.org\/{rel}","templated":true}]}}