{"id":136323,"date":"2022-09-09T09:46:53","date_gmt":"2022-09-09T07:46:53","guid":{"rendered":"https:\/\/www.bellunopress.it\/?p=136323"},"modified":"2022-09-09T09:46:53","modified_gmt":"2022-09-09T07:46:53","slug":"a-tavola-nel-feltrino-torna-il-fagiolo-di-lamon-16-17-18-settembre-con-spettacoli-mostre-e-stand-gastronomici","status":"publish","type":"post","link":"https:\/\/www.bellunopress.it\/fr\/2022\/09\/09\/a-tavola-nel-feltrino-torna-il-fagiolo-di-lamon-16-17-18-settembre-con-spettacoli-mostre-e-stand-gastronomici\/","title":{"rendered":"A Tavola nel Feltrino. Torna il fagiolo di Lamon 16-17-18 settembre con spettacoli mostre e stand gastronomici"},"content":{"rendered":"<p><img loading=\"lazy\" decoding=\"async\" class=\"alignleft size-full wp-image-136324\" src=\"https:\/\/www.bellunopress.it\/wp-content\/uploads\/2022\/09\/Lamon-A-tavola-nel-Feltrino-il-fagiolo_edited.jpg\" alt=\"\" width=\"691\" height=\"571\" srcset=\"https:\/\/www.bellunopress.it\/wp-content\/uploads\/2022\/09\/Lamon-A-tavola-nel-Feltrino-il-fagiolo_edited.jpg 691w, https:\/\/www.bellunopress.it\/wp-content\/uploads\/2022\/09\/Lamon-A-tavola-nel-Feltrino-il-fagiolo_edited-500x413.jpg 500w, https:\/\/www.bellunopress.it\/wp-content\/uploads\/2022\/09\/Lamon-A-tavola-nel-Feltrino-il-fagiolo_edited-508x420.jpg 508w\" sizes=\"auto, (max-width: 691px) 100vw, 691px\" \/>Dopo due anni di pausa forzata, torna a Lamon la festa del fagiolo che quest\u2019anno compie 31 anni. L\u2019ultima edizione completa \u00e8 datata infatti 2019, mentre nel 2020 e 2021 a causa della pandemia la manifestazione \u00e8 stata sospesa e sostituita con una mostra mercato del fagiolo.<\/p>\n<p>Nell\u2019anno della ripresa della festa, i produttori stanno facendo i conti con le bizze del tempo, il grande caldo e la siccit\u00e0 in particolare, ma tutti stanno lavorando a pieno regime per assicurare ai visitatori che arriveranno sull\u2019altopiano lamonese un programma all\u2019altezza della tradizione. E quindi largo alla gastronomia, agli spettacoli e alle mostre.<br \/>\nLa festa del fagiolo prender\u00e0 il via venerd\u00ec 16 settembre con un concerto corale dal titolo \u201cLe voci della festa\u201d che vedr\u00e0 sul palco della sala parrocchiale mons. Gaio il coro Monte Coppolo di Lamon, il coro Piave Ana di Feltre e il coro Convivium di Arsi\u00e8. Gi\u00e0 nella sera di venerd\u00ec apriranno gli stand gastronomici mentre in vari punti del paese ci sar\u00e0 musica dal vivo.<br \/>\nLa cerimonia inaugurale, come avviene da qualche edizione, \u00e8 fissata per sabato mattina, 17 settembre, alle 11 nella sala parrocchiale. Sempre al mattino di sabato aprono la mostra mercato per la vendita del fagiolo della stagione 2022 e il mercatino dell\u2019artigianato con cento espositori lungo le vie del paese. Al pomeriggio il folclore del gruppo di Cesiomaggiore, l\u2019animazione per bambini con Mr. Coso e alla sera la musica dal vivo.<\/p>\n<p>Domenica \u00e8 la giornata clou della festa con molti momenti di spettacolo fin dal mattino, e per tutto il pomeriggio, dal folclore del Primiero a quello del gruppo Danzerini di Aviano. E poi spettacoli per bambini e musica di tutti i generi in strade e piazze del paese. Un ruolo importante nella festa hanno le mostre, la principale \u00e8 ospitata nella ex chiesa di San Daniele ed \u00e8 dedicata ad un tema quanto mai attuale, gli effetti dei cambiamenti climatici sui ghiacciai delle Pale di San Martino. E nell\u2019anno di Buzzati, ci sar\u00e0 spazio per la mostra \u201cI miracoli di Val Canzoi\u201d, omaggio di Giovanni Trimeri e GianAntonio Cecchin all\u2019opera \u201cI miracoli di Val Morel\u201d di Buzzati.<\/p>\n<p>Gli stand gastronomici accoglieranno coloro che vogliono assaggiare i piatti della tradizione lamonese e bellunese a base soprattutto di fagioli e sono allestiti dalla Us Malacarne Auto Lamonese, dalla Polisportiva di Sovramonte e dal Quartiere Castello di Feltre. Aperti anche il ristorante Casel di Pezz\u00e8 e in piazza il punto assaggi del gruppo Reves e Protezione civile. Tutti i ristoranti e i locali del paese partecipano poi all\u2019iniziativa dell\u2019itinerario gastronomico, nei loro men\u00f9 il protagonista sar\u00e0 ovviamente il fagiolo.<br \/>\nLa festa \u00e8 organizzata dal Comune di Lamon, dalla Pro loco e dal Consorzio di tutela del fagiolo di Lamon.<\/p>","protected":false},"excerpt":{"rendered":"<p>Dopo due anni di pausa forzata, torna a Lamon la festa del fagiolo che quest\u2019anno compie 31 anni. L\u2019ultima edizione completa \u00e8 datata infatti 2019, mentre nel 2020 e 2021 a causa della pandemia la manifestazione \u00e8 stata sospesa e sostituita con una mostra mercato del fagiolo. Nell\u2019anno della ripresa della festa, i produttori stanno [&hellip;]<\/p>\n","protected":false},"author":2,"featured_media":136324,"comment_status":"closed","ping_status":"open","sticky":false,"template":"","format":"standard","meta":{"footnotes":""},"categories":[27,3393,25,8],"tags":[],"class_list":["post-136323","post","type-post","status-publish","format-standard","has-post-thumbnail","category-appuntamenti","category-eventi-enogastronomici","category-pausa-caffe","category-societa-istituzioni"],"yoast_head":"<!-- This site is optimized with the Yoast SEO plugin v28.4 - https:\/\/yoast.com\/product\/yoast-seo-wordpress\/ -->\n<title>A Tavola nel Feltrino. Torna il fagiolo di Lamon 16-17-18 settembre con spettacoli mostre e stand gastronomici - Bellunopress - Dolomiti<\/title>\n<meta name=\"robots\" content=\"index, follow, max-snippet:-1, max-image-preview:large, max-video-preview:-1\" \/>\n<link rel=\"canonical\" href=\"https:\/\/www.bellunopress.it\/fr\/2022\/09\/09\/a-tavola-nel-feltrino-torna-il-fagiolo-di-lamon-16-17-18-settembre-con-spettacoli-mostre-e-stand-gastronomici\/\" \/>\n<meta property=\"og:locale\" content=\"fr_FR\" \/>\n<meta property=\"og:type\" content=\"article\" \/>\n<meta property=\"og:title\" content=\"A Tavola nel Feltrino. Torna il fagiolo di Lamon 16-17-18 settembre con spettacoli mostre e stand gastronomici - Bellunopress - Dolomiti\" \/>\n<meta property=\"og:description\" content=\"Dopo due anni di pausa forzata, torna a Lamon la festa del fagiolo che quest\u2019anno compie 31 anni. L\u2019ultima edizione completa \u00e8 datata infatti 2019, mentre nel 2020 e 2021 a causa della pandemia la manifestazione \u00e8 stata sospesa e sostituita con una mostra mercato del fagiolo. Nell\u2019anno della ripresa della festa, i produttori stanno [&hellip;]\" \/>\n<meta property=\"og:url\" content=\"https:\/\/www.bellunopress.it\/fr\/2022\/09\/09\/a-tavola-nel-feltrino-torna-il-fagiolo-di-lamon-16-17-18-settembre-con-spettacoli-mostre-e-stand-gastronomici\/\" \/>\n<meta property=\"og:site_name\" content=\"Bellunopress - Dolomiti\" \/>\n<meta property=\"article:publisher\" content=\"https:\/\/www.facebook.com\/profile.php?id=100008943462799\" \/>\n<meta property=\"article:published_time\" content=\"2022-09-09T07:46:53+00:00\" \/>\n<meta property=\"og:image\" content=\"https:\/\/www.bellunopress.it\/wp-content\/uploads\/2022\/09\/Lamon-A-tavola-nel-Feltrino-il-fagiolo_edited.jpg\" \/>\n\t<meta property=\"og:image:width\" content=\"691\" \/>\n\t<meta property=\"og:image:height\" content=\"571\" \/>\n\t<meta property=\"og:image:type\" content=\"image\/jpeg\" \/>\n<meta name=\"author\" content=\"redazione\" \/>\n<meta name=\"twitter:card\" content=\"summary_large_image\" \/>\n<meta name=\"twitter:creator\" content=\"@bellunopress\" \/>\n<meta name=\"twitter:site\" content=\"@bellunopress\" \/>\n<meta name=\"twitter:label1\" content=\"\u00c9crit par\" \/>\n\t<meta name=\"twitter:data1\" content=\"redazione\" \/>\n\t<meta name=\"twitter:label2\" content=\"Dur\u00e9e de lecture estim\u00e9e\" \/>\n\t<meta name=\"twitter:data2\" content=\"3 minutes\" \/>\n<script type=\"application\/ld+json\" class=\"yoast-schema-graph\">{\"@context\":\"https:\\\/\\\/schema.org\",\"@graph\":[{\"@type\":\"Article\",\"@id\":\"https:\\\/\\\/www.bellunopress.it\\\/2022\\\/09\\\/09\\\/a-tavola-nel-feltrino-torna-il-fagiolo-di-lamon-16-17-18-settembre-con-spettacoli-mostre-e-stand-gastronomici\\\/#article\",\"isPartOf\":{\"@id\":\"https:\\\/\\\/www.bellunopress.it\\\/2022\\\/09\\\/09\\\/a-tavola-nel-feltrino-torna-il-fagiolo-di-lamon-16-17-18-settembre-con-spettacoli-mostre-e-stand-gastronomici\\\/\"},\"author\":{\"name\":\"redazione\",\"@id\":\"https:\\\/\\\/www.bellunopress.it\\\/#\\\/schema\\\/person\\\/79bb06722b37ece1c03d3e94beb30d73\"},\"headline\":\"A Tavola nel Feltrino. Torna il fagiolo di Lamon 16-17-18 settembre con spettacoli mostre e stand gastronomici\",\"datePublished\":\"2022-09-09T07:46:53+00:00\",\"mainEntityOfPage\":{\"@id\":\"https:\\\/\\\/www.bellunopress.it\\\/2022\\\/09\\\/09\\\/a-tavola-nel-feltrino-torna-il-fagiolo-di-lamon-16-17-18-settembre-con-spettacoli-mostre-e-stand-gastronomici\\\/\"},\"wordCount\":468,\"publisher\":{\"@id\":\"https:\\\/\\\/www.bellunopress.it\\\/#organization\"},\"image\":{\"@id\":\"https:\\\/\\\/www.bellunopress.it\\\/2022\\\/09\\\/09\\\/a-tavola-nel-feltrino-torna-il-fagiolo-di-lamon-16-17-18-settembre-con-spettacoli-mostre-e-stand-gastronomici\\\/#primaryimage\"},\"thumbnailUrl\":\"https:\\\/\\\/www.bellunopress.it\\\/wp-content\\\/uploads\\\/2022\\\/09\\\/Lamon-A-tavola-nel-Feltrino-il-fagiolo_edited.jpg\",\"articleSection\":[\"Appuntamenti, Eventi\",\"Eventi enogastronomici\",\"Pausa Caff\u00e8\",\"Societ\u00e0, Associazioni, Istituzioni\"],\"inLanguage\":\"fr-FR\"},{\"@type\":\"WebPage\",\"@id\":\"https:\\\/\\\/www.bellunopress.it\\\/2022\\\/09\\\/09\\\/a-tavola-nel-feltrino-torna-il-fagiolo-di-lamon-16-17-18-settembre-con-spettacoli-mostre-e-stand-gastronomici\\\/\",\"url\":\"https:\\\/\\\/www.bellunopress.it\\\/2022\\\/09\\\/09\\\/a-tavola-nel-feltrino-torna-il-fagiolo-di-lamon-16-17-18-settembre-con-spettacoli-mostre-e-stand-gastronomici\\\/\",\"name\":\"A Tavola nel Feltrino. Torna il fagiolo di Lamon 16-17-18 settembre con spettacoli mostre e stand gastronomici - Bellunopress - Dolomiti\",\"isPartOf\":{\"@id\":\"https:\\\/\\\/www.bellunopress.it\\\/#website\"},\"primaryImageOfPage\":{\"@id\":\"https:\\\/\\\/www.bellunopress.it\\\/2022\\\/09\\\/09\\\/a-tavola-nel-feltrino-torna-il-fagiolo-di-lamon-16-17-18-settembre-con-spettacoli-mostre-e-stand-gastronomici\\\/#primaryimage\"},\"image\":{\"@id\":\"https:\\\/\\\/www.bellunopress.it\\\/2022\\\/09\\\/09\\\/a-tavola-nel-feltrino-torna-il-fagiolo-di-lamon-16-17-18-settembre-con-spettacoli-mostre-e-stand-gastronomici\\\/#primaryimage\"},\"thumbnailUrl\":\"https:\\\/\\\/www.bellunopress.it\\\/wp-content\\\/uploads\\\/2022\\\/09\\\/Lamon-A-tavola-nel-Feltrino-il-fagiolo_edited.jpg\",\"datePublished\":\"2022-09-09T07:46:53+00:00\",\"breadcrumb\":{\"@id\":\"https:\\\/\\\/www.bellunopress.it\\\/2022\\\/09\\\/09\\\/a-tavola-nel-feltrino-torna-il-fagiolo-di-lamon-16-17-18-settembre-con-spettacoli-mostre-e-stand-gastronomici\\\/#breadcrumb\"},\"inLanguage\":\"fr-FR\",\"potentialAction\":[{\"@type\":\"ReadAction\",\"target\":[\"https:\\\/\\\/www.bellunopress.it\\\/2022\\\/09\\\/09\\\/a-tavola-nel-feltrino-torna-il-fagiolo-di-lamon-16-17-18-settembre-con-spettacoli-mostre-e-stand-gastronomici\\\/\"]}]},{\"@type\":\"ImageObject\",\"inLanguage\":\"fr-FR\",\"@id\":\"https:\\\/\\\/www.bellunopress.it\\\/2022\\\/09\\\/09\\\/a-tavola-nel-feltrino-torna-il-fagiolo-di-lamon-16-17-18-settembre-con-spettacoli-mostre-e-stand-gastronomici\\\/#primaryimage\",\"url\":\"https:\\\/\\\/www.bellunopress.it\\\/wp-content\\\/uploads\\\/2022\\\/09\\\/Lamon-A-tavola-nel-Feltrino-il-fagiolo_edited.jpg\",\"contentUrl\":\"https:\\\/\\\/www.bellunopress.it\\\/wp-content\\\/uploads\\\/2022\\\/09\\\/Lamon-A-tavola-nel-Feltrino-il-fagiolo_edited.jpg\",\"width\":691,\"height\":571,\"caption\":\"Festa Fagiolo Lamon\"},{\"@type\":\"BreadcrumbList\",\"@id\":\"https:\\\/\\\/www.bellunopress.it\\\/2022\\\/09\\\/09\\\/a-tavola-nel-feltrino-torna-il-fagiolo-di-lamon-16-17-18-settembre-con-spettacoli-mostre-e-stand-gastronomici\\\/#breadcrumb\",\"itemListElement\":[{\"@type\":\"ListItem\",\"position\":1,\"name\":\"Home\",\"item\":\"https:\\\/\\\/www.bellunopress.it\\\/\"},{\"@type\":\"ListItem\",\"position\":2,\"name\":\"A Tavola nel Feltrino. Torna il fagiolo di Lamon 16-17-18 settembre con spettacoli mostre e stand gastronomici\"}]},{\"@type\":\"WebSite\",\"@id\":\"https:\\\/\\\/www.bellunopress.it\\\/#website\",\"url\":\"https:\\\/\\\/www.bellunopress.it\\\/\",\"name\":\"Bellunopress - Dolomiti\",\"description\":\"e-mail: redazione@bellunopress.it\",\"publisher\":{\"@id\":\"https:\\\/\\\/www.bellunopress.it\\\/#organization\"},\"potentialAction\":[{\"@type\":\"SearchAction\",\"target\":{\"@type\":\"EntryPoint\",\"urlTemplate\":\"https:\\\/\\\/www.bellunopress.it\\\/?s={search_term_string}\"},\"query-input\":{\"@type\":\"PropertyValueSpecification\",\"valueRequired\":true,\"valueName\":\"search_term_string\"}}],\"inLanguage\":\"fr-FR\"},{\"@type\":\"Organization\",\"@id\":\"https:\\\/\\\/www.bellunopress.it\\\/#organization\",\"name\":\"Bellunopress\",\"url\":\"https:\\\/\\\/www.bellunopress.it\\\/\",\"logo\":{\"@type\":\"ImageObject\",\"inLanguage\":\"fr-FR\",\"@id\":\"https:\\\/\\\/www.bellunopress.it\\\/#\\\/schema\\\/logo\\\/image\\\/\",\"url\":\"https:\\\/\\\/www.bellunopress.it\\\/wp-content\\\/uploads\\\/2011\\\/05\\\/cropped-logo-bellunopress-.jpg\",\"contentUrl\":\"https:\\\/\\\/www.bellunopress.it\\\/wp-content\\\/uploads\\\/2011\\\/05\\\/cropped-logo-bellunopress-.jpg\",\"width\":512,\"height\":512,\"caption\":\"Bellunopress\"},\"image\":{\"@id\":\"https:\\\/\\\/www.bellunopress.it\\\/#\\\/schema\\\/logo\\\/image\\\/\"},\"sameAs\":[\"https:\\\/\\\/www.facebook.com\\\/profile.php?id=100008943462799\",\"https:\\\/\\\/x.com\\\/bellunopress\",\"https:\\\/\\\/www.linkedin.com\\\/hp\\\/?dnr=JBzUWaJfMUw8vbXJJ2tVW5-I3jZKvC4wsoxE&amp;amp;amp;amp;amp;amp;trk=nav_responsive_tab_home\",\"https:\\\/\\\/www.youtube.com\\\/channel\\\/UCxL0wu1uN0_3_7hGG0306cw\"]},{\"@type\":\"Person\",\"@id\":\"https:\\\/\\\/www.bellunopress.it\\\/#\\\/schema\\\/person\\\/79bb06722b37ece1c03d3e94beb30d73\",\"name\":\"redazione\",\"image\":{\"@type\":\"ImageObject\",\"inLanguage\":\"fr-FR\",\"@id\":\"https:\\\/\\\/secure.gravatar.com\\\/avatar\\\/37d968a2e67a6fd04c169c4bdef102d0bc5d31b2546345219e348575eb80e9a0?s=96&d=mm&r=g\",\"url\":\"https:\\\/\\\/secure.gravatar.com\\\/avatar\\\/37d968a2e67a6fd04c169c4bdef102d0bc5d31b2546345219e348575eb80e9a0?s=96&d=mm&r=g\",\"contentUrl\":\"https:\\\/\\\/secure.gravatar.com\\\/avatar\\\/37d968a2e67a6fd04c169c4bdef102d0bc5d31b2546345219e348575eb80e9a0?s=96&d=mm&r=g\",\"caption\":\"redazione\"},\"sameAs\":[\"http:\\\/\\\/www.bellunopress.it\",\"https:\\\/\\\/x.com\\\/bellunopress\"],\"url\":\"https:\\\/\\\/www.bellunopress.it\\\/fr\\\/author\\\/redazione\\\/\"}]}<\/script>\n<!-- \/ Yoast SEO plugin. -->","yoast_head_json":{"title":"A Tavola nel Feltrino. Torna il fagiolo di Lamon 16-17-18 settembre con spettacoli mostre e stand gastronomici - Bellunopress - Dolomiti","robots":{"index":"index","follow":"follow","max-snippet":"max-snippet:-1","max-image-preview":"max-image-preview:large","max-video-preview":"max-video-preview:-1"},"canonical":"https:\/\/www.bellunopress.it\/fr\/2022\/09\/09\/a-tavola-nel-feltrino-torna-il-fagiolo-di-lamon-16-17-18-settembre-con-spettacoli-mostre-e-stand-gastronomici\/","og_locale":"fr_FR","og_type":"article","og_title":"A Tavola nel Feltrino. Torna il fagiolo di Lamon 16-17-18 settembre con spettacoli mostre e stand gastronomici - Bellunopress - Dolomiti","og_description":"Dopo due anni di pausa forzata, torna a Lamon la festa del fagiolo che quest\u2019anno compie 31 anni. L\u2019ultima edizione completa \u00e8 datata infatti 2019, mentre nel 2020 e 2021 a causa della pandemia la manifestazione \u00e8 stata sospesa e sostituita con una mostra mercato del fagiolo. Nell\u2019anno della ripresa della festa, i produttori stanno [&hellip;]","og_url":"https:\/\/www.bellunopress.it\/fr\/2022\/09\/09\/a-tavola-nel-feltrino-torna-il-fagiolo-di-lamon-16-17-18-settembre-con-spettacoli-mostre-e-stand-gastronomici\/","og_site_name":"Bellunopress - Dolomiti","article_publisher":"https:\/\/www.facebook.com\/profile.php?id=100008943462799","article_published_time":"2022-09-09T07:46:53+00:00","og_image":[{"width":691,"height":571,"url":"https:\/\/www.bellunopress.it\/wp-content\/uploads\/2022\/09\/Lamon-A-tavola-nel-Feltrino-il-fagiolo_edited.jpg","type":"image\/jpeg"}],"author":"redazione","twitter_card":"summary_large_image","twitter_creator":"@bellunopress","twitter_site":"@bellunopress","twitter_misc":{"\u00c9crit par":"redazione","Dur\u00e9e de lecture estim\u00e9e":"3 minutes"},"schema":{"@context":"https:\/\/schema.org","@graph":[{"@type":"Article","@id":"https:\/\/www.bellunopress.it\/2022\/09\/09\/a-tavola-nel-feltrino-torna-il-fagiolo-di-lamon-16-17-18-settembre-con-spettacoli-mostre-e-stand-gastronomici\/#article","isPartOf":{"@id":"https:\/\/www.bellunopress.it\/2022\/09\/09\/a-tavola-nel-feltrino-torna-il-fagiolo-di-lamon-16-17-18-settembre-con-spettacoli-mostre-e-stand-gastronomici\/"},"author":{"name":"redazione","@id":"https:\/\/www.bellunopress.it\/#\/schema\/person\/79bb06722b37ece1c03d3e94beb30d73"},"headline":"A Tavola nel Feltrino. Torna il fagiolo di Lamon 16-17-18 settembre con spettacoli mostre e stand gastronomici","datePublished":"2022-09-09T07:46:53+00:00","mainEntityOfPage":{"@id":"https:\/\/www.bellunopress.it\/2022\/09\/09\/a-tavola-nel-feltrino-torna-il-fagiolo-di-lamon-16-17-18-settembre-con-spettacoli-mostre-e-stand-gastronomici\/"},"wordCount":468,"publisher":{"@id":"https:\/\/www.bellunopress.it\/#organization"},"image":{"@id":"https:\/\/www.bellunopress.it\/2022\/09\/09\/a-tavola-nel-feltrino-torna-il-fagiolo-di-lamon-16-17-18-settembre-con-spettacoli-mostre-e-stand-gastronomici\/#primaryimage"},"thumbnailUrl":"https:\/\/www.bellunopress.it\/wp-content\/uploads\/2022\/09\/Lamon-A-tavola-nel-Feltrino-il-fagiolo_edited.jpg","articleSection":["Appuntamenti, Eventi","Eventi enogastronomici","Pausa Caff\u00e8","Societ\u00e0, Associazioni, Istituzioni"],"inLanguage":"fr-FR"},{"@type":"WebPage","@id":"https:\/\/www.bellunopress.it\/2022\/09\/09\/a-tavola-nel-feltrino-torna-il-fagiolo-di-lamon-16-17-18-settembre-con-spettacoli-mostre-e-stand-gastronomici\/","url":"https:\/\/www.bellunopress.it\/2022\/09\/09\/a-tavola-nel-feltrino-torna-il-fagiolo-di-lamon-16-17-18-settembre-con-spettacoli-mostre-e-stand-gastronomici\/","name":"A Tavola nel Feltrino. Torna il fagiolo di Lamon 16-17-18 settembre con spettacoli mostre e stand gastronomici - Bellunopress - Dolomiti","isPartOf":{"@id":"https:\/\/www.bellunopress.it\/#website"},"primaryImageOfPage":{"@id":"https:\/\/www.bellunopress.it\/2022\/09\/09\/a-tavola-nel-feltrino-torna-il-fagiolo-di-lamon-16-17-18-settembre-con-spettacoli-mostre-e-stand-gastronomici\/#primaryimage"},"image":{"@id":"https:\/\/www.bellunopress.it\/2022\/09\/09\/a-tavola-nel-feltrino-torna-il-fagiolo-di-lamon-16-17-18-settembre-con-spettacoli-mostre-e-stand-gastronomici\/#primaryimage"},"thumbnailUrl":"https:\/\/www.bellunopress.it\/wp-content\/uploads\/2022\/09\/Lamon-A-tavola-nel-Feltrino-il-fagiolo_edited.jpg","datePublished":"2022-09-09T07:46:53+00:00","breadcrumb":{"@id":"https:\/\/www.bellunopress.it\/2022\/09\/09\/a-tavola-nel-feltrino-torna-il-fagiolo-di-lamon-16-17-18-settembre-con-spettacoli-mostre-e-stand-gastronomici\/#breadcrumb"},"inLanguage":"fr-FR","potentialAction":[{"@type":"ReadAction","target":["https:\/\/www.bellunopress.it\/2022\/09\/09\/a-tavola-nel-feltrino-torna-il-fagiolo-di-lamon-16-17-18-settembre-con-spettacoli-mostre-e-stand-gastronomici\/"]}]},{"@type":"ImageObject","inLanguage":"fr-FR","@id":"https:\/\/www.bellunopress.it\/2022\/09\/09\/a-tavola-nel-feltrino-torna-il-fagiolo-di-lamon-16-17-18-settembre-con-spettacoli-mostre-e-stand-gastronomici\/#primaryimage","url":"https:\/\/www.bellunopress.it\/wp-content\/uploads\/2022\/09\/Lamon-A-tavola-nel-Feltrino-il-fagiolo_edited.jpg","contentUrl":"https:\/\/www.bellunopress.it\/wp-content\/uploads\/2022\/09\/Lamon-A-tavola-nel-Feltrino-il-fagiolo_edited.jpg","width":691,"height":571,"caption":"Festa Fagiolo Lamon"},{"@type":"BreadcrumbList","@id":"https:\/\/www.bellunopress.it\/2022\/09\/09\/a-tavola-nel-feltrino-torna-il-fagiolo-di-lamon-16-17-18-settembre-con-spettacoli-mostre-e-stand-gastronomici\/#breadcrumb","itemListElement":[{"@type":"ListItem","position":1,"name":"Home","item":"https:\/\/www.bellunopress.it\/"},{"@type":"ListItem","position":2,"name":"A Tavola nel Feltrino. Torna il fagiolo di Lamon 16-17-18 settembre con spettacoli mostre e stand gastronomici"}]},{"@type":"WebSite","@id":"https:\/\/www.bellunopress.it\/#website","url":"https:\/\/www.bellunopress.it\/","name":"Bellunopress - Dolomiti","description":"e-mail: redazione@bellunopress.it","publisher":{"@id":"https:\/\/www.bellunopress.it\/#organization"},"potentialAction":[{"@type":"SearchAction","target":{"@type":"EntryPoint","urlTemplate":"https:\/\/www.bellunopress.it\/?s={search_term_string}"},"query-input":{"@type":"PropertyValueSpecification","valueRequired":true,"valueName":"search_term_string"}}],"inLanguage":"fr-FR"},{"@type":"Organization","@id":"https:\/\/www.bellunopress.it\/#organization","name":"Bellunopress","url":"https:\/\/www.bellunopress.it\/","logo":{"@type":"ImageObject","inLanguage":"fr-FR","@id":"https:\/\/www.bellunopress.it\/#\/schema\/logo\/image\/","url":"https:\/\/www.bellunopress.it\/wp-content\/uploads\/2011\/05\/cropped-logo-bellunopress-.jpg","contentUrl":"https:\/\/www.bellunopress.it\/wp-content\/uploads\/2011\/05\/cropped-logo-bellunopress-.jpg","width":512,"height":512,"caption":"Bellunopress"},"image":{"@id":"https:\/\/www.bellunopress.it\/#\/schema\/logo\/image\/"},"sameAs":["https:\/\/www.facebook.com\/profile.php?id=100008943462799","https:\/\/x.com\/bellunopress","https:\/\/www.linkedin.com\/hp\/?dnr=JBzUWaJfMUw8vbXJJ2tVW5-I3jZKvC4wsoxE&amp;amp;amp;amp;amp;amp;trk=nav_responsive_tab_home","https:\/\/www.youtube.com\/channel\/UCxL0wu1uN0_3_7hGG0306cw"]},{"@type":"Person","@id":"https:\/\/www.bellunopress.it\/#\/schema\/person\/79bb06722b37ece1c03d3e94beb30d73","name":"r\u00e9daction","image":{"@type":"ImageObject","inLanguage":"fr-FR","@id":"https:\/\/secure.gravatar.com\/avatar\/37d968a2e67a6fd04c169c4bdef102d0bc5d31b2546345219e348575eb80e9a0?s=96&d=mm&r=g","url":"https:\/\/secure.gravatar.com\/avatar\/37d968a2e67a6fd04c169c4bdef102d0bc5d31b2546345219e348575eb80e9a0?s=96&d=mm&r=g","contentUrl":"https:\/\/secure.gravatar.com\/avatar\/37d968a2e67a6fd04c169c4bdef102d0bc5d31b2546345219e348575eb80e9a0?s=96&d=mm&r=g","caption":"redazione"},"sameAs":["http:\/\/www.bellunopress.it","https:\/\/x.com\/bellunopress"],"url":"https:\/\/www.bellunopress.it\/fr\/author\/redazione\/"}]}},"_links":{"self":[{"href":"https:\/\/www.bellunopress.it\/fr\/wp-json\/wp\/v2\/posts\/136323","targetHints":{"allow":["GET"]}}],"collection":[{"href":"https:\/\/www.bellunopress.it\/fr\/wp-json\/wp\/v2\/posts"}],"about":[{"href":"https:\/\/www.bellunopress.it\/fr\/wp-json\/wp\/v2\/types\/post"}],"author":[{"embeddable":true,"href":"https:\/\/www.bellunopress.it\/fr\/wp-json\/wp\/v2\/users\/2"}],"replies":[{"embeddable":true,"href":"https:\/\/www.bellunopress.it\/fr\/wp-json\/wp\/v2\/comments?post=136323"}],"version-history":[{"count":1,"href":"https:\/\/www.bellunopress.it\/fr\/wp-json\/wp\/v2\/posts\/136323\/revisions"}],"predecessor-version":[{"id":136325,"href":"https:\/\/www.bellunopress.it\/fr\/wp-json\/wp\/v2\/posts\/136323\/revisions\/136325"}],"wp:featuredmedia":[{"embeddable":true,"href":"https:\/\/www.bellunopress.it\/fr\/wp-json\/wp\/v2\/media\/136324"}],"wp:attachment":[{"href":"https:\/\/www.bellunopress.it\/fr\/wp-json\/wp\/v2\/media?parent=136323"}],"wp:term":[{"taxonomy":"category","embeddable":true,"href":"https:\/\/www.bellunopress.it\/fr\/wp-json\/wp\/v2\/categories?post=136323"},{"taxonomy":"post_tag","embeddable":true,"href":"https:\/\/www.bellunopress.it\/fr\/wp-json\/wp\/v2\/tags?post=136323"}],"curies":[{"name":"wp","href":"https:\/\/api.w.org\/{rel}","templated":true}]}}