{"id":136320,"date":"2022-09-08T22:44:36","date_gmt":"2022-09-08T20:44:36","guid":{"rendered":"https:\/\/www.bellunopress.it\/?p=136320"},"modified":"2022-09-08T22:44:36","modified_gmt":"2022-09-08T20:44:36","slug":"e-morta-la-regina-elisabetta-ii-dinghilterra-carlo-iii-e-il-nuovo-re","status":"publish","type":"post","link":"https:\/\/www.bellunopress.it\/fr\/2022\/09\/08\/e-morta-la-regina-elisabetta-ii-dinghilterra-carlo-iii-e-il-nuovo-re\/","title":{"rendered":"E&#8217; morta la Regina Elisabetta II d&#8217;Inghilterra. Carlo III \u00e8 il nuovo Re"},"content":{"rendered":"<p><img loading=\"lazy\" decoding=\"async\" class=\"alignleft size-full wp-image-136321\" src=\"https:\/\/www.bellunopress.it\/wp-content\/uploads\/2022\/09\/Regina-Elisabetta-II_edited.jpg\" alt=\"\" width=\"813\" height=\"1000\" srcset=\"https:\/\/www.bellunopress.it\/wp-content\/uploads\/2022\/09\/Regina-Elisabetta-II_edited.jpg 813w, https:\/\/www.bellunopress.it\/wp-content\/uploads\/2022\/09\/Regina-Elisabetta-II_edited-407x500.jpg 407w, https:\/\/www.bellunopress.it\/wp-content\/uploads\/2022\/09\/Regina-Elisabetta-II_edited-324x400.jpg 324w, https:\/\/www.bellunopress.it\/wp-content\/uploads\/2022\/09\/Regina-Elisabetta-II_edited-696x856.jpg 696w, https:\/\/www.bellunopress.it\/wp-content\/uploads\/2022\/09\/Regina-Elisabetta-II_edited-341x420.jpg 341w\" sizes=\"auto, (max-width: 813px) 100vw, 813px\" \/>8 settembre \u201cThe London Bridge is down\u201d. Una frase e una data che non dimenticheremo mai, perch\u00e9 \u00e8 con queste parole che la BBC ha comunicato in mondovisione la morte a 96 anni di Elizabeth II, regina del Regno Unito di Gran Bretagna e Irlanda del Nord e degli altri reami del Commonwealth.<\/p>\n<p>Il suo decesso \u00e8 stato confermato da un comunicato stampa ufficiale rilasciato da Buckingham Palace. Da giorni la salute della sovrana destava preoccupazioni ai medici di corte ed alla famiglia reale stessa. La Regina Elizabeth II ha fortemente voluto trascorrere i suoi ultimi giorni nel castello che tanto amava, Balmoral in Scozia, insieme ai famigliari stretti, i figli la principessa Anna, i principi Andrew, Edward e il futuro Re d\u2019Inghilterra Charles, la sua consorte e futura Regina Camilla, il nipote Duca di Cambridge William e consorte la Duchessa di Cambridge Catherine Middleton.<\/p>\n<p>Una notizia che nessuno di noi avrebbe mai voluto leggere, dopo settant\u2019anni di Regno, si conclude un\u2019era, da domani in Gran Bretagna ne inizier\u00e0 un&#8217;altra, un nuovo Regno capitanato dal nuovo Re Charles e dalla Regina consorte Camilla.<\/p>\n<p>(JEB)<\/p>","protected":false},"excerpt":{"rendered":"<p>8 settembre \u201cThe London Bridge is down\u201d. Una frase e una data che non dimenticheremo mai, perch\u00e9 \u00e8 con queste parole che la BBC ha comunicato in mondovisione la morte a 96 anni di Elizabeth II, regina del Regno Unito di Gran Bretagna e Irlanda del Nord e degli altri reami del Commonwealth. Il suo [&hellip;]<\/p>\n","protected":false},"author":2,"featured_media":136321,"comment_status":"closed","ping_status":"open","sticky":false,"template":"","format":"standard","meta":{"footnotes":""},"categories":[1],"tags":[],"class_list":["post-136320","post","type-post","status-publish","format-standard","has-post-thumbnail","category-leo"],"yoast_head":"<!-- This site is optimized with the Yoast SEO plugin v28.4 - https:\/\/yoast.com\/product\/yoast-seo-wordpress\/ -->\n<title>E&#039; morta la Regina Elisabetta II d&#039;Inghilterra. Carlo III \u00e8 il nuovo Re - Bellunopress - Dolomiti<\/title>\n<meta name=\"robots\" content=\"index, follow, max-snippet:-1, max-image-preview:large, max-video-preview:-1\" \/>\n<link rel=\"canonical\" href=\"https:\/\/www.bellunopress.it\/fr\/2022\/09\/08\/e-morta-la-regina-elisabetta-ii-dinghilterra-carlo-iii-e-il-nuovo-re\/\" \/>\n<meta property=\"og:locale\" content=\"fr_FR\" \/>\n<meta property=\"og:type\" content=\"article\" \/>\n<meta property=\"og:title\" content=\"E&#039; morta la Regina Elisabetta II d&#039;Inghilterra. Carlo III \u00e8 il nuovo Re - Bellunopress - Dolomiti\" \/>\n<meta property=\"og:description\" content=\"8 settembre \u201cThe London Bridge is down\u201d. Una frase e una data che non dimenticheremo mai, perch\u00e9 \u00e8 con queste parole che la BBC ha comunicato in mondovisione la morte a 96 anni di Elizabeth II, regina del Regno Unito di Gran Bretagna e Irlanda del Nord e degli altri reami del Commonwealth. Il suo [&hellip;]\" \/>\n<meta property=\"og:url\" content=\"https:\/\/www.bellunopress.it\/fr\/2022\/09\/08\/e-morta-la-regina-elisabetta-ii-dinghilterra-carlo-iii-e-il-nuovo-re\/\" \/>\n<meta property=\"og:site_name\" content=\"Bellunopress - Dolomiti\" \/>\n<meta property=\"article:publisher\" content=\"https:\/\/www.facebook.com\/profile.php?id=100008943462799\" \/>\n<meta property=\"article:published_time\" content=\"2022-09-08T20:44:36+00:00\" \/>\n<meta property=\"og:image\" content=\"https:\/\/www.bellunopress.it\/wp-content\/uploads\/2022\/09\/Regina-Elisabetta-II_edited.jpg\" \/>\n\t<meta property=\"og:image:width\" content=\"813\" \/>\n\t<meta property=\"og:image:height\" content=\"1000\" \/>\n\t<meta property=\"og:image:type\" content=\"image\/jpeg\" \/>\n<meta name=\"author\" content=\"redazione\" \/>\n<meta name=\"twitter:card\" content=\"summary_large_image\" \/>\n<meta name=\"twitter:creator\" content=\"@bellunopress\" \/>\n<meta name=\"twitter:site\" content=\"@bellunopress\" \/>\n<meta name=\"twitter:label1\" content=\"\u00c9crit par\" \/>\n\t<meta name=\"twitter:data1\" content=\"redazione\" \/>\n\t<meta name=\"twitter:label2\" content=\"Dur\u00e9e de lecture estim\u00e9e\" \/>\n\t<meta name=\"twitter:data2\" content=\"2 minutes\" \/>\n<script type=\"application\/ld+json\" class=\"yoast-schema-graph\">{\"@context\":\"https:\\\/\\\/schema.org\",\"@graph\":[{\"@type\":\"Article\",\"@id\":\"https:\\\/\\\/www.bellunopress.it\\\/2022\\\/09\\\/08\\\/e-morta-la-regina-elisabetta-ii-dinghilterra-carlo-iii-e-il-nuovo-re\\\/#article\",\"isPartOf\":{\"@id\":\"https:\\\/\\\/www.bellunopress.it\\\/2022\\\/09\\\/08\\\/e-morta-la-regina-elisabetta-ii-dinghilterra-carlo-iii-e-il-nuovo-re\\\/\"},\"author\":{\"name\":\"redazione\",\"@id\":\"https:\\\/\\\/www.bellunopress.it\\\/#\\\/schema\\\/person\\\/79bb06722b37ece1c03d3e94beb30d73\"},\"headline\":\"E&#8217; morta la Regina Elisabetta II d&#8217;Inghilterra. Carlo III \u00e8 il nuovo Re\",\"datePublished\":\"2022-09-08T20:44:36+00:00\",\"mainEntityOfPage\":{\"@id\":\"https:\\\/\\\/www.bellunopress.it\\\/2022\\\/09\\\/08\\\/e-morta-la-regina-elisabetta-ii-dinghilterra-carlo-iii-e-il-nuovo-re\\\/\"},\"wordCount\":197,\"publisher\":{\"@id\":\"https:\\\/\\\/www.bellunopress.it\\\/#organization\"},\"image\":{\"@id\":\"https:\\\/\\\/www.bellunopress.it\\\/2022\\\/09\\\/08\\\/e-morta-la-regina-elisabetta-ii-dinghilterra-carlo-iii-e-il-nuovo-re\\\/#primaryimage\"},\"thumbnailUrl\":\"https:\\\/\\\/www.bellunopress.it\\\/wp-content\\\/uploads\\\/2022\\\/09\\\/Regina-Elisabetta-II_edited.jpg\",\"articleSection\":[\"Lettere Opinioni\"],\"inLanguage\":\"fr-FR\"},{\"@type\":\"WebPage\",\"@id\":\"https:\\\/\\\/www.bellunopress.it\\\/2022\\\/09\\\/08\\\/e-morta-la-regina-elisabetta-ii-dinghilterra-carlo-iii-e-il-nuovo-re\\\/\",\"url\":\"https:\\\/\\\/www.bellunopress.it\\\/2022\\\/09\\\/08\\\/e-morta-la-regina-elisabetta-ii-dinghilterra-carlo-iii-e-il-nuovo-re\\\/\",\"name\":\"E' morta la Regina Elisabetta II d'Inghilterra. Carlo III \u00e8 il nuovo Re - Bellunopress - Dolomiti\",\"isPartOf\":{\"@id\":\"https:\\\/\\\/www.bellunopress.it\\\/#website\"},\"primaryImageOfPage\":{\"@id\":\"https:\\\/\\\/www.bellunopress.it\\\/2022\\\/09\\\/08\\\/e-morta-la-regina-elisabetta-ii-dinghilterra-carlo-iii-e-il-nuovo-re\\\/#primaryimage\"},\"image\":{\"@id\":\"https:\\\/\\\/www.bellunopress.it\\\/2022\\\/09\\\/08\\\/e-morta-la-regina-elisabetta-ii-dinghilterra-carlo-iii-e-il-nuovo-re\\\/#primaryimage\"},\"thumbnailUrl\":\"https:\\\/\\\/www.bellunopress.it\\\/wp-content\\\/uploads\\\/2022\\\/09\\\/Regina-Elisabetta-II_edited.jpg\",\"datePublished\":\"2022-09-08T20:44:36+00:00\",\"breadcrumb\":{\"@id\":\"https:\\\/\\\/www.bellunopress.it\\\/2022\\\/09\\\/08\\\/e-morta-la-regina-elisabetta-ii-dinghilterra-carlo-iii-e-il-nuovo-re\\\/#breadcrumb\"},\"inLanguage\":\"fr-FR\",\"potentialAction\":[{\"@type\":\"ReadAction\",\"target\":[\"https:\\\/\\\/www.bellunopress.it\\\/2022\\\/09\\\/08\\\/e-morta-la-regina-elisabetta-ii-dinghilterra-carlo-iii-e-il-nuovo-re\\\/\"]}]},{\"@type\":\"ImageObject\",\"inLanguage\":\"fr-FR\",\"@id\":\"https:\\\/\\\/www.bellunopress.it\\\/2022\\\/09\\\/08\\\/e-morta-la-regina-elisabetta-ii-dinghilterra-carlo-iii-e-il-nuovo-re\\\/#primaryimage\",\"url\":\"https:\\\/\\\/www.bellunopress.it\\\/wp-content\\\/uploads\\\/2022\\\/09\\\/Regina-Elisabetta-II_edited.jpg\",\"contentUrl\":\"https:\\\/\\\/www.bellunopress.it\\\/wp-content\\\/uploads\\\/2022\\\/09\\\/Regina-Elisabetta-II_edited.jpg\",\"width\":813,\"height\":1000},{\"@type\":\"BreadcrumbList\",\"@id\":\"https:\\\/\\\/www.bellunopress.it\\\/2022\\\/09\\\/08\\\/e-morta-la-regina-elisabetta-ii-dinghilterra-carlo-iii-e-il-nuovo-re\\\/#breadcrumb\",\"itemListElement\":[{\"@type\":\"ListItem\",\"position\":1,\"name\":\"Home\",\"item\":\"https:\\\/\\\/www.bellunopress.it\\\/\"},{\"@type\":\"ListItem\",\"position\":2,\"name\":\"E&#8217; morta la Regina Elisabetta II d&#8217;Inghilterra. Carlo III \u00e8 il nuovo Re\"}]},{\"@type\":\"WebSite\",\"@id\":\"https:\\\/\\\/www.bellunopress.it\\\/#website\",\"url\":\"https:\\\/\\\/www.bellunopress.it\\\/\",\"name\":\"Bellunopress - Dolomiti\",\"description\":\"e-mail: redazione@bellunopress.it\",\"publisher\":{\"@id\":\"https:\\\/\\\/www.bellunopress.it\\\/#organization\"},\"potentialAction\":[{\"@type\":\"SearchAction\",\"target\":{\"@type\":\"EntryPoint\",\"urlTemplate\":\"https:\\\/\\\/www.bellunopress.it\\\/?s={search_term_string}\"},\"query-input\":{\"@type\":\"PropertyValueSpecification\",\"valueRequired\":true,\"valueName\":\"search_term_string\"}}],\"inLanguage\":\"fr-FR\"},{\"@type\":\"Organization\",\"@id\":\"https:\\\/\\\/www.bellunopress.it\\\/#organization\",\"name\":\"Bellunopress\",\"url\":\"https:\\\/\\\/www.bellunopress.it\\\/\",\"logo\":{\"@type\":\"ImageObject\",\"inLanguage\":\"fr-FR\",\"@id\":\"https:\\\/\\\/www.bellunopress.it\\\/#\\\/schema\\\/logo\\\/image\\\/\",\"url\":\"https:\\\/\\\/www.bellunopress.it\\\/wp-content\\\/uploads\\\/2011\\\/05\\\/cropped-logo-bellunopress-.jpg\",\"contentUrl\":\"https:\\\/\\\/www.bellunopress.it\\\/wp-content\\\/uploads\\\/2011\\\/05\\\/cropped-logo-bellunopress-.jpg\",\"width\":512,\"height\":512,\"caption\":\"Bellunopress\"},\"image\":{\"@id\":\"https:\\\/\\\/www.bellunopress.it\\\/#\\\/schema\\\/logo\\\/image\\\/\"},\"sameAs\":[\"https:\\\/\\\/www.facebook.com\\\/profile.php?id=100008943462799\",\"https:\\\/\\\/x.com\\\/bellunopress\",\"https:\\\/\\\/www.linkedin.com\\\/hp\\\/?dnr=JBzUWaJfMUw8vbXJJ2tVW5-I3jZKvC4wsoxE&amp;amp;amp;amp;amp;amp;trk=nav_responsive_tab_home\",\"https:\\\/\\\/www.youtube.com\\\/channel\\\/UCxL0wu1uN0_3_7hGG0306cw\"]},{\"@type\":\"Person\",\"@id\":\"https:\\\/\\\/www.bellunopress.it\\\/#\\\/schema\\\/person\\\/79bb06722b37ece1c03d3e94beb30d73\",\"name\":\"redazione\",\"image\":{\"@type\":\"ImageObject\",\"inLanguage\":\"fr-FR\",\"@id\":\"https:\\\/\\\/secure.gravatar.com\\\/avatar\\\/37d968a2e67a6fd04c169c4bdef102d0bc5d31b2546345219e348575eb80e9a0?s=96&d=mm&r=g\",\"url\":\"https:\\\/\\\/secure.gravatar.com\\\/avatar\\\/37d968a2e67a6fd04c169c4bdef102d0bc5d31b2546345219e348575eb80e9a0?s=96&d=mm&r=g\",\"contentUrl\":\"https:\\\/\\\/secure.gravatar.com\\\/avatar\\\/37d968a2e67a6fd04c169c4bdef102d0bc5d31b2546345219e348575eb80e9a0?s=96&d=mm&r=g\",\"caption\":\"redazione\"},\"sameAs\":[\"http:\\\/\\\/www.bellunopress.it\",\"https:\\\/\\\/x.com\\\/bellunopress\"],\"url\":\"https:\\\/\\\/www.bellunopress.it\\\/fr\\\/author\\\/redazione\\\/\"}]}<\/script>\n<!-- \/ Yoast SEO plugin. -->","yoast_head_json":{"title":"E' morta la Regina Elisabetta II d'Inghilterra. Carlo III \u00e8 il nuovo Re - Bellunopress - Dolomiti","robots":{"index":"index","follow":"follow","max-snippet":"max-snippet:-1","max-image-preview":"max-image-preview:large","max-video-preview":"max-video-preview:-1"},"canonical":"https:\/\/www.bellunopress.it\/fr\/2022\/09\/08\/e-morta-la-regina-elisabetta-ii-dinghilterra-carlo-iii-e-il-nuovo-re\/","og_locale":"fr_FR","og_type":"article","og_title":"E' morta la Regina Elisabetta II d'Inghilterra. Carlo III \u00e8 il nuovo Re - Bellunopress - Dolomiti","og_description":"8 settembre \u201cThe London Bridge is down\u201d. Una frase e una data che non dimenticheremo mai, perch\u00e9 \u00e8 con queste parole che la BBC ha comunicato in mondovisione la morte a 96 anni di Elizabeth II, regina del Regno Unito di Gran Bretagna e Irlanda del Nord e degli altri reami del Commonwealth. Il suo [&hellip;]","og_url":"https:\/\/www.bellunopress.it\/fr\/2022\/09\/08\/e-morta-la-regina-elisabetta-ii-dinghilterra-carlo-iii-e-il-nuovo-re\/","og_site_name":"Bellunopress - Dolomiti","article_publisher":"https:\/\/www.facebook.com\/profile.php?id=100008943462799","article_published_time":"2022-09-08T20:44:36+00:00","og_image":[{"width":813,"height":1000,"url":"https:\/\/www.bellunopress.it\/wp-content\/uploads\/2022\/09\/Regina-Elisabetta-II_edited.jpg","type":"image\/jpeg"}],"author":"redazione","twitter_card":"summary_large_image","twitter_creator":"@bellunopress","twitter_site":"@bellunopress","twitter_misc":{"\u00c9crit par":"redazione","Dur\u00e9e de lecture estim\u00e9e":"2 minutes"},"schema":{"@context":"https:\/\/schema.org","@graph":[{"@type":"Article","@id":"https:\/\/www.bellunopress.it\/2022\/09\/08\/e-morta-la-regina-elisabetta-ii-dinghilterra-carlo-iii-e-il-nuovo-re\/#article","isPartOf":{"@id":"https:\/\/www.bellunopress.it\/2022\/09\/08\/e-morta-la-regina-elisabetta-ii-dinghilterra-carlo-iii-e-il-nuovo-re\/"},"author":{"name":"redazione","@id":"https:\/\/www.bellunopress.it\/#\/schema\/person\/79bb06722b37ece1c03d3e94beb30d73"},"headline":"E&#8217; morta la Regina Elisabetta II d&#8217;Inghilterra. Carlo III \u00e8 il nuovo Re","datePublished":"2022-09-08T20:44:36+00:00","mainEntityOfPage":{"@id":"https:\/\/www.bellunopress.it\/2022\/09\/08\/e-morta-la-regina-elisabetta-ii-dinghilterra-carlo-iii-e-il-nuovo-re\/"},"wordCount":197,"publisher":{"@id":"https:\/\/www.bellunopress.it\/#organization"},"image":{"@id":"https:\/\/www.bellunopress.it\/2022\/09\/08\/e-morta-la-regina-elisabetta-ii-dinghilterra-carlo-iii-e-il-nuovo-re\/#primaryimage"},"thumbnailUrl":"https:\/\/www.bellunopress.it\/wp-content\/uploads\/2022\/09\/Regina-Elisabetta-II_edited.jpg","articleSection":["Lettere Opinioni"],"inLanguage":"fr-FR"},{"@type":"WebPage","@id":"https:\/\/www.bellunopress.it\/2022\/09\/08\/e-morta-la-regina-elisabetta-ii-dinghilterra-carlo-iii-e-il-nuovo-re\/","url":"https:\/\/www.bellunopress.it\/2022\/09\/08\/e-morta-la-regina-elisabetta-ii-dinghilterra-carlo-iii-e-il-nuovo-re\/","name":"E' morta la Regina Elisabetta II d'Inghilterra. Carlo III \u00e8 il nuovo Re - Bellunopress - Dolomiti","isPartOf":{"@id":"https:\/\/www.bellunopress.it\/#website"},"primaryImageOfPage":{"@id":"https:\/\/www.bellunopress.it\/2022\/09\/08\/e-morta-la-regina-elisabetta-ii-dinghilterra-carlo-iii-e-il-nuovo-re\/#primaryimage"},"image":{"@id":"https:\/\/www.bellunopress.it\/2022\/09\/08\/e-morta-la-regina-elisabetta-ii-dinghilterra-carlo-iii-e-il-nuovo-re\/#primaryimage"},"thumbnailUrl":"https:\/\/www.bellunopress.it\/wp-content\/uploads\/2022\/09\/Regina-Elisabetta-II_edited.jpg","datePublished":"2022-09-08T20:44:36+00:00","breadcrumb":{"@id":"https:\/\/www.bellunopress.it\/2022\/09\/08\/e-morta-la-regina-elisabetta-ii-dinghilterra-carlo-iii-e-il-nuovo-re\/#breadcrumb"},"inLanguage":"fr-FR","potentialAction":[{"@type":"ReadAction","target":["https:\/\/www.bellunopress.it\/2022\/09\/08\/e-morta-la-regina-elisabetta-ii-dinghilterra-carlo-iii-e-il-nuovo-re\/"]}]},{"@type":"ImageObject","inLanguage":"fr-FR","@id":"https:\/\/www.bellunopress.it\/2022\/09\/08\/e-morta-la-regina-elisabetta-ii-dinghilterra-carlo-iii-e-il-nuovo-re\/#primaryimage","url":"https:\/\/www.bellunopress.it\/wp-content\/uploads\/2022\/09\/Regina-Elisabetta-II_edited.jpg","contentUrl":"https:\/\/www.bellunopress.it\/wp-content\/uploads\/2022\/09\/Regina-Elisabetta-II_edited.jpg","width":813,"height":1000},{"@type":"BreadcrumbList","@id":"https:\/\/www.bellunopress.it\/2022\/09\/08\/e-morta-la-regina-elisabetta-ii-dinghilterra-carlo-iii-e-il-nuovo-re\/#breadcrumb","itemListElement":[{"@type":"ListItem","position":1,"name":"Home","item":"https:\/\/www.bellunopress.it\/"},{"@type":"ListItem","position":2,"name":"E&#8217; morta la Regina Elisabetta II d&#8217;Inghilterra. Carlo III \u00e8 il nuovo Re"}]},{"@type":"WebSite","@id":"https:\/\/www.bellunopress.it\/#website","url":"https:\/\/www.bellunopress.it\/","name":"Bellunopress - Dolomiti","description":"e-mail: redazione@bellunopress.it","publisher":{"@id":"https:\/\/www.bellunopress.it\/#organization"},"potentialAction":[{"@type":"SearchAction","target":{"@type":"EntryPoint","urlTemplate":"https:\/\/www.bellunopress.it\/?s={search_term_string}"},"query-input":{"@type":"PropertyValueSpecification","valueRequired":true,"valueName":"search_term_string"}}],"inLanguage":"fr-FR"},{"@type":"Organization","@id":"https:\/\/www.bellunopress.it\/#organization","name":"Bellunopress","url":"https:\/\/www.bellunopress.it\/","logo":{"@type":"ImageObject","inLanguage":"fr-FR","@id":"https:\/\/www.bellunopress.it\/#\/schema\/logo\/image\/","url":"https:\/\/www.bellunopress.it\/wp-content\/uploads\/2011\/05\/cropped-logo-bellunopress-.jpg","contentUrl":"https:\/\/www.bellunopress.it\/wp-content\/uploads\/2011\/05\/cropped-logo-bellunopress-.jpg","width":512,"height":512,"caption":"Bellunopress"},"image":{"@id":"https:\/\/www.bellunopress.it\/#\/schema\/logo\/image\/"},"sameAs":["https:\/\/www.facebook.com\/profile.php?id=100008943462799","https:\/\/x.com\/bellunopress","https:\/\/www.linkedin.com\/hp\/?dnr=JBzUWaJfMUw8vbXJJ2tVW5-I3jZKvC4wsoxE&amp;amp;amp;amp;amp;amp;trk=nav_responsive_tab_home","https:\/\/www.youtube.com\/channel\/UCxL0wu1uN0_3_7hGG0306cw"]},{"@type":"Person","@id":"https:\/\/www.bellunopress.it\/#\/schema\/person\/79bb06722b37ece1c03d3e94beb30d73","name":"r\u00e9daction","image":{"@type":"ImageObject","inLanguage":"fr-FR","@id":"https:\/\/secure.gravatar.com\/avatar\/37d968a2e67a6fd04c169c4bdef102d0bc5d31b2546345219e348575eb80e9a0?s=96&d=mm&r=g","url":"https:\/\/secure.gravatar.com\/avatar\/37d968a2e67a6fd04c169c4bdef102d0bc5d31b2546345219e348575eb80e9a0?s=96&d=mm&r=g","contentUrl":"https:\/\/secure.gravatar.com\/avatar\/37d968a2e67a6fd04c169c4bdef102d0bc5d31b2546345219e348575eb80e9a0?s=96&d=mm&r=g","caption":"redazione"},"sameAs":["http:\/\/www.bellunopress.it","https:\/\/x.com\/bellunopress"],"url":"https:\/\/www.bellunopress.it\/fr\/author\/redazione\/"}]}},"_links":{"self":[{"href":"https:\/\/www.bellunopress.it\/fr\/wp-json\/wp\/v2\/posts\/136320","targetHints":{"allow":["GET"]}}],"collection":[{"href":"https:\/\/www.bellunopress.it\/fr\/wp-json\/wp\/v2\/posts"}],"about":[{"href":"https:\/\/www.bellunopress.it\/fr\/wp-json\/wp\/v2\/types\/post"}],"author":[{"embeddable":true,"href":"https:\/\/www.bellunopress.it\/fr\/wp-json\/wp\/v2\/users\/2"}],"replies":[{"embeddable":true,"href":"https:\/\/www.bellunopress.it\/fr\/wp-json\/wp\/v2\/comments?post=136320"}],"version-history":[{"count":1,"href":"https:\/\/www.bellunopress.it\/fr\/wp-json\/wp\/v2\/posts\/136320\/revisions"}],"predecessor-version":[{"id":136322,"href":"https:\/\/www.bellunopress.it\/fr\/wp-json\/wp\/v2\/posts\/136320\/revisions\/136322"}],"wp:featuredmedia":[{"embeddable":true,"href":"https:\/\/www.bellunopress.it\/fr\/wp-json\/wp\/v2\/media\/136321"}],"wp:attachment":[{"href":"https:\/\/www.bellunopress.it\/fr\/wp-json\/wp\/v2\/media?parent=136320"}],"wp:term":[{"taxonomy":"category","embeddable":true,"href":"https:\/\/www.bellunopress.it\/fr\/wp-json\/wp\/v2\/categories?post=136320"},{"taxonomy":"post_tag","embeddable":true,"href":"https:\/\/www.bellunopress.it\/fr\/wp-json\/wp\/v2\/tags?post=136320"}],"curies":[{"name":"wp","href":"https:\/\/api.w.org\/{rel}","templated":true}]}}