{"id":136309,"date":"2022-09-08T15:12:07","date_gmt":"2022-09-08T13:12:07","guid":{"rendered":"https:\/\/www.bellunopress.it\/?p=136309"},"modified":"2022-09-08T15:12:50","modified_gmt":"2022-09-08T13:12:50","slug":"accoglienza-civili-ucraini-sindaco-e-assesspore-incontrano-le-associazioni","status":"publish","type":"post","link":"https:\/\/www.bellunopress.it\/fr\/2022\/09\/08\/accoglienza-civili-ucraini-sindaco-e-assesspore-incontrano-le-associazioni\/","title":{"rendered":"Accoglienza civili ucraini. Sindaco e assessore incontrano le associazioni"},"content":{"rendered":"<figure id=\"attachment_131475\" aria-describedby=\"caption-attachment-131475\" style=\"width: 1000px\" class=\"wp-caption alignleft\"><img loading=\"lazy\" decoding=\"async\" class=\"size-full wp-image-131475\" src=\"https:\/\/www.bellunopress.it\/wp-content\/uploads\/2022\/02\/Oscar-De-Pellegrin_edited.jpg\" alt=\"\" width=\"1000\" height=\"750\" srcset=\"https:\/\/www.bellunopress.it\/wp-content\/uploads\/2022\/02\/Oscar-De-Pellegrin_edited.jpg 1000w, https:\/\/www.bellunopress.it\/wp-content\/uploads\/2022\/02\/Oscar-De-Pellegrin_edited-500x375.jpg 500w, https:\/\/www.bellunopress.it\/wp-content\/uploads\/2022\/02\/Oscar-De-Pellegrin_edited-696x522.jpg 696w, https:\/\/www.bellunopress.it\/wp-content\/uploads\/2022\/02\/Oscar-De-Pellegrin_edited-560x420.jpg 560w, https:\/\/www.bellunopress.it\/wp-content\/uploads\/2022\/02\/Oscar-De-Pellegrin_edited-80x60.jpg 80w, https:\/\/www.bellunopress.it\/wp-content\/uploads\/2022\/02\/Oscar-De-Pellegrin_edited-265x198.jpg 265w\" sizes=\"auto, (max-width: 1000px) 100vw, 1000px\" \/><figcaption id=\"caption-attachment-131475\" class=\"wp-caption-text\">Oscar De Pellegrin, sindaco di Belluno<\/figcaption><\/figure>\n<p>Ammontano a 12 mila le giornate uomo impiegate dalla Protezione civile del Comune di Belluno alla struttura di Mussoi, dove sono accolti i civili ucraini fuggiti dal conflitto, a partire da fine febbraio ad oggi. Accanto a loro operano i volontari del gruppo Protezione civile dell\u2019Ana, quelli della Croce Rossa, del Nore, i vigili del fuoco e i poliziotti in congedo.<\/p>\n<p>Nella serata di mercoled\u00ec un incontro, voluto dall\u2019assessore alla Protezione civile e al quale ha preso parte anche il sindaco di Belluno, ha messo tutte le associazioni attorno ad un tavolo per un primo confronto sull\u2019attivit\u00e0 svolta fin qui e per programmare quella dei prossimi mesi \u201cL\u2019obiettivo \u00e8 fare rete \u2013 spiega l\u2019assessore alla Protezione civile -, per questo quella di mercoled\u00ec \u00e8 stata la prima riunione di tutti i gruppi insieme a cui ne seguiranno altre, a cadenza regolare. \u00c8 fondamentale il dialogo tra tutti, la condivisione delle difficolt\u00e0 e il cercare insieme soluzioni, ci tengo molto al lavoro in squadra, insieme, anche per trovarci pronti ad affrontare nuove emergenze. Io, da parte mia, far\u00f2 da collante e da trade d\u2019union tra tutti\u201d.<\/p>\n<p>Sono tante le attivit\u00e0 portate avanti in questi mesi dalle associazioni operative a Mussoi, presenti nella struttura sette giorni su sette h24. I volontari si occupano di portare i pasti preparati da Sersa, di accogliere i nuovi arrivati, di fare da guida nella gestione delle pratiche legate al permesso di soggiorno, alla tessera sanitaria provvisoria e alla scelta del medico di base. All\u2019interno del complesso \u00e8 stata anche creata un\u2019aula didattica, dove un\u2019insegnante volontaria impartisce lezioni di italiano e grazie ad un accordo con la societ\u00e0 del Salce, con la ripresa degli allenamenti sette bambini ucraini potranno svolgere attivit\u00e0 sportiva con gli atleti delle squadre.<\/p>\n<p>\u201cQuello delle associazioni a favore dei civili ucraini \u00e8 un servizio prezioso \u2013 commenta il primo cittadino -, svolto a favore di uomini, donne e bambini che in molti casi hanno perso tutto. Oggi accogliamo nell\u2019ex caserma una settantina di persone, per lo pi\u00f9 donne e bambini. Gli uomini, che dormono nelle strutture dei frati di Mussoi, sono 13. L\u2019emergenza non \u00e8 finita, siamo consapevoli che gli arrivi continueranno, per questo coordinare le forze in campo e dialogare per lavorare insieme ad un obiettivo comune \u00e8 fondamentale. I civili ucraini in questo momento sono una risorsa, ci auguriamo che qualche famiglia si fermi a vivere sul territorio e qui trovi lavoro\u201d.<\/p>","protected":false},"excerpt":{"rendered":"<p>Ammontano a 12 mila le giornate uomo impiegate dalla Protezione civile del Comune di Belluno alla struttura di Mussoi, dove sono accolti i civili ucraini fuggiti dal conflitto, a partire da fine febbraio ad oggi. Accanto a loro operano i volontari del gruppo Protezione civile dell\u2019Ana, quelli della Croce Rossa, del Nore, i vigili del [&hellip;]<\/p>\n","protected":false},"author":2,"featured_media":133287,"comment_status":"closed","ping_status":"open","sticky":false,"template":"","format":"standard","meta":{"footnotes":""},"categories":[5,8],"tags":[],"class_list":["post-136309","post","type-post","status-publish","format-standard","has-post-thumbnail","category-cronaca","category-societa-istituzioni"],"yoast_head":"<!-- This site is optimized with the Yoast SEO plugin v28.4 - https:\/\/yoast.com\/product\/yoast-seo-wordpress\/ -->\n<title>Accoglienza civili ucraini. Sindaco e assessore incontrano le associazioni - Bellunopress - Dolomiti<\/title>\n<meta name=\"robots\" content=\"index, follow, max-snippet:-1, max-image-preview:large, max-video-preview:-1\" \/>\n<link rel=\"canonical\" href=\"https:\/\/www.bellunopress.it\/fr\/2022\/09\/08\/accoglienza-civili-ucraini-sindaco-e-assesspore-incontrano-le-associazioni\/\" \/>\n<meta property=\"og:locale\" content=\"fr_FR\" \/>\n<meta property=\"og:type\" content=\"article\" \/>\n<meta property=\"og:title\" content=\"Accoglienza civili ucraini. Sindaco e assessore incontrano le associazioni - Bellunopress - Dolomiti\" \/>\n<meta property=\"og:description\" content=\"Ammontano a 12 mila le giornate uomo impiegate dalla Protezione civile del Comune di Belluno alla struttura di Mussoi, dove sono accolti i civili ucraini fuggiti dal conflitto, a partire da fine febbraio ad oggi. Accanto a loro operano i volontari del gruppo Protezione civile dell\u2019Ana, quelli della Croce Rossa, del Nore, i vigili del [&hellip;]\" \/>\n<meta property=\"og:url\" content=\"https:\/\/www.bellunopress.it\/fr\/2022\/09\/08\/accoglienza-civili-ucraini-sindaco-e-assesspore-incontrano-le-associazioni\/\" \/>\n<meta property=\"og:site_name\" content=\"Bellunopress - Dolomiti\" \/>\n<meta property=\"article:publisher\" content=\"https:\/\/www.facebook.com\/profile.php?id=100008943462799\" \/>\n<meta property=\"article:published_time\" content=\"2022-09-08T13:12:07+00:00\" \/>\n<meta property=\"article:modified_time\" content=\"2022-09-08T13:12:50+00:00\" \/>\n<meta property=\"og:image\" content=\"https:\/\/www.bellunopress.it\/wp-content\/uploads\/2022\/05\/Oscar-De-Pellegrin_edited.jpg\" \/>\n\t<meta property=\"og:image:width\" content=\"754\" \/>\n\t<meta property=\"og:image:height\" content=\"1000\" \/>\n\t<meta property=\"og:image:type\" content=\"image\/jpeg\" \/>\n<meta name=\"author\" content=\"redazione\" \/>\n<meta name=\"twitter:card\" content=\"summary_large_image\" \/>\n<meta name=\"twitter:creator\" content=\"@bellunopress\" \/>\n<meta name=\"twitter:site\" content=\"@bellunopress\" \/>\n<meta name=\"twitter:label1\" content=\"\u00c9crit par\" \/>\n\t<meta name=\"twitter:data1\" content=\"redazione\" \/>\n\t<meta name=\"twitter:label2\" content=\"Dur\u00e9e de lecture estim\u00e9e\" \/>\n\t<meta name=\"twitter:data2\" content=\"3 minutes\" \/>\n<script type=\"application\/ld+json\" class=\"yoast-schema-graph\">{\"@context\":\"https:\\\/\\\/schema.org\",\"@graph\":[{\"@type\":\"Article\",\"@id\":\"https:\\\/\\\/www.bellunopress.it\\\/2022\\\/09\\\/08\\\/accoglienza-civili-ucraini-sindaco-e-assesspore-incontrano-le-associazioni\\\/#article\",\"isPartOf\":{\"@id\":\"https:\\\/\\\/www.bellunopress.it\\\/2022\\\/09\\\/08\\\/accoglienza-civili-ucraini-sindaco-e-assesspore-incontrano-le-associazioni\\\/\"},\"author\":{\"name\":\"redazione\",\"@id\":\"https:\\\/\\\/www.bellunopress.it\\\/#\\\/schema\\\/person\\\/79bb06722b37ece1c03d3e94beb30d73\"},\"headline\":\"Accoglienza civili ucraini. Sindaco e assessore incontrano le associazioni\",\"datePublished\":\"2022-09-08T13:12:07+00:00\",\"dateModified\":\"2022-09-08T13:12:50+00:00\",\"mainEntityOfPage\":{\"@id\":\"https:\\\/\\\/www.bellunopress.it\\\/2022\\\/09\\\/08\\\/accoglienza-civili-ucraini-sindaco-e-assesspore-incontrano-le-associazioni\\\/\"},\"wordCount\":423,\"publisher\":{\"@id\":\"https:\\\/\\\/www.bellunopress.it\\\/#organization\"},\"image\":{\"@id\":\"https:\\\/\\\/www.bellunopress.it\\\/2022\\\/09\\\/08\\\/accoglienza-civili-ucraini-sindaco-e-assesspore-incontrano-le-associazioni\\\/#primaryimage\"},\"thumbnailUrl\":\"https:\\\/\\\/www.bellunopress.it\\\/wp-content\\\/uploads\\\/2022\\\/05\\\/Oscar-De-Pellegrin_edited.jpg\",\"articleSection\":[\"Cronaca\\\/Politica\",\"Societ\u00e0, Associazioni, Istituzioni\"],\"inLanguage\":\"fr-FR\"},{\"@type\":\"WebPage\",\"@id\":\"https:\\\/\\\/www.bellunopress.it\\\/2022\\\/09\\\/08\\\/accoglienza-civili-ucraini-sindaco-e-assesspore-incontrano-le-associazioni\\\/\",\"url\":\"https:\\\/\\\/www.bellunopress.it\\\/2022\\\/09\\\/08\\\/accoglienza-civili-ucraini-sindaco-e-assesspore-incontrano-le-associazioni\\\/\",\"name\":\"Accoglienza civili ucraini. Sindaco e assessore incontrano le associazioni - Bellunopress - Dolomiti\",\"isPartOf\":{\"@id\":\"https:\\\/\\\/www.bellunopress.it\\\/#website\"},\"primaryImageOfPage\":{\"@id\":\"https:\\\/\\\/www.bellunopress.it\\\/2022\\\/09\\\/08\\\/accoglienza-civili-ucraini-sindaco-e-assesspore-incontrano-le-associazioni\\\/#primaryimage\"},\"image\":{\"@id\":\"https:\\\/\\\/www.bellunopress.it\\\/2022\\\/09\\\/08\\\/accoglienza-civili-ucraini-sindaco-e-assesspore-incontrano-le-associazioni\\\/#primaryimage\"},\"thumbnailUrl\":\"https:\\\/\\\/www.bellunopress.it\\\/wp-content\\\/uploads\\\/2022\\\/05\\\/Oscar-De-Pellegrin_edited.jpg\",\"datePublished\":\"2022-09-08T13:12:07+00:00\",\"dateModified\":\"2022-09-08T13:12:50+00:00\",\"breadcrumb\":{\"@id\":\"https:\\\/\\\/www.bellunopress.it\\\/2022\\\/09\\\/08\\\/accoglienza-civili-ucraini-sindaco-e-assesspore-incontrano-le-associazioni\\\/#breadcrumb\"},\"inLanguage\":\"fr-FR\",\"potentialAction\":[{\"@type\":\"ReadAction\",\"target\":[\"https:\\\/\\\/www.bellunopress.it\\\/2022\\\/09\\\/08\\\/accoglienza-civili-ucraini-sindaco-e-assesspore-incontrano-le-associazioni\\\/\"]}]},{\"@type\":\"ImageObject\",\"inLanguage\":\"fr-FR\",\"@id\":\"https:\\\/\\\/www.bellunopress.it\\\/2022\\\/09\\\/08\\\/accoglienza-civili-ucraini-sindaco-e-assesspore-incontrano-le-associazioni\\\/#primaryimage\",\"url\":\"https:\\\/\\\/www.bellunopress.it\\\/wp-content\\\/uploads\\\/2022\\\/05\\\/Oscar-De-Pellegrin_edited.jpg\",\"contentUrl\":\"https:\\\/\\\/www.bellunopress.it\\\/wp-content\\\/uploads\\\/2022\\\/05\\\/Oscar-De-Pellegrin_edited.jpg\",\"width\":754,\"height\":1000,\"caption\":\"Oscar De Pellegrin, sindaco di Belluno\"},{\"@type\":\"BreadcrumbList\",\"@id\":\"https:\\\/\\\/www.bellunopress.it\\\/2022\\\/09\\\/08\\\/accoglienza-civili-ucraini-sindaco-e-assesspore-incontrano-le-associazioni\\\/#breadcrumb\",\"itemListElement\":[{\"@type\":\"ListItem\",\"position\":1,\"name\":\"Home\",\"item\":\"https:\\\/\\\/www.bellunopress.it\\\/\"},{\"@type\":\"ListItem\",\"position\":2,\"name\":\"Accoglienza civili ucraini. Sindaco e assessore incontrano le associazioni\"}]},{\"@type\":\"WebSite\",\"@id\":\"https:\\\/\\\/www.bellunopress.it\\\/#website\",\"url\":\"https:\\\/\\\/www.bellunopress.it\\\/\",\"name\":\"Bellunopress - Dolomiti\",\"description\":\"e-mail: redazione@bellunopress.it\",\"publisher\":{\"@id\":\"https:\\\/\\\/www.bellunopress.it\\\/#organization\"},\"potentialAction\":[{\"@type\":\"SearchAction\",\"target\":{\"@type\":\"EntryPoint\",\"urlTemplate\":\"https:\\\/\\\/www.bellunopress.it\\\/?s={search_term_string}\"},\"query-input\":{\"@type\":\"PropertyValueSpecification\",\"valueRequired\":true,\"valueName\":\"search_term_string\"}}],\"inLanguage\":\"fr-FR\"},{\"@type\":\"Organization\",\"@id\":\"https:\\\/\\\/www.bellunopress.it\\\/#organization\",\"name\":\"Bellunopress\",\"url\":\"https:\\\/\\\/www.bellunopress.it\\\/\",\"logo\":{\"@type\":\"ImageObject\",\"inLanguage\":\"fr-FR\",\"@id\":\"https:\\\/\\\/www.bellunopress.it\\\/#\\\/schema\\\/logo\\\/image\\\/\",\"url\":\"https:\\\/\\\/www.bellunopress.it\\\/wp-content\\\/uploads\\\/2011\\\/05\\\/cropped-logo-bellunopress-.jpg\",\"contentUrl\":\"https:\\\/\\\/www.bellunopress.it\\\/wp-content\\\/uploads\\\/2011\\\/05\\\/cropped-logo-bellunopress-.jpg\",\"width\":512,\"height\":512,\"caption\":\"Bellunopress\"},\"image\":{\"@id\":\"https:\\\/\\\/www.bellunopress.it\\\/#\\\/schema\\\/logo\\\/image\\\/\"},\"sameAs\":[\"https:\\\/\\\/www.facebook.com\\\/profile.php?id=100008943462799\",\"https:\\\/\\\/x.com\\\/bellunopress\",\"https:\\\/\\\/www.linkedin.com\\\/hp\\\/?dnr=JBzUWaJfMUw8vbXJJ2tVW5-I3jZKvC4wsoxE&amp;amp;amp;amp;amp;amp;trk=nav_responsive_tab_home\",\"https:\\\/\\\/www.youtube.com\\\/channel\\\/UCxL0wu1uN0_3_7hGG0306cw\"]},{\"@type\":\"Person\",\"@id\":\"https:\\\/\\\/www.bellunopress.it\\\/#\\\/schema\\\/person\\\/79bb06722b37ece1c03d3e94beb30d73\",\"name\":\"redazione\",\"image\":{\"@type\":\"ImageObject\",\"inLanguage\":\"fr-FR\",\"@id\":\"https:\\\/\\\/secure.gravatar.com\\\/avatar\\\/37d968a2e67a6fd04c169c4bdef102d0bc5d31b2546345219e348575eb80e9a0?s=96&d=mm&r=g\",\"url\":\"https:\\\/\\\/secure.gravatar.com\\\/avatar\\\/37d968a2e67a6fd04c169c4bdef102d0bc5d31b2546345219e348575eb80e9a0?s=96&d=mm&r=g\",\"contentUrl\":\"https:\\\/\\\/secure.gravatar.com\\\/avatar\\\/37d968a2e67a6fd04c169c4bdef102d0bc5d31b2546345219e348575eb80e9a0?s=96&d=mm&r=g\",\"caption\":\"redazione\"},\"sameAs\":[\"http:\\\/\\\/www.bellunopress.it\",\"https:\\\/\\\/x.com\\\/bellunopress\"],\"url\":\"https:\\\/\\\/www.bellunopress.it\\\/fr\\\/author\\\/redazione\\\/\"}]}<\/script>\n<!-- \/ Yoast SEO plugin. -->","yoast_head_json":{"title":"Accoglienza civili ucraini. Sindaco e assessore incontrano le associazioni - Bellunopress - Dolomiti","robots":{"index":"index","follow":"follow","max-snippet":"max-snippet:-1","max-image-preview":"max-image-preview:large","max-video-preview":"max-video-preview:-1"},"canonical":"https:\/\/www.bellunopress.it\/fr\/2022\/09\/08\/accoglienza-civili-ucraini-sindaco-e-assesspore-incontrano-le-associazioni\/","og_locale":"fr_FR","og_type":"article","og_title":"Accoglienza civili ucraini. Sindaco e assessore incontrano le associazioni - Bellunopress - Dolomiti","og_description":"Ammontano a 12 mila le giornate uomo impiegate dalla Protezione civile del Comune di Belluno alla struttura di Mussoi, dove sono accolti i civili ucraini fuggiti dal conflitto, a partire da fine febbraio ad oggi. Accanto a loro operano i volontari del gruppo Protezione civile dell\u2019Ana, quelli della Croce Rossa, del Nore, i vigili del [&hellip;]","og_url":"https:\/\/www.bellunopress.it\/fr\/2022\/09\/08\/accoglienza-civili-ucraini-sindaco-e-assesspore-incontrano-le-associazioni\/","og_site_name":"Bellunopress - Dolomiti","article_publisher":"https:\/\/www.facebook.com\/profile.php?id=100008943462799","article_published_time":"2022-09-08T13:12:07+00:00","article_modified_time":"2022-09-08T13:12:50+00:00","og_image":[{"width":754,"height":1000,"url":"https:\/\/www.bellunopress.it\/wp-content\/uploads\/2022\/05\/Oscar-De-Pellegrin_edited.jpg","type":"image\/jpeg"}],"author":"redazione","twitter_card":"summary_large_image","twitter_creator":"@bellunopress","twitter_site":"@bellunopress","twitter_misc":{"\u00c9crit par":"redazione","Dur\u00e9e de lecture estim\u00e9e":"3 minutes"},"schema":{"@context":"https:\/\/schema.org","@graph":[{"@type":"Article","@id":"https:\/\/www.bellunopress.it\/2022\/09\/08\/accoglienza-civili-ucraini-sindaco-e-assesspore-incontrano-le-associazioni\/#article","isPartOf":{"@id":"https:\/\/www.bellunopress.it\/2022\/09\/08\/accoglienza-civili-ucraini-sindaco-e-assesspore-incontrano-le-associazioni\/"},"author":{"name":"redazione","@id":"https:\/\/www.bellunopress.it\/#\/schema\/person\/79bb06722b37ece1c03d3e94beb30d73"},"headline":"Accoglienza civili ucraini. Sindaco e assessore incontrano le associazioni","datePublished":"2022-09-08T13:12:07+00:00","dateModified":"2022-09-08T13:12:50+00:00","mainEntityOfPage":{"@id":"https:\/\/www.bellunopress.it\/2022\/09\/08\/accoglienza-civili-ucraini-sindaco-e-assesspore-incontrano-le-associazioni\/"},"wordCount":423,"publisher":{"@id":"https:\/\/www.bellunopress.it\/#organization"},"image":{"@id":"https:\/\/www.bellunopress.it\/2022\/09\/08\/accoglienza-civili-ucraini-sindaco-e-assesspore-incontrano-le-associazioni\/#primaryimage"},"thumbnailUrl":"https:\/\/www.bellunopress.it\/wp-content\/uploads\/2022\/05\/Oscar-De-Pellegrin_edited.jpg","articleSection":["Cronaca\/Politica","Societ\u00e0, Associazioni, Istituzioni"],"inLanguage":"fr-FR"},{"@type":"WebPage","@id":"https:\/\/www.bellunopress.it\/2022\/09\/08\/accoglienza-civili-ucraini-sindaco-e-assesspore-incontrano-le-associazioni\/","url":"https:\/\/www.bellunopress.it\/2022\/09\/08\/accoglienza-civili-ucraini-sindaco-e-assesspore-incontrano-le-associazioni\/","name":"Accoglienza civili ucraini. Sindaco e assessore incontrano le associazioni - Bellunopress - Dolomiti","isPartOf":{"@id":"https:\/\/www.bellunopress.it\/#website"},"primaryImageOfPage":{"@id":"https:\/\/www.bellunopress.it\/2022\/09\/08\/accoglienza-civili-ucraini-sindaco-e-assesspore-incontrano-le-associazioni\/#primaryimage"},"image":{"@id":"https:\/\/www.bellunopress.it\/2022\/09\/08\/accoglienza-civili-ucraini-sindaco-e-assesspore-incontrano-le-associazioni\/#primaryimage"},"thumbnailUrl":"https:\/\/www.bellunopress.it\/wp-content\/uploads\/2022\/05\/Oscar-De-Pellegrin_edited.jpg","datePublished":"2022-09-08T13:12:07+00:00","dateModified":"2022-09-08T13:12:50+00:00","breadcrumb":{"@id":"https:\/\/www.bellunopress.it\/2022\/09\/08\/accoglienza-civili-ucraini-sindaco-e-assesspore-incontrano-le-associazioni\/#breadcrumb"},"inLanguage":"fr-FR","potentialAction":[{"@type":"ReadAction","target":["https:\/\/www.bellunopress.it\/2022\/09\/08\/accoglienza-civili-ucraini-sindaco-e-assesspore-incontrano-le-associazioni\/"]}]},{"@type":"ImageObject","inLanguage":"fr-FR","@id":"https:\/\/www.bellunopress.it\/2022\/09\/08\/accoglienza-civili-ucraini-sindaco-e-assesspore-incontrano-le-associazioni\/#primaryimage","url":"https:\/\/www.bellunopress.it\/wp-content\/uploads\/2022\/05\/Oscar-De-Pellegrin_edited.jpg","contentUrl":"https:\/\/www.bellunopress.it\/wp-content\/uploads\/2022\/05\/Oscar-De-Pellegrin_edited.jpg","width":754,"height":1000,"caption":"Oscar De Pellegrin, sindaco di Belluno"},{"@type":"BreadcrumbList","@id":"https:\/\/www.bellunopress.it\/2022\/09\/08\/accoglienza-civili-ucraini-sindaco-e-assesspore-incontrano-le-associazioni\/#breadcrumb","itemListElement":[{"@type":"ListItem","position":1,"name":"Home","item":"https:\/\/www.bellunopress.it\/"},{"@type":"ListItem","position":2,"name":"Accoglienza civili ucraini. Sindaco e assessore incontrano le associazioni"}]},{"@type":"WebSite","@id":"https:\/\/www.bellunopress.it\/#website","url":"https:\/\/www.bellunopress.it\/","name":"Bellunopress - Dolomiti","description":"e-mail: redazione@bellunopress.it","publisher":{"@id":"https:\/\/www.bellunopress.it\/#organization"},"potentialAction":[{"@type":"SearchAction","target":{"@type":"EntryPoint","urlTemplate":"https:\/\/www.bellunopress.it\/?s={search_term_string}"},"query-input":{"@type":"PropertyValueSpecification","valueRequired":true,"valueName":"search_term_string"}}],"inLanguage":"fr-FR"},{"@type":"Organization","@id":"https:\/\/www.bellunopress.it\/#organization","name":"Bellunopress","url":"https:\/\/www.bellunopress.it\/","logo":{"@type":"ImageObject","inLanguage":"fr-FR","@id":"https:\/\/www.bellunopress.it\/#\/schema\/logo\/image\/","url":"https:\/\/www.bellunopress.it\/wp-content\/uploads\/2011\/05\/cropped-logo-bellunopress-.jpg","contentUrl":"https:\/\/www.bellunopress.it\/wp-content\/uploads\/2011\/05\/cropped-logo-bellunopress-.jpg","width":512,"height":512,"caption":"Bellunopress"},"image":{"@id":"https:\/\/www.bellunopress.it\/#\/schema\/logo\/image\/"},"sameAs":["https:\/\/www.facebook.com\/profile.php?id=100008943462799","https:\/\/x.com\/bellunopress","https:\/\/www.linkedin.com\/hp\/?dnr=JBzUWaJfMUw8vbXJJ2tVW5-I3jZKvC4wsoxE&amp;amp;amp;amp;amp;amp;trk=nav_responsive_tab_home","https:\/\/www.youtube.com\/channel\/UCxL0wu1uN0_3_7hGG0306cw"]},{"@type":"Person","@id":"https:\/\/www.bellunopress.it\/#\/schema\/person\/79bb06722b37ece1c03d3e94beb30d73","name":"r\u00e9daction","image":{"@type":"ImageObject","inLanguage":"fr-FR","@id":"https:\/\/secure.gravatar.com\/avatar\/37d968a2e67a6fd04c169c4bdef102d0bc5d31b2546345219e348575eb80e9a0?s=96&d=mm&r=g","url":"https:\/\/secure.gravatar.com\/avatar\/37d968a2e67a6fd04c169c4bdef102d0bc5d31b2546345219e348575eb80e9a0?s=96&d=mm&r=g","contentUrl":"https:\/\/secure.gravatar.com\/avatar\/37d968a2e67a6fd04c169c4bdef102d0bc5d31b2546345219e348575eb80e9a0?s=96&d=mm&r=g","caption":"redazione"},"sameAs":["http:\/\/www.bellunopress.it","https:\/\/x.com\/bellunopress"],"url":"https:\/\/www.bellunopress.it\/fr\/author\/redazione\/"}]}},"_links":{"self":[{"href":"https:\/\/www.bellunopress.it\/fr\/wp-json\/wp\/v2\/posts\/136309","targetHints":{"allow":["GET"]}}],"collection":[{"href":"https:\/\/www.bellunopress.it\/fr\/wp-json\/wp\/v2\/posts"}],"about":[{"href":"https:\/\/www.bellunopress.it\/fr\/wp-json\/wp\/v2\/types\/post"}],"author":[{"embeddable":true,"href":"https:\/\/www.bellunopress.it\/fr\/wp-json\/wp\/v2\/users\/2"}],"replies":[{"embeddable":true,"href":"https:\/\/www.bellunopress.it\/fr\/wp-json\/wp\/v2\/comments?post=136309"}],"version-history":[{"count":2,"href":"https:\/\/www.bellunopress.it\/fr\/wp-json\/wp\/v2\/posts\/136309\/revisions"}],"predecessor-version":[{"id":136311,"href":"https:\/\/www.bellunopress.it\/fr\/wp-json\/wp\/v2\/posts\/136309\/revisions\/136311"}],"wp:featuredmedia":[{"embeddable":true,"href":"https:\/\/www.bellunopress.it\/fr\/wp-json\/wp\/v2\/media\/133287"}],"wp:attachment":[{"href":"https:\/\/www.bellunopress.it\/fr\/wp-json\/wp\/v2\/media?parent=136309"}],"wp:term":[{"taxonomy":"category","embeddable":true,"href":"https:\/\/www.bellunopress.it\/fr\/wp-json\/wp\/v2\/categories?post=136309"},{"taxonomy":"post_tag","embeddable":true,"href":"https:\/\/www.bellunopress.it\/fr\/wp-json\/wp\/v2\/tags?post=136309"}],"curies":[{"name":"wp","href":"https:\/\/api.w.org\/{rel}","templated":true}]}}