{"id":136305,"date":"2022-09-08T15:05:22","date_gmt":"2022-09-08T13:05:22","guid":{"rendered":"https:\/\/www.bellunopress.it\/?p=136305"},"modified":"2022-09-08T15:05:22","modified_gmt":"2022-09-08T13:05:22","slug":"convitto-femminile-a-vellai-il-servizio-parte-dalla-prossima-settimana","status":"publish","type":"post","link":"https:\/\/www.bellunopress.it\/fr\/2022\/09\/08\/convitto-femminile-a-vellai-il-servizio-parte-dalla-prossima-settimana\/","title":{"rendered":"Convitto femminile a Vellai, il servizio parte dalla prossima settimana"},"content":{"rendered":"<p><em><strong>Flavia Monego: \u00abObiettivo raggiunto, ora lavoriamo per risolvere altre criticit\u00e0 presenti in provincia\u00bb<\/strong><\/em><\/p>\n<figure id=\"attachment_118902\" aria-describedby=\"caption-attachment-118902\" style=\"width: 800px\" class=\"wp-caption alignleft\"><img loading=\"lazy\" decoding=\"async\" class=\"size-full wp-image-118902\" src=\"https:\/\/www.bellunopress.it\/wp-content\/uploads\/2020\/10\/Flavia-Monego-Consigliera-di-parita_edited.jpg\" alt=\"\" width=\"800\" height=\"716\" srcset=\"https:\/\/www.bellunopress.it\/wp-content\/uploads\/2020\/10\/Flavia-Monego-Consigliera-di-parita_edited.jpg 800w, https:\/\/www.bellunopress.it\/wp-content\/uploads\/2020\/10\/Flavia-Monego-Consigliera-di-parita_edited-500x448.jpg 500w, https:\/\/www.bellunopress.it\/wp-content\/uploads\/2020\/10\/Flavia-Monego-Consigliera-di-parita_edited-696x623.jpg 696w, https:\/\/www.bellunopress.it\/wp-content\/uploads\/2020\/10\/Flavia-Monego-Consigliera-di-parita_edited-469x420.jpg 469w\" sizes=\"auto, (max-width: 800px) 100vw, 800px\" \/><figcaption id=\"caption-attachment-118902\" class=\"wp-caption-text\">Flavia Monego &#8211; Consigliera di parit\u00e0 della Provincia<\/figcaption><\/figure>\n<p>La prossima settimana, con l&#8217;avvio del nuovo anno scolastico, partir\u00e0 anche il convitto femminile all&#8217;istituto agrario di Vellai. Una novit\u00e0 che parte da una richiesta delle famiglie e dalla volont\u00e0 della consigliera di Parit\u00e0 e dell&#8217;amministrazione provinciale.<\/p>\n<p>\u00abFinalmente va a soluzione un problema di discriminazione di genere che si trascinava da troppo tempo\u00bb commenta la consigliera di Parit\u00e0 Flavia Monego. \u00abQuesto risultato \u00e8 frutto di un gioco di squadra che ha visto collaborare insieme a me anche Provincia e scuola. Un gioco di squadra che ha prodotto un importantissimo tassello nel panorama dell&#8217;offerta formativa e un decisivo passo avanti nella rimozione degli ostacoli alla compiuta parit\u00e0 di genere. E proprio per questo dovr\u00e0 continuare la sinergia\u00bb.<\/p>\n<p>Il problema era sorto diversi mesi fa, per il fatto che l&#8217;istituto agrario aveva un convitto interno esclusivamente maschile. Alle richieste delle famiglie delle ragazze frequentanti la scuola di Vellai, la consigliera di Parit\u00e0 ha cercato di dare risposte coinvolgendo fin da subito l&#8217;amministrazione provinciale, che si \u00e8 attivata per riqualificare alcuni spazi interni della scuola e trasformarli in stanze e servizi per ospitare il convitto femminile. L&#8217;investimento ha riguardato anche l&#8217;acquisto di mobili e arredi.<\/p>\n<p>\u00abUna volta creato lo spazio idoneo, serviva per\u00f2 la dotazione di personale da parte del Ministero. E mi spiace constatare che non abbiamo mai ricevuto risposte in tal senso, nonostante le richieste mie e della Provincia, anche attraverso tavoli attivati sia con la consigliera di Parit\u00e0 regionale, sia con l&#8217;assessora veneta alle Pari Opportunit\u00e0\u00bb rimarca Monego. \u00abRingrazio la scuola e il dirigente che hanno attivato economie interne per poter avviare il convitto femminile, dando risposte alle famiglie che chiedevano questo servizio. Nella nuova fase di sviluppo dell&#8217;imprenditoria femminile, si aprono grandi opportunit\u00e0 nel settore primario, e la qualit\u00e0 della formazione offerta dall&#8217;istituto agrario di Vellai \u00e8 riconosciuta ben oltre i confini provinciali; questo fa s\u00ec che arrivino iscrizioni da tutto il Veneto. Proprio per questo, il risultato raggiunto &#8211; che \u00e8 merito di un profondo e proficuo gioco di squadra &#8211; non va considerato come un punto di arrivo, bens\u00ec come un punto di partenza. Abbiamo il dovere di portare avanti le sinergie create in questa occasione, soprattutto per trasformare l&#8217;emergenzialit\u00e0 con cui si \u00e8 lavorato quest&#8217;anno in un sistema compiuto che possa rendere il convitto femminile una componente stabile dell&#8217;offerta formativa dell&#8217;istituto. Ci sono altre criticit\u00e0 di questo genere presenti in provincia; discriminazioni di genere e sociali, che solo i convitti d&#8217;area richiesti dalla Provincia possono superare. In attesa di risposte puntuali da parte del Ministero, continuiamo a lavorare in unit\u00e0 d&#8217;intenti\u00bb.<\/p>\n<p>&nbsp;<\/p>","protected":false},"excerpt":{"rendered":"<p>Flavia Monego: \u00abObiettivo raggiunto, ora lavoriamo per risolvere altre criticit\u00e0 presenti in provincia\u00bb La prossima settimana, con l&#8217;avvio del nuovo anno scolastico, partir\u00e0 anche il convitto femminile all&#8217;istituto agrario di Vellai. Una novit\u00e0 che parte da una richiesta delle famiglie e dalla volont\u00e0 della consigliera di Parit\u00e0 e dell&#8217;amministrazione provinciale. \u00abFinalmente va a soluzione un [&hellip;]<\/p>\n","protected":false},"author":2,"featured_media":118902,"comment_status":"closed","ping_status":"open","sticky":false,"template":"","format":"standard","meta":{"footnotes":""},"categories":[26,15,8],"tags":[],"class_list":["post-136305","post","type-post","status-publish","format-standard","has-post-thumbnail","category-prima-pagina","category-scuola","category-societa-istituzioni"],"yoast_head":"<!-- This site is optimized with the Yoast SEO plugin v28.4 - https:\/\/yoast.com\/product\/yoast-seo-wordpress\/ -->\n<title>Convitto femminile a Vellai, il servizio parte dalla prossima settimana - Bellunopress - Dolomiti<\/title>\n<meta name=\"robots\" content=\"index, follow, max-snippet:-1, max-image-preview:large, max-video-preview:-1\" \/>\n<link rel=\"canonical\" href=\"https:\/\/www.bellunopress.it\/fr\/2022\/09\/08\/convitto-femminile-a-vellai-il-servizio-parte-dalla-prossima-settimana\/\" \/>\n<meta property=\"og:locale\" content=\"fr_FR\" \/>\n<meta property=\"og:type\" content=\"article\" \/>\n<meta property=\"og:title\" content=\"Convitto femminile a Vellai, il servizio parte dalla prossima settimana - Bellunopress - Dolomiti\" \/>\n<meta property=\"og:description\" content=\"Flavia Monego: \u00abObiettivo raggiunto, ora lavoriamo per risolvere altre criticit\u00e0 presenti in provincia\u00bb La prossima settimana, con l&#8217;avvio del nuovo anno scolastico, partir\u00e0 anche il convitto femminile all&#8217;istituto agrario di Vellai. Una novit\u00e0 che parte da una richiesta delle famiglie e dalla volont\u00e0 della consigliera di Parit\u00e0 e dell&#8217;amministrazione provinciale. \u00abFinalmente va a soluzione un [&hellip;]\" \/>\n<meta property=\"og:url\" content=\"https:\/\/www.bellunopress.it\/fr\/2022\/09\/08\/convitto-femminile-a-vellai-il-servizio-parte-dalla-prossima-settimana\/\" \/>\n<meta property=\"og:site_name\" content=\"Bellunopress - Dolomiti\" \/>\n<meta property=\"article:publisher\" content=\"https:\/\/www.facebook.com\/profile.php?id=100008943462799\" \/>\n<meta property=\"article:published_time\" content=\"2022-09-08T13:05:22+00:00\" \/>\n<meta property=\"og:image\" content=\"https:\/\/www.bellunopress.it\/wp-content\/uploads\/2020\/10\/Flavia-Monego-Consigliera-di-parita_edited.jpg\" \/>\n\t<meta property=\"og:image:width\" content=\"800\" \/>\n\t<meta property=\"og:image:height\" content=\"716\" \/>\n\t<meta property=\"og:image:type\" content=\"image\/jpeg\" \/>\n<meta name=\"author\" content=\"redazione\" \/>\n<meta name=\"twitter:card\" content=\"summary_large_image\" \/>\n<meta name=\"twitter:creator\" content=\"@bellunopress\" \/>\n<meta name=\"twitter:site\" content=\"@bellunopress\" \/>\n<meta name=\"twitter:label1\" content=\"\u00c9crit par\" \/>\n\t<meta name=\"twitter:data1\" content=\"redazione\" \/>\n\t<meta name=\"twitter:label2\" content=\"Dur\u00e9e de lecture estim\u00e9e\" \/>\n\t<meta name=\"twitter:data2\" content=\"3 minutes\" \/>\n<script type=\"application\/ld+json\" class=\"yoast-schema-graph\">{\"@context\":\"https:\\\/\\\/schema.org\",\"@graph\":[{\"@type\":\"Article\",\"@id\":\"https:\\\/\\\/www.bellunopress.it\\\/2022\\\/09\\\/08\\\/convitto-femminile-a-vellai-il-servizio-parte-dalla-prossima-settimana\\\/#article\",\"isPartOf\":{\"@id\":\"https:\\\/\\\/www.bellunopress.it\\\/2022\\\/09\\\/08\\\/convitto-femminile-a-vellai-il-servizio-parte-dalla-prossima-settimana\\\/\"},\"author\":{\"name\":\"redazione\",\"@id\":\"https:\\\/\\\/www.bellunopress.it\\\/#\\\/schema\\\/person\\\/79bb06722b37ece1c03d3e94beb30d73\"},\"headline\":\"Convitto femminile a Vellai, il servizio parte dalla prossima settimana\",\"datePublished\":\"2022-09-08T13:05:22+00:00\",\"mainEntityOfPage\":{\"@id\":\"https:\\\/\\\/www.bellunopress.it\\\/2022\\\/09\\\/08\\\/convitto-femminile-a-vellai-il-servizio-parte-dalla-prossima-settimana\\\/\"},\"wordCount\":476,\"publisher\":{\"@id\":\"https:\\\/\\\/www.bellunopress.it\\\/#organization\"},\"image\":{\"@id\":\"https:\\\/\\\/www.bellunopress.it\\\/2022\\\/09\\\/08\\\/convitto-femminile-a-vellai-il-servizio-parte-dalla-prossima-settimana\\\/#primaryimage\"},\"thumbnailUrl\":\"https:\\\/\\\/www.bellunopress.it\\\/wp-content\\\/uploads\\\/2020\\\/10\\\/Flavia-Monego-Consigliera-di-parita_edited.jpg\",\"articleSection\":[\"Prima Pagina\",\"Scuola\",\"Societ\u00e0, Associazioni, Istituzioni\"],\"inLanguage\":\"fr-FR\"},{\"@type\":\"WebPage\",\"@id\":\"https:\\\/\\\/www.bellunopress.it\\\/2022\\\/09\\\/08\\\/convitto-femminile-a-vellai-il-servizio-parte-dalla-prossima-settimana\\\/\",\"url\":\"https:\\\/\\\/www.bellunopress.it\\\/2022\\\/09\\\/08\\\/convitto-femminile-a-vellai-il-servizio-parte-dalla-prossima-settimana\\\/\",\"name\":\"Convitto femminile a Vellai, il servizio parte dalla prossima settimana - Bellunopress - Dolomiti\",\"isPartOf\":{\"@id\":\"https:\\\/\\\/www.bellunopress.it\\\/#website\"},\"primaryImageOfPage\":{\"@id\":\"https:\\\/\\\/www.bellunopress.it\\\/2022\\\/09\\\/08\\\/convitto-femminile-a-vellai-il-servizio-parte-dalla-prossima-settimana\\\/#primaryimage\"},\"image\":{\"@id\":\"https:\\\/\\\/www.bellunopress.it\\\/2022\\\/09\\\/08\\\/convitto-femminile-a-vellai-il-servizio-parte-dalla-prossima-settimana\\\/#primaryimage\"},\"thumbnailUrl\":\"https:\\\/\\\/www.bellunopress.it\\\/wp-content\\\/uploads\\\/2020\\\/10\\\/Flavia-Monego-Consigliera-di-parita_edited.jpg\",\"datePublished\":\"2022-09-08T13:05:22+00:00\",\"breadcrumb\":{\"@id\":\"https:\\\/\\\/www.bellunopress.it\\\/2022\\\/09\\\/08\\\/convitto-femminile-a-vellai-il-servizio-parte-dalla-prossima-settimana\\\/#breadcrumb\"},\"inLanguage\":\"fr-FR\",\"potentialAction\":[{\"@type\":\"ReadAction\",\"target\":[\"https:\\\/\\\/www.bellunopress.it\\\/2022\\\/09\\\/08\\\/convitto-femminile-a-vellai-il-servizio-parte-dalla-prossima-settimana\\\/\"]}]},{\"@type\":\"ImageObject\",\"inLanguage\":\"fr-FR\",\"@id\":\"https:\\\/\\\/www.bellunopress.it\\\/2022\\\/09\\\/08\\\/convitto-femminile-a-vellai-il-servizio-parte-dalla-prossima-settimana\\\/#primaryimage\",\"url\":\"https:\\\/\\\/www.bellunopress.it\\\/wp-content\\\/uploads\\\/2020\\\/10\\\/Flavia-Monego-Consigliera-di-parita_edited.jpg\",\"contentUrl\":\"https:\\\/\\\/www.bellunopress.it\\\/wp-content\\\/uploads\\\/2020\\\/10\\\/Flavia-Monego-Consigliera-di-parita_edited.jpg\",\"width\":800,\"height\":716,\"caption\":\"Flavia Monego - Consigliera di parit\u00e0 della Provincia di Belluno\"},{\"@type\":\"BreadcrumbList\",\"@id\":\"https:\\\/\\\/www.bellunopress.it\\\/2022\\\/09\\\/08\\\/convitto-femminile-a-vellai-il-servizio-parte-dalla-prossima-settimana\\\/#breadcrumb\",\"itemListElement\":[{\"@type\":\"ListItem\",\"position\":1,\"name\":\"Home\",\"item\":\"https:\\\/\\\/www.bellunopress.it\\\/\"},{\"@type\":\"ListItem\",\"position\":2,\"name\":\"Convitto femminile a Vellai, il servizio parte dalla prossima settimana\"}]},{\"@type\":\"WebSite\",\"@id\":\"https:\\\/\\\/www.bellunopress.it\\\/#website\",\"url\":\"https:\\\/\\\/www.bellunopress.it\\\/\",\"name\":\"Bellunopress - Dolomiti\",\"description\":\"e-mail: redazione@bellunopress.it\",\"publisher\":{\"@id\":\"https:\\\/\\\/www.bellunopress.it\\\/#organization\"},\"potentialAction\":[{\"@type\":\"SearchAction\",\"target\":{\"@type\":\"EntryPoint\",\"urlTemplate\":\"https:\\\/\\\/www.bellunopress.it\\\/?s={search_term_string}\"},\"query-input\":{\"@type\":\"PropertyValueSpecification\",\"valueRequired\":true,\"valueName\":\"search_term_string\"}}],\"inLanguage\":\"fr-FR\"},{\"@type\":\"Organization\",\"@id\":\"https:\\\/\\\/www.bellunopress.it\\\/#organization\",\"name\":\"Bellunopress\",\"url\":\"https:\\\/\\\/www.bellunopress.it\\\/\",\"logo\":{\"@type\":\"ImageObject\",\"inLanguage\":\"fr-FR\",\"@id\":\"https:\\\/\\\/www.bellunopress.it\\\/#\\\/schema\\\/logo\\\/image\\\/\",\"url\":\"https:\\\/\\\/www.bellunopress.it\\\/wp-content\\\/uploads\\\/2011\\\/05\\\/cropped-logo-bellunopress-.jpg\",\"contentUrl\":\"https:\\\/\\\/www.bellunopress.it\\\/wp-content\\\/uploads\\\/2011\\\/05\\\/cropped-logo-bellunopress-.jpg\",\"width\":512,\"height\":512,\"caption\":\"Bellunopress\"},\"image\":{\"@id\":\"https:\\\/\\\/www.bellunopress.it\\\/#\\\/schema\\\/logo\\\/image\\\/\"},\"sameAs\":[\"https:\\\/\\\/www.facebook.com\\\/profile.php?id=100008943462799\",\"https:\\\/\\\/x.com\\\/bellunopress\",\"https:\\\/\\\/www.linkedin.com\\\/hp\\\/?dnr=JBzUWaJfMUw8vbXJJ2tVW5-I3jZKvC4wsoxE&amp;amp;amp;amp;amp;amp;trk=nav_responsive_tab_home\",\"https:\\\/\\\/www.youtube.com\\\/channel\\\/UCxL0wu1uN0_3_7hGG0306cw\"]},{\"@type\":\"Person\",\"@id\":\"https:\\\/\\\/www.bellunopress.it\\\/#\\\/schema\\\/person\\\/79bb06722b37ece1c03d3e94beb30d73\",\"name\":\"redazione\",\"image\":{\"@type\":\"ImageObject\",\"inLanguage\":\"fr-FR\",\"@id\":\"https:\\\/\\\/secure.gravatar.com\\\/avatar\\\/37d968a2e67a6fd04c169c4bdef102d0bc5d31b2546345219e348575eb80e9a0?s=96&d=mm&r=g\",\"url\":\"https:\\\/\\\/secure.gravatar.com\\\/avatar\\\/37d968a2e67a6fd04c169c4bdef102d0bc5d31b2546345219e348575eb80e9a0?s=96&d=mm&r=g\",\"contentUrl\":\"https:\\\/\\\/secure.gravatar.com\\\/avatar\\\/37d968a2e67a6fd04c169c4bdef102d0bc5d31b2546345219e348575eb80e9a0?s=96&d=mm&r=g\",\"caption\":\"redazione\"},\"sameAs\":[\"http:\\\/\\\/www.bellunopress.it\",\"https:\\\/\\\/x.com\\\/bellunopress\"],\"url\":\"https:\\\/\\\/www.bellunopress.it\\\/fr\\\/author\\\/redazione\\\/\"}]}<\/script>\n<!-- \/ Yoast SEO plugin. -->","yoast_head_json":{"title":"Convitto femminile a Vellai, il servizio parte dalla prossima settimana - Bellunopress - Dolomiti","robots":{"index":"index","follow":"follow","max-snippet":"max-snippet:-1","max-image-preview":"max-image-preview:large","max-video-preview":"max-video-preview:-1"},"canonical":"https:\/\/www.bellunopress.it\/fr\/2022\/09\/08\/convitto-femminile-a-vellai-il-servizio-parte-dalla-prossima-settimana\/","og_locale":"fr_FR","og_type":"article","og_title":"Convitto femminile a Vellai, il servizio parte dalla prossima settimana - Bellunopress - Dolomiti","og_description":"Flavia Monego: \u00abObiettivo raggiunto, ora lavoriamo per risolvere altre criticit\u00e0 presenti in provincia\u00bb La prossima settimana, con l&#8217;avvio del nuovo anno scolastico, partir\u00e0 anche il convitto femminile all&#8217;istituto agrario di Vellai. Una novit\u00e0 che parte da una richiesta delle famiglie e dalla volont\u00e0 della consigliera di Parit\u00e0 e dell&#8217;amministrazione provinciale. \u00abFinalmente va a soluzione un [&hellip;]","og_url":"https:\/\/www.bellunopress.it\/fr\/2022\/09\/08\/convitto-femminile-a-vellai-il-servizio-parte-dalla-prossima-settimana\/","og_site_name":"Bellunopress - Dolomiti","article_publisher":"https:\/\/www.facebook.com\/profile.php?id=100008943462799","article_published_time":"2022-09-08T13:05:22+00:00","og_image":[{"width":800,"height":716,"url":"https:\/\/www.bellunopress.it\/wp-content\/uploads\/2020\/10\/Flavia-Monego-Consigliera-di-parita_edited.jpg","type":"image\/jpeg"}],"author":"redazione","twitter_card":"summary_large_image","twitter_creator":"@bellunopress","twitter_site":"@bellunopress","twitter_misc":{"\u00c9crit par":"redazione","Dur\u00e9e de lecture estim\u00e9e":"3 minutes"},"schema":{"@context":"https:\/\/schema.org","@graph":[{"@type":"Article","@id":"https:\/\/www.bellunopress.it\/2022\/09\/08\/convitto-femminile-a-vellai-il-servizio-parte-dalla-prossima-settimana\/#article","isPartOf":{"@id":"https:\/\/www.bellunopress.it\/2022\/09\/08\/convitto-femminile-a-vellai-il-servizio-parte-dalla-prossima-settimana\/"},"author":{"name":"redazione","@id":"https:\/\/www.bellunopress.it\/#\/schema\/person\/79bb06722b37ece1c03d3e94beb30d73"},"headline":"Convitto femminile a Vellai, il servizio parte dalla prossima settimana","datePublished":"2022-09-08T13:05:22+00:00","mainEntityOfPage":{"@id":"https:\/\/www.bellunopress.it\/2022\/09\/08\/convitto-femminile-a-vellai-il-servizio-parte-dalla-prossima-settimana\/"},"wordCount":476,"publisher":{"@id":"https:\/\/www.bellunopress.it\/#organization"},"image":{"@id":"https:\/\/www.bellunopress.it\/2022\/09\/08\/convitto-femminile-a-vellai-il-servizio-parte-dalla-prossima-settimana\/#primaryimage"},"thumbnailUrl":"https:\/\/www.bellunopress.it\/wp-content\/uploads\/2020\/10\/Flavia-Monego-Consigliera-di-parita_edited.jpg","articleSection":["Prima Pagina","Scuola","Societ\u00e0, Associazioni, Istituzioni"],"inLanguage":"fr-FR"},{"@type":"WebPage","@id":"https:\/\/www.bellunopress.it\/2022\/09\/08\/convitto-femminile-a-vellai-il-servizio-parte-dalla-prossima-settimana\/","url":"https:\/\/www.bellunopress.it\/2022\/09\/08\/convitto-femminile-a-vellai-il-servizio-parte-dalla-prossima-settimana\/","name":"Convitto femminile a Vellai, il servizio parte dalla prossima settimana - Bellunopress - Dolomiti","isPartOf":{"@id":"https:\/\/www.bellunopress.it\/#website"},"primaryImageOfPage":{"@id":"https:\/\/www.bellunopress.it\/2022\/09\/08\/convitto-femminile-a-vellai-il-servizio-parte-dalla-prossima-settimana\/#primaryimage"},"image":{"@id":"https:\/\/www.bellunopress.it\/2022\/09\/08\/convitto-femminile-a-vellai-il-servizio-parte-dalla-prossima-settimana\/#primaryimage"},"thumbnailUrl":"https:\/\/www.bellunopress.it\/wp-content\/uploads\/2020\/10\/Flavia-Monego-Consigliera-di-parita_edited.jpg","datePublished":"2022-09-08T13:05:22+00:00","breadcrumb":{"@id":"https:\/\/www.bellunopress.it\/2022\/09\/08\/convitto-femminile-a-vellai-il-servizio-parte-dalla-prossima-settimana\/#breadcrumb"},"inLanguage":"fr-FR","potentialAction":[{"@type":"ReadAction","target":["https:\/\/www.bellunopress.it\/2022\/09\/08\/convitto-femminile-a-vellai-il-servizio-parte-dalla-prossima-settimana\/"]}]},{"@type":"ImageObject","inLanguage":"fr-FR","@id":"https:\/\/www.bellunopress.it\/2022\/09\/08\/convitto-femminile-a-vellai-il-servizio-parte-dalla-prossima-settimana\/#primaryimage","url":"https:\/\/www.bellunopress.it\/wp-content\/uploads\/2020\/10\/Flavia-Monego-Consigliera-di-parita_edited.jpg","contentUrl":"https:\/\/www.bellunopress.it\/wp-content\/uploads\/2020\/10\/Flavia-Monego-Consigliera-di-parita_edited.jpg","width":800,"height":716,"caption":"Flavia Monego - Consigliera di parit\u00e0 della Provincia di Belluno"},{"@type":"BreadcrumbList","@id":"https:\/\/www.bellunopress.it\/2022\/09\/08\/convitto-femminile-a-vellai-il-servizio-parte-dalla-prossima-settimana\/#breadcrumb","itemListElement":[{"@type":"ListItem","position":1,"name":"Home","item":"https:\/\/www.bellunopress.it\/"},{"@type":"ListItem","position":2,"name":"Convitto femminile a Vellai, il servizio parte dalla prossima settimana"}]},{"@type":"WebSite","@id":"https:\/\/www.bellunopress.it\/#website","url":"https:\/\/www.bellunopress.it\/","name":"Bellunopress - Dolomiti","description":"e-mail: redazione@bellunopress.it","publisher":{"@id":"https:\/\/www.bellunopress.it\/#organization"},"potentialAction":[{"@type":"SearchAction","target":{"@type":"EntryPoint","urlTemplate":"https:\/\/www.bellunopress.it\/?s={search_term_string}"},"query-input":{"@type":"PropertyValueSpecification","valueRequired":true,"valueName":"search_term_string"}}],"inLanguage":"fr-FR"},{"@type":"Organization","@id":"https:\/\/www.bellunopress.it\/#organization","name":"Bellunopress","url":"https:\/\/www.bellunopress.it\/","logo":{"@type":"ImageObject","inLanguage":"fr-FR","@id":"https:\/\/www.bellunopress.it\/#\/schema\/logo\/image\/","url":"https:\/\/www.bellunopress.it\/wp-content\/uploads\/2011\/05\/cropped-logo-bellunopress-.jpg","contentUrl":"https:\/\/www.bellunopress.it\/wp-content\/uploads\/2011\/05\/cropped-logo-bellunopress-.jpg","width":512,"height":512,"caption":"Bellunopress"},"image":{"@id":"https:\/\/www.bellunopress.it\/#\/schema\/logo\/image\/"},"sameAs":["https:\/\/www.facebook.com\/profile.php?id=100008943462799","https:\/\/x.com\/bellunopress","https:\/\/www.linkedin.com\/hp\/?dnr=JBzUWaJfMUw8vbXJJ2tVW5-I3jZKvC4wsoxE&amp;amp;amp;amp;amp;amp;trk=nav_responsive_tab_home","https:\/\/www.youtube.com\/channel\/UCxL0wu1uN0_3_7hGG0306cw"]},{"@type":"Person","@id":"https:\/\/www.bellunopress.it\/#\/schema\/person\/79bb06722b37ece1c03d3e94beb30d73","name":"r\u00e9daction","image":{"@type":"ImageObject","inLanguage":"fr-FR","@id":"https:\/\/secure.gravatar.com\/avatar\/37d968a2e67a6fd04c169c4bdef102d0bc5d31b2546345219e348575eb80e9a0?s=96&d=mm&r=g","url":"https:\/\/secure.gravatar.com\/avatar\/37d968a2e67a6fd04c169c4bdef102d0bc5d31b2546345219e348575eb80e9a0?s=96&d=mm&r=g","contentUrl":"https:\/\/secure.gravatar.com\/avatar\/37d968a2e67a6fd04c169c4bdef102d0bc5d31b2546345219e348575eb80e9a0?s=96&d=mm&r=g","caption":"redazione"},"sameAs":["http:\/\/www.bellunopress.it","https:\/\/x.com\/bellunopress"],"url":"https:\/\/www.bellunopress.it\/fr\/author\/redazione\/"}]}},"_links":{"self":[{"href":"https:\/\/www.bellunopress.it\/fr\/wp-json\/wp\/v2\/posts\/136305","targetHints":{"allow":["GET"]}}],"collection":[{"href":"https:\/\/www.bellunopress.it\/fr\/wp-json\/wp\/v2\/posts"}],"about":[{"href":"https:\/\/www.bellunopress.it\/fr\/wp-json\/wp\/v2\/types\/post"}],"author":[{"embeddable":true,"href":"https:\/\/www.bellunopress.it\/fr\/wp-json\/wp\/v2\/users\/2"}],"replies":[{"embeddable":true,"href":"https:\/\/www.bellunopress.it\/fr\/wp-json\/wp\/v2\/comments?post=136305"}],"version-history":[{"count":1,"href":"https:\/\/www.bellunopress.it\/fr\/wp-json\/wp\/v2\/posts\/136305\/revisions"}],"predecessor-version":[{"id":136306,"href":"https:\/\/www.bellunopress.it\/fr\/wp-json\/wp\/v2\/posts\/136305\/revisions\/136306"}],"wp:featuredmedia":[{"embeddable":true,"href":"https:\/\/www.bellunopress.it\/fr\/wp-json\/wp\/v2\/media\/118902"}],"wp:attachment":[{"href":"https:\/\/www.bellunopress.it\/fr\/wp-json\/wp\/v2\/media?parent=136305"}],"wp:term":[{"taxonomy":"category","embeddable":true,"href":"https:\/\/www.bellunopress.it\/fr\/wp-json\/wp\/v2\/categories?post=136305"},{"taxonomy":"post_tag","embeddable":true,"href":"https:\/\/www.bellunopress.it\/fr\/wp-json\/wp\/v2\/tags?post=136305"}],"curies":[{"name":"wp","href":"https:\/\/api.w.org\/{rel}","templated":true}]}}