{"id":136303,"date":"2022-09-08T14:47:02","date_gmt":"2022-09-08T12:47:02","guid":{"rendered":"https:\/\/www.bellunopress.it\/?p=136303"},"modified":"2022-09-08T14:47:02","modified_gmt":"2022-09-08T12:47:02","slug":"william-dalrymple-presenta-anarchia-sabato-ore-18-palazzo-delle-poste-di-cortina","status":"publish","type":"post","link":"https:\/\/www.bellunopress.it\/fr\/2022\/09\/08\/william-dalrymple-presenta-anarchia-sabato-ore-18-palazzo-delle-poste-di-cortina\/","title":{"rendered":"William Dalrymple presenta &#8220;Anarchia&#8221;. Sabato ore 18 Palazzo delle Poste di Cortina"},"content":{"rendered":"<p><img loading=\"lazy\" decoding=\"async\" class=\"alignleft size-full wp-image-134685\" src=\"https:\/\/www.bellunopress.it\/wp-content\/uploads\/2022\/06\/Una-Montagna-di-libri-2022.jpg\" alt=\"\" width=\"976\" height=\"1000\" srcset=\"https:\/\/www.bellunopress.it\/wp-content\/uploads\/2022\/06\/Una-Montagna-di-libri-2022.jpg 976w, https:\/\/www.bellunopress.it\/wp-content\/uploads\/2022\/06\/Una-Montagna-di-libri-2022-488x500.jpg 488w, https:\/\/www.bellunopress.it\/wp-content\/uploads\/2022\/06\/Una-Montagna-di-libri-2022-696x713.jpg 696w, https:\/\/www.bellunopress.it\/wp-content\/uploads\/2022\/06\/Una-Montagna-di-libri-2022-410x420.jpg 410w, https:\/\/www.bellunopress.it\/wp-content\/uploads\/2022\/06\/Una-Montagna-di-libri-2022-356x364.jpg 356w\" sizes=\"auto, (max-width: 976px) 100vw, 976px\" \/>Com\u2019\u00e8 stato possibile che l\u2019audace Compagnia delle Indie Orientali si trasformasse nel Settecento in una societ\u00e0 extraterritoriale dall\u2019immenso potere, superiore a quello della nazione che l\u2019aveva generata? Lo storico William Dalrymple racconta in \u201cAnarchia\u201d (Adelphi) l\u2019ascesa inarrestabile della prima multinazionale della storia, ricostruendone la vicenda a partire da documenti originali e fonti bibliografiche inusitate e rare. E Dalrymple presenter\u00e0 il suo ultimo libro per la prima volta in Italia a Una Montagna di Libri, la festa internazionale della letteratura protagonista della stagione delle Dolomiti a Cortina d\u2019Ampezzo.<\/p>\n<p>L\u2019appuntamento \u00e8 per sabato 10 settembre 2022, alle ore 18, presso il Palazzo delle Poste, Sala Cultura di Cortina,\u00a0 all&#8217;interno della rassegna culturale Una Montagna di Libri.<\/p>\n<p>&nbsp;<\/p>\n<p><strong>L\u2019incontro<\/strong><\/p>\n<p>Circa quattrocento anni fa un\u2019audace start-up londinese, dal suo piccolo ufficio nel cuore della City, si lanci\u00f2, letteralmente, alla conquista del mondo. La Compagnia Britannica delle Indie Orientali, una delle prime Societ\u00e0 per Azioni, avvi\u00f2 l\u2019attivit\u00e0 con trentacinque dipendenti e una patente regia che le consentiva di \u00abmuovere guerra\u00bb. Duecento anni pi\u00f9 tardi, gli immensi profitti del commercio con le Indie l\u2019avevano resa pi\u00f9 ricca, potente e bellicosa della nazione in cui era nata: disponeva di uno dei pi\u00f9 grandi e moderni eserciti permanenti al mondo, e controllava sconfinati territori, governati al di fuori di ogni legittimazione democratica e costituzionale. Inevitabilmente, il suo potere si insinu\u00f2 anche in patria, rischiando di minarne gli ancor giovani princ\u00ecpi democratici. Con l\u2019assoluto rigore storico e la maestria narrativa che lo caratterizzano, William Dalrymple racconta l\u2019ascesa inarrestabile della Compagnia delle Indie Orientali, ricostruendone la vicenda a partire da documenti originali e fonti bibliografiche inusitate e rare \u2013 e mostrando a quali estremi \u00e8 potuto arrivare in passato il dominio incontrollato di una gigantesca corporation.<\/p>\n<p>&nbsp;<\/p>\n<p><strong>L\u2019autore<\/strong><\/p>\n<p>William Dalrymple nato in Scozia nel 1965 e formatosi come storico a Cambridge, vive nella sua fattoria a Mehrauli, presso Nuova Delhi. Ha scritto libri sui regni tuttora misteriosi dell&#8217;Asia Centrale (In Xanadu, 1989), sulle sopravvivenze del mondo bizantino (From the Holy Mountain, 1997) e, naturalmente, sull&#8217;India (The Last Mughal, 2006). In Italia Adelphi ha pubblicato Nove vite (2011), Il ritorno di un re (2015), Koh-i-Nur (2020).<\/p>\n<p>&nbsp;<\/p>\n<p><strong>Una Montagna di Libri &#8211; Estate 2022: la XXVI Edizione<\/strong><\/p>\n<p>Una Montagna di Libri si tiene per l\u2019estate 2022 con un programma di oltre cinquanta date, fino all\u2019autunno. La rassegna protagonista della stagione ampezzana, che supera le 20mila presenze e le 800mila visualizzazioni, \u00e8 nuovamente nella Regina delle Dolomiti da luglio a ottobre. Con molti appuntamenti.<\/p>\n<p>&nbsp;<\/p>","protected":false},"excerpt":{"rendered":"<p>Com\u2019\u00e8 stato possibile che l\u2019audace Compagnia delle Indie Orientali si trasformasse nel Settecento in una societ\u00e0 extraterritoriale dall\u2019immenso potere, superiore a quello della nazione che l\u2019aveva generata? Lo storico William Dalrymple racconta in \u201cAnarchia\u201d (Adelphi) l\u2019ascesa inarrestabile della prima multinazionale della storia, ricostruendone la vicenda a partire da documenti originali e fonti bibliografiche inusitate e [&hellip;]<\/p>\n","protected":false},"author":2,"featured_media":134685,"comment_status":"closed","ping_status":"open","sticky":false,"template":"","format":"standard","meta":{"footnotes":""},"categories":[27,3,25],"tags":[],"class_list":["post-136303","post","type-post","status-publish","format-standard","has-post-thumbnail","category-appuntamenti","category-arte-cultura-spettacoli-scienza-archivi","category-pausa-caffe"],"yoast_head":"<!-- This site is optimized with the Yoast SEO plugin v28.4 - https:\/\/yoast.com\/product\/yoast-seo-wordpress\/ -->\n<title>William Dalrymple presenta &quot;Anarchia&quot;. Sabato ore 18 Palazzo delle Poste di Cortina - Bellunopress - Dolomiti<\/title>\n<meta name=\"robots\" content=\"index, follow, max-snippet:-1, max-image-preview:large, max-video-preview:-1\" \/>\n<link rel=\"canonical\" href=\"https:\/\/www.bellunopress.it\/fr\/2022\/09\/08\/william-dalrymple-presenta-anarchia-sabato-ore-18-palazzo-delle-poste-di-cortina\/\" \/>\n<meta property=\"og:locale\" content=\"fr_FR\" \/>\n<meta property=\"og:type\" content=\"article\" \/>\n<meta property=\"og:title\" content=\"William Dalrymple presenta &quot;Anarchia&quot;. Sabato ore 18 Palazzo delle Poste di Cortina - Bellunopress - Dolomiti\" \/>\n<meta property=\"og:description\" content=\"Com\u2019\u00e8 stato possibile che l\u2019audace Compagnia delle Indie Orientali si trasformasse nel Settecento in una societ\u00e0 extraterritoriale dall\u2019immenso potere, superiore a quello della nazione che l\u2019aveva generata? Lo storico William Dalrymple racconta in \u201cAnarchia\u201d (Adelphi) l\u2019ascesa inarrestabile della prima multinazionale della storia, ricostruendone la vicenda a partire da documenti originali e fonti bibliografiche inusitate e [&hellip;]\" \/>\n<meta property=\"og:url\" content=\"https:\/\/www.bellunopress.it\/fr\/2022\/09\/08\/william-dalrymple-presenta-anarchia-sabato-ore-18-palazzo-delle-poste-di-cortina\/\" \/>\n<meta property=\"og:site_name\" content=\"Bellunopress - Dolomiti\" \/>\n<meta property=\"article:publisher\" content=\"https:\/\/www.facebook.com\/profile.php?id=100008943462799\" \/>\n<meta property=\"article:published_time\" content=\"2022-09-08T12:47:02+00:00\" \/>\n<meta property=\"og:image\" content=\"https:\/\/www.bellunopress.it\/wp-content\/uploads\/2022\/06\/Una-Montagna-di-libri-2022.jpg\" \/>\n\t<meta property=\"og:image:width\" content=\"976\" \/>\n\t<meta property=\"og:image:height\" content=\"1000\" \/>\n\t<meta property=\"og:image:type\" content=\"image\/jpeg\" \/>\n<meta name=\"author\" content=\"redazione\" \/>\n<meta name=\"twitter:card\" content=\"summary_large_image\" \/>\n<meta name=\"twitter:creator\" content=\"@bellunopress\" \/>\n<meta name=\"twitter:site\" content=\"@bellunopress\" \/>\n<meta name=\"twitter:label1\" content=\"\u00c9crit par\" \/>\n\t<meta name=\"twitter:data1\" content=\"redazione\" \/>\n\t<meta name=\"twitter:label2\" content=\"Dur\u00e9e de lecture estim\u00e9e\" \/>\n\t<meta name=\"twitter:data2\" content=\"3 minutes\" \/>\n<script type=\"application\/ld+json\" class=\"yoast-schema-graph\">{\"@context\":\"https:\\\/\\\/schema.org\",\"@graph\":[{\"@type\":\"Article\",\"@id\":\"https:\\\/\\\/www.bellunopress.it\\\/2022\\\/09\\\/08\\\/william-dalrymple-presenta-anarchia-sabato-ore-18-palazzo-delle-poste-di-cortina\\\/#article\",\"isPartOf\":{\"@id\":\"https:\\\/\\\/www.bellunopress.it\\\/2022\\\/09\\\/08\\\/william-dalrymple-presenta-anarchia-sabato-ore-18-palazzo-delle-poste-di-cortina\\\/\"},\"author\":{\"name\":\"redazione\",\"@id\":\"https:\\\/\\\/www.bellunopress.it\\\/#\\\/schema\\\/person\\\/79bb06722b37ece1c03d3e94beb30d73\"},\"headline\":\"William Dalrymple presenta &#8220;Anarchia&#8221;. Sabato ore 18 Palazzo delle Poste di Cortina\",\"datePublished\":\"2022-09-08T12:47:02+00:00\",\"mainEntityOfPage\":{\"@id\":\"https:\\\/\\\/www.bellunopress.it\\\/2022\\\/09\\\/08\\\/william-dalrymple-presenta-anarchia-sabato-ore-18-palazzo-delle-poste-di-cortina\\\/\"},\"wordCount\":427,\"publisher\":{\"@id\":\"https:\\\/\\\/www.bellunopress.it\\\/#organization\"},\"image\":{\"@id\":\"https:\\\/\\\/www.bellunopress.it\\\/2022\\\/09\\\/08\\\/william-dalrymple-presenta-anarchia-sabato-ore-18-palazzo-delle-poste-di-cortina\\\/#primaryimage\"},\"thumbnailUrl\":\"https:\\\/\\\/www.bellunopress.it\\\/wp-content\\\/uploads\\\/2022\\\/06\\\/Una-Montagna-di-libri-2022.jpg\",\"articleSection\":[\"Appuntamenti, Eventi\",\"Arte, Cultura, Spettacoli, Scienza\",\"Pausa Caff\u00e8\"],\"inLanguage\":\"fr-FR\"},{\"@type\":\"WebPage\",\"@id\":\"https:\\\/\\\/www.bellunopress.it\\\/2022\\\/09\\\/08\\\/william-dalrymple-presenta-anarchia-sabato-ore-18-palazzo-delle-poste-di-cortina\\\/\",\"url\":\"https:\\\/\\\/www.bellunopress.it\\\/2022\\\/09\\\/08\\\/william-dalrymple-presenta-anarchia-sabato-ore-18-palazzo-delle-poste-di-cortina\\\/\",\"name\":\"William Dalrymple presenta \\\"Anarchia\\\". Sabato ore 18 Palazzo delle Poste di Cortina - Bellunopress - Dolomiti\",\"isPartOf\":{\"@id\":\"https:\\\/\\\/www.bellunopress.it\\\/#website\"},\"primaryImageOfPage\":{\"@id\":\"https:\\\/\\\/www.bellunopress.it\\\/2022\\\/09\\\/08\\\/william-dalrymple-presenta-anarchia-sabato-ore-18-palazzo-delle-poste-di-cortina\\\/#primaryimage\"},\"image\":{\"@id\":\"https:\\\/\\\/www.bellunopress.it\\\/2022\\\/09\\\/08\\\/william-dalrymple-presenta-anarchia-sabato-ore-18-palazzo-delle-poste-di-cortina\\\/#primaryimage\"},\"thumbnailUrl\":\"https:\\\/\\\/www.bellunopress.it\\\/wp-content\\\/uploads\\\/2022\\\/06\\\/Una-Montagna-di-libri-2022.jpg\",\"datePublished\":\"2022-09-08T12:47:02+00:00\",\"breadcrumb\":{\"@id\":\"https:\\\/\\\/www.bellunopress.it\\\/2022\\\/09\\\/08\\\/william-dalrymple-presenta-anarchia-sabato-ore-18-palazzo-delle-poste-di-cortina\\\/#breadcrumb\"},\"inLanguage\":\"fr-FR\",\"potentialAction\":[{\"@type\":\"ReadAction\",\"target\":[\"https:\\\/\\\/www.bellunopress.it\\\/2022\\\/09\\\/08\\\/william-dalrymple-presenta-anarchia-sabato-ore-18-palazzo-delle-poste-di-cortina\\\/\"]}]},{\"@type\":\"ImageObject\",\"inLanguage\":\"fr-FR\",\"@id\":\"https:\\\/\\\/www.bellunopress.it\\\/2022\\\/09\\\/08\\\/william-dalrymple-presenta-anarchia-sabato-ore-18-palazzo-delle-poste-di-cortina\\\/#primaryimage\",\"url\":\"https:\\\/\\\/www.bellunopress.it\\\/wp-content\\\/uploads\\\/2022\\\/06\\\/Una-Montagna-di-libri-2022.jpg\",\"contentUrl\":\"https:\\\/\\\/www.bellunopress.it\\\/wp-content\\\/uploads\\\/2022\\\/06\\\/Una-Montagna-di-libri-2022.jpg\",\"width\":976,\"height\":1000},{\"@type\":\"BreadcrumbList\",\"@id\":\"https:\\\/\\\/www.bellunopress.it\\\/2022\\\/09\\\/08\\\/william-dalrymple-presenta-anarchia-sabato-ore-18-palazzo-delle-poste-di-cortina\\\/#breadcrumb\",\"itemListElement\":[{\"@type\":\"ListItem\",\"position\":1,\"name\":\"Home\",\"item\":\"https:\\\/\\\/www.bellunopress.it\\\/\"},{\"@type\":\"ListItem\",\"position\":2,\"name\":\"William Dalrymple presenta &#8220;Anarchia&#8221;. Sabato ore 18 Palazzo delle Poste di Cortina\"}]},{\"@type\":\"WebSite\",\"@id\":\"https:\\\/\\\/www.bellunopress.it\\\/#website\",\"url\":\"https:\\\/\\\/www.bellunopress.it\\\/\",\"name\":\"Bellunopress - Dolomiti\",\"description\":\"e-mail: redazione@bellunopress.it\",\"publisher\":{\"@id\":\"https:\\\/\\\/www.bellunopress.it\\\/#organization\"},\"potentialAction\":[{\"@type\":\"SearchAction\",\"target\":{\"@type\":\"EntryPoint\",\"urlTemplate\":\"https:\\\/\\\/www.bellunopress.it\\\/?s={search_term_string}\"},\"query-input\":{\"@type\":\"PropertyValueSpecification\",\"valueRequired\":true,\"valueName\":\"search_term_string\"}}],\"inLanguage\":\"fr-FR\"},{\"@type\":\"Organization\",\"@id\":\"https:\\\/\\\/www.bellunopress.it\\\/#organization\",\"name\":\"Bellunopress\",\"url\":\"https:\\\/\\\/www.bellunopress.it\\\/\",\"logo\":{\"@type\":\"ImageObject\",\"inLanguage\":\"fr-FR\",\"@id\":\"https:\\\/\\\/www.bellunopress.it\\\/#\\\/schema\\\/logo\\\/image\\\/\",\"url\":\"https:\\\/\\\/www.bellunopress.it\\\/wp-content\\\/uploads\\\/2011\\\/05\\\/cropped-logo-bellunopress-.jpg\",\"contentUrl\":\"https:\\\/\\\/www.bellunopress.it\\\/wp-content\\\/uploads\\\/2011\\\/05\\\/cropped-logo-bellunopress-.jpg\",\"width\":512,\"height\":512,\"caption\":\"Bellunopress\"},\"image\":{\"@id\":\"https:\\\/\\\/www.bellunopress.it\\\/#\\\/schema\\\/logo\\\/image\\\/\"},\"sameAs\":[\"https:\\\/\\\/www.facebook.com\\\/profile.php?id=100008943462799\",\"https:\\\/\\\/x.com\\\/bellunopress\",\"https:\\\/\\\/www.linkedin.com\\\/hp\\\/?dnr=JBzUWaJfMUw8vbXJJ2tVW5-I3jZKvC4wsoxE&amp;amp;amp;amp;amp;amp;trk=nav_responsive_tab_home\",\"https:\\\/\\\/www.youtube.com\\\/channel\\\/UCxL0wu1uN0_3_7hGG0306cw\"]},{\"@type\":\"Person\",\"@id\":\"https:\\\/\\\/www.bellunopress.it\\\/#\\\/schema\\\/person\\\/79bb06722b37ece1c03d3e94beb30d73\",\"name\":\"redazione\",\"image\":{\"@type\":\"ImageObject\",\"inLanguage\":\"fr-FR\",\"@id\":\"https:\\\/\\\/secure.gravatar.com\\\/avatar\\\/37d968a2e67a6fd04c169c4bdef102d0bc5d31b2546345219e348575eb80e9a0?s=96&d=mm&r=g\",\"url\":\"https:\\\/\\\/secure.gravatar.com\\\/avatar\\\/37d968a2e67a6fd04c169c4bdef102d0bc5d31b2546345219e348575eb80e9a0?s=96&d=mm&r=g\",\"contentUrl\":\"https:\\\/\\\/secure.gravatar.com\\\/avatar\\\/37d968a2e67a6fd04c169c4bdef102d0bc5d31b2546345219e348575eb80e9a0?s=96&d=mm&r=g\",\"caption\":\"redazione\"},\"sameAs\":[\"http:\\\/\\\/www.bellunopress.it\",\"https:\\\/\\\/x.com\\\/bellunopress\"],\"url\":\"https:\\\/\\\/www.bellunopress.it\\\/fr\\\/author\\\/redazione\\\/\"}]}<\/script>\n<!-- \/ Yoast SEO plugin. -->","yoast_head_json":{"title":"William Dalrymple presenta \"Anarchia\". Sabato ore 18 Palazzo delle Poste di Cortina - Bellunopress - Dolomiti","robots":{"index":"index","follow":"follow","max-snippet":"max-snippet:-1","max-image-preview":"max-image-preview:large","max-video-preview":"max-video-preview:-1"},"canonical":"https:\/\/www.bellunopress.it\/fr\/2022\/09\/08\/william-dalrymple-presenta-anarchia-sabato-ore-18-palazzo-delle-poste-di-cortina\/","og_locale":"fr_FR","og_type":"article","og_title":"William Dalrymple presenta \"Anarchia\". Sabato ore 18 Palazzo delle Poste di Cortina - Bellunopress - Dolomiti","og_description":"Com\u2019\u00e8 stato possibile che l\u2019audace Compagnia delle Indie Orientali si trasformasse nel Settecento in una societ\u00e0 extraterritoriale dall\u2019immenso potere, superiore a quello della nazione che l\u2019aveva generata? Lo storico William Dalrymple racconta in \u201cAnarchia\u201d (Adelphi) l\u2019ascesa inarrestabile della prima multinazionale della storia, ricostruendone la vicenda a partire da documenti originali e fonti bibliografiche inusitate e [&hellip;]","og_url":"https:\/\/www.bellunopress.it\/fr\/2022\/09\/08\/william-dalrymple-presenta-anarchia-sabato-ore-18-palazzo-delle-poste-di-cortina\/","og_site_name":"Bellunopress - Dolomiti","article_publisher":"https:\/\/www.facebook.com\/profile.php?id=100008943462799","article_published_time":"2022-09-08T12:47:02+00:00","og_image":[{"width":976,"height":1000,"url":"https:\/\/www.bellunopress.it\/wp-content\/uploads\/2022\/06\/Una-Montagna-di-libri-2022.jpg","type":"image\/jpeg"}],"author":"redazione","twitter_card":"summary_large_image","twitter_creator":"@bellunopress","twitter_site":"@bellunopress","twitter_misc":{"\u00c9crit par":"redazione","Dur\u00e9e de lecture estim\u00e9e":"3 minutes"},"schema":{"@context":"https:\/\/schema.org","@graph":[{"@type":"Article","@id":"https:\/\/www.bellunopress.it\/2022\/09\/08\/william-dalrymple-presenta-anarchia-sabato-ore-18-palazzo-delle-poste-di-cortina\/#article","isPartOf":{"@id":"https:\/\/www.bellunopress.it\/2022\/09\/08\/william-dalrymple-presenta-anarchia-sabato-ore-18-palazzo-delle-poste-di-cortina\/"},"author":{"name":"redazione","@id":"https:\/\/www.bellunopress.it\/#\/schema\/person\/79bb06722b37ece1c03d3e94beb30d73"},"headline":"William Dalrymple presenta &#8220;Anarchia&#8221;. Sabato ore 18 Palazzo delle Poste di Cortina","datePublished":"2022-09-08T12:47:02+00:00","mainEntityOfPage":{"@id":"https:\/\/www.bellunopress.it\/2022\/09\/08\/william-dalrymple-presenta-anarchia-sabato-ore-18-palazzo-delle-poste-di-cortina\/"},"wordCount":427,"publisher":{"@id":"https:\/\/www.bellunopress.it\/#organization"},"image":{"@id":"https:\/\/www.bellunopress.it\/2022\/09\/08\/william-dalrymple-presenta-anarchia-sabato-ore-18-palazzo-delle-poste-di-cortina\/#primaryimage"},"thumbnailUrl":"https:\/\/www.bellunopress.it\/wp-content\/uploads\/2022\/06\/Una-Montagna-di-libri-2022.jpg","articleSection":["Appuntamenti, Eventi","Arte, Cultura, Spettacoli, Scienza","Pausa Caff\u00e8"],"inLanguage":"fr-FR"},{"@type":"WebPage","@id":"https:\/\/www.bellunopress.it\/2022\/09\/08\/william-dalrymple-presenta-anarchia-sabato-ore-18-palazzo-delle-poste-di-cortina\/","url":"https:\/\/www.bellunopress.it\/2022\/09\/08\/william-dalrymple-presenta-anarchia-sabato-ore-18-palazzo-delle-poste-di-cortina\/","name":"William Dalrymple presenta \"Anarchia\". Sabato ore 18 Palazzo delle Poste di Cortina - Bellunopress - Dolomiti","isPartOf":{"@id":"https:\/\/www.bellunopress.it\/#website"},"primaryImageOfPage":{"@id":"https:\/\/www.bellunopress.it\/2022\/09\/08\/william-dalrymple-presenta-anarchia-sabato-ore-18-palazzo-delle-poste-di-cortina\/#primaryimage"},"image":{"@id":"https:\/\/www.bellunopress.it\/2022\/09\/08\/william-dalrymple-presenta-anarchia-sabato-ore-18-palazzo-delle-poste-di-cortina\/#primaryimage"},"thumbnailUrl":"https:\/\/www.bellunopress.it\/wp-content\/uploads\/2022\/06\/Una-Montagna-di-libri-2022.jpg","datePublished":"2022-09-08T12:47:02+00:00","breadcrumb":{"@id":"https:\/\/www.bellunopress.it\/2022\/09\/08\/william-dalrymple-presenta-anarchia-sabato-ore-18-palazzo-delle-poste-di-cortina\/#breadcrumb"},"inLanguage":"fr-FR","potentialAction":[{"@type":"ReadAction","target":["https:\/\/www.bellunopress.it\/2022\/09\/08\/william-dalrymple-presenta-anarchia-sabato-ore-18-palazzo-delle-poste-di-cortina\/"]}]},{"@type":"ImageObject","inLanguage":"fr-FR","@id":"https:\/\/www.bellunopress.it\/2022\/09\/08\/william-dalrymple-presenta-anarchia-sabato-ore-18-palazzo-delle-poste-di-cortina\/#primaryimage","url":"https:\/\/www.bellunopress.it\/wp-content\/uploads\/2022\/06\/Una-Montagna-di-libri-2022.jpg","contentUrl":"https:\/\/www.bellunopress.it\/wp-content\/uploads\/2022\/06\/Una-Montagna-di-libri-2022.jpg","width":976,"height":1000},{"@type":"BreadcrumbList","@id":"https:\/\/www.bellunopress.it\/2022\/09\/08\/william-dalrymple-presenta-anarchia-sabato-ore-18-palazzo-delle-poste-di-cortina\/#breadcrumb","itemListElement":[{"@type":"ListItem","position":1,"name":"Home","item":"https:\/\/www.bellunopress.it\/"},{"@type":"ListItem","position":2,"name":"William Dalrymple presenta &#8220;Anarchia&#8221;. Sabato ore 18 Palazzo delle Poste di Cortina"}]},{"@type":"WebSite","@id":"https:\/\/www.bellunopress.it\/#website","url":"https:\/\/www.bellunopress.it\/","name":"Bellunopress - Dolomiti","description":"e-mail: redazione@bellunopress.it","publisher":{"@id":"https:\/\/www.bellunopress.it\/#organization"},"potentialAction":[{"@type":"SearchAction","target":{"@type":"EntryPoint","urlTemplate":"https:\/\/www.bellunopress.it\/?s={search_term_string}"},"query-input":{"@type":"PropertyValueSpecification","valueRequired":true,"valueName":"search_term_string"}}],"inLanguage":"fr-FR"},{"@type":"Organization","@id":"https:\/\/www.bellunopress.it\/#organization","name":"Bellunopress","url":"https:\/\/www.bellunopress.it\/","logo":{"@type":"ImageObject","inLanguage":"fr-FR","@id":"https:\/\/www.bellunopress.it\/#\/schema\/logo\/image\/","url":"https:\/\/www.bellunopress.it\/wp-content\/uploads\/2011\/05\/cropped-logo-bellunopress-.jpg","contentUrl":"https:\/\/www.bellunopress.it\/wp-content\/uploads\/2011\/05\/cropped-logo-bellunopress-.jpg","width":512,"height":512,"caption":"Bellunopress"},"image":{"@id":"https:\/\/www.bellunopress.it\/#\/schema\/logo\/image\/"},"sameAs":["https:\/\/www.facebook.com\/profile.php?id=100008943462799","https:\/\/x.com\/bellunopress","https:\/\/www.linkedin.com\/hp\/?dnr=JBzUWaJfMUw8vbXJJ2tVW5-I3jZKvC4wsoxE&amp;amp;amp;amp;amp;amp;trk=nav_responsive_tab_home","https:\/\/www.youtube.com\/channel\/UCxL0wu1uN0_3_7hGG0306cw"]},{"@type":"Person","@id":"https:\/\/www.bellunopress.it\/#\/schema\/person\/79bb06722b37ece1c03d3e94beb30d73","name":"r\u00e9daction","image":{"@type":"ImageObject","inLanguage":"fr-FR","@id":"https:\/\/secure.gravatar.com\/avatar\/37d968a2e67a6fd04c169c4bdef102d0bc5d31b2546345219e348575eb80e9a0?s=96&d=mm&r=g","url":"https:\/\/secure.gravatar.com\/avatar\/37d968a2e67a6fd04c169c4bdef102d0bc5d31b2546345219e348575eb80e9a0?s=96&d=mm&r=g","contentUrl":"https:\/\/secure.gravatar.com\/avatar\/37d968a2e67a6fd04c169c4bdef102d0bc5d31b2546345219e348575eb80e9a0?s=96&d=mm&r=g","caption":"redazione"},"sameAs":["http:\/\/www.bellunopress.it","https:\/\/x.com\/bellunopress"],"url":"https:\/\/www.bellunopress.it\/fr\/author\/redazione\/"}]}},"_links":{"self":[{"href":"https:\/\/www.bellunopress.it\/fr\/wp-json\/wp\/v2\/posts\/136303","targetHints":{"allow":["GET"]}}],"collection":[{"href":"https:\/\/www.bellunopress.it\/fr\/wp-json\/wp\/v2\/posts"}],"about":[{"href":"https:\/\/www.bellunopress.it\/fr\/wp-json\/wp\/v2\/types\/post"}],"author":[{"embeddable":true,"href":"https:\/\/www.bellunopress.it\/fr\/wp-json\/wp\/v2\/users\/2"}],"replies":[{"embeddable":true,"href":"https:\/\/www.bellunopress.it\/fr\/wp-json\/wp\/v2\/comments?post=136303"}],"version-history":[{"count":1,"href":"https:\/\/www.bellunopress.it\/fr\/wp-json\/wp\/v2\/posts\/136303\/revisions"}],"predecessor-version":[{"id":136304,"href":"https:\/\/www.bellunopress.it\/fr\/wp-json\/wp\/v2\/posts\/136303\/revisions\/136304"}],"wp:featuredmedia":[{"embeddable":true,"href":"https:\/\/www.bellunopress.it\/fr\/wp-json\/wp\/v2\/media\/134685"}],"wp:attachment":[{"href":"https:\/\/www.bellunopress.it\/fr\/wp-json\/wp\/v2\/media?parent=136303"}],"wp:term":[{"taxonomy":"category","embeddable":true,"href":"https:\/\/www.bellunopress.it\/fr\/wp-json\/wp\/v2\/categories?post=136303"},{"taxonomy":"post_tag","embeddable":true,"href":"https:\/\/www.bellunopress.it\/fr\/wp-json\/wp\/v2\/tags?post=136303"}],"curies":[{"name":"wp","href":"https:\/\/api.w.org\/{rel}","templated":true}]}}