{"id":136298,"date":"2022-09-08T13:46:11","date_gmt":"2022-09-08T11:46:11","guid":{"rendered":"https:\/\/www.bellunopress.it\/?p=136298"},"modified":"2022-09-08T13:46:11","modified_gmt":"2022-09-08T11:46:11","slug":"venerdi-alle-18-alla-spes-arena-il-test-di-lusso-con-trento-da-re-sara-una-festa-del-volley","status":"publish","type":"post","link":"https:\/\/www.bellunopress.it\/fr\/2022\/09\/08\/venerdi-alle-18-alla-spes-arena-il-test-di-lusso-con-trento-da-re-sara-una-festa-del-volley\/","title":{"rendered":"Venerd\u00ec alle 18 alla Spes Arena il test di lusso con Trento. Da Re: \u00abSar\u00e0 una festa del volley\u00bb"},"content":{"rendered":"<p><img loading=\"lazy\" decoding=\"async\" class=\"alignleft size-full wp-image-132667\" src=\"https:\/\/www.bellunopress.it\/wp-content\/uploads\/2022\/04\/Da-Rold-Logistics-Festa_salvezza-Spes_Arena_edited.jpg\" alt=\"\" width=\"1000\" height=\"710\" srcset=\"https:\/\/www.bellunopress.it\/wp-content\/uploads\/2022\/04\/Da-Rold-Logistics-Festa_salvezza-Spes_Arena_edited.jpg 1000w, https:\/\/www.bellunopress.it\/wp-content\/uploads\/2022\/04\/Da-Rold-Logistics-Festa_salvezza-Spes_Arena_edited-500x355.jpg 500w, https:\/\/www.bellunopress.it\/wp-content\/uploads\/2022\/04\/Da-Rold-Logistics-Festa_salvezza-Spes_Arena_edited-696x494.jpg 696w, https:\/\/www.bellunopress.it\/wp-content\/uploads\/2022\/04\/Da-Rold-Logistics-Festa_salvezza-Spes_Arena_edited-592x420.jpg 592w, https:\/\/www.bellunopress.it\/wp-content\/uploads\/2022\/04\/Da-Rold-Logistics-Festa_salvezza-Spes_Arena_edited-100x70.jpg 100w\" sizes=\"auto, (max-width: 1000px) 100vw, 1000px\" \/>\u00abSar\u00e0 stimolante, divertente, piacevole: una festa per tutti. La festa del volley\u00bb. Le parole del direttore generale della Da Rold Logistics Belluno, Franco Da Re, introducono l&#8217;appuntamento pi\u00f9 elettrizzante del pre-campionato: perch\u00e9 domani (venerd\u00ec 9, ore 18), alla Spes Arena, approder\u00e0 l&#8217;Itas Trentino. S\u00ec, proprio la squadra che, da anni, naviga a vele spiegate sui parquet di tutta Europa e, in Italia, lotta per lo scudetto.<\/p>\n<p>\u00abDal punto di vista tecnico &#8211; prosegue il direttore generale &#8211; aver rotto il ghiaccio contro Monselice, sabato scorso, \u00e8 stato importante. Ora, con Trento, non potranno di certo mancare gli stimoli. \u00c8 vero che non ci saranno i loro nazionali, ma \u00e8 altrettanto vero che hanno almeno quattro, cinque atleti di assoluto spessore e una serie di &#8220;giovanotti&#8221; di livello\u00bb. Fra questi, pure un bellunese come Alessandro Bristot: \u00abSiamo contenti per l&#8217;opportunit\u00e0 di confrontarci con avversari di un simile calibro. Sono fiducioso anche sul fatto che si possa disputare una buona gara. E, per quanto riguarda Alessandro, sar\u00e0 un piacere averlo con noi: una bella emozione pure per il padre Paolo, responsabile del nostro settore giovanile\u00bb.<\/p>\n<p>I rinoceronti hanno gi\u00e0 dato buone risposte, nel debutto assoluto a Schiavonia: \u00abLa prova offerta dal collettivo &#8211; riprende Franco Da Re, che domani si trover\u00e0 di fronte il fratello Bruno, presidente del Trentino Volley &#8211; \u00e8 stata soddisfacente. Abbiamo affrontato un sestetto che ha meccanismi pi\u00f9 collaudati rispetto ai nostri e punge al servizio. All&#8217;inizio abbiamo un po&#8217; sofferto il loro servizio, poi per\u00f2 ci siamo scrollati di dosso la ruggine e siamo riusciti a esprimere un discreto volley\u00bb. Non sono mancate le piacevoli sorprese: \u00abA cominciare dai due giovani centrali, Stufano e Gustamacchia. Senza considerare Galliani e Guolla: hanno avuto un buonissimo impatto. Insomma, c&#8217;\u00e8 ancora parecchio da sistemare, ma le sensazioni sono positive\u00bb.<\/p>\n<p>E domani, tutti alla Spes Arena: l&#8217;ingresso \u00e8 libero.<\/p>","protected":false},"excerpt":{"rendered":"<p>\u00abSar\u00e0 stimolante, divertente, piacevole: una festa per tutti. La festa del volley\u00bb. Le parole del direttore generale della Da Rold Logistics Belluno, Franco Da Re, introducono l&#8217;appuntamento pi\u00f9 elettrizzante del pre-campionato: perch\u00e9 domani (venerd\u00ec 9, ore 18), alla Spes Arena, approder\u00e0 l&#8217;Itas Trentino. S\u00ec, proprio la squadra che, da anni, naviga a vele spiegate sui [&hellip;]<\/p>\n","protected":false},"author":2,"featured_media":132667,"comment_status":"closed","ping_status":"open","sticky":false,"template":"","format":"standard","meta":{"footnotes":""},"categories":[4],"tags":[],"class_list":["post-136298","post","type-post","status-publish","format-standard","has-post-thumbnail","category-sport"],"yoast_head":"<!-- This site is optimized with the Yoast SEO plugin v28.4 - https:\/\/yoast.com\/product\/yoast-seo-wordpress\/ -->\n<title>Venerd\u00ec alle 18 alla Spes Arena il test di lusso con Trento. Da Re: \u00abSar\u00e0 una festa del volley\u00bb - Bellunopress - Dolomiti<\/title>\n<meta name=\"robots\" content=\"index, follow, max-snippet:-1, max-image-preview:large, max-video-preview:-1\" \/>\n<link rel=\"canonical\" href=\"https:\/\/www.bellunopress.it\/fr\/2022\/09\/08\/venerdi-alle-18-alla-spes-arena-il-test-di-lusso-con-trento-da-re-sara-una-festa-del-volley\/\" \/>\n<meta property=\"og:locale\" content=\"fr_FR\" \/>\n<meta property=\"og:type\" content=\"article\" \/>\n<meta property=\"og:title\" content=\"Venerd\u00ec alle 18 alla Spes Arena il test di lusso con Trento. Da Re: \u00abSar\u00e0 una festa del volley\u00bb - Bellunopress - Dolomiti\" \/>\n<meta property=\"og:description\" content=\"\u00abSar\u00e0 stimolante, divertente, piacevole: una festa per tutti. La festa del volley\u00bb. Le parole del direttore generale della Da Rold Logistics Belluno, Franco Da Re, introducono l&#8217;appuntamento pi\u00f9 elettrizzante del pre-campionato: perch\u00e9 domani (venerd\u00ec 9, ore 18), alla Spes Arena, approder\u00e0 l&#8217;Itas Trentino. S\u00ec, proprio la squadra che, da anni, naviga a vele spiegate sui [&hellip;]\" \/>\n<meta property=\"og:url\" content=\"https:\/\/www.bellunopress.it\/fr\/2022\/09\/08\/venerdi-alle-18-alla-spes-arena-il-test-di-lusso-con-trento-da-re-sara-una-festa-del-volley\/\" \/>\n<meta property=\"og:site_name\" content=\"Bellunopress - Dolomiti\" \/>\n<meta property=\"article:publisher\" content=\"https:\/\/www.facebook.com\/profile.php?id=100008943462799\" \/>\n<meta property=\"article:published_time\" content=\"2022-09-08T11:46:11+00:00\" \/>\n<meta property=\"og:image\" content=\"https:\/\/www.bellunopress.it\/wp-content\/uploads\/2022\/04\/Da-Rold-Logistics-Festa_salvezza-Spes_Arena_edited.jpg\" \/>\n\t<meta property=\"og:image:width\" content=\"1000\" \/>\n\t<meta property=\"og:image:height\" content=\"710\" \/>\n\t<meta property=\"og:image:type\" content=\"image\/jpeg\" \/>\n<meta name=\"author\" content=\"redazione\" \/>\n<meta name=\"twitter:card\" content=\"summary_large_image\" \/>\n<meta name=\"twitter:creator\" content=\"@bellunopress\" \/>\n<meta name=\"twitter:site\" content=\"@bellunopress\" \/>\n<meta name=\"twitter:label1\" content=\"\u00c9crit par\" \/>\n\t<meta name=\"twitter:data1\" content=\"redazione\" \/>\n\t<meta name=\"twitter:label2\" content=\"Dur\u00e9e de lecture estim\u00e9e\" \/>\n\t<meta name=\"twitter:data2\" content=\"2 minutes\" \/>\n<script type=\"application\/ld+json\" class=\"yoast-schema-graph\">{\"@context\":\"https:\\\/\\\/schema.org\",\"@graph\":[{\"@type\":\"Article\",\"@id\":\"https:\\\/\\\/www.bellunopress.it\\\/2022\\\/09\\\/08\\\/venerdi-alle-18-alla-spes-arena-il-test-di-lusso-con-trento-da-re-sara-una-festa-del-volley\\\/#article\",\"isPartOf\":{\"@id\":\"https:\\\/\\\/www.bellunopress.it\\\/2022\\\/09\\\/08\\\/venerdi-alle-18-alla-spes-arena-il-test-di-lusso-con-trento-da-re-sara-una-festa-del-volley\\\/\"},\"author\":{\"name\":\"redazione\",\"@id\":\"https:\\\/\\\/www.bellunopress.it\\\/#\\\/schema\\\/person\\\/79bb06722b37ece1c03d3e94beb30d73\"},\"headline\":\"Venerd\u00ec alle 18 alla Spes Arena il test di lusso con Trento. Da Re: \u00abSar\u00e0 una festa del volley\u00bb\",\"datePublished\":\"2022-09-08T11:46:11+00:00\",\"mainEntityOfPage\":{\"@id\":\"https:\\\/\\\/www.bellunopress.it\\\/2022\\\/09\\\/08\\\/venerdi-alle-18-alla-spes-arena-il-test-di-lusso-con-trento-da-re-sara-una-festa-del-volley\\\/\"},\"wordCount\":324,\"publisher\":{\"@id\":\"https:\\\/\\\/www.bellunopress.it\\\/#organization\"},\"image\":{\"@id\":\"https:\\\/\\\/www.bellunopress.it\\\/2022\\\/09\\\/08\\\/venerdi-alle-18-alla-spes-arena-il-test-di-lusso-con-trento-da-re-sara-una-festa-del-volley\\\/#primaryimage\"},\"thumbnailUrl\":\"https:\\\/\\\/www.bellunopress.it\\\/wp-content\\\/uploads\\\/2022\\\/04\\\/Da-Rold-Logistics-Festa_salvezza-Spes_Arena_edited.jpg\",\"articleSection\":[\"Sport, tempo libero\"],\"inLanguage\":\"fr-FR\"},{\"@type\":\"WebPage\",\"@id\":\"https:\\\/\\\/www.bellunopress.it\\\/2022\\\/09\\\/08\\\/venerdi-alle-18-alla-spes-arena-il-test-di-lusso-con-trento-da-re-sara-una-festa-del-volley\\\/\",\"url\":\"https:\\\/\\\/www.bellunopress.it\\\/2022\\\/09\\\/08\\\/venerdi-alle-18-alla-spes-arena-il-test-di-lusso-con-trento-da-re-sara-una-festa-del-volley\\\/\",\"name\":\"Venerd\u00ec alle 18 alla Spes Arena il test di lusso con Trento. Da Re: \u00abSar\u00e0 una festa del volley\u00bb - Bellunopress - Dolomiti\",\"isPartOf\":{\"@id\":\"https:\\\/\\\/www.bellunopress.it\\\/#website\"},\"primaryImageOfPage\":{\"@id\":\"https:\\\/\\\/www.bellunopress.it\\\/2022\\\/09\\\/08\\\/venerdi-alle-18-alla-spes-arena-il-test-di-lusso-con-trento-da-re-sara-una-festa-del-volley\\\/#primaryimage\"},\"image\":{\"@id\":\"https:\\\/\\\/www.bellunopress.it\\\/2022\\\/09\\\/08\\\/venerdi-alle-18-alla-spes-arena-il-test-di-lusso-con-trento-da-re-sara-una-festa-del-volley\\\/#primaryimage\"},\"thumbnailUrl\":\"https:\\\/\\\/www.bellunopress.it\\\/wp-content\\\/uploads\\\/2022\\\/04\\\/Da-Rold-Logistics-Festa_salvezza-Spes_Arena_edited.jpg\",\"datePublished\":\"2022-09-08T11:46:11+00:00\",\"breadcrumb\":{\"@id\":\"https:\\\/\\\/www.bellunopress.it\\\/2022\\\/09\\\/08\\\/venerdi-alle-18-alla-spes-arena-il-test-di-lusso-con-trento-da-re-sara-una-festa-del-volley\\\/#breadcrumb\"},\"inLanguage\":\"fr-FR\",\"potentialAction\":[{\"@type\":\"ReadAction\",\"target\":[\"https:\\\/\\\/www.bellunopress.it\\\/2022\\\/09\\\/08\\\/venerdi-alle-18-alla-spes-arena-il-test-di-lusso-con-trento-da-re-sara-una-festa-del-volley\\\/\"]}]},{\"@type\":\"ImageObject\",\"inLanguage\":\"fr-FR\",\"@id\":\"https:\\\/\\\/www.bellunopress.it\\\/2022\\\/09\\\/08\\\/venerdi-alle-18-alla-spes-arena-il-test-di-lusso-con-trento-da-re-sara-una-festa-del-volley\\\/#primaryimage\",\"url\":\"https:\\\/\\\/www.bellunopress.it\\\/wp-content\\\/uploads\\\/2022\\\/04\\\/Da-Rold-Logistics-Festa_salvezza-Spes_Arena_edited.jpg\",\"contentUrl\":\"https:\\\/\\\/www.bellunopress.it\\\/wp-content\\\/uploads\\\/2022\\\/04\\\/Da-Rold-Logistics-Festa_salvezza-Spes_Arena_edited.jpg\",\"width\":1000,\"height\":710},{\"@type\":\"BreadcrumbList\",\"@id\":\"https:\\\/\\\/www.bellunopress.it\\\/2022\\\/09\\\/08\\\/venerdi-alle-18-alla-spes-arena-il-test-di-lusso-con-trento-da-re-sara-una-festa-del-volley\\\/#breadcrumb\",\"itemListElement\":[{\"@type\":\"ListItem\",\"position\":1,\"name\":\"Home\",\"item\":\"https:\\\/\\\/www.bellunopress.it\\\/\"},{\"@type\":\"ListItem\",\"position\":2,\"name\":\"Venerd\u00ec alle 18 alla Spes Arena il test di lusso con Trento. Da Re: \u00abSar\u00e0 una festa del volley\u00bb\"}]},{\"@type\":\"WebSite\",\"@id\":\"https:\\\/\\\/www.bellunopress.it\\\/#website\",\"url\":\"https:\\\/\\\/www.bellunopress.it\\\/\",\"name\":\"Bellunopress - Dolomiti\",\"description\":\"e-mail: redazione@bellunopress.it\",\"publisher\":{\"@id\":\"https:\\\/\\\/www.bellunopress.it\\\/#organization\"},\"potentialAction\":[{\"@type\":\"SearchAction\",\"target\":{\"@type\":\"EntryPoint\",\"urlTemplate\":\"https:\\\/\\\/www.bellunopress.it\\\/?s={search_term_string}\"},\"query-input\":{\"@type\":\"PropertyValueSpecification\",\"valueRequired\":true,\"valueName\":\"search_term_string\"}}],\"inLanguage\":\"fr-FR\"},{\"@type\":\"Organization\",\"@id\":\"https:\\\/\\\/www.bellunopress.it\\\/#organization\",\"name\":\"Bellunopress\",\"url\":\"https:\\\/\\\/www.bellunopress.it\\\/\",\"logo\":{\"@type\":\"ImageObject\",\"inLanguage\":\"fr-FR\",\"@id\":\"https:\\\/\\\/www.bellunopress.it\\\/#\\\/schema\\\/logo\\\/image\\\/\",\"url\":\"https:\\\/\\\/www.bellunopress.it\\\/wp-content\\\/uploads\\\/2011\\\/05\\\/cropped-logo-bellunopress-.jpg\",\"contentUrl\":\"https:\\\/\\\/www.bellunopress.it\\\/wp-content\\\/uploads\\\/2011\\\/05\\\/cropped-logo-bellunopress-.jpg\",\"width\":512,\"height\":512,\"caption\":\"Bellunopress\"},\"image\":{\"@id\":\"https:\\\/\\\/www.bellunopress.it\\\/#\\\/schema\\\/logo\\\/image\\\/\"},\"sameAs\":[\"https:\\\/\\\/www.facebook.com\\\/profile.php?id=100008943462799\",\"https:\\\/\\\/x.com\\\/bellunopress\",\"https:\\\/\\\/www.linkedin.com\\\/hp\\\/?dnr=JBzUWaJfMUw8vbXJJ2tVW5-I3jZKvC4wsoxE&amp;amp;amp;amp;amp;amp;trk=nav_responsive_tab_home\",\"https:\\\/\\\/www.youtube.com\\\/channel\\\/UCxL0wu1uN0_3_7hGG0306cw\"]},{\"@type\":\"Person\",\"@id\":\"https:\\\/\\\/www.bellunopress.it\\\/#\\\/schema\\\/person\\\/79bb06722b37ece1c03d3e94beb30d73\",\"name\":\"redazione\",\"image\":{\"@type\":\"ImageObject\",\"inLanguage\":\"fr-FR\",\"@id\":\"https:\\\/\\\/secure.gravatar.com\\\/avatar\\\/37d968a2e67a6fd04c169c4bdef102d0bc5d31b2546345219e348575eb80e9a0?s=96&d=mm&r=g\",\"url\":\"https:\\\/\\\/secure.gravatar.com\\\/avatar\\\/37d968a2e67a6fd04c169c4bdef102d0bc5d31b2546345219e348575eb80e9a0?s=96&d=mm&r=g\",\"contentUrl\":\"https:\\\/\\\/secure.gravatar.com\\\/avatar\\\/37d968a2e67a6fd04c169c4bdef102d0bc5d31b2546345219e348575eb80e9a0?s=96&d=mm&r=g\",\"caption\":\"redazione\"},\"sameAs\":[\"http:\\\/\\\/www.bellunopress.it\",\"https:\\\/\\\/x.com\\\/bellunopress\"],\"url\":\"https:\\\/\\\/www.bellunopress.it\\\/fr\\\/author\\\/redazione\\\/\"}]}<\/script>\n<!-- \/ Yoast SEO plugin. -->","yoast_head_json":{"title":"Venerd\u00ec alle 18 alla Spes Arena il test di lusso con Trento. Da Re: \u00abSar\u00e0 una festa del volley\u00bb - Bellunopress - Dolomiti","robots":{"index":"index","follow":"follow","max-snippet":"max-snippet:-1","max-image-preview":"max-image-preview:large","max-video-preview":"max-video-preview:-1"},"canonical":"https:\/\/www.bellunopress.it\/fr\/2022\/09\/08\/venerdi-alle-18-alla-spes-arena-il-test-di-lusso-con-trento-da-re-sara-una-festa-del-volley\/","og_locale":"fr_FR","og_type":"article","og_title":"Venerd\u00ec alle 18 alla Spes Arena il test di lusso con Trento. Da Re: \u00abSar\u00e0 una festa del volley\u00bb - Bellunopress - Dolomiti","og_description":"\u00abSar\u00e0 stimolante, divertente, piacevole: una festa per tutti. La festa del volley\u00bb. Le parole del direttore generale della Da Rold Logistics Belluno, Franco Da Re, introducono l&#8217;appuntamento pi\u00f9 elettrizzante del pre-campionato: perch\u00e9 domani (venerd\u00ec 9, ore 18), alla Spes Arena, approder\u00e0 l&#8217;Itas Trentino. S\u00ec, proprio la squadra che, da anni, naviga a vele spiegate sui [&hellip;]","og_url":"https:\/\/www.bellunopress.it\/fr\/2022\/09\/08\/venerdi-alle-18-alla-spes-arena-il-test-di-lusso-con-trento-da-re-sara-una-festa-del-volley\/","og_site_name":"Bellunopress - Dolomiti","article_publisher":"https:\/\/www.facebook.com\/profile.php?id=100008943462799","article_published_time":"2022-09-08T11:46:11+00:00","og_image":[{"width":1000,"height":710,"url":"https:\/\/www.bellunopress.it\/wp-content\/uploads\/2022\/04\/Da-Rold-Logistics-Festa_salvezza-Spes_Arena_edited.jpg","type":"image\/jpeg"}],"author":"redazione","twitter_card":"summary_large_image","twitter_creator":"@bellunopress","twitter_site":"@bellunopress","twitter_misc":{"\u00c9crit par":"redazione","Dur\u00e9e de lecture estim\u00e9e":"2 minutes"},"schema":{"@context":"https:\/\/schema.org","@graph":[{"@type":"Article","@id":"https:\/\/www.bellunopress.it\/2022\/09\/08\/venerdi-alle-18-alla-spes-arena-il-test-di-lusso-con-trento-da-re-sara-una-festa-del-volley\/#article","isPartOf":{"@id":"https:\/\/www.bellunopress.it\/2022\/09\/08\/venerdi-alle-18-alla-spes-arena-il-test-di-lusso-con-trento-da-re-sara-una-festa-del-volley\/"},"author":{"name":"redazione","@id":"https:\/\/www.bellunopress.it\/#\/schema\/person\/79bb06722b37ece1c03d3e94beb30d73"},"headline":"Venerd\u00ec alle 18 alla Spes Arena il test di lusso con Trento. Da Re: \u00abSar\u00e0 una festa del volley\u00bb","datePublished":"2022-09-08T11:46:11+00:00","mainEntityOfPage":{"@id":"https:\/\/www.bellunopress.it\/2022\/09\/08\/venerdi-alle-18-alla-spes-arena-il-test-di-lusso-con-trento-da-re-sara-una-festa-del-volley\/"},"wordCount":324,"publisher":{"@id":"https:\/\/www.bellunopress.it\/#organization"},"image":{"@id":"https:\/\/www.bellunopress.it\/2022\/09\/08\/venerdi-alle-18-alla-spes-arena-il-test-di-lusso-con-trento-da-re-sara-una-festa-del-volley\/#primaryimage"},"thumbnailUrl":"https:\/\/www.bellunopress.it\/wp-content\/uploads\/2022\/04\/Da-Rold-Logistics-Festa_salvezza-Spes_Arena_edited.jpg","articleSection":["Sport, tempo libero"],"inLanguage":"fr-FR"},{"@type":"WebPage","@id":"https:\/\/www.bellunopress.it\/2022\/09\/08\/venerdi-alle-18-alla-spes-arena-il-test-di-lusso-con-trento-da-re-sara-una-festa-del-volley\/","url":"https:\/\/www.bellunopress.it\/2022\/09\/08\/venerdi-alle-18-alla-spes-arena-il-test-di-lusso-con-trento-da-re-sara-una-festa-del-volley\/","name":"Venerd\u00ec alle 18 alla Spes Arena il test di lusso con Trento. Da Re: \u00abSar\u00e0 una festa del volley\u00bb - Bellunopress - Dolomiti","isPartOf":{"@id":"https:\/\/www.bellunopress.it\/#website"},"primaryImageOfPage":{"@id":"https:\/\/www.bellunopress.it\/2022\/09\/08\/venerdi-alle-18-alla-spes-arena-il-test-di-lusso-con-trento-da-re-sara-una-festa-del-volley\/#primaryimage"},"image":{"@id":"https:\/\/www.bellunopress.it\/2022\/09\/08\/venerdi-alle-18-alla-spes-arena-il-test-di-lusso-con-trento-da-re-sara-una-festa-del-volley\/#primaryimage"},"thumbnailUrl":"https:\/\/www.bellunopress.it\/wp-content\/uploads\/2022\/04\/Da-Rold-Logistics-Festa_salvezza-Spes_Arena_edited.jpg","datePublished":"2022-09-08T11:46:11+00:00","breadcrumb":{"@id":"https:\/\/www.bellunopress.it\/2022\/09\/08\/venerdi-alle-18-alla-spes-arena-il-test-di-lusso-con-trento-da-re-sara-una-festa-del-volley\/#breadcrumb"},"inLanguage":"fr-FR","potentialAction":[{"@type":"ReadAction","target":["https:\/\/www.bellunopress.it\/2022\/09\/08\/venerdi-alle-18-alla-spes-arena-il-test-di-lusso-con-trento-da-re-sara-una-festa-del-volley\/"]}]},{"@type":"ImageObject","inLanguage":"fr-FR","@id":"https:\/\/www.bellunopress.it\/2022\/09\/08\/venerdi-alle-18-alla-spes-arena-il-test-di-lusso-con-trento-da-re-sara-una-festa-del-volley\/#primaryimage","url":"https:\/\/www.bellunopress.it\/wp-content\/uploads\/2022\/04\/Da-Rold-Logistics-Festa_salvezza-Spes_Arena_edited.jpg","contentUrl":"https:\/\/www.bellunopress.it\/wp-content\/uploads\/2022\/04\/Da-Rold-Logistics-Festa_salvezza-Spes_Arena_edited.jpg","width":1000,"height":710},{"@type":"BreadcrumbList","@id":"https:\/\/www.bellunopress.it\/2022\/09\/08\/venerdi-alle-18-alla-spes-arena-il-test-di-lusso-con-trento-da-re-sara-una-festa-del-volley\/#breadcrumb","itemListElement":[{"@type":"ListItem","position":1,"name":"Home","item":"https:\/\/www.bellunopress.it\/"},{"@type":"ListItem","position":2,"name":"Venerd\u00ec alle 18 alla Spes Arena il test di lusso con Trento. Da Re: \u00abSar\u00e0 una festa del volley\u00bb"}]},{"@type":"WebSite","@id":"https:\/\/www.bellunopress.it\/#website","url":"https:\/\/www.bellunopress.it\/","name":"Bellunopress - Dolomiti","description":"e-mail: redazione@bellunopress.it","publisher":{"@id":"https:\/\/www.bellunopress.it\/#organization"},"potentialAction":[{"@type":"SearchAction","target":{"@type":"EntryPoint","urlTemplate":"https:\/\/www.bellunopress.it\/?s={search_term_string}"},"query-input":{"@type":"PropertyValueSpecification","valueRequired":true,"valueName":"search_term_string"}}],"inLanguage":"fr-FR"},{"@type":"Organization","@id":"https:\/\/www.bellunopress.it\/#organization","name":"Bellunopress","url":"https:\/\/www.bellunopress.it\/","logo":{"@type":"ImageObject","inLanguage":"fr-FR","@id":"https:\/\/www.bellunopress.it\/#\/schema\/logo\/image\/","url":"https:\/\/www.bellunopress.it\/wp-content\/uploads\/2011\/05\/cropped-logo-bellunopress-.jpg","contentUrl":"https:\/\/www.bellunopress.it\/wp-content\/uploads\/2011\/05\/cropped-logo-bellunopress-.jpg","width":512,"height":512,"caption":"Bellunopress"},"image":{"@id":"https:\/\/www.bellunopress.it\/#\/schema\/logo\/image\/"},"sameAs":["https:\/\/www.facebook.com\/profile.php?id=100008943462799","https:\/\/x.com\/bellunopress","https:\/\/www.linkedin.com\/hp\/?dnr=JBzUWaJfMUw8vbXJJ2tVW5-I3jZKvC4wsoxE&amp;amp;amp;amp;amp;amp;trk=nav_responsive_tab_home","https:\/\/www.youtube.com\/channel\/UCxL0wu1uN0_3_7hGG0306cw"]},{"@type":"Person","@id":"https:\/\/www.bellunopress.it\/#\/schema\/person\/79bb06722b37ece1c03d3e94beb30d73","name":"r\u00e9daction","image":{"@type":"ImageObject","inLanguage":"fr-FR","@id":"https:\/\/secure.gravatar.com\/avatar\/37d968a2e67a6fd04c169c4bdef102d0bc5d31b2546345219e348575eb80e9a0?s=96&d=mm&r=g","url":"https:\/\/secure.gravatar.com\/avatar\/37d968a2e67a6fd04c169c4bdef102d0bc5d31b2546345219e348575eb80e9a0?s=96&d=mm&r=g","contentUrl":"https:\/\/secure.gravatar.com\/avatar\/37d968a2e67a6fd04c169c4bdef102d0bc5d31b2546345219e348575eb80e9a0?s=96&d=mm&r=g","caption":"redazione"},"sameAs":["http:\/\/www.bellunopress.it","https:\/\/x.com\/bellunopress"],"url":"https:\/\/www.bellunopress.it\/fr\/author\/redazione\/"}]}},"_links":{"self":[{"href":"https:\/\/www.bellunopress.it\/fr\/wp-json\/wp\/v2\/posts\/136298","targetHints":{"allow":["GET"]}}],"collection":[{"href":"https:\/\/www.bellunopress.it\/fr\/wp-json\/wp\/v2\/posts"}],"about":[{"href":"https:\/\/www.bellunopress.it\/fr\/wp-json\/wp\/v2\/types\/post"}],"author":[{"embeddable":true,"href":"https:\/\/www.bellunopress.it\/fr\/wp-json\/wp\/v2\/users\/2"}],"replies":[{"embeddable":true,"href":"https:\/\/www.bellunopress.it\/fr\/wp-json\/wp\/v2\/comments?post=136298"}],"version-history":[{"count":1,"href":"https:\/\/www.bellunopress.it\/fr\/wp-json\/wp\/v2\/posts\/136298\/revisions"}],"predecessor-version":[{"id":136299,"href":"https:\/\/www.bellunopress.it\/fr\/wp-json\/wp\/v2\/posts\/136298\/revisions\/136299"}],"wp:featuredmedia":[{"embeddable":true,"href":"https:\/\/www.bellunopress.it\/fr\/wp-json\/wp\/v2\/media\/132667"}],"wp:attachment":[{"href":"https:\/\/www.bellunopress.it\/fr\/wp-json\/wp\/v2\/media?parent=136298"}],"wp:term":[{"taxonomy":"category","embeddable":true,"href":"https:\/\/www.bellunopress.it\/fr\/wp-json\/wp\/v2\/categories?post=136298"},{"taxonomy":"post_tag","embeddable":true,"href":"https:\/\/www.bellunopress.it\/fr\/wp-json\/wp\/v2\/tags?post=136298"}],"curies":[{"name":"wp","href":"https:\/\/api.w.org\/{rel}","templated":true}]}}