{"id":136290,"date":"2022-09-07T16:39:36","date_gmt":"2022-09-07T14:39:36","guid":{"rendered":"https:\/\/www.bellunopress.it\/?p=136290"},"modified":"2022-09-07T16:39:36","modified_gmt":"2022-09-07T14:39:36","slug":"allevatore-imprenditore-agrituristico-cercasi-in-cansiglio-domande-entro-il-28-settembre","status":"publish","type":"post","link":"https:\/\/www.bellunopress.it\/fr\/2022\/09\/07\/allevatore-imprenditore-agrituristico-cercasi-in-cansiglio-domande-entro-il-28-settembre\/","title":{"rendered":"Allevatore-imprenditore agrituristico cercasi in Cansiglio. Domande entro il 28 settembre"},"content":{"rendered":"<p><em><strong>Veneto Agricoltura ha aperto una procedura telematica per l&#8217;affidamento in concessione dell&#8217;azienda agro-zootecnica &#8220;Le Code&#8221; in Pian Cansiglio. Scadenza dei termini il prossimo 28 settembre<\/strong><\/em><\/p>\n<p><img loading=\"lazy\" decoding=\"async\" class=\"alignleft size-full wp-image-136291\" src=\"https:\/\/www.bellunopress.it\/wp-content\/uploads\/2022\/09\/Cansiglio-Veneto-Agriocoltura_edited.jpg\" alt=\"\" width=\"793\" height=\"312\" srcset=\"https:\/\/www.bellunopress.it\/wp-content\/uploads\/2022\/09\/Cansiglio-Veneto-Agriocoltura_edited.jpg 793w, https:\/\/www.bellunopress.it\/wp-content\/uploads\/2022\/09\/Cansiglio-Veneto-Agriocoltura_edited-500x197.jpg 500w, https:\/\/www.bellunopress.it\/wp-content\/uploads\/2022\/09\/Cansiglio-Veneto-Agriocoltura_edited-696x274.jpg 696w\" sizes=\"auto, (max-width: 793px) 100vw, 793px\" \/>Una nuova e interessante opportunit\u00e0 imprenditoriale arriva dal Cansiglio dove Veneto Agricoltura ha avviato una procedura per l&#8217;affidamento in concessione di un complesso composto da fabbricati e terreni dell&#8217;azienda agro-zootecnica &#8220;Le Code&#8221;. L&#8217;insieme di immobili, che si sviluppa nella splendida piana della Foresta del Cansiglio in Comune di Tambre (BL), fa parte del patrimonio indisponibile della Regione del Veneto, gestito da Veneto Agricoltura. L&#8217;affidamento viene concesso per lo svolgimento di attivit\u00e0 agro-zootecniche, quali l&#8217;allevamento di animali da pascolo (principalmente bovini da latte) e la produzione di foraggi, nonch\u00e9 un&#8217;alettante attivit\u00e0 agrituristica, considerata la notevole affluenza di visitatori amanti della natura, delle escursioni e della buona cucina, garanzie assolute in Cansiglio.<\/p>\n<p>Il bando stabilisce che il concessionario che si aggiudicher\u00e0 l&#8217;affidamento dovr\u00e0 risiere stabilmente e continuativamente presso l&#8217;azienda &#8220;Le Code&#8221;, assicurando che l&#8217;attivit\u00e0 agro-zootecnica venga svolta per tutto l&#8217;anno, tenuto conto che le stalle potranno ospitare durante i mesi freddi fino a 35 vacche da latte.<\/p>\n<p>Alla procedura potranno partecipare imprese agricole, societ\u00e0 di persone o di capitali costituite da coltivatori diretti e\/o imprenditori agricoli professionali che allevano in via prevalente bovini, societ\u00e0 di imprenditori agricoli, cooperative agricole, associazioni temporanee di scopo che presentino requisiti di idoneit\u00e0.<\/p>\n<p>La scadenza per la presentazione delle offerte \u00e8 fissata per le ore 13:00 del 28\/09\/2022. Tutta la documentazione di gara e ogni altra informazione utile \u00e8 reperibile nella piattaforma di gestione delle gare al seguente indirizzo: <a href=\"http:\/\/venetoagricoltura.acquistitelematici.it\/\">http:\/\/venetoagricoltura.acquistitelematici.it\/<\/a><\/p>\n<p>Merita ricordare che l&#8217;area del Cansiglio \u00e8 stata certificata con lo standard &#8220;Biodiversity Friend\u00ae&#8221; della World Biodiversity Association per il suo elevato livello di biodiversit\u00e0 dei prati e dei pascoli che assicura un ambiente sano e un&#8217;alimentazione ricca di essenze per il bestiame al pascolo con ricadute eccezionali sui prodotti lattiero-caseari da questi derivati.<\/p>\n<p>&nbsp;<\/p>","protected":false},"excerpt":{"rendered":"<p>Veneto Agricoltura ha aperto una procedura telematica per l&#8217;affidamento in concessione dell&#8217;azienda agro-zootecnica &#8220;Le Code&#8221; in Pian Cansiglio. Scadenza dei termini il prossimo 28 settembre Una nuova e interessante opportunit\u00e0 imprenditoriale arriva dal Cansiglio dove Veneto Agricoltura ha avviato una procedura per l&#8217;affidamento in concessione di un complesso composto da fabbricati e terreni dell&#8217;azienda agro-zootecnica [&hellip;]<\/p>\n","protected":false},"author":2,"featured_media":136291,"comment_status":"closed","ping_status":"open","sticky":false,"template":"","format":"standard","meta":{"footnotes":""},"categories":[36,38,26],"tags":[],"class_list":["post-136290","post","type-post","status-publish","format-standard","has-post-thumbnail","category-lavoro-economia","category-natura-ambiente","category-prima-pagina"],"yoast_head":"<!-- This site is optimized with the Yoast SEO plugin v28.4 - https:\/\/yoast.com\/product\/yoast-seo-wordpress\/ -->\n<title>Allevatore-imprenditore agrituristico cercasi in Cansiglio. Domande entro il 28 settembre - Bellunopress - Dolomiti<\/title>\n<meta name=\"robots\" content=\"index, follow, max-snippet:-1, max-image-preview:large, max-video-preview:-1\" \/>\n<link rel=\"canonical\" href=\"https:\/\/www.bellunopress.it\/fr\/2022\/09\/07\/allevatore-imprenditore-agrituristico-cercasi-in-cansiglio-domande-entro-il-28-settembre\/\" \/>\n<meta property=\"og:locale\" content=\"fr_FR\" \/>\n<meta property=\"og:type\" content=\"article\" \/>\n<meta property=\"og:title\" content=\"Allevatore-imprenditore agrituristico cercasi in Cansiglio. Domande entro il 28 settembre - Bellunopress - Dolomiti\" \/>\n<meta property=\"og:description\" content=\"Veneto Agricoltura ha aperto una procedura telematica per l&#8217;affidamento in concessione dell&#8217;azienda agro-zootecnica &#8220;Le Code&#8221; in Pian Cansiglio. Scadenza dei termini il prossimo 28 settembre Una nuova e interessante opportunit\u00e0 imprenditoriale arriva dal Cansiglio dove Veneto Agricoltura ha avviato una procedura per l&#8217;affidamento in concessione di un complesso composto da fabbricati e terreni dell&#8217;azienda agro-zootecnica [&hellip;]\" \/>\n<meta property=\"og:url\" content=\"https:\/\/www.bellunopress.it\/fr\/2022\/09\/07\/allevatore-imprenditore-agrituristico-cercasi-in-cansiglio-domande-entro-il-28-settembre\/\" \/>\n<meta property=\"og:site_name\" content=\"Bellunopress - Dolomiti\" \/>\n<meta property=\"article:publisher\" content=\"https:\/\/www.facebook.com\/profile.php?id=100008943462799\" \/>\n<meta property=\"article:published_time\" content=\"2022-09-07T14:39:36+00:00\" \/>\n<meta property=\"og:image\" content=\"https:\/\/www.bellunopress.it\/wp-content\/uploads\/2022\/09\/Cansiglio-Veneto-Agriocoltura_edited.jpg\" \/>\n\t<meta property=\"og:image:width\" content=\"793\" \/>\n\t<meta property=\"og:image:height\" content=\"312\" \/>\n\t<meta property=\"og:image:type\" content=\"image\/jpeg\" \/>\n<meta name=\"author\" content=\"redazione\" \/>\n<meta name=\"twitter:card\" content=\"summary_large_image\" \/>\n<meta name=\"twitter:creator\" content=\"@bellunopress\" \/>\n<meta name=\"twitter:site\" content=\"@bellunopress\" \/>\n<meta name=\"twitter:label1\" content=\"\u00c9crit par\" \/>\n\t<meta name=\"twitter:data1\" content=\"redazione\" \/>\n\t<meta name=\"twitter:label2\" content=\"Dur\u00e9e de lecture estim\u00e9e\" \/>\n\t<meta name=\"twitter:data2\" content=\"2 minutes\" \/>\n<script type=\"application\/ld+json\" class=\"yoast-schema-graph\">{\"@context\":\"https:\\\/\\\/schema.org\",\"@graph\":[{\"@type\":\"Article\",\"@id\":\"https:\\\/\\\/www.bellunopress.it\\\/2022\\\/09\\\/07\\\/allevatore-imprenditore-agrituristico-cercasi-in-cansiglio-domande-entro-il-28-settembre\\\/#article\",\"isPartOf\":{\"@id\":\"https:\\\/\\\/www.bellunopress.it\\\/2022\\\/09\\\/07\\\/allevatore-imprenditore-agrituristico-cercasi-in-cansiglio-domande-entro-il-28-settembre\\\/\"},\"author\":{\"name\":\"redazione\",\"@id\":\"https:\\\/\\\/www.bellunopress.it\\\/#\\\/schema\\\/person\\\/79bb06722b37ece1c03d3e94beb30d73\"},\"headline\":\"Allevatore-imprenditore agrituristico cercasi in Cansiglio. Domande entro il 28 settembre\",\"datePublished\":\"2022-09-07T14:39:36+00:00\",\"mainEntityOfPage\":{\"@id\":\"https:\\\/\\\/www.bellunopress.it\\\/2022\\\/09\\\/07\\\/allevatore-imprenditore-agrituristico-cercasi-in-cansiglio-domande-entro-il-28-settembre\\\/\"},\"wordCount\":333,\"publisher\":{\"@id\":\"https:\\\/\\\/www.bellunopress.it\\\/#organization\"},\"image\":{\"@id\":\"https:\\\/\\\/www.bellunopress.it\\\/2022\\\/09\\\/07\\\/allevatore-imprenditore-agrituristico-cercasi-in-cansiglio-domande-entro-il-28-settembre\\\/#primaryimage\"},\"thumbnailUrl\":\"https:\\\/\\\/www.bellunopress.it\\\/wp-content\\\/uploads\\\/2022\\\/09\\\/Cansiglio-Veneto-Agriocoltura_edited.jpg\",\"articleSection\":[\"Lavoro, Economia, Turismo\",\"Meteo, natura, ambiente, animali\",\"Prima Pagina\"],\"inLanguage\":\"fr-FR\"},{\"@type\":\"WebPage\",\"@id\":\"https:\\\/\\\/www.bellunopress.it\\\/2022\\\/09\\\/07\\\/allevatore-imprenditore-agrituristico-cercasi-in-cansiglio-domande-entro-il-28-settembre\\\/\",\"url\":\"https:\\\/\\\/www.bellunopress.it\\\/2022\\\/09\\\/07\\\/allevatore-imprenditore-agrituristico-cercasi-in-cansiglio-domande-entro-il-28-settembre\\\/\",\"name\":\"Allevatore-imprenditore agrituristico cercasi in Cansiglio. Domande entro il 28 settembre - Bellunopress - Dolomiti\",\"isPartOf\":{\"@id\":\"https:\\\/\\\/www.bellunopress.it\\\/#website\"},\"primaryImageOfPage\":{\"@id\":\"https:\\\/\\\/www.bellunopress.it\\\/2022\\\/09\\\/07\\\/allevatore-imprenditore-agrituristico-cercasi-in-cansiglio-domande-entro-il-28-settembre\\\/#primaryimage\"},\"image\":{\"@id\":\"https:\\\/\\\/www.bellunopress.it\\\/2022\\\/09\\\/07\\\/allevatore-imprenditore-agrituristico-cercasi-in-cansiglio-domande-entro-il-28-settembre\\\/#primaryimage\"},\"thumbnailUrl\":\"https:\\\/\\\/www.bellunopress.it\\\/wp-content\\\/uploads\\\/2022\\\/09\\\/Cansiglio-Veneto-Agriocoltura_edited.jpg\",\"datePublished\":\"2022-09-07T14:39:36+00:00\",\"breadcrumb\":{\"@id\":\"https:\\\/\\\/www.bellunopress.it\\\/2022\\\/09\\\/07\\\/allevatore-imprenditore-agrituristico-cercasi-in-cansiglio-domande-entro-il-28-settembre\\\/#breadcrumb\"},\"inLanguage\":\"fr-FR\",\"potentialAction\":[{\"@type\":\"ReadAction\",\"target\":[\"https:\\\/\\\/www.bellunopress.it\\\/2022\\\/09\\\/07\\\/allevatore-imprenditore-agrituristico-cercasi-in-cansiglio-domande-entro-il-28-settembre\\\/\"]}]},{\"@type\":\"ImageObject\",\"inLanguage\":\"fr-FR\",\"@id\":\"https:\\\/\\\/www.bellunopress.it\\\/2022\\\/09\\\/07\\\/allevatore-imprenditore-agrituristico-cercasi-in-cansiglio-domande-entro-il-28-settembre\\\/#primaryimage\",\"url\":\"https:\\\/\\\/www.bellunopress.it\\\/wp-content\\\/uploads\\\/2022\\\/09\\\/Cansiglio-Veneto-Agriocoltura_edited.jpg\",\"contentUrl\":\"https:\\\/\\\/www.bellunopress.it\\\/wp-content\\\/uploads\\\/2022\\\/09\\\/Cansiglio-Veneto-Agriocoltura_edited.jpg\",\"width\":793,\"height\":312},{\"@type\":\"BreadcrumbList\",\"@id\":\"https:\\\/\\\/www.bellunopress.it\\\/2022\\\/09\\\/07\\\/allevatore-imprenditore-agrituristico-cercasi-in-cansiglio-domande-entro-il-28-settembre\\\/#breadcrumb\",\"itemListElement\":[{\"@type\":\"ListItem\",\"position\":1,\"name\":\"Home\",\"item\":\"https:\\\/\\\/www.bellunopress.it\\\/\"},{\"@type\":\"ListItem\",\"position\":2,\"name\":\"Allevatore-imprenditore agrituristico cercasi in Cansiglio. Domande entro il 28 settembre\"}]},{\"@type\":\"WebSite\",\"@id\":\"https:\\\/\\\/www.bellunopress.it\\\/#website\",\"url\":\"https:\\\/\\\/www.bellunopress.it\\\/\",\"name\":\"Bellunopress - Dolomiti\",\"description\":\"e-mail: redazione@bellunopress.it\",\"publisher\":{\"@id\":\"https:\\\/\\\/www.bellunopress.it\\\/#organization\"},\"potentialAction\":[{\"@type\":\"SearchAction\",\"target\":{\"@type\":\"EntryPoint\",\"urlTemplate\":\"https:\\\/\\\/www.bellunopress.it\\\/?s={search_term_string}\"},\"query-input\":{\"@type\":\"PropertyValueSpecification\",\"valueRequired\":true,\"valueName\":\"search_term_string\"}}],\"inLanguage\":\"fr-FR\"},{\"@type\":\"Organization\",\"@id\":\"https:\\\/\\\/www.bellunopress.it\\\/#organization\",\"name\":\"Bellunopress\",\"url\":\"https:\\\/\\\/www.bellunopress.it\\\/\",\"logo\":{\"@type\":\"ImageObject\",\"inLanguage\":\"fr-FR\",\"@id\":\"https:\\\/\\\/www.bellunopress.it\\\/#\\\/schema\\\/logo\\\/image\\\/\",\"url\":\"https:\\\/\\\/www.bellunopress.it\\\/wp-content\\\/uploads\\\/2011\\\/05\\\/cropped-logo-bellunopress-.jpg\",\"contentUrl\":\"https:\\\/\\\/www.bellunopress.it\\\/wp-content\\\/uploads\\\/2011\\\/05\\\/cropped-logo-bellunopress-.jpg\",\"width\":512,\"height\":512,\"caption\":\"Bellunopress\"},\"image\":{\"@id\":\"https:\\\/\\\/www.bellunopress.it\\\/#\\\/schema\\\/logo\\\/image\\\/\"},\"sameAs\":[\"https:\\\/\\\/www.facebook.com\\\/profile.php?id=100008943462799\",\"https:\\\/\\\/x.com\\\/bellunopress\",\"https:\\\/\\\/www.linkedin.com\\\/hp\\\/?dnr=JBzUWaJfMUw8vbXJJ2tVW5-I3jZKvC4wsoxE&amp;amp;amp;amp;amp;amp;trk=nav_responsive_tab_home\",\"https:\\\/\\\/www.youtube.com\\\/channel\\\/UCxL0wu1uN0_3_7hGG0306cw\"]},{\"@type\":\"Person\",\"@id\":\"https:\\\/\\\/www.bellunopress.it\\\/#\\\/schema\\\/person\\\/79bb06722b37ece1c03d3e94beb30d73\",\"name\":\"redazione\",\"image\":{\"@type\":\"ImageObject\",\"inLanguage\":\"fr-FR\",\"@id\":\"https:\\\/\\\/secure.gravatar.com\\\/avatar\\\/37d968a2e67a6fd04c169c4bdef102d0bc5d31b2546345219e348575eb80e9a0?s=96&d=mm&r=g\",\"url\":\"https:\\\/\\\/secure.gravatar.com\\\/avatar\\\/37d968a2e67a6fd04c169c4bdef102d0bc5d31b2546345219e348575eb80e9a0?s=96&d=mm&r=g\",\"contentUrl\":\"https:\\\/\\\/secure.gravatar.com\\\/avatar\\\/37d968a2e67a6fd04c169c4bdef102d0bc5d31b2546345219e348575eb80e9a0?s=96&d=mm&r=g\",\"caption\":\"redazione\"},\"sameAs\":[\"http:\\\/\\\/www.bellunopress.it\",\"https:\\\/\\\/x.com\\\/bellunopress\"],\"url\":\"https:\\\/\\\/www.bellunopress.it\\\/fr\\\/author\\\/redazione\\\/\"}]}<\/script>\n<!-- \/ Yoast SEO plugin. -->","yoast_head_json":{"title":"Allevatore-imprenditore agrituristico cercasi in Cansiglio. Domande entro il 28 settembre - Bellunopress - Dolomiti","robots":{"index":"index","follow":"follow","max-snippet":"max-snippet:-1","max-image-preview":"max-image-preview:large","max-video-preview":"max-video-preview:-1"},"canonical":"https:\/\/www.bellunopress.it\/fr\/2022\/09\/07\/allevatore-imprenditore-agrituristico-cercasi-in-cansiglio-domande-entro-il-28-settembre\/","og_locale":"fr_FR","og_type":"article","og_title":"Allevatore-imprenditore agrituristico cercasi in Cansiglio. Domande entro il 28 settembre - Bellunopress - Dolomiti","og_description":"Veneto Agricoltura ha aperto una procedura telematica per l&#8217;affidamento in concessione dell&#8217;azienda agro-zootecnica &#8220;Le Code&#8221; in Pian Cansiglio. Scadenza dei termini il prossimo 28 settembre Una nuova e interessante opportunit\u00e0 imprenditoriale arriva dal Cansiglio dove Veneto Agricoltura ha avviato una procedura per l&#8217;affidamento in concessione di un complesso composto da fabbricati e terreni dell&#8217;azienda agro-zootecnica [&hellip;]","og_url":"https:\/\/www.bellunopress.it\/fr\/2022\/09\/07\/allevatore-imprenditore-agrituristico-cercasi-in-cansiglio-domande-entro-il-28-settembre\/","og_site_name":"Bellunopress - Dolomiti","article_publisher":"https:\/\/www.facebook.com\/profile.php?id=100008943462799","article_published_time":"2022-09-07T14:39:36+00:00","og_image":[{"width":793,"height":312,"url":"https:\/\/www.bellunopress.it\/wp-content\/uploads\/2022\/09\/Cansiglio-Veneto-Agriocoltura_edited.jpg","type":"image\/jpeg"}],"author":"redazione","twitter_card":"summary_large_image","twitter_creator":"@bellunopress","twitter_site":"@bellunopress","twitter_misc":{"\u00c9crit par":"redazione","Dur\u00e9e de lecture estim\u00e9e":"2 minutes"},"schema":{"@context":"https:\/\/schema.org","@graph":[{"@type":"Article","@id":"https:\/\/www.bellunopress.it\/2022\/09\/07\/allevatore-imprenditore-agrituristico-cercasi-in-cansiglio-domande-entro-il-28-settembre\/#article","isPartOf":{"@id":"https:\/\/www.bellunopress.it\/2022\/09\/07\/allevatore-imprenditore-agrituristico-cercasi-in-cansiglio-domande-entro-il-28-settembre\/"},"author":{"name":"redazione","@id":"https:\/\/www.bellunopress.it\/#\/schema\/person\/79bb06722b37ece1c03d3e94beb30d73"},"headline":"Allevatore-imprenditore agrituristico cercasi in Cansiglio. Domande entro il 28 settembre","datePublished":"2022-09-07T14:39:36+00:00","mainEntityOfPage":{"@id":"https:\/\/www.bellunopress.it\/2022\/09\/07\/allevatore-imprenditore-agrituristico-cercasi-in-cansiglio-domande-entro-il-28-settembre\/"},"wordCount":333,"publisher":{"@id":"https:\/\/www.bellunopress.it\/#organization"},"image":{"@id":"https:\/\/www.bellunopress.it\/2022\/09\/07\/allevatore-imprenditore-agrituristico-cercasi-in-cansiglio-domande-entro-il-28-settembre\/#primaryimage"},"thumbnailUrl":"https:\/\/www.bellunopress.it\/wp-content\/uploads\/2022\/09\/Cansiglio-Veneto-Agriocoltura_edited.jpg","articleSection":["Lavoro, Economia, Turismo","Meteo, natura, ambiente, animali","Prima Pagina"],"inLanguage":"fr-FR"},{"@type":"WebPage","@id":"https:\/\/www.bellunopress.it\/2022\/09\/07\/allevatore-imprenditore-agrituristico-cercasi-in-cansiglio-domande-entro-il-28-settembre\/","url":"https:\/\/www.bellunopress.it\/2022\/09\/07\/allevatore-imprenditore-agrituristico-cercasi-in-cansiglio-domande-entro-il-28-settembre\/","name":"Allevatore-imprenditore agrituristico cercasi in Cansiglio. Domande entro il 28 settembre - Bellunopress - Dolomiti","isPartOf":{"@id":"https:\/\/www.bellunopress.it\/#website"},"primaryImageOfPage":{"@id":"https:\/\/www.bellunopress.it\/2022\/09\/07\/allevatore-imprenditore-agrituristico-cercasi-in-cansiglio-domande-entro-il-28-settembre\/#primaryimage"},"image":{"@id":"https:\/\/www.bellunopress.it\/2022\/09\/07\/allevatore-imprenditore-agrituristico-cercasi-in-cansiglio-domande-entro-il-28-settembre\/#primaryimage"},"thumbnailUrl":"https:\/\/www.bellunopress.it\/wp-content\/uploads\/2022\/09\/Cansiglio-Veneto-Agriocoltura_edited.jpg","datePublished":"2022-09-07T14:39:36+00:00","breadcrumb":{"@id":"https:\/\/www.bellunopress.it\/2022\/09\/07\/allevatore-imprenditore-agrituristico-cercasi-in-cansiglio-domande-entro-il-28-settembre\/#breadcrumb"},"inLanguage":"fr-FR","potentialAction":[{"@type":"ReadAction","target":["https:\/\/www.bellunopress.it\/2022\/09\/07\/allevatore-imprenditore-agrituristico-cercasi-in-cansiglio-domande-entro-il-28-settembre\/"]}]},{"@type":"ImageObject","inLanguage":"fr-FR","@id":"https:\/\/www.bellunopress.it\/2022\/09\/07\/allevatore-imprenditore-agrituristico-cercasi-in-cansiglio-domande-entro-il-28-settembre\/#primaryimage","url":"https:\/\/www.bellunopress.it\/wp-content\/uploads\/2022\/09\/Cansiglio-Veneto-Agriocoltura_edited.jpg","contentUrl":"https:\/\/www.bellunopress.it\/wp-content\/uploads\/2022\/09\/Cansiglio-Veneto-Agriocoltura_edited.jpg","width":793,"height":312},{"@type":"BreadcrumbList","@id":"https:\/\/www.bellunopress.it\/2022\/09\/07\/allevatore-imprenditore-agrituristico-cercasi-in-cansiglio-domande-entro-il-28-settembre\/#breadcrumb","itemListElement":[{"@type":"ListItem","position":1,"name":"Home","item":"https:\/\/www.bellunopress.it\/"},{"@type":"ListItem","position":2,"name":"Allevatore-imprenditore agrituristico cercasi in Cansiglio. Domande entro il 28 settembre"}]},{"@type":"WebSite","@id":"https:\/\/www.bellunopress.it\/#website","url":"https:\/\/www.bellunopress.it\/","name":"Bellunopress - Dolomiti","description":"e-mail: redazione@bellunopress.it","publisher":{"@id":"https:\/\/www.bellunopress.it\/#organization"},"potentialAction":[{"@type":"SearchAction","target":{"@type":"EntryPoint","urlTemplate":"https:\/\/www.bellunopress.it\/?s={search_term_string}"},"query-input":{"@type":"PropertyValueSpecification","valueRequired":true,"valueName":"search_term_string"}}],"inLanguage":"fr-FR"},{"@type":"Organization","@id":"https:\/\/www.bellunopress.it\/#organization","name":"Bellunopress","url":"https:\/\/www.bellunopress.it\/","logo":{"@type":"ImageObject","inLanguage":"fr-FR","@id":"https:\/\/www.bellunopress.it\/#\/schema\/logo\/image\/","url":"https:\/\/www.bellunopress.it\/wp-content\/uploads\/2011\/05\/cropped-logo-bellunopress-.jpg","contentUrl":"https:\/\/www.bellunopress.it\/wp-content\/uploads\/2011\/05\/cropped-logo-bellunopress-.jpg","width":512,"height":512,"caption":"Bellunopress"},"image":{"@id":"https:\/\/www.bellunopress.it\/#\/schema\/logo\/image\/"},"sameAs":["https:\/\/www.facebook.com\/profile.php?id=100008943462799","https:\/\/x.com\/bellunopress","https:\/\/www.linkedin.com\/hp\/?dnr=JBzUWaJfMUw8vbXJJ2tVW5-I3jZKvC4wsoxE&amp;amp;amp;amp;amp;amp;trk=nav_responsive_tab_home","https:\/\/www.youtube.com\/channel\/UCxL0wu1uN0_3_7hGG0306cw"]},{"@type":"Person","@id":"https:\/\/www.bellunopress.it\/#\/schema\/person\/79bb06722b37ece1c03d3e94beb30d73","name":"r\u00e9daction","image":{"@type":"ImageObject","inLanguage":"fr-FR","@id":"https:\/\/secure.gravatar.com\/avatar\/37d968a2e67a6fd04c169c4bdef102d0bc5d31b2546345219e348575eb80e9a0?s=96&d=mm&r=g","url":"https:\/\/secure.gravatar.com\/avatar\/37d968a2e67a6fd04c169c4bdef102d0bc5d31b2546345219e348575eb80e9a0?s=96&d=mm&r=g","contentUrl":"https:\/\/secure.gravatar.com\/avatar\/37d968a2e67a6fd04c169c4bdef102d0bc5d31b2546345219e348575eb80e9a0?s=96&d=mm&r=g","caption":"redazione"},"sameAs":["http:\/\/www.bellunopress.it","https:\/\/x.com\/bellunopress"],"url":"https:\/\/www.bellunopress.it\/fr\/author\/redazione\/"}]}},"_links":{"self":[{"href":"https:\/\/www.bellunopress.it\/fr\/wp-json\/wp\/v2\/posts\/136290","targetHints":{"allow":["GET"]}}],"collection":[{"href":"https:\/\/www.bellunopress.it\/fr\/wp-json\/wp\/v2\/posts"}],"about":[{"href":"https:\/\/www.bellunopress.it\/fr\/wp-json\/wp\/v2\/types\/post"}],"author":[{"embeddable":true,"href":"https:\/\/www.bellunopress.it\/fr\/wp-json\/wp\/v2\/users\/2"}],"replies":[{"embeddable":true,"href":"https:\/\/www.bellunopress.it\/fr\/wp-json\/wp\/v2\/comments?post=136290"}],"version-history":[{"count":1,"href":"https:\/\/www.bellunopress.it\/fr\/wp-json\/wp\/v2\/posts\/136290\/revisions"}],"predecessor-version":[{"id":136292,"href":"https:\/\/www.bellunopress.it\/fr\/wp-json\/wp\/v2\/posts\/136290\/revisions\/136292"}],"wp:featuredmedia":[{"embeddable":true,"href":"https:\/\/www.bellunopress.it\/fr\/wp-json\/wp\/v2\/media\/136291"}],"wp:attachment":[{"href":"https:\/\/www.bellunopress.it\/fr\/wp-json\/wp\/v2\/media?parent=136290"}],"wp:term":[{"taxonomy":"category","embeddable":true,"href":"https:\/\/www.bellunopress.it\/fr\/wp-json\/wp\/v2\/categories?post=136290"},{"taxonomy":"post_tag","embeddable":true,"href":"https:\/\/www.bellunopress.it\/fr\/wp-json\/wp\/v2\/tags?post=136290"}],"curies":[{"name":"wp","href":"https:\/\/api.w.org\/{rel}","templated":true}]}}