{"id":136288,"date":"2022-09-07T16:34:16","date_gmt":"2022-09-07T14:34:16","guid":{"rendered":"https:\/\/www.bellunopress.it\/?p=136288"},"modified":"2022-09-07T16:34:16","modified_gmt":"2022-09-07T14:34:16","slug":"il-pittore-mario-facchin-festeggia-i-50-anni-di-attivita-al-palazzo-delle-contesse-di-mel","status":"publish","type":"post","link":"https:\/\/www.bellunopress.it\/fr\/2022\/09\/07\/il-pittore-mario-facchin-festeggia-i-50-anni-di-attivita-al-palazzo-delle-contesse-di-mel\/","title":{"rendered":"Il pittore Mario Facchin festeggia i 50 anni di attivit\u00e0 al Palazzo delle Contesse di Mel"},"content":{"rendered":"<figure id=\"attachment_127586\" aria-describedby=\"caption-attachment-127586\" style=\"width: 800px\" class=\"wp-caption alignleft\"><img loading=\"lazy\" decoding=\"async\" class=\"size-full wp-image-127586\" src=\"https:\/\/www.bellunopress.it\/wp-content\/uploads\/2021\/09\/palazzo-delle-contesse-mel_edited.jpg\" alt=\"\" width=\"800\" height=\"533\" srcset=\"https:\/\/www.bellunopress.it\/wp-content\/uploads\/2021\/09\/palazzo-delle-contesse-mel_edited.jpg 800w, https:\/\/www.bellunopress.it\/wp-content\/uploads\/2021\/09\/palazzo-delle-contesse-mel_edited-500x333.jpg 500w, https:\/\/www.bellunopress.it\/wp-content\/uploads\/2021\/09\/palazzo-delle-contesse-mel_edited-696x464.jpg 696w, https:\/\/www.bellunopress.it\/wp-content\/uploads\/2021\/09\/palazzo-delle-contesse-mel_edited-630x420.jpg 630w\" sizes=\"auto, (max-width: 800px) 100vw, 800px\" \/><figcaption id=\"caption-attachment-127586\" class=\"wp-caption-text\">Palazzo delle Contesse di Mel &#8211; Borgo Valbelluna<\/figcaption><\/figure>\n<p>Al Palazzo delle Contesse di Mel \u2013 Borgo Valbelluna si festeggia un altro compleanno: dopo quello del Circolo Fotografico Mario De Biasi di Belluno che ha voluto festeggiare i 50 anni di attivit\u00e0 con una mostra fotografica, adesso \u00e8 la volta di Mario Facchin. Un pittore di origini trevigiane ma a Trichiana da molti anni, che pu\u00f2 vantare di aver trascorso \u201c50 anni nel colore\u201d, come recita il titolo della mostra. Un artista che negli anni ha esplorato varie tecniche pittoriche, dalla pittura ad olio, all\u2019acquerello, all\u2019incisione (acquaforte, litografia, xilografia), fino alla ceramica. La mostra sar\u00e0 quindi l\u2019occasione per conoscerne l\u2019evoluzione artistica dagli esordi, all\u2019inizio degli anni Settanta, fino ad oggi, attraverso i diversi mezzi espressivi sperimentati.<\/p>\n<p>Il soggetto preferito \u00e8 il paesaggio fatto di natura e architettura, con qualche incursione umana: scorci di paesi con chiese e campanili, l\u2019orizzonte segnato da colline, il riflettersi nel mare o nei corsi d\u2019acqua. Tematiche che nel tempo hanno portato l\u2019autore a raggiungere una propria caratterizzazione artistica fatta di equilibri formali nel tratto e nel disegno e nella ricerca di profondi raccordi cromatici, dove la prevalenza di accese tonalit\u00e0 di verde e blu, con i gialli e i rossi, riescono a sprigionare sentimenti di serenit\u00e0 e letizia.<\/p>\n<figure id=\"attachment_127606\" aria-describedby=\"caption-attachment-127606\" style=\"width: 692px\" class=\"wp-caption alignleft\"><img loading=\"lazy\" decoding=\"async\" class=\"size-full wp-image-127606\" src=\"https:\/\/www.bellunopress.it\/wp-content\/uploads\/2021\/09\/Monica-Frapporti_edited.jpg\" alt=\"\" width=\"692\" height=\"800\" srcset=\"https:\/\/www.bellunopress.it\/wp-content\/uploads\/2021\/09\/Monica-Frapporti_edited.jpg 692w, https:\/\/www.bellunopress.it\/wp-content\/uploads\/2021\/09\/Monica-Frapporti_edited-433x500.jpg 433w, https:\/\/www.bellunopress.it\/wp-content\/uploads\/2021\/09\/Monica-Frapporti_edited-363x420.jpg 363w\" sizes=\"auto, (max-width: 692px) 100vw, 692px\" \/><figcaption id=\"caption-attachment-127606\" class=\"wp-caption-text\">Monica Frapporti &#8211; Vicesindaco, assessore alla Cultura e assessore al Bilancio<br \/>del Comune di Borgo Valbelluna<\/figcaption><\/figure>\n<p>\u00abCi fa molto piacere festeggiare attraverso una mostra un traguardo cos\u00ec importante per un artista del nostro territorio. Una persona schiva, ma che con le proprie opere riesce a trasmettere emozioni e valori, che ognuno di noi pu\u00f2 accogliere in modo diverso. A me ha fatto riflettere l\u2019uso del cerchio nelle sue opere, utilizzato per la chioma di un albero come per il volto di una persona, quasi un monito per l\u2019uomo a mantenere un giusto equilibrio con la natura\u00bb ha commentato Monica Frapporti, Assessore alla cultura di Borgo Valbelluna.<\/p>\n<p>La mostra, inaugurata sabato scorso 3 settembre, sar\u00e0 visitabile fino al 17 settembre con i seguenti orari: feriale \u2013 10.00-12.30 \/ 17.00-19.00; festivo \u2013 9.00-12.30 \/ 17.00-19.00.<\/p>\n<p>Info: ufficio turistico Borgo Valbelluna: 0437 544294 &#8211; turismo.mel@borgovalbelluna.bl.it<\/p>","protected":false},"excerpt":{"rendered":"<p>Al Palazzo delle Contesse di Mel \u2013 Borgo Valbelluna si festeggia un altro compleanno: dopo quello del Circolo Fotografico Mario De Biasi di Belluno che ha voluto festeggiare i 50 anni di attivit\u00e0 con una mostra fotografica, adesso \u00e8 la volta di Mario Facchin. Un pittore di origini trevigiane ma a Trichiana da molti anni, [&hellip;]<\/p>\n","protected":false},"author":2,"featured_media":127586,"comment_status":"closed","ping_status":"open","sticky":false,"template":"","format":"standard","meta":{"footnotes":""},"categories":[3,25],"tags":[],"class_list":["post-136288","post","type-post","status-publish","format-standard","has-post-thumbnail","category-arte-cultura-spettacoli-scienza-archivi","category-pausa-caffe"],"yoast_head":"<!-- This site is optimized with the Yoast SEO plugin v28.4 - https:\/\/yoast.com\/product\/yoast-seo-wordpress\/ -->\n<title>Il pittore Mario Facchin festeggia i 50 anni di attivit\u00e0 al Palazzo delle Contesse di Mel - Bellunopress - Dolomiti<\/title>\n<meta name=\"robots\" content=\"index, follow, max-snippet:-1, max-image-preview:large, max-video-preview:-1\" \/>\n<link rel=\"canonical\" href=\"https:\/\/www.bellunopress.it\/fr\/2022\/09\/07\/il-pittore-mario-facchin-festeggia-i-50-anni-di-attivita-al-palazzo-delle-contesse-di-mel\/\" \/>\n<meta property=\"og:locale\" content=\"fr_FR\" \/>\n<meta property=\"og:type\" content=\"article\" \/>\n<meta property=\"og:title\" content=\"Il pittore Mario Facchin festeggia i 50 anni di attivit\u00e0 al Palazzo delle Contesse di Mel - Bellunopress - Dolomiti\" \/>\n<meta property=\"og:description\" content=\"Al Palazzo delle Contesse di Mel \u2013 Borgo Valbelluna si festeggia un altro compleanno: dopo quello del Circolo Fotografico Mario De Biasi di Belluno che ha voluto festeggiare i 50 anni di attivit\u00e0 con una mostra fotografica, adesso \u00e8 la volta di Mario Facchin. Un pittore di origini trevigiane ma a Trichiana da molti anni, [&hellip;]\" \/>\n<meta property=\"og:url\" content=\"https:\/\/www.bellunopress.it\/fr\/2022\/09\/07\/il-pittore-mario-facchin-festeggia-i-50-anni-di-attivita-al-palazzo-delle-contesse-di-mel\/\" \/>\n<meta property=\"og:site_name\" content=\"Bellunopress - Dolomiti\" \/>\n<meta property=\"article:publisher\" content=\"https:\/\/www.facebook.com\/profile.php?id=100008943462799\" \/>\n<meta property=\"article:published_time\" content=\"2022-09-07T14:34:16+00:00\" \/>\n<meta property=\"og:image\" content=\"https:\/\/www.bellunopress.it\/wp-content\/uploads\/2021\/09\/palazzo-delle-contesse-mel_edited.jpg\" \/>\n\t<meta property=\"og:image:width\" content=\"800\" \/>\n\t<meta property=\"og:image:height\" content=\"533\" \/>\n\t<meta property=\"og:image:type\" content=\"image\/jpeg\" \/>\n<meta name=\"author\" content=\"redazione\" \/>\n<meta name=\"twitter:card\" content=\"summary_large_image\" \/>\n<meta name=\"twitter:creator\" content=\"@bellunopress\" \/>\n<meta name=\"twitter:site\" content=\"@bellunopress\" \/>\n<meta name=\"twitter:label1\" content=\"\u00c9crit par\" \/>\n\t<meta name=\"twitter:data1\" content=\"redazione\" \/>\n\t<meta name=\"twitter:label2\" content=\"Dur\u00e9e de lecture estim\u00e9e\" \/>\n\t<meta name=\"twitter:data2\" content=\"3 minutes\" \/>\n<script type=\"application\/ld+json\" class=\"yoast-schema-graph\">{\"@context\":\"https:\\\/\\\/schema.org\",\"@graph\":[{\"@type\":\"Article\",\"@id\":\"https:\\\/\\\/www.bellunopress.it\\\/2022\\\/09\\\/07\\\/il-pittore-mario-facchin-festeggia-i-50-anni-di-attivita-al-palazzo-delle-contesse-di-mel\\\/#article\",\"isPartOf\":{\"@id\":\"https:\\\/\\\/www.bellunopress.it\\\/2022\\\/09\\\/07\\\/il-pittore-mario-facchin-festeggia-i-50-anni-di-attivita-al-palazzo-delle-contesse-di-mel\\\/\"},\"author\":{\"name\":\"redazione\",\"@id\":\"https:\\\/\\\/www.bellunopress.it\\\/#\\\/schema\\\/person\\\/79bb06722b37ece1c03d3e94beb30d73\"},\"headline\":\"Il pittore Mario Facchin festeggia i 50 anni di attivit\u00e0 al Palazzo delle Contesse di Mel\",\"datePublished\":\"2022-09-07T14:34:16+00:00\",\"mainEntityOfPage\":{\"@id\":\"https:\\\/\\\/www.bellunopress.it\\\/2022\\\/09\\\/07\\\/il-pittore-mario-facchin-festeggia-i-50-anni-di-attivita-al-palazzo-delle-contesse-di-mel\\\/\"},\"wordCount\":383,\"publisher\":{\"@id\":\"https:\\\/\\\/www.bellunopress.it\\\/#organization\"},\"image\":{\"@id\":\"https:\\\/\\\/www.bellunopress.it\\\/2022\\\/09\\\/07\\\/il-pittore-mario-facchin-festeggia-i-50-anni-di-attivita-al-palazzo-delle-contesse-di-mel\\\/#primaryimage\"},\"thumbnailUrl\":\"https:\\\/\\\/www.bellunopress.it\\\/wp-content\\\/uploads\\\/2021\\\/09\\\/palazzo-delle-contesse-mel_edited.jpg\",\"articleSection\":[\"Arte, Cultura, Spettacoli, Scienza\",\"Pausa Caff\u00e8\"],\"inLanguage\":\"fr-FR\"},{\"@type\":\"WebPage\",\"@id\":\"https:\\\/\\\/www.bellunopress.it\\\/2022\\\/09\\\/07\\\/il-pittore-mario-facchin-festeggia-i-50-anni-di-attivita-al-palazzo-delle-contesse-di-mel\\\/\",\"url\":\"https:\\\/\\\/www.bellunopress.it\\\/2022\\\/09\\\/07\\\/il-pittore-mario-facchin-festeggia-i-50-anni-di-attivita-al-palazzo-delle-contesse-di-mel\\\/\",\"name\":\"Il pittore Mario Facchin festeggia i 50 anni di attivit\u00e0 al Palazzo delle Contesse di Mel - Bellunopress - Dolomiti\",\"isPartOf\":{\"@id\":\"https:\\\/\\\/www.bellunopress.it\\\/#website\"},\"primaryImageOfPage\":{\"@id\":\"https:\\\/\\\/www.bellunopress.it\\\/2022\\\/09\\\/07\\\/il-pittore-mario-facchin-festeggia-i-50-anni-di-attivita-al-palazzo-delle-contesse-di-mel\\\/#primaryimage\"},\"image\":{\"@id\":\"https:\\\/\\\/www.bellunopress.it\\\/2022\\\/09\\\/07\\\/il-pittore-mario-facchin-festeggia-i-50-anni-di-attivita-al-palazzo-delle-contesse-di-mel\\\/#primaryimage\"},\"thumbnailUrl\":\"https:\\\/\\\/www.bellunopress.it\\\/wp-content\\\/uploads\\\/2021\\\/09\\\/palazzo-delle-contesse-mel_edited.jpg\",\"datePublished\":\"2022-09-07T14:34:16+00:00\",\"breadcrumb\":{\"@id\":\"https:\\\/\\\/www.bellunopress.it\\\/2022\\\/09\\\/07\\\/il-pittore-mario-facchin-festeggia-i-50-anni-di-attivita-al-palazzo-delle-contesse-di-mel\\\/#breadcrumb\"},\"inLanguage\":\"fr-FR\",\"potentialAction\":[{\"@type\":\"ReadAction\",\"target\":[\"https:\\\/\\\/www.bellunopress.it\\\/2022\\\/09\\\/07\\\/il-pittore-mario-facchin-festeggia-i-50-anni-di-attivita-al-palazzo-delle-contesse-di-mel\\\/\"]}]},{\"@type\":\"ImageObject\",\"inLanguage\":\"fr-FR\",\"@id\":\"https:\\\/\\\/www.bellunopress.it\\\/2022\\\/09\\\/07\\\/il-pittore-mario-facchin-festeggia-i-50-anni-di-attivita-al-palazzo-delle-contesse-di-mel\\\/#primaryimage\",\"url\":\"https:\\\/\\\/www.bellunopress.it\\\/wp-content\\\/uploads\\\/2021\\\/09\\\/palazzo-delle-contesse-mel_edited.jpg\",\"contentUrl\":\"https:\\\/\\\/www.bellunopress.it\\\/wp-content\\\/uploads\\\/2021\\\/09\\\/palazzo-delle-contesse-mel_edited.jpg\",\"width\":800,\"height\":533,\"caption\":\"Palazzo delle Contesse di Mel - Borgo Valbelluna\"},{\"@type\":\"BreadcrumbList\",\"@id\":\"https:\\\/\\\/www.bellunopress.it\\\/2022\\\/09\\\/07\\\/il-pittore-mario-facchin-festeggia-i-50-anni-di-attivita-al-palazzo-delle-contesse-di-mel\\\/#breadcrumb\",\"itemListElement\":[{\"@type\":\"ListItem\",\"position\":1,\"name\":\"Home\",\"item\":\"https:\\\/\\\/www.bellunopress.it\\\/\"},{\"@type\":\"ListItem\",\"position\":2,\"name\":\"Il pittore Mario Facchin festeggia i 50 anni di attivit\u00e0 al Palazzo delle Contesse di Mel\"}]},{\"@type\":\"WebSite\",\"@id\":\"https:\\\/\\\/www.bellunopress.it\\\/#website\",\"url\":\"https:\\\/\\\/www.bellunopress.it\\\/\",\"name\":\"Bellunopress - Dolomiti\",\"description\":\"e-mail: redazione@bellunopress.it\",\"publisher\":{\"@id\":\"https:\\\/\\\/www.bellunopress.it\\\/#organization\"},\"potentialAction\":[{\"@type\":\"SearchAction\",\"target\":{\"@type\":\"EntryPoint\",\"urlTemplate\":\"https:\\\/\\\/www.bellunopress.it\\\/?s={search_term_string}\"},\"query-input\":{\"@type\":\"PropertyValueSpecification\",\"valueRequired\":true,\"valueName\":\"search_term_string\"}}],\"inLanguage\":\"fr-FR\"},{\"@type\":\"Organization\",\"@id\":\"https:\\\/\\\/www.bellunopress.it\\\/#organization\",\"name\":\"Bellunopress\",\"url\":\"https:\\\/\\\/www.bellunopress.it\\\/\",\"logo\":{\"@type\":\"ImageObject\",\"inLanguage\":\"fr-FR\",\"@id\":\"https:\\\/\\\/www.bellunopress.it\\\/#\\\/schema\\\/logo\\\/image\\\/\",\"url\":\"https:\\\/\\\/www.bellunopress.it\\\/wp-content\\\/uploads\\\/2011\\\/05\\\/cropped-logo-bellunopress-.jpg\",\"contentUrl\":\"https:\\\/\\\/www.bellunopress.it\\\/wp-content\\\/uploads\\\/2011\\\/05\\\/cropped-logo-bellunopress-.jpg\",\"width\":512,\"height\":512,\"caption\":\"Bellunopress\"},\"image\":{\"@id\":\"https:\\\/\\\/www.bellunopress.it\\\/#\\\/schema\\\/logo\\\/image\\\/\"},\"sameAs\":[\"https:\\\/\\\/www.facebook.com\\\/profile.php?id=100008943462799\",\"https:\\\/\\\/x.com\\\/bellunopress\",\"https:\\\/\\\/www.linkedin.com\\\/hp\\\/?dnr=JBzUWaJfMUw8vbXJJ2tVW5-I3jZKvC4wsoxE&amp;amp;amp;amp;amp;amp;trk=nav_responsive_tab_home\",\"https:\\\/\\\/www.youtube.com\\\/channel\\\/UCxL0wu1uN0_3_7hGG0306cw\"]},{\"@type\":\"Person\",\"@id\":\"https:\\\/\\\/www.bellunopress.it\\\/#\\\/schema\\\/person\\\/79bb06722b37ece1c03d3e94beb30d73\",\"name\":\"redazione\",\"image\":{\"@type\":\"ImageObject\",\"inLanguage\":\"fr-FR\",\"@id\":\"https:\\\/\\\/secure.gravatar.com\\\/avatar\\\/37d968a2e67a6fd04c169c4bdef102d0bc5d31b2546345219e348575eb80e9a0?s=96&d=mm&r=g\",\"url\":\"https:\\\/\\\/secure.gravatar.com\\\/avatar\\\/37d968a2e67a6fd04c169c4bdef102d0bc5d31b2546345219e348575eb80e9a0?s=96&d=mm&r=g\",\"contentUrl\":\"https:\\\/\\\/secure.gravatar.com\\\/avatar\\\/37d968a2e67a6fd04c169c4bdef102d0bc5d31b2546345219e348575eb80e9a0?s=96&d=mm&r=g\",\"caption\":\"redazione\"},\"sameAs\":[\"http:\\\/\\\/www.bellunopress.it\",\"https:\\\/\\\/x.com\\\/bellunopress\"],\"url\":\"https:\\\/\\\/www.bellunopress.it\\\/fr\\\/author\\\/redazione\\\/\"}]}<\/script>\n<!-- \/ Yoast SEO plugin. -->","yoast_head_json":{"title":"Il pittore Mario Facchin festeggia i 50 anni di attivit\u00e0 al Palazzo delle Contesse di Mel - Bellunopress - Dolomiti","robots":{"index":"index","follow":"follow","max-snippet":"max-snippet:-1","max-image-preview":"max-image-preview:large","max-video-preview":"max-video-preview:-1"},"canonical":"https:\/\/www.bellunopress.it\/fr\/2022\/09\/07\/il-pittore-mario-facchin-festeggia-i-50-anni-di-attivita-al-palazzo-delle-contesse-di-mel\/","og_locale":"fr_FR","og_type":"article","og_title":"Il pittore Mario Facchin festeggia i 50 anni di attivit\u00e0 al Palazzo delle Contesse di Mel - Bellunopress - Dolomiti","og_description":"Al Palazzo delle Contesse di Mel \u2013 Borgo Valbelluna si festeggia un altro compleanno: dopo quello del Circolo Fotografico Mario De Biasi di Belluno che ha voluto festeggiare i 50 anni di attivit\u00e0 con una mostra fotografica, adesso \u00e8 la volta di Mario Facchin. Un pittore di origini trevigiane ma a Trichiana da molti anni, [&hellip;]","og_url":"https:\/\/www.bellunopress.it\/fr\/2022\/09\/07\/il-pittore-mario-facchin-festeggia-i-50-anni-di-attivita-al-palazzo-delle-contesse-di-mel\/","og_site_name":"Bellunopress - Dolomiti","article_publisher":"https:\/\/www.facebook.com\/profile.php?id=100008943462799","article_published_time":"2022-09-07T14:34:16+00:00","og_image":[{"width":800,"height":533,"url":"https:\/\/www.bellunopress.it\/wp-content\/uploads\/2021\/09\/palazzo-delle-contesse-mel_edited.jpg","type":"image\/jpeg"}],"author":"redazione","twitter_card":"summary_large_image","twitter_creator":"@bellunopress","twitter_site":"@bellunopress","twitter_misc":{"\u00c9crit par":"redazione","Dur\u00e9e de lecture estim\u00e9e":"3 minutes"},"schema":{"@context":"https:\/\/schema.org","@graph":[{"@type":"Article","@id":"https:\/\/www.bellunopress.it\/2022\/09\/07\/il-pittore-mario-facchin-festeggia-i-50-anni-di-attivita-al-palazzo-delle-contesse-di-mel\/#article","isPartOf":{"@id":"https:\/\/www.bellunopress.it\/2022\/09\/07\/il-pittore-mario-facchin-festeggia-i-50-anni-di-attivita-al-palazzo-delle-contesse-di-mel\/"},"author":{"name":"redazione","@id":"https:\/\/www.bellunopress.it\/#\/schema\/person\/79bb06722b37ece1c03d3e94beb30d73"},"headline":"Il pittore Mario Facchin festeggia i 50 anni di attivit\u00e0 al Palazzo delle Contesse di Mel","datePublished":"2022-09-07T14:34:16+00:00","mainEntityOfPage":{"@id":"https:\/\/www.bellunopress.it\/2022\/09\/07\/il-pittore-mario-facchin-festeggia-i-50-anni-di-attivita-al-palazzo-delle-contesse-di-mel\/"},"wordCount":383,"publisher":{"@id":"https:\/\/www.bellunopress.it\/#organization"},"image":{"@id":"https:\/\/www.bellunopress.it\/2022\/09\/07\/il-pittore-mario-facchin-festeggia-i-50-anni-di-attivita-al-palazzo-delle-contesse-di-mel\/#primaryimage"},"thumbnailUrl":"https:\/\/www.bellunopress.it\/wp-content\/uploads\/2021\/09\/palazzo-delle-contesse-mel_edited.jpg","articleSection":["Arte, Cultura, Spettacoli, Scienza","Pausa Caff\u00e8"],"inLanguage":"fr-FR"},{"@type":"WebPage","@id":"https:\/\/www.bellunopress.it\/2022\/09\/07\/il-pittore-mario-facchin-festeggia-i-50-anni-di-attivita-al-palazzo-delle-contesse-di-mel\/","url":"https:\/\/www.bellunopress.it\/2022\/09\/07\/il-pittore-mario-facchin-festeggia-i-50-anni-di-attivita-al-palazzo-delle-contesse-di-mel\/","name":"Il pittore Mario Facchin festeggia i 50 anni di attivit\u00e0 al Palazzo delle Contesse di Mel - Bellunopress - Dolomiti","isPartOf":{"@id":"https:\/\/www.bellunopress.it\/#website"},"primaryImageOfPage":{"@id":"https:\/\/www.bellunopress.it\/2022\/09\/07\/il-pittore-mario-facchin-festeggia-i-50-anni-di-attivita-al-palazzo-delle-contesse-di-mel\/#primaryimage"},"image":{"@id":"https:\/\/www.bellunopress.it\/2022\/09\/07\/il-pittore-mario-facchin-festeggia-i-50-anni-di-attivita-al-palazzo-delle-contesse-di-mel\/#primaryimage"},"thumbnailUrl":"https:\/\/www.bellunopress.it\/wp-content\/uploads\/2021\/09\/palazzo-delle-contesse-mel_edited.jpg","datePublished":"2022-09-07T14:34:16+00:00","breadcrumb":{"@id":"https:\/\/www.bellunopress.it\/2022\/09\/07\/il-pittore-mario-facchin-festeggia-i-50-anni-di-attivita-al-palazzo-delle-contesse-di-mel\/#breadcrumb"},"inLanguage":"fr-FR","potentialAction":[{"@type":"ReadAction","target":["https:\/\/www.bellunopress.it\/2022\/09\/07\/il-pittore-mario-facchin-festeggia-i-50-anni-di-attivita-al-palazzo-delle-contesse-di-mel\/"]}]},{"@type":"ImageObject","inLanguage":"fr-FR","@id":"https:\/\/www.bellunopress.it\/2022\/09\/07\/il-pittore-mario-facchin-festeggia-i-50-anni-di-attivita-al-palazzo-delle-contesse-di-mel\/#primaryimage","url":"https:\/\/www.bellunopress.it\/wp-content\/uploads\/2021\/09\/palazzo-delle-contesse-mel_edited.jpg","contentUrl":"https:\/\/www.bellunopress.it\/wp-content\/uploads\/2021\/09\/palazzo-delle-contesse-mel_edited.jpg","width":800,"height":533,"caption":"Palazzo delle Contesse di Mel - Borgo Valbelluna"},{"@type":"BreadcrumbList","@id":"https:\/\/www.bellunopress.it\/2022\/09\/07\/il-pittore-mario-facchin-festeggia-i-50-anni-di-attivita-al-palazzo-delle-contesse-di-mel\/#breadcrumb","itemListElement":[{"@type":"ListItem","position":1,"name":"Home","item":"https:\/\/www.bellunopress.it\/"},{"@type":"ListItem","position":2,"name":"Il pittore Mario Facchin festeggia i 50 anni di attivit\u00e0 al Palazzo delle Contesse di Mel"}]},{"@type":"WebSite","@id":"https:\/\/www.bellunopress.it\/#website","url":"https:\/\/www.bellunopress.it\/","name":"Bellunopress - Dolomiti","description":"e-mail: redazione@bellunopress.it","publisher":{"@id":"https:\/\/www.bellunopress.it\/#organization"},"potentialAction":[{"@type":"SearchAction","target":{"@type":"EntryPoint","urlTemplate":"https:\/\/www.bellunopress.it\/?s={search_term_string}"},"query-input":{"@type":"PropertyValueSpecification","valueRequired":true,"valueName":"search_term_string"}}],"inLanguage":"fr-FR"},{"@type":"Organization","@id":"https:\/\/www.bellunopress.it\/#organization","name":"Bellunopress","url":"https:\/\/www.bellunopress.it\/","logo":{"@type":"ImageObject","inLanguage":"fr-FR","@id":"https:\/\/www.bellunopress.it\/#\/schema\/logo\/image\/","url":"https:\/\/www.bellunopress.it\/wp-content\/uploads\/2011\/05\/cropped-logo-bellunopress-.jpg","contentUrl":"https:\/\/www.bellunopress.it\/wp-content\/uploads\/2011\/05\/cropped-logo-bellunopress-.jpg","width":512,"height":512,"caption":"Bellunopress"},"image":{"@id":"https:\/\/www.bellunopress.it\/#\/schema\/logo\/image\/"},"sameAs":["https:\/\/www.facebook.com\/profile.php?id=100008943462799","https:\/\/x.com\/bellunopress","https:\/\/www.linkedin.com\/hp\/?dnr=JBzUWaJfMUw8vbXJJ2tVW5-I3jZKvC4wsoxE&amp;amp;amp;amp;amp;amp;trk=nav_responsive_tab_home","https:\/\/www.youtube.com\/channel\/UCxL0wu1uN0_3_7hGG0306cw"]},{"@type":"Person","@id":"https:\/\/www.bellunopress.it\/#\/schema\/person\/79bb06722b37ece1c03d3e94beb30d73","name":"r\u00e9daction","image":{"@type":"ImageObject","inLanguage":"fr-FR","@id":"https:\/\/secure.gravatar.com\/avatar\/37d968a2e67a6fd04c169c4bdef102d0bc5d31b2546345219e348575eb80e9a0?s=96&d=mm&r=g","url":"https:\/\/secure.gravatar.com\/avatar\/37d968a2e67a6fd04c169c4bdef102d0bc5d31b2546345219e348575eb80e9a0?s=96&d=mm&r=g","contentUrl":"https:\/\/secure.gravatar.com\/avatar\/37d968a2e67a6fd04c169c4bdef102d0bc5d31b2546345219e348575eb80e9a0?s=96&d=mm&r=g","caption":"redazione"},"sameAs":["http:\/\/www.bellunopress.it","https:\/\/x.com\/bellunopress"],"url":"https:\/\/www.bellunopress.it\/fr\/author\/redazione\/"}]}},"_links":{"self":[{"href":"https:\/\/www.bellunopress.it\/fr\/wp-json\/wp\/v2\/posts\/136288","targetHints":{"allow":["GET"]}}],"collection":[{"href":"https:\/\/www.bellunopress.it\/fr\/wp-json\/wp\/v2\/posts"}],"about":[{"href":"https:\/\/www.bellunopress.it\/fr\/wp-json\/wp\/v2\/types\/post"}],"author":[{"embeddable":true,"href":"https:\/\/www.bellunopress.it\/fr\/wp-json\/wp\/v2\/users\/2"}],"replies":[{"embeddable":true,"href":"https:\/\/www.bellunopress.it\/fr\/wp-json\/wp\/v2\/comments?post=136288"}],"version-history":[{"count":1,"href":"https:\/\/www.bellunopress.it\/fr\/wp-json\/wp\/v2\/posts\/136288\/revisions"}],"predecessor-version":[{"id":136289,"href":"https:\/\/www.bellunopress.it\/fr\/wp-json\/wp\/v2\/posts\/136288\/revisions\/136289"}],"wp:featuredmedia":[{"embeddable":true,"href":"https:\/\/www.bellunopress.it\/fr\/wp-json\/wp\/v2\/media\/127586"}],"wp:attachment":[{"href":"https:\/\/www.bellunopress.it\/fr\/wp-json\/wp\/v2\/media?parent=136288"}],"wp:term":[{"taxonomy":"category","embeddable":true,"href":"https:\/\/www.bellunopress.it\/fr\/wp-json\/wp\/v2\/categories?post=136288"},{"taxonomy":"post_tag","embeddable":true,"href":"https:\/\/www.bellunopress.it\/fr\/wp-json\/wp\/v2\/tags?post=136288"}],"curies":[{"name":"wp","href":"https:\/\/api.w.org\/{rel}","templated":true}]}}