{"id":136238,"date":"2022-09-05T14:23:47","date_gmt":"2022-09-05T12:23:47","guid":{"rendered":"https:\/\/www.bellunopress.it\/?p=136238"},"modified":"2022-09-05T14:43:24","modified_gmt":"2022-09-05T12:43:24","slug":"pomeriggio-darte-ieri-a-villa-sergnano-con-artcasere","status":"publish","type":"post","link":"https:\/\/www.bellunopress.it\/fr\/2022\/09\/05\/pomeriggio-darte-ieri-a-villa-sergnano-con-artcasere\/","title":{"rendered":"Pomeriggio d&#8217;arte ieri a Villa Sergnano con ArtCasere"},"content":{"rendered":"<figure id=\"attachment_136239\" aria-describedby=\"caption-attachment-136239\" style=\"width: 1000px\" class=\"wp-caption alignleft\"><img loading=\"lazy\" decoding=\"async\" class=\"size-full wp-image-136239\" src=\"https:\/\/www.bellunopress.it\/wp-content\/uploads\/2022\/09\/villa-Sergnano-Belluno_edited.jpg\" alt=\"\" width=\"1000\" height=\"673\" srcset=\"https:\/\/www.bellunopress.it\/wp-content\/uploads\/2022\/09\/villa-Sergnano-Belluno_edited.jpg 1000w, https:\/\/www.bellunopress.it\/wp-content\/uploads\/2022\/09\/villa-Sergnano-Belluno_edited-500x337.jpg 500w, https:\/\/www.bellunopress.it\/wp-content\/uploads\/2022\/09\/villa-Sergnano-Belluno_edited-696x468.jpg 696w, https:\/\/www.bellunopress.it\/wp-content\/uploads\/2022\/09\/villa-Sergnano-Belluno_edited-624x420.jpg 624w\" sizes=\"auto, (max-width: 1000px) 100vw, 1000px\" \/><figcaption id=\"caption-attachment-136239\" class=\"wp-caption-text\">Villa Sergnano &#8211; Belluno<\/figcaption><\/figure>\n<p>Belluno, 5 settembre 2022 &#8211; Pittura, scultura, poesia, musica e installazioni. La settecentesca Villa Sergnano, vicino alla chiesa di San Pietro Apostolo a Sargnano (Belluno), antica residenza della famiglia nobile dei Sergnano, \u00e8 stata ieri pomeriggio la prestigiosa cornice dell&#8217;evento ArtCasere in villa, grazie all&#8217;ospitalit\u00e0 di Mitzi e Paolo Vecchione.<\/p>\n<p>Ricca la partecipazione di artisti che hanno aderito all&#8217;iniziativa promossa da Roberto Bogo, musicista e titolare del punto vendita di vini &#8220;Casere&#8221; a Cavarzano, con l&#8217;organizzazione di Fabio Puletti, speaker della manifestazione, musicista e pittore.<\/p>\n<p><img loading=\"lazy\" decoding=\"async\" class=\"alignleft size-full wp-image-136240\" src=\"https:\/\/www.bellunopress.it\/wp-content\/uploads\/2022\/09\/villa-sergnano-evento_edited.jpg\" alt=\"\" width=\"1000\" height=\"750\" srcset=\"https:\/\/www.bellunopress.it\/wp-content\/uploads\/2022\/09\/villa-sergnano-evento_edited.jpg 1000w, https:\/\/www.bellunopress.it\/wp-content\/uploads\/2022\/09\/villa-sergnano-evento_edited-500x375.jpg 500w, https:\/\/www.bellunopress.it\/wp-content\/uploads\/2022\/09\/villa-sergnano-evento_edited-696x522.jpg 696w, https:\/\/www.bellunopress.it\/wp-content\/uploads\/2022\/09\/villa-sergnano-evento_edited-560x420.jpg 560w, https:\/\/www.bellunopress.it\/wp-content\/uploads\/2022\/09\/villa-sergnano-evento_edited-80x60.jpg 80w, https:\/\/www.bellunopress.it\/wp-content\/uploads\/2022\/09\/villa-sergnano-evento_edited-265x198.jpg 265w\" sizes=\"auto, (max-width: 1000px) 100vw, 1000px\" \/>Nelle pertinenze della villa sono state esposte le opere degli artisti Alfonso Lentini, Andrea Moro, Barbara Marion, Claudio ROssi, Fabio Puletti, Franco Da Ronch, Laura Pellegtrini, Luca Possamai, Luciano De Barba, Michele TIson, Rosy Tes\u00e8, Sergio Valacchi, Tiziano Battiston.<\/p>\n<p>Hanno letto le loro poesie o testi propri Laura Pellegrini, Franco Da Ronch, Fabio Puletti, Gianni Carlin.<\/p>\n<figure id=\"attachment_136241\" aria-describedby=\"caption-attachment-136241\" style=\"width: 750px\" class=\"wp-caption alignleft\"><img loading=\"lazy\" decoding=\"async\" class=\"size-full wp-image-136241\" src=\"https:\/\/www.bellunopress.it\/wp-content\/uploads\/2022\/09\/roberto-bogo-sax_edited.jpg\" alt=\"\" width=\"750\" height=\"1000\" srcset=\"https:\/\/www.bellunopress.it\/wp-content\/uploads\/2022\/09\/roberto-bogo-sax_edited.jpg 750w, https:\/\/www.bellunopress.it\/wp-content\/uploads\/2022\/09\/roberto-bogo-sax_edited-375x500.jpg 375w, https:\/\/www.bellunopress.it\/wp-content\/uploads\/2022\/09\/roberto-bogo-sax_edited-696x928.jpg 696w, https:\/\/www.bellunopress.it\/wp-content\/uploads\/2022\/09\/roberto-bogo-sax_edited-315x420.jpg 315w\" sizes=\"auto, (max-width: 750px) 100vw, 750px\" \/><figcaption id=\"caption-attachment-136241\" class=\"wp-caption-text\">Roberto Bogo<\/figcaption><\/figure>\n<p>Il tutto accompagnato dalle note jazz di Passion fruit e la lirica dell&#8217;Associazione Arte Nuova. Con un drink all&#8217;angolo buffet del giardino.<\/p>\n<p>&#8220;L&#8217;idea di creare un piccolo spazio espositivo all&#8217;interno del negozio di vini Casere di Cavarzano &#8211; racconta Fabio Puletti &#8211; nasce lo scorso gennaio durante una cena.\u00a0Roberto Bogo, gestore del negozio, gi\u00e0 da tempo aveva portano all&#8217;interno del locale un po&#8217; di strumenti musicali per dare un tocco artistico agli spazi. Col tempo, ha invitato alcuni amici ad esibirsi fare qualche jam session di jazz all&#8217;interno del negozio tra un cliente e l&#8217;altro.<\/p>\n<p>Musica e vino &#8211; prosegue Puletti &#8211; \u00e8 un&#8217;abbinata fortissima. Il passo successivo, e a questo punto naturale, \u00e8 stato portare anche la pittura, decisione, come dicevo, presa durante una piacevole cena.<\/p>\n<p>All&#8217;interno del negozio \u00e8 stato quindi posizionato un pannello di mt 2 x 1,30 dove ogni primo sabato del mese, un nuovo artista pu\u00f2 esporre le prorprie opere. L&#8217;iniziativa ha avuto tale successo che Roberto ha ricevuto prenotazioni fino a giugno del prossimo anno.<\/p>\n<p>Durante le inaugurazioni si pu\u00f2 degustare un bicchiere di vino, ammirare i quadri del nuovo artista, ascoltare un po&#8217; di musica suonata dal vivo, ascoltare qualche poesia&#8230; ma soprattutto si socializza.<\/p>\n<p>ArtCasere in Villa, l&#8217;evento di ieri, altro non \u00e8 che l&#8217;aver amplificato quanto succede nel negozio di Roberto riunendo gli artisti che hanno esposto e che esporranno nei prossimi mesi in una suggestiva location qual \u00e8 Villa Sergnano&#8221;.<\/p>\n<p><a href=\"https:\/\/www.facebook.com\/robertodenart\/videos\/643172383682351\">https:\/\/www.facebook.com\/robertodenart\/videos\/643172383682351<\/a><\/p>\n<p><a href=\"https:\/\/www.facebook.com\/robertodenart\/videos\/1638112026560938\">https:\/\/www.facebook.com\/robertodenart\/videos\/1638112026560938<\/a><\/p>","protected":false},"excerpt":{"rendered":"<p>Belluno, 5 settembre 2022 &#8211; Pittura, scultura, poesia, musica e installazioni. La settecentesca Villa Sergnano, vicino alla chiesa di San Pietro Apostolo a Sargnano (Belluno), antica residenza della famiglia nobile dei Sergnano, \u00e8 stata ieri pomeriggio la prestigiosa cornice dell&#8217;evento ArtCasere in villa, grazie all&#8217;ospitalit\u00e0 di Mitzi e Paolo Vecchione. Ricca la partecipazione di artisti [&hellip;]<\/p>\n","protected":false},"author":2,"featured_media":136239,"comment_status":"closed","ping_status":"open","sticky":false,"template":"","format":"standard","meta":{"footnotes":""},"categories":[3,5,3446,26],"tags":[],"class_list":["post-136238","post","type-post","status-publish","format-standard","has-post-thumbnail","category-arte-cultura-spettacoli-scienza-archivi","category-cronaca","category-featured","category-prima-pagina"],"yoast_head":"<!-- This site is optimized with the Yoast SEO plugin v28.4 - https:\/\/yoast.com\/product\/yoast-seo-wordpress\/ -->\n<title>Pomeriggio d&#039;arte ieri a Villa Sergnano con ArtCasere - Bellunopress - Dolomiti<\/title>\n<meta name=\"robots\" content=\"index, follow, max-snippet:-1, max-image-preview:large, max-video-preview:-1\" \/>\n<link rel=\"canonical\" href=\"https:\/\/www.bellunopress.it\/fr\/2022\/09\/05\/pomeriggio-darte-ieri-a-villa-sergnano-con-artcasere\/\" \/>\n<meta property=\"og:locale\" content=\"fr_FR\" \/>\n<meta property=\"og:type\" content=\"article\" \/>\n<meta property=\"og:title\" content=\"Pomeriggio d&#039;arte ieri a Villa Sergnano con ArtCasere - Bellunopress - Dolomiti\" \/>\n<meta property=\"og:description\" content=\"Belluno, 5 settembre 2022 &#8211; Pittura, scultura, poesia, musica e installazioni. La settecentesca Villa Sergnano, vicino alla chiesa di San Pietro Apostolo a Sargnano (Belluno), antica residenza della famiglia nobile dei Sergnano, \u00e8 stata ieri pomeriggio la prestigiosa cornice dell&#8217;evento ArtCasere in villa, grazie all&#8217;ospitalit\u00e0 di Mitzi e Paolo Vecchione. Ricca la partecipazione di artisti [&hellip;]\" \/>\n<meta property=\"og:url\" content=\"https:\/\/www.bellunopress.it\/fr\/2022\/09\/05\/pomeriggio-darte-ieri-a-villa-sergnano-con-artcasere\/\" \/>\n<meta property=\"og:site_name\" content=\"Bellunopress - Dolomiti\" \/>\n<meta property=\"article:publisher\" content=\"https:\/\/www.facebook.com\/profile.php?id=100008943462799\" \/>\n<meta property=\"article:published_time\" content=\"2022-09-05T12:23:47+00:00\" \/>\n<meta property=\"article:modified_time\" content=\"2022-09-05T12:43:24+00:00\" \/>\n<meta property=\"og:image\" content=\"https:\/\/www.bellunopress.it\/wp-content\/uploads\/2022\/09\/villa-Sergnano-Belluno_edited.jpg\" \/>\n\t<meta property=\"og:image:width\" content=\"1000\" \/>\n\t<meta property=\"og:image:height\" content=\"673\" \/>\n\t<meta property=\"og:image:type\" content=\"image\/jpeg\" \/>\n<meta name=\"author\" content=\"redazione\" \/>\n<meta name=\"twitter:card\" content=\"summary_large_image\" \/>\n<meta name=\"twitter:creator\" content=\"@bellunopress\" \/>\n<meta name=\"twitter:site\" content=\"@bellunopress\" \/>\n<meta name=\"twitter:label1\" content=\"\u00c9crit par\" \/>\n\t<meta name=\"twitter:data1\" content=\"redazione\" \/>\n\t<meta name=\"twitter:label2\" content=\"Dur\u00e9e de lecture estim\u00e9e\" \/>\n\t<meta name=\"twitter:data2\" content=\"3 minutes\" \/>\n<script type=\"application\/ld+json\" class=\"yoast-schema-graph\">{\"@context\":\"https:\\\/\\\/schema.org\",\"@graph\":[{\"@type\":\"Article\",\"@id\":\"https:\\\/\\\/www.bellunopress.it\\\/2022\\\/09\\\/05\\\/pomeriggio-darte-ieri-a-villa-sergnano-con-artcasere\\\/#article\",\"isPartOf\":{\"@id\":\"https:\\\/\\\/www.bellunopress.it\\\/2022\\\/09\\\/05\\\/pomeriggio-darte-ieri-a-villa-sergnano-con-artcasere\\\/\"},\"author\":{\"name\":\"redazione\",\"@id\":\"https:\\\/\\\/www.bellunopress.it\\\/#\\\/schema\\\/person\\\/79bb06722b37ece1c03d3e94beb30d73\"},\"headline\":\"Pomeriggio d&#8217;arte ieri a Villa Sergnano con ArtCasere\",\"datePublished\":\"2022-09-05T12:23:47+00:00\",\"dateModified\":\"2022-09-05T12:43:24+00:00\",\"mainEntityOfPage\":{\"@id\":\"https:\\\/\\\/www.bellunopress.it\\\/2022\\\/09\\\/05\\\/pomeriggio-darte-ieri-a-villa-sergnano-con-artcasere\\\/\"},\"wordCount\":429,\"publisher\":{\"@id\":\"https:\\\/\\\/www.bellunopress.it\\\/#organization\"},\"image\":{\"@id\":\"https:\\\/\\\/www.bellunopress.it\\\/2022\\\/09\\\/05\\\/pomeriggio-darte-ieri-a-villa-sergnano-con-artcasere\\\/#primaryimage\"},\"thumbnailUrl\":\"https:\\\/\\\/www.bellunopress.it\\\/wp-content\\\/uploads\\\/2022\\\/09\\\/villa-Sergnano-Belluno_edited.jpg\",\"articleSection\":[\"Arte, Cultura, Spettacoli, Scienza\",\"Cronaca\\\/Politica\",\"Featured\",\"Prima Pagina\"],\"inLanguage\":\"fr-FR\"},{\"@type\":\"WebPage\",\"@id\":\"https:\\\/\\\/www.bellunopress.it\\\/2022\\\/09\\\/05\\\/pomeriggio-darte-ieri-a-villa-sergnano-con-artcasere\\\/\",\"url\":\"https:\\\/\\\/www.bellunopress.it\\\/2022\\\/09\\\/05\\\/pomeriggio-darte-ieri-a-villa-sergnano-con-artcasere\\\/\",\"name\":\"Pomeriggio d'arte ieri a Villa Sergnano con ArtCasere - Bellunopress - Dolomiti\",\"isPartOf\":{\"@id\":\"https:\\\/\\\/www.bellunopress.it\\\/#website\"},\"primaryImageOfPage\":{\"@id\":\"https:\\\/\\\/www.bellunopress.it\\\/2022\\\/09\\\/05\\\/pomeriggio-darte-ieri-a-villa-sergnano-con-artcasere\\\/#primaryimage\"},\"image\":{\"@id\":\"https:\\\/\\\/www.bellunopress.it\\\/2022\\\/09\\\/05\\\/pomeriggio-darte-ieri-a-villa-sergnano-con-artcasere\\\/#primaryimage\"},\"thumbnailUrl\":\"https:\\\/\\\/www.bellunopress.it\\\/wp-content\\\/uploads\\\/2022\\\/09\\\/villa-Sergnano-Belluno_edited.jpg\",\"datePublished\":\"2022-09-05T12:23:47+00:00\",\"dateModified\":\"2022-09-05T12:43:24+00:00\",\"breadcrumb\":{\"@id\":\"https:\\\/\\\/www.bellunopress.it\\\/2022\\\/09\\\/05\\\/pomeriggio-darte-ieri-a-villa-sergnano-con-artcasere\\\/#breadcrumb\"},\"inLanguage\":\"fr-FR\",\"potentialAction\":[{\"@type\":\"ReadAction\",\"target\":[\"https:\\\/\\\/www.bellunopress.it\\\/2022\\\/09\\\/05\\\/pomeriggio-darte-ieri-a-villa-sergnano-con-artcasere\\\/\"]}]},{\"@type\":\"ImageObject\",\"inLanguage\":\"fr-FR\",\"@id\":\"https:\\\/\\\/www.bellunopress.it\\\/2022\\\/09\\\/05\\\/pomeriggio-darte-ieri-a-villa-sergnano-con-artcasere\\\/#primaryimage\",\"url\":\"https:\\\/\\\/www.bellunopress.it\\\/wp-content\\\/uploads\\\/2022\\\/09\\\/villa-Sergnano-Belluno_edited.jpg\",\"contentUrl\":\"https:\\\/\\\/www.bellunopress.it\\\/wp-content\\\/uploads\\\/2022\\\/09\\\/villa-Sergnano-Belluno_edited.jpg\",\"width\":1000,\"height\":673,\"caption\":\"Villa Sergnano - Belluno\"},{\"@type\":\"BreadcrumbList\",\"@id\":\"https:\\\/\\\/www.bellunopress.it\\\/2022\\\/09\\\/05\\\/pomeriggio-darte-ieri-a-villa-sergnano-con-artcasere\\\/#breadcrumb\",\"itemListElement\":[{\"@type\":\"ListItem\",\"position\":1,\"name\":\"Home\",\"item\":\"https:\\\/\\\/www.bellunopress.it\\\/\"},{\"@type\":\"ListItem\",\"position\":2,\"name\":\"Pomeriggio d&#8217;arte ieri a Villa Sergnano con ArtCasere\"}]},{\"@type\":\"WebSite\",\"@id\":\"https:\\\/\\\/www.bellunopress.it\\\/#website\",\"url\":\"https:\\\/\\\/www.bellunopress.it\\\/\",\"name\":\"Bellunopress - Dolomiti\",\"description\":\"e-mail: redazione@bellunopress.it\",\"publisher\":{\"@id\":\"https:\\\/\\\/www.bellunopress.it\\\/#organization\"},\"potentialAction\":[{\"@type\":\"SearchAction\",\"target\":{\"@type\":\"EntryPoint\",\"urlTemplate\":\"https:\\\/\\\/www.bellunopress.it\\\/?s={search_term_string}\"},\"query-input\":{\"@type\":\"PropertyValueSpecification\",\"valueRequired\":true,\"valueName\":\"search_term_string\"}}],\"inLanguage\":\"fr-FR\"},{\"@type\":\"Organization\",\"@id\":\"https:\\\/\\\/www.bellunopress.it\\\/#organization\",\"name\":\"Bellunopress\",\"url\":\"https:\\\/\\\/www.bellunopress.it\\\/\",\"logo\":{\"@type\":\"ImageObject\",\"inLanguage\":\"fr-FR\",\"@id\":\"https:\\\/\\\/www.bellunopress.it\\\/#\\\/schema\\\/logo\\\/image\\\/\",\"url\":\"https:\\\/\\\/www.bellunopress.it\\\/wp-content\\\/uploads\\\/2011\\\/05\\\/cropped-logo-bellunopress-.jpg\",\"contentUrl\":\"https:\\\/\\\/www.bellunopress.it\\\/wp-content\\\/uploads\\\/2011\\\/05\\\/cropped-logo-bellunopress-.jpg\",\"width\":512,\"height\":512,\"caption\":\"Bellunopress\"},\"image\":{\"@id\":\"https:\\\/\\\/www.bellunopress.it\\\/#\\\/schema\\\/logo\\\/image\\\/\"},\"sameAs\":[\"https:\\\/\\\/www.facebook.com\\\/profile.php?id=100008943462799\",\"https:\\\/\\\/x.com\\\/bellunopress\",\"https:\\\/\\\/www.linkedin.com\\\/hp\\\/?dnr=JBzUWaJfMUw8vbXJJ2tVW5-I3jZKvC4wsoxE&amp;amp;amp;amp;amp;amp;trk=nav_responsive_tab_home\",\"https:\\\/\\\/www.youtube.com\\\/channel\\\/UCxL0wu1uN0_3_7hGG0306cw\"]},{\"@type\":\"Person\",\"@id\":\"https:\\\/\\\/www.bellunopress.it\\\/#\\\/schema\\\/person\\\/79bb06722b37ece1c03d3e94beb30d73\",\"name\":\"redazione\",\"image\":{\"@type\":\"ImageObject\",\"inLanguage\":\"fr-FR\",\"@id\":\"https:\\\/\\\/secure.gravatar.com\\\/avatar\\\/37d968a2e67a6fd04c169c4bdef102d0bc5d31b2546345219e348575eb80e9a0?s=96&d=mm&r=g\",\"url\":\"https:\\\/\\\/secure.gravatar.com\\\/avatar\\\/37d968a2e67a6fd04c169c4bdef102d0bc5d31b2546345219e348575eb80e9a0?s=96&d=mm&r=g\",\"contentUrl\":\"https:\\\/\\\/secure.gravatar.com\\\/avatar\\\/37d968a2e67a6fd04c169c4bdef102d0bc5d31b2546345219e348575eb80e9a0?s=96&d=mm&r=g\",\"caption\":\"redazione\"},\"sameAs\":[\"http:\\\/\\\/www.bellunopress.it\",\"https:\\\/\\\/x.com\\\/bellunopress\"],\"url\":\"https:\\\/\\\/www.bellunopress.it\\\/fr\\\/author\\\/redazione\\\/\"}]}<\/script>\n<!-- \/ Yoast SEO plugin. -->","yoast_head_json":{"title":"Pomeriggio d'arte ieri a Villa Sergnano con ArtCasere - Bellunopress - Dolomiti","robots":{"index":"index","follow":"follow","max-snippet":"max-snippet:-1","max-image-preview":"max-image-preview:large","max-video-preview":"max-video-preview:-1"},"canonical":"https:\/\/www.bellunopress.it\/fr\/2022\/09\/05\/pomeriggio-darte-ieri-a-villa-sergnano-con-artcasere\/","og_locale":"fr_FR","og_type":"article","og_title":"Pomeriggio d'arte ieri a Villa Sergnano con ArtCasere - Bellunopress - Dolomiti","og_description":"Belluno, 5 settembre 2022 &#8211; Pittura, scultura, poesia, musica e installazioni. La settecentesca Villa Sergnano, vicino alla chiesa di San Pietro Apostolo a Sargnano (Belluno), antica residenza della famiglia nobile dei Sergnano, \u00e8 stata ieri pomeriggio la prestigiosa cornice dell&#8217;evento ArtCasere in villa, grazie all&#8217;ospitalit\u00e0 di Mitzi e Paolo Vecchione. Ricca la partecipazione di artisti [&hellip;]","og_url":"https:\/\/www.bellunopress.it\/fr\/2022\/09\/05\/pomeriggio-darte-ieri-a-villa-sergnano-con-artcasere\/","og_site_name":"Bellunopress - Dolomiti","article_publisher":"https:\/\/www.facebook.com\/profile.php?id=100008943462799","article_published_time":"2022-09-05T12:23:47+00:00","article_modified_time":"2022-09-05T12:43:24+00:00","og_image":[{"width":1000,"height":673,"url":"https:\/\/www.bellunopress.it\/wp-content\/uploads\/2022\/09\/villa-Sergnano-Belluno_edited.jpg","type":"image\/jpeg"}],"author":"redazione","twitter_card":"summary_large_image","twitter_creator":"@bellunopress","twitter_site":"@bellunopress","twitter_misc":{"\u00c9crit par":"redazione","Dur\u00e9e de lecture estim\u00e9e":"3 minutes"},"schema":{"@context":"https:\/\/schema.org","@graph":[{"@type":"Article","@id":"https:\/\/www.bellunopress.it\/2022\/09\/05\/pomeriggio-darte-ieri-a-villa-sergnano-con-artcasere\/#article","isPartOf":{"@id":"https:\/\/www.bellunopress.it\/2022\/09\/05\/pomeriggio-darte-ieri-a-villa-sergnano-con-artcasere\/"},"author":{"name":"redazione","@id":"https:\/\/www.bellunopress.it\/#\/schema\/person\/79bb06722b37ece1c03d3e94beb30d73"},"headline":"Pomeriggio d&#8217;arte ieri a Villa Sergnano con ArtCasere","datePublished":"2022-09-05T12:23:47+00:00","dateModified":"2022-09-05T12:43:24+00:00","mainEntityOfPage":{"@id":"https:\/\/www.bellunopress.it\/2022\/09\/05\/pomeriggio-darte-ieri-a-villa-sergnano-con-artcasere\/"},"wordCount":429,"publisher":{"@id":"https:\/\/www.bellunopress.it\/#organization"},"image":{"@id":"https:\/\/www.bellunopress.it\/2022\/09\/05\/pomeriggio-darte-ieri-a-villa-sergnano-con-artcasere\/#primaryimage"},"thumbnailUrl":"https:\/\/www.bellunopress.it\/wp-content\/uploads\/2022\/09\/villa-Sergnano-Belluno_edited.jpg","articleSection":["Arte, Cultura, Spettacoli, Scienza","Cronaca\/Politica","Featured","Prima Pagina"],"inLanguage":"fr-FR"},{"@type":"WebPage","@id":"https:\/\/www.bellunopress.it\/2022\/09\/05\/pomeriggio-darte-ieri-a-villa-sergnano-con-artcasere\/","url":"https:\/\/www.bellunopress.it\/2022\/09\/05\/pomeriggio-darte-ieri-a-villa-sergnano-con-artcasere\/","name":"Pomeriggio d'arte ieri a Villa Sergnano con ArtCasere - Bellunopress - Dolomiti","isPartOf":{"@id":"https:\/\/www.bellunopress.it\/#website"},"primaryImageOfPage":{"@id":"https:\/\/www.bellunopress.it\/2022\/09\/05\/pomeriggio-darte-ieri-a-villa-sergnano-con-artcasere\/#primaryimage"},"image":{"@id":"https:\/\/www.bellunopress.it\/2022\/09\/05\/pomeriggio-darte-ieri-a-villa-sergnano-con-artcasere\/#primaryimage"},"thumbnailUrl":"https:\/\/www.bellunopress.it\/wp-content\/uploads\/2022\/09\/villa-Sergnano-Belluno_edited.jpg","datePublished":"2022-09-05T12:23:47+00:00","dateModified":"2022-09-05T12:43:24+00:00","breadcrumb":{"@id":"https:\/\/www.bellunopress.it\/2022\/09\/05\/pomeriggio-darte-ieri-a-villa-sergnano-con-artcasere\/#breadcrumb"},"inLanguage":"fr-FR","potentialAction":[{"@type":"ReadAction","target":["https:\/\/www.bellunopress.it\/2022\/09\/05\/pomeriggio-darte-ieri-a-villa-sergnano-con-artcasere\/"]}]},{"@type":"ImageObject","inLanguage":"fr-FR","@id":"https:\/\/www.bellunopress.it\/2022\/09\/05\/pomeriggio-darte-ieri-a-villa-sergnano-con-artcasere\/#primaryimage","url":"https:\/\/www.bellunopress.it\/wp-content\/uploads\/2022\/09\/villa-Sergnano-Belluno_edited.jpg","contentUrl":"https:\/\/www.bellunopress.it\/wp-content\/uploads\/2022\/09\/villa-Sergnano-Belluno_edited.jpg","width":1000,"height":673,"caption":"Villa Sergnano - Belluno"},{"@type":"BreadcrumbList","@id":"https:\/\/www.bellunopress.it\/2022\/09\/05\/pomeriggio-darte-ieri-a-villa-sergnano-con-artcasere\/#breadcrumb","itemListElement":[{"@type":"ListItem","position":1,"name":"Home","item":"https:\/\/www.bellunopress.it\/"},{"@type":"ListItem","position":2,"name":"Pomeriggio d&#8217;arte ieri a Villa Sergnano con ArtCasere"}]},{"@type":"WebSite","@id":"https:\/\/www.bellunopress.it\/#website","url":"https:\/\/www.bellunopress.it\/","name":"Bellunopress - Dolomiti","description":"e-mail: redazione@bellunopress.it","publisher":{"@id":"https:\/\/www.bellunopress.it\/#organization"},"potentialAction":[{"@type":"SearchAction","target":{"@type":"EntryPoint","urlTemplate":"https:\/\/www.bellunopress.it\/?s={search_term_string}"},"query-input":{"@type":"PropertyValueSpecification","valueRequired":true,"valueName":"search_term_string"}}],"inLanguage":"fr-FR"},{"@type":"Organization","@id":"https:\/\/www.bellunopress.it\/#organization","name":"Bellunopress","url":"https:\/\/www.bellunopress.it\/","logo":{"@type":"ImageObject","inLanguage":"fr-FR","@id":"https:\/\/www.bellunopress.it\/#\/schema\/logo\/image\/","url":"https:\/\/www.bellunopress.it\/wp-content\/uploads\/2011\/05\/cropped-logo-bellunopress-.jpg","contentUrl":"https:\/\/www.bellunopress.it\/wp-content\/uploads\/2011\/05\/cropped-logo-bellunopress-.jpg","width":512,"height":512,"caption":"Bellunopress"},"image":{"@id":"https:\/\/www.bellunopress.it\/#\/schema\/logo\/image\/"},"sameAs":["https:\/\/www.facebook.com\/profile.php?id=100008943462799","https:\/\/x.com\/bellunopress","https:\/\/www.linkedin.com\/hp\/?dnr=JBzUWaJfMUw8vbXJJ2tVW5-I3jZKvC4wsoxE&amp;amp;amp;amp;amp;amp;trk=nav_responsive_tab_home","https:\/\/www.youtube.com\/channel\/UCxL0wu1uN0_3_7hGG0306cw"]},{"@type":"Person","@id":"https:\/\/www.bellunopress.it\/#\/schema\/person\/79bb06722b37ece1c03d3e94beb30d73","name":"r\u00e9daction","image":{"@type":"ImageObject","inLanguage":"fr-FR","@id":"https:\/\/secure.gravatar.com\/avatar\/37d968a2e67a6fd04c169c4bdef102d0bc5d31b2546345219e348575eb80e9a0?s=96&d=mm&r=g","url":"https:\/\/secure.gravatar.com\/avatar\/37d968a2e67a6fd04c169c4bdef102d0bc5d31b2546345219e348575eb80e9a0?s=96&d=mm&r=g","contentUrl":"https:\/\/secure.gravatar.com\/avatar\/37d968a2e67a6fd04c169c4bdef102d0bc5d31b2546345219e348575eb80e9a0?s=96&d=mm&r=g","caption":"redazione"},"sameAs":["http:\/\/www.bellunopress.it","https:\/\/x.com\/bellunopress"],"url":"https:\/\/www.bellunopress.it\/fr\/author\/redazione\/"}]}},"_links":{"self":[{"href":"https:\/\/www.bellunopress.it\/fr\/wp-json\/wp\/v2\/posts\/136238","targetHints":{"allow":["GET"]}}],"collection":[{"href":"https:\/\/www.bellunopress.it\/fr\/wp-json\/wp\/v2\/posts"}],"about":[{"href":"https:\/\/www.bellunopress.it\/fr\/wp-json\/wp\/v2\/types\/post"}],"author":[{"embeddable":true,"href":"https:\/\/www.bellunopress.it\/fr\/wp-json\/wp\/v2\/users\/2"}],"replies":[{"embeddable":true,"href":"https:\/\/www.bellunopress.it\/fr\/wp-json\/wp\/v2\/comments?post=136238"}],"version-history":[{"count":3,"href":"https:\/\/www.bellunopress.it\/fr\/wp-json\/wp\/v2\/posts\/136238\/revisions"}],"predecessor-version":[{"id":136244,"href":"https:\/\/www.bellunopress.it\/fr\/wp-json\/wp\/v2\/posts\/136238\/revisions\/136244"}],"wp:featuredmedia":[{"embeddable":true,"href":"https:\/\/www.bellunopress.it\/fr\/wp-json\/wp\/v2\/media\/136239"}],"wp:attachment":[{"href":"https:\/\/www.bellunopress.it\/fr\/wp-json\/wp\/v2\/media?parent=136238"}],"wp:term":[{"taxonomy":"category","embeddable":true,"href":"https:\/\/www.bellunopress.it\/fr\/wp-json\/wp\/v2\/categories?post=136238"},{"taxonomy":"post_tag","embeddable":true,"href":"https:\/\/www.bellunopress.it\/fr\/wp-json\/wp\/v2\/tags?post=136238"}],"curies":[{"name":"wp","href":"https:\/\/api.w.org\/{rel}","templated":true}]}}