{"id":136226,"date":"2022-09-05T10:54:53","date_gmt":"2022-09-05T08:54:53","guid":{"rendered":"https:\/\/www.bellunopress.it\/?p=136226"},"modified":"2022-09-05T10:54:53","modified_gmt":"2022-09-05T08:54:53","slug":"maestro-artigiano-ecco-il-bando-regionale-domande-dal-22-settembre-al-20-ottobre","status":"publish","type":"post","link":"https:\/\/www.bellunopress.it\/fr\/2022\/09\/05\/maestro-artigiano-ecco-il-bando-regionale-domande-dal-22-settembre-al-20-ottobre\/","title":{"rendered":"Maestro artigiano. Ecco il bando regionale. Domande dal 22 settembre al 20 ottobre"},"content":{"rendered":"<figure id=\"attachment_128063\" aria-describedby=\"caption-attachment-128063\" style=\"width: 685px\" class=\"wp-caption alignleft\"><img loading=\"lazy\" decoding=\"async\" class=\"size-full wp-image-128063\" src=\"https:\/\/www.bellunopress.it\/wp-content\/uploads\/2021\/09\/Moreno-De-Col-Presidente-CNA-Veneto-25_09_021_edited.jpg\" alt=\"\" width=\"685\" height=\"800\" srcset=\"https:\/\/www.bellunopress.it\/wp-content\/uploads\/2021\/09\/Moreno-De-Col-Presidente-CNA-Veneto-25_09_021_edited.jpg 685w, https:\/\/www.bellunopress.it\/wp-content\/uploads\/2021\/09\/Moreno-De-Col-Presidente-CNA-Veneto-25_09_021_edited-428x500.jpg 428w, https:\/\/www.bellunopress.it\/wp-content\/uploads\/2021\/09\/Moreno-De-Col-Presidente-CNA-Veneto-25_09_021_edited-360x420.jpg 360w\" sizes=\"auto, (max-width: 685px) 100vw, 685px\" \/><figcaption id=\"caption-attachment-128063\" class=\"wp-caption-text\">Moreno De Col presidente CNA Veneto<\/figcaption><\/figure>\n<p>Marghera, 5 Settembre 2022. La Regione Veneto ha annunciato oggi l&#8217;approvazione in Giunta del Bando denominato &#8220;Sostegno all&#8217;attivit\u00e0 dei Maestri Artigiani Veneti. Anno 2022&#8221;, finalizzato all&#8217;erogazione di contributi pari ad un importo complessivo di un milione e mezzo di euro, a supporto delle attivit\u00e0 dei Maestri Artigiani riconosciuti dalla Regione del Veneto.<\/p>\n<p>\u00abQuesto bando approvato oggi dalla Giunta regionale e destinato a 152 &#8216;Maestri Artigiani&#8217; qualificati rappresenta un importante riconoscimento per il nostro artigianato \u2013 commenta Moreno De Col, Presidente CNA Veneto \u2013. Come CNA sosteniamo il conseguimento della qualifica &#8216;Maestro Artigiano&#8217;, cos\u00ec da tutelare e promuovere un patrimonio di talenti e tradizioni che \u00e8 peculiare del nostro territorio, vocato appunto alla professionalit\u00e0 artigiana delle micro e piccole imprese. Un patrimonio che in questo difficile momento economico rischia di scomparire a causa degli insostenibili rincari energetici e che richiede da parte delle istituzioni ogni possibile azione di sostegno. Il contributo messo a disposizione da questo Bando \u00e8 quindi una risposta concreta a supporto delle nostre imprese, prima di tutto perch\u00e9 premia appunto 152 &#8216;Maestri Artigiani&#8217; accreditati, e poi perch\u00e9 \u00e8 una azione importante per contrastare la carenza di manodopera agevolando, inoltre, il passaggio generazionale di competenze. Una azione che valorizza il racconto di un artigianato che guarda al futuro.\u00bb<\/p>\n<figure id=\"attachment_121833\" aria-describedby=\"caption-attachment-121833\" style=\"width: 887px\" class=\"wp-caption alignleft\"><img loading=\"lazy\" decoding=\"async\" class=\"size-full wp-image-121833\" src=\"https:\/\/www.bellunopress.it\/wp-content\/uploads\/2021\/02\/Matteo-Ribon-Segretario-CNA-Veneto-_edited.jpg\" alt=\"\" width=\"887\" height=\"1000\" srcset=\"https:\/\/www.bellunopress.it\/wp-content\/uploads\/2021\/02\/Matteo-Ribon-Segretario-CNA-Veneto-_edited.jpg 887w, https:\/\/www.bellunopress.it\/wp-content\/uploads\/2021\/02\/Matteo-Ribon-Segretario-CNA-Veneto-_edited-444x500.jpg 444w, https:\/\/www.bellunopress.it\/wp-content\/uploads\/2021\/02\/Matteo-Ribon-Segretario-CNA-Veneto-_edited-696x785.jpg 696w, https:\/\/www.bellunopress.it\/wp-content\/uploads\/2021\/02\/Matteo-Ribon-Segretario-CNA-Veneto-_edited-373x420.jpg 373w\" sizes=\"auto, (max-width: 887px) 100vw, 887px\" \/><figcaption id=\"caption-attachment-121833\" class=\"wp-caption-text\">Matteo Ribon. segretario Cna Veneto<\/figcaption><\/figure>\n<p>\u00abQuesto bando premia chi appunto abbia compiuto il percorso per conseguire questa importante qualifica \u2013 aggiunge Matteo Ribon, Segretario CNA Veneto \u2013. Come Confederazione ci impegniamo a sostenere chi, gi\u00e0 in possesso della qualifica di &#8216;Maestro Artigiano&#8217;, desideri presentare la domanda per accedere al contributo, sino al 75% dell&#8217;investimento ritenuto ammissibile, messo a disposizione della Regione a sostegno della attivit\u00e0 artigianale \u2013 dall&#8217;acquisto di macchinari, mezzi d&#8217;opera, hardware e software, alla creazione di portali web ed e-commerce, all&#8217;acquisto mezzi, alle opere di adeguamento dei laboratori e delle sedi delle imprese, alla transizione ecologica \u2013-, ma soprattutto ci mettiamo a disposizione di quanti decidano di intraprendere questo percorso per diventare &#8216;Maestro Artigiano&#8217; che offre reali opportunit\u00e0 a sostegno delle nostre imprese. Va senz&#8217;altro sottolineato come questo contributo possa inoltre consentire di adeguare i locali delle botteghe artigiane per poter accogliere tirocinanti ed incrementare il personale dipendente, nel rispetto delle tutte le recenti normative.\u00bb<\/p>\n<p>Le domande potranno essere presentate dalle ore 10.00 di gioved\u00ec 22 settembre 2022, fino alle ore 16.00 di gioved\u00ec 20 ottobre 2022. Tutte le informazioni saranno disponibili nella sezione bandi del sito della Regione del Veneto.<\/p>\n<p>&nbsp;<\/p>","protected":false},"excerpt":{"rendered":"<p>Marghera, 5 Settembre 2022. La Regione Veneto ha annunciato oggi l&#8217;approvazione in Giunta del Bando denominato &#8220;Sostegno all&#8217;attivit\u00e0 dei Maestri Artigiani Veneti. Anno 2022&#8221;, finalizzato all&#8217;erogazione di contributi pari ad un importo complessivo di un milione e mezzo di euro, a supporto delle attivit\u00e0 dei Maestri Artigiani riconosciuti dalla Regione del Veneto. \u00abQuesto bando approvato [&hellip;]<\/p>\n","protected":false},"author":2,"featured_media":128063,"comment_status":"closed","ping_status":"open","sticky":false,"template":"","format":"standard","meta":{"footnotes":""},"categories":[36],"tags":[],"class_list":["post-136226","post","type-post","status-publish","format-standard","has-post-thumbnail","category-lavoro-economia"],"yoast_head":"<!-- This site is optimized with the Yoast SEO plugin v28.4 - https:\/\/yoast.com\/product\/yoast-seo-wordpress\/ -->\n<title>Maestro artigiano. Ecco il bando regionale. Domande dal 22 settembre al 20 ottobre - Bellunopress - Dolomiti<\/title>\n<meta name=\"robots\" content=\"index, follow, max-snippet:-1, max-image-preview:large, max-video-preview:-1\" \/>\n<link rel=\"canonical\" href=\"https:\/\/www.bellunopress.it\/fr\/2022\/09\/05\/maestro-artigiano-ecco-il-bando-regionale-domande-dal-22-settembre-al-20-ottobre\/\" \/>\n<meta property=\"og:locale\" content=\"fr_FR\" \/>\n<meta property=\"og:type\" content=\"article\" \/>\n<meta property=\"og:title\" content=\"Maestro artigiano. Ecco il bando regionale. Domande dal 22 settembre al 20 ottobre - Bellunopress - Dolomiti\" \/>\n<meta property=\"og:description\" content=\"Marghera, 5 Settembre 2022. La Regione Veneto ha annunciato oggi l&#8217;approvazione in Giunta del Bando denominato &#8220;Sostegno all&#8217;attivit\u00e0 dei Maestri Artigiani Veneti. Anno 2022&#8221;, finalizzato all&#8217;erogazione di contributi pari ad un importo complessivo di un milione e mezzo di euro, a supporto delle attivit\u00e0 dei Maestri Artigiani riconosciuti dalla Regione del Veneto. \u00abQuesto bando approvato [&hellip;]\" \/>\n<meta property=\"og:url\" content=\"https:\/\/www.bellunopress.it\/fr\/2022\/09\/05\/maestro-artigiano-ecco-il-bando-regionale-domande-dal-22-settembre-al-20-ottobre\/\" \/>\n<meta property=\"og:site_name\" content=\"Bellunopress - Dolomiti\" \/>\n<meta property=\"article:publisher\" content=\"https:\/\/www.facebook.com\/profile.php?id=100008943462799\" \/>\n<meta property=\"article:published_time\" content=\"2022-09-05T08:54:53+00:00\" \/>\n<meta property=\"og:image\" content=\"https:\/\/www.bellunopress.it\/wp-content\/uploads\/2021\/09\/Moreno-De-Col-Presidente-CNA-Veneto-25_09_021_edited.jpg\" \/>\n\t<meta property=\"og:image:width\" content=\"685\" \/>\n\t<meta property=\"og:image:height\" content=\"800\" \/>\n\t<meta property=\"og:image:type\" content=\"image\/jpeg\" \/>\n<meta name=\"author\" content=\"redazione\" \/>\n<meta name=\"twitter:card\" content=\"summary_large_image\" \/>\n<meta name=\"twitter:creator\" content=\"@bellunopress\" \/>\n<meta name=\"twitter:site\" content=\"@bellunopress\" \/>\n<meta name=\"twitter:label1\" content=\"\u00c9crit par\" \/>\n\t<meta name=\"twitter:data1\" content=\"redazione\" \/>\n\t<meta name=\"twitter:label2\" content=\"Dur\u00e9e de lecture estim\u00e9e\" \/>\n\t<meta name=\"twitter:data2\" content=\"3 minutes\" \/>\n<script type=\"application\/ld+json\" class=\"yoast-schema-graph\">{\"@context\":\"https:\\\/\\\/schema.org\",\"@graph\":[{\"@type\":\"Article\",\"@id\":\"https:\\\/\\\/www.bellunopress.it\\\/2022\\\/09\\\/05\\\/maestro-artigiano-ecco-il-bando-regionale-domande-dal-22-settembre-al-20-ottobre\\\/#article\",\"isPartOf\":{\"@id\":\"https:\\\/\\\/www.bellunopress.it\\\/2022\\\/09\\\/05\\\/maestro-artigiano-ecco-il-bando-regionale-domande-dal-22-settembre-al-20-ottobre\\\/\"},\"author\":{\"name\":\"redazione\",\"@id\":\"https:\\\/\\\/www.bellunopress.it\\\/#\\\/schema\\\/person\\\/79bb06722b37ece1c03d3e94beb30d73\"},\"headline\":\"Maestro artigiano. Ecco il bando regionale. Domande dal 22 settembre al 20 ottobre\",\"datePublished\":\"2022-09-05T08:54:53+00:00\",\"mainEntityOfPage\":{\"@id\":\"https:\\\/\\\/www.bellunopress.it\\\/2022\\\/09\\\/05\\\/maestro-artigiano-ecco-il-bando-regionale-domande-dal-22-settembre-al-20-ottobre\\\/\"},\"wordCount\":422,\"publisher\":{\"@id\":\"https:\\\/\\\/www.bellunopress.it\\\/#organization\"},\"image\":{\"@id\":\"https:\\\/\\\/www.bellunopress.it\\\/2022\\\/09\\\/05\\\/maestro-artigiano-ecco-il-bando-regionale-domande-dal-22-settembre-al-20-ottobre\\\/#primaryimage\"},\"thumbnailUrl\":\"https:\\\/\\\/www.bellunopress.it\\\/wp-content\\\/uploads\\\/2021\\\/09\\\/Moreno-De-Col-Presidente-CNA-Veneto-25_09_021_edited.jpg\",\"articleSection\":[\"Lavoro, Economia, Turismo\"],\"inLanguage\":\"fr-FR\"},{\"@type\":\"WebPage\",\"@id\":\"https:\\\/\\\/www.bellunopress.it\\\/2022\\\/09\\\/05\\\/maestro-artigiano-ecco-il-bando-regionale-domande-dal-22-settembre-al-20-ottobre\\\/\",\"url\":\"https:\\\/\\\/www.bellunopress.it\\\/2022\\\/09\\\/05\\\/maestro-artigiano-ecco-il-bando-regionale-domande-dal-22-settembre-al-20-ottobre\\\/\",\"name\":\"Maestro artigiano. Ecco il bando regionale. Domande dal 22 settembre al 20 ottobre - Bellunopress - Dolomiti\",\"isPartOf\":{\"@id\":\"https:\\\/\\\/www.bellunopress.it\\\/#website\"},\"primaryImageOfPage\":{\"@id\":\"https:\\\/\\\/www.bellunopress.it\\\/2022\\\/09\\\/05\\\/maestro-artigiano-ecco-il-bando-regionale-domande-dal-22-settembre-al-20-ottobre\\\/#primaryimage\"},\"image\":{\"@id\":\"https:\\\/\\\/www.bellunopress.it\\\/2022\\\/09\\\/05\\\/maestro-artigiano-ecco-il-bando-regionale-domande-dal-22-settembre-al-20-ottobre\\\/#primaryimage\"},\"thumbnailUrl\":\"https:\\\/\\\/www.bellunopress.it\\\/wp-content\\\/uploads\\\/2021\\\/09\\\/Moreno-De-Col-Presidente-CNA-Veneto-25_09_021_edited.jpg\",\"datePublished\":\"2022-09-05T08:54:53+00:00\",\"breadcrumb\":{\"@id\":\"https:\\\/\\\/www.bellunopress.it\\\/2022\\\/09\\\/05\\\/maestro-artigiano-ecco-il-bando-regionale-domande-dal-22-settembre-al-20-ottobre\\\/#breadcrumb\"},\"inLanguage\":\"fr-FR\",\"potentialAction\":[{\"@type\":\"ReadAction\",\"target\":[\"https:\\\/\\\/www.bellunopress.it\\\/2022\\\/09\\\/05\\\/maestro-artigiano-ecco-il-bando-regionale-domande-dal-22-settembre-al-20-ottobre\\\/\"]}]},{\"@type\":\"ImageObject\",\"inLanguage\":\"fr-FR\",\"@id\":\"https:\\\/\\\/www.bellunopress.it\\\/2022\\\/09\\\/05\\\/maestro-artigiano-ecco-il-bando-regionale-domande-dal-22-settembre-al-20-ottobre\\\/#primaryimage\",\"url\":\"https:\\\/\\\/www.bellunopress.it\\\/wp-content\\\/uploads\\\/2021\\\/09\\\/Moreno-De-Col-Presidente-CNA-Veneto-25_09_021_edited.jpg\",\"contentUrl\":\"https:\\\/\\\/www.bellunopress.it\\\/wp-content\\\/uploads\\\/2021\\\/09\\\/Moreno-De-Col-Presidente-CNA-Veneto-25_09_021_edited.jpg\",\"width\":685,\"height\":800,\"caption\":\"Moreno De Col presidente CNA Veneto\"},{\"@type\":\"BreadcrumbList\",\"@id\":\"https:\\\/\\\/www.bellunopress.it\\\/2022\\\/09\\\/05\\\/maestro-artigiano-ecco-il-bando-regionale-domande-dal-22-settembre-al-20-ottobre\\\/#breadcrumb\",\"itemListElement\":[{\"@type\":\"ListItem\",\"position\":1,\"name\":\"Home\",\"item\":\"https:\\\/\\\/www.bellunopress.it\\\/\"},{\"@type\":\"ListItem\",\"position\":2,\"name\":\"Maestro artigiano. Ecco il bando regionale. Domande dal 22 settembre al 20 ottobre\"}]},{\"@type\":\"WebSite\",\"@id\":\"https:\\\/\\\/www.bellunopress.it\\\/#website\",\"url\":\"https:\\\/\\\/www.bellunopress.it\\\/\",\"name\":\"Bellunopress - Dolomiti\",\"description\":\"e-mail: redazione@bellunopress.it\",\"publisher\":{\"@id\":\"https:\\\/\\\/www.bellunopress.it\\\/#organization\"},\"potentialAction\":[{\"@type\":\"SearchAction\",\"target\":{\"@type\":\"EntryPoint\",\"urlTemplate\":\"https:\\\/\\\/www.bellunopress.it\\\/?s={search_term_string}\"},\"query-input\":{\"@type\":\"PropertyValueSpecification\",\"valueRequired\":true,\"valueName\":\"search_term_string\"}}],\"inLanguage\":\"fr-FR\"},{\"@type\":\"Organization\",\"@id\":\"https:\\\/\\\/www.bellunopress.it\\\/#organization\",\"name\":\"Bellunopress\",\"url\":\"https:\\\/\\\/www.bellunopress.it\\\/\",\"logo\":{\"@type\":\"ImageObject\",\"inLanguage\":\"fr-FR\",\"@id\":\"https:\\\/\\\/www.bellunopress.it\\\/#\\\/schema\\\/logo\\\/image\\\/\",\"url\":\"https:\\\/\\\/www.bellunopress.it\\\/wp-content\\\/uploads\\\/2011\\\/05\\\/cropped-logo-bellunopress-.jpg\",\"contentUrl\":\"https:\\\/\\\/www.bellunopress.it\\\/wp-content\\\/uploads\\\/2011\\\/05\\\/cropped-logo-bellunopress-.jpg\",\"width\":512,\"height\":512,\"caption\":\"Bellunopress\"},\"image\":{\"@id\":\"https:\\\/\\\/www.bellunopress.it\\\/#\\\/schema\\\/logo\\\/image\\\/\"},\"sameAs\":[\"https:\\\/\\\/www.facebook.com\\\/profile.php?id=100008943462799\",\"https:\\\/\\\/x.com\\\/bellunopress\",\"https:\\\/\\\/www.linkedin.com\\\/hp\\\/?dnr=JBzUWaJfMUw8vbXJJ2tVW5-I3jZKvC4wsoxE&amp;amp;amp;amp;amp;amp;trk=nav_responsive_tab_home\",\"https:\\\/\\\/www.youtube.com\\\/channel\\\/UCxL0wu1uN0_3_7hGG0306cw\"]},{\"@type\":\"Person\",\"@id\":\"https:\\\/\\\/www.bellunopress.it\\\/#\\\/schema\\\/person\\\/79bb06722b37ece1c03d3e94beb30d73\",\"name\":\"redazione\",\"image\":{\"@type\":\"ImageObject\",\"inLanguage\":\"fr-FR\",\"@id\":\"https:\\\/\\\/secure.gravatar.com\\\/avatar\\\/37d968a2e67a6fd04c169c4bdef102d0bc5d31b2546345219e348575eb80e9a0?s=96&d=mm&r=g\",\"url\":\"https:\\\/\\\/secure.gravatar.com\\\/avatar\\\/37d968a2e67a6fd04c169c4bdef102d0bc5d31b2546345219e348575eb80e9a0?s=96&d=mm&r=g\",\"contentUrl\":\"https:\\\/\\\/secure.gravatar.com\\\/avatar\\\/37d968a2e67a6fd04c169c4bdef102d0bc5d31b2546345219e348575eb80e9a0?s=96&d=mm&r=g\",\"caption\":\"redazione\"},\"sameAs\":[\"http:\\\/\\\/www.bellunopress.it\",\"https:\\\/\\\/x.com\\\/bellunopress\"],\"url\":\"https:\\\/\\\/www.bellunopress.it\\\/fr\\\/author\\\/redazione\\\/\"}]}<\/script>\n<!-- \/ Yoast SEO plugin. -->","yoast_head_json":{"title":"Maestro artigiano. Ecco il bando regionale. Domande dal 22 settembre al 20 ottobre - Bellunopress - Dolomiti","robots":{"index":"index","follow":"follow","max-snippet":"max-snippet:-1","max-image-preview":"max-image-preview:large","max-video-preview":"max-video-preview:-1"},"canonical":"https:\/\/www.bellunopress.it\/fr\/2022\/09\/05\/maestro-artigiano-ecco-il-bando-regionale-domande-dal-22-settembre-al-20-ottobre\/","og_locale":"fr_FR","og_type":"article","og_title":"Maestro artigiano. Ecco il bando regionale. Domande dal 22 settembre al 20 ottobre - Bellunopress - Dolomiti","og_description":"Marghera, 5 Settembre 2022. La Regione Veneto ha annunciato oggi l&#8217;approvazione in Giunta del Bando denominato &#8220;Sostegno all&#8217;attivit\u00e0 dei Maestri Artigiani Veneti. Anno 2022&#8221;, finalizzato all&#8217;erogazione di contributi pari ad un importo complessivo di un milione e mezzo di euro, a supporto delle attivit\u00e0 dei Maestri Artigiani riconosciuti dalla Regione del Veneto. \u00abQuesto bando approvato [&hellip;]","og_url":"https:\/\/www.bellunopress.it\/fr\/2022\/09\/05\/maestro-artigiano-ecco-il-bando-regionale-domande-dal-22-settembre-al-20-ottobre\/","og_site_name":"Bellunopress - Dolomiti","article_publisher":"https:\/\/www.facebook.com\/profile.php?id=100008943462799","article_published_time":"2022-09-05T08:54:53+00:00","og_image":[{"width":685,"height":800,"url":"https:\/\/www.bellunopress.it\/wp-content\/uploads\/2021\/09\/Moreno-De-Col-Presidente-CNA-Veneto-25_09_021_edited.jpg","type":"image\/jpeg"}],"author":"redazione","twitter_card":"summary_large_image","twitter_creator":"@bellunopress","twitter_site":"@bellunopress","twitter_misc":{"\u00c9crit par":"redazione","Dur\u00e9e de lecture estim\u00e9e":"3 minutes"},"schema":{"@context":"https:\/\/schema.org","@graph":[{"@type":"Article","@id":"https:\/\/www.bellunopress.it\/2022\/09\/05\/maestro-artigiano-ecco-il-bando-regionale-domande-dal-22-settembre-al-20-ottobre\/#article","isPartOf":{"@id":"https:\/\/www.bellunopress.it\/2022\/09\/05\/maestro-artigiano-ecco-il-bando-regionale-domande-dal-22-settembre-al-20-ottobre\/"},"author":{"name":"redazione","@id":"https:\/\/www.bellunopress.it\/#\/schema\/person\/79bb06722b37ece1c03d3e94beb30d73"},"headline":"Maestro artigiano. Ecco il bando regionale. Domande dal 22 settembre al 20 ottobre","datePublished":"2022-09-05T08:54:53+00:00","mainEntityOfPage":{"@id":"https:\/\/www.bellunopress.it\/2022\/09\/05\/maestro-artigiano-ecco-il-bando-regionale-domande-dal-22-settembre-al-20-ottobre\/"},"wordCount":422,"publisher":{"@id":"https:\/\/www.bellunopress.it\/#organization"},"image":{"@id":"https:\/\/www.bellunopress.it\/2022\/09\/05\/maestro-artigiano-ecco-il-bando-regionale-domande-dal-22-settembre-al-20-ottobre\/#primaryimage"},"thumbnailUrl":"https:\/\/www.bellunopress.it\/wp-content\/uploads\/2021\/09\/Moreno-De-Col-Presidente-CNA-Veneto-25_09_021_edited.jpg","articleSection":["Lavoro, Economia, Turismo"],"inLanguage":"fr-FR"},{"@type":"WebPage","@id":"https:\/\/www.bellunopress.it\/2022\/09\/05\/maestro-artigiano-ecco-il-bando-regionale-domande-dal-22-settembre-al-20-ottobre\/","url":"https:\/\/www.bellunopress.it\/2022\/09\/05\/maestro-artigiano-ecco-il-bando-regionale-domande-dal-22-settembre-al-20-ottobre\/","name":"Maestro artigiano. Ecco il bando regionale. Domande dal 22 settembre al 20 ottobre - Bellunopress - Dolomiti","isPartOf":{"@id":"https:\/\/www.bellunopress.it\/#website"},"primaryImageOfPage":{"@id":"https:\/\/www.bellunopress.it\/2022\/09\/05\/maestro-artigiano-ecco-il-bando-regionale-domande-dal-22-settembre-al-20-ottobre\/#primaryimage"},"image":{"@id":"https:\/\/www.bellunopress.it\/2022\/09\/05\/maestro-artigiano-ecco-il-bando-regionale-domande-dal-22-settembre-al-20-ottobre\/#primaryimage"},"thumbnailUrl":"https:\/\/www.bellunopress.it\/wp-content\/uploads\/2021\/09\/Moreno-De-Col-Presidente-CNA-Veneto-25_09_021_edited.jpg","datePublished":"2022-09-05T08:54:53+00:00","breadcrumb":{"@id":"https:\/\/www.bellunopress.it\/2022\/09\/05\/maestro-artigiano-ecco-il-bando-regionale-domande-dal-22-settembre-al-20-ottobre\/#breadcrumb"},"inLanguage":"fr-FR","potentialAction":[{"@type":"ReadAction","target":["https:\/\/www.bellunopress.it\/2022\/09\/05\/maestro-artigiano-ecco-il-bando-regionale-domande-dal-22-settembre-al-20-ottobre\/"]}]},{"@type":"ImageObject","inLanguage":"fr-FR","@id":"https:\/\/www.bellunopress.it\/2022\/09\/05\/maestro-artigiano-ecco-il-bando-regionale-domande-dal-22-settembre-al-20-ottobre\/#primaryimage","url":"https:\/\/www.bellunopress.it\/wp-content\/uploads\/2021\/09\/Moreno-De-Col-Presidente-CNA-Veneto-25_09_021_edited.jpg","contentUrl":"https:\/\/www.bellunopress.it\/wp-content\/uploads\/2021\/09\/Moreno-De-Col-Presidente-CNA-Veneto-25_09_021_edited.jpg","width":685,"height":800,"caption":"Moreno De Col presidente CNA Veneto"},{"@type":"BreadcrumbList","@id":"https:\/\/www.bellunopress.it\/2022\/09\/05\/maestro-artigiano-ecco-il-bando-regionale-domande-dal-22-settembre-al-20-ottobre\/#breadcrumb","itemListElement":[{"@type":"ListItem","position":1,"name":"Home","item":"https:\/\/www.bellunopress.it\/"},{"@type":"ListItem","position":2,"name":"Maestro artigiano. Ecco il bando regionale. Domande dal 22 settembre al 20 ottobre"}]},{"@type":"WebSite","@id":"https:\/\/www.bellunopress.it\/#website","url":"https:\/\/www.bellunopress.it\/","name":"Bellunopress - Dolomiti","description":"e-mail: redazione@bellunopress.it","publisher":{"@id":"https:\/\/www.bellunopress.it\/#organization"},"potentialAction":[{"@type":"SearchAction","target":{"@type":"EntryPoint","urlTemplate":"https:\/\/www.bellunopress.it\/?s={search_term_string}"},"query-input":{"@type":"PropertyValueSpecification","valueRequired":true,"valueName":"search_term_string"}}],"inLanguage":"fr-FR"},{"@type":"Organization","@id":"https:\/\/www.bellunopress.it\/#organization","name":"Bellunopress","url":"https:\/\/www.bellunopress.it\/","logo":{"@type":"ImageObject","inLanguage":"fr-FR","@id":"https:\/\/www.bellunopress.it\/#\/schema\/logo\/image\/","url":"https:\/\/www.bellunopress.it\/wp-content\/uploads\/2011\/05\/cropped-logo-bellunopress-.jpg","contentUrl":"https:\/\/www.bellunopress.it\/wp-content\/uploads\/2011\/05\/cropped-logo-bellunopress-.jpg","width":512,"height":512,"caption":"Bellunopress"},"image":{"@id":"https:\/\/www.bellunopress.it\/#\/schema\/logo\/image\/"},"sameAs":["https:\/\/www.facebook.com\/profile.php?id=100008943462799","https:\/\/x.com\/bellunopress","https:\/\/www.linkedin.com\/hp\/?dnr=JBzUWaJfMUw8vbXJJ2tVW5-I3jZKvC4wsoxE&amp;amp;amp;amp;amp;amp;trk=nav_responsive_tab_home","https:\/\/www.youtube.com\/channel\/UCxL0wu1uN0_3_7hGG0306cw"]},{"@type":"Person","@id":"https:\/\/www.bellunopress.it\/#\/schema\/person\/79bb06722b37ece1c03d3e94beb30d73","name":"r\u00e9daction","image":{"@type":"ImageObject","inLanguage":"fr-FR","@id":"https:\/\/secure.gravatar.com\/avatar\/37d968a2e67a6fd04c169c4bdef102d0bc5d31b2546345219e348575eb80e9a0?s=96&d=mm&r=g","url":"https:\/\/secure.gravatar.com\/avatar\/37d968a2e67a6fd04c169c4bdef102d0bc5d31b2546345219e348575eb80e9a0?s=96&d=mm&r=g","contentUrl":"https:\/\/secure.gravatar.com\/avatar\/37d968a2e67a6fd04c169c4bdef102d0bc5d31b2546345219e348575eb80e9a0?s=96&d=mm&r=g","caption":"redazione"},"sameAs":["http:\/\/www.bellunopress.it","https:\/\/x.com\/bellunopress"],"url":"https:\/\/www.bellunopress.it\/fr\/author\/redazione\/"}]}},"_links":{"self":[{"href":"https:\/\/www.bellunopress.it\/fr\/wp-json\/wp\/v2\/posts\/136226","targetHints":{"allow":["GET"]}}],"collection":[{"href":"https:\/\/www.bellunopress.it\/fr\/wp-json\/wp\/v2\/posts"}],"about":[{"href":"https:\/\/www.bellunopress.it\/fr\/wp-json\/wp\/v2\/types\/post"}],"author":[{"embeddable":true,"href":"https:\/\/www.bellunopress.it\/fr\/wp-json\/wp\/v2\/users\/2"}],"replies":[{"embeddable":true,"href":"https:\/\/www.bellunopress.it\/fr\/wp-json\/wp\/v2\/comments?post=136226"}],"version-history":[{"count":1,"href":"https:\/\/www.bellunopress.it\/fr\/wp-json\/wp\/v2\/posts\/136226\/revisions"}],"predecessor-version":[{"id":136227,"href":"https:\/\/www.bellunopress.it\/fr\/wp-json\/wp\/v2\/posts\/136226\/revisions\/136227"}],"wp:featuredmedia":[{"embeddable":true,"href":"https:\/\/www.bellunopress.it\/fr\/wp-json\/wp\/v2\/media\/128063"}],"wp:attachment":[{"href":"https:\/\/www.bellunopress.it\/fr\/wp-json\/wp\/v2\/media?parent=136226"}],"wp:term":[{"taxonomy":"category","embeddable":true,"href":"https:\/\/www.bellunopress.it\/fr\/wp-json\/wp\/v2\/categories?post=136226"},{"taxonomy":"post_tag","embeddable":true,"href":"https:\/\/www.bellunopress.it\/fr\/wp-json\/wp\/v2\/tags?post=136226"}],"curies":[{"name":"wp","href":"https:\/\/api.w.org\/{rel}","templated":true}]}}