{"id":136214,"date":"2022-09-04T14:13:22","date_gmt":"2022-09-04T12:13:22","guid":{"rendered":"https:\/\/www.bellunopress.it\/?p=136214"},"modified":"2022-09-04T14:13:22","modified_gmt":"2022-09-04T12:13:22","slug":"oggi-a-roma-la-beatificazione-di-papa-luciani","status":"publish","type":"post","link":"https:\/\/www.bellunopress.it\/fr\/2022\/09\/04\/oggi-a-roma-la-beatificazione-di-papa-luciani\/","title":{"rendered":"Oggi a Roma la beatificazione di Papa Luciani"},"content":{"rendered":"<figure id=\"attachment_111249\" aria-describedby=\"caption-attachment-111249\" style=\"width: 200px\" class=\"wp-caption alignleft\"><img loading=\"lazy\" decoding=\"async\" class=\"size-full wp-image-111249\" src=\"https:\/\/www.bellunopress.it\/wp-content\/uploads\/2020\/01\/roberto-padrin-presidente-provincia.jpg\" alt=\"\" width=\"200\" height=\"279\" \/><figcaption id=\"caption-attachment-111249\" class=\"wp-caption-text\">Roberto Padrin &#8211; Presidente della Provincia<\/figcaption><\/figure>\n<p>&#8220;E&#8217; stata una giornata che nonostante la pioggia ci ha regalato veramente tantissime emozioni. Soprattutto perch\u00e9 di fronte al Santo padre \u00e8 stata ricordata in maniera indelebile figura di Papa Luciani, entrata nel cuore di tutti non solo nei bellunesi, nei veneti ma penso di tutte le persone del mondo, perch\u00e9 \u00e8 il papa del sorriso&#8221;.<\/p>\n<p>Lo ha detto il presidente della Provincia Roberto Padrin oggi a Roma per la cerimonia di beatificazione di Albino Luciani, il papa del sorriso.<\/p>\n<p>&#8220;Oggi il papa ha parlato del sorriso dell&#8217;anima &#8211; prosegue Padrin &#8211; penso sia proprio il modo migliore per ricordare e per descrivere la figura di Papa Luciani.\u00a0Oggi siamo stati qui insieme ai familiari, insieme a tantissime autorit\u00e0, insieme al mondo della chiesa che si \u00e8 riunito attorno ad una figura che rester\u00e0 per sempre nella storia e che purtroppo abbiamo perso dopo troppo poco tempo. Questo \u00e8 l&#8217;unico dispiacere, forse che noi bellunesi abbiamo. Non abbiamo potuto goderci il nostro papa per un po&#8217; pi\u00f9 di tempo, ma comunque rester\u00e0 per sempre nei nostri cuori&#8221;.<\/p>\n<figure id=\"attachment_107382\" aria-describedby=\"caption-attachment-107382\" style=\"width: 241px\" class=\"wp-caption alignleft\"><img loading=\"lazy\" decoding=\"async\" class=\"size-full wp-image-107382\" src=\"https:\/\/www.bellunopress.it\/wp-content\/uploads\/2019\/08\/Luca-Zaia.jpg\" alt=\"\" width=\"241\" height=\"300\" \/><figcaption id=\"caption-attachment-107382\" class=\"wp-caption-text\">Luca Zaia &#8211; Presidente della Regione del Veneto<\/figcaption><\/figure>\n<p>\u201cQuando \u00e8 salito il drappo scoprendo l\u2019immagine del Beato Giovanni Paolo I \u00e8 stato un momento di grande commozione: il sorriso di Papa Luciani \u00e8 riapparso dalla loggia di San Pietro, donando la stessa emozione del suo breve pontificato. Ma per i veneti ha ricordato anche l\u2019immagine mai dimenticata dell\u2019umile prete agordino, del vescovo di Vittorio Veneto e del Patriarca di Venezia\u201d.<br \/>\nQueste le prime parole del Presidente della Regione del Veneto a conclusione della cerimonia religiosa a San Pietro in Vaticano, durante la quale Papa Francesco ha proclamato la beatificazione del pontefice veneto, bellunese di Canale d\u2019Agordo e salito al vertice delle diocesi vittoriese e veneziana prima di essere eletto successore di Pietro alla morte di Paolo VI nel 1978.<br \/>\nIl Governatore ha presenziato insieme ai numerosissimi pellegrini giunti da tutto il Veneto e in particolare dalle diocesi che hanno visto all\u2019opera il nuovo beato e insieme ai vescovi e diversi amministratori locali.<br \/>\n\u201cSi \u00e8 sentito vivo l\u2019affetto dei veneti per un figlio della loro terra \u2013 aggiunge il Presidente \u2013 ed \u00e8 stato molto significativo vivere il momento in cui veniva affidato alla gloria degli altari tra quel popolo a cui Luciani \u00e8 rimasto sempre legato, anche nei trentatr\u00e9 giorni che da Papa \u00e8 stato fisicamente lontano dal Veneto ma non certamente con il cuore, come ricordano ancora gli anziani sacerdoti e altri personaggi che con lui erano in contatto. Oggi possiamo dire di avere avuto la conferma che la nostra gente ha ricambiato questo sentimento e, dopo oltre quarant\u2019anni, non lo ha dimenticato\u201d.<br \/>\n\u201cRicordo ancora \u2013 conclude il Governatore &#8211; quando ero ragazzino, nel 1978, e i nostri paesi festeggiarono l\u2019elezione a Papa di un volto conosciuto, quasi familiare per essere stato negli anni precedenti il vescovo della diocesi; nessuno avrebbe immaginato la breve durata del suo papato. Oggi, insieme a tutti i veneti, ho rivissuto il clima di festa di quei giorni sentendo ancora pi\u00f9 forte l\u2019orgoglio, come presidente della Regione, di aver assistito alla beatificazione di un Papa a cui la nostra terra deve molto come modello di una vita interamente dedicata alla comunit\u00e0 fino a livelli universali ma anche come testimone della nostra storia e dei nostri valori\u201d.<\/p>\n<p>&nbsp;<\/p>","protected":false},"excerpt":{"rendered":"<p>&#8220;E&#8217; stata una giornata che nonostante la pioggia ci ha regalato veramente tantissime emozioni. Soprattutto perch\u00e9 di fronte al Santo padre \u00e8 stata ricordata in maniera indelebile figura di Papa Luciani, entrata nel cuore di tutti non solo nei bellunesi, nei veneti ma penso di tutte le persone del mondo, perch\u00e9 \u00e8 il papa del [&hellip;]<\/p>\n","protected":false},"author":2,"featured_media":132392,"comment_status":"closed","ping_status":"open","sticky":false,"template":"","format":"standard","meta":{"footnotes":""},"categories":[5,26],"tags":[],"class_list":["post-136214","post","type-post","status-publish","format-standard","has-post-thumbnail","category-cronaca","category-prima-pagina"],"yoast_head":"<!-- This site is optimized with the Yoast SEO plugin v28.4 - https:\/\/yoast.com\/product\/yoast-seo-wordpress\/ -->\n<title>Oggi a Roma la beatificazione di Papa Luciani - Bellunopress - Dolomiti<\/title>\n<meta name=\"robots\" content=\"index, follow, max-snippet:-1, max-image-preview:large, max-video-preview:-1\" \/>\n<link rel=\"canonical\" href=\"https:\/\/www.bellunopress.it\/fr\/2022\/09\/04\/oggi-a-roma-la-beatificazione-di-papa-luciani\/\" \/>\n<meta property=\"og:locale\" content=\"fr_FR\" \/>\n<meta property=\"og:type\" content=\"article\" \/>\n<meta property=\"og:title\" content=\"Oggi a Roma la beatificazione di Papa Luciani - Bellunopress - Dolomiti\" \/>\n<meta property=\"og:description\" content=\"&#8220;E&#8217; stata una giornata che nonostante la pioggia ci ha regalato veramente tantissime emozioni. Soprattutto perch\u00e9 di fronte al Santo padre \u00e8 stata ricordata in maniera indelebile figura di Papa Luciani, entrata nel cuore di tutti non solo nei bellunesi, nei veneti ma penso di tutte le persone del mondo, perch\u00e9 \u00e8 il papa del [&hellip;]\" \/>\n<meta property=\"og:url\" content=\"https:\/\/www.bellunopress.it\/fr\/2022\/09\/04\/oggi-a-roma-la-beatificazione-di-papa-luciani\/\" \/>\n<meta property=\"og:site_name\" content=\"Bellunopress - Dolomiti\" \/>\n<meta property=\"article:publisher\" content=\"https:\/\/www.facebook.com\/profile.php?id=100008943462799\" \/>\n<meta property=\"article:published_time\" content=\"2022-09-04T12:13:22+00:00\" \/>\n<meta property=\"og:image\" content=\"https:\/\/www.bellunopress.it\/wp-content\/uploads\/2022\/03\/Roberto-Padrin_edited.jpg\" \/>\n\t<meta property=\"og:image:width\" content=\"1000\" \/>\n\t<meta property=\"og:image:height\" content=\"704\" \/>\n\t<meta property=\"og:image:type\" content=\"image\/jpeg\" \/>\n<meta name=\"author\" content=\"redazione\" \/>\n<meta name=\"twitter:card\" content=\"summary_large_image\" \/>\n<meta name=\"twitter:creator\" content=\"@bellunopress\" \/>\n<meta name=\"twitter:site\" content=\"@bellunopress\" \/>\n<meta name=\"twitter:label1\" content=\"\u00c9crit par\" \/>\n\t<meta name=\"twitter:data1\" content=\"redazione\" \/>\n\t<meta name=\"twitter:label2\" content=\"Dur\u00e9e de lecture estim\u00e9e\" \/>\n\t<meta name=\"twitter:data2\" content=\"4 minutes\" \/>\n<script type=\"application\/ld+json\" class=\"yoast-schema-graph\">{\"@context\":\"https:\\\/\\\/schema.org\",\"@graph\":[{\"@type\":\"Article\",\"@id\":\"https:\\\/\\\/www.bellunopress.it\\\/2022\\\/09\\\/04\\\/oggi-a-roma-la-beatificazione-di-papa-luciani\\\/#article\",\"isPartOf\":{\"@id\":\"https:\\\/\\\/www.bellunopress.it\\\/2022\\\/09\\\/04\\\/oggi-a-roma-la-beatificazione-di-papa-luciani\\\/\"},\"author\":{\"name\":\"redazione\",\"@id\":\"https:\\\/\\\/www.bellunopress.it\\\/#\\\/schema\\\/person\\\/79bb06722b37ece1c03d3e94beb30d73\"},\"headline\":\"Oggi a Roma la beatificazione di Papa Luciani\",\"datePublished\":\"2022-09-04T12:13:22+00:00\",\"mainEntityOfPage\":{\"@id\":\"https:\\\/\\\/www.bellunopress.it\\\/2022\\\/09\\\/04\\\/oggi-a-roma-la-beatificazione-di-papa-luciani\\\/\"},\"wordCount\":573,\"publisher\":{\"@id\":\"https:\\\/\\\/www.bellunopress.it\\\/#organization\"},\"image\":{\"@id\":\"https:\\\/\\\/www.bellunopress.it\\\/2022\\\/09\\\/04\\\/oggi-a-roma-la-beatificazione-di-papa-luciani\\\/#primaryimage\"},\"thumbnailUrl\":\"https:\\\/\\\/www.bellunopress.it\\\/wp-content\\\/uploads\\\/2022\\\/03\\\/Roberto-Padrin_edited.jpg\",\"articleSection\":[\"Cronaca\\\/Politica\",\"Prima Pagina\"],\"inLanguage\":\"fr-FR\"},{\"@type\":\"WebPage\",\"@id\":\"https:\\\/\\\/www.bellunopress.it\\\/2022\\\/09\\\/04\\\/oggi-a-roma-la-beatificazione-di-papa-luciani\\\/\",\"url\":\"https:\\\/\\\/www.bellunopress.it\\\/2022\\\/09\\\/04\\\/oggi-a-roma-la-beatificazione-di-papa-luciani\\\/\",\"name\":\"Oggi a Roma la beatificazione di Papa Luciani - Bellunopress - Dolomiti\",\"isPartOf\":{\"@id\":\"https:\\\/\\\/www.bellunopress.it\\\/#website\"},\"primaryImageOfPage\":{\"@id\":\"https:\\\/\\\/www.bellunopress.it\\\/2022\\\/09\\\/04\\\/oggi-a-roma-la-beatificazione-di-papa-luciani\\\/#primaryimage\"},\"image\":{\"@id\":\"https:\\\/\\\/www.bellunopress.it\\\/2022\\\/09\\\/04\\\/oggi-a-roma-la-beatificazione-di-papa-luciani\\\/#primaryimage\"},\"thumbnailUrl\":\"https:\\\/\\\/www.bellunopress.it\\\/wp-content\\\/uploads\\\/2022\\\/03\\\/Roberto-Padrin_edited.jpg\",\"datePublished\":\"2022-09-04T12:13:22+00:00\",\"breadcrumb\":{\"@id\":\"https:\\\/\\\/www.bellunopress.it\\\/2022\\\/09\\\/04\\\/oggi-a-roma-la-beatificazione-di-papa-luciani\\\/#breadcrumb\"},\"inLanguage\":\"fr-FR\",\"potentialAction\":[{\"@type\":\"ReadAction\",\"target\":[\"https:\\\/\\\/www.bellunopress.it\\\/2022\\\/09\\\/04\\\/oggi-a-roma-la-beatificazione-di-papa-luciani\\\/\"]}]},{\"@type\":\"ImageObject\",\"inLanguage\":\"fr-FR\",\"@id\":\"https:\\\/\\\/www.bellunopress.it\\\/2022\\\/09\\\/04\\\/oggi-a-roma-la-beatificazione-di-papa-luciani\\\/#primaryimage\",\"url\":\"https:\\\/\\\/www.bellunopress.it\\\/wp-content\\\/uploads\\\/2022\\\/03\\\/Roberto-Padrin_edited.jpg\",\"contentUrl\":\"https:\\\/\\\/www.bellunopress.it\\\/wp-content\\\/uploads\\\/2022\\\/03\\\/Roberto-Padrin_edited.jpg\",\"width\":1000,\"height\":704,\"caption\":\"Roberto Padrin, presidente della Provincia\"},{\"@type\":\"BreadcrumbList\",\"@id\":\"https:\\\/\\\/www.bellunopress.it\\\/2022\\\/09\\\/04\\\/oggi-a-roma-la-beatificazione-di-papa-luciani\\\/#breadcrumb\",\"itemListElement\":[{\"@type\":\"ListItem\",\"position\":1,\"name\":\"Home\",\"item\":\"https:\\\/\\\/www.bellunopress.it\\\/\"},{\"@type\":\"ListItem\",\"position\":2,\"name\":\"Oggi a Roma la beatificazione di Papa Luciani\"}]},{\"@type\":\"WebSite\",\"@id\":\"https:\\\/\\\/www.bellunopress.it\\\/#website\",\"url\":\"https:\\\/\\\/www.bellunopress.it\\\/\",\"name\":\"Bellunopress - Dolomiti\",\"description\":\"e-mail: redazione@bellunopress.it\",\"publisher\":{\"@id\":\"https:\\\/\\\/www.bellunopress.it\\\/#organization\"},\"potentialAction\":[{\"@type\":\"SearchAction\",\"target\":{\"@type\":\"EntryPoint\",\"urlTemplate\":\"https:\\\/\\\/www.bellunopress.it\\\/?s={search_term_string}\"},\"query-input\":{\"@type\":\"PropertyValueSpecification\",\"valueRequired\":true,\"valueName\":\"search_term_string\"}}],\"inLanguage\":\"fr-FR\"},{\"@type\":\"Organization\",\"@id\":\"https:\\\/\\\/www.bellunopress.it\\\/#organization\",\"name\":\"Bellunopress\",\"url\":\"https:\\\/\\\/www.bellunopress.it\\\/\",\"logo\":{\"@type\":\"ImageObject\",\"inLanguage\":\"fr-FR\",\"@id\":\"https:\\\/\\\/www.bellunopress.it\\\/#\\\/schema\\\/logo\\\/image\\\/\",\"url\":\"https:\\\/\\\/www.bellunopress.it\\\/wp-content\\\/uploads\\\/2011\\\/05\\\/cropped-logo-bellunopress-.jpg\",\"contentUrl\":\"https:\\\/\\\/www.bellunopress.it\\\/wp-content\\\/uploads\\\/2011\\\/05\\\/cropped-logo-bellunopress-.jpg\",\"width\":512,\"height\":512,\"caption\":\"Bellunopress\"},\"image\":{\"@id\":\"https:\\\/\\\/www.bellunopress.it\\\/#\\\/schema\\\/logo\\\/image\\\/\"},\"sameAs\":[\"https:\\\/\\\/www.facebook.com\\\/profile.php?id=100008943462799\",\"https:\\\/\\\/x.com\\\/bellunopress\",\"https:\\\/\\\/www.linkedin.com\\\/hp\\\/?dnr=JBzUWaJfMUw8vbXJJ2tVW5-I3jZKvC4wsoxE&amp;amp;amp;amp;amp;amp;trk=nav_responsive_tab_home\",\"https:\\\/\\\/www.youtube.com\\\/channel\\\/UCxL0wu1uN0_3_7hGG0306cw\"]},{\"@type\":\"Person\",\"@id\":\"https:\\\/\\\/www.bellunopress.it\\\/#\\\/schema\\\/person\\\/79bb06722b37ece1c03d3e94beb30d73\",\"name\":\"redazione\",\"image\":{\"@type\":\"ImageObject\",\"inLanguage\":\"fr-FR\",\"@id\":\"https:\\\/\\\/secure.gravatar.com\\\/avatar\\\/37d968a2e67a6fd04c169c4bdef102d0bc5d31b2546345219e348575eb80e9a0?s=96&d=mm&r=g\",\"url\":\"https:\\\/\\\/secure.gravatar.com\\\/avatar\\\/37d968a2e67a6fd04c169c4bdef102d0bc5d31b2546345219e348575eb80e9a0?s=96&d=mm&r=g\",\"contentUrl\":\"https:\\\/\\\/secure.gravatar.com\\\/avatar\\\/37d968a2e67a6fd04c169c4bdef102d0bc5d31b2546345219e348575eb80e9a0?s=96&d=mm&r=g\",\"caption\":\"redazione\"},\"sameAs\":[\"http:\\\/\\\/www.bellunopress.it\",\"https:\\\/\\\/x.com\\\/bellunopress\"],\"url\":\"https:\\\/\\\/www.bellunopress.it\\\/fr\\\/author\\\/redazione\\\/\"}]}<\/script>\n<!-- \/ Yoast SEO plugin. -->","yoast_head_json":{"title":"Oggi a Roma la beatificazione di Papa Luciani - Bellunopress - Dolomiti","robots":{"index":"index","follow":"follow","max-snippet":"max-snippet:-1","max-image-preview":"max-image-preview:large","max-video-preview":"max-video-preview:-1"},"canonical":"https:\/\/www.bellunopress.it\/fr\/2022\/09\/04\/oggi-a-roma-la-beatificazione-di-papa-luciani\/","og_locale":"fr_FR","og_type":"article","og_title":"Oggi a Roma la beatificazione di Papa Luciani - Bellunopress - Dolomiti","og_description":"&#8220;E&#8217; stata una giornata che nonostante la pioggia ci ha regalato veramente tantissime emozioni. Soprattutto perch\u00e9 di fronte al Santo padre \u00e8 stata ricordata in maniera indelebile figura di Papa Luciani, entrata nel cuore di tutti non solo nei bellunesi, nei veneti ma penso di tutte le persone del mondo, perch\u00e9 \u00e8 il papa del [&hellip;]","og_url":"https:\/\/www.bellunopress.it\/fr\/2022\/09\/04\/oggi-a-roma-la-beatificazione-di-papa-luciani\/","og_site_name":"Bellunopress - Dolomiti","article_publisher":"https:\/\/www.facebook.com\/profile.php?id=100008943462799","article_published_time":"2022-09-04T12:13:22+00:00","og_image":[{"width":1000,"height":704,"url":"https:\/\/www.bellunopress.it\/wp-content\/uploads\/2022\/03\/Roberto-Padrin_edited.jpg","type":"image\/jpeg"}],"author":"redazione","twitter_card":"summary_large_image","twitter_creator":"@bellunopress","twitter_site":"@bellunopress","twitter_misc":{"\u00c9crit par":"redazione","Dur\u00e9e de lecture estim\u00e9e":"4 minutes"},"schema":{"@context":"https:\/\/schema.org","@graph":[{"@type":"Article","@id":"https:\/\/www.bellunopress.it\/2022\/09\/04\/oggi-a-roma-la-beatificazione-di-papa-luciani\/#article","isPartOf":{"@id":"https:\/\/www.bellunopress.it\/2022\/09\/04\/oggi-a-roma-la-beatificazione-di-papa-luciani\/"},"author":{"name":"redazione","@id":"https:\/\/www.bellunopress.it\/#\/schema\/person\/79bb06722b37ece1c03d3e94beb30d73"},"headline":"Oggi a Roma la beatificazione di Papa Luciani","datePublished":"2022-09-04T12:13:22+00:00","mainEntityOfPage":{"@id":"https:\/\/www.bellunopress.it\/2022\/09\/04\/oggi-a-roma-la-beatificazione-di-papa-luciani\/"},"wordCount":573,"publisher":{"@id":"https:\/\/www.bellunopress.it\/#organization"},"image":{"@id":"https:\/\/www.bellunopress.it\/2022\/09\/04\/oggi-a-roma-la-beatificazione-di-papa-luciani\/#primaryimage"},"thumbnailUrl":"https:\/\/www.bellunopress.it\/wp-content\/uploads\/2022\/03\/Roberto-Padrin_edited.jpg","articleSection":["Cronaca\/Politica","Prima Pagina"],"inLanguage":"fr-FR"},{"@type":"WebPage","@id":"https:\/\/www.bellunopress.it\/2022\/09\/04\/oggi-a-roma-la-beatificazione-di-papa-luciani\/","url":"https:\/\/www.bellunopress.it\/2022\/09\/04\/oggi-a-roma-la-beatificazione-di-papa-luciani\/","name":"Oggi a Roma la beatificazione di Papa Luciani - Bellunopress - Dolomiti","isPartOf":{"@id":"https:\/\/www.bellunopress.it\/#website"},"primaryImageOfPage":{"@id":"https:\/\/www.bellunopress.it\/2022\/09\/04\/oggi-a-roma-la-beatificazione-di-papa-luciani\/#primaryimage"},"image":{"@id":"https:\/\/www.bellunopress.it\/2022\/09\/04\/oggi-a-roma-la-beatificazione-di-papa-luciani\/#primaryimage"},"thumbnailUrl":"https:\/\/www.bellunopress.it\/wp-content\/uploads\/2022\/03\/Roberto-Padrin_edited.jpg","datePublished":"2022-09-04T12:13:22+00:00","breadcrumb":{"@id":"https:\/\/www.bellunopress.it\/2022\/09\/04\/oggi-a-roma-la-beatificazione-di-papa-luciani\/#breadcrumb"},"inLanguage":"fr-FR","potentialAction":[{"@type":"ReadAction","target":["https:\/\/www.bellunopress.it\/2022\/09\/04\/oggi-a-roma-la-beatificazione-di-papa-luciani\/"]}]},{"@type":"ImageObject","inLanguage":"fr-FR","@id":"https:\/\/www.bellunopress.it\/2022\/09\/04\/oggi-a-roma-la-beatificazione-di-papa-luciani\/#primaryimage","url":"https:\/\/www.bellunopress.it\/wp-content\/uploads\/2022\/03\/Roberto-Padrin_edited.jpg","contentUrl":"https:\/\/www.bellunopress.it\/wp-content\/uploads\/2022\/03\/Roberto-Padrin_edited.jpg","width":1000,"height":704,"caption":"Roberto Padrin, presidente della Provincia"},{"@type":"BreadcrumbList","@id":"https:\/\/www.bellunopress.it\/2022\/09\/04\/oggi-a-roma-la-beatificazione-di-papa-luciani\/#breadcrumb","itemListElement":[{"@type":"ListItem","position":1,"name":"Home","item":"https:\/\/www.bellunopress.it\/"},{"@type":"ListItem","position":2,"name":"Oggi a Roma la beatificazione di Papa Luciani"}]},{"@type":"WebSite","@id":"https:\/\/www.bellunopress.it\/#website","url":"https:\/\/www.bellunopress.it\/","name":"Bellunopress - Dolomiti","description":"e-mail: redazione@bellunopress.it","publisher":{"@id":"https:\/\/www.bellunopress.it\/#organization"},"potentialAction":[{"@type":"SearchAction","target":{"@type":"EntryPoint","urlTemplate":"https:\/\/www.bellunopress.it\/?s={search_term_string}"},"query-input":{"@type":"PropertyValueSpecification","valueRequired":true,"valueName":"search_term_string"}}],"inLanguage":"fr-FR"},{"@type":"Organization","@id":"https:\/\/www.bellunopress.it\/#organization","name":"Bellunopress","url":"https:\/\/www.bellunopress.it\/","logo":{"@type":"ImageObject","inLanguage":"fr-FR","@id":"https:\/\/www.bellunopress.it\/#\/schema\/logo\/image\/","url":"https:\/\/www.bellunopress.it\/wp-content\/uploads\/2011\/05\/cropped-logo-bellunopress-.jpg","contentUrl":"https:\/\/www.bellunopress.it\/wp-content\/uploads\/2011\/05\/cropped-logo-bellunopress-.jpg","width":512,"height":512,"caption":"Bellunopress"},"image":{"@id":"https:\/\/www.bellunopress.it\/#\/schema\/logo\/image\/"},"sameAs":["https:\/\/www.facebook.com\/profile.php?id=100008943462799","https:\/\/x.com\/bellunopress","https:\/\/www.linkedin.com\/hp\/?dnr=JBzUWaJfMUw8vbXJJ2tVW5-I3jZKvC4wsoxE&amp;amp;amp;amp;amp;amp;trk=nav_responsive_tab_home","https:\/\/www.youtube.com\/channel\/UCxL0wu1uN0_3_7hGG0306cw"]},{"@type":"Person","@id":"https:\/\/www.bellunopress.it\/#\/schema\/person\/79bb06722b37ece1c03d3e94beb30d73","name":"r\u00e9daction","image":{"@type":"ImageObject","inLanguage":"fr-FR","@id":"https:\/\/secure.gravatar.com\/avatar\/37d968a2e67a6fd04c169c4bdef102d0bc5d31b2546345219e348575eb80e9a0?s=96&d=mm&r=g","url":"https:\/\/secure.gravatar.com\/avatar\/37d968a2e67a6fd04c169c4bdef102d0bc5d31b2546345219e348575eb80e9a0?s=96&d=mm&r=g","contentUrl":"https:\/\/secure.gravatar.com\/avatar\/37d968a2e67a6fd04c169c4bdef102d0bc5d31b2546345219e348575eb80e9a0?s=96&d=mm&r=g","caption":"redazione"},"sameAs":["http:\/\/www.bellunopress.it","https:\/\/x.com\/bellunopress"],"url":"https:\/\/www.bellunopress.it\/fr\/author\/redazione\/"}]}},"_links":{"self":[{"href":"https:\/\/www.bellunopress.it\/fr\/wp-json\/wp\/v2\/posts\/136214","targetHints":{"allow":["GET"]}}],"collection":[{"href":"https:\/\/www.bellunopress.it\/fr\/wp-json\/wp\/v2\/posts"}],"about":[{"href":"https:\/\/www.bellunopress.it\/fr\/wp-json\/wp\/v2\/types\/post"}],"author":[{"embeddable":true,"href":"https:\/\/www.bellunopress.it\/fr\/wp-json\/wp\/v2\/users\/2"}],"replies":[{"embeddable":true,"href":"https:\/\/www.bellunopress.it\/fr\/wp-json\/wp\/v2\/comments?post=136214"}],"version-history":[{"count":1,"href":"https:\/\/www.bellunopress.it\/fr\/wp-json\/wp\/v2\/posts\/136214\/revisions"}],"predecessor-version":[{"id":136215,"href":"https:\/\/www.bellunopress.it\/fr\/wp-json\/wp\/v2\/posts\/136214\/revisions\/136215"}],"wp:featuredmedia":[{"embeddable":true,"href":"https:\/\/www.bellunopress.it\/fr\/wp-json\/wp\/v2\/media\/132392"}],"wp:attachment":[{"href":"https:\/\/www.bellunopress.it\/fr\/wp-json\/wp\/v2\/media?parent=136214"}],"wp:term":[{"taxonomy":"category","embeddable":true,"href":"https:\/\/www.bellunopress.it\/fr\/wp-json\/wp\/v2\/categories?post=136214"},{"taxonomy":"post_tag","embeddable":true,"href":"https:\/\/www.bellunopress.it\/fr\/wp-json\/wp\/v2\/tags?post=136214"}],"curies":[{"name":"wp","href":"https:\/\/api.w.org\/{rel}","templated":true}]}}