{"id":136208,"date":"2022-09-03T17:16:27","date_gmt":"2022-09-03T15:16:27","guid":{"rendered":"https:\/\/www.bellunopress.it\/?p=136208"},"modified":"2022-09-03T17:16:27","modified_gmt":"2022-09-03T15:16:27","slug":"ufficio-informazioni-di-misurina-chiuso-tutta-lestate","status":"publish","type":"post","link":"https:\/\/www.bellunopress.it\/fr\/2022\/09\/03\/ufficio-informazioni-di-misurina-chiuso-tutta-lestate\/","title":{"rendered":"Ufficio informazioni di Misurina chiuso tutta l&#8217;estate"},"content":{"rendered":"<p><img loading=\"lazy\" decoding=\"async\" class=\"alignleft size-full wp-image-136209\" src=\"https:\/\/www.bellunopress.it\/wp-content\/uploads\/2022\/09\/ufficio-turistico-Iat-misurina_edited.jpg\" alt=\"\" width=\"1000\" height=\"654\" srcset=\"https:\/\/www.bellunopress.it\/wp-content\/uploads\/2022\/09\/ufficio-turistico-Iat-misurina_edited.jpg 1000w, https:\/\/www.bellunopress.it\/wp-content\/uploads\/2022\/09\/ufficio-turistico-Iat-misurina_edited-500x327.jpg 500w, https:\/\/www.bellunopress.it\/wp-content\/uploads\/2022\/09\/ufficio-turistico-Iat-misurina_edited-696x455.jpg 696w, https:\/\/www.bellunopress.it\/wp-content\/uploads\/2022\/09\/ufficio-turistico-Iat-misurina_edited-642x420.jpg 642w, https:\/\/www.bellunopress.it\/wp-content\/uploads\/2022\/09\/ufficio-turistico-Iat-misurina_edited-741x486.jpg 741w\" sizes=\"auto, (max-width: 1000px) 100vw, 1000px\" \/>Il gruppo di minoranza &#8216;Insieme per Auronzo&#8217; recepisce le numerose lamentele dei turisti che durante l&#8217;estate hanno soggiornato o sostato a Misurina, trovando con sconcerto l&#8217;ufficio turistico IAT chiuso.<\/p>\n<p>Numerosi i disagi segnalati, con gli esercenti di bar e negozi che hanno dovuto fungere da ufficio informazioni per i turisti italiani e stranieri che volevano visitare la Perla delle Dolomiti o avventurarsi alle Tre Cime di Lavaredo.<\/p>\n<p>Mai era accaduto in passato che un servizio cos\u00ec importante per la gestione dell&#8217;accoglienza turistica nella localit\u00e0 simbolo delle Dolomiti Unesco rimanesse chiuso tutta l&#8217;estate.<\/p>\n<p>Il gruppo di minoranza fa notare come il bando per la gestione dello IAT del Comune di Auronzo, la cui procedura era stata avviata dalla precedente amministrazione comunale, subito dopo l&#8217;approvazione del bilancio a maggio, prevedesse anche l&#8217;apertura della sede di Misurina durante i mesi turistici per eccellenza. Il danno d&#8217;immagine per il Comune di Auronzo, che ha il dovere di vigilare affinch\u00e9 i bandi vengano rispettati, e i disagi provocati ai turisti provenienti da tutto il mondo sono notevoli.<\/p>\n<p>Il gruppo di minoranza &#8216;Insieme per Auronzo&#8217; aveva depositato in Municipio un&#8217;interrogazione chiedendo al Sindaco delucidazioni in merito durante il Consiglio Comunale del 24 agosto scorso. Nessuna risposta \u00e8 stata fornita sul grave disservizio, che continua anche per il mese di settembre.<\/p>\n<p>&nbsp;<\/p>\n<p>&nbsp;<\/p>","protected":false},"excerpt":{"rendered":"<p>Il gruppo di minoranza &#8216;Insieme per Auronzo&#8217; recepisce le numerose lamentele dei turisti che durante l&#8217;estate hanno soggiornato o sostato a Misurina, trovando con sconcerto l&#8217;ufficio turistico IAT chiuso. Numerosi i disagi segnalati, con gli esercenti di bar e negozi che hanno dovuto fungere da ufficio informazioni per i turisti italiani e stranieri che volevano [&hellip;]<\/p>\n","protected":false},"author":2,"featured_media":136209,"comment_status":"closed","ping_status":"open","sticky":false,"template":"","format":"standard","meta":{"footnotes":""},"categories":[5,26],"tags":[],"class_list":["post-136208","post","type-post","status-publish","format-standard","has-post-thumbnail","category-cronaca","category-prima-pagina"],"yoast_head":"<!-- This site is optimized with the Yoast SEO plugin v28.4 - https:\/\/yoast.com\/product\/yoast-seo-wordpress\/ -->\n<title>Ufficio informazioni di Misurina chiuso tutta l&#039;estate - Bellunopress - Dolomiti<\/title>\n<meta name=\"robots\" content=\"index, follow, max-snippet:-1, max-image-preview:large, max-video-preview:-1\" \/>\n<link rel=\"canonical\" href=\"https:\/\/www.bellunopress.it\/fr\/2022\/09\/03\/ufficio-informazioni-di-misurina-chiuso-tutta-lestate\/\" \/>\n<meta property=\"og:locale\" content=\"fr_FR\" \/>\n<meta property=\"og:type\" content=\"article\" \/>\n<meta property=\"og:title\" content=\"Ufficio informazioni di Misurina chiuso tutta l&#039;estate - Bellunopress - Dolomiti\" \/>\n<meta property=\"og:description\" content=\"Il gruppo di minoranza &#8216;Insieme per Auronzo&#8217; recepisce le numerose lamentele dei turisti che durante l&#8217;estate hanno soggiornato o sostato a Misurina, trovando con sconcerto l&#8217;ufficio turistico IAT chiuso. Numerosi i disagi segnalati, con gli esercenti di bar e negozi che hanno dovuto fungere da ufficio informazioni per i turisti italiani e stranieri che volevano [&hellip;]\" \/>\n<meta property=\"og:url\" content=\"https:\/\/www.bellunopress.it\/fr\/2022\/09\/03\/ufficio-informazioni-di-misurina-chiuso-tutta-lestate\/\" \/>\n<meta property=\"og:site_name\" content=\"Bellunopress - Dolomiti\" \/>\n<meta property=\"article:publisher\" content=\"https:\/\/www.facebook.com\/profile.php?id=100008943462799\" \/>\n<meta property=\"article:published_time\" content=\"2022-09-03T15:16:27+00:00\" \/>\n<meta property=\"og:image\" content=\"https:\/\/www.bellunopress.it\/wp-content\/uploads\/2022\/09\/ufficio-turistico-Iat-misurina_edited.jpg\" \/>\n\t<meta property=\"og:image:width\" content=\"1000\" \/>\n\t<meta property=\"og:image:height\" content=\"654\" \/>\n\t<meta property=\"og:image:type\" content=\"image\/jpeg\" \/>\n<meta name=\"author\" content=\"redazione\" \/>\n<meta name=\"twitter:card\" content=\"summary_large_image\" \/>\n<meta name=\"twitter:creator\" content=\"@bellunopress\" \/>\n<meta name=\"twitter:site\" content=\"@bellunopress\" \/>\n<meta name=\"twitter:label1\" content=\"\u00c9crit par\" \/>\n\t<meta name=\"twitter:data1\" content=\"redazione\" \/>\n\t<meta name=\"twitter:label2\" content=\"Dur\u00e9e de lecture estim\u00e9e\" \/>\n\t<meta name=\"twitter:data2\" content=\"2 minutes\" \/>\n<script type=\"application\/ld+json\" class=\"yoast-schema-graph\">{\"@context\":\"https:\\\/\\\/schema.org\",\"@graph\":[{\"@type\":\"Article\",\"@id\":\"https:\\\/\\\/www.bellunopress.it\\\/2022\\\/09\\\/03\\\/ufficio-informazioni-di-misurina-chiuso-tutta-lestate\\\/#article\",\"isPartOf\":{\"@id\":\"https:\\\/\\\/www.bellunopress.it\\\/2022\\\/09\\\/03\\\/ufficio-informazioni-di-misurina-chiuso-tutta-lestate\\\/\"},\"author\":{\"name\":\"redazione\",\"@id\":\"https:\\\/\\\/www.bellunopress.it\\\/#\\\/schema\\\/person\\\/79bb06722b37ece1c03d3e94beb30d73\"},\"headline\":\"Ufficio informazioni di Misurina chiuso tutta l&#8217;estate\",\"datePublished\":\"2022-09-03T15:16:27+00:00\",\"mainEntityOfPage\":{\"@id\":\"https:\\\/\\\/www.bellunopress.it\\\/2022\\\/09\\\/03\\\/ufficio-informazioni-di-misurina-chiuso-tutta-lestate\\\/\"},\"wordCount\":230,\"publisher\":{\"@id\":\"https:\\\/\\\/www.bellunopress.it\\\/#organization\"},\"image\":{\"@id\":\"https:\\\/\\\/www.bellunopress.it\\\/2022\\\/09\\\/03\\\/ufficio-informazioni-di-misurina-chiuso-tutta-lestate\\\/#primaryimage\"},\"thumbnailUrl\":\"https:\\\/\\\/www.bellunopress.it\\\/wp-content\\\/uploads\\\/2022\\\/09\\\/ufficio-turistico-Iat-misurina_edited.jpg\",\"articleSection\":[\"Cronaca\\\/Politica\",\"Prima Pagina\"],\"inLanguage\":\"fr-FR\"},{\"@type\":\"WebPage\",\"@id\":\"https:\\\/\\\/www.bellunopress.it\\\/2022\\\/09\\\/03\\\/ufficio-informazioni-di-misurina-chiuso-tutta-lestate\\\/\",\"url\":\"https:\\\/\\\/www.bellunopress.it\\\/2022\\\/09\\\/03\\\/ufficio-informazioni-di-misurina-chiuso-tutta-lestate\\\/\",\"name\":\"Ufficio informazioni di Misurina chiuso tutta l'estate - Bellunopress - Dolomiti\",\"isPartOf\":{\"@id\":\"https:\\\/\\\/www.bellunopress.it\\\/#website\"},\"primaryImageOfPage\":{\"@id\":\"https:\\\/\\\/www.bellunopress.it\\\/2022\\\/09\\\/03\\\/ufficio-informazioni-di-misurina-chiuso-tutta-lestate\\\/#primaryimage\"},\"image\":{\"@id\":\"https:\\\/\\\/www.bellunopress.it\\\/2022\\\/09\\\/03\\\/ufficio-informazioni-di-misurina-chiuso-tutta-lestate\\\/#primaryimage\"},\"thumbnailUrl\":\"https:\\\/\\\/www.bellunopress.it\\\/wp-content\\\/uploads\\\/2022\\\/09\\\/ufficio-turistico-Iat-misurina_edited.jpg\",\"datePublished\":\"2022-09-03T15:16:27+00:00\",\"breadcrumb\":{\"@id\":\"https:\\\/\\\/www.bellunopress.it\\\/2022\\\/09\\\/03\\\/ufficio-informazioni-di-misurina-chiuso-tutta-lestate\\\/#breadcrumb\"},\"inLanguage\":\"fr-FR\",\"potentialAction\":[{\"@type\":\"ReadAction\",\"target\":[\"https:\\\/\\\/www.bellunopress.it\\\/2022\\\/09\\\/03\\\/ufficio-informazioni-di-misurina-chiuso-tutta-lestate\\\/\"]}]},{\"@type\":\"ImageObject\",\"inLanguage\":\"fr-FR\",\"@id\":\"https:\\\/\\\/www.bellunopress.it\\\/2022\\\/09\\\/03\\\/ufficio-informazioni-di-misurina-chiuso-tutta-lestate\\\/#primaryimage\",\"url\":\"https:\\\/\\\/www.bellunopress.it\\\/wp-content\\\/uploads\\\/2022\\\/09\\\/ufficio-turistico-Iat-misurina_edited.jpg\",\"contentUrl\":\"https:\\\/\\\/www.bellunopress.it\\\/wp-content\\\/uploads\\\/2022\\\/09\\\/ufficio-turistico-Iat-misurina_edited.jpg\",\"width\":1000,\"height\":654},{\"@type\":\"BreadcrumbList\",\"@id\":\"https:\\\/\\\/www.bellunopress.it\\\/2022\\\/09\\\/03\\\/ufficio-informazioni-di-misurina-chiuso-tutta-lestate\\\/#breadcrumb\",\"itemListElement\":[{\"@type\":\"ListItem\",\"position\":1,\"name\":\"Home\",\"item\":\"https:\\\/\\\/www.bellunopress.it\\\/\"},{\"@type\":\"ListItem\",\"position\":2,\"name\":\"Ufficio informazioni di Misurina chiuso tutta l&#8217;estate\"}]},{\"@type\":\"WebSite\",\"@id\":\"https:\\\/\\\/www.bellunopress.it\\\/#website\",\"url\":\"https:\\\/\\\/www.bellunopress.it\\\/\",\"name\":\"Bellunopress - Dolomiti\",\"description\":\"e-mail: redazione@bellunopress.it\",\"publisher\":{\"@id\":\"https:\\\/\\\/www.bellunopress.it\\\/#organization\"},\"potentialAction\":[{\"@type\":\"SearchAction\",\"target\":{\"@type\":\"EntryPoint\",\"urlTemplate\":\"https:\\\/\\\/www.bellunopress.it\\\/?s={search_term_string}\"},\"query-input\":{\"@type\":\"PropertyValueSpecification\",\"valueRequired\":true,\"valueName\":\"search_term_string\"}}],\"inLanguage\":\"fr-FR\"},{\"@type\":\"Organization\",\"@id\":\"https:\\\/\\\/www.bellunopress.it\\\/#organization\",\"name\":\"Bellunopress\",\"url\":\"https:\\\/\\\/www.bellunopress.it\\\/\",\"logo\":{\"@type\":\"ImageObject\",\"inLanguage\":\"fr-FR\",\"@id\":\"https:\\\/\\\/www.bellunopress.it\\\/#\\\/schema\\\/logo\\\/image\\\/\",\"url\":\"https:\\\/\\\/www.bellunopress.it\\\/wp-content\\\/uploads\\\/2011\\\/05\\\/cropped-logo-bellunopress-.jpg\",\"contentUrl\":\"https:\\\/\\\/www.bellunopress.it\\\/wp-content\\\/uploads\\\/2011\\\/05\\\/cropped-logo-bellunopress-.jpg\",\"width\":512,\"height\":512,\"caption\":\"Bellunopress\"},\"image\":{\"@id\":\"https:\\\/\\\/www.bellunopress.it\\\/#\\\/schema\\\/logo\\\/image\\\/\"},\"sameAs\":[\"https:\\\/\\\/www.facebook.com\\\/profile.php?id=100008943462799\",\"https:\\\/\\\/x.com\\\/bellunopress\",\"https:\\\/\\\/www.linkedin.com\\\/hp\\\/?dnr=JBzUWaJfMUw8vbXJJ2tVW5-I3jZKvC4wsoxE&amp;amp;amp;amp;amp;amp;trk=nav_responsive_tab_home\",\"https:\\\/\\\/www.youtube.com\\\/channel\\\/UCxL0wu1uN0_3_7hGG0306cw\"]},{\"@type\":\"Person\",\"@id\":\"https:\\\/\\\/www.bellunopress.it\\\/#\\\/schema\\\/person\\\/79bb06722b37ece1c03d3e94beb30d73\",\"name\":\"redazione\",\"image\":{\"@type\":\"ImageObject\",\"inLanguage\":\"fr-FR\",\"@id\":\"https:\\\/\\\/secure.gravatar.com\\\/avatar\\\/37d968a2e67a6fd04c169c4bdef102d0bc5d31b2546345219e348575eb80e9a0?s=96&d=mm&r=g\",\"url\":\"https:\\\/\\\/secure.gravatar.com\\\/avatar\\\/37d968a2e67a6fd04c169c4bdef102d0bc5d31b2546345219e348575eb80e9a0?s=96&d=mm&r=g\",\"contentUrl\":\"https:\\\/\\\/secure.gravatar.com\\\/avatar\\\/37d968a2e67a6fd04c169c4bdef102d0bc5d31b2546345219e348575eb80e9a0?s=96&d=mm&r=g\",\"caption\":\"redazione\"},\"sameAs\":[\"http:\\\/\\\/www.bellunopress.it\",\"https:\\\/\\\/x.com\\\/bellunopress\"],\"url\":\"https:\\\/\\\/www.bellunopress.it\\\/fr\\\/author\\\/redazione\\\/\"}]}<\/script>\n<!-- \/ Yoast SEO plugin. -->","yoast_head_json":{"title":"Ufficio informazioni di Misurina chiuso tutta l'estate - Bellunopress - Dolomiti","robots":{"index":"index","follow":"follow","max-snippet":"max-snippet:-1","max-image-preview":"max-image-preview:large","max-video-preview":"max-video-preview:-1"},"canonical":"https:\/\/www.bellunopress.it\/fr\/2022\/09\/03\/ufficio-informazioni-di-misurina-chiuso-tutta-lestate\/","og_locale":"fr_FR","og_type":"article","og_title":"Ufficio informazioni di Misurina chiuso tutta l'estate - Bellunopress - Dolomiti","og_description":"Il gruppo di minoranza &#8216;Insieme per Auronzo&#8217; recepisce le numerose lamentele dei turisti che durante l&#8217;estate hanno soggiornato o sostato a Misurina, trovando con sconcerto l&#8217;ufficio turistico IAT chiuso. Numerosi i disagi segnalati, con gli esercenti di bar e negozi che hanno dovuto fungere da ufficio informazioni per i turisti italiani e stranieri che volevano [&hellip;]","og_url":"https:\/\/www.bellunopress.it\/fr\/2022\/09\/03\/ufficio-informazioni-di-misurina-chiuso-tutta-lestate\/","og_site_name":"Bellunopress - Dolomiti","article_publisher":"https:\/\/www.facebook.com\/profile.php?id=100008943462799","article_published_time":"2022-09-03T15:16:27+00:00","og_image":[{"width":1000,"height":654,"url":"https:\/\/www.bellunopress.it\/wp-content\/uploads\/2022\/09\/ufficio-turistico-Iat-misurina_edited.jpg","type":"image\/jpeg"}],"author":"redazione","twitter_card":"summary_large_image","twitter_creator":"@bellunopress","twitter_site":"@bellunopress","twitter_misc":{"\u00c9crit par":"redazione","Dur\u00e9e de lecture estim\u00e9e":"2 minutes"},"schema":{"@context":"https:\/\/schema.org","@graph":[{"@type":"Article","@id":"https:\/\/www.bellunopress.it\/2022\/09\/03\/ufficio-informazioni-di-misurina-chiuso-tutta-lestate\/#article","isPartOf":{"@id":"https:\/\/www.bellunopress.it\/2022\/09\/03\/ufficio-informazioni-di-misurina-chiuso-tutta-lestate\/"},"author":{"name":"redazione","@id":"https:\/\/www.bellunopress.it\/#\/schema\/person\/79bb06722b37ece1c03d3e94beb30d73"},"headline":"Ufficio informazioni di Misurina chiuso tutta l&#8217;estate","datePublished":"2022-09-03T15:16:27+00:00","mainEntityOfPage":{"@id":"https:\/\/www.bellunopress.it\/2022\/09\/03\/ufficio-informazioni-di-misurina-chiuso-tutta-lestate\/"},"wordCount":230,"publisher":{"@id":"https:\/\/www.bellunopress.it\/#organization"},"image":{"@id":"https:\/\/www.bellunopress.it\/2022\/09\/03\/ufficio-informazioni-di-misurina-chiuso-tutta-lestate\/#primaryimage"},"thumbnailUrl":"https:\/\/www.bellunopress.it\/wp-content\/uploads\/2022\/09\/ufficio-turistico-Iat-misurina_edited.jpg","articleSection":["Cronaca\/Politica","Prima Pagina"],"inLanguage":"fr-FR"},{"@type":"WebPage","@id":"https:\/\/www.bellunopress.it\/2022\/09\/03\/ufficio-informazioni-di-misurina-chiuso-tutta-lestate\/","url":"https:\/\/www.bellunopress.it\/2022\/09\/03\/ufficio-informazioni-di-misurina-chiuso-tutta-lestate\/","name":"Ufficio informazioni di Misurina chiuso tutta l'estate - Bellunopress - Dolomiti","isPartOf":{"@id":"https:\/\/www.bellunopress.it\/#website"},"primaryImageOfPage":{"@id":"https:\/\/www.bellunopress.it\/2022\/09\/03\/ufficio-informazioni-di-misurina-chiuso-tutta-lestate\/#primaryimage"},"image":{"@id":"https:\/\/www.bellunopress.it\/2022\/09\/03\/ufficio-informazioni-di-misurina-chiuso-tutta-lestate\/#primaryimage"},"thumbnailUrl":"https:\/\/www.bellunopress.it\/wp-content\/uploads\/2022\/09\/ufficio-turistico-Iat-misurina_edited.jpg","datePublished":"2022-09-03T15:16:27+00:00","breadcrumb":{"@id":"https:\/\/www.bellunopress.it\/2022\/09\/03\/ufficio-informazioni-di-misurina-chiuso-tutta-lestate\/#breadcrumb"},"inLanguage":"fr-FR","potentialAction":[{"@type":"ReadAction","target":["https:\/\/www.bellunopress.it\/2022\/09\/03\/ufficio-informazioni-di-misurina-chiuso-tutta-lestate\/"]}]},{"@type":"ImageObject","inLanguage":"fr-FR","@id":"https:\/\/www.bellunopress.it\/2022\/09\/03\/ufficio-informazioni-di-misurina-chiuso-tutta-lestate\/#primaryimage","url":"https:\/\/www.bellunopress.it\/wp-content\/uploads\/2022\/09\/ufficio-turistico-Iat-misurina_edited.jpg","contentUrl":"https:\/\/www.bellunopress.it\/wp-content\/uploads\/2022\/09\/ufficio-turistico-Iat-misurina_edited.jpg","width":1000,"height":654},{"@type":"BreadcrumbList","@id":"https:\/\/www.bellunopress.it\/2022\/09\/03\/ufficio-informazioni-di-misurina-chiuso-tutta-lestate\/#breadcrumb","itemListElement":[{"@type":"ListItem","position":1,"name":"Home","item":"https:\/\/www.bellunopress.it\/"},{"@type":"ListItem","position":2,"name":"Ufficio informazioni di Misurina chiuso tutta l&#8217;estate"}]},{"@type":"WebSite","@id":"https:\/\/www.bellunopress.it\/#website","url":"https:\/\/www.bellunopress.it\/","name":"Bellunopress - Dolomiti","description":"e-mail: redazione@bellunopress.it","publisher":{"@id":"https:\/\/www.bellunopress.it\/#organization"},"potentialAction":[{"@type":"SearchAction","target":{"@type":"EntryPoint","urlTemplate":"https:\/\/www.bellunopress.it\/?s={search_term_string}"},"query-input":{"@type":"PropertyValueSpecification","valueRequired":true,"valueName":"search_term_string"}}],"inLanguage":"fr-FR"},{"@type":"Organization","@id":"https:\/\/www.bellunopress.it\/#organization","name":"Bellunopress","url":"https:\/\/www.bellunopress.it\/","logo":{"@type":"ImageObject","inLanguage":"fr-FR","@id":"https:\/\/www.bellunopress.it\/#\/schema\/logo\/image\/","url":"https:\/\/www.bellunopress.it\/wp-content\/uploads\/2011\/05\/cropped-logo-bellunopress-.jpg","contentUrl":"https:\/\/www.bellunopress.it\/wp-content\/uploads\/2011\/05\/cropped-logo-bellunopress-.jpg","width":512,"height":512,"caption":"Bellunopress"},"image":{"@id":"https:\/\/www.bellunopress.it\/#\/schema\/logo\/image\/"},"sameAs":["https:\/\/www.facebook.com\/profile.php?id=100008943462799","https:\/\/x.com\/bellunopress","https:\/\/www.linkedin.com\/hp\/?dnr=JBzUWaJfMUw8vbXJJ2tVW5-I3jZKvC4wsoxE&amp;amp;amp;amp;amp;amp;trk=nav_responsive_tab_home","https:\/\/www.youtube.com\/channel\/UCxL0wu1uN0_3_7hGG0306cw"]},{"@type":"Person","@id":"https:\/\/www.bellunopress.it\/#\/schema\/person\/79bb06722b37ece1c03d3e94beb30d73","name":"r\u00e9daction","image":{"@type":"ImageObject","inLanguage":"fr-FR","@id":"https:\/\/secure.gravatar.com\/avatar\/37d968a2e67a6fd04c169c4bdef102d0bc5d31b2546345219e348575eb80e9a0?s=96&d=mm&r=g","url":"https:\/\/secure.gravatar.com\/avatar\/37d968a2e67a6fd04c169c4bdef102d0bc5d31b2546345219e348575eb80e9a0?s=96&d=mm&r=g","contentUrl":"https:\/\/secure.gravatar.com\/avatar\/37d968a2e67a6fd04c169c4bdef102d0bc5d31b2546345219e348575eb80e9a0?s=96&d=mm&r=g","caption":"redazione"},"sameAs":["http:\/\/www.bellunopress.it","https:\/\/x.com\/bellunopress"],"url":"https:\/\/www.bellunopress.it\/fr\/author\/redazione\/"}]}},"_links":{"self":[{"href":"https:\/\/www.bellunopress.it\/fr\/wp-json\/wp\/v2\/posts\/136208","targetHints":{"allow":["GET"]}}],"collection":[{"href":"https:\/\/www.bellunopress.it\/fr\/wp-json\/wp\/v2\/posts"}],"about":[{"href":"https:\/\/www.bellunopress.it\/fr\/wp-json\/wp\/v2\/types\/post"}],"author":[{"embeddable":true,"href":"https:\/\/www.bellunopress.it\/fr\/wp-json\/wp\/v2\/users\/2"}],"replies":[{"embeddable":true,"href":"https:\/\/www.bellunopress.it\/fr\/wp-json\/wp\/v2\/comments?post=136208"}],"version-history":[{"count":1,"href":"https:\/\/www.bellunopress.it\/fr\/wp-json\/wp\/v2\/posts\/136208\/revisions"}],"predecessor-version":[{"id":136210,"href":"https:\/\/www.bellunopress.it\/fr\/wp-json\/wp\/v2\/posts\/136208\/revisions\/136210"}],"wp:featuredmedia":[{"embeddable":true,"href":"https:\/\/www.bellunopress.it\/fr\/wp-json\/wp\/v2\/media\/136209"}],"wp:attachment":[{"href":"https:\/\/www.bellunopress.it\/fr\/wp-json\/wp\/v2\/media?parent=136208"}],"wp:term":[{"taxonomy":"category","embeddable":true,"href":"https:\/\/www.bellunopress.it\/fr\/wp-json\/wp\/v2\/categories?post=136208"},{"taxonomy":"post_tag","embeddable":true,"href":"https:\/\/www.bellunopress.it\/fr\/wp-json\/wp\/v2\/tags?post=136208"}],"curies":[{"name":"wp","href":"https:\/\/api.w.org\/{rel}","templated":true}]}}