{"id":136203,"date":"2022-09-03T12:39:38","date_gmt":"2022-09-03T10:39:38","guid":{"rendered":"https:\/\/www.bellunopress.it\/?p=136203"},"modified":"2022-09-03T12:39:38","modified_gmt":"2022-09-03T10:39:38","slug":"via-al-progetto-per-lospedale-di-comunita-di-feltre-e-per-la-casa-della-comunita-di-pieve-di-cadore","status":"publish","type":"post","link":"https:\/\/www.bellunopress.it\/fr\/2022\/09\/03\/via-al-progetto-per-lospedale-di-comunita-di-feltre-e-per-la-casa-della-comunita-di-pieve-di-cadore\/","title":{"rendered":"Via al progetto per l\u2019Ospedale di Comunit\u00e0 di Feltre e per la Casa della Comunit\u00e0 di Pieve di Cadore"},"content":{"rendered":"<figure id=\"attachment_112702\" aria-describedby=\"caption-attachment-112702\" style=\"width: 900px\" class=\"wp-caption alignleft\"><img loading=\"lazy\" decoding=\"async\" class=\"size-full wp-image-112702\" src=\"https:\/\/www.bellunopress.it\/wp-content\/uploads\/2020\/03\/Ospedale-Feltre-2.jpg\" alt=\"\" width=\"900\" height=\"675\" srcset=\"https:\/\/www.bellunopress.it\/wp-content\/uploads\/2020\/03\/Ospedale-Feltre-2.jpg 900w, https:\/\/www.bellunopress.it\/wp-content\/uploads\/2020\/03\/Ospedale-Feltre-2-500x375.jpg 500w, https:\/\/www.bellunopress.it\/wp-content\/uploads\/2020\/03\/Ospedale-Feltre-2-696x522.jpg 696w, https:\/\/www.bellunopress.it\/wp-content\/uploads\/2020\/03\/Ospedale-Feltre-2-560x420.jpg 560w, https:\/\/www.bellunopress.it\/wp-content\/uploads\/2020\/03\/Ospedale-Feltre-2-80x60.jpg 80w, https:\/\/www.bellunopress.it\/wp-content\/uploads\/2020\/03\/Ospedale-Feltre-2-265x198.jpg 265w\" sizes=\"auto, (max-width: 900px) 100vw, 900px\" \/><figcaption id=\"caption-attachment-112702\" class=\"wp-caption-text\">Ospedale di Feltre<\/figcaption><\/figure>\n<p>Procede spedito l\u2019iter per la realizzazione dei lavori dell\u2019Ospedale di Comunit\u00e0 di Feltre. E\u2019 stato, infatti, approvato il progetto di fattibilit\u00e0 tecnica ed economica\/definitivo dei lavori, un intervento che prevede un investimento complessivo di 1.550.000 euro, finanziati nell\u2019ambito del PNRR.<\/p>\n<p>Il progetto prevede la ristrutturazione di una porzione del secondo piano del padiglione Guarnieri dell\u2019Ospedale di Feltre. Si tratta di un\u2019area di circa 700 mq che sar\u00e0 organizzata a partire da un unico corridoio centrale che distribuisce longitudinalmente i vari locali. Potr\u00e0 accogliere 15 posti letto organizzati in 7 stanze di degenza doppie e una singola, tutte provviste di bagno accessibile. Saranno garantiti, inoltre, spazi da garantire le attivit\u00e0 sanitarie di gestione e riabilitazione dei pazienti, oltre a un\u2019area di accoglienza posta all\u2019ingresso e un\u2019area a sevizio della residenzialit\u00e0 dove sar\u00e0 disponibile un locale soggiorno con a disposizione un locale per la gestione dei pasti.<\/p>\n<p>Nel progetto \u00e8 stata prestata particolare attenzione non solo alla funzionalit\u00e0 degli spazi, ma anche all\u2019umanizzazione degli ambienti nella scelta di colori e materiali. L\u2019obiettivo del progetto \u00e8, infatti, creare un luogo confortevole, gradevole e accogliente, dove sia le persone assistite, spesso anziane, che il personale che vi lavora si sentano a proprio agio e siano facilitate nell\u2019uso dei locali.<\/p>\n<p>Procede anche l\u2019iter per la realizzazione dei lavori della Casa della comunit\u00e0 di Pieve di Cadore. E\u2019 stato, infatti, approvato il progetto di fattibilit\u00e0 tecnica ed economica dei lavori: un intervento dall\u2019ammontare complessivo di 1.750.000 euro, finanziato per 1.500.000 euro con fondi PNRR e 250.000 euro con fondi FSR.<\/p>\n<p>Il progetto prevede la ristrutturazione dei locali dell\u2019 ex Policonsultorio a Tai di Cadore, con la realizzazione di un nuovo layout dei locali e di nuove opere di finiture interne. Si prevede una riorganizzazione distributiva degli spazi e delle funzioni. Al piano terra \u00e8 programmata la collocazione degli ambulatori di continuit\u00e0 assistenziale e il servizio ADI. Al primo piano sono collocati i servizi diagnostici, l\u2019ambulatorio cure primarie, l\u2019UVDM, il locale per l\u2019infermiere di famiglia, le aree di attesa e di servizio. Al piano secondo sono collocati i locali per il consultorio, per l\u2019assistente sociale, per le vaccinazioni, per il medico di igiene pubblica, per il coordinatore e le aree di attesa e di servizio. Al terzo piano trovano spazio gli spogliatoi del personale e il locale per l\u2019area direzionale.<\/p>\n<p>Nel progetto \u00e8 stata prestata particolare attenzione non solo alla funzionalit\u00e0 degli spazi, ma anche all\u2019umanizzazione degli ambienti, nella scelta di colori e finiture, per renderli accoglienti e ospitali, al fine di poter offrire un\u2019atmosfera rassicurante e confortevole cos\u00ec come un\u2019atmosfera abitativa e lavorativa di qualit\u00e0.<\/p>\n<p>&nbsp;<\/p>","protected":false},"excerpt":{"rendered":"<p>Procede spedito l\u2019iter per la realizzazione dei lavori dell\u2019Ospedale di Comunit\u00e0 di Feltre. E\u2019 stato, infatti, approvato il progetto di fattibilit\u00e0 tecnica ed economica\/definitivo dei lavori, un intervento che prevede un investimento complessivo di 1.550.000 euro, finanziati nell\u2019ambito del PNRR. Il progetto prevede la ristrutturazione di una porzione del secondo piano del padiglione Guarnieri dell\u2019Ospedale [&hellip;]<\/p>\n","protected":false},"author":2,"featured_media":112702,"comment_status":"closed","ping_status":"open","sticky":false,"template":"","format":"standard","meta":{"footnotes":""},"categories":[26,17],"tags":[],"class_list":["post-136203","post","type-post","status-publish","format-standard","has-post-thumbnail","category-prima-pagina","category-sanita"],"yoast_head":"<!-- This site is optimized with the Yoast SEO plugin v28.4 - https:\/\/yoast.com\/product\/yoast-seo-wordpress\/ -->\n<title>Via al progetto per l\u2019Ospedale di Comunit\u00e0 di Feltre e per la Casa della Comunit\u00e0 di Pieve di Cadore - Bellunopress - Dolomiti<\/title>\n<meta name=\"robots\" content=\"index, follow, max-snippet:-1, max-image-preview:large, max-video-preview:-1\" \/>\n<link rel=\"canonical\" href=\"https:\/\/www.bellunopress.it\/fr\/2022\/09\/03\/via-al-progetto-per-lospedale-di-comunita-di-feltre-e-per-la-casa-della-comunita-di-pieve-di-cadore\/\" \/>\n<meta property=\"og:locale\" content=\"fr_FR\" \/>\n<meta property=\"og:type\" content=\"article\" \/>\n<meta property=\"og:title\" content=\"Via al progetto per l\u2019Ospedale di Comunit\u00e0 di Feltre e per la Casa della Comunit\u00e0 di Pieve di Cadore - Bellunopress - Dolomiti\" \/>\n<meta property=\"og:description\" content=\"Procede spedito l\u2019iter per la realizzazione dei lavori dell\u2019Ospedale di Comunit\u00e0 di Feltre. E\u2019 stato, infatti, approvato il progetto di fattibilit\u00e0 tecnica ed economica\/definitivo dei lavori, un intervento che prevede un investimento complessivo di 1.550.000 euro, finanziati nell\u2019ambito del PNRR. Il progetto prevede la ristrutturazione di una porzione del secondo piano del padiglione Guarnieri dell\u2019Ospedale [&hellip;]\" \/>\n<meta property=\"og:url\" content=\"https:\/\/www.bellunopress.it\/fr\/2022\/09\/03\/via-al-progetto-per-lospedale-di-comunita-di-feltre-e-per-la-casa-della-comunita-di-pieve-di-cadore\/\" \/>\n<meta property=\"og:site_name\" content=\"Bellunopress - Dolomiti\" \/>\n<meta property=\"article:publisher\" content=\"https:\/\/www.facebook.com\/profile.php?id=100008943462799\" \/>\n<meta property=\"article:published_time\" content=\"2022-09-03T10:39:38+00:00\" \/>\n<meta property=\"og:image\" content=\"https:\/\/www.bellunopress.it\/wp-content\/uploads\/2020\/03\/Ospedale-Feltre-2.jpg\" \/>\n\t<meta property=\"og:image:width\" content=\"900\" \/>\n\t<meta property=\"og:image:height\" content=\"675\" \/>\n\t<meta property=\"og:image:type\" content=\"image\/jpeg\" \/>\n<meta name=\"author\" content=\"redazione\" \/>\n<meta name=\"twitter:card\" content=\"summary_large_image\" \/>\n<meta name=\"twitter:creator\" content=\"@bellunopress\" \/>\n<meta name=\"twitter:site\" content=\"@bellunopress\" \/>\n<meta name=\"twitter:label1\" content=\"\u00c9crit par\" \/>\n\t<meta name=\"twitter:data1\" content=\"redazione\" \/>\n\t<meta name=\"twitter:label2\" content=\"Dur\u00e9e de lecture estim\u00e9e\" \/>\n\t<meta name=\"twitter:data2\" content=\"3 minutes\" \/>\n<script type=\"application\/ld+json\" class=\"yoast-schema-graph\">{\"@context\":\"https:\\\/\\\/schema.org\",\"@graph\":[{\"@type\":\"Article\",\"@id\":\"https:\\\/\\\/www.bellunopress.it\\\/2022\\\/09\\\/03\\\/via-al-progetto-per-lospedale-di-comunita-di-feltre-e-per-la-casa-della-comunita-di-pieve-di-cadore\\\/#article\",\"isPartOf\":{\"@id\":\"https:\\\/\\\/www.bellunopress.it\\\/2022\\\/09\\\/03\\\/via-al-progetto-per-lospedale-di-comunita-di-feltre-e-per-la-casa-della-comunita-di-pieve-di-cadore\\\/\"},\"author\":{\"name\":\"redazione\",\"@id\":\"https:\\\/\\\/www.bellunopress.it\\\/#\\\/schema\\\/person\\\/79bb06722b37ece1c03d3e94beb30d73\"},\"headline\":\"Via al progetto per l\u2019Ospedale di Comunit\u00e0 di Feltre e per la Casa della Comunit\u00e0 di Pieve di Cadore\",\"datePublished\":\"2022-09-03T10:39:38+00:00\",\"mainEntityOfPage\":{\"@id\":\"https:\\\/\\\/www.bellunopress.it\\\/2022\\\/09\\\/03\\\/via-al-progetto-per-lospedale-di-comunita-di-feltre-e-per-la-casa-della-comunita-di-pieve-di-cadore\\\/\"},\"wordCount\":471,\"publisher\":{\"@id\":\"https:\\\/\\\/www.bellunopress.it\\\/#organization\"},\"image\":{\"@id\":\"https:\\\/\\\/www.bellunopress.it\\\/2022\\\/09\\\/03\\\/via-al-progetto-per-lospedale-di-comunita-di-feltre-e-per-la-casa-della-comunita-di-pieve-di-cadore\\\/#primaryimage\"},\"thumbnailUrl\":\"https:\\\/\\\/www.bellunopress.it\\\/wp-content\\\/uploads\\\/2020\\\/03\\\/Ospedale-Feltre-2.jpg\",\"articleSection\":[\"Prima Pagina\",\"Sanit\u00e0 Medicina\"],\"inLanguage\":\"fr-FR\"},{\"@type\":\"WebPage\",\"@id\":\"https:\\\/\\\/www.bellunopress.it\\\/2022\\\/09\\\/03\\\/via-al-progetto-per-lospedale-di-comunita-di-feltre-e-per-la-casa-della-comunita-di-pieve-di-cadore\\\/\",\"url\":\"https:\\\/\\\/www.bellunopress.it\\\/2022\\\/09\\\/03\\\/via-al-progetto-per-lospedale-di-comunita-di-feltre-e-per-la-casa-della-comunita-di-pieve-di-cadore\\\/\",\"name\":\"Via al progetto per l\u2019Ospedale di Comunit\u00e0 di Feltre e per la Casa della Comunit\u00e0 di Pieve di Cadore - Bellunopress - Dolomiti\",\"isPartOf\":{\"@id\":\"https:\\\/\\\/www.bellunopress.it\\\/#website\"},\"primaryImageOfPage\":{\"@id\":\"https:\\\/\\\/www.bellunopress.it\\\/2022\\\/09\\\/03\\\/via-al-progetto-per-lospedale-di-comunita-di-feltre-e-per-la-casa-della-comunita-di-pieve-di-cadore\\\/#primaryimage\"},\"image\":{\"@id\":\"https:\\\/\\\/www.bellunopress.it\\\/2022\\\/09\\\/03\\\/via-al-progetto-per-lospedale-di-comunita-di-feltre-e-per-la-casa-della-comunita-di-pieve-di-cadore\\\/#primaryimage\"},\"thumbnailUrl\":\"https:\\\/\\\/www.bellunopress.it\\\/wp-content\\\/uploads\\\/2020\\\/03\\\/Ospedale-Feltre-2.jpg\",\"datePublished\":\"2022-09-03T10:39:38+00:00\",\"breadcrumb\":{\"@id\":\"https:\\\/\\\/www.bellunopress.it\\\/2022\\\/09\\\/03\\\/via-al-progetto-per-lospedale-di-comunita-di-feltre-e-per-la-casa-della-comunita-di-pieve-di-cadore\\\/#breadcrumb\"},\"inLanguage\":\"fr-FR\",\"potentialAction\":[{\"@type\":\"ReadAction\",\"target\":[\"https:\\\/\\\/www.bellunopress.it\\\/2022\\\/09\\\/03\\\/via-al-progetto-per-lospedale-di-comunita-di-feltre-e-per-la-casa-della-comunita-di-pieve-di-cadore\\\/\"]}]},{\"@type\":\"ImageObject\",\"inLanguage\":\"fr-FR\",\"@id\":\"https:\\\/\\\/www.bellunopress.it\\\/2022\\\/09\\\/03\\\/via-al-progetto-per-lospedale-di-comunita-di-feltre-e-per-la-casa-della-comunita-di-pieve-di-cadore\\\/#primaryimage\",\"url\":\"https:\\\/\\\/www.bellunopress.it\\\/wp-content\\\/uploads\\\/2020\\\/03\\\/Ospedale-Feltre-2.jpg\",\"contentUrl\":\"https:\\\/\\\/www.bellunopress.it\\\/wp-content\\\/uploads\\\/2020\\\/03\\\/Ospedale-Feltre-2.jpg\",\"width\":900,\"height\":675,\"caption\":\"Ospedale di Feltre\"},{\"@type\":\"BreadcrumbList\",\"@id\":\"https:\\\/\\\/www.bellunopress.it\\\/2022\\\/09\\\/03\\\/via-al-progetto-per-lospedale-di-comunita-di-feltre-e-per-la-casa-della-comunita-di-pieve-di-cadore\\\/#breadcrumb\",\"itemListElement\":[{\"@type\":\"ListItem\",\"position\":1,\"name\":\"Home\",\"item\":\"https:\\\/\\\/www.bellunopress.it\\\/\"},{\"@type\":\"ListItem\",\"position\":2,\"name\":\"Via al progetto per l\u2019Ospedale di Comunit\u00e0 di Feltre e per la Casa della Comunit\u00e0 di Pieve di Cadore\"}]},{\"@type\":\"WebSite\",\"@id\":\"https:\\\/\\\/www.bellunopress.it\\\/#website\",\"url\":\"https:\\\/\\\/www.bellunopress.it\\\/\",\"name\":\"Bellunopress - Dolomiti\",\"description\":\"e-mail: redazione@bellunopress.it\",\"publisher\":{\"@id\":\"https:\\\/\\\/www.bellunopress.it\\\/#organization\"},\"potentialAction\":[{\"@type\":\"SearchAction\",\"target\":{\"@type\":\"EntryPoint\",\"urlTemplate\":\"https:\\\/\\\/www.bellunopress.it\\\/?s={search_term_string}\"},\"query-input\":{\"@type\":\"PropertyValueSpecification\",\"valueRequired\":true,\"valueName\":\"search_term_string\"}}],\"inLanguage\":\"fr-FR\"},{\"@type\":\"Organization\",\"@id\":\"https:\\\/\\\/www.bellunopress.it\\\/#organization\",\"name\":\"Bellunopress\",\"url\":\"https:\\\/\\\/www.bellunopress.it\\\/\",\"logo\":{\"@type\":\"ImageObject\",\"inLanguage\":\"fr-FR\",\"@id\":\"https:\\\/\\\/www.bellunopress.it\\\/#\\\/schema\\\/logo\\\/image\\\/\",\"url\":\"https:\\\/\\\/www.bellunopress.it\\\/wp-content\\\/uploads\\\/2011\\\/05\\\/cropped-logo-bellunopress-.jpg\",\"contentUrl\":\"https:\\\/\\\/www.bellunopress.it\\\/wp-content\\\/uploads\\\/2011\\\/05\\\/cropped-logo-bellunopress-.jpg\",\"width\":512,\"height\":512,\"caption\":\"Bellunopress\"},\"image\":{\"@id\":\"https:\\\/\\\/www.bellunopress.it\\\/#\\\/schema\\\/logo\\\/image\\\/\"},\"sameAs\":[\"https:\\\/\\\/www.facebook.com\\\/profile.php?id=100008943462799\",\"https:\\\/\\\/x.com\\\/bellunopress\",\"https:\\\/\\\/www.linkedin.com\\\/hp\\\/?dnr=JBzUWaJfMUw8vbXJJ2tVW5-I3jZKvC4wsoxE&amp;amp;amp;amp;amp;amp;trk=nav_responsive_tab_home\",\"https:\\\/\\\/www.youtube.com\\\/channel\\\/UCxL0wu1uN0_3_7hGG0306cw\"]},{\"@type\":\"Person\",\"@id\":\"https:\\\/\\\/www.bellunopress.it\\\/#\\\/schema\\\/person\\\/79bb06722b37ece1c03d3e94beb30d73\",\"name\":\"redazione\",\"image\":{\"@type\":\"ImageObject\",\"inLanguage\":\"fr-FR\",\"@id\":\"https:\\\/\\\/secure.gravatar.com\\\/avatar\\\/37d968a2e67a6fd04c169c4bdef102d0bc5d31b2546345219e348575eb80e9a0?s=96&d=mm&r=g\",\"url\":\"https:\\\/\\\/secure.gravatar.com\\\/avatar\\\/37d968a2e67a6fd04c169c4bdef102d0bc5d31b2546345219e348575eb80e9a0?s=96&d=mm&r=g\",\"contentUrl\":\"https:\\\/\\\/secure.gravatar.com\\\/avatar\\\/37d968a2e67a6fd04c169c4bdef102d0bc5d31b2546345219e348575eb80e9a0?s=96&d=mm&r=g\",\"caption\":\"redazione\"},\"sameAs\":[\"http:\\\/\\\/www.bellunopress.it\",\"https:\\\/\\\/x.com\\\/bellunopress\"],\"url\":\"https:\\\/\\\/www.bellunopress.it\\\/fr\\\/author\\\/redazione\\\/\"}]}<\/script>\n<!-- \/ Yoast SEO plugin. -->","yoast_head_json":{"title":"Via al progetto per l\u2019Ospedale di Comunit\u00e0 di Feltre e per la Casa della Comunit\u00e0 di Pieve di Cadore - Bellunopress - Dolomiti","robots":{"index":"index","follow":"follow","max-snippet":"max-snippet:-1","max-image-preview":"max-image-preview:large","max-video-preview":"max-video-preview:-1"},"canonical":"https:\/\/www.bellunopress.it\/fr\/2022\/09\/03\/via-al-progetto-per-lospedale-di-comunita-di-feltre-e-per-la-casa-della-comunita-di-pieve-di-cadore\/","og_locale":"fr_FR","og_type":"article","og_title":"Via al progetto per l\u2019Ospedale di Comunit\u00e0 di Feltre e per la Casa della Comunit\u00e0 di Pieve di Cadore - Bellunopress - Dolomiti","og_description":"Procede spedito l\u2019iter per la realizzazione dei lavori dell\u2019Ospedale di Comunit\u00e0 di Feltre. E\u2019 stato, infatti, approvato il progetto di fattibilit\u00e0 tecnica ed economica\/definitivo dei lavori, un intervento che prevede un investimento complessivo di 1.550.000 euro, finanziati nell\u2019ambito del PNRR. Il progetto prevede la ristrutturazione di una porzione del secondo piano del padiglione Guarnieri dell\u2019Ospedale [&hellip;]","og_url":"https:\/\/www.bellunopress.it\/fr\/2022\/09\/03\/via-al-progetto-per-lospedale-di-comunita-di-feltre-e-per-la-casa-della-comunita-di-pieve-di-cadore\/","og_site_name":"Bellunopress - Dolomiti","article_publisher":"https:\/\/www.facebook.com\/profile.php?id=100008943462799","article_published_time":"2022-09-03T10:39:38+00:00","og_image":[{"width":900,"height":675,"url":"https:\/\/www.bellunopress.it\/wp-content\/uploads\/2020\/03\/Ospedale-Feltre-2.jpg","type":"image\/jpeg"}],"author":"redazione","twitter_card":"summary_large_image","twitter_creator":"@bellunopress","twitter_site":"@bellunopress","twitter_misc":{"\u00c9crit par":"redazione","Dur\u00e9e de lecture estim\u00e9e":"3 minutes"},"schema":{"@context":"https:\/\/schema.org","@graph":[{"@type":"Article","@id":"https:\/\/www.bellunopress.it\/2022\/09\/03\/via-al-progetto-per-lospedale-di-comunita-di-feltre-e-per-la-casa-della-comunita-di-pieve-di-cadore\/#article","isPartOf":{"@id":"https:\/\/www.bellunopress.it\/2022\/09\/03\/via-al-progetto-per-lospedale-di-comunita-di-feltre-e-per-la-casa-della-comunita-di-pieve-di-cadore\/"},"author":{"name":"redazione","@id":"https:\/\/www.bellunopress.it\/#\/schema\/person\/79bb06722b37ece1c03d3e94beb30d73"},"headline":"Via al progetto per l\u2019Ospedale di Comunit\u00e0 di Feltre e per la Casa della Comunit\u00e0 di Pieve di Cadore","datePublished":"2022-09-03T10:39:38+00:00","mainEntityOfPage":{"@id":"https:\/\/www.bellunopress.it\/2022\/09\/03\/via-al-progetto-per-lospedale-di-comunita-di-feltre-e-per-la-casa-della-comunita-di-pieve-di-cadore\/"},"wordCount":471,"publisher":{"@id":"https:\/\/www.bellunopress.it\/#organization"},"image":{"@id":"https:\/\/www.bellunopress.it\/2022\/09\/03\/via-al-progetto-per-lospedale-di-comunita-di-feltre-e-per-la-casa-della-comunita-di-pieve-di-cadore\/#primaryimage"},"thumbnailUrl":"https:\/\/www.bellunopress.it\/wp-content\/uploads\/2020\/03\/Ospedale-Feltre-2.jpg","articleSection":["Prima Pagina","Sanit\u00e0 Medicina"],"inLanguage":"fr-FR"},{"@type":"WebPage","@id":"https:\/\/www.bellunopress.it\/2022\/09\/03\/via-al-progetto-per-lospedale-di-comunita-di-feltre-e-per-la-casa-della-comunita-di-pieve-di-cadore\/","url":"https:\/\/www.bellunopress.it\/2022\/09\/03\/via-al-progetto-per-lospedale-di-comunita-di-feltre-e-per-la-casa-della-comunita-di-pieve-di-cadore\/","name":"Via al progetto per l\u2019Ospedale di Comunit\u00e0 di Feltre e per la Casa della Comunit\u00e0 di Pieve di Cadore - Bellunopress - Dolomiti","isPartOf":{"@id":"https:\/\/www.bellunopress.it\/#website"},"primaryImageOfPage":{"@id":"https:\/\/www.bellunopress.it\/2022\/09\/03\/via-al-progetto-per-lospedale-di-comunita-di-feltre-e-per-la-casa-della-comunita-di-pieve-di-cadore\/#primaryimage"},"image":{"@id":"https:\/\/www.bellunopress.it\/2022\/09\/03\/via-al-progetto-per-lospedale-di-comunita-di-feltre-e-per-la-casa-della-comunita-di-pieve-di-cadore\/#primaryimage"},"thumbnailUrl":"https:\/\/www.bellunopress.it\/wp-content\/uploads\/2020\/03\/Ospedale-Feltre-2.jpg","datePublished":"2022-09-03T10:39:38+00:00","breadcrumb":{"@id":"https:\/\/www.bellunopress.it\/2022\/09\/03\/via-al-progetto-per-lospedale-di-comunita-di-feltre-e-per-la-casa-della-comunita-di-pieve-di-cadore\/#breadcrumb"},"inLanguage":"fr-FR","potentialAction":[{"@type":"ReadAction","target":["https:\/\/www.bellunopress.it\/2022\/09\/03\/via-al-progetto-per-lospedale-di-comunita-di-feltre-e-per-la-casa-della-comunita-di-pieve-di-cadore\/"]}]},{"@type":"ImageObject","inLanguage":"fr-FR","@id":"https:\/\/www.bellunopress.it\/2022\/09\/03\/via-al-progetto-per-lospedale-di-comunita-di-feltre-e-per-la-casa-della-comunita-di-pieve-di-cadore\/#primaryimage","url":"https:\/\/www.bellunopress.it\/wp-content\/uploads\/2020\/03\/Ospedale-Feltre-2.jpg","contentUrl":"https:\/\/www.bellunopress.it\/wp-content\/uploads\/2020\/03\/Ospedale-Feltre-2.jpg","width":900,"height":675,"caption":"Ospedale di Feltre"},{"@type":"BreadcrumbList","@id":"https:\/\/www.bellunopress.it\/2022\/09\/03\/via-al-progetto-per-lospedale-di-comunita-di-feltre-e-per-la-casa-della-comunita-di-pieve-di-cadore\/#breadcrumb","itemListElement":[{"@type":"ListItem","position":1,"name":"Home","item":"https:\/\/www.bellunopress.it\/"},{"@type":"ListItem","position":2,"name":"Via al progetto per l\u2019Ospedale di Comunit\u00e0 di Feltre e per la Casa della Comunit\u00e0 di Pieve di Cadore"}]},{"@type":"WebSite","@id":"https:\/\/www.bellunopress.it\/#website","url":"https:\/\/www.bellunopress.it\/","name":"Bellunopress - Dolomiti","description":"e-mail: redazione@bellunopress.it","publisher":{"@id":"https:\/\/www.bellunopress.it\/#organization"},"potentialAction":[{"@type":"SearchAction","target":{"@type":"EntryPoint","urlTemplate":"https:\/\/www.bellunopress.it\/?s={search_term_string}"},"query-input":{"@type":"PropertyValueSpecification","valueRequired":true,"valueName":"search_term_string"}}],"inLanguage":"fr-FR"},{"@type":"Organization","@id":"https:\/\/www.bellunopress.it\/#organization","name":"Bellunopress","url":"https:\/\/www.bellunopress.it\/","logo":{"@type":"ImageObject","inLanguage":"fr-FR","@id":"https:\/\/www.bellunopress.it\/#\/schema\/logo\/image\/","url":"https:\/\/www.bellunopress.it\/wp-content\/uploads\/2011\/05\/cropped-logo-bellunopress-.jpg","contentUrl":"https:\/\/www.bellunopress.it\/wp-content\/uploads\/2011\/05\/cropped-logo-bellunopress-.jpg","width":512,"height":512,"caption":"Bellunopress"},"image":{"@id":"https:\/\/www.bellunopress.it\/#\/schema\/logo\/image\/"},"sameAs":["https:\/\/www.facebook.com\/profile.php?id=100008943462799","https:\/\/x.com\/bellunopress","https:\/\/www.linkedin.com\/hp\/?dnr=JBzUWaJfMUw8vbXJJ2tVW5-I3jZKvC4wsoxE&amp;amp;amp;amp;amp;amp;trk=nav_responsive_tab_home","https:\/\/www.youtube.com\/channel\/UCxL0wu1uN0_3_7hGG0306cw"]},{"@type":"Person","@id":"https:\/\/www.bellunopress.it\/#\/schema\/person\/79bb06722b37ece1c03d3e94beb30d73","name":"r\u00e9daction","image":{"@type":"ImageObject","inLanguage":"fr-FR","@id":"https:\/\/secure.gravatar.com\/avatar\/37d968a2e67a6fd04c169c4bdef102d0bc5d31b2546345219e348575eb80e9a0?s=96&d=mm&r=g","url":"https:\/\/secure.gravatar.com\/avatar\/37d968a2e67a6fd04c169c4bdef102d0bc5d31b2546345219e348575eb80e9a0?s=96&d=mm&r=g","contentUrl":"https:\/\/secure.gravatar.com\/avatar\/37d968a2e67a6fd04c169c4bdef102d0bc5d31b2546345219e348575eb80e9a0?s=96&d=mm&r=g","caption":"redazione"},"sameAs":["http:\/\/www.bellunopress.it","https:\/\/x.com\/bellunopress"],"url":"https:\/\/www.bellunopress.it\/fr\/author\/redazione\/"}]}},"_links":{"self":[{"href":"https:\/\/www.bellunopress.it\/fr\/wp-json\/wp\/v2\/posts\/136203","targetHints":{"allow":["GET"]}}],"collection":[{"href":"https:\/\/www.bellunopress.it\/fr\/wp-json\/wp\/v2\/posts"}],"about":[{"href":"https:\/\/www.bellunopress.it\/fr\/wp-json\/wp\/v2\/types\/post"}],"author":[{"embeddable":true,"href":"https:\/\/www.bellunopress.it\/fr\/wp-json\/wp\/v2\/users\/2"}],"replies":[{"embeddable":true,"href":"https:\/\/www.bellunopress.it\/fr\/wp-json\/wp\/v2\/comments?post=136203"}],"version-history":[{"count":1,"href":"https:\/\/www.bellunopress.it\/fr\/wp-json\/wp\/v2\/posts\/136203\/revisions"}],"predecessor-version":[{"id":136204,"href":"https:\/\/www.bellunopress.it\/fr\/wp-json\/wp\/v2\/posts\/136203\/revisions\/136204"}],"wp:featuredmedia":[{"embeddable":true,"href":"https:\/\/www.bellunopress.it\/fr\/wp-json\/wp\/v2\/media\/112702"}],"wp:attachment":[{"href":"https:\/\/www.bellunopress.it\/fr\/wp-json\/wp\/v2\/media?parent=136203"}],"wp:term":[{"taxonomy":"category","embeddable":true,"href":"https:\/\/www.bellunopress.it\/fr\/wp-json\/wp\/v2\/categories?post=136203"},{"taxonomy":"post_tag","embeddable":true,"href":"https:\/\/www.bellunopress.it\/fr\/wp-json\/wp\/v2\/tags?post=136203"}],"curies":[{"name":"wp","href":"https:\/\/api.w.org\/{rel}","templated":true}]}}