{"id":136182,"date":"2022-09-02T15:41:09","date_gmt":"2022-09-02T13:41:09","guid":{"rendered":"https:\/\/www.bellunopress.it\/?p=136182"},"modified":"2022-09-02T15:41:57","modified_gmt":"2022-09-02T13:41:57","slug":"trasporto-scolastico-al-via-la-campagna-di-investi-scuola","status":"publish","type":"post","link":"https:\/\/www.bellunopress.it\/fr\/2022\/09\/02\/trasporto-scolastico-al-via-la-campagna-di-investi-scuola\/","title":{"rendered":"Trasporto scolastico. Al via la campagna di &#8220;Investi scuola&#8221;"},"content":{"rendered":"<p>Dario Scopel: \u00abLeggero ritardo per motivi di procedura, dalla prossima settimana possono partire gli abbonamenti calmierati\u00bb<\/p>\n<figure id=\"attachment_123540\" aria-describedby=\"caption-attachment-123540\" style=\"width: 509px\" class=\"wp-caption alignleft\"><img loading=\"lazy\" decoding=\"async\" class=\"size-full wp-image-123540\" src=\"https:\/\/www.bellunopress.it\/wp-content\/uploads\/2021\/04\/Dario-Scopel-consigliere-provinciale.jpg\" alt=\"\" width=\"509\" height=\"379\" srcset=\"https:\/\/www.bellunopress.it\/wp-content\/uploads\/2021\/04\/Dario-Scopel-consigliere-provinciale.jpg 509w, https:\/\/www.bellunopress.it\/wp-content\/uploads\/2021\/04\/Dario-Scopel-consigliere-provinciale-500x372.jpg 500w, https:\/\/www.bellunopress.it\/wp-content\/uploads\/2021\/04\/Dario-Scopel-consigliere-provinciale-485x360.jpg 485w, https:\/\/www.bellunopress.it\/wp-content\/uploads\/2021\/04\/Dario-Scopel-consigliere-provinciale-80x60.jpg 80w, https:\/\/www.bellunopress.it\/wp-content\/uploads\/2021\/04\/Dario-Scopel-consigliere-provinciale-265x198.jpg 265w\" sizes=\"auto, (max-width: 509px) 100vw, 509px\" \/><figcaption id=\"caption-attachment-123540\" class=\"wp-caption-text\">Dario Scopel &#8211; Consigliere provinciale<\/figcaption><\/figure>\n<p>All&#8217;inizio della prossima settimana partir\u00e0 ufficialmente la campagna di &#8220;Investi scuola&#8221;. Il progetto di abbonamenti a prezzo calmierato &#8211; con allineamento al costo pi\u00f9 basso di tutte le fasce chilometriche &#8211; \u00e8 stato rifinanziato anche per il prossimo anno scolastico, grazie alle sinergie tra Fondo Comuni confinanti e Consorzio Bim Piave. E dopo gli ultimi passaggi burocratici, potranno essere sottoscritti gli abbonamenti studenti.<\/p>\n<p>\u00abC&#8217;\u00e8 stato qualche ritardo, dovuto a un passaggio procedurale che ha richiesto pi\u00f9 tempo del previsto. Tranquillizziamo le famiglie degli studenti: dalla prossima settimana potranno fare l&#8217;abbonamento con &#8220;Investi scuola&#8221; &#8211; afferma Dario Scopel, consigliere provinciale delegato ai trasporti -. In questi giorni i nostri uffici hanno ricevuto moltissime telefonate per avere informazioni sugli abbonamenti e questo rende l&#8217;idea di quanto importante e utile sia il progetto &#8220;Investi scuola&#8221;. Una vera misura a favore della montagna e delle terre alte, visto che l&#8217;abbonamento per il trasporto sui mezzi pubblici vale per tutti lo stesso prezzo, indifferentemente dai chilometri percorsi\u00bb.<\/p>\n<p>\u00abData l&#8217;importanza del trasporto pubblico, in una provincia montana e dalle distanze spesso notevoli tra le abitazioni e i centri di servizio, la Provincia ritiene indispensabile portare avanti questo genere di misure\u00bb conclude Scopel. \u00abStiamo studiando una modalit\u00e0 di agevolazione per quei ragazzi che hanno dovuto o devono spostarsi a scuola nei primi giorni di settembre, senza ancora aver potuto sottoscrivere l&#8217;abbonamento con &#8220;Investi scuola&#8221;. Anche questo \u00e8 favorire la montagna e chi ci abita\u00bb.<\/p>","protected":false},"excerpt":{"rendered":"<p>Dario Scopel: \u00abLeggero ritardo per motivi di procedura, dalla prossima settimana possono partire gli abbonamenti calmierati\u00bb All&#8217;inizio della prossima settimana partir\u00e0 ufficialmente la campagna di &#8220;Investi scuola&#8221;. Il progetto di abbonamenti a prezzo calmierato &#8211; con allineamento al costo pi\u00f9 basso di tutte le fasce chilometriche &#8211; \u00e8 stato rifinanziato anche per il prossimo anno [&hellip;]<\/p>\n","protected":false},"author":2,"featured_media":123540,"comment_status":"closed","ping_status":"open","sticky":false,"template":"","format":"standard","meta":{"footnotes":""},"categories":[26,15],"tags":[],"class_list":["post-136182","post","type-post","status-publish","format-standard","has-post-thumbnail","category-prima-pagina","category-scuola"],"yoast_head":"<!-- This site is optimized with the Yoast SEO plugin v28.4 - https:\/\/yoast.com\/product\/yoast-seo-wordpress\/ -->\n<title>Trasporto scolastico. Al via la campagna di &quot;Investi scuola&quot; - Bellunopress - Dolomiti<\/title>\n<meta name=\"robots\" content=\"index, follow, max-snippet:-1, max-image-preview:large, max-video-preview:-1\" \/>\n<link rel=\"canonical\" href=\"https:\/\/www.bellunopress.it\/fr\/2022\/09\/02\/trasporto-scolastico-al-via-la-campagna-di-investi-scuola\/\" \/>\n<meta property=\"og:locale\" content=\"fr_FR\" \/>\n<meta property=\"og:type\" content=\"article\" \/>\n<meta property=\"og:title\" content=\"Trasporto scolastico. Al via la campagna di &quot;Investi scuola&quot; - Bellunopress - Dolomiti\" \/>\n<meta property=\"og:description\" content=\"Dario Scopel: \u00abLeggero ritardo per motivi di procedura, dalla prossima settimana possono partire gli abbonamenti calmierati\u00bb All&#8217;inizio della prossima settimana partir\u00e0 ufficialmente la campagna di &#8220;Investi scuola&#8221;. Il progetto di abbonamenti a prezzo calmierato &#8211; con allineamento al costo pi\u00f9 basso di tutte le fasce chilometriche &#8211; \u00e8 stato rifinanziato anche per il prossimo anno [&hellip;]\" \/>\n<meta property=\"og:url\" content=\"https:\/\/www.bellunopress.it\/fr\/2022\/09\/02\/trasporto-scolastico-al-via-la-campagna-di-investi-scuola\/\" \/>\n<meta property=\"og:site_name\" content=\"Bellunopress - Dolomiti\" \/>\n<meta property=\"article:publisher\" content=\"https:\/\/www.facebook.com\/profile.php?id=100008943462799\" \/>\n<meta property=\"article:published_time\" content=\"2022-09-02T13:41:09+00:00\" \/>\n<meta property=\"article:modified_time\" content=\"2022-09-02T13:41:57+00:00\" \/>\n<meta property=\"og:image\" content=\"https:\/\/www.bellunopress.it\/wp-content\/uploads\/2021\/04\/Dario-Scopel-consigliere-provinciale.jpg\" \/>\n\t<meta property=\"og:image:width\" content=\"509\" \/>\n\t<meta property=\"og:image:height\" content=\"379\" \/>\n\t<meta property=\"og:image:type\" content=\"image\/jpeg\" \/>\n<meta name=\"author\" content=\"redazione\" \/>\n<meta name=\"twitter:card\" content=\"summary_large_image\" \/>\n<meta name=\"twitter:creator\" content=\"@bellunopress\" \/>\n<meta name=\"twitter:site\" content=\"@bellunopress\" \/>\n<meta name=\"twitter:label1\" content=\"\u00c9crit par\" \/>\n\t<meta name=\"twitter:data1\" content=\"redazione\" \/>\n\t<meta name=\"twitter:label2\" content=\"Dur\u00e9e de lecture estim\u00e9e\" \/>\n\t<meta name=\"twitter:data2\" content=\"2 minutes\" \/>\n<script type=\"application\/ld+json\" class=\"yoast-schema-graph\">{\"@context\":\"https:\\\/\\\/schema.org\",\"@graph\":[{\"@type\":\"Article\",\"@id\":\"https:\\\/\\\/www.bellunopress.it\\\/2022\\\/09\\\/02\\\/trasporto-scolastico-al-via-la-campagna-di-investi-scuola\\\/#article\",\"isPartOf\":{\"@id\":\"https:\\\/\\\/www.bellunopress.it\\\/2022\\\/09\\\/02\\\/trasporto-scolastico-al-via-la-campagna-di-investi-scuola\\\/\"},\"author\":{\"name\":\"redazione\",\"@id\":\"https:\\\/\\\/www.bellunopress.it\\\/#\\\/schema\\\/person\\\/79bb06722b37ece1c03d3e94beb30d73\"},\"headline\":\"Trasporto scolastico. Al via la campagna di &#8220;Investi scuola&#8221;\",\"datePublished\":\"2022-09-02T13:41:09+00:00\",\"dateModified\":\"2022-09-02T13:41:57+00:00\",\"mainEntityOfPage\":{\"@id\":\"https:\\\/\\\/www.bellunopress.it\\\/2022\\\/09\\\/02\\\/trasporto-scolastico-al-via-la-campagna-di-investi-scuola\\\/\"},\"wordCount\":278,\"publisher\":{\"@id\":\"https:\\\/\\\/www.bellunopress.it\\\/#organization\"},\"image\":{\"@id\":\"https:\\\/\\\/www.bellunopress.it\\\/2022\\\/09\\\/02\\\/trasporto-scolastico-al-via-la-campagna-di-investi-scuola\\\/#primaryimage\"},\"thumbnailUrl\":\"https:\\\/\\\/www.bellunopress.it\\\/wp-content\\\/uploads\\\/2021\\\/04\\\/Dario-Scopel-consigliere-provinciale.jpg\",\"articleSection\":[\"Prima Pagina\",\"Scuola\"],\"inLanguage\":\"fr-FR\"},{\"@type\":\"WebPage\",\"@id\":\"https:\\\/\\\/www.bellunopress.it\\\/2022\\\/09\\\/02\\\/trasporto-scolastico-al-via-la-campagna-di-investi-scuola\\\/\",\"url\":\"https:\\\/\\\/www.bellunopress.it\\\/2022\\\/09\\\/02\\\/trasporto-scolastico-al-via-la-campagna-di-investi-scuola\\\/\",\"name\":\"Trasporto scolastico. Al via la campagna di \\\"Investi scuola\\\" - Bellunopress - Dolomiti\",\"isPartOf\":{\"@id\":\"https:\\\/\\\/www.bellunopress.it\\\/#website\"},\"primaryImageOfPage\":{\"@id\":\"https:\\\/\\\/www.bellunopress.it\\\/2022\\\/09\\\/02\\\/trasporto-scolastico-al-via-la-campagna-di-investi-scuola\\\/#primaryimage\"},\"image\":{\"@id\":\"https:\\\/\\\/www.bellunopress.it\\\/2022\\\/09\\\/02\\\/trasporto-scolastico-al-via-la-campagna-di-investi-scuola\\\/#primaryimage\"},\"thumbnailUrl\":\"https:\\\/\\\/www.bellunopress.it\\\/wp-content\\\/uploads\\\/2021\\\/04\\\/Dario-Scopel-consigliere-provinciale.jpg\",\"datePublished\":\"2022-09-02T13:41:09+00:00\",\"dateModified\":\"2022-09-02T13:41:57+00:00\",\"breadcrumb\":{\"@id\":\"https:\\\/\\\/www.bellunopress.it\\\/2022\\\/09\\\/02\\\/trasporto-scolastico-al-via-la-campagna-di-investi-scuola\\\/#breadcrumb\"},\"inLanguage\":\"fr-FR\",\"potentialAction\":[{\"@type\":\"ReadAction\",\"target\":[\"https:\\\/\\\/www.bellunopress.it\\\/2022\\\/09\\\/02\\\/trasporto-scolastico-al-via-la-campagna-di-investi-scuola\\\/\"]}]},{\"@type\":\"ImageObject\",\"inLanguage\":\"fr-FR\",\"@id\":\"https:\\\/\\\/www.bellunopress.it\\\/2022\\\/09\\\/02\\\/trasporto-scolastico-al-via-la-campagna-di-investi-scuola\\\/#primaryimage\",\"url\":\"https:\\\/\\\/www.bellunopress.it\\\/wp-content\\\/uploads\\\/2021\\\/04\\\/Dario-Scopel-consigliere-provinciale.jpg\",\"contentUrl\":\"https:\\\/\\\/www.bellunopress.it\\\/wp-content\\\/uploads\\\/2021\\\/04\\\/Dario-Scopel-consigliere-provinciale.jpg\",\"width\":509,\"height\":379,\"caption\":\"Dario Scopel - Sindaco di Seren del Grappa\"},{\"@type\":\"BreadcrumbList\",\"@id\":\"https:\\\/\\\/www.bellunopress.it\\\/2022\\\/09\\\/02\\\/trasporto-scolastico-al-via-la-campagna-di-investi-scuola\\\/#breadcrumb\",\"itemListElement\":[{\"@type\":\"ListItem\",\"position\":1,\"name\":\"Home\",\"item\":\"https:\\\/\\\/www.bellunopress.it\\\/\"},{\"@type\":\"ListItem\",\"position\":2,\"name\":\"Trasporto scolastico. Al via la campagna di &#8220;Investi scuola&#8221;\"}]},{\"@type\":\"WebSite\",\"@id\":\"https:\\\/\\\/www.bellunopress.it\\\/#website\",\"url\":\"https:\\\/\\\/www.bellunopress.it\\\/\",\"name\":\"Bellunopress - Dolomiti\",\"description\":\"e-mail: redazione@bellunopress.it\",\"publisher\":{\"@id\":\"https:\\\/\\\/www.bellunopress.it\\\/#organization\"},\"potentialAction\":[{\"@type\":\"SearchAction\",\"target\":{\"@type\":\"EntryPoint\",\"urlTemplate\":\"https:\\\/\\\/www.bellunopress.it\\\/?s={search_term_string}\"},\"query-input\":{\"@type\":\"PropertyValueSpecification\",\"valueRequired\":true,\"valueName\":\"search_term_string\"}}],\"inLanguage\":\"fr-FR\"},{\"@type\":\"Organization\",\"@id\":\"https:\\\/\\\/www.bellunopress.it\\\/#organization\",\"name\":\"Bellunopress\",\"url\":\"https:\\\/\\\/www.bellunopress.it\\\/\",\"logo\":{\"@type\":\"ImageObject\",\"inLanguage\":\"fr-FR\",\"@id\":\"https:\\\/\\\/www.bellunopress.it\\\/#\\\/schema\\\/logo\\\/image\\\/\",\"url\":\"https:\\\/\\\/www.bellunopress.it\\\/wp-content\\\/uploads\\\/2011\\\/05\\\/cropped-logo-bellunopress-.jpg\",\"contentUrl\":\"https:\\\/\\\/www.bellunopress.it\\\/wp-content\\\/uploads\\\/2011\\\/05\\\/cropped-logo-bellunopress-.jpg\",\"width\":512,\"height\":512,\"caption\":\"Bellunopress\"},\"image\":{\"@id\":\"https:\\\/\\\/www.bellunopress.it\\\/#\\\/schema\\\/logo\\\/image\\\/\"},\"sameAs\":[\"https:\\\/\\\/www.facebook.com\\\/profile.php?id=100008943462799\",\"https:\\\/\\\/x.com\\\/bellunopress\",\"https:\\\/\\\/www.linkedin.com\\\/hp\\\/?dnr=JBzUWaJfMUw8vbXJJ2tVW5-I3jZKvC4wsoxE&amp;amp;amp;amp;amp;amp;trk=nav_responsive_tab_home\",\"https:\\\/\\\/www.youtube.com\\\/channel\\\/UCxL0wu1uN0_3_7hGG0306cw\"]},{\"@type\":\"Person\",\"@id\":\"https:\\\/\\\/www.bellunopress.it\\\/#\\\/schema\\\/person\\\/79bb06722b37ece1c03d3e94beb30d73\",\"name\":\"redazione\",\"image\":{\"@type\":\"ImageObject\",\"inLanguage\":\"fr-FR\",\"@id\":\"https:\\\/\\\/secure.gravatar.com\\\/avatar\\\/37d968a2e67a6fd04c169c4bdef102d0bc5d31b2546345219e348575eb80e9a0?s=96&d=mm&r=g\",\"url\":\"https:\\\/\\\/secure.gravatar.com\\\/avatar\\\/37d968a2e67a6fd04c169c4bdef102d0bc5d31b2546345219e348575eb80e9a0?s=96&d=mm&r=g\",\"contentUrl\":\"https:\\\/\\\/secure.gravatar.com\\\/avatar\\\/37d968a2e67a6fd04c169c4bdef102d0bc5d31b2546345219e348575eb80e9a0?s=96&d=mm&r=g\",\"caption\":\"redazione\"},\"sameAs\":[\"http:\\\/\\\/www.bellunopress.it\",\"https:\\\/\\\/x.com\\\/bellunopress\"],\"url\":\"https:\\\/\\\/www.bellunopress.it\\\/fr\\\/author\\\/redazione\\\/\"}]}<\/script>\n<!-- \/ Yoast SEO plugin. -->","yoast_head_json":{"title":"Trasporto scolastico. Al via la campagna di \"Investi scuola\" - Bellunopress - Dolomiti","robots":{"index":"index","follow":"follow","max-snippet":"max-snippet:-1","max-image-preview":"max-image-preview:large","max-video-preview":"max-video-preview:-1"},"canonical":"https:\/\/www.bellunopress.it\/fr\/2022\/09\/02\/trasporto-scolastico-al-via-la-campagna-di-investi-scuola\/","og_locale":"fr_FR","og_type":"article","og_title":"Trasporto scolastico. Al via la campagna di \"Investi scuola\" - Bellunopress - Dolomiti","og_description":"Dario Scopel: \u00abLeggero ritardo per motivi di procedura, dalla prossima settimana possono partire gli abbonamenti calmierati\u00bb All&#8217;inizio della prossima settimana partir\u00e0 ufficialmente la campagna di &#8220;Investi scuola&#8221;. Il progetto di abbonamenti a prezzo calmierato &#8211; con allineamento al costo pi\u00f9 basso di tutte le fasce chilometriche &#8211; \u00e8 stato rifinanziato anche per il prossimo anno [&hellip;]","og_url":"https:\/\/www.bellunopress.it\/fr\/2022\/09\/02\/trasporto-scolastico-al-via-la-campagna-di-investi-scuola\/","og_site_name":"Bellunopress - Dolomiti","article_publisher":"https:\/\/www.facebook.com\/profile.php?id=100008943462799","article_published_time":"2022-09-02T13:41:09+00:00","article_modified_time":"2022-09-02T13:41:57+00:00","og_image":[{"width":509,"height":379,"url":"https:\/\/www.bellunopress.it\/wp-content\/uploads\/2021\/04\/Dario-Scopel-consigliere-provinciale.jpg","type":"image\/jpeg"}],"author":"redazione","twitter_card":"summary_large_image","twitter_creator":"@bellunopress","twitter_site":"@bellunopress","twitter_misc":{"\u00c9crit par":"redazione","Dur\u00e9e de lecture estim\u00e9e":"2 minutes"},"schema":{"@context":"https:\/\/schema.org","@graph":[{"@type":"Article","@id":"https:\/\/www.bellunopress.it\/2022\/09\/02\/trasporto-scolastico-al-via-la-campagna-di-investi-scuola\/#article","isPartOf":{"@id":"https:\/\/www.bellunopress.it\/2022\/09\/02\/trasporto-scolastico-al-via-la-campagna-di-investi-scuola\/"},"author":{"name":"redazione","@id":"https:\/\/www.bellunopress.it\/#\/schema\/person\/79bb06722b37ece1c03d3e94beb30d73"},"headline":"Trasporto scolastico. Al via la campagna di &#8220;Investi scuola&#8221;","datePublished":"2022-09-02T13:41:09+00:00","dateModified":"2022-09-02T13:41:57+00:00","mainEntityOfPage":{"@id":"https:\/\/www.bellunopress.it\/2022\/09\/02\/trasporto-scolastico-al-via-la-campagna-di-investi-scuola\/"},"wordCount":278,"publisher":{"@id":"https:\/\/www.bellunopress.it\/#organization"},"image":{"@id":"https:\/\/www.bellunopress.it\/2022\/09\/02\/trasporto-scolastico-al-via-la-campagna-di-investi-scuola\/#primaryimage"},"thumbnailUrl":"https:\/\/www.bellunopress.it\/wp-content\/uploads\/2021\/04\/Dario-Scopel-consigliere-provinciale.jpg","articleSection":["Prima Pagina","Scuola"],"inLanguage":"fr-FR"},{"@type":"WebPage","@id":"https:\/\/www.bellunopress.it\/2022\/09\/02\/trasporto-scolastico-al-via-la-campagna-di-investi-scuola\/","url":"https:\/\/www.bellunopress.it\/2022\/09\/02\/trasporto-scolastico-al-via-la-campagna-di-investi-scuola\/","name":"Trasporto scolastico. Al via la campagna di \"Investi scuola\" - Bellunopress - Dolomiti","isPartOf":{"@id":"https:\/\/www.bellunopress.it\/#website"},"primaryImageOfPage":{"@id":"https:\/\/www.bellunopress.it\/2022\/09\/02\/trasporto-scolastico-al-via-la-campagna-di-investi-scuola\/#primaryimage"},"image":{"@id":"https:\/\/www.bellunopress.it\/2022\/09\/02\/trasporto-scolastico-al-via-la-campagna-di-investi-scuola\/#primaryimage"},"thumbnailUrl":"https:\/\/www.bellunopress.it\/wp-content\/uploads\/2021\/04\/Dario-Scopel-consigliere-provinciale.jpg","datePublished":"2022-09-02T13:41:09+00:00","dateModified":"2022-09-02T13:41:57+00:00","breadcrumb":{"@id":"https:\/\/www.bellunopress.it\/2022\/09\/02\/trasporto-scolastico-al-via-la-campagna-di-investi-scuola\/#breadcrumb"},"inLanguage":"fr-FR","potentialAction":[{"@type":"ReadAction","target":["https:\/\/www.bellunopress.it\/2022\/09\/02\/trasporto-scolastico-al-via-la-campagna-di-investi-scuola\/"]}]},{"@type":"ImageObject","inLanguage":"fr-FR","@id":"https:\/\/www.bellunopress.it\/2022\/09\/02\/trasporto-scolastico-al-via-la-campagna-di-investi-scuola\/#primaryimage","url":"https:\/\/www.bellunopress.it\/wp-content\/uploads\/2021\/04\/Dario-Scopel-consigliere-provinciale.jpg","contentUrl":"https:\/\/www.bellunopress.it\/wp-content\/uploads\/2021\/04\/Dario-Scopel-consigliere-provinciale.jpg","width":509,"height":379,"caption":"Dario Scopel - Sindaco di Seren del Grappa"},{"@type":"BreadcrumbList","@id":"https:\/\/www.bellunopress.it\/2022\/09\/02\/trasporto-scolastico-al-via-la-campagna-di-investi-scuola\/#breadcrumb","itemListElement":[{"@type":"ListItem","position":1,"name":"Home","item":"https:\/\/www.bellunopress.it\/"},{"@type":"ListItem","position":2,"name":"Trasporto scolastico. Al via la campagna di &#8220;Investi scuola&#8221;"}]},{"@type":"WebSite","@id":"https:\/\/www.bellunopress.it\/#website","url":"https:\/\/www.bellunopress.it\/","name":"Bellunopress - Dolomiti","description":"e-mail: redazione@bellunopress.it","publisher":{"@id":"https:\/\/www.bellunopress.it\/#organization"},"potentialAction":[{"@type":"SearchAction","target":{"@type":"EntryPoint","urlTemplate":"https:\/\/www.bellunopress.it\/?s={search_term_string}"},"query-input":{"@type":"PropertyValueSpecification","valueRequired":true,"valueName":"search_term_string"}}],"inLanguage":"fr-FR"},{"@type":"Organization","@id":"https:\/\/www.bellunopress.it\/#organization","name":"Bellunopress","url":"https:\/\/www.bellunopress.it\/","logo":{"@type":"ImageObject","inLanguage":"fr-FR","@id":"https:\/\/www.bellunopress.it\/#\/schema\/logo\/image\/","url":"https:\/\/www.bellunopress.it\/wp-content\/uploads\/2011\/05\/cropped-logo-bellunopress-.jpg","contentUrl":"https:\/\/www.bellunopress.it\/wp-content\/uploads\/2011\/05\/cropped-logo-bellunopress-.jpg","width":512,"height":512,"caption":"Bellunopress"},"image":{"@id":"https:\/\/www.bellunopress.it\/#\/schema\/logo\/image\/"},"sameAs":["https:\/\/www.facebook.com\/profile.php?id=100008943462799","https:\/\/x.com\/bellunopress","https:\/\/www.linkedin.com\/hp\/?dnr=JBzUWaJfMUw8vbXJJ2tVW5-I3jZKvC4wsoxE&amp;amp;amp;amp;amp;amp;trk=nav_responsive_tab_home","https:\/\/www.youtube.com\/channel\/UCxL0wu1uN0_3_7hGG0306cw"]},{"@type":"Person","@id":"https:\/\/www.bellunopress.it\/#\/schema\/person\/79bb06722b37ece1c03d3e94beb30d73","name":"r\u00e9daction","image":{"@type":"ImageObject","inLanguage":"fr-FR","@id":"https:\/\/secure.gravatar.com\/avatar\/37d968a2e67a6fd04c169c4bdef102d0bc5d31b2546345219e348575eb80e9a0?s=96&d=mm&r=g","url":"https:\/\/secure.gravatar.com\/avatar\/37d968a2e67a6fd04c169c4bdef102d0bc5d31b2546345219e348575eb80e9a0?s=96&d=mm&r=g","contentUrl":"https:\/\/secure.gravatar.com\/avatar\/37d968a2e67a6fd04c169c4bdef102d0bc5d31b2546345219e348575eb80e9a0?s=96&d=mm&r=g","caption":"redazione"},"sameAs":["http:\/\/www.bellunopress.it","https:\/\/x.com\/bellunopress"],"url":"https:\/\/www.bellunopress.it\/fr\/author\/redazione\/"}]}},"_links":{"self":[{"href":"https:\/\/www.bellunopress.it\/fr\/wp-json\/wp\/v2\/posts\/136182","targetHints":{"allow":["GET"]}}],"collection":[{"href":"https:\/\/www.bellunopress.it\/fr\/wp-json\/wp\/v2\/posts"}],"about":[{"href":"https:\/\/www.bellunopress.it\/fr\/wp-json\/wp\/v2\/types\/post"}],"author":[{"embeddable":true,"href":"https:\/\/www.bellunopress.it\/fr\/wp-json\/wp\/v2\/users\/2"}],"replies":[{"embeddable":true,"href":"https:\/\/www.bellunopress.it\/fr\/wp-json\/wp\/v2\/comments?post=136182"}],"version-history":[{"count":2,"href":"https:\/\/www.bellunopress.it\/fr\/wp-json\/wp\/v2\/posts\/136182\/revisions"}],"predecessor-version":[{"id":136184,"href":"https:\/\/www.bellunopress.it\/fr\/wp-json\/wp\/v2\/posts\/136182\/revisions\/136184"}],"wp:featuredmedia":[{"embeddable":true,"href":"https:\/\/www.bellunopress.it\/fr\/wp-json\/wp\/v2\/media\/123540"}],"wp:attachment":[{"href":"https:\/\/www.bellunopress.it\/fr\/wp-json\/wp\/v2\/media?parent=136182"}],"wp:term":[{"taxonomy":"category","embeddable":true,"href":"https:\/\/www.bellunopress.it\/fr\/wp-json\/wp\/v2\/categories?post=136182"},{"taxonomy":"post_tag","embeddable":true,"href":"https:\/\/www.bellunopress.it\/fr\/wp-json\/wp\/v2\/tags?post=136182"}],"curies":[{"name":"wp","href":"https:\/\/api.w.org\/{rel}","templated":true}]}}