{"id":136179,"date":"2022-09-02T14:02:12","date_gmt":"2022-09-02T12:02:12","guid":{"rendered":"https:\/\/www.bellunopress.it\/?p=136179"},"modified":"2022-09-02T14:02:12","modified_gmt":"2022-09-02T12:02:12","slug":"oltre-le-vette-2022-tra-limiti-e-liberta-ecco-le-novita-della-26esima-edizione","status":"publish","type":"post","link":"https:\/\/www.bellunopress.it\/fr\/2022\/09\/02\/oltre-le-vette-2022-tra-limiti-e-liberta-ecco-le-novita-della-26esima-edizione\/","title":{"rendered":"Oltre Le Vette 2022 tra Limiti e Libert\u00e0: ecco le novit\u00e0 della 26esima edizione"},"content":{"rendered":"<p><em><strong>Dal 7 al 16 ottobre, a Belluno, ritorna la rassegna culturale dedicata alla montagna. <\/strong><\/em><em><strong>A un mese dall\u2019avvio, alcune anteprime sulla prossima edizione<\/strong><\/em><\/p>\n<p><img loading=\"lazy\" decoding=\"async\" class=\"alignleft size-full wp-image-136180\" src=\"https:\/\/www.bellunopress.it\/wp-content\/uploads\/2022\/09\/Oltre-le-vette-2022.jpg\" alt=\"\" width=\"1000\" height=\"714\" srcset=\"https:\/\/www.bellunopress.it\/wp-content\/uploads\/2022\/09\/Oltre-le-vette-2022.jpg 1000w, https:\/\/www.bellunopress.it\/wp-content\/uploads\/2022\/09\/Oltre-le-vette-2022-500x357.jpg 500w, https:\/\/www.bellunopress.it\/wp-content\/uploads\/2022\/09\/Oltre-le-vette-2022-696x497.jpg 696w, https:\/\/www.bellunopress.it\/wp-content\/uploads\/2022\/09\/Oltre-le-vette-2022-588x420.jpg 588w, https:\/\/www.bellunopress.it\/wp-content\/uploads\/2022\/09\/Oltre-le-vette-2022-100x70.jpg 100w\" sizes=\"auto, (max-width: 1000px) 100vw, 1000px\" \/>\u00c8 \u201cLimiti e Libert\u00e0\u201d il tema scelto per la 26esima edizione di Oltre le Vette, la storica<br \/>\nrassegna culturale dedicata alla montagna in programma a Belluno dal 7 al 16 ottobre<br \/>\n2022. Oltre le Vette \u00e8 una manifestazione dell\u2019Assessorato alla Cultura del Comune di<br \/>\nBelluno organizzata con l\u2019ausilio della Fondazione Teatri delle Dolomiti.<\/p>\n<p><strong>Montagna: Limiti e Libert\u00e0<\/strong><br \/>\nPoche cose come la montagna, in natura, rimandano immediatamente all\u2019idea del limite.<br \/>\nLimite fisico, innanzitutto, per l\u2019ovvia diversit\u00e0 del pendio rispetto al piano, del freddo<br \/>\nrispetto al temperato, del duro della roccia e del ghiaccio rispetto al morbido della terra.<br \/>\nMa anche limite geografico, che solo l\u2019esplorazione verticale degli alpinisti ha saputo<br \/>\nsuperare, e limite antropologico, con la colonizzazione tardiva, spesso per necessit\u00e0 di<br \/>\nfuga e riparo, delle terre pi\u00f9 elevate. Oggi, in realt\u00e0, diventa necessario, accettando questi<br \/>\nlimiti come inevitabili, non trasformarli in vincoli e pesi sociali, economici, culturali.<br \/>\nConsentire a chi vive in montagna per nascita o per scelta di trovare nei condizionamenti<br \/>\nun\u2019occasione di sviluppo, nei problemi geografici una diversit\u00e0 arricchente e ricca di<br \/>\nsignificati, nella difficolt\u00e0 del vivere un motivo di orgoglio e di identit\u00e0.<br \/>\nAltrettanto forte \u00e8, per la montagna, il legame con l\u2019idea di libert\u00e0, quasi un sinonimo degli<br \/>\nspazi alti, aperti, senza confini apparenti. Libert\u00e0 di vista e visione, ma anche libert\u00e0 di<br \/>\ncomportamento, di espressione, di vita. E ancora libert\u00e0 come fuga dall\u2019oppressione come<br \/>\nluogo rifugio del corpo e dell\u2019anima. Compresa la pi\u00f9 alta, forse, forma di libert\u00e0, quella di<br \/>\nmettere in gioco la propria vita e la serenit\u00e0 dei propri cari, un gioco difficile, che va<br \/>\ngiocato con coscienza e preparazione adeguate, e che mantiene intatto nei secoli il suo<br \/>\nfascino.<br \/>\nLimiti e libert\u00e0, un ossimoro che, riferito alla montagna, diventa lo stretto legame in cui il<br \/>\nprimo termine \u00e8 causa determinante della realizzazione del secondo.<br \/>\nMa non basta sottolineare questi caratteri della montagna, a tutti noti. Compito di una<br \/>\nrassegna come Oltre le vette \u00e8 far comprendere che, anche in montagna, le libert\u00e0 hanno<br \/>\nun limite, non possiamo agire come vogliamo, senza tener conto della profonda<br \/>\ndelicatezza e diversit\u00e0 dell\u2019ambiente che ci circonda. E, ancora, invitare a riflettere sui costi<br \/>\ne sui benefici che chi vive in alto sopporta, spesso per un vantaggio che \u00e8 anche delle<br \/>\npianure e delle citt\u00e0, rappresentando un serbatoio di cultura, tutela dell\u2019ambiente,<br \/>\noccasione di ri \u2013 creazione e svago. Libert\u00e0 preziosa, dunque, di cui essere coscienti, custodi, protagonisti. E da trasmettere, il pi\u00f9 possibile intatta, a chi verr\u00e0 dopo di noi e dei<br \/>\nnostri comportamenti ci chieder\u00e0 conto.<\/p>\n<p><strong>Le novit\u00e0 dell\u2019edizione 2022<\/strong><br \/>\nPalazzo Bembo<br \/>\nPer la prima volta, Oltre Le Vette utilizzer\u00e0 palazzo Bembo come sede di molti eventi: l\u00ec<br \/>\nverranno allestite due mostre (una terza, non meno importante, si terr\u00e0 a palazzo Fulcis) e<br \/>\nsi svolgeranno i numerosi incontri con gli autori che daranno vita ad una rassegna nella<br \/>\nrassegna, intitolata \u201cParole di carta e di montagna\u201d.<\/p>\n<p><strong>Coinvolgimento del territorio<\/strong><br \/>\nRiprende il progetto di allargamento territoriale, gi\u00e0 iniziato nelle edizioni precedenti alla<br \/>\npandemia, con l\u2019intento di coinvolgere un pubblico pi\u00f9 ampio e far sentire la rassegna<br \/>\npatrimonio dell\u2019intera Provincia e non solo della citt\u00e0 di Belluno. Quest\u2019anno, altri 5 comuni<br \/>\nbellunesi sono coinvolti nel programma di Oltre le Vette e alcuni di essi ospiteranno eventi<br \/>\nnei giorni precedenti l\u2019avvio della rassegna, facendo da volano agli appuntamenti seguenti.<\/p>\n<p><strong>Programma<\/strong><br \/>\nIl calendario della 26esima edizione \u00e8 ormai definito e prevede numerosi appuntamenti,<br \/>\ntutti ad ingresso gratuito con offerta libera: serate di spettacoli e incontri con i protagonisti<br \/>\ndella montagna, presentazioni di libri, conferenze e convegni (rivolti anche alle scuole del<br \/>\nterritorio), mostre ed eventi all\u2019aperto, alcuni dei quali dedicati in particolare alle famiglie.<br \/>\nNon mancheranno le novit\u00e0 rispetto al passato: su tutte, la presenza di uno scrittore in<br \/>\nresidenza, che terr\u00e0 un inusuale ciclo di incontri, passeggiate e meditazioni nella natura.<\/p>\n<p><strong>Immagine ufficiale<\/strong><br \/>\nAnche quest\u2019anno, l\u2019immagine ufficiale di Oltre Le Vette \u00e8 un\u2019opera inedita di un artista<br \/>\nbellunese: l\u2019ha ideata Roberto Totaro, fumettista conosciuto a livello internazionale, e<br \/>\nverr\u00e0 svelata nella seconda met\u00e0 del mese di settembre.<\/p>\n<p><strong>26 anni di Oltre Le Vette<\/strong><br \/>\nSono confermate anche in questa edizione le storiche collaborazioni con la Provincia di<br \/>\nBelluno, l\u2019Ente Parco Nazionale delle Dolomiti Bellunesi, la Fondazione Dolomiti UNESCO, la<br \/>\nFondazione Angelini ed altri Enti ed Associazioni del territorio, senza dimenticare poi il CAI<br \/>\n\u2013 Club Alpino Italiano e il Trento Film Festival e gli importanti patrocini, come quello della<br \/>\nConvenzione delle Alpi e della Regione del Veneto.<br \/>\nPer ulteriori informazioni, vi ricordiamo i canali ufficiali di Oltre Le Vette: oltre al sito<br \/>\nwww.oltrelevette.it, i social (facebook, instagram, twitter)<\/p>","protected":false},"excerpt":{"rendered":"<p>Dal 7 al 16 ottobre, a Belluno, ritorna la rassegna culturale dedicata alla montagna. A un mese dall\u2019avvio, alcune anteprime sulla prossima edizione \u00c8 \u201cLimiti e Libert\u00e0\u201d il tema scelto per la 26esima edizione di Oltre le Vette, la storica rassegna culturale dedicata alla montagna in programma a Belluno dal 7 al 16 ottobre 2022. [&hellip;]<\/p>\n","protected":false},"author":2,"featured_media":136180,"comment_status":"closed","ping_status":"open","sticky":false,"template":"","format":"standard","meta":{"footnotes":""},"categories":[27,3,25],"tags":[],"class_list":["post-136179","post","type-post","status-publish","format-standard","has-post-thumbnail","category-appuntamenti","category-arte-cultura-spettacoli-scienza-archivi","category-pausa-caffe"],"yoast_head":"<!-- This site is optimized with the Yoast SEO plugin v28.4 - https:\/\/yoast.com\/product\/yoast-seo-wordpress\/ -->\n<title>Oltre Le Vette 2022 tra Limiti e Libert\u00e0: ecco le novit\u00e0 della 26esima edizione - Bellunopress - Dolomiti<\/title>\n<meta name=\"robots\" content=\"index, follow, max-snippet:-1, max-image-preview:large, max-video-preview:-1\" \/>\n<link rel=\"canonical\" href=\"https:\/\/www.bellunopress.it\/fr\/2022\/09\/02\/oltre-le-vette-2022-tra-limiti-e-liberta-ecco-le-novita-della-26esima-edizione\/\" \/>\n<meta property=\"og:locale\" content=\"fr_FR\" \/>\n<meta property=\"og:type\" content=\"article\" \/>\n<meta property=\"og:title\" content=\"Oltre Le Vette 2022 tra Limiti e Libert\u00e0: ecco le novit\u00e0 della 26esima edizione - Bellunopress - Dolomiti\" \/>\n<meta property=\"og:description\" content=\"Dal 7 al 16 ottobre, a Belluno, ritorna la rassegna culturale dedicata alla montagna. A un mese dall\u2019avvio, alcune anteprime sulla prossima edizione \u00c8 \u201cLimiti e Libert\u00e0\u201d il tema scelto per la 26esima edizione di Oltre le Vette, la storica rassegna culturale dedicata alla montagna in programma a Belluno dal 7 al 16 ottobre 2022. [&hellip;]\" \/>\n<meta property=\"og:url\" content=\"https:\/\/www.bellunopress.it\/fr\/2022\/09\/02\/oltre-le-vette-2022-tra-limiti-e-liberta-ecco-le-novita-della-26esima-edizione\/\" \/>\n<meta property=\"og:site_name\" content=\"Bellunopress - Dolomiti\" \/>\n<meta property=\"article:publisher\" content=\"https:\/\/www.facebook.com\/profile.php?id=100008943462799\" \/>\n<meta property=\"article:published_time\" content=\"2022-09-02T12:02:12+00:00\" \/>\n<meta property=\"og:image\" content=\"https:\/\/www.bellunopress.it\/wp-content\/uploads\/2022\/09\/Oltre-le-vette-2022.jpg\" \/>\n\t<meta property=\"og:image:width\" content=\"1000\" \/>\n\t<meta property=\"og:image:height\" content=\"714\" \/>\n\t<meta property=\"og:image:type\" content=\"image\/jpeg\" \/>\n<meta name=\"author\" content=\"redazione\" \/>\n<meta name=\"twitter:card\" content=\"summary_large_image\" \/>\n<meta name=\"twitter:creator\" content=\"@bellunopress\" \/>\n<meta name=\"twitter:site\" content=\"@bellunopress\" \/>\n<meta name=\"twitter:label1\" content=\"\u00c9crit par\" \/>\n\t<meta name=\"twitter:data1\" content=\"redazione\" \/>\n\t<meta name=\"twitter:label2\" content=\"Dur\u00e9e de lecture estim\u00e9e\" \/>\n\t<meta name=\"twitter:data2\" content=\"5 minutes\" \/>\n<script type=\"application\/ld+json\" class=\"yoast-schema-graph\">{\"@context\":\"https:\\\/\\\/schema.org\",\"@graph\":[{\"@type\":\"Article\",\"@id\":\"https:\\\/\\\/www.bellunopress.it\\\/2022\\\/09\\\/02\\\/oltre-le-vette-2022-tra-limiti-e-liberta-ecco-le-novita-della-26esima-edizione\\\/#article\",\"isPartOf\":{\"@id\":\"https:\\\/\\\/www.bellunopress.it\\\/2022\\\/09\\\/02\\\/oltre-le-vette-2022-tra-limiti-e-liberta-ecco-le-novita-della-26esima-edizione\\\/\"},\"author\":{\"name\":\"redazione\",\"@id\":\"https:\\\/\\\/www.bellunopress.it\\\/#\\\/schema\\\/person\\\/79bb06722b37ece1c03d3e94beb30d73\"},\"headline\":\"Oltre Le Vette 2022 tra Limiti e Libert\u00e0: ecco le novit\u00e0 della 26esima edizione\",\"datePublished\":\"2022-09-02T12:02:12+00:00\",\"mainEntityOfPage\":{\"@id\":\"https:\\\/\\\/www.bellunopress.it\\\/2022\\\/09\\\/02\\\/oltre-le-vette-2022-tra-limiti-e-liberta-ecco-le-novita-della-26esima-edizione\\\/\"},\"wordCount\":802,\"publisher\":{\"@id\":\"https:\\\/\\\/www.bellunopress.it\\\/#organization\"},\"image\":{\"@id\":\"https:\\\/\\\/www.bellunopress.it\\\/2022\\\/09\\\/02\\\/oltre-le-vette-2022-tra-limiti-e-liberta-ecco-le-novita-della-26esima-edizione\\\/#primaryimage\"},\"thumbnailUrl\":\"https:\\\/\\\/www.bellunopress.it\\\/wp-content\\\/uploads\\\/2022\\\/09\\\/Oltre-le-vette-2022.jpg\",\"articleSection\":[\"Appuntamenti, Eventi\",\"Arte, Cultura, Spettacoli, Scienza\",\"Pausa Caff\u00e8\"],\"inLanguage\":\"fr-FR\"},{\"@type\":\"WebPage\",\"@id\":\"https:\\\/\\\/www.bellunopress.it\\\/2022\\\/09\\\/02\\\/oltre-le-vette-2022-tra-limiti-e-liberta-ecco-le-novita-della-26esima-edizione\\\/\",\"url\":\"https:\\\/\\\/www.bellunopress.it\\\/2022\\\/09\\\/02\\\/oltre-le-vette-2022-tra-limiti-e-liberta-ecco-le-novita-della-26esima-edizione\\\/\",\"name\":\"Oltre Le Vette 2022 tra Limiti e Libert\u00e0: ecco le novit\u00e0 della 26esima edizione - Bellunopress - Dolomiti\",\"isPartOf\":{\"@id\":\"https:\\\/\\\/www.bellunopress.it\\\/#website\"},\"primaryImageOfPage\":{\"@id\":\"https:\\\/\\\/www.bellunopress.it\\\/2022\\\/09\\\/02\\\/oltre-le-vette-2022-tra-limiti-e-liberta-ecco-le-novita-della-26esima-edizione\\\/#primaryimage\"},\"image\":{\"@id\":\"https:\\\/\\\/www.bellunopress.it\\\/2022\\\/09\\\/02\\\/oltre-le-vette-2022-tra-limiti-e-liberta-ecco-le-novita-della-26esima-edizione\\\/#primaryimage\"},\"thumbnailUrl\":\"https:\\\/\\\/www.bellunopress.it\\\/wp-content\\\/uploads\\\/2022\\\/09\\\/Oltre-le-vette-2022.jpg\",\"datePublished\":\"2022-09-02T12:02:12+00:00\",\"breadcrumb\":{\"@id\":\"https:\\\/\\\/www.bellunopress.it\\\/2022\\\/09\\\/02\\\/oltre-le-vette-2022-tra-limiti-e-liberta-ecco-le-novita-della-26esima-edizione\\\/#breadcrumb\"},\"inLanguage\":\"fr-FR\",\"potentialAction\":[{\"@type\":\"ReadAction\",\"target\":[\"https:\\\/\\\/www.bellunopress.it\\\/2022\\\/09\\\/02\\\/oltre-le-vette-2022-tra-limiti-e-liberta-ecco-le-novita-della-26esima-edizione\\\/\"]}]},{\"@type\":\"ImageObject\",\"inLanguage\":\"fr-FR\",\"@id\":\"https:\\\/\\\/www.bellunopress.it\\\/2022\\\/09\\\/02\\\/oltre-le-vette-2022-tra-limiti-e-liberta-ecco-le-novita-della-26esima-edizione\\\/#primaryimage\",\"url\":\"https:\\\/\\\/www.bellunopress.it\\\/wp-content\\\/uploads\\\/2022\\\/09\\\/Oltre-le-vette-2022.jpg\",\"contentUrl\":\"https:\\\/\\\/www.bellunopress.it\\\/wp-content\\\/uploads\\\/2022\\\/09\\\/Oltre-le-vette-2022.jpg\",\"width\":1000,\"height\":714},{\"@type\":\"BreadcrumbList\",\"@id\":\"https:\\\/\\\/www.bellunopress.it\\\/2022\\\/09\\\/02\\\/oltre-le-vette-2022-tra-limiti-e-liberta-ecco-le-novita-della-26esima-edizione\\\/#breadcrumb\",\"itemListElement\":[{\"@type\":\"ListItem\",\"position\":1,\"name\":\"Home\",\"item\":\"https:\\\/\\\/www.bellunopress.it\\\/\"},{\"@type\":\"ListItem\",\"position\":2,\"name\":\"Oltre Le Vette 2022 tra Limiti e Libert\u00e0: ecco le novit\u00e0 della 26esima edizione\"}]},{\"@type\":\"WebSite\",\"@id\":\"https:\\\/\\\/www.bellunopress.it\\\/#website\",\"url\":\"https:\\\/\\\/www.bellunopress.it\\\/\",\"name\":\"Bellunopress - Dolomiti\",\"description\":\"e-mail: redazione@bellunopress.it\",\"publisher\":{\"@id\":\"https:\\\/\\\/www.bellunopress.it\\\/#organization\"},\"potentialAction\":[{\"@type\":\"SearchAction\",\"target\":{\"@type\":\"EntryPoint\",\"urlTemplate\":\"https:\\\/\\\/www.bellunopress.it\\\/?s={search_term_string}\"},\"query-input\":{\"@type\":\"PropertyValueSpecification\",\"valueRequired\":true,\"valueName\":\"search_term_string\"}}],\"inLanguage\":\"fr-FR\"},{\"@type\":\"Organization\",\"@id\":\"https:\\\/\\\/www.bellunopress.it\\\/#organization\",\"name\":\"Bellunopress\",\"url\":\"https:\\\/\\\/www.bellunopress.it\\\/\",\"logo\":{\"@type\":\"ImageObject\",\"inLanguage\":\"fr-FR\",\"@id\":\"https:\\\/\\\/www.bellunopress.it\\\/#\\\/schema\\\/logo\\\/image\\\/\",\"url\":\"https:\\\/\\\/www.bellunopress.it\\\/wp-content\\\/uploads\\\/2011\\\/05\\\/cropped-logo-bellunopress-.jpg\",\"contentUrl\":\"https:\\\/\\\/www.bellunopress.it\\\/wp-content\\\/uploads\\\/2011\\\/05\\\/cropped-logo-bellunopress-.jpg\",\"width\":512,\"height\":512,\"caption\":\"Bellunopress\"},\"image\":{\"@id\":\"https:\\\/\\\/www.bellunopress.it\\\/#\\\/schema\\\/logo\\\/image\\\/\"},\"sameAs\":[\"https:\\\/\\\/www.facebook.com\\\/profile.php?id=100008943462799\",\"https:\\\/\\\/x.com\\\/bellunopress\",\"https:\\\/\\\/www.linkedin.com\\\/hp\\\/?dnr=JBzUWaJfMUw8vbXJJ2tVW5-I3jZKvC4wsoxE&amp;amp;amp;amp;amp;amp;trk=nav_responsive_tab_home\",\"https:\\\/\\\/www.youtube.com\\\/channel\\\/UCxL0wu1uN0_3_7hGG0306cw\"]},{\"@type\":\"Person\",\"@id\":\"https:\\\/\\\/www.bellunopress.it\\\/#\\\/schema\\\/person\\\/79bb06722b37ece1c03d3e94beb30d73\",\"name\":\"redazione\",\"image\":{\"@type\":\"ImageObject\",\"inLanguage\":\"fr-FR\",\"@id\":\"https:\\\/\\\/secure.gravatar.com\\\/avatar\\\/37d968a2e67a6fd04c169c4bdef102d0bc5d31b2546345219e348575eb80e9a0?s=96&d=mm&r=g\",\"url\":\"https:\\\/\\\/secure.gravatar.com\\\/avatar\\\/37d968a2e67a6fd04c169c4bdef102d0bc5d31b2546345219e348575eb80e9a0?s=96&d=mm&r=g\",\"contentUrl\":\"https:\\\/\\\/secure.gravatar.com\\\/avatar\\\/37d968a2e67a6fd04c169c4bdef102d0bc5d31b2546345219e348575eb80e9a0?s=96&d=mm&r=g\",\"caption\":\"redazione\"},\"sameAs\":[\"http:\\\/\\\/www.bellunopress.it\",\"https:\\\/\\\/x.com\\\/bellunopress\"],\"url\":\"https:\\\/\\\/www.bellunopress.it\\\/fr\\\/author\\\/redazione\\\/\"}]}<\/script>\n<!-- \/ Yoast SEO plugin. -->","yoast_head_json":{"title":"Oltre Le Vette 2022 tra Limiti e Libert\u00e0: ecco le novit\u00e0 della 26esima edizione - Bellunopress - Dolomiti","robots":{"index":"index","follow":"follow","max-snippet":"max-snippet:-1","max-image-preview":"max-image-preview:large","max-video-preview":"max-video-preview:-1"},"canonical":"https:\/\/www.bellunopress.it\/fr\/2022\/09\/02\/oltre-le-vette-2022-tra-limiti-e-liberta-ecco-le-novita-della-26esima-edizione\/","og_locale":"fr_FR","og_type":"article","og_title":"Oltre Le Vette 2022 tra Limiti e Libert\u00e0: ecco le novit\u00e0 della 26esima edizione - Bellunopress - Dolomiti","og_description":"Dal 7 al 16 ottobre, a Belluno, ritorna la rassegna culturale dedicata alla montagna. A un mese dall\u2019avvio, alcune anteprime sulla prossima edizione \u00c8 \u201cLimiti e Libert\u00e0\u201d il tema scelto per la 26esima edizione di Oltre le Vette, la storica rassegna culturale dedicata alla montagna in programma a Belluno dal 7 al 16 ottobre 2022. [&hellip;]","og_url":"https:\/\/www.bellunopress.it\/fr\/2022\/09\/02\/oltre-le-vette-2022-tra-limiti-e-liberta-ecco-le-novita-della-26esima-edizione\/","og_site_name":"Bellunopress - Dolomiti","article_publisher":"https:\/\/www.facebook.com\/profile.php?id=100008943462799","article_published_time":"2022-09-02T12:02:12+00:00","og_image":[{"width":1000,"height":714,"url":"https:\/\/www.bellunopress.it\/wp-content\/uploads\/2022\/09\/Oltre-le-vette-2022.jpg","type":"image\/jpeg"}],"author":"redazione","twitter_card":"summary_large_image","twitter_creator":"@bellunopress","twitter_site":"@bellunopress","twitter_misc":{"\u00c9crit par":"redazione","Dur\u00e9e de lecture estim\u00e9e":"5 minutes"},"schema":{"@context":"https:\/\/schema.org","@graph":[{"@type":"Article","@id":"https:\/\/www.bellunopress.it\/2022\/09\/02\/oltre-le-vette-2022-tra-limiti-e-liberta-ecco-le-novita-della-26esima-edizione\/#article","isPartOf":{"@id":"https:\/\/www.bellunopress.it\/2022\/09\/02\/oltre-le-vette-2022-tra-limiti-e-liberta-ecco-le-novita-della-26esima-edizione\/"},"author":{"name":"redazione","@id":"https:\/\/www.bellunopress.it\/#\/schema\/person\/79bb06722b37ece1c03d3e94beb30d73"},"headline":"Oltre Le Vette 2022 tra Limiti e Libert\u00e0: ecco le novit\u00e0 della 26esima edizione","datePublished":"2022-09-02T12:02:12+00:00","mainEntityOfPage":{"@id":"https:\/\/www.bellunopress.it\/2022\/09\/02\/oltre-le-vette-2022-tra-limiti-e-liberta-ecco-le-novita-della-26esima-edizione\/"},"wordCount":802,"publisher":{"@id":"https:\/\/www.bellunopress.it\/#organization"},"image":{"@id":"https:\/\/www.bellunopress.it\/2022\/09\/02\/oltre-le-vette-2022-tra-limiti-e-liberta-ecco-le-novita-della-26esima-edizione\/#primaryimage"},"thumbnailUrl":"https:\/\/www.bellunopress.it\/wp-content\/uploads\/2022\/09\/Oltre-le-vette-2022.jpg","articleSection":["Appuntamenti, Eventi","Arte, Cultura, Spettacoli, Scienza","Pausa Caff\u00e8"],"inLanguage":"fr-FR"},{"@type":"WebPage","@id":"https:\/\/www.bellunopress.it\/2022\/09\/02\/oltre-le-vette-2022-tra-limiti-e-liberta-ecco-le-novita-della-26esima-edizione\/","url":"https:\/\/www.bellunopress.it\/2022\/09\/02\/oltre-le-vette-2022-tra-limiti-e-liberta-ecco-le-novita-della-26esima-edizione\/","name":"Oltre Le Vette 2022 tra Limiti e Libert\u00e0: ecco le novit\u00e0 della 26esima edizione - Bellunopress - Dolomiti","isPartOf":{"@id":"https:\/\/www.bellunopress.it\/#website"},"primaryImageOfPage":{"@id":"https:\/\/www.bellunopress.it\/2022\/09\/02\/oltre-le-vette-2022-tra-limiti-e-liberta-ecco-le-novita-della-26esima-edizione\/#primaryimage"},"image":{"@id":"https:\/\/www.bellunopress.it\/2022\/09\/02\/oltre-le-vette-2022-tra-limiti-e-liberta-ecco-le-novita-della-26esima-edizione\/#primaryimage"},"thumbnailUrl":"https:\/\/www.bellunopress.it\/wp-content\/uploads\/2022\/09\/Oltre-le-vette-2022.jpg","datePublished":"2022-09-02T12:02:12+00:00","breadcrumb":{"@id":"https:\/\/www.bellunopress.it\/2022\/09\/02\/oltre-le-vette-2022-tra-limiti-e-liberta-ecco-le-novita-della-26esima-edizione\/#breadcrumb"},"inLanguage":"fr-FR","potentialAction":[{"@type":"ReadAction","target":["https:\/\/www.bellunopress.it\/2022\/09\/02\/oltre-le-vette-2022-tra-limiti-e-liberta-ecco-le-novita-della-26esima-edizione\/"]}]},{"@type":"ImageObject","inLanguage":"fr-FR","@id":"https:\/\/www.bellunopress.it\/2022\/09\/02\/oltre-le-vette-2022-tra-limiti-e-liberta-ecco-le-novita-della-26esima-edizione\/#primaryimage","url":"https:\/\/www.bellunopress.it\/wp-content\/uploads\/2022\/09\/Oltre-le-vette-2022.jpg","contentUrl":"https:\/\/www.bellunopress.it\/wp-content\/uploads\/2022\/09\/Oltre-le-vette-2022.jpg","width":1000,"height":714},{"@type":"BreadcrumbList","@id":"https:\/\/www.bellunopress.it\/2022\/09\/02\/oltre-le-vette-2022-tra-limiti-e-liberta-ecco-le-novita-della-26esima-edizione\/#breadcrumb","itemListElement":[{"@type":"ListItem","position":1,"name":"Home","item":"https:\/\/www.bellunopress.it\/"},{"@type":"ListItem","position":2,"name":"Oltre Le Vette 2022 tra Limiti e Libert\u00e0: ecco le novit\u00e0 della 26esima edizione"}]},{"@type":"WebSite","@id":"https:\/\/www.bellunopress.it\/#website","url":"https:\/\/www.bellunopress.it\/","name":"Bellunopress - Dolomiti","description":"e-mail: redazione@bellunopress.it","publisher":{"@id":"https:\/\/www.bellunopress.it\/#organization"},"potentialAction":[{"@type":"SearchAction","target":{"@type":"EntryPoint","urlTemplate":"https:\/\/www.bellunopress.it\/?s={search_term_string}"},"query-input":{"@type":"PropertyValueSpecification","valueRequired":true,"valueName":"search_term_string"}}],"inLanguage":"fr-FR"},{"@type":"Organization","@id":"https:\/\/www.bellunopress.it\/#organization","name":"Bellunopress","url":"https:\/\/www.bellunopress.it\/","logo":{"@type":"ImageObject","inLanguage":"fr-FR","@id":"https:\/\/www.bellunopress.it\/#\/schema\/logo\/image\/","url":"https:\/\/www.bellunopress.it\/wp-content\/uploads\/2011\/05\/cropped-logo-bellunopress-.jpg","contentUrl":"https:\/\/www.bellunopress.it\/wp-content\/uploads\/2011\/05\/cropped-logo-bellunopress-.jpg","width":512,"height":512,"caption":"Bellunopress"},"image":{"@id":"https:\/\/www.bellunopress.it\/#\/schema\/logo\/image\/"},"sameAs":["https:\/\/www.facebook.com\/profile.php?id=100008943462799","https:\/\/x.com\/bellunopress","https:\/\/www.linkedin.com\/hp\/?dnr=JBzUWaJfMUw8vbXJJ2tVW5-I3jZKvC4wsoxE&amp;amp;amp;amp;amp;amp;trk=nav_responsive_tab_home","https:\/\/www.youtube.com\/channel\/UCxL0wu1uN0_3_7hGG0306cw"]},{"@type":"Person","@id":"https:\/\/www.bellunopress.it\/#\/schema\/person\/79bb06722b37ece1c03d3e94beb30d73","name":"r\u00e9daction","image":{"@type":"ImageObject","inLanguage":"fr-FR","@id":"https:\/\/secure.gravatar.com\/avatar\/37d968a2e67a6fd04c169c4bdef102d0bc5d31b2546345219e348575eb80e9a0?s=96&d=mm&r=g","url":"https:\/\/secure.gravatar.com\/avatar\/37d968a2e67a6fd04c169c4bdef102d0bc5d31b2546345219e348575eb80e9a0?s=96&d=mm&r=g","contentUrl":"https:\/\/secure.gravatar.com\/avatar\/37d968a2e67a6fd04c169c4bdef102d0bc5d31b2546345219e348575eb80e9a0?s=96&d=mm&r=g","caption":"redazione"},"sameAs":["http:\/\/www.bellunopress.it","https:\/\/x.com\/bellunopress"],"url":"https:\/\/www.bellunopress.it\/fr\/author\/redazione\/"}]}},"_links":{"self":[{"href":"https:\/\/www.bellunopress.it\/fr\/wp-json\/wp\/v2\/posts\/136179","targetHints":{"allow":["GET"]}}],"collection":[{"href":"https:\/\/www.bellunopress.it\/fr\/wp-json\/wp\/v2\/posts"}],"about":[{"href":"https:\/\/www.bellunopress.it\/fr\/wp-json\/wp\/v2\/types\/post"}],"author":[{"embeddable":true,"href":"https:\/\/www.bellunopress.it\/fr\/wp-json\/wp\/v2\/users\/2"}],"replies":[{"embeddable":true,"href":"https:\/\/www.bellunopress.it\/fr\/wp-json\/wp\/v2\/comments?post=136179"}],"version-history":[{"count":1,"href":"https:\/\/www.bellunopress.it\/fr\/wp-json\/wp\/v2\/posts\/136179\/revisions"}],"predecessor-version":[{"id":136181,"href":"https:\/\/www.bellunopress.it\/fr\/wp-json\/wp\/v2\/posts\/136179\/revisions\/136181"}],"wp:featuredmedia":[{"embeddable":true,"href":"https:\/\/www.bellunopress.it\/fr\/wp-json\/wp\/v2\/media\/136180"}],"wp:attachment":[{"href":"https:\/\/www.bellunopress.it\/fr\/wp-json\/wp\/v2\/media?parent=136179"}],"wp:term":[{"taxonomy":"category","embeddable":true,"href":"https:\/\/www.bellunopress.it\/fr\/wp-json\/wp\/v2\/categories?post=136179"},{"taxonomy":"post_tag","embeddable":true,"href":"https:\/\/www.bellunopress.it\/fr\/wp-json\/wp\/v2\/tags?post=136179"}],"curies":[{"name":"wp","href":"https:\/\/api.w.org\/{rel}","templated":true}]}}