{"id":136151,"date":"2022-09-05T09:26:45","date_gmt":"2022-09-05T07:26:45","guid":{"rendered":"https:\/\/www.bellunopress.it\/?p=136151"},"modified":"2022-09-01T09:31:33","modified_gmt":"2022-09-01T07:31:33","slug":"sabato-ritorna-la-lucciolata-solidale-in-alpago-per-lassociazione-via-di-natale-di-aviano","status":"publish","type":"post","link":"https:\/\/www.bellunopress.it\/fr\/2022\/09\/05\/sabato-ritorna-la-lucciolata-solidale-in-alpago-per-lassociazione-via-di-natale-di-aviano\/","title":{"rendered":"Sabato ritorna la Lucciolata solidale in Alpago per l&#8217;Associazione Via di Natale di Aviano"},"content":{"rendered":"<figure id=\"attachment_135256\" aria-describedby=\"caption-attachment-135256\" style=\"width: 1000px\" class=\"wp-caption alignleft\"><img loading=\"lazy\" decoding=\"async\" class=\"size-full wp-image-135256\" src=\"https:\/\/www.bellunopress.it\/wp-content\/uploads\/2022\/07\/Gianluca-Dal-Borgo-sindaco-Chies-dAlpago_edited.jpg\" alt=\"\" width=\"1000\" height=\"659\" srcset=\"https:\/\/www.bellunopress.it\/wp-content\/uploads\/2022\/07\/Gianluca-Dal-Borgo-sindaco-Chies-dAlpago_edited.jpg 1000w, https:\/\/www.bellunopress.it\/wp-content\/uploads\/2022\/07\/Gianluca-Dal-Borgo-sindaco-Chies-dAlpago_edited-500x330.jpg 500w, https:\/\/www.bellunopress.it\/wp-content\/uploads\/2022\/07\/Gianluca-Dal-Borgo-sindaco-Chies-dAlpago_edited-696x459.jpg 696w, https:\/\/www.bellunopress.it\/wp-content\/uploads\/2022\/07\/Gianluca-Dal-Borgo-sindaco-Chies-dAlpago_edited-637x420.jpg 637w\" sizes=\"auto, (max-width: 1000px) 100vw, 1000px\" \/><figcaption id=\"caption-attachment-135256\" class=\"wp-caption-text\">Gianluca Dal Borgo, sindaco di Chies d&#8217;Alpago<\/figcaption><\/figure>\n<p>Dopo lo stop dovuto alla pandemia, ritorna la \u201cLucciolata\u201d sabato 10 settembre alle 20.30 a Molini di Chies d&#8217;Alpago. Una passeggiata notturna di circa 3 Km che ha lo scopo di raccogliere fondi per l&#8217;Associazione Via di Natale di Aviano (www.viadinatale.org). Fin dal 1989 l\u2019associazione accoglie e ospita i malati in terapia al C.R.O. e i loro famigliari, effettua quando necessario terapia del dolore e cure palliative e offre visite specialistiche in ambulatorio. Tutto questo a titolo gratuito, mantenendosi esclusivamente con le offerte spontanee dei privati cittadini senza alcun contributo pubblico. Ogni anno sono migliaia le persone che si appoggiano alla Via di Natale, ciascuna con la proprio storia e le sue vicissitudini.<\/p>\n<p>Tradizione vuole che in Alpago la \u201cLucciolata\u201d sia itinerante fra i comuni della Conca e nel Comune di Chies d\u2019Alpago a sua volta itinerante fra le frazioni. Completandone il giro, quest\u2019anno sar\u00e0 la volta della Frazione di Molini attraverso un percorso ad anello che accompagner\u00e0 i partecipanti lungo la strada sterrata che porta al vecchio borgo di Stracadon.<\/p>\n<p>Emozionato il sindaco di Chies d\u2019Alpago, Gianluca Dal Borgo, nello spiegare che la Conca dell&#8217;Alpago \u00e8 un unicum in quanto a solidariet\u00e0. \u201cDalla Lucciolata al quasi trentennale Giro del Lago di Santa Croce. Ricavati importanti che consentono di supportare realt\u00e0 che danno tutti i giorni supporto e servizi ancora pi\u00f9 importanti. Come la Via di Natale di Aviano e l&#8217;Associazione Cucchini di Belluno (www.associazionecucchini.it). Un sostegno possibile solo grazie al costante impegno degli organizzatori e al contributo dei tanti partecipanti che aderiscono a queste iniziative. Per noi sar\u00e0 un onore e un particolare piacere ospitare il 10 settembre la Lucciolata e le numerose persone che decideranno, in una camminata in amicizia, di valorizzare ancor pi\u00f9 quei sentieri da poco restaurati che ci conducono nel borgo di Stracadon, abbandonato ormai sessanta anni fa. Un simbolo e un monito per tutti sulla fragilit\u00e0 sociale della nostra montagna che vive uno spopolamento inesorabile. Ma anche l&#8217;attrattiva romantica dell\u2019abbandono, una solidariet\u00e0 che conferisce rinnovato valore a luoghi un tempo significativi per la Comunit\u00e0, la speranza di un ritorno alla vitalit\u00e0 in un nuovo domani nelle nostre Terre Alte\u201d.<\/p>\n<p>E proprio per gli organizzatori sar\u00e0 il modo migliore di ricordare un vecchio amico: Vittorio De Battista. Gi\u00e0 segretario dei donatori del sangue e nativo di questa contrada. Venuto a mancare una decina di anni fa, nominava spesso Stracadon nei racconti d\u2019infanzia ai suoi collaboratori, che non hanno mai potuto esaudire il suo desiderio di fare \u201c4 passi nel paese fantasma\u201d. Vi aspettano quindi a Molini, numerosi, grandi e piccini.<\/p>","protected":false},"excerpt":{"rendered":"<p>Dopo lo stop dovuto alla pandemia, ritorna la \u201cLucciolata\u201d sabato 10 settembre alle 20.30 a Molini di Chies d&#8217;Alpago. Una passeggiata notturna di circa 3 Km che ha lo scopo di raccogliere fondi per l&#8217;Associazione Via di Natale di Aviano (www.viadinatale.org). Fin dal 1989 l\u2019associazione accoglie e ospita i malati in terapia al C.R.O. e [&hellip;]<\/p>\n","protected":false},"author":2,"featured_media":135256,"comment_status":"closed","ping_status":"open","sticky":false,"template":"","format":"standard","meta":{"footnotes":""},"categories":[25,8,4],"tags":[],"class_list":["post-136151","post","type-post","status-publish","format-standard","has-post-thumbnail","category-pausa-caffe","category-societa-istituzioni","category-sport"],"yoast_head":"<!-- This site is optimized with the Yoast SEO plugin v28.4 - https:\/\/yoast.com\/product\/yoast-seo-wordpress\/ -->\n<title>Sabato ritorna la Lucciolata solidale in Alpago per l&#039;Associazione Via di Natale di Aviano - Bellunopress - Dolomiti<\/title>\n<meta name=\"robots\" content=\"index, follow, max-snippet:-1, max-image-preview:large, max-video-preview:-1\" \/>\n<link rel=\"canonical\" href=\"https:\/\/www.bellunopress.it\/fr\/2022\/09\/05\/sabato-ritorna-la-lucciolata-solidale-in-alpago-per-lassociazione-via-di-natale-di-aviano\/\" \/>\n<meta property=\"og:locale\" content=\"fr_FR\" \/>\n<meta property=\"og:type\" content=\"article\" \/>\n<meta property=\"og:title\" content=\"Sabato ritorna la Lucciolata solidale in Alpago per l&#039;Associazione Via di Natale di Aviano - Bellunopress - Dolomiti\" \/>\n<meta property=\"og:description\" content=\"Dopo lo stop dovuto alla pandemia, ritorna la \u201cLucciolata\u201d sabato 10 settembre alle 20.30 a Molini di Chies d&#8217;Alpago. Una passeggiata notturna di circa 3 Km che ha lo scopo di raccogliere fondi per l&#8217;Associazione Via di Natale di Aviano (www.viadinatale.org). Fin dal 1989 l\u2019associazione accoglie e ospita i malati in terapia al C.R.O. e [&hellip;]\" \/>\n<meta property=\"og:url\" content=\"https:\/\/www.bellunopress.it\/fr\/2022\/09\/05\/sabato-ritorna-la-lucciolata-solidale-in-alpago-per-lassociazione-via-di-natale-di-aviano\/\" \/>\n<meta property=\"og:site_name\" content=\"Bellunopress - Dolomiti\" \/>\n<meta property=\"article:publisher\" content=\"https:\/\/www.facebook.com\/profile.php?id=100008943462799\" \/>\n<meta property=\"article:published_time\" content=\"2022-09-05T07:26:45+00:00\" \/>\n<meta property=\"og:image\" content=\"https:\/\/www.bellunopress.it\/wp-content\/uploads\/2022\/07\/Gianluca-Dal-Borgo-sindaco-Chies-dAlpago_edited.jpg\" \/>\n\t<meta property=\"og:image:width\" content=\"1000\" \/>\n\t<meta property=\"og:image:height\" content=\"659\" \/>\n\t<meta property=\"og:image:type\" content=\"image\/jpeg\" \/>\n<meta name=\"author\" content=\"redazione\" \/>\n<meta name=\"twitter:card\" content=\"summary_large_image\" \/>\n<meta name=\"twitter:creator\" content=\"@bellunopress\" \/>\n<meta name=\"twitter:site\" content=\"@bellunopress\" \/>\n<meta name=\"twitter:label1\" content=\"\u00c9crit par\" \/>\n\t<meta name=\"twitter:data1\" content=\"redazione\" \/>\n\t<meta name=\"twitter:label2\" content=\"Dur\u00e9e de lecture estim\u00e9e\" \/>\n\t<meta name=\"twitter:data2\" content=\"3 minutes\" \/>\n<script type=\"application\/ld+json\" class=\"yoast-schema-graph\">{\"@context\":\"https:\\\/\\\/schema.org\",\"@graph\":[{\"@type\":\"Article\",\"@id\":\"https:\\\/\\\/www.bellunopress.it\\\/2022\\\/09\\\/05\\\/sabato-ritorna-la-lucciolata-solidale-in-alpago-per-lassociazione-via-di-natale-di-aviano\\\/#article\",\"isPartOf\":{\"@id\":\"https:\\\/\\\/www.bellunopress.it\\\/2022\\\/09\\\/05\\\/sabato-ritorna-la-lucciolata-solidale-in-alpago-per-lassociazione-via-di-natale-di-aviano\\\/\"},\"author\":{\"name\":\"redazione\",\"@id\":\"https:\\\/\\\/www.bellunopress.it\\\/#\\\/schema\\\/person\\\/79bb06722b37ece1c03d3e94beb30d73\"},\"headline\":\"Sabato ritorna la Lucciolata solidale in Alpago per l&#8217;Associazione Via di Natale di Aviano\",\"datePublished\":\"2022-09-05T07:26:45+00:00\",\"mainEntityOfPage\":{\"@id\":\"https:\\\/\\\/www.bellunopress.it\\\/2022\\\/09\\\/05\\\/sabato-ritorna-la-lucciolata-solidale-in-alpago-per-lassociazione-via-di-natale-di-aviano\\\/\"},\"wordCount\":465,\"publisher\":{\"@id\":\"https:\\\/\\\/www.bellunopress.it\\\/#organization\"},\"image\":{\"@id\":\"https:\\\/\\\/www.bellunopress.it\\\/2022\\\/09\\\/05\\\/sabato-ritorna-la-lucciolata-solidale-in-alpago-per-lassociazione-via-di-natale-di-aviano\\\/#primaryimage\"},\"thumbnailUrl\":\"https:\\\/\\\/www.bellunopress.it\\\/wp-content\\\/uploads\\\/2022\\\/07\\\/Gianluca-Dal-Borgo-sindaco-Chies-dAlpago_edited.jpg\",\"articleSection\":[\"Pausa Caff\u00e8\",\"Societ\u00e0, Associazioni, Istituzioni\",\"Sport, tempo libero\"],\"inLanguage\":\"fr-FR\"},{\"@type\":\"WebPage\",\"@id\":\"https:\\\/\\\/www.bellunopress.it\\\/2022\\\/09\\\/05\\\/sabato-ritorna-la-lucciolata-solidale-in-alpago-per-lassociazione-via-di-natale-di-aviano\\\/\",\"url\":\"https:\\\/\\\/www.bellunopress.it\\\/2022\\\/09\\\/05\\\/sabato-ritorna-la-lucciolata-solidale-in-alpago-per-lassociazione-via-di-natale-di-aviano\\\/\",\"name\":\"Sabato ritorna la Lucciolata solidale in Alpago per l'Associazione Via di Natale di Aviano - Bellunopress - Dolomiti\",\"isPartOf\":{\"@id\":\"https:\\\/\\\/www.bellunopress.it\\\/#website\"},\"primaryImageOfPage\":{\"@id\":\"https:\\\/\\\/www.bellunopress.it\\\/2022\\\/09\\\/05\\\/sabato-ritorna-la-lucciolata-solidale-in-alpago-per-lassociazione-via-di-natale-di-aviano\\\/#primaryimage\"},\"image\":{\"@id\":\"https:\\\/\\\/www.bellunopress.it\\\/2022\\\/09\\\/05\\\/sabato-ritorna-la-lucciolata-solidale-in-alpago-per-lassociazione-via-di-natale-di-aviano\\\/#primaryimage\"},\"thumbnailUrl\":\"https:\\\/\\\/www.bellunopress.it\\\/wp-content\\\/uploads\\\/2022\\\/07\\\/Gianluca-Dal-Borgo-sindaco-Chies-dAlpago_edited.jpg\",\"datePublished\":\"2022-09-05T07:26:45+00:00\",\"breadcrumb\":{\"@id\":\"https:\\\/\\\/www.bellunopress.it\\\/2022\\\/09\\\/05\\\/sabato-ritorna-la-lucciolata-solidale-in-alpago-per-lassociazione-via-di-natale-di-aviano\\\/#breadcrumb\"},\"inLanguage\":\"fr-FR\",\"potentialAction\":[{\"@type\":\"ReadAction\",\"target\":[\"https:\\\/\\\/www.bellunopress.it\\\/2022\\\/09\\\/05\\\/sabato-ritorna-la-lucciolata-solidale-in-alpago-per-lassociazione-via-di-natale-di-aviano\\\/\"]}]},{\"@type\":\"ImageObject\",\"inLanguage\":\"fr-FR\",\"@id\":\"https:\\\/\\\/www.bellunopress.it\\\/2022\\\/09\\\/05\\\/sabato-ritorna-la-lucciolata-solidale-in-alpago-per-lassociazione-via-di-natale-di-aviano\\\/#primaryimage\",\"url\":\"https:\\\/\\\/www.bellunopress.it\\\/wp-content\\\/uploads\\\/2022\\\/07\\\/Gianluca-Dal-Borgo-sindaco-Chies-dAlpago_edited.jpg\",\"contentUrl\":\"https:\\\/\\\/www.bellunopress.it\\\/wp-content\\\/uploads\\\/2022\\\/07\\\/Gianluca-Dal-Borgo-sindaco-Chies-dAlpago_edited.jpg\",\"width\":1000,\"height\":659,\"caption\":\"Gianluca Dal Borgo, sindaco di Chies d'Alpago\"},{\"@type\":\"BreadcrumbList\",\"@id\":\"https:\\\/\\\/www.bellunopress.it\\\/2022\\\/09\\\/05\\\/sabato-ritorna-la-lucciolata-solidale-in-alpago-per-lassociazione-via-di-natale-di-aviano\\\/#breadcrumb\",\"itemListElement\":[{\"@type\":\"ListItem\",\"position\":1,\"name\":\"Home\",\"item\":\"https:\\\/\\\/www.bellunopress.it\\\/\"},{\"@type\":\"ListItem\",\"position\":2,\"name\":\"Sabato ritorna la Lucciolata solidale in Alpago per l&#8217;Associazione Via di Natale di Aviano\"}]},{\"@type\":\"WebSite\",\"@id\":\"https:\\\/\\\/www.bellunopress.it\\\/#website\",\"url\":\"https:\\\/\\\/www.bellunopress.it\\\/\",\"name\":\"Bellunopress - Dolomiti\",\"description\":\"e-mail: redazione@bellunopress.it\",\"publisher\":{\"@id\":\"https:\\\/\\\/www.bellunopress.it\\\/#organization\"},\"potentialAction\":[{\"@type\":\"SearchAction\",\"target\":{\"@type\":\"EntryPoint\",\"urlTemplate\":\"https:\\\/\\\/www.bellunopress.it\\\/?s={search_term_string}\"},\"query-input\":{\"@type\":\"PropertyValueSpecification\",\"valueRequired\":true,\"valueName\":\"search_term_string\"}}],\"inLanguage\":\"fr-FR\"},{\"@type\":\"Organization\",\"@id\":\"https:\\\/\\\/www.bellunopress.it\\\/#organization\",\"name\":\"Bellunopress\",\"url\":\"https:\\\/\\\/www.bellunopress.it\\\/\",\"logo\":{\"@type\":\"ImageObject\",\"inLanguage\":\"fr-FR\",\"@id\":\"https:\\\/\\\/www.bellunopress.it\\\/#\\\/schema\\\/logo\\\/image\\\/\",\"url\":\"https:\\\/\\\/www.bellunopress.it\\\/wp-content\\\/uploads\\\/2011\\\/05\\\/cropped-logo-bellunopress-.jpg\",\"contentUrl\":\"https:\\\/\\\/www.bellunopress.it\\\/wp-content\\\/uploads\\\/2011\\\/05\\\/cropped-logo-bellunopress-.jpg\",\"width\":512,\"height\":512,\"caption\":\"Bellunopress\"},\"image\":{\"@id\":\"https:\\\/\\\/www.bellunopress.it\\\/#\\\/schema\\\/logo\\\/image\\\/\"},\"sameAs\":[\"https:\\\/\\\/www.facebook.com\\\/profile.php?id=100008943462799\",\"https:\\\/\\\/x.com\\\/bellunopress\",\"https:\\\/\\\/www.linkedin.com\\\/hp\\\/?dnr=JBzUWaJfMUw8vbXJJ2tVW5-I3jZKvC4wsoxE&amp;amp;amp;amp;amp;amp;trk=nav_responsive_tab_home\",\"https:\\\/\\\/www.youtube.com\\\/channel\\\/UCxL0wu1uN0_3_7hGG0306cw\"]},{\"@type\":\"Person\",\"@id\":\"https:\\\/\\\/www.bellunopress.it\\\/#\\\/schema\\\/person\\\/79bb06722b37ece1c03d3e94beb30d73\",\"name\":\"redazione\",\"image\":{\"@type\":\"ImageObject\",\"inLanguage\":\"fr-FR\",\"@id\":\"https:\\\/\\\/secure.gravatar.com\\\/avatar\\\/37d968a2e67a6fd04c169c4bdef102d0bc5d31b2546345219e348575eb80e9a0?s=96&d=mm&r=g\",\"url\":\"https:\\\/\\\/secure.gravatar.com\\\/avatar\\\/37d968a2e67a6fd04c169c4bdef102d0bc5d31b2546345219e348575eb80e9a0?s=96&d=mm&r=g\",\"contentUrl\":\"https:\\\/\\\/secure.gravatar.com\\\/avatar\\\/37d968a2e67a6fd04c169c4bdef102d0bc5d31b2546345219e348575eb80e9a0?s=96&d=mm&r=g\",\"caption\":\"redazione\"},\"sameAs\":[\"http:\\\/\\\/www.bellunopress.it\",\"https:\\\/\\\/x.com\\\/bellunopress\"],\"url\":\"https:\\\/\\\/www.bellunopress.it\\\/fr\\\/author\\\/redazione\\\/\"}]}<\/script>\n<!-- \/ Yoast SEO plugin. -->","yoast_head_json":{"title":"Sabato ritorna la Lucciolata solidale in Alpago per l'Associazione Via di Natale di Aviano - Bellunopress - Dolomiti","robots":{"index":"index","follow":"follow","max-snippet":"max-snippet:-1","max-image-preview":"max-image-preview:large","max-video-preview":"max-video-preview:-1"},"canonical":"https:\/\/www.bellunopress.it\/fr\/2022\/09\/05\/sabato-ritorna-la-lucciolata-solidale-in-alpago-per-lassociazione-via-di-natale-di-aviano\/","og_locale":"fr_FR","og_type":"article","og_title":"Sabato ritorna la Lucciolata solidale in Alpago per l'Associazione Via di Natale di Aviano - Bellunopress - Dolomiti","og_description":"Dopo lo stop dovuto alla pandemia, ritorna la \u201cLucciolata\u201d sabato 10 settembre alle 20.30 a Molini di Chies d&#8217;Alpago. Una passeggiata notturna di circa 3 Km che ha lo scopo di raccogliere fondi per l&#8217;Associazione Via di Natale di Aviano (www.viadinatale.org). Fin dal 1989 l\u2019associazione accoglie e ospita i malati in terapia al C.R.O. e [&hellip;]","og_url":"https:\/\/www.bellunopress.it\/fr\/2022\/09\/05\/sabato-ritorna-la-lucciolata-solidale-in-alpago-per-lassociazione-via-di-natale-di-aviano\/","og_site_name":"Bellunopress - Dolomiti","article_publisher":"https:\/\/www.facebook.com\/profile.php?id=100008943462799","article_published_time":"2022-09-05T07:26:45+00:00","og_image":[{"width":1000,"height":659,"url":"https:\/\/www.bellunopress.it\/wp-content\/uploads\/2022\/07\/Gianluca-Dal-Borgo-sindaco-Chies-dAlpago_edited.jpg","type":"image\/jpeg"}],"author":"redazione","twitter_card":"summary_large_image","twitter_creator":"@bellunopress","twitter_site":"@bellunopress","twitter_misc":{"\u00c9crit par":"redazione","Dur\u00e9e de lecture estim\u00e9e":"3 minutes"},"schema":{"@context":"https:\/\/schema.org","@graph":[{"@type":"Article","@id":"https:\/\/www.bellunopress.it\/2022\/09\/05\/sabato-ritorna-la-lucciolata-solidale-in-alpago-per-lassociazione-via-di-natale-di-aviano\/#article","isPartOf":{"@id":"https:\/\/www.bellunopress.it\/2022\/09\/05\/sabato-ritorna-la-lucciolata-solidale-in-alpago-per-lassociazione-via-di-natale-di-aviano\/"},"author":{"name":"redazione","@id":"https:\/\/www.bellunopress.it\/#\/schema\/person\/79bb06722b37ece1c03d3e94beb30d73"},"headline":"Sabato ritorna la Lucciolata solidale in Alpago per l&#8217;Associazione Via di Natale di Aviano","datePublished":"2022-09-05T07:26:45+00:00","mainEntityOfPage":{"@id":"https:\/\/www.bellunopress.it\/2022\/09\/05\/sabato-ritorna-la-lucciolata-solidale-in-alpago-per-lassociazione-via-di-natale-di-aviano\/"},"wordCount":465,"publisher":{"@id":"https:\/\/www.bellunopress.it\/#organization"},"image":{"@id":"https:\/\/www.bellunopress.it\/2022\/09\/05\/sabato-ritorna-la-lucciolata-solidale-in-alpago-per-lassociazione-via-di-natale-di-aviano\/#primaryimage"},"thumbnailUrl":"https:\/\/www.bellunopress.it\/wp-content\/uploads\/2022\/07\/Gianluca-Dal-Borgo-sindaco-Chies-dAlpago_edited.jpg","articleSection":["Pausa Caff\u00e8","Societ\u00e0, Associazioni, Istituzioni","Sport, tempo libero"],"inLanguage":"fr-FR"},{"@type":"WebPage","@id":"https:\/\/www.bellunopress.it\/2022\/09\/05\/sabato-ritorna-la-lucciolata-solidale-in-alpago-per-lassociazione-via-di-natale-di-aviano\/","url":"https:\/\/www.bellunopress.it\/2022\/09\/05\/sabato-ritorna-la-lucciolata-solidale-in-alpago-per-lassociazione-via-di-natale-di-aviano\/","name":"Sabato ritorna la Lucciolata solidale in Alpago per l'Associazione Via di Natale di Aviano - Bellunopress - Dolomiti","isPartOf":{"@id":"https:\/\/www.bellunopress.it\/#website"},"primaryImageOfPage":{"@id":"https:\/\/www.bellunopress.it\/2022\/09\/05\/sabato-ritorna-la-lucciolata-solidale-in-alpago-per-lassociazione-via-di-natale-di-aviano\/#primaryimage"},"image":{"@id":"https:\/\/www.bellunopress.it\/2022\/09\/05\/sabato-ritorna-la-lucciolata-solidale-in-alpago-per-lassociazione-via-di-natale-di-aviano\/#primaryimage"},"thumbnailUrl":"https:\/\/www.bellunopress.it\/wp-content\/uploads\/2022\/07\/Gianluca-Dal-Borgo-sindaco-Chies-dAlpago_edited.jpg","datePublished":"2022-09-05T07:26:45+00:00","breadcrumb":{"@id":"https:\/\/www.bellunopress.it\/2022\/09\/05\/sabato-ritorna-la-lucciolata-solidale-in-alpago-per-lassociazione-via-di-natale-di-aviano\/#breadcrumb"},"inLanguage":"fr-FR","potentialAction":[{"@type":"ReadAction","target":["https:\/\/www.bellunopress.it\/2022\/09\/05\/sabato-ritorna-la-lucciolata-solidale-in-alpago-per-lassociazione-via-di-natale-di-aviano\/"]}]},{"@type":"ImageObject","inLanguage":"fr-FR","@id":"https:\/\/www.bellunopress.it\/2022\/09\/05\/sabato-ritorna-la-lucciolata-solidale-in-alpago-per-lassociazione-via-di-natale-di-aviano\/#primaryimage","url":"https:\/\/www.bellunopress.it\/wp-content\/uploads\/2022\/07\/Gianluca-Dal-Borgo-sindaco-Chies-dAlpago_edited.jpg","contentUrl":"https:\/\/www.bellunopress.it\/wp-content\/uploads\/2022\/07\/Gianluca-Dal-Borgo-sindaco-Chies-dAlpago_edited.jpg","width":1000,"height":659,"caption":"Gianluca Dal Borgo, sindaco di Chies d'Alpago"},{"@type":"BreadcrumbList","@id":"https:\/\/www.bellunopress.it\/2022\/09\/05\/sabato-ritorna-la-lucciolata-solidale-in-alpago-per-lassociazione-via-di-natale-di-aviano\/#breadcrumb","itemListElement":[{"@type":"ListItem","position":1,"name":"Home","item":"https:\/\/www.bellunopress.it\/"},{"@type":"ListItem","position":2,"name":"Sabato ritorna la Lucciolata solidale in Alpago per l&#8217;Associazione Via di Natale di Aviano"}]},{"@type":"WebSite","@id":"https:\/\/www.bellunopress.it\/#website","url":"https:\/\/www.bellunopress.it\/","name":"Bellunopress - Dolomiti","description":"e-mail: redazione@bellunopress.it","publisher":{"@id":"https:\/\/www.bellunopress.it\/#organization"},"potentialAction":[{"@type":"SearchAction","target":{"@type":"EntryPoint","urlTemplate":"https:\/\/www.bellunopress.it\/?s={search_term_string}"},"query-input":{"@type":"PropertyValueSpecification","valueRequired":true,"valueName":"search_term_string"}}],"inLanguage":"fr-FR"},{"@type":"Organization","@id":"https:\/\/www.bellunopress.it\/#organization","name":"Bellunopress","url":"https:\/\/www.bellunopress.it\/","logo":{"@type":"ImageObject","inLanguage":"fr-FR","@id":"https:\/\/www.bellunopress.it\/#\/schema\/logo\/image\/","url":"https:\/\/www.bellunopress.it\/wp-content\/uploads\/2011\/05\/cropped-logo-bellunopress-.jpg","contentUrl":"https:\/\/www.bellunopress.it\/wp-content\/uploads\/2011\/05\/cropped-logo-bellunopress-.jpg","width":512,"height":512,"caption":"Bellunopress"},"image":{"@id":"https:\/\/www.bellunopress.it\/#\/schema\/logo\/image\/"},"sameAs":["https:\/\/www.facebook.com\/profile.php?id=100008943462799","https:\/\/x.com\/bellunopress","https:\/\/www.linkedin.com\/hp\/?dnr=JBzUWaJfMUw8vbXJJ2tVW5-I3jZKvC4wsoxE&amp;amp;amp;amp;amp;amp;trk=nav_responsive_tab_home","https:\/\/www.youtube.com\/channel\/UCxL0wu1uN0_3_7hGG0306cw"]},{"@type":"Person","@id":"https:\/\/www.bellunopress.it\/#\/schema\/person\/79bb06722b37ece1c03d3e94beb30d73","name":"r\u00e9daction","image":{"@type":"ImageObject","inLanguage":"fr-FR","@id":"https:\/\/secure.gravatar.com\/avatar\/37d968a2e67a6fd04c169c4bdef102d0bc5d31b2546345219e348575eb80e9a0?s=96&d=mm&r=g","url":"https:\/\/secure.gravatar.com\/avatar\/37d968a2e67a6fd04c169c4bdef102d0bc5d31b2546345219e348575eb80e9a0?s=96&d=mm&r=g","contentUrl":"https:\/\/secure.gravatar.com\/avatar\/37d968a2e67a6fd04c169c4bdef102d0bc5d31b2546345219e348575eb80e9a0?s=96&d=mm&r=g","caption":"redazione"},"sameAs":["http:\/\/www.bellunopress.it","https:\/\/x.com\/bellunopress"],"url":"https:\/\/www.bellunopress.it\/fr\/author\/redazione\/"}]}},"_links":{"self":[{"href":"https:\/\/www.bellunopress.it\/fr\/wp-json\/wp\/v2\/posts\/136151","targetHints":{"allow":["GET"]}}],"collection":[{"href":"https:\/\/www.bellunopress.it\/fr\/wp-json\/wp\/v2\/posts"}],"about":[{"href":"https:\/\/www.bellunopress.it\/fr\/wp-json\/wp\/v2\/types\/post"}],"author":[{"embeddable":true,"href":"https:\/\/www.bellunopress.it\/fr\/wp-json\/wp\/v2\/users\/2"}],"replies":[{"embeddable":true,"href":"https:\/\/www.bellunopress.it\/fr\/wp-json\/wp\/v2\/comments?post=136151"}],"version-history":[{"count":1,"href":"https:\/\/www.bellunopress.it\/fr\/wp-json\/wp\/v2\/posts\/136151\/revisions"}],"predecessor-version":[{"id":136152,"href":"https:\/\/www.bellunopress.it\/fr\/wp-json\/wp\/v2\/posts\/136151\/revisions\/136152"}],"wp:featuredmedia":[{"embeddable":true,"href":"https:\/\/www.bellunopress.it\/fr\/wp-json\/wp\/v2\/media\/135256"}],"wp:attachment":[{"href":"https:\/\/www.bellunopress.it\/fr\/wp-json\/wp\/v2\/media?parent=136151"}],"wp:term":[{"taxonomy":"category","embeddable":true,"href":"https:\/\/www.bellunopress.it\/fr\/wp-json\/wp\/v2\/categories?post=136151"},{"taxonomy":"post_tag","embeddable":true,"href":"https:\/\/www.bellunopress.it\/fr\/wp-json\/wp\/v2\/tags?post=136151"}],"curies":[{"name":"wp","href":"https:\/\/api.w.org\/{rel}","templated":true}]}}