{"id":136129,"date":"2022-08-31T15:44:05","date_gmt":"2022-08-31T13:44:05","guid":{"rendered":"https:\/\/www.bellunopress.it\/?p=136129"},"modified":"2022-08-31T15:44:05","modified_gmt":"2022-08-31T13:44:05","slug":"istituto-sperti-belluno-valentina-tomasi-nominata-direttore-garantita-la-continuita-dei-servizi-dalla-cooperativa-kairos","status":"publish","type":"post","link":"https:\/\/www.bellunopress.it\/fr\/2022\/08\/31\/istituto-sperti-belluno-valentina-tomasi-nominata-direttore-garantita-la-continuita-dei-servizi-dalla-cooperativa-kairos\/","title":{"rendered":"Istituto Sperti Belluno: Valentina Tomasi nominata direttore. Garantita la continuit\u00e0 dei servizi dalla Cooperativa Kairos"},"content":{"rendered":"<figure id=\"attachment_136130\" aria-describedby=\"caption-attachment-136130\" style=\"width: 1000px\" class=\"wp-caption alignleft\"><img loading=\"lazy\" decoding=\"async\" class=\"size-full wp-image-136130\" src=\"https:\/\/www.bellunopress.it\/wp-content\/uploads\/2022\/08\/istituto-sperti-1_edited.jpg\" alt=\"\" width=\"1000\" height=\"645\" srcset=\"https:\/\/www.bellunopress.it\/wp-content\/uploads\/2022\/08\/istituto-sperti-1_edited.jpg 1000w, https:\/\/www.bellunopress.it\/wp-content\/uploads\/2022\/08\/istituto-sperti-1_edited-500x323.jpg 500w, https:\/\/www.bellunopress.it\/wp-content\/uploads\/2022\/08\/istituto-sperti-1_edited-696x449.jpg 696w, https:\/\/www.bellunopress.it\/wp-content\/uploads\/2022\/08\/istituto-sperti-1_edited-651x420.jpg 651w\" sizes=\"auto, (max-width: 1000px) 100vw, 1000px\" \/><figcaption id=\"caption-attachment-136130\" class=\"wp-caption-text\">Istituto Sperti, Belluno via Feltre<\/figcaption><\/figure>\n<figure id=\"attachment_136131\" aria-describedby=\"caption-attachment-136131\" style=\"width: 897px\" class=\"wp-caption alignleft\"><img loading=\"lazy\" decoding=\"async\" class=\"size-full wp-image-136131\" src=\"https:\/\/www.bellunopress.it\/wp-content\/uploads\/2022\/08\/don-massimiliano-zoccoletti-pres-cda-Opera-San-Martino-vescovo-Marangoni-Alessandro-Capponi-presid-coop-Kairos-Valentina-Tomasi-direttrice-sperti_edited.jpg\" alt=\"\" width=\"897\" height=\"721\" srcset=\"https:\/\/www.bellunopress.it\/wp-content\/uploads\/2022\/08\/don-massimiliano-zoccoletti-pres-cda-Opera-San-Martino-vescovo-Marangoni-Alessandro-Capponi-presid-coop-Kairos-Valentina-Tomasi-direttrice-sperti_edited.jpg 897w, https:\/\/www.bellunopress.it\/wp-content\/uploads\/2022\/08\/don-massimiliano-zoccoletti-pres-cda-Opera-San-Martino-vescovo-Marangoni-Alessandro-Capponi-presid-coop-Kairos-Valentina-Tomasi-direttrice-sperti_edited-500x402.jpg 500w, https:\/\/www.bellunopress.it\/wp-content\/uploads\/2022\/08\/don-massimiliano-zoccoletti-pres-cda-Opera-San-Martino-vescovo-Marangoni-Alessandro-Capponi-presid-coop-Kairos-Valentina-Tomasi-direttrice-sperti_edited-696x559.jpg 696w, https:\/\/www.bellunopress.it\/wp-content\/uploads\/2022\/08\/don-massimiliano-zoccoletti-pres-cda-Opera-San-Martino-vescovo-Marangoni-Alessandro-Capponi-presid-coop-Kairos-Valentina-Tomasi-direttrice-sperti_edited-523x420.jpg 523w\" sizes=\"auto, (max-width: 897px) 100vw, 897px\" \/><figcaption id=\"caption-attachment-136131\" class=\"wp-caption-text\">Da sinistra: don Zoccoletti presidente cda Opera San Martino. il vescovo monsignor Marangoni, Capponi presidente Coop. Kairos, Valentina Tomasi direttrice Istituto Sperti<\/figcaption><\/figure>\n<p>Belluno, 31 agosto 2022 &#8211; Gi\u00e0 un centinaio di iscritti, di cui 20 al convitto e 80 al semi-convitto. Crescono le iscrizioni all&#8217;Istituto Sperti di Belluno, che luned\u00ec 12 settembre inaugurer\u00e0 il nuovo anno scolastico. La storica struttura \u00e8 gestita dalla cooperativa Kairos di Roma, che\u00a0 gestisce una cinquantina di strutture in Italia dal Nord al Sud e opera dal 2016 nel Bellunese con alcuni nidi per l&#8217;infanzia e che negli ultimi mesi ha anche curato il Centro Estivo. Nuovo direttore dell&#8217;istituto \u00e8 stata nominata la dottoressa Valentina Tomasi. Nelle ultime settimane, sono arrivate molte richieste per l&#8217;accoglienza nel Convitto di ragazze e \u2013 novit\u00e0 di quest&#8217;anno, se verr\u00e0 raggiunto il numero minimo di iscritti \u2013 anche di ragazzi fuori sede provenienti dai paesi vicini e da altre regioni, che frequentano le scuole secondarie di secondo grado. Al momento, a causa delle norme per il covid, sono 41 i posti a disposizione, alcuni ancora liberi. La retta per il convitto, che quest&#8217;anno \u00e8 di 520 euro mensili, comprende, oltre all&#8217;alloggio in camere doppie, la mensa per i tre pasti principali preparati da una cucina interna, inclusa la merenda pomeridiana e il pranzo al sacco per il sabato. E&#8217; stata anche attivata una collaborazione con la Coldiretti per utilizzare prodotti bio. Saranno disponibili pure aule studio con personale educativo e insegnanti a disposizione e potranno essere attivati servizi con supporto per bisogni educativi speciali e disturbi specifici di apprendimento (BES\/DSA) e per potenziamento individuale su richiesta. Negli orari liberi, saranno organizzate anche attivit\u00e0 aggregative, di laboratorio e sportive.<\/p>\n<p>Molte le richieste di iscrizione all&#8217;Istituto Sperti anche per il semi-Convitto (la retta per la fascia con mensa e doposcuola \u00e8 di 210 euro mensili), con il servizio di doposcuola e mensa che potr\u00e0 continuare ad accogliere studenti delle scuole primarie e secondarie degli Istituti comprensivi della zona. In particolare, sar\u00e0 garantito il servizio di pre-accoglienza, accompagnamento a scuola e ritiro al termine delle lezioni per gli studenti del plesso Aristide Gabelli. Il servizio di doposcuola sar\u00e0 modulare, offrendo la possibilit\u00e0 di selezionare tra mensa, servizio compiti, spazio laboratori ed aggregativo. Tutte le attivit\u00e0 sono pensate per accogliere anche bambini con certificazioni ed \u00e8 prevista la possibilit\u00e0 di attivare servizi personalizzati di supporto per BES\/DSA o per potenziamento individuale e metodo di studio. Tra le novit\u00e0, il servizio di ludoteca del sabato mattina, con laboratori, sport, gioco libero e merenda per bambini dai 2 agli 11 anni, ma anche la possibilit\u00e0 di organizzare feste di compleanno. Per informazioni e iscrizioni: <a href=\"http:\/\/www.kairoscuola.it\/sperti\">www.kairoscuola.it\/sperti<\/a>.<\/p>\n<p>&#8220;Con l&#8217;inizio del mese di settembre si aprono le iniziative legate al mondo dei ragazzi e dei giovani e della loro formazione&#8221;, ha sottolineato monsignor Renato Marangoni, vescovo di Belluno-Feltre. &#8220;Incomincia anche l&#8217;attivit\u00e0 dell&#8217;Istituto Sperti dopo le &#8220;novit\u00e0&#8221; che tutti conosciamo. Domenica 28 agosto abbiamo ringraziato e salutato la comunit\u00e0 delle Suore di Carit\u00e0 delle Sante Capitanio e Gerosa. Ora il testimone prezioso del loro servizio nel nostro territorio passa alla KAIROS. In continuit\u00e0 con l&#8217;attivit\u00e0 estiva gestita da questa Cooperativa, ora si apre l&#8217;iniziativa duplice del cosiddetto Convito per adolescenti-giovani e il semi-Convito. La Diocesi con l&#8217;Opera San Martino ha cercato la soluzione pi\u00f9 adeguata per dare continuit\u00e0 all&#8217;apporto formativo finora garantito dalla presenza delle suore e del personale dell&#8217;Opera e in questo intento perseverer\u00e0. La gestione della duplice attivit\u00e0 passa ora alla Kairos. Sar\u00e0 un anno in cui tutti ci si sperimenta. Ogni stagione che passa comporta anche un cambiamento di persone, di contesto e di bisogni. L&#8217;auspicio \u00e8 che tutti possiamo concorrere al bene delle nuove generazioni e si possa sostenere i vissuti delle famiglie e delle comunit\u00e0 del nostro territorio. Ringrazio, sul fronte dell&#8217;Opera San Martino, il presidente del CdA, don Massimiliano Zoccoletti con il Consiglio medesimo e tutto il personale coinvolto. Cos\u00ec il mio augurio va alla Kairos e a tutte le persone che in ruoli e competenze diverse concorreranno al medesimo fine formativo&#8221;.<\/p>\n<p>&#8220;E&#8217; con grande emozione e determinazione che ci prepariamo, tra meno di una settimana, a riaprire le attivit\u00e0 dello storico Istituto Sperti, che torner\u00e0 ad ospitare decine di ragazzi e bambini per offrire loro un&#8217;opportunit\u00e0 di crescita umana e culturale&#8221;, ha sottolineato Alessandro Capponi, presidente della cooperativa Kairos. &#8220;Siamo lieti della risposta che stiamo ricevendo da tante famiglie della zona e anche di altre regioni, che intendono affidarci i loro figli nel prossimo anno scolastico per le attivit\u00e0 di Convitto e semi-Convitto. Come sempre, ci impegneremo a fornire a tutti il servizio migliore, nel solco della secolare tradizione di questa prestigiosa istituzione scolastica diocesana&#8221;.<\/p>\n<p>La cooperativa Kairos gestisce attualmente 46 sedi scolastiche in diverse regioni italiane, che ospitano in particolare un centro di formazione professionale, due istituti comprensivi paritari (fino alla scuola secondaria di primo grado), un convitto, due doposcuola, sette scuole dell&#8217;infanzia e quaranta asili nido, per un totale di oltre 1.800 iscritti.<\/p>","protected":false},"excerpt":{"rendered":"<p>Belluno, 31 agosto 2022 &#8211; Gi\u00e0 un centinaio di iscritti, di cui 20 al convitto e 80 al semi-convitto. Crescono le iscrizioni all&#8217;Istituto Sperti di Belluno, che luned\u00ec 12 settembre inaugurer\u00e0 il nuovo anno scolastico. La storica struttura \u00e8 gestita dalla cooperativa Kairos di Roma, che\u00a0 gestisce una cinquantina di strutture in Italia dal Nord [&hellip;]<\/p>\n","protected":false},"author":2,"featured_media":136130,"comment_status":"closed","ping_status":"open","sticky":false,"template":"","format":"standard","meta":{"footnotes":""},"categories":[26,15,8],"tags":[],"class_list":["post-136129","post","type-post","status-publish","format-standard","has-post-thumbnail","category-prima-pagina","category-scuola","category-societa-istituzioni"],"yoast_head":"<!-- This site is optimized with the Yoast SEO plugin v28.4 - https:\/\/yoast.com\/product\/yoast-seo-wordpress\/ -->\n<title>Istituto Sperti Belluno: Valentina Tomasi nominata direttore. Garantita la continuit\u00e0 dei servizi dalla Cooperativa Kairos - Bellunopress - Dolomiti<\/title>\n<meta name=\"robots\" content=\"index, follow, max-snippet:-1, max-image-preview:large, max-video-preview:-1\" \/>\n<link rel=\"canonical\" href=\"https:\/\/www.bellunopress.it\/fr\/2022\/08\/31\/istituto-sperti-belluno-valentina-tomasi-nominata-direttore-garantita-la-continuita-dei-servizi-dalla-cooperativa-kairos\/\" \/>\n<meta property=\"og:locale\" content=\"fr_FR\" \/>\n<meta property=\"og:type\" content=\"article\" \/>\n<meta property=\"og:title\" content=\"Istituto Sperti Belluno: Valentina Tomasi nominata direttore. Garantita la continuit\u00e0 dei servizi dalla Cooperativa Kairos - Bellunopress - Dolomiti\" \/>\n<meta property=\"og:description\" content=\"Belluno, 31 agosto 2022 &#8211; Gi\u00e0 un centinaio di iscritti, di cui 20 al convitto e 80 al semi-convitto. Crescono le iscrizioni all&#8217;Istituto Sperti di Belluno, che luned\u00ec 12 settembre inaugurer\u00e0 il nuovo anno scolastico. La storica struttura \u00e8 gestita dalla cooperativa Kairos di Roma, che\u00a0 gestisce una cinquantina di strutture in Italia dal Nord [&hellip;]\" \/>\n<meta property=\"og:url\" content=\"https:\/\/www.bellunopress.it\/fr\/2022\/08\/31\/istituto-sperti-belluno-valentina-tomasi-nominata-direttore-garantita-la-continuita-dei-servizi-dalla-cooperativa-kairos\/\" \/>\n<meta property=\"og:site_name\" content=\"Bellunopress - Dolomiti\" \/>\n<meta property=\"article:publisher\" content=\"https:\/\/www.facebook.com\/profile.php?id=100008943462799\" \/>\n<meta property=\"article:published_time\" content=\"2022-08-31T13:44:05+00:00\" \/>\n<meta property=\"og:image\" content=\"https:\/\/www.bellunopress.it\/wp-content\/uploads\/2022\/08\/istituto-sperti-1_edited.jpg\" \/>\n\t<meta property=\"og:image:width\" content=\"1000\" \/>\n\t<meta property=\"og:image:height\" content=\"645\" \/>\n\t<meta property=\"og:image:type\" content=\"image\/jpeg\" \/>\n<meta name=\"author\" content=\"redazione\" \/>\n<meta name=\"twitter:card\" content=\"summary_large_image\" \/>\n<meta name=\"twitter:creator\" content=\"@bellunopress\" \/>\n<meta name=\"twitter:site\" content=\"@bellunopress\" \/>\n<meta name=\"twitter:label1\" content=\"\u00c9crit par\" \/>\n\t<meta name=\"twitter:data1\" content=\"redazione\" \/>\n\t<meta name=\"twitter:label2\" content=\"Dur\u00e9e de lecture estim\u00e9e\" \/>\n\t<meta name=\"twitter:data2\" content=\"5 minutes\" \/>\n<script type=\"application\/ld+json\" class=\"yoast-schema-graph\">{\"@context\":\"https:\\\/\\\/schema.org\",\"@graph\":[{\"@type\":\"Article\",\"@id\":\"https:\\\/\\\/www.bellunopress.it\\\/2022\\\/08\\\/31\\\/istituto-sperti-belluno-valentina-tomasi-nominata-direttore-garantita-la-continuita-dei-servizi-dalla-cooperativa-kairos\\\/#article\",\"isPartOf\":{\"@id\":\"https:\\\/\\\/www.bellunopress.it\\\/2022\\\/08\\\/31\\\/istituto-sperti-belluno-valentina-tomasi-nominata-direttore-garantita-la-continuita-dei-servizi-dalla-cooperativa-kairos\\\/\"},\"author\":{\"name\":\"redazione\",\"@id\":\"https:\\\/\\\/www.bellunopress.it\\\/#\\\/schema\\\/person\\\/79bb06722b37ece1c03d3e94beb30d73\"},\"headline\":\"Istituto Sperti Belluno: Valentina Tomasi nominata direttore. Garantita la continuit\u00e0 dei servizi dalla Cooperativa Kairos\",\"datePublished\":\"2022-08-31T13:44:05+00:00\",\"mainEntityOfPage\":{\"@id\":\"https:\\\/\\\/www.bellunopress.it\\\/2022\\\/08\\\/31\\\/istituto-sperti-belluno-valentina-tomasi-nominata-direttore-garantita-la-continuita-dei-servizi-dalla-cooperativa-kairos\\\/\"},\"wordCount\":860,\"publisher\":{\"@id\":\"https:\\\/\\\/www.bellunopress.it\\\/#organization\"},\"image\":{\"@id\":\"https:\\\/\\\/www.bellunopress.it\\\/2022\\\/08\\\/31\\\/istituto-sperti-belluno-valentina-tomasi-nominata-direttore-garantita-la-continuita-dei-servizi-dalla-cooperativa-kairos\\\/#primaryimage\"},\"thumbnailUrl\":\"https:\\\/\\\/www.bellunopress.it\\\/wp-content\\\/uploads\\\/2022\\\/08\\\/istituto-sperti-1_edited.jpg\",\"articleSection\":[\"Prima Pagina\",\"Scuola\",\"Societ\u00e0, Associazioni, Istituzioni\"],\"inLanguage\":\"fr-FR\"},{\"@type\":\"WebPage\",\"@id\":\"https:\\\/\\\/www.bellunopress.it\\\/2022\\\/08\\\/31\\\/istituto-sperti-belluno-valentina-tomasi-nominata-direttore-garantita-la-continuita-dei-servizi-dalla-cooperativa-kairos\\\/\",\"url\":\"https:\\\/\\\/www.bellunopress.it\\\/2022\\\/08\\\/31\\\/istituto-sperti-belluno-valentina-tomasi-nominata-direttore-garantita-la-continuita-dei-servizi-dalla-cooperativa-kairos\\\/\",\"name\":\"Istituto Sperti Belluno: Valentina Tomasi nominata direttore. Garantita la continuit\u00e0 dei servizi dalla Cooperativa Kairos - Bellunopress - Dolomiti\",\"isPartOf\":{\"@id\":\"https:\\\/\\\/www.bellunopress.it\\\/#website\"},\"primaryImageOfPage\":{\"@id\":\"https:\\\/\\\/www.bellunopress.it\\\/2022\\\/08\\\/31\\\/istituto-sperti-belluno-valentina-tomasi-nominata-direttore-garantita-la-continuita-dei-servizi-dalla-cooperativa-kairos\\\/#primaryimage\"},\"image\":{\"@id\":\"https:\\\/\\\/www.bellunopress.it\\\/2022\\\/08\\\/31\\\/istituto-sperti-belluno-valentina-tomasi-nominata-direttore-garantita-la-continuita-dei-servizi-dalla-cooperativa-kairos\\\/#primaryimage\"},\"thumbnailUrl\":\"https:\\\/\\\/www.bellunopress.it\\\/wp-content\\\/uploads\\\/2022\\\/08\\\/istituto-sperti-1_edited.jpg\",\"datePublished\":\"2022-08-31T13:44:05+00:00\",\"breadcrumb\":{\"@id\":\"https:\\\/\\\/www.bellunopress.it\\\/2022\\\/08\\\/31\\\/istituto-sperti-belluno-valentina-tomasi-nominata-direttore-garantita-la-continuita-dei-servizi-dalla-cooperativa-kairos\\\/#breadcrumb\"},\"inLanguage\":\"fr-FR\",\"potentialAction\":[{\"@type\":\"ReadAction\",\"target\":[\"https:\\\/\\\/www.bellunopress.it\\\/2022\\\/08\\\/31\\\/istituto-sperti-belluno-valentina-tomasi-nominata-direttore-garantita-la-continuita-dei-servizi-dalla-cooperativa-kairos\\\/\"]}]},{\"@type\":\"ImageObject\",\"inLanguage\":\"fr-FR\",\"@id\":\"https:\\\/\\\/www.bellunopress.it\\\/2022\\\/08\\\/31\\\/istituto-sperti-belluno-valentina-tomasi-nominata-direttore-garantita-la-continuita-dei-servizi-dalla-cooperativa-kairos\\\/#primaryimage\",\"url\":\"https:\\\/\\\/www.bellunopress.it\\\/wp-content\\\/uploads\\\/2022\\\/08\\\/istituto-sperti-1_edited.jpg\",\"contentUrl\":\"https:\\\/\\\/www.bellunopress.it\\\/wp-content\\\/uploads\\\/2022\\\/08\\\/istituto-sperti-1_edited.jpg\",\"width\":1000,\"height\":645,\"caption\":\"Istituto Sperti, Belluno via Feltre\"},{\"@type\":\"BreadcrumbList\",\"@id\":\"https:\\\/\\\/www.bellunopress.it\\\/2022\\\/08\\\/31\\\/istituto-sperti-belluno-valentina-tomasi-nominata-direttore-garantita-la-continuita-dei-servizi-dalla-cooperativa-kairos\\\/#breadcrumb\",\"itemListElement\":[{\"@type\":\"ListItem\",\"position\":1,\"name\":\"Home\",\"item\":\"https:\\\/\\\/www.bellunopress.it\\\/\"},{\"@type\":\"ListItem\",\"position\":2,\"name\":\"Istituto Sperti Belluno: Valentina Tomasi nominata direttore. Garantita la continuit\u00e0 dei servizi dalla Cooperativa Kairos\"}]},{\"@type\":\"WebSite\",\"@id\":\"https:\\\/\\\/www.bellunopress.it\\\/#website\",\"url\":\"https:\\\/\\\/www.bellunopress.it\\\/\",\"name\":\"Bellunopress - Dolomiti\",\"description\":\"e-mail: redazione@bellunopress.it\",\"publisher\":{\"@id\":\"https:\\\/\\\/www.bellunopress.it\\\/#organization\"},\"potentialAction\":[{\"@type\":\"SearchAction\",\"target\":{\"@type\":\"EntryPoint\",\"urlTemplate\":\"https:\\\/\\\/www.bellunopress.it\\\/?s={search_term_string}\"},\"query-input\":{\"@type\":\"PropertyValueSpecification\",\"valueRequired\":true,\"valueName\":\"search_term_string\"}}],\"inLanguage\":\"fr-FR\"},{\"@type\":\"Organization\",\"@id\":\"https:\\\/\\\/www.bellunopress.it\\\/#organization\",\"name\":\"Bellunopress\",\"url\":\"https:\\\/\\\/www.bellunopress.it\\\/\",\"logo\":{\"@type\":\"ImageObject\",\"inLanguage\":\"fr-FR\",\"@id\":\"https:\\\/\\\/www.bellunopress.it\\\/#\\\/schema\\\/logo\\\/image\\\/\",\"url\":\"https:\\\/\\\/www.bellunopress.it\\\/wp-content\\\/uploads\\\/2011\\\/05\\\/cropped-logo-bellunopress-.jpg\",\"contentUrl\":\"https:\\\/\\\/www.bellunopress.it\\\/wp-content\\\/uploads\\\/2011\\\/05\\\/cropped-logo-bellunopress-.jpg\",\"width\":512,\"height\":512,\"caption\":\"Bellunopress\"},\"image\":{\"@id\":\"https:\\\/\\\/www.bellunopress.it\\\/#\\\/schema\\\/logo\\\/image\\\/\"},\"sameAs\":[\"https:\\\/\\\/www.facebook.com\\\/profile.php?id=100008943462799\",\"https:\\\/\\\/x.com\\\/bellunopress\",\"https:\\\/\\\/www.linkedin.com\\\/hp\\\/?dnr=JBzUWaJfMUw8vbXJJ2tVW5-I3jZKvC4wsoxE&amp;amp;amp;amp;amp;amp;trk=nav_responsive_tab_home\",\"https:\\\/\\\/www.youtube.com\\\/channel\\\/UCxL0wu1uN0_3_7hGG0306cw\"]},{\"@type\":\"Person\",\"@id\":\"https:\\\/\\\/www.bellunopress.it\\\/#\\\/schema\\\/person\\\/79bb06722b37ece1c03d3e94beb30d73\",\"name\":\"redazione\",\"image\":{\"@type\":\"ImageObject\",\"inLanguage\":\"fr-FR\",\"@id\":\"https:\\\/\\\/secure.gravatar.com\\\/avatar\\\/37d968a2e67a6fd04c169c4bdef102d0bc5d31b2546345219e348575eb80e9a0?s=96&d=mm&r=g\",\"url\":\"https:\\\/\\\/secure.gravatar.com\\\/avatar\\\/37d968a2e67a6fd04c169c4bdef102d0bc5d31b2546345219e348575eb80e9a0?s=96&d=mm&r=g\",\"contentUrl\":\"https:\\\/\\\/secure.gravatar.com\\\/avatar\\\/37d968a2e67a6fd04c169c4bdef102d0bc5d31b2546345219e348575eb80e9a0?s=96&d=mm&r=g\",\"caption\":\"redazione\"},\"sameAs\":[\"http:\\\/\\\/www.bellunopress.it\",\"https:\\\/\\\/x.com\\\/bellunopress\"],\"url\":\"https:\\\/\\\/www.bellunopress.it\\\/fr\\\/author\\\/redazione\\\/\"}]}<\/script>\n<!-- \/ Yoast SEO plugin. -->","yoast_head_json":{"title":"Istituto Sperti Belluno: Valentina Tomasi nominata direttore. Garantita la continuit\u00e0 dei servizi dalla Cooperativa Kairos - Bellunopress - Dolomiti","robots":{"index":"index","follow":"follow","max-snippet":"max-snippet:-1","max-image-preview":"max-image-preview:large","max-video-preview":"max-video-preview:-1"},"canonical":"https:\/\/www.bellunopress.it\/fr\/2022\/08\/31\/istituto-sperti-belluno-valentina-tomasi-nominata-direttore-garantita-la-continuita-dei-servizi-dalla-cooperativa-kairos\/","og_locale":"fr_FR","og_type":"article","og_title":"Istituto Sperti Belluno: Valentina Tomasi nominata direttore. Garantita la continuit\u00e0 dei servizi dalla Cooperativa Kairos - Bellunopress - Dolomiti","og_description":"Belluno, 31 agosto 2022 &#8211; Gi\u00e0 un centinaio di iscritti, di cui 20 al convitto e 80 al semi-convitto. Crescono le iscrizioni all&#8217;Istituto Sperti di Belluno, che luned\u00ec 12 settembre inaugurer\u00e0 il nuovo anno scolastico. La storica struttura \u00e8 gestita dalla cooperativa Kairos di Roma, che\u00a0 gestisce una cinquantina di strutture in Italia dal Nord [&hellip;]","og_url":"https:\/\/www.bellunopress.it\/fr\/2022\/08\/31\/istituto-sperti-belluno-valentina-tomasi-nominata-direttore-garantita-la-continuita-dei-servizi-dalla-cooperativa-kairos\/","og_site_name":"Bellunopress - Dolomiti","article_publisher":"https:\/\/www.facebook.com\/profile.php?id=100008943462799","article_published_time":"2022-08-31T13:44:05+00:00","og_image":[{"width":1000,"height":645,"url":"https:\/\/www.bellunopress.it\/wp-content\/uploads\/2022\/08\/istituto-sperti-1_edited.jpg","type":"image\/jpeg"}],"author":"redazione","twitter_card":"summary_large_image","twitter_creator":"@bellunopress","twitter_site":"@bellunopress","twitter_misc":{"\u00c9crit par":"redazione","Dur\u00e9e de lecture estim\u00e9e":"5 minutes"},"schema":{"@context":"https:\/\/schema.org","@graph":[{"@type":"Article","@id":"https:\/\/www.bellunopress.it\/2022\/08\/31\/istituto-sperti-belluno-valentina-tomasi-nominata-direttore-garantita-la-continuita-dei-servizi-dalla-cooperativa-kairos\/#article","isPartOf":{"@id":"https:\/\/www.bellunopress.it\/2022\/08\/31\/istituto-sperti-belluno-valentina-tomasi-nominata-direttore-garantita-la-continuita-dei-servizi-dalla-cooperativa-kairos\/"},"author":{"name":"redazione","@id":"https:\/\/www.bellunopress.it\/#\/schema\/person\/79bb06722b37ece1c03d3e94beb30d73"},"headline":"Istituto Sperti Belluno: Valentina Tomasi nominata direttore. Garantita la continuit\u00e0 dei servizi dalla Cooperativa Kairos","datePublished":"2022-08-31T13:44:05+00:00","mainEntityOfPage":{"@id":"https:\/\/www.bellunopress.it\/2022\/08\/31\/istituto-sperti-belluno-valentina-tomasi-nominata-direttore-garantita-la-continuita-dei-servizi-dalla-cooperativa-kairos\/"},"wordCount":860,"publisher":{"@id":"https:\/\/www.bellunopress.it\/#organization"},"image":{"@id":"https:\/\/www.bellunopress.it\/2022\/08\/31\/istituto-sperti-belluno-valentina-tomasi-nominata-direttore-garantita-la-continuita-dei-servizi-dalla-cooperativa-kairos\/#primaryimage"},"thumbnailUrl":"https:\/\/www.bellunopress.it\/wp-content\/uploads\/2022\/08\/istituto-sperti-1_edited.jpg","articleSection":["Prima Pagina","Scuola","Societ\u00e0, Associazioni, Istituzioni"],"inLanguage":"fr-FR"},{"@type":"WebPage","@id":"https:\/\/www.bellunopress.it\/2022\/08\/31\/istituto-sperti-belluno-valentina-tomasi-nominata-direttore-garantita-la-continuita-dei-servizi-dalla-cooperativa-kairos\/","url":"https:\/\/www.bellunopress.it\/2022\/08\/31\/istituto-sperti-belluno-valentina-tomasi-nominata-direttore-garantita-la-continuita-dei-servizi-dalla-cooperativa-kairos\/","name":"Istituto Sperti Belluno: Valentina Tomasi nominata direttore. Garantita la continuit\u00e0 dei servizi dalla Cooperativa Kairos - Bellunopress - Dolomiti","isPartOf":{"@id":"https:\/\/www.bellunopress.it\/#website"},"primaryImageOfPage":{"@id":"https:\/\/www.bellunopress.it\/2022\/08\/31\/istituto-sperti-belluno-valentina-tomasi-nominata-direttore-garantita-la-continuita-dei-servizi-dalla-cooperativa-kairos\/#primaryimage"},"image":{"@id":"https:\/\/www.bellunopress.it\/2022\/08\/31\/istituto-sperti-belluno-valentina-tomasi-nominata-direttore-garantita-la-continuita-dei-servizi-dalla-cooperativa-kairos\/#primaryimage"},"thumbnailUrl":"https:\/\/www.bellunopress.it\/wp-content\/uploads\/2022\/08\/istituto-sperti-1_edited.jpg","datePublished":"2022-08-31T13:44:05+00:00","breadcrumb":{"@id":"https:\/\/www.bellunopress.it\/2022\/08\/31\/istituto-sperti-belluno-valentina-tomasi-nominata-direttore-garantita-la-continuita-dei-servizi-dalla-cooperativa-kairos\/#breadcrumb"},"inLanguage":"fr-FR","potentialAction":[{"@type":"ReadAction","target":["https:\/\/www.bellunopress.it\/2022\/08\/31\/istituto-sperti-belluno-valentina-tomasi-nominata-direttore-garantita-la-continuita-dei-servizi-dalla-cooperativa-kairos\/"]}]},{"@type":"ImageObject","inLanguage":"fr-FR","@id":"https:\/\/www.bellunopress.it\/2022\/08\/31\/istituto-sperti-belluno-valentina-tomasi-nominata-direttore-garantita-la-continuita-dei-servizi-dalla-cooperativa-kairos\/#primaryimage","url":"https:\/\/www.bellunopress.it\/wp-content\/uploads\/2022\/08\/istituto-sperti-1_edited.jpg","contentUrl":"https:\/\/www.bellunopress.it\/wp-content\/uploads\/2022\/08\/istituto-sperti-1_edited.jpg","width":1000,"height":645,"caption":"Istituto Sperti, Belluno via Feltre"},{"@type":"BreadcrumbList","@id":"https:\/\/www.bellunopress.it\/2022\/08\/31\/istituto-sperti-belluno-valentina-tomasi-nominata-direttore-garantita-la-continuita-dei-servizi-dalla-cooperativa-kairos\/#breadcrumb","itemListElement":[{"@type":"ListItem","position":1,"name":"Home","item":"https:\/\/www.bellunopress.it\/"},{"@type":"ListItem","position":2,"name":"Istituto Sperti Belluno: Valentina Tomasi nominata direttore. Garantita la continuit\u00e0 dei servizi dalla Cooperativa Kairos"}]},{"@type":"WebSite","@id":"https:\/\/www.bellunopress.it\/#website","url":"https:\/\/www.bellunopress.it\/","name":"Bellunopress - Dolomiti","description":"e-mail: redazione@bellunopress.it","publisher":{"@id":"https:\/\/www.bellunopress.it\/#organization"},"potentialAction":[{"@type":"SearchAction","target":{"@type":"EntryPoint","urlTemplate":"https:\/\/www.bellunopress.it\/?s={search_term_string}"},"query-input":{"@type":"PropertyValueSpecification","valueRequired":true,"valueName":"search_term_string"}}],"inLanguage":"fr-FR"},{"@type":"Organization","@id":"https:\/\/www.bellunopress.it\/#organization","name":"Bellunopress","url":"https:\/\/www.bellunopress.it\/","logo":{"@type":"ImageObject","inLanguage":"fr-FR","@id":"https:\/\/www.bellunopress.it\/#\/schema\/logo\/image\/","url":"https:\/\/www.bellunopress.it\/wp-content\/uploads\/2011\/05\/cropped-logo-bellunopress-.jpg","contentUrl":"https:\/\/www.bellunopress.it\/wp-content\/uploads\/2011\/05\/cropped-logo-bellunopress-.jpg","width":512,"height":512,"caption":"Bellunopress"},"image":{"@id":"https:\/\/www.bellunopress.it\/#\/schema\/logo\/image\/"},"sameAs":["https:\/\/www.facebook.com\/profile.php?id=100008943462799","https:\/\/x.com\/bellunopress","https:\/\/www.linkedin.com\/hp\/?dnr=JBzUWaJfMUw8vbXJJ2tVW5-I3jZKvC4wsoxE&amp;amp;amp;amp;amp;amp;trk=nav_responsive_tab_home","https:\/\/www.youtube.com\/channel\/UCxL0wu1uN0_3_7hGG0306cw"]},{"@type":"Person","@id":"https:\/\/www.bellunopress.it\/#\/schema\/person\/79bb06722b37ece1c03d3e94beb30d73","name":"r\u00e9daction","image":{"@type":"ImageObject","inLanguage":"fr-FR","@id":"https:\/\/secure.gravatar.com\/avatar\/37d968a2e67a6fd04c169c4bdef102d0bc5d31b2546345219e348575eb80e9a0?s=96&d=mm&r=g","url":"https:\/\/secure.gravatar.com\/avatar\/37d968a2e67a6fd04c169c4bdef102d0bc5d31b2546345219e348575eb80e9a0?s=96&d=mm&r=g","contentUrl":"https:\/\/secure.gravatar.com\/avatar\/37d968a2e67a6fd04c169c4bdef102d0bc5d31b2546345219e348575eb80e9a0?s=96&d=mm&r=g","caption":"redazione"},"sameAs":["http:\/\/www.bellunopress.it","https:\/\/x.com\/bellunopress"],"url":"https:\/\/www.bellunopress.it\/fr\/author\/redazione\/"}]}},"_links":{"self":[{"href":"https:\/\/www.bellunopress.it\/fr\/wp-json\/wp\/v2\/posts\/136129","targetHints":{"allow":["GET"]}}],"collection":[{"href":"https:\/\/www.bellunopress.it\/fr\/wp-json\/wp\/v2\/posts"}],"about":[{"href":"https:\/\/www.bellunopress.it\/fr\/wp-json\/wp\/v2\/types\/post"}],"author":[{"embeddable":true,"href":"https:\/\/www.bellunopress.it\/fr\/wp-json\/wp\/v2\/users\/2"}],"replies":[{"embeddable":true,"href":"https:\/\/www.bellunopress.it\/fr\/wp-json\/wp\/v2\/comments?post=136129"}],"version-history":[{"count":1,"href":"https:\/\/www.bellunopress.it\/fr\/wp-json\/wp\/v2\/posts\/136129\/revisions"}],"predecessor-version":[{"id":136132,"href":"https:\/\/www.bellunopress.it\/fr\/wp-json\/wp\/v2\/posts\/136129\/revisions\/136132"}],"wp:featuredmedia":[{"embeddable":true,"href":"https:\/\/www.bellunopress.it\/fr\/wp-json\/wp\/v2\/media\/136130"}],"wp:attachment":[{"href":"https:\/\/www.bellunopress.it\/fr\/wp-json\/wp\/v2\/media?parent=136129"}],"wp:term":[{"taxonomy":"category","embeddable":true,"href":"https:\/\/www.bellunopress.it\/fr\/wp-json\/wp\/v2\/categories?post=136129"},{"taxonomy":"post_tag","embeddable":true,"href":"https:\/\/www.bellunopress.it\/fr\/wp-json\/wp\/v2\/tags?post=136129"}],"curies":[{"name":"wp","href":"https:\/\/api.w.org\/{rel}","templated":true}]}}