{"id":136127,"date":"2022-08-31T15:10:32","date_gmt":"2022-08-31T13:10:32","guid":{"rendered":"https:\/\/www.bellunopress.it\/?p=136127"},"modified":"2022-08-31T15:10:32","modified_gmt":"2022-08-31T13:10:32","slug":"il-deserto-dei-tartari-sabato-alle-2045-al-giardino-di-villa-buzzati-la-prima-teatrale","status":"publish","type":"post","link":"https:\/\/www.bellunopress.it\/fr\/2022\/08\/31\/il-deserto-dei-tartari-sabato-alle-2045-al-giardino-di-villa-buzzati-la-prima-teatrale\/","title":{"rendered":"Il Deserto dei Tartari. Sabato alle 20:45 al Giardino di Villa Buzzati la prima teatrale"},"content":{"rendered":"<p><img loading=\"lazy\" decoding=\"async\" class=\"alignleft size-full wp-image-133364\" src=\"https:\/\/www.bellunopress.it\/wp-content\/uploads\/2022\/05\/Buzzatiamo-Giardino-Buzzati-2022.jpg\" alt=\"\" width=\"582\" height=\"572\" srcset=\"https:\/\/www.bellunopress.it\/wp-content\/uploads\/2022\/05\/Buzzatiamo-Giardino-Buzzati-2022.jpg 582w, https:\/\/www.bellunopress.it\/wp-content\/uploads\/2022\/05\/Buzzatiamo-Giardino-Buzzati-2022-500x491.jpg 500w, https:\/\/www.bellunopress.it\/wp-content\/uploads\/2022\/05\/Buzzatiamo-Giardino-Buzzati-2022-427x420.jpg 427w\" sizes=\"auto, (max-width: 582px) 100vw, 582px\" \/>Ultimi appuntamenti per Buzz@TI\/Amo, la rassegna voluta dall\u2019Associazione Culturale Villa Buzzati S. Pellegrino il granaio per celebrare i cinquant\u2019anni dalla morte dello scrittore bellunese.<br \/>\nSabato 3 settembre alle 20:45, nello splendido giardino della villa di S. Pellegrino alle porte di Belluno, torna il teatro con una prima assoluta per la citt\u00e0.<br \/>\n<img loading=\"lazy\" decoding=\"async\" class=\"alignleft size-full wp-image-116394\" src=\"https:\/\/www.bellunopress.it\/wp-content\/uploads\/2020\/08\/Villa-Buzzati_edited.jpg\" alt=\"\" width=\"800\" height=\"364\" srcset=\"https:\/\/www.bellunopress.it\/wp-content\/uploads\/2020\/08\/Villa-Buzzati_edited.jpg 800w, https:\/\/www.bellunopress.it\/wp-content\/uploads\/2020\/08\/Villa-Buzzati_edited-500x228.jpg 500w, https:\/\/www.bellunopress.it\/wp-content\/uploads\/2020\/08\/Villa-Buzzati_edited-696x317.jpg 696w\" sizes=\"auto, (max-width: 800px) 100vw, 800px\" \/>La compagnia Trento Spettacoli metter\u00e0 in scena, \u2018Il deserto dei Tartari\u2019, pi\u00e8ce teatrale, da un adattamento dell\u2019omonimo romanzo, forse il pi\u00f9 noto di Dino Buzzati, che ha riscosso numerosi successi in tutta Italia.<\/p>\n<p>Nel 1940, il grande scrittore milanese pubblica un romanzo che lo inserisce immediatamente nel novero dei pi\u00f9 importanti scrittori italiani del Novecento. La vicenda narrata ne \u2018Il Deserto dei Tartari\u2019 da Dino Buzzati, ambientata proprio in una fortezza, la Fortezza Bastiani, ormai abbandonata a causa della sua posizione non pi\u00f9 strategica all\u2019interno del conflitto, si traduce in un intenso monologo in cui il tenente Drogo, protagonista del romanzo, si confronta con se stesso, i suoi pensieri, i suoi desideri e le sue paure esistenziali. L\u2019adattamento teatrale a cura di Maura Pettorruso \u00e8 affidato all\u2019interpretazione di Woody Neri, per la regia di Carmen Giordano: tre artisti si confrontano con una messinscena di grande intensit\u00e0, ricreando sul palco l\u2019atmosfera, i silenzi e le parole del celeberrimo romanzo di Dino Buzzati.<\/p>\n<p>Scrive su Il Corriere della sera Lorenzo Vigan\u00f2, massimo conoscitore e curatore dell\u2019opera di Buzzati: E quell&#8217;errore, dapprima contrastato, poi accettato e metabolizzato fino ad affidare a esso il proprio destino, diventa nel monologo di Woody Neri la scintilla che accende le tormentate riflessioni esistenziali del protagonista: i dubbi, le speranze, le paure, in un continuo e incalzante confronto con se stesso (efficaci lo sdoppiamento uomo-divisa e il contrasto luce-buio che il bravo attore toscano governa accendendo e spegnendo tre diverse abat-jour). [\u2026] Essenziale \u00e8 l&#8217;adattamento firmato da Maura Pettorruso (con la regia di Carmen Giordano) che spoglia la storia di tutto ci\u00f2 che accade intorno al protagonista, a cominciare dalla morte romantica di Angustina. Ma il senso profondo del romanzo c&#8217;\u00e8 tutto: anzi, il flusso continuo dei pensieri di Drogo, le continue domande sul senso della vita, della rinuncia, del passare del tempo, della morte, proiettano lo spettatore direttamente nel cuore della vicenda. Che proprio quello sbaglio rende ancora pi\u00f9 umana.<\/p>\n<p>La rassegna Buzz@TI\/AMO chiude il sipario domenica 4 alle 18:30, sempre nel giardino della villa, con la presentazione del libro La derni\u00e8re enqu\u00eate de Dino Buzzati dello scrittore francese Alexis Salatko in collaborazione con l\u2019Associazione Culturale Internazionale Dino Buzzati di Feltre. Traduce Patrizia Dalla Rosa e presenta Marco Perale.<\/p>\n<p>&nbsp;<\/p>\n<p><strong>TrentoSpettacoli<\/strong> nasce nel gennaio 2010 come realt\u00e0 artistica, produttiva, organizzativa e distributiva con sede a Trento. Per il triennio 2015\/2017 TrentoSpettacoli \u00e8 compagnia riconosciuta e sostenuta dal Ministero per i Beni e le Attivit\u00e0 Culturali come Impresa di produzione teatrale e compagnia under 35, e per il triennio 2018\/2020 come Impresa di produzione di teatro di innovazione nell\u2019ambito della sperimentazione. Ha alle sue spalle e come \u2018base\u2019 produttiva e logistica lo Spazio Off di Trento. Dal 2010 TrentoSpettacoli produce, coproduce, sostiene e distribuisce spettacoli propri e realizzati in collaborazione con altre realt\u00e0 in ambito locale e nazionale. TrentoSpettacoli \u00e8 diretta da Daniele Filosi e si avvale della collaborazione di attori (Maura Pettorruso, Stefano Detassis, Woody Neri, Cinzia Span\u00f2, Alice Conti, Francesco Errico, Emanuele Cerra, Marta Marchi, Clara Setti, Andrea Castelli, \u2026), registi (Andrea Baracco,<br \/>\nStefano Cordella, Giulio Costa, Lorenzo Maragoni\u2026), scenografi (Luca Brinchi, Daniele Span\u00f2, Maria Paola Di Francesco, Stefano Zullo, Tessa Battisti\u2026), lighting designer (Alice Colla, Giuliano Almerighi, Javier Delle Monache\u2026), sound designer (Gianluca Agostini, Giacomo Vezzani\u2026), oltre a tecnici luci e audio, scenotecnici, fotografi, videomaker, grafici e altre figure professionali.<\/p>\n<p>Woody Neri (Pescia, 1979) \u2013 ATTORE Woody Neri \u00e8 nato nel 1979 a Pescia (PT). Si diploma attore alla Scuola di Teatro di Bologna \u2018Alessandra Galante Garrone\u2019 e vince il Premio Hystrio alla Vocazione nel 2005 e il premio Plauto nel 2013. Partecipa nel 2010 alla Scuola Internazionale di Alta Formazione fondata da Franco Quadri \u2018Nouvelle \u00e9cole des Ma\u00eetres\u2019 con il maestro Matthew Lenton. Lavora con Gabriele Lavia, Umberto Orsini, Roberto Valerio, Paolo Rossi, Mascia Musy, Franco Branciaroli, Alessandro Haber, Massimo Dapporto, Jurij Ferrini, Tonino Conte, Elio De<br \/>\nCapitani, Nanni Garella, Alessandro Maggi, Maurizio Donadoni, Claudio Autelli, Paola Galassi e con la compagnia Macelleria Ettore. Dal 2014 lavora con il regista Andrea Baracco in \u2018Hamlet\u2019, \u2018Romeo e Giulietta\u2019 e \u2018Madame Bovary\u2019; con la compagnia Phoebe Zeitgeist con cui realizza \u2018Kamikaze Number Five\u2019; con Teatro I in \u2018Lo Straniero. Un funerale\u2019, da Albert Camus, regia di Renzo Martinelli; con Teatro Sotterraneo in \u2018Shakespearology\u2019, con Teatro I \/ Mamim\u00f2 Teatro Piccolo Orologio in \u2018L\u2019indifferenza\u2019, regia di Pablo Solari.<br \/>\nCon TrentoSpettacoli recita negli spettacoli \u2018Il deserto dei Tartari\u2019, regia di Carmen Giordano; \u2018La Boutique del mistero\u2019 regia di Giulio Costa; \u2018Itaca per sempre\u2019, regia di Andrea Baracco; \u2018H. Il Campione del Mondo\u2019, regia di Stefano Cordella.<\/p>\n<p>Carmen Giordano Nasce a Foligno (PG) il 24 agosto 1980. Si laurea in Lettere Moderne presso \u201cLa Sapienza\u201d di Roma (2005) e si diploma in Regia presso la \u201cScuola D\u2019Arte Drammatica Paolo Grassi\u201d di Milano (2006). Nel suo percorso formativo e professionale lavora con Paolo Rossi, Renata Molinari, Cesare Lievi, Gabriele Amadori, Sergio Maifredi. \u00c8 assistente di Tonino Conte al Teatro della Tosse dal 2006 al 2008, dove spazia dal teatro di figura all\u2019evento itinerante, dalla prosa al recital. \u00c8 assistente di Serena Sinigaglia per gli spettacoli La Cimice di Majakoskj, produzione del Piccolo Teatro di Milano e Napoli non si misura con la mente, produzione del Napoli Teatro Festival Italia \u201809. \u00c8 autrice e regista di IDIOTA_ un tradimento di Dostoevskij, produzione Teatro della Tosse di Genova 2010; nel 2012 dirige Mariangela D\u2019Abbraccio in \u2018MARILYN Fragments\u2019, al debutto il 5 agosto 2012 a Taormina. \u00c8 fondatrice, presidente e direttrice artistica della compagnia Macelleria Ettore, con cui produce gli spettacoli \u2018La Porta Aperta\u2019 (2009), \u2018Cechov#01\u2019 (2010), \u2018Stanza di Orlando. Viaggio nella testa di Virginia Woolf\u2019 (2011), \u2018NIP not important person\u2019 (2011), ed \u2018ELEKTRIKA. Un\u2019opera techno\u2019 (2012).<\/p>\n","protected":false},"excerpt":{"rendered":"<p>Ultimi appuntamenti per Buzz@TI\/Amo, la rassegna voluta dall\u2019Associazione Culturale Villa Buzzati S. Pellegrino il granaio per celebrare i cinquant\u2019anni dalla morte dello scrittore bellunese. Sabato 3 settembre alle 20:45, nello splendido giardino della villa di S. Pellegrino alle porte di Belluno, torna il teatro con una prima assoluta per la citt\u00e0. La compagnia Trento Spettacoli [&hellip;]<\/p>\n","protected":false},"author":2,"featured_media":133364,"comment_status":"closed","ping_status":"open","sticky":false,"template":"","format":"standard","meta":{"footnotes":""},"categories":[27,3,25],"tags":[],"class_list":["post-136127","post","type-post","status-publish","format-standard","has-post-thumbnail","category-appuntamenti","category-arte-cultura-spettacoli-scienza-archivi","category-pausa-caffe"],"yoast_head":"<!-- This site is optimized with the Yoast SEO plugin v28.4 - https:\/\/yoast.com\/product\/yoast-seo-wordpress\/ -->\n<title>Il Deserto dei Tartari. Sabato alle 20:45 al Giardino di Villa Buzzati la prima teatrale - Bellunopress - Dolomiti<\/title>\n<meta name=\"robots\" content=\"index, follow, max-snippet:-1, max-image-preview:large, max-video-preview:-1\" \/>\n<link rel=\"canonical\" href=\"https:\/\/www.bellunopress.it\/fr\/2022\/08\/31\/il-deserto-dei-tartari-sabato-alle-2045-al-giardino-di-villa-buzzati-la-prima-teatrale\/\" \/>\n<meta property=\"og:locale\" content=\"fr_FR\" \/>\n<meta property=\"og:type\" content=\"article\" \/>\n<meta property=\"og:title\" content=\"Il Deserto dei Tartari. Sabato alle 20:45 al Giardino di Villa Buzzati la prima teatrale - Bellunopress - Dolomiti\" \/>\n<meta property=\"og:description\" content=\"Ultimi appuntamenti per Buzz@TI\/Amo, la rassegna voluta dall\u2019Associazione Culturale Villa Buzzati S. Pellegrino il granaio per celebrare i cinquant\u2019anni dalla morte dello scrittore bellunese. Sabato 3 settembre alle 20:45, nello splendido giardino della villa di S. Pellegrino alle porte di Belluno, torna il teatro con una prima assoluta per la citt\u00e0. La compagnia Trento Spettacoli [&hellip;]\" \/>\n<meta property=\"og:url\" content=\"https:\/\/www.bellunopress.it\/fr\/2022\/08\/31\/il-deserto-dei-tartari-sabato-alle-2045-al-giardino-di-villa-buzzati-la-prima-teatrale\/\" \/>\n<meta property=\"og:site_name\" content=\"Bellunopress - Dolomiti\" \/>\n<meta property=\"article:publisher\" content=\"https:\/\/www.facebook.com\/profile.php?id=100008943462799\" \/>\n<meta property=\"article:published_time\" content=\"2022-08-31T13:10:32+00:00\" \/>\n<meta property=\"og:image\" content=\"https:\/\/www.bellunopress.it\/wp-content\/uploads\/2022\/05\/Buzzatiamo-Giardino-Buzzati-2022.jpg\" \/>\n\t<meta property=\"og:image:width\" content=\"582\" \/>\n\t<meta property=\"og:image:height\" content=\"572\" \/>\n\t<meta property=\"og:image:type\" content=\"image\/jpeg\" \/>\n<meta name=\"author\" content=\"redazione\" \/>\n<meta name=\"twitter:card\" content=\"summary_large_image\" \/>\n<meta name=\"twitter:creator\" content=\"@bellunopress\" \/>\n<meta name=\"twitter:site\" content=\"@bellunopress\" \/>\n<meta name=\"twitter:label1\" content=\"\u00c9crit par\" \/>\n\t<meta name=\"twitter:data1\" content=\"redazione\" \/>\n\t<meta name=\"twitter:label2\" content=\"Dur\u00e9e de lecture estim\u00e9e\" \/>\n\t<meta name=\"twitter:data2\" content=\"6 minutes\" \/>\n<script type=\"application\/ld+json\" class=\"yoast-schema-graph\">{\"@context\":\"https:\\\/\\\/schema.org\",\"@graph\":[{\"@type\":\"Article\",\"@id\":\"https:\\\/\\\/www.bellunopress.it\\\/2022\\\/08\\\/31\\\/il-deserto-dei-tartari-sabato-alle-2045-al-giardino-di-villa-buzzati-la-prima-teatrale\\\/#article\",\"isPartOf\":{\"@id\":\"https:\\\/\\\/www.bellunopress.it\\\/2022\\\/08\\\/31\\\/il-deserto-dei-tartari-sabato-alle-2045-al-giardino-di-villa-buzzati-la-prima-teatrale\\\/\"},\"author\":{\"name\":\"redazione\",\"@id\":\"https:\\\/\\\/www.bellunopress.it\\\/#\\\/schema\\\/person\\\/79bb06722b37ece1c03d3e94beb30d73\"},\"headline\":\"Il Deserto dei Tartari. Sabato alle 20:45 al Giardino di Villa Buzzati la prima teatrale\",\"datePublished\":\"2022-08-31T13:10:32+00:00\",\"mainEntityOfPage\":{\"@id\":\"https:\\\/\\\/www.bellunopress.it\\\/2022\\\/08\\\/31\\\/il-deserto-dei-tartari-sabato-alle-2045-al-giardino-di-villa-buzzati-la-prima-teatrale\\\/\"},\"wordCount\":989,\"publisher\":{\"@id\":\"https:\\\/\\\/www.bellunopress.it\\\/#organization\"},\"image\":{\"@id\":\"https:\\\/\\\/www.bellunopress.it\\\/2022\\\/08\\\/31\\\/il-deserto-dei-tartari-sabato-alle-2045-al-giardino-di-villa-buzzati-la-prima-teatrale\\\/#primaryimage\"},\"thumbnailUrl\":\"https:\\\/\\\/www.bellunopress.it\\\/wp-content\\\/uploads\\\/2022\\\/05\\\/Buzzatiamo-Giardino-Buzzati-2022.jpg\",\"articleSection\":[\"Appuntamenti, Eventi\",\"Arte, Cultura, Spettacoli, Scienza\",\"Pausa Caff\u00e8\"],\"inLanguage\":\"fr-FR\"},{\"@type\":\"WebPage\",\"@id\":\"https:\\\/\\\/www.bellunopress.it\\\/2022\\\/08\\\/31\\\/il-deserto-dei-tartari-sabato-alle-2045-al-giardino-di-villa-buzzati-la-prima-teatrale\\\/\",\"url\":\"https:\\\/\\\/www.bellunopress.it\\\/2022\\\/08\\\/31\\\/il-deserto-dei-tartari-sabato-alle-2045-al-giardino-di-villa-buzzati-la-prima-teatrale\\\/\",\"name\":\"Il Deserto dei Tartari. Sabato alle 20:45 al Giardino di Villa Buzzati la prima teatrale - Bellunopress - Dolomiti\",\"isPartOf\":{\"@id\":\"https:\\\/\\\/www.bellunopress.it\\\/#website\"},\"primaryImageOfPage\":{\"@id\":\"https:\\\/\\\/www.bellunopress.it\\\/2022\\\/08\\\/31\\\/il-deserto-dei-tartari-sabato-alle-2045-al-giardino-di-villa-buzzati-la-prima-teatrale\\\/#primaryimage\"},\"image\":{\"@id\":\"https:\\\/\\\/www.bellunopress.it\\\/2022\\\/08\\\/31\\\/il-deserto-dei-tartari-sabato-alle-2045-al-giardino-di-villa-buzzati-la-prima-teatrale\\\/#primaryimage\"},\"thumbnailUrl\":\"https:\\\/\\\/www.bellunopress.it\\\/wp-content\\\/uploads\\\/2022\\\/05\\\/Buzzatiamo-Giardino-Buzzati-2022.jpg\",\"datePublished\":\"2022-08-31T13:10:32+00:00\",\"breadcrumb\":{\"@id\":\"https:\\\/\\\/www.bellunopress.it\\\/2022\\\/08\\\/31\\\/il-deserto-dei-tartari-sabato-alle-2045-al-giardino-di-villa-buzzati-la-prima-teatrale\\\/#breadcrumb\"},\"inLanguage\":\"fr-FR\",\"potentialAction\":[{\"@type\":\"ReadAction\",\"target\":[\"https:\\\/\\\/www.bellunopress.it\\\/2022\\\/08\\\/31\\\/il-deserto-dei-tartari-sabato-alle-2045-al-giardino-di-villa-buzzati-la-prima-teatrale\\\/\"]}]},{\"@type\":\"ImageObject\",\"inLanguage\":\"fr-FR\",\"@id\":\"https:\\\/\\\/www.bellunopress.it\\\/2022\\\/08\\\/31\\\/il-deserto-dei-tartari-sabato-alle-2045-al-giardino-di-villa-buzzati-la-prima-teatrale\\\/#primaryimage\",\"url\":\"https:\\\/\\\/www.bellunopress.it\\\/wp-content\\\/uploads\\\/2022\\\/05\\\/Buzzatiamo-Giardino-Buzzati-2022.jpg\",\"contentUrl\":\"https:\\\/\\\/www.bellunopress.it\\\/wp-content\\\/uploads\\\/2022\\\/05\\\/Buzzatiamo-Giardino-Buzzati-2022.jpg\",\"width\":582,\"height\":572},{\"@type\":\"BreadcrumbList\",\"@id\":\"https:\\\/\\\/www.bellunopress.it\\\/2022\\\/08\\\/31\\\/il-deserto-dei-tartari-sabato-alle-2045-al-giardino-di-villa-buzzati-la-prima-teatrale\\\/#breadcrumb\",\"itemListElement\":[{\"@type\":\"ListItem\",\"position\":1,\"name\":\"Home\",\"item\":\"https:\\\/\\\/www.bellunopress.it\\\/\"},{\"@type\":\"ListItem\",\"position\":2,\"name\":\"Il Deserto dei Tartari. Sabato alle 20:45 al Giardino di Villa Buzzati la prima teatrale\"}]},{\"@type\":\"WebSite\",\"@id\":\"https:\\\/\\\/www.bellunopress.it\\\/#website\",\"url\":\"https:\\\/\\\/www.bellunopress.it\\\/\",\"name\":\"Bellunopress - Dolomiti\",\"description\":\"e-mail: redazione@bellunopress.it\",\"publisher\":{\"@id\":\"https:\\\/\\\/www.bellunopress.it\\\/#organization\"},\"potentialAction\":[{\"@type\":\"SearchAction\",\"target\":{\"@type\":\"EntryPoint\",\"urlTemplate\":\"https:\\\/\\\/www.bellunopress.it\\\/?s={search_term_string}\"},\"query-input\":{\"@type\":\"PropertyValueSpecification\",\"valueRequired\":true,\"valueName\":\"search_term_string\"}}],\"inLanguage\":\"fr-FR\"},{\"@type\":\"Organization\",\"@id\":\"https:\\\/\\\/www.bellunopress.it\\\/#organization\",\"name\":\"Bellunopress\",\"url\":\"https:\\\/\\\/www.bellunopress.it\\\/\",\"logo\":{\"@type\":\"ImageObject\",\"inLanguage\":\"fr-FR\",\"@id\":\"https:\\\/\\\/www.bellunopress.it\\\/#\\\/schema\\\/logo\\\/image\\\/\",\"url\":\"https:\\\/\\\/www.bellunopress.it\\\/wp-content\\\/uploads\\\/2011\\\/05\\\/cropped-logo-bellunopress-.jpg\",\"contentUrl\":\"https:\\\/\\\/www.bellunopress.it\\\/wp-content\\\/uploads\\\/2011\\\/05\\\/cropped-logo-bellunopress-.jpg\",\"width\":512,\"height\":512,\"caption\":\"Bellunopress\"},\"image\":{\"@id\":\"https:\\\/\\\/www.bellunopress.it\\\/#\\\/schema\\\/logo\\\/image\\\/\"},\"sameAs\":[\"https:\\\/\\\/www.facebook.com\\\/profile.php?id=100008943462799\",\"https:\\\/\\\/x.com\\\/bellunopress\",\"https:\\\/\\\/www.linkedin.com\\\/hp\\\/?dnr=JBzUWaJfMUw8vbXJJ2tVW5-I3jZKvC4wsoxE&amp;amp;amp;amp;amp;amp;trk=nav_responsive_tab_home\",\"https:\\\/\\\/www.youtube.com\\\/channel\\\/UCxL0wu1uN0_3_7hGG0306cw\"]},{\"@type\":\"Person\",\"@id\":\"https:\\\/\\\/www.bellunopress.it\\\/#\\\/schema\\\/person\\\/79bb06722b37ece1c03d3e94beb30d73\",\"name\":\"redazione\",\"image\":{\"@type\":\"ImageObject\",\"inLanguage\":\"fr-FR\",\"@id\":\"https:\\\/\\\/secure.gravatar.com\\\/avatar\\\/37d968a2e67a6fd04c169c4bdef102d0bc5d31b2546345219e348575eb80e9a0?s=96&d=mm&r=g\",\"url\":\"https:\\\/\\\/secure.gravatar.com\\\/avatar\\\/37d968a2e67a6fd04c169c4bdef102d0bc5d31b2546345219e348575eb80e9a0?s=96&d=mm&r=g\",\"contentUrl\":\"https:\\\/\\\/secure.gravatar.com\\\/avatar\\\/37d968a2e67a6fd04c169c4bdef102d0bc5d31b2546345219e348575eb80e9a0?s=96&d=mm&r=g\",\"caption\":\"redazione\"},\"sameAs\":[\"http:\\\/\\\/www.bellunopress.it\",\"https:\\\/\\\/x.com\\\/bellunopress\"],\"url\":\"https:\\\/\\\/www.bellunopress.it\\\/fr\\\/author\\\/redazione\\\/\"}]}<\/script>\n<!-- \/ Yoast SEO plugin. -->","yoast_head_json":{"title":"Il Deserto dei Tartari. Sabato alle 20:45 al Giardino di Villa Buzzati la prima teatrale - Bellunopress - Dolomiti","robots":{"index":"index","follow":"follow","max-snippet":"max-snippet:-1","max-image-preview":"max-image-preview:large","max-video-preview":"max-video-preview:-1"},"canonical":"https:\/\/www.bellunopress.it\/fr\/2022\/08\/31\/il-deserto-dei-tartari-sabato-alle-2045-al-giardino-di-villa-buzzati-la-prima-teatrale\/","og_locale":"fr_FR","og_type":"article","og_title":"Il Deserto dei Tartari. Sabato alle 20:45 al Giardino di Villa Buzzati la prima teatrale - Bellunopress - Dolomiti","og_description":"Ultimi appuntamenti per Buzz@TI\/Amo, la rassegna voluta dall\u2019Associazione Culturale Villa Buzzati S. Pellegrino il granaio per celebrare i cinquant\u2019anni dalla morte dello scrittore bellunese. Sabato 3 settembre alle 20:45, nello splendido giardino della villa di S. Pellegrino alle porte di Belluno, torna il teatro con una prima assoluta per la citt\u00e0. La compagnia Trento Spettacoli [&hellip;]","og_url":"https:\/\/www.bellunopress.it\/fr\/2022\/08\/31\/il-deserto-dei-tartari-sabato-alle-2045-al-giardino-di-villa-buzzati-la-prima-teatrale\/","og_site_name":"Bellunopress - Dolomiti","article_publisher":"https:\/\/www.facebook.com\/profile.php?id=100008943462799","article_published_time":"2022-08-31T13:10:32+00:00","og_image":[{"width":582,"height":572,"url":"https:\/\/www.bellunopress.it\/wp-content\/uploads\/2022\/05\/Buzzatiamo-Giardino-Buzzati-2022.jpg","type":"image\/jpeg"}],"author":"redazione","twitter_card":"summary_large_image","twitter_creator":"@bellunopress","twitter_site":"@bellunopress","twitter_misc":{"\u00c9crit par":"redazione","Dur\u00e9e de lecture estim\u00e9e":"6 minutes"},"schema":{"@context":"https:\/\/schema.org","@graph":[{"@type":"Article","@id":"https:\/\/www.bellunopress.it\/2022\/08\/31\/il-deserto-dei-tartari-sabato-alle-2045-al-giardino-di-villa-buzzati-la-prima-teatrale\/#article","isPartOf":{"@id":"https:\/\/www.bellunopress.it\/2022\/08\/31\/il-deserto-dei-tartari-sabato-alle-2045-al-giardino-di-villa-buzzati-la-prima-teatrale\/"},"author":{"name":"redazione","@id":"https:\/\/www.bellunopress.it\/#\/schema\/person\/79bb06722b37ece1c03d3e94beb30d73"},"headline":"Il Deserto dei Tartari. Sabato alle 20:45 al Giardino di Villa Buzzati la prima teatrale","datePublished":"2022-08-31T13:10:32+00:00","mainEntityOfPage":{"@id":"https:\/\/www.bellunopress.it\/2022\/08\/31\/il-deserto-dei-tartari-sabato-alle-2045-al-giardino-di-villa-buzzati-la-prima-teatrale\/"},"wordCount":989,"publisher":{"@id":"https:\/\/www.bellunopress.it\/#organization"},"image":{"@id":"https:\/\/www.bellunopress.it\/2022\/08\/31\/il-deserto-dei-tartari-sabato-alle-2045-al-giardino-di-villa-buzzati-la-prima-teatrale\/#primaryimage"},"thumbnailUrl":"https:\/\/www.bellunopress.it\/wp-content\/uploads\/2022\/05\/Buzzatiamo-Giardino-Buzzati-2022.jpg","articleSection":["Appuntamenti, Eventi","Arte, Cultura, Spettacoli, Scienza","Pausa Caff\u00e8"],"inLanguage":"fr-FR"},{"@type":"WebPage","@id":"https:\/\/www.bellunopress.it\/2022\/08\/31\/il-deserto-dei-tartari-sabato-alle-2045-al-giardino-di-villa-buzzati-la-prima-teatrale\/","url":"https:\/\/www.bellunopress.it\/2022\/08\/31\/il-deserto-dei-tartari-sabato-alle-2045-al-giardino-di-villa-buzzati-la-prima-teatrale\/","name":"Il Deserto dei Tartari. Sabato alle 20:45 al Giardino di Villa Buzzati la prima teatrale - Bellunopress - Dolomiti","isPartOf":{"@id":"https:\/\/www.bellunopress.it\/#website"},"primaryImageOfPage":{"@id":"https:\/\/www.bellunopress.it\/2022\/08\/31\/il-deserto-dei-tartari-sabato-alle-2045-al-giardino-di-villa-buzzati-la-prima-teatrale\/#primaryimage"},"image":{"@id":"https:\/\/www.bellunopress.it\/2022\/08\/31\/il-deserto-dei-tartari-sabato-alle-2045-al-giardino-di-villa-buzzati-la-prima-teatrale\/#primaryimage"},"thumbnailUrl":"https:\/\/www.bellunopress.it\/wp-content\/uploads\/2022\/05\/Buzzatiamo-Giardino-Buzzati-2022.jpg","datePublished":"2022-08-31T13:10:32+00:00","breadcrumb":{"@id":"https:\/\/www.bellunopress.it\/2022\/08\/31\/il-deserto-dei-tartari-sabato-alle-2045-al-giardino-di-villa-buzzati-la-prima-teatrale\/#breadcrumb"},"inLanguage":"fr-FR","potentialAction":[{"@type":"ReadAction","target":["https:\/\/www.bellunopress.it\/2022\/08\/31\/il-deserto-dei-tartari-sabato-alle-2045-al-giardino-di-villa-buzzati-la-prima-teatrale\/"]}]},{"@type":"ImageObject","inLanguage":"fr-FR","@id":"https:\/\/www.bellunopress.it\/2022\/08\/31\/il-deserto-dei-tartari-sabato-alle-2045-al-giardino-di-villa-buzzati-la-prima-teatrale\/#primaryimage","url":"https:\/\/www.bellunopress.it\/wp-content\/uploads\/2022\/05\/Buzzatiamo-Giardino-Buzzati-2022.jpg","contentUrl":"https:\/\/www.bellunopress.it\/wp-content\/uploads\/2022\/05\/Buzzatiamo-Giardino-Buzzati-2022.jpg","width":582,"height":572},{"@type":"BreadcrumbList","@id":"https:\/\/www.bellunopress.it\/2022\/08\/31\/il-deserto-dei-tartari-sabato-alle-2045-al-giardino-di-villa-buzzati-la-prima-teatrale\/#breadcrumb","itemListElement":[{"@type":"ListItem","position":1,"name":"Home","item":"https:\/\/www.bellunopress.it\/"},{"@type":"ListItem","position":2,"name":"Il Deserto dei Tartari. Sabato alle 20:45 al Giardino di Villa Buzzati la prima teatrale"}]},{"@type":"WebSite","@id":"https:\/\/www.bellunopress.it\/#website","url":"https:\/\/www.bellunopress.it\/","name":"Bellunopress - Dolomiti","description":"e-mail: redazione@bellunopress.it","publisher":{"@id":"https:\/\/www.bellunopress.it\/#organization"},"potentialAction":[{"@type":"SearchAction","target":{"@type":"EntryPoint","urlTemplate":"https:\/\/www.bellunopress.it\/?s={search_term_string}"},"query-input":{"@type":"PropertyValueSpecification","valueRequired":true,"valueName":"search_term_string"}}],"inLanguage":"fr-FR"},{"@type":"Organization","@id":"https:\/\/www.bellunopress.it\/#organization","name":"Bellunopress","url":"https:\/\/www.bellunopress.it\/","logo":{"@type":"ImageObject","inLanguage":"fr-FR","@id":"https:\/\/www.bellunopress.it\/#\/schema\/logo\/image\/","url":"https:\/\/www.bellunopress.it\/wp-content\/uploads\/2011\/05\/cropped-logo-bellunopress-.jpg","contentUrl":"https:\/\/www.bellunopress.it\/wp-content\/uploads\/2011\/05\/cropped-logo-bellunopress-.jpg","width":512,"height":512,"caption":"Bellunopress"},"image":{"@id":"https:\/\/www.bellunopress.it\/#\/schema\/logo\/image\/"},"sameAs":["https:\/\/www.facebook.com\/profile.php?id=100008943462799","https:\/\/x.com\/bellunopress","https:\/\/www.linkedin.com\/hp\/?dnr=JBzUWaJfMUw8vbXJJ2tVW5-I3jZKvC4wsoxE&amp;amp;amp;amp;amp;amp;trk=nav_responsive_tab_home","https:\/\/www.youtube.com\/channel\/UCxL0wu1uN0_3_7hGG0306cw"]},{"@type":"Person","@id":"https:\/\/www.bellunopress.it\/#\/schema\/person\/79bb06722b37ece1c03d3e94beb30d73","name":"r\u00e9daction","image":{"@type":"ImageObject","inLanguage":"fr-FR","@id":"https:\/\/secure.gravatar.com\/avatar\/37d968a2e67a6fd04c169c4bdef102d0bc5d31b2546345219e348575eb80e9a0?s=96&d=mm&r=g","url":"https:\/\/secure.gravatar.com\/avatar\/37d968a2e67a6fd04c169c4bdef102d0bc5d31b2546345219e348575eb80e9a0?s=96&d=mm&r=g","contentUrl":"https:\/\/secure.gravatar.com\/avatar\/37d968a2e67a6fd04c169c4bdef102d0bc5d31b2546345219e348575eb80e9a0?s=96&d=mm&r=g","caption":"redazione"},"sameAs":["http:\/\/www.bellunopress.it","https:\/\/x.com\/bellunopress"],"url":"https:\/\/www.bellunopress.it\/fr\/author\/redazione\/"}]}},"_links":{"self":[{"href":"https:\/\/www.bellunopress.it\/fr\/wp-json\/wp\/v2\/posts\/136127","targetHints":{"allow":["GET"]}}],"collection":[{"href":"https:\/\/www.bellunopress.it\/fr\/wp-json\/wp\/v2\/posts"}],"about":[{"href":"https:\/\/www.bellunopress.it\/fr\/wp-json\/wp\/v2\/types\/post"}],"author":[{"embeddable":true,"href":"https:\/\/www.bellunopress.it\/fr\/wp-json\/wp\/v2\/users\/2"}],"replies":[{"embeddable":true,"href":"https:\/\/www.bellunopress.it\/fr\/wp-json\/wp\/v2\/comments?post=136127"}],"version-history":[{"count":1,"href":"https:\/\/www.bellunopress.it\/fr\/wp-json\/wp\/v2\/posts\/136127\/revisions"}],"predecessor-version":[{"id":136128,"href":"https:\/\/www.bellunopress.it\/fr\/wp-json\/wp\/v2\/posts\/136127\/revisions\/136128"}],"wp:featuredmedia":[{"embeddable":true,"href":"https:\/\/www.bellunopress.it\/fr\/wp-json\/wp\/v2\/media\/133364"}],"wp:attachment":[{"href":"https:\/\/www.bellunopress.it\/fr\/wp-json\/wp\/v2\/media?parent=136127"}],"wp:term":[{"taxonomy":"category","embeddable":true,"href":"https:\/\/www.bellunopress.it\/fr\/wp-json\/wp\/v2\/categories?post=136127"},{"taxonomy":"post_tag","embeddable":true,"href":"https:\/\/www.bellunopress.it\/fr\/wp-json\/wp\/v2\/tags?post=136127"}],"curies":[{"name":"wp","href":"https:\/\/api.w.org\/{rel}","templated":true}]}}