{"id":136123,"date":"2022-08-31T14:40:07","date_gmt":"2022-08-31T12:40:07","guid":{"rendered":"https:\/\/www.bellunopress.it\/?p=136123"},"modified":"2022-08-31T14:40:07","modified_gmt":"2022-08-31T12:40:07","slug":"aumentano-le-presenze-in-citta-e-in-nevegal-luciani-da-qui-si-parte-per-migliorare-lofferta","status":"publish","type":"post","link":"https:\/\/www.bellunopress.it\/fr\/2022\/08\/31\/aumentano-le-presenze-in-citta-e-in-nevegal-luciani-da-qui-si-parte-per-migliorare-lofferta\/","title":{"rendered":"Aumentano le presenze in citt\u00e0 e in Neveg\u00e0l. Luciani: &#8220;Da qui si parte per migliorare l&#8217;offerta&#8221;"},"content":{"rendered":"<figure id=\"attachment_134778\" aria-describedby=\"caption-attachment-134778\" style=\"width: 456px\" class=\"wp-caption alignleft\"><img loading=\"lazy\" decoding=\"async\" class=\"size-full wp-image-134778\" src=\"https:\/\/www.bellunopress.it\/wp-content\/uploads\/2022\/07\/Paolo-Luciani-assessore-al-Turismo_edited.jpg\" alt=\"\" width=\"456\" height=\"335\" srcset=\"https:\/\/www.bellunopress.it\/wp-content\/uploads\/2022\/07\/Paolo-Luciani-assessore-al-Turismo_edited.jpg 456w, https:\/\/www.bellunopress.it\/wp-content\/uploads\/2022\/07\/Paolo-Luciani-assessore-al-Turismo_edited-80x60.jpg 80w\" sizes=\"auto, (max-width: 456px) 100vw, 456px\" \/><figcaption id=\"caption-attachment-134778\" class=\"wp-caption-text\">Paolo Luciani, assessore al Turismo del Comune di Belluno<\/figcaption><\/figure>\n<p>Positivi i dati del turismo estivo nel capoluogo: tra il primo giugno e il 21 agosto lo Iat di piazza Duomo ha registrato il 25% di accessi in pi\u00f9, rispetto allo stesso periodo dello scorso anno, mentre in Nevegal le presenze sono aumentate del 30%. \u201cNumeri soddisfacenti, sono un punto di partenza su cui lavoreremo per potenziare e migliorare la nostra offerta \u2013 commenta l\u2019assessore al turismo, Paolo Luciani -. L\u2019analisi delle richieste ci fa capire cosa cercano i nostri turisti e, di conseguenza, come migliorare l\u2019esperienza di chi raggiunge il nostro territorio, anche in termini di servizi\u201d.<\/p>\n<p>\u201cI dati dei flussi turistici certificati dallo Iat sono positivi \u2013prosegue l\u2019assessore -, da qui partiremo per lavorare e incrementare l\u2019offerta, migliorando le criticit\u00e0, i servizi e i collegamenti. Chi viene a Belluno oggi lo fa perch\u00e9 vuole vivere le Dolomiti e conosce l\u2019Alta Via numero 1, questi sono due elementi su cui puntare sempre di pi\u00f9 in futuro, anche favorendo il passaggio in centro degli escursionisti che scendono dall\u2019Alta Via e poi la loro risalita in Visentin, dove il percorso prosegue. Abbiamo notato grande richiesta di conoscere i punti di interesse nel perimetro urbano, quindi la voglia di conoscere il territorio e spingersi fuori dal centro storico, questo ci lascia ben sperare e apre nuove prospettive anche per le zone meno note, ma di interesse, della nostra citt\u00e0\u201d.<\/p>\n<p>Nel periodo preso in esame, compreso tra il primo giugno e il 21 agosto, lo Iat del centro citt\u00e0 ha registrato 3250 accessi (632 solo nella settimana di Ferragosto) di cui il 38% da parte di stranieri, in particolare francesi e belgi ma anche tedeschi, americani, spagnoli e olandesi. Dall\u2019esame dei dati salta all\u2019occhio la massiccia presenza di turisti francofoni che, per il primo anno, supera quella dei germanofoni. Nel 2021 le presenze all\u2019ufficio erano state 2476, di cui il 25% straniere. Il saldo \u00e8 dunque positivo e consegna alla citt\u00e0 un aumento di accessi del 25%.<br \/>\nPositiva anche l\u2019estate del Nevegal. Dalla sua apertura a luglio (solo le domeniche) al 23 agosto, lo Iat del piazzale ha accolto 3020 persone e i biglietti acquistati per la seggiovia sono stati 2840. Nello stesso periodo del 2021 erano entrate 2497 persone ed erano stati venduti 2337 biglietti. Il bilancio \u00e8 dunque in crescita e mostra un aumento di presenze del 30%.<\/p>\n<p>In quanto alle richieste dei visitatori, non si scostano troppo da quelle degli anni scorsi e dimostrano come l\u2019Alta Via 1 continui ad essere un grande motivo di attrazione. A percorrerla, quest\u2019anno, sono stati anche molti americani. Le persone si sono rivolte al personale dei due punti informativi per avere mappe della citt\u00e0, informazioni su cosa vedere in centro storico, informazioni sui sentieri e sugli eventi, oltre alle spille dell\u2019Alta Via.<\/p>\n<p>&nbsp;<\/p>\n<p>&nbsp;<\/p>","protected":false},"excerpt":{"rendered":"<p>Positivi i dati del turismo estivo nel capoluogo: tra il primo giugno e il 21 agosto lo Iat di piazza Duomo ha registrato il 25% di accessi in pi\u00f9, rispetto allo stesso periodo dello scorso anno, mentre in Nevegal le presenze sono aumentate del 30%. \u201cNumeri soddisfacenti, sono un punto di partenza su cui lavoreremo [&hellip;]<\/p>\n","protected":false},"author":2,"featured_media":134778,"comment_status":"closed","ping_status":"open","sticky":false,"template":"","format":"standard","meta":{"footnotes":""},"categories":[36,26],"tags":[],"class_list":["post-136123","post","type-post","status-publish","format-standard","has-post-thumbnail","category-lavoro-economia","category-prima-pagina"],"yoast_head":"<!-- This site is optimized with the Yoast SEO plugin v28.4 - https:\/\/yoast.com\/product\/yoast-seo-wordpress\/ -->\n<title>Aumentano le presenze in citt\u00e0 e in Neveg\u00e0l. Luciani: &quot;Da qui si parte per migliorare l&#039;offerta&quot; - Bellunopress - Dolomiti<\/title>\n<meta name=\"robots\" content=\"index, follow, max-snippet:-1, max-image-preview:large, max-video-preview:-1\" \/>\n<link rel=\"canonical\" href=\"https:\/\/www.bellunopress.it\/fr\/2022\/08\/31\/aumentano-le-presenze-in-citta-e-in-nevegal-luciani-da-qui-si-parte-per-migliorare-lofferta\/\" \/>\n<meta property=\"og:locale\" content=\"fr_FR\" \/>\n<meta property=\"og:type\" content=\"article\" \/>\n<meta property=\"og:title\" content=\"Aumentano le presenze in citt\u00e0 e in Neveg\u00e0l. Luciani: &quot;Da qui si parte per migliorare l&#039;offerta&quot; - Bellunopress - Dolomiti\" \/>\n<meta property=\"og:description\" content=\"Positivi i dati del turismo estivo nel capoluogo: tra il primo giugno e il 21 agosto lo Iat di piazza Duomo ha registrato il 25% di accessi in pi\u00f9, rispetto allo stesso periodo dello scorso anno, mentre in Nevegal le presenze sono aumentate del 30%. \u201cNumeri soddisfacenti, sono un punto di partenza su cui lavoreremo [&hellip;]\" \/>\n<meta property=\"og:url\" content=\"https:\/\/www.bellunopress.it\/fr\/2022\/08\/31\/aumentano-le-presenze-in-citta-e-in-nevegal-luciani-da-qui-si-parte-per-migliorare-lofferta\/\" \/>\n<meta property=\"og:site_name\" content=\"Bellunopress - Dolomiti\" \/>\n<meta property=\"article:publisher\" content=\"https:\/\/www.facebook.com\/profile.php?id=100008943462799\" \/>\n<meta property=\"article:published_time\" content=\"2022-08-31T12:40:07+00:00\" \/>\n<meta property=\"og:image\" content=\"https:\/\/www.bellunopress.it\/wp-content\/uploads\/2022\/07\/Paolo-Luciani-assessore-al-Turismo_edited.jpg\" \/>\n\t<meta property=\"og:image:width\" content=\"456\" \/>\n\t<meta property=\"og:image:height\" content=\"335\" \/>\n\t<meta property=\"og:image:type\" content=\"image\/jpeg\" \/>\n<meta name=\"author\" content=\"redazione\" \/>\n<meta name=\"twitter:card\" content=\"summary_large_image\" \/>\n<meta name=\"twitter:creator\" content=\"@bellunopress\" \/>\n<meta name=\"twitter:site\" content=\"@bellunopress\" \/>\n<meta name=\"twitter:label1\" content=\"\u00c9crit par\" \/>\n\t<meta name=\"twitter:data1\" content=\"redazione\" \/>\n\t<meta name=\"twitter:label2\" content=\"Dur\u00e9e de lecture estim\u00e9e\" \/>\n\t<meta name=\"twitter:data2\" content=\"3 minutes\" \/>\n<script type=\"application\/ld+json\" class=\"yoast-schema-graph\">{\"@context\":\"https:\\\/\\\/schema.org\",\"@graph\":[{\"@type\":\"Article\",\"@id\":\"https:\\\/\\\/www.bellunopress.it\\\/2022\\\/08\\\/31\\\/aumentano-le-presenze-in-citta-e-in-nevegal-luciani-da-qui-si-parte-per-migliorare-lofferta\\\/#article\",\"isPartOf\":{\"@id\":\"https:\\\/\\\/www.bellunopress.it\\\/2022\\\/08\\\/31\\\/aumentano-le-presenze-in-citta-e-in-nevegal-luciani-da-qui-si-parte-per-migliorare-lofferta\\\/\"},\"author\":{\"name\":\"redazione\",\"@id\":\"https:\\\/\\\/www.bellunopress.it\\\/#\\\/schema\\\/person\\\/79bb06722b37ece1c03d3e94beb30d73\"},\"headline\":\"Aumentano le presenze in citt\u00e0 e in Neveg\u00e0l. Luciani: &#8220;Da qui si parte per migliorare l&#8217;offerta&#8221;\",\"datePublished\":\"2022-08-31T12:40:07+00:00\",\"mainEntityOfPage\":{\"@id\":\"https:\\\/\\\/www.bellunopress.it\\\/2022\\\/08\\\/31\\\/aumentano-le-presenze-in-citta-e-in-nevegal-luciani-da-qui-si-parte-per-migliorare-lofferta\\\/\"},\"wordCount\":485,\"publisher\":{\"@id\":\"https:\\\/\\\/www.bellunopress.it\\\/#organization\"},\"image\":{\"@id\":\"https:\\\/\\\/www.bellunopress.it\\\/2022\\\/08\\\/31\\\/aumentano-le-presenze-in-citta-e-in-nevegal-luciani-da-qui-si-parte-per-migliorare-lofferta\\\/#primaryimage\"},\"thumbnailUrl\":\"https:\\\/\\\/www.bellunopress.it\\\/wp-content\\\/uploads\\\/2022\\\/07\\\/Paolo-Luciani-assessore-al-Turismo_edited.jpg\",\"articleSection\":[\"Lavoro, Economia, Turismo\",\"Prima Pagina\"],\"inLanguage\":\"fr-FR\"},{\"@type\":\"WebPage\",\"@id\":\"https:\\\/\\\/www.bellunopress.it\\\/2022\\\/08\\\/31\\\/aumentano-le-presenze-in-citta-e-in-nevegal-luciani-da-qui-si-parte-per-migliorare-lofferta\\\/\",\"url\":\"https:\\\/\\\/www.bellunopress.it\\\/2022\\\/08\\\/31\\\/aumentano-le-presenze-in-citta-e-in-nevegal-luciani-da-qui-si-parte-per-migliorare-lofferta\\\/\",\"name\":\"Aumentano le presenze in citt\u00e0 e in Neveg\u00e0l. Luciani: \\\"Da qui si parte per migliorare l'offerta\\\" - Bellunopress - Dolomiti\",\"isPartOf\":{\"@id\":\"https:\\\/\\\/www.bellunopress.it\\\/#website\"},\"primaryImageOfPage\":{\"@id\":\"https:\\\/\\\/www.bellunopress.it\\\/2022\\\/08\\\/31\\\/aumentano-le-presenze-in-citta-e-in-nevegal-luciani-da-qui-si-parte-per-migliorare-lofferta\\\/#primaryimage\"},\"image\":{\"@id\":\"https:\\\/\\\/www.bellunopress.it\\\/2022\\\/08\\\/31\\\/aumentano-le-presenze-in-citta-e-in-nevegal-luciani-da-qui-si-parte-per-migliorare-lofferta\\\/#primaryimage\"},\"thumbnailUrl\":\"https:\\\/\\\/www.bellunopress.it\\\/wp-content\\\/uploads\\\/2022\\\/07\\\/Paolo-Luciani-assessore-al-Turismo_edited.jpg\",\"datePublished\":\"2022-08-31T12:40:07+00:00\",\"breadcrumb\":{\"@id\":\"https:\\\/\\\/www.bellunopress.it\\\/2022\\\/08\\\/31\\\/aumentano-le-presenze-in-citta-e-in-nevegal-luciani-da-qui-si-parte-per-migliorare-lofferta\\\/#breadcrumb\"},\"inLanguage\":\"fr-FR\",\"potentialAction\":[{\"@type\":\"ReadAction\",\"target\":[\"https:\\\/\\\/www.bellunopress.it\\\/2022\\\/08\\\/31\\\/aumentano-le-presenze-in-citta-e-in-nevegal-luciani-da-qui-si-parte-per-migliorare-lofferta\\\/\"]}]},{\"@type\":\"ImageObject\",\"inLanguage\":\"fr-FR\",\"@id\":\"https:\\\/\\\/www.bellunopress.it\\\/2022\\\/08\\\/31\\\/aumentano-le-presenze-in-citta-e-in-nevegal-luciani-da-qui-si-parte-per-migliorare-lofferta\\\/#primaryimage\",\"url\":\"https:\\\/\\\/www.bellunopress.it\\\/wp-content\\\/uploads\\\/2022\\\/07\\\/Paolo-Luciani-assessore-al-Turismo_edited.jpg\",\"contentUrl\":\"https:\\\/\\\/www.bellunopress.it\\\/wp-content\\\/uploads\\\/2022\\\/07\\\/Paolo-Luciani-assessore-al-Turismo_edited.jpg\",\"width\":456,\"height\":335,\"caption\":\"Paolo Luciani, assessore al Turismo del Comune di Belluno\"},{\"@type\":\"BreadcrumbList\",\"@id\":\"https:\\\/\\\/www.bellunopress.it\\\/2022\\\/08\\\/31\\\/aumentano-le-presenze-in-citta-e-in-nevegal-luciani-da-qui-si-parte-per-migliorare-lofferta\\\/#breadcrumb\",\"itemListElement\":[{\"@type\":\"ListItem\",\"position\":1,\"name\":\"Home\",\"item\":\"https:\\\/\\\/www.bellunopress.it\\\/\"},{\"@type\":\"ListItem\",\"position\":2,\"name\":\"Aumentano le presenze in citt\u00e0 e in Neveg\u00e0l. Luciani: &#8220;Da qui si parte per migliorare l&#8217;offerta&#8221;\"}]},{\"@type\":\"WebSite\",\"@id\":\"https:\\\/\\\/www.bellunopress.it\\\/#website\",\"url\":\"https:\\\/\\\/www.bellunopress.it\\\/\",\"name\":\"Bellunopress - Dolomiti\",\"description\":\"e-mail: redazione@bellunopress.it\",\"publisher\":{\"@id\":\"https:\\\/\\\/www.bellunopress.it\\\/#organization\"},\"potentialAction\":[{\"@type\":\"SearchAction\",\"target\":{\"@type\":\"EntryPoint\",\"urlTemplate\":\"https:\\\/\\\/www.bellunopress.it\\\/?s={search_term_string}\"},\"query-input\":{\"@type\":\"PropertyValueSpecification\",\"valueRequired\":true,\"valueName\":\"search_term_string\"}}],\"inLanguage\":\"fr-FR\"},{\"@type\":\"Organization\",\"@id\":\"https:\\\/\\\/www.bellunopress.it\\\/#organization\",\"name\":\"Bellunopress\",\"url\":\"https:\\\/\\\/www.bellunopress.it\\\/\",\"logo\":{\"@type\":\"ImageObject\",\"inLanguage\":\"fr-FR\",\"@id\":\"https:\\\/\\\/www.bellunopress.it\\\/#\\\/schema\\\/logo\\\/image\\\/\",\"url\":\"https:\\\/\\\/www.bellunopress.it\\\/wp-content\\\/uploads\\\/2011\\\/05\\\/cropped-logo-bellunopress-.jpg\",\"contentUrl\":\"https:\\\/\\\/www.bellunopress.it\\\/wp-content\\\/uploads\\\/2011\\\/05\\\/cropped-logo-bellunopress-.jpg\",\"width\":512,\"height\":512,\"caption\":\"Bellunopress\"},\"image\":{\"@id\":\"https:\\\/\\\/www.bellunopress.it\\\/#\\\/schema\\\/logo\\\/image\\\/\"},\"sameAs\":[\"https:\\\/\\\/www.facebook.com\\\/profile.php?id=100008943462799\",\"https:\\\/\\\/x.com\\\/bellunopress\",\"https:\\\/\\\/www.linkedin.com\\\/hp\\\/?dnr=JBzUWaJfMUw8vbXJJ2tVW5-I3jZKvC4wsoxE&amp;amp;amp;amp;amp;amp;trk=nav_responsive_tab_home\",\"https:\\\/\\\/www.youtube.com\\\/channel\\\/UCxL0wu1uN0_3_7hGG0306cw\"]},{\"@type\":\"Person\",\"@id\":\"https:\\\/\\\/www.bellunopress.it\\\/#\\\/schema\\\/person\\\/79bb06722b37ece1c03d3e94beb30d73\",\"name\":\"redazione\",\"image\":{\"@type\":\"ImageObject\",\"inLanguage\":\"fr-FR\",\"@id\":\"https:\\\/\\\/secure.gravatar.com\\\/avatar\\\/37d968a2e67a6fd04c169c4bdef102d0bc5d31b2546345219e348575eb80e9a0?s=96&d=mm&r=g\",\"url\":\"https:\\\/\\\/secure.gravatar.com\\\/avatar\\\/37d968a2e67a6fd04c169c4bdef102d0bc5d31b2546345219e348575eb80e9a0?s=96&d=mm&r=g\",\"contentUrl\":\"https:\\\/\\\/secure.gravatar.com\\\/avatar\\\/37d968a2e67a6fd04c169c4bdef102d0bc5d31b2546345219e348575eb80e9a0?s=96&d=mm&r=g\",\"caption\":\"redazione\"},\"sameAs\":[\"http:\\\/\\\/www.bellunopress.it\",\"https:\\\/\\\/x.com\\\/bellunopress\"],\"url\":\"https:\\\/\\\/www.bellunopress.it\\\/fr\\\/author\\\/redazione\\\/\"}]}<\/script>\n<!-- \/ Yoast SEO plugin. -->","yoast_head_json":{"title":"Aumentano le presenze in citt\u00e0 e in Neveg\u00e0l. Luciani: \"Da qui si parte per migliorare l'offerta\" - Bellunopress - Dolomiti","robots":{"index":"index","follow":"follow","max-snippet":"max-snippet:-1","max-image-preview":"max-image-preview:large","max-video-preview":"max-video-preview:-1"},"canonical":"https:\/\/www.bellunopress.it\/fr\/2022\/08\/31\/aumentano-le-presenze-in-citta-e-in-nevegal-luciani-da-qui-si-parte-per-migliorare-lofferta\/","og_locale":"fr_FR","og_type":"article","og_title":"Aumentano le presenze in citt\u00e0 e in Neveg\u00e0l. Luciani: \"Da qui si parte per migliorare l'offerta\" - Bellunopress - Dolomiti","og_description":"Positivi i dati del turismo estivo nel capoluogo: tra il primo giugno e il 21 agosto lo Iat di piazza Duomo ha registrato il 25% di accessi in pi\u00f9, rispetto allo stesso periodo dello scorso anno, mentre in Nevegal le presenze sono aumentate del 30%. \u201cNumeri soddisfacenti, sono un punto di partenza su cui lavoreremo [&hellip;]","og_url":"https:\/\/www.bellunopress.it\/fr\/2022\/08\/31\/aumentano-le-presenze-in-citta-e-in-nevegal-luciani-da-qui-si-parte-per-migliorare-lofferta\/","og_site_name":"Bellunopress - Dolomiti","article_publisher":"https:\/\/www.facebook.com\/profile.php?id=100008943462799","article_published_time":"2022-08-31T12:40:07+00:00","og_image":[{"width":456,"height":335,"url":"https:\/\/www.bellunopress.it\/wp-content\/uploads\/2022\/07\/Paolo-Luciani-assessore-al-Turismo_edited.jpg","type":"image\/jpeg"}],"author":"redazione","twitter_card":"summary_large_image","twitter_creator":"@bellunopress","twitter_site":"@bellunopress","twitter_misc":{"\u00c9crit par":"redazione","Dur\u00e9e de lecture estim\u00e9e":"3 minutes"},"schema":{"@context":"https:\/\/schema.org","@graph":[{"@type":"Article","@id":"https:\/\/www.bellunopress.it\/2022\/08\/31\/aumentano-le-presenze-in-citta-e-in-nevegal-luciani-da-qui-si-parte-per-migliorare-lofferta\/#article","isPartOf":{"@id":"https:\/\/www.bellunopress.it\/2022\/08\/31\/aumentano-le-presenze-in-citta-e-in-nevegal-luciani-da-qui-si-parte-per-migliorare-lofferta\/"},"author":{"name":"redazione","@id":"https:\/\/www.bellunopress.it\/#\/schema\/person\/79bb06722b37ece1c03d3e94beb30d73"},"headline":"Aumentano le presenze in citt\u00e0 e in Neveg\u00e0l. Luciani: &#8220;Da qui si parte per migliorare l&#8217;offerta&#8221;","datePublished":"2022-08-31T12:40:07+00:00","mainEntityOfPage":{"@id":"https:\/\/www.bellunopress.it\/2022\/08\/31\/aumentano-le-presenze-in-citta-e-in-nevegal-luciani-da-qui-si-parte-per-migliorare-lofferta\/"},"wordCount":485,"publisher":{"@id":"https:\/\/www.bellunopress.it\/#organization"},"image":{"@id":"https:\/\/www.bellunopress.it\/2022\/08\/31\/aumentano-le-presenze-in-citta-e-in-nevegal-luciani-da-qui-si-parte-per-migliorare-lofferta\/#primaryimage"},"thumbnailUrl":"https:\/\/www.bellunopress.it\/wp-content\/uploads\/2022\/07\/Paolo-Luciani-assessore-al-Turismo_edited.jpg","articleSection":["Lavoro, Economia, Turismo","Prima Pagina"],"inLanguage":"fr-FR"},{"@type":"WebPage","@id":"https:\/\/www.bellunopress.it\/2022\/08\/31\/aumentano-le-presenze-in-citta-e-in-nevegal-luciani-da-qui-si-parte-per-migliorare-lofferta\/","url":"https:\/\/www.bellunopress.it\/2022\/08\/31\/aumentano-le-presenze-in-citta-e-in-nevegal-luciani-da-qui-si-parte-per-migliorare-lofferta\/","name":"Aumentano le presenze in citt\u00e0 e in Neveg\u00e0l. Luciani: \"Da qui si parte per migliorare l'offerta\" - Bellunopress - Dolomiti","isPartOf":{"@id":"https:\/\/www.bellunopress.it\/#website"},"primaryImageOfPage":{"@id":"https:\/\/www.bellunopress.it\/2022\/08\/31\/aumentano-le-presenze-in-citta-e-in-nevegal-luciani-da-qui-si-parte-per-migliorare-lofferta\/#primaryimage"},"image":{"@id":"https:\/\/www.bellunopress.it\/2022\/08\/31\/aumentano-le-presenze-in-citta-e-in-nevegal-luciani-da-qui-si-parte-per-migliorare-lofferta\/#primaryimage"},"thumbnailUrl":"https:\/\/www.bellunopress.it\/wp-content\/uploads\/2022\/07\/Paolo-Luciani-assessore-al-Turismo_edited.jpg","datePublished":"2022-08-31T12:40:07+00:00","breadcrumb":{"@id":"https:\/\/www.bellunopress.it\/2022\/08\/31\/aumentano-le-presenze-in-citta-e-in-nevegal-luciani-da-qui-si-parte-per-migliorare-lofferta\/#breadcrumb"},"inLanguage":"fr-FR","potentialAction":[{"@type":"ReadAction","target":["https:\/\/www.bellunopress.it\/2022\/08\/31\/aumentano-le-presenze-in-citta-e-in-nevegal-luciani-da-qui-si-parte-per-migliorare-lofferta\/"]}]},{"@type":"ImageObject","inLanguage":"fr-FR","@id":"https:\/\/www.bellunopress.it\/2022\/08\/31\/aumentano-le-presenze-in-citta-e-in-nevegal-luciani-da-qui-si-parte-per-migliorare-lofferta\/#primaryimage","url":"https:\/\/www.bellunopress.it\/wp-content\/uploads\/2022\/07\/Paolo-Luciani-assessore-al-Turismo_edited.jpg","contentUrl":"https:\/\/www.bellunopress.it\/wp-content\/uploads\/2022\/07\/Paolo-Luciani-assessore-al-Turismo_edited.jpg","width":456,"height":335,"caption":"Paolo Luciani, assessore al Turismo del Comune di Belluno"},{"@type":"BreadcrumbList","@id":"https:\/\/www.bellunopress.it\/2022\/08\/31\/aumentano-le-presenze-in-citta-e-in-nevegal-luciani-da-qui-si-parte-per-migliorare-lofferta\/#breadcrumb","itemListElement":[{"@type":"ListItem","position":1,"name":"Home","item":"https:\/\/www.bellunopress.it\/"},{"@type":"ListItem","position":2,"name":"Aumentano le presenze in citt\u00e0 e in Neveg\u00e0l. Luciani: &#8220;Da qui si parte per migliorare l&#8217;offerta&#8221;"}]},{"@type":"WebSite","@id":"https:\/\/www.bellunopress.it\/#website","url":"https:\/\/www.bellunopress.it\/","name":"Bellunopress - Dolomiti","description":"e-mail: redazione@bellunopress.it","publisher":{"@id":"https:\/\/www.bellunopress.it\/#organization"},"potentialAction":[{"@type":"SearchAction","target":{"@type":"EntryPoint","urlTemplate":"https:\/\/www.bellunopress.it\/?s={search_term_string}"},"query-input":{"@type":"PropertyValueSpecification","valueRequired":true,"valueName":"search_term_string"}}],"inLanguage":"fr-FR"},{"@type":"Organization","@id":"https:\/\/www.bellunopress.it\/#organization","name":"Bellunopress","url":"https:\/\/www.bellunopress.it\/","logo":{"@type":"ImageObject","inLanguage":"fr-FR","@id":"https:\/\/www.bellunopress.it\/#\/schema\/logo\/image\/","url":"https:\/\/www.bellunopress.it\/wp-content\/uploads\/2011\/05\/cropped-logo-bellunopress-.jpg","contentUrl":"https:\/\/www.bellunopress.it\/wp-content\/uploads\/2011\/05\/cropped-logo-bellunopress-.jpg","width":512,"height":512,"caption":"Bellunopress"},"image":{"@id":"https:\/\/www.bellunopress.it\/#\/schema\/logo\/image\/"},"sameAs":["https:\/\/www.facebook.com\/profile.php?id=100008943462799","https:\/\/x.com\/bellunopress","https:\/\/www.linkedin.com\/hp\/?dnr=JBzUWaJfMUw8vbXJJ2tVW5-I3jZKvC4wsoxE&amp;amp;amp;amp;amp;amp;trk=nav_responsive_tab_home","https:\/\/www.youtube.com\/channel\/UCxL0wu1uN0_3_7hGG0306cw"]},{"@type":"Person","@id":"https:\/\/www.bellunopress.it\/#\/schema\/person\/79bb06722b37ece1c03d3e94beb30d73","name":"r\u00e9daction","image":{"@type":"ImageObject","inLanguage":"fr-FR","@id":"https:\/\/secure.gravatar.com\/avatar\/37d968a2e67a6fd04c169c4bdef102d0bc5d31b2546345219e348575eb80e9a0?s=96&d=mm&r=g","url":"https:\/\/secure.gravatar.com\/avatar\/37d968a2e67a6fd04c169c4bdef102d0bc5d31b2546345219e348575eb80e9a0?s=96&d=mm&r=g","contentUrl":"https:\/\/secure.gravatar.com\/avatar\/37d968a2e67a6fd04c169c4bdef102d0bc5d31b2546345219e348575eb80e9a0?s=96&d=mm&r=g","caption":"redazione"},"sameAs":["http:\/\/www.bellunopress.it","https:\/\/x.com\/bellunopress"],"url":"https:\/\/www.bellunopress.it\/fr\/author\/redazione\/"}]}},"_links":{"self":[{"href":"https:\/\/www.bellunopress.it\/fr\/wp-json\/wp\/v2\/posts\/136123","targetHints":{"allow":["GET"]}}],"collection":[{"href":"https:\/\/www.bellunopress.it\/fr\/wp-json\/wp\/v2\/posts"}],"about":[{"href":"https:\/\/www.bellunopress.it\/fr\/wp-json\/wp\/v2\/types\/post"}],"author":[{"embeddable":true,"href":"https:\/\/www.bellunopress.it\/fr\/wp-json\/wp\/v2\/users\/2"}],"replies":[{"embeddable":true,"href":"https:\/\/www.bellunopress.it\/fr\/wp-json\/wp\/v2\/comments?post=136123"}],"version-history":[{"count":1,"href":"https:\/\/www.bellunopress.it\/fr\/wp-json\/wp\/v2\/posts\/136123\/revisions"}],"predecessor-version":[{"id":136124,"href":"https:\/\/www.bellunopress.it\/fr\/wp-json\/wp\/v2\/posts\/136123\/revisions\/136124"}],"wp:featuredmedia":[{"embeddable":true,"href":"https:\/\/www.bellunopress.it\/fr\/wp-json\/wp\/v2\/media\/134778"}],"wp:attachment":[{"href":"https:\/\/www.bellunopress.it\/fr\/wp-json\/wp\/v2\/media?parent=136123"}],"wp:term":[{"taxonomy":"category","embeddable":true,"href":"https:\/\/www.bellunopress.it\/fr\/wp-json\/wp\/v2\/categories?post=136123"},{"taxonomy":"post_tag","embeddable":true,"href":"https:\/\/www.bellunopress.it\/fr\/wp-json\/wp\/v2\/tags?post=136123"}],"curies":[{"name":"wp","href":"https:\/\/api.w.org\/{rel}","templated":true}]}}