{"id":136048,"date":"2022-08-27T13:19:37","date_gmt":"2022-08-27T11:19:37","guid":{"rendered":"https:\/\/www.bellunopress.it\/?p=136048"},"modified":"2022-08-27T13:19:37","modified_gmt":"2022-08-27T11:19:37","slug":"giovane-bellunese-dimesso-ieri-dallospedale-di-feltre-non-era-west-nile","status":"publish","type":"post","link":"https:\/\/www.bellunopress.it\/fr\/2022\/08\/27\/giovane-bellunese-dimesso-ieri-dallospedale-di-feltre-non-era-west-nile\/","title":{"rendered":"Giovane bellunese dimesso ieri dall&#8217;ospedale di Feltre: non era West Nile"},"content":{"rendered":"<figure id=\"attachment_112702\" aria-describedby=\"caption-attachment-112702\" style=\"width: 900px\" class=\"wp-caption alignleft\"><img loading=\"lazy\" decoding=\"async\" class=\"size-full wp-image-112702\" src=\"https:\/\/www.bellunopress.it\/wp-content\/uploads\/2020\/03\/Ospedale-Feltre-2.jpg\" alt=\"\" width=\"900\" height=\"675\" srcset=\"https:\/\/www.bellunopress.it\/wp-content\/uploads\/2020\/03\/Ospedale-Feltre-2.jpg 900w, https:\/\/www.bellunopress.it\/wp-content\/uploads\/2020\/03\/Ospedale-Feltre-2-500x375.jpg 500w, https:\/\/www.bellunopress.it\/wp-content\/uploads\/2020\/03\/Ospedale-Feltre-2-696x522.jpg 696w, https:\/\/www.bellunopress.it\/wp-content\/uploads\/2020\/03\/Ospedale-Feltre-2-560x420.jpg 560w, https:\/\/www.bellunopress.it\/wp-content\/uploads\/2020\/03\/Ospedale-Feltre-2-80x60.jpg 80w, https:\/\/www.bellunopress.it\/wp-content\/uploads\/2020\/03\/Ospedale-Feltre-2-265x198.jpg 265w\" sizes=\"auto, (max-width: 900px) 100vw, 900px\" \/><figcaption id=\"caption-attachment-112702\" class=\"wp-caption-text\">Ospedale di Feltre<\/figcaption><\/figure>\n<p>Il centro di riferimento dell\u2019Universit\u00e0 di Padova ha comunicato che la revisione laboratoristica della positivit\u00e0 per virus West Nile a carico del giovane bellunese, dimesso ieri dall\u2019Ospedale di Feltre, non ha confermato la diagnosi di malattia West Nile.<\/p>\n<p>Questa revisione laboratoristica viene talora condotta a fronte di non perfetto allineamento dei dati clinici e strumentali.<\/p>\n<p>La provincia di Belluno, rimane quindi, per ora, indenne da casi autoctoni di malattia West Nile (come precedentemente comunicato, gli altri due casi riscontrati in questa settimana erano quasi certamente di \u201cimportazione\u201d).<\/p>\n<p>Rimangono comunque valide tutte le raccomandazioni per evitare la proliferazione delle zanzare e per ridurre il rischio di puntura.<\/p>\n<p>&nbsp;<\/p>","protected":false},"excerpt":{"rendered":"<p>Il centro di riferimento dell\u2019Universit\u00e0 di Padova ha comunicato che la revisione laboratoristica della positivit\u00e0 per virus West Nile a carico del giovane bellunese, dimesso ieri dall\u2019Ospedale di Feltre, non ha confermato la diagnosi di malattia West Nile. Questa revisione laboratoristica viene talora condotta a fronte di non perfetto allineamento dei dati clinici e strumentali. [&hellip;]<\/p>\n","protected":false},"author":2,"featured_media":112702,"comment_status":"closed","ping_status":"open","sticky":false,"template":"","format":"standard","meta":{"footnotes":""},"categories":[5,17],"tags":[],"class_list":["post-136048","post","type-post","status-publish","format-standard","has-post-thumbnail","category-cronaca","category-sanita"],"yoast_head":"<!-- This site is optimized with the Yoast SEO plugin v28.4 - https:\/\/yoast.com\/product\/yoast-seo-wordpress\/ -->\n<title>Giovane bellunese dimesso ieri dall&#039;ospedale di Feltre: non era West Nile - Bellunopress - Dolomiti<\/title>\n<meta name=\"robots\" content=\"index, follow, max-snippet:-1, max-image-preview:large, max-video-preview:-1\" \/>\n<link rel=\"canonical\" href=\"https:\/\/www.bellunopress.it\/fr\/2022\/08\/27\/giovane-bellunese-dimesso-ieri-dallospedale-di-feltre-non-era-west-nile\/\" \/>\n<meta property=\"og:locale\" content=\"fr_FR\" \/>\n<meta property=\"og:type\" content=\"article\" \/>\n<meta property=\"og:title\" content=\"Giovane bellunese dimesso ieri dall&#039;ospedale di Feltre: non era West Nile - Bellunopress - Dolomiti\" \/>\n<meta property=\"og:description\" content=\"Il centro di riferimento dell\u2019Universit\u00e0 di Padova ha comunicato che la revisione laboratoristica della positivit\u00e0 per virus West Nile a carico del giovane bellunese, dimesso ieri dall\u2019Ospedale di Feltre, non ha confermato la diagnosi di malattia West Nile. Questa revisione laboratoristica viene talora condotta a fronte di non perfetto allineamento dei dati clinici e strumentali. [&hellip;]\" \/>\n<meta property=\"og:url\" content=\"https:\/\/www.bellunopress.it\/fr\/2022\/08\/27\/giovane-bellunese-dimesso-ieri-dallospedale-di-feltre-non-era-west-nile\/\" \/>\n<meta property=\"og:site_name\" content=\"Bellunopress - Dolomiti\" \/>\n<meta property=\"article:publisher\" content=\"https:\/\/www.facebook.com\/profile.php?id=100008943462799\" \/>\n<meta property=\"article:published_time\" content=\"2022-08-27T11:19:37+00:00\" \/>\n<meta property=\"og:image\" content=\"https:\/\/www.bellunopress.it\/wp-content\/uploads\/2020\/03\/Ospedale-Feltre-2.jpg\" \/>\n\t<meta property=\"og:image:width\" content=\"900\" \/>\n\t<meta property=\"og:image:height\" content=\"675\" \/>\n\t<meta property=\"og:image:type\" content=\"image\/jpeg\" \/>\n<meta name=\"author\" content=\"redazione\" \/>\n<meta name=\"twitter:card\" content=\"summary_large_image\" \/>\n<meta name=\"twitter:creator\" content=\"@bellunopress\" \/>\n<meta name=\"twitter:site\" content=\"@bellunopress\" \/>\n<meta name=\"twitter:label1\" content=\"\u00c9crit par\" \/>\n\t<meta name=\"twitter:data1\" content=\"redazione\" \/>\n\t<meta name=\"twitter:label2\" content=\"Dur\u00e9e de lecture estim\u00e9e\" \/>\n\t<meta name=\"twitter:data2\" content=\"1 minute\" \/>\n<script type=\"application\/ld+json\" class=\"yoast-schema-graph\">{\"@context\":\"https:\\\/\\\/schema.org\",\"@graph\":[{\"@type\":\"Article\",\"@id\":\"https:\\\/\\\/www.bellunopress.it\\\/2022\\\/08\\\/27\\\/giovane-bellunese-dimesso-ieri-dallospedale-di-feltre-non-era-west-nile\\\/#article\",\"isPartOf\":{\"@id\":\"https:\\\/\\\/www.bellunopress.it\\\/2022\\\/08\\\/27\\\/giovane-bellunese-dimesso-ieri-dallospedale-di-feltre-non-era-west-nile\\\/\"},\"author\":{\"name\":\"redazione\",\"@id\":\"https:\\\/\\\/www.bellunopress.it\\\/#\\\/schema\\\/person\\\/79bb06722b37ece1c03d3e94beb30d73\"},\"headline\":\"Giovane bellunese dimesso ieri dall&#8217;ospedale di Feltre: non era West Nile\",\"datePublished\":\"2022-08-27T11:19:37+00:00\",\"mainEntityOfPage\":{\"@id\":\"https:\\\/\\\/www.bellunopress.it\\\/2022\\\/08\\\/27\\\/giovane-bellunese-dimesso-ieri-dallospedale-di-feltre-non-era-west-nile\\\/\"},\"wordCount\":131,\"publisher\":{\"@id\":\"https:\\\/\\\/www.bellunopress.it\\\/#organization\"},\"image\":{\"@id\":\"https:\\\/\\\/www.bellunopress.it\\\/2022\\\/08\\\/27\\\/giovane-bellunese-dimesso-ieri-dallospedale-di-feltre-non-era-west-nile\\\/#primaryimage\"},\"thumbnailUrl\":\"https:\\\/\\\/www.bellunopress.it\\\/wp-content\\\/uploads\\\/2020\\\/03\\\/Ospedale-Feltre-2.jpg\",\"articleSection\":[\"Cronaca\\\/Politica\",\"Sanit\u00e0 Medicina\"],\"inLanguage\":\"fr-FR\"},{\"@type\":\"WebPage\",\"@id\":\"https:\\\/\\\/www.bellunopress.it\\\/2022\\\/08\\\/27\\\/giovane-bellunese-dimesso-ieri-dallospedale-di-feltre-non-era-west-nile\\\/\",\"url\":\"https:\\\/\\\/www.bellunopress.it\\\/2022\\\/08\\\/27\\\/giovane-bellunese-dimesso-ieri-dallospedale-di-feltre-non-era-west-nile\\\/\",\"name\":\"Giovane bellunese dimesso ieri dall'ospedale di Feltre: non era West Nile - Bellunopress - Dolomiti\",\"isPartOf\":{\"@id\":\"https:\\\/\\\/www.bellunopress.it\\\/#website\"},\"primaryImageOfPage\":{\"@id\":\"https:\\\/\\\/www.bellunopress.it\\\/2022\\\/08\\\/27\\\/giovane-bellunese-dimesso-ieri-dallospedale-di-feltre-non-era-west-nile\\\/#primaryimage\"},\"image\":{\"@id\":\"https:\\\/\\\/www.bellunopress.it\\\/2022\\\/08\\\/27\\\/giovane-bellunese-dimesso-ieri-dallospedale-di-feltre-non-era-west-nile\\\/#primaryimage\"},\"thumbnailUrl\":\"https:\\\/\\\/www.bellunopress.it\\\/wp-content\\\/uploads\\\/2020\\\/03\\\/Ospedale-Feltre-2.jpg\",\"datePublished\":\"2022-08-27T11:19:37+00:00\",\"breadcrumb\":{\"@id\":\"https:\\\/\\\/www.bellunopress.it\\\/2022\\\/08\\\/27\\\/giovane-bellunese-dimesso-ieri-dallospedale-di-feltre-non-era-west-nile\\\/#breadcrumb\"},\"inLanguage\":\"fr-FR\",\"potentialAction\":[{\"@type\":\"ReadAction\",\"target\":[\"https:\\\/\\\/www.bellunopress.it\\\/2022\\\/08\\\/27\\\/giovane-bellunese-dimesso-ieri-dallospedale-di-feltre-non-era-west-nile\\\/\"]}]},{\"@type\":\"ImageObject\",\"inLanguage\":\"fr-FR\",\"@id\":\"https:\\\/\\\/www.bellunopress.it\\\/2022\\\/08\\\/27\\\/giovane-bellunese-dimesso-ieri-dallospedale-di-feltre-non-era-west-nile\\\/#primaryimage\",\"url\":\"https:\\\/\\\/www.bellunopress.it\\\/wp-content\\\/uploads\\\/2020\\\/03\\\/Ospedale-Feltre-2.jpg\",\"contentUrl\":\"https:\\\/\\\/www.bellunopress.it\\\/wp-content\\\/uploads\\\/2020\\\/03\\\/Ospedale-Feltre-2.jpg\",\"width\":900,\"height\":675,\"caption\":\"Ospedale di Feltre\"},{\"@type\":\"BreadcrumbList\",\"@id\":\"https:\\\/\\\/www.bellunopress.it\\\/2022\\\/08\\\/27\\\/giovane-bellunese-dimesso-ieri-dallospedale-di-feltre-non-era-west-nile\\\/#breadcrumb\",\"itemListElement\":[{\"@type\":\"ListItem\",\"position\":1,\"name\":\"Home\",\"item\":\"https:\\\/\\\/www.bellunopress.it\\\/\"},{\"@type\":\"ListItem\",\"position\":2,\"name\":\"Giovane bellunese dimesso ieri dall&#8217;ospedale di Feltre: non era West Nile\"}]},{\"@type\":\"WebSite\",\"@id\":\"https:\\\/\\\/www.bellunopress.it\\\/#website\",\"url\":\"https:\\\/\\\/www.bellunopress.it\\\/\",\"name\":\"Bellunopress - Dolomiti\",\"description\":\"e-mail: redazione@bellunopress.it\",\"publisher\":{\"@id\":\"https:\\\/\\\/www.bellunopress.it\\\/#organization\"},\"potentialAction\":[{\"@type\":\"SearchAction\",\"target\":{\"@type\":\"EntryPoint\",\"urlTemplate\":\"https:\\\/\\\/www.bellunopress.it\\\/?s={search_term_string}\"},\"query-input\":{\"@type\":\"PropertyValueSpecification\",\"valueRequired\":true,\"valueName\":\"search_term_string\"}}],\"inLanguage\":\"fr-FR\"},{\"@type\":\"Organization\",\"@id\":\"https:\\\/\\\/www.bellunopress.it\\\/#organization\",\"name\":\"Bellunopress\",\"url\":\"https:\\\/\\\/www.bellunopress.it\\\/\",\"logo\":{\"@type\":\"ImageObject\",\"inLanguage\":\"fr-FR\",\"@id\":\"https:\\\/\\\/www.bellunopress.it\\\/#\\\/schema\\\/logo\\\/image\\\/\",\"url\":\"https:\\\/\\\/www.bellunopress.it\\\/wp-content\\\/uploads\\\/2011\\\/05\\\/cropped-logo-bellunopress-.jpg\",\"contentUrl\":\"https:\\\/\\\/www.bellunopress.it\\\/wp-content\\\/uploads\\\/2011\\\/05\\\/cropped-logo-bellunopress-.jpg\",\"width\":512,\"height\":512,\"caption\":\"Bellunopress\"},\"image\":{\"@id\":\"https:\\\/\\\/www.bellunopress.it\\\/#\\\/schema\\\/logo\\\/image\\\/\"},\"sameAs\":[\"https:\\\/\\\/www.facebook.com\\\/profile.php?id=100008943462799\",\"https:\\\/\\\/x.com\\\/bellunopress\",\"https:\\\/\\\/www.linkedin.com\\\/hp\\\/?dnr=JBzUWaJfMUw8vbXJJ2tVW5-I3jZKvC4wsoxE&amp;amp;amp;amp;amp;amp;trk=nav_responsive_tab_home\",\"https:\\\/\\\/www.youtube.com\\\/channel\\\/UCxL0wu1uN0_3_7hGG0306cw\"]},{\"@type\":\"Person\",\"@id\":\"https:\\\/\\\/www.bellunopress.it\\\/#\\\/schema\\\/person\\\/79bb06722b37ece1c03d3e94beb30d73\",\"name\":\"redazione\",\"image\":{\"@type\":\"ImageObject\",\"inLanguage\":\"fr-FR\",\"@id\":\"https:\\\/\\\/secure.gravatar.com\\\/avatar\\\/37d968a2e67a6fd04c169c4bdef102d0bc5d31b2546345219e348575eb80e9a0?s=96&d=mm&r=g\",\"url\":\"https:\\\/\\\/secure.gravatar.com\\\/avatar\\\/37d968a2e67a6fd04c169c4bdef102d0bc5d31b2546345219e348575eb80e9a0?s=96&d=mm&r=g\",\"contentUrl\":\"https:\\\/\\\/secure.gravatar.com\\\/avatar\\\/37d968a2e67a6fd04c169c4bdef102d0bc5d31b2546345219e348575eb80e9a0?s=96&d=mm&r=g\",\"caption\":\"redazione\"},\"sameAs\":[\"http:\\\/\\\/www.bellunopress.it\",\"https:\\\/\\\/x.com\\\/bellunopress\"],\"url\":\"https:\\\/\\\/www.bellunopress.it\\\/fr\\\/author\\\/redazione\\\/\"}]}<\/script>\n<!-- \/ Yoast SEO plugin. -->","yoast_head_json":{"title":"Giovane bellunese dimesso ieri dall'ospedale di Feltre: non era West Nile - Bellunopress - Dolomiti","robots":{"index":"index","follow":"follow","max-snippet":"max-snippet:-1","max-image-preview":"max-image-preview:large","max-video-preview":"max-video-preview:-1"},"canonical":"https:\/\/www.bellunopress.it\/fr\/2022\/08\/27\/giovane-bellunese-dimesso-ieri-dallospedale-di-feltre-non-era-west-nile\/","og_locale":"fr_FR","og_type":"article","og_title":"Giovane bellunese dimesso ieri dall'ospedale di Feltre: non era West Nile - Bellunopress - Dolomiti","og_description":"Il centro di riferimento dell\u2019Universit\u00e0 di Padova ha comunicato che la revisione laboratoristica della positivit\u00e0 per virus West Nile a carico del giovane bellunese, dimesso ieri dall\u2019Ospedale di Feltre, non ha confermato la diagnosi di malattia West Nile. Questa revisione laboratoristica viene talora condotta a fronte di non perfetto allineamento dei dati clinici e strumentali. [&hellip;]","og_url":"https:\/\/www.bellunopress.it\/fr\/2022\/08\/27\/giovane-bellunese-dimesso-ieri-dallospedale-di-feltre-non-era-west-nile\/","og_site_name":"Bellunopress - Dolomiti","article_publisher":"https:\/\/www.facebook.com\/profile.php?id=100008943462799","article_published_time":"2022-08-27T11:19:37+00:00","og_image":[{"width":900,"height":675,"url":"https:\/\/www.bellunopress.it\/wp-content\/uploads\/2020\/03\/Ospedale-Feltre-2.jpg","type":"image\/jpeg"}],"author":"redazione","twitter_card":"summary_large_image","twitter_creator":"@bellunopress","twitter_site":"@bellunopress","twitter_misc":{"\u00c9crit par":"redazione","Dur\u00e9e de lecture estim\u00e9e":"1 minute"},"schema":{"@context":"https:\/\/schema.org","@graph":[{"@type":"Article","@id":"https:\/\/www.bellunopress.it\/2022\/08\/27\/giovane-bellunese-dimesso-ieri-dallospedale-di-feltre-non-era-west-nile\/#article","isPartOf":{"@id":"https:\/\/www.bellunopress.it\/2022\/08\/27\/giovane-bellunese-dimesso-ieri-dallospedale-di-feltre-non-era-west-nile\/"},"author":{"name":"redazione","@id":"https:\/\/www.bellunopress.it\/#\/schema\/person\/79bb06722b37ece1c03d3e94beb30d73"},"headline":"Giovane bellunese dimesso ieri dall&#8217;ospedale di Feltre: non era West Nile","datePublished":"2022-08-27T11:19:37+00:00","mainEntityOfPage":{"@id":"https:\/\/www.bellunopress.it\/2022\/08\/27\/giovane-bellunese-dimesso-ieri-dallospedale-di-feltre-non-era-west-nile\/"},"wordCount":131,"publisher":{"@id":"https:\/\/www.bellunopress.it\/#organization"},"image":{"@id":"https:\/\/www.bellunopress.it\/2022\/08\/27\/giovane-bellunese-dimesso-ieri-dallospedale-di-feltre-non-era-west-nile\/#primaryimage"},"thumbnailUrl":"https:\/\/www.bellunopress.it\/wp-content\/uploads\/2020\/03\/Ospedale-Feltre-2.jpg","articleSection":["Cronaca\/Politica","Sanit\u00e0 Medicina"],"inLanguage":"fr-FR"},{"@type":"WebPage","@id":"https:\/\/www.bellunopress.it\/2022\/08\/27\/giovane-bellunese-dimesso-ieri-dallospedale-di-feltre-non-era-west-nile\/","url":"https:\/\/www.bellunopress.it\/2022\/08\/27\/giovane-bellunese-dimesso-ieri-dallospedale-di-feltre-non-era-west-nile\/","name":"Giovane bellunese dimesso ieri dall'ospedale di Feltre: non era West Nile - Bellunopress - Dolomiti","isPartOf":{"@id":"https:\/\/www.bellunopress.it\/#website"},"primaryImageOfPage":{"@id":"https:\/\/www.bellunopress.it\/2022\/08\/27\/giovane-bellunese-dimesso-ieri-dallospedale-di-feltre-non-era-west-nile\/#primaryimage"},"image":{"@id":"https:\/\/www.bellunopress.it\/2022\/08\/27\/giovane-bellunese-dimesso-ieri-dallospedale-di-feltre-non-era-west-nile\/#primaryimage"},"thumbnailUrl":"https:\/\/www.bellunopress.it\/wp-content\/uploads\/2020\/03\/Ospedale-Feltre-2.jpg","datePublished":"2022-08-27T11:19:37+00:00","breadcrumb":{"@id":"https:\/\/www.bellunopress.it\/2022\/08\/27\/giovane-bellunese-dimesso-ieri-dallospedale-di-feltre-non-era-west-nile\/#breadcrumb"},"inLanguage":"fr-FR","potentialAction":[{"@type":"ReadAction","target":["https:\/\/www.bellunopress.it\/2022\/08\/27\/giovane-bellunese-dimesso-ieri-dallospedale-di-feltre-non-era-west-nile\/"]}]},{"@type":"ImageObject","inLanguage":"fr-FR","@id":"https:\/\/www.bellunopress.it\/2022\/08\/27\/giovane-bellunese-dimesso-ieri-dallospedale-di-feltre-non-era-west-nile\/#primaryimage","url":"https:\/\/www.bellunopress.it\/wp-content\/uploads\/2020\/03\/Ospedale-Feltre-2.jpg","contentUrl":"https:\/\/www.bellunopress.it\/wp-content\/uploads\/2020\/03\/Ospedale-Feltre-2.jpg","width":900,"height":675,"caption":"Ospedale di Feltre"},{"@type":"BreadcrumbList","@id":"https:\/\/www.bellunopress.it\/2022\/08\/27\/giovane-bellunese-dimesso-ieri-dallospedale-di-feltre-non-era-west-nile\/#breadcrumb","itemListElement":[{"@type":"ListItem","position":1,"name":"Home","item":"https:\/\/www.bellunopress.it\/"},{"@type":"ListItem","position":2,"name":"Giovane bellunese dimesso ieri dall&#8217;ospedale di Feltre: non era West Nile"}]},{"@type":"WebSite","@id":"https:\/\/www.bellunopress.it\/#website","url":"https:\/\/www.bellunopress.it\/","name":"Bellunopress - Dolomiti","description":"e-mail: redazione@bellunopress.it","publisher":{"@id":"https:\/\/www.bellunopress.it\/#organization"},"potentialAction":[{"@type":"SearchAction","target":{"@type":"EntryPoint","urlTemplate":"https:\/\/www.bellunopress.it\/?s={search_term_string}"},"query-input":{"@type":"PropertyValueSpecification","valueRequired":true,"valueName":"search_term_string"}}],"inLanguage":"fr-FR"},{"@type":"Organization","@id":"https:\/\/www.bellunopress.it\/#organization","name":"Bellunopress","url":"https:\/\/www.bellunopress.it\/","logo":{"@type":"ImageObject","inLanguage":"fr-FR","@id":"https:\/\/www.bellunopress.it\/#\/schema\/logo\/image\/","url":"https:\/\/www.bellunopress.it\/wp-content\/uploads\/2011\/05\/cropped-logo-bellunopress-.jpg","contentUrl":"https:\/\/www.bellunopress.it\/wp-content\/uploads\/2011\/05\/cropped-logo-bellunopress-.jpg","width":512,"height":512,"caption":"Bellunopress"},"image":{"@id":"https:\/\/www.bellunopress.it\/#\/schema\/logo\/image\/"},"sameAs":["https:\/\/www.facebook.com\/profile.php?id=100008943462799","https:\/\/x.com\/bellunopress","https:\/\/www.linkedin.com\/hp\/?dnr=JBzUWaJfMUw8vbXJJ2tVW5-I3jZKvC4wsoxE&amp;amp;amp;amp;amp;amp;trk=nav_responsive_tab_home","https:\/\/www.youtube.com\/channel\/UCxL0wu1uN0_3_7hGG0306cw"]},{"@type":"Person","@id":"https:\/\/www.bellunopress.it\/#\/schema\/person\/79bb06722b37ece1c03d3e94beb30d73","name":"r\u00e9daction","image":{"@type":"ImageObject","inLanguage":"fr-FR","@id":"https:\/\/secure.gravatar.com\/avatar\/37d968a2e67a6fd04c169c4bdef102d0bc5d31b2546345219e348575eb80e9a0?s=96&d=mm&r=g","url":"https:\/\/secure.gravatar.com\/avatar\/37d968a2e67a6fd04c169c4bdef102d0bc5d31b2546345219e348575eb80e9a0?s=96&d=mm&r=g","contentUrl":"https:\/\/secure.gravatar.com\/avatar\/37d968a2e67a6fd04c169c4bdef102d0bc5d31b2546345219e348575eb80e9a0?s=96&d=mm&r=g","caption":"redazione"},"sameAs":["http:\/\/www.bellunopress.it","https:\/\/x.com\/bellunopress"],"url":"https:\/\/www.bellunopress.it\/fr\/author\/redazione\/"}]}},"_links":{"self":[{"href":"https:\/\/www.bellunopress.it\/fr\/wp-json\/wp\/v2\/posts\/136048","targetHints":{"allow":["GET"]}}],"collection":[{"href":"https:\/\/www.bellunopress.it\/fr\/wp-json\/wp\/v2\/posts"}],"about":[{"href":"https:\/\/www.bellunopress.it\/fr\/wp-json\/wp\/v2\/types\/post"}],"author":[{"embeddable":true,"href":"https:\/\/www.bellunopress.it\/fr\/wp-json\/wp\/v2\/users\/2"}],"replies":[{"embeddable":true,"href":"https:\/\/www.bellunopress.it\/fr\/wp-json\/wp\/v2\/comments?post=136048"}],"version-history":[{"count":1,"href":"https:\/\/www.bellunopress.it\/fr\/wp-json\/wp\/v2\/posts\/136048\/revisions"}],"predecessor-version":[{"id":136049,"href":"https:\/\/www.bellunopress.it\/fr\/wp-json\/wp\/v2\/posts\/136048\/revisions\/136049"}],"wp:featuredmedia":[{"embeddable":true,"href":"https:\/\/www.bellunopress.it\/fr\/wp-json\/wp\/v2\/media\/112702"}],"wp:attachment":[{"href":"https:\/\/www.bellunopress.it\/fr\/wp-json\/wp\/v2\/media?parent=136048"}],"wp:term":[{"taxonomy":"category","embeddable":true,"href":"https:\/\/www.bellunopress.it\/fr\/wp-json\/wp\/v2\/categories?post=136048"},{"taxonomy":"post_tag","embeddable":true,"href":"https:\/\/www.bellunopress.it\/fr\/wp-json\/wp\/v2\/tags?post=136048"}],"curies":[{"name":"wp","href":"https:\/\/api.w.org\/{rel}","templated":true}]}}