{"id":136040,"date":"2022-08-27T09:40:16","date_gmt":"2022-08-27T07:40:16","guid":{"rendered":"https:\/\/www.bellunopress.it\/?p=136040"},"modified":"2024-03-06T17:06:15","modified_gmt":"2024-03-06T16:06:15","slug":"covid-19-semantica-dellinganno-di-filiberto-dal-molin","status":"publish","type":"post","link":"https:\/\/www.bellunopress.it\/fr\/2022\/08\/27\/covid-19-semantica-dellinganno-di-filiberto-dal-molin\/","title":{"rendered":"Covid-19, semantica dell&#8217;inganno    * di Filiberto Dal Molin"},"content":{"rendered":"<figure id=\"attachment_135571\" aria-describedby=\"caption-attachment-135571\" style=\"width: 750px\" class=\"wp-caption alignleft\"><img loading=\"lazy\" decoding=\"async\" class=\"size-full wp-image-135571\" src=\"https:\/\/www.bellunopress.it\/wp-content\/uploads\/2022\/08\/Filiberto-Dal-Molin_edited.jpg\" alt=\"\" width=\"750\" height=\"1000\" srcset=\"https:\/\/www.bellunopress.it\/wp-content\/uploads\/2022\/08\/Filiberto-Dal-Molin_edited.jpg 750w, https:\/\/www.bellunopress.it\/wp-content\/uploads\/2022\/08\/Filiberto-Dal-Molin_edited-375x500.jpg 375w, https:\/\/www.bellunopress.it\/wp-content\/uploads\/2022\/08\/Filiberto-Dal-Molin_edited-696x928.jpg 696w, https:\/\/www.bellunopress.it\/wp-content\/uploads\/2022\/08\/Filiberto-Dal-Molin_edited-315x420.jpg 315w\" sizes=\"auto, (max-width: 750px) 100vw, 750px\" \/><figcaption id=\"caption-attachment-135571\" class=\"wp-caption-text\">Filiberto Dal Molin<\/figcaption><\/figure>\n<p><em><strong>\u201cNel tempo dell\u2019inganno universale dire la Verit\u00e0 \u00e8 un atto rivoluzionario\u201d (George Orwell)<\/strong><\/em><br \/>\nA maggior ragione oggi la relazione tra le espressioni linguistiche, le decisioni prese dalle autorit\u00e0 sanitarie, le conseguenze di tali decisioni nel mondo del Covid-19, da una parte, e la realt\u00e0 che abbiamo vissuto in questi 3 anni, dall\u2019altra, configurano un inganno universale che pu\u00f2 essere descritto come la lotta tra la Verit\u00e0 e la post-Verit\u00e0, che ormai da secoli imperversa nella civilt\u00e0 dell\u2019uomo e di cui abbiamo innumerevoli esempi.<br \/>\nPost-Verit\u00e0 \u00e8 una espressione che l\u2019Oxford Dictionaires ha dichiarato parola dell\u2019anno nel 2016.<br \/>\nUn esempio recente \u00e8 la pubblicazione di centinaia di migliaia di file segreti della difesa degli Stati Uniti D\u2019America che dimostrano \u201cdi che lacrime grondi e di che sangue\u201d la politica imperialistica di quella nazione. Vedi il libro di Stefania Maurizi su Julian Assange, fondatore di Wikileaks, che fortunatamente Londra ha rifiutato di estradare negli USA.<\/p>\n<p>Un esempio bellunese \u00e8 la tragedia del Vajont prevista e descritta dai geologi, comunicata dalla giornalista dell\u2019Unit\u00e0 Tina Merlin e negata fino al 9 ottobre 1963 dalla SADE, dal Gazzettino e da tutti i media italiani. La vittoria della Verit\u00e0 in quel caso \u00e8 costata 1917 morti.<\/p>\n<p>Un esempio veneto \u00e8 quello della fabbrica dei veleni di Porto Marghera, portato alla luce dal giudice Felice Casson dopo 70 anni e avente valore per tutte le industrie dello stesso tipo nel mondo. In questo arco di tempo il numero esatto di morti totali \u00e8 stato incalcolabile.<\/p>\n<p>Un esempio classico, conosciuto da tutti, \u00e8 quello della febbre puerperale, mortale talora anche per il 90% delle puerpere, identificata e curata con immediato successo dal dott. Isaac Sommelweiss nel 1848 all\u2019Universit\u00e0 di Vienna; il medico ungherese per\u00f2 venne immediatamente cacciato dalla stessa Universit\u00e0 e la sua scoperta venne ignorata per pi\u00f9 di 30 anni.<\/p>\n<p>Un esempio sconosciuto \u00e8 la SMON, una mielopatia neuro-ottica che impegn\u00f2 il Giappone dal 1955 al 1975, provocata dalla Ciba -Geigy e i cui danni per migliaia di decessi furono integralmente pagati dalla stessa industria farmacologica.<\/p>\n<p>Un esempio proverbiale sono le guerre, tutte le guerre, la prima vittima delle quali \u00e8 la Verit\u00e0.<\/p>\n<p>L\u2019esempio del Covid, \u00e8 il pi\u00f9 emblematico perch\u00e9 ha interessato l\u2019intero mondo civile, ha provocato una crisi economica mondiale e ha distolto l\u2019attenzione delle Istituzioni dalle altre incombenti problematiche socio-economiche e sanitarie. La semantica dell\u2019inganno, nello scontro tra la Verit\u00e0 dei fatti e la Post-Verit\u00e0 ricostruita artificiosamente per interessi di parte, si \u00e8 resa precocemente manifesta. In questa lotta, come nelle altre simili, \u00e8 facile identificare la Post-Verit\u00e0 poich\u00e9 sono facilmente identificabili gli interessi di parte, le loro motivazioni e il significato delle loro argomentazioni.<\/p>\n<p>Purtroppo, nel caso del Covid, la potenza di cui dispone l\u2019industria del farmaco, il grande numero di personalit\u00e0 diverse che ha potuto arruolare a diverso titolo, i grandi giornali che si fanno portatori della volont\u00e0 del potere dominante, possono schiacciare, irridere e offendere la Verit\u00e0. Raccogliendo numerosi e convinti consensi.<\/p>\n<p>Nel caso specifico siamo stati colpiti da una viremia, che aveva le caratteristiche di una infezione influenzale, che poteva essere curata e stroncata in pochissimi giorni con farmaci convenzionali molto diffusi, perfettamente conosciuti e poco costosi. Infezione per\u00f2 grave se non curata tempestivamente, in particolare per soggetti deboli, defedati e gi\u00e0 ammalati. L\u2019interesse di parte in questo caso ha voluto impedire cure efficaci con farmaci ordinari e poco costosi ed ha imposto farmaci nuovi, molto costosi e sperimentali, da usare almeno tre volte all\u2019anno, per tutta la popolazione mondiale da 0 a 100 anni (compresi i bambini che si sapeva da sempre essere immuni da questa patologia). Per poter realizzare questo programma (apparentemente irrealizzabile in ambito sanitario) sono stati adottati metodi criminali con l\u2019imposizione del green pass e della vaccinazione obbligatoria, togliendo lavoro, stipendio e libert\u00e0 civili ai dissidenti. Molti sono riusciti ad evitare tale beffa prendendosi volontariamente l\u2019infezione e guarendo con i soliti farmaci convenzionali in 3 gg. a casa.<\/p>\n<p>Due sono, tra i molti, gli elementi che consentono di definire con sicurezza le caratteristiche di questo inganno universale, in Italia pervicacemente conseguito fino alle sue ultime esternazioni, ridicole e farsesche.<\/p>\n<p>Il primo \u00e8 la lettera di 41 medici al Ministro della Salute del 24 aprile 2020 (27 mesi fa) in cui viene spiegato che \u201cnelle fasi iniziali (del Covid-19) andrebbe intrapreso il contenimento farmacologico della infiammazione per evitare che i suoi danni si accumulino, trascinando alcuni Pazienti in quella grave condizione (tempesta di citochine) poi difficilmente rimediabile, \u2026con una semplice terapia antinfiammatoria efficace \u2026Cortisonica\u2026associata a Clorochina\u2026. a Enoxieparina, svolta in ambito domiciliare\u201d. Concludono evidenziando che \u201cquesta strategia, volta a contenere i sintomi anzich\u00e9 attenderne l\u2019evoluzione, potrebbe favorire un significativo controllo della Covid-19 per un possibile pi\u00f9 rapido, quanto auspicato, ritorno alla normalit\u00e0 sia dei soggetti colpiti che del Paese\u201d<br \/>\nFirmata dal Prof. Piero Sestili, ordinario di Farmacologia, Dipartimento di Scienze Biomolecolari, dell\u2019Universit\u00e0 di Urbino, da 3 altri prof. ordinari delle universit\u00e0 di Bologna, Bergamo e Urbino e da altri medici in rappresentanza di 15 citt\u00e0. A questa lettera Speranza non ha risposto ed \u00e8 stata cancellata da Internet, pur venendo citata.<br \/>\nSubito dopo un\u2019altra lettera, approvata da centomila medici, riporta la seguente frase\u201d i pazienti vanno trattati il pi\u00f9 presto possibile sul territorio, prima che si instauri la malattia vera e propria, ossia la polmonite interstiziale bilaterale, che quasi sempre porta il paziente in Rianimazione\u201d<\/p>\n<p>Il secondo elemento sono le misure sanitarie, disposte per fronteggiare l\u2019emergenza coronavirus, che Speranza illustra in 31 lunghissime e dettagliatissime pagine il 30 luglio 2022 (che si ritrovano facilmente su internet) tutte dedicate ai vaccini sperimentali e senza mai nominare le cure domiciliari, che ormai tutti conoscono e che sono riportate dagli studiosi di tutto il mondo. Speranza quindi mantiene invariate le sue posizioni di 3 anni fa circa, che prevedono vigile attesa, tachipirina e conseguente ricovero urgente in rianimazione. Diversamente da lui si registrano sempre pi\u00f9 frequentemente le manovre pi\u00f9 o meno mascherate di quel mondo di guitti della politica e della informazione che tentano ora di accreditarsi come sostenitori della libera scelta in tema di vaccinazione.<br \/>\nIn questo inganno planetario il ruolo della Verit\u00e0 e della Post-Verit\u00e0 sono piuttosto chiari: La Verit\u00e0: l\u2019infezione virale \u00e8 controllabile e guaribile se affrontata al suo sorgere, anche con comuni farmaci di uso corrente testati da anni. La gestione del ministro della Sanit\u00e0, col ricatto per la vaccinazione, non \u00e8 stata impostata nell\u2019interesse della Comunit\u00e0, ma nell\u2019interesse dell\u2019industria del farmaco e dei suoi adepti.<\/p>\n<p>La Post-Verit\u00e0: solo i vaccini, anche se sperimentali, somministrati 3 volte all\u2019anno e per un numero imprecisato di anni, ci possono salvare. Sono intercambiabili a piacere nello stesso Paziente e comunque sono utili e non hanno controindicazioni. Sono pericolosi i farmaci indicati per le terapie domiciliari. La gestione della Pandemia \u00e8 stata la migliore possibile, nell\u2019interesse della salute della Comunit\u00e0<\/p>\n<p>Ci attendiamo che i responsabili di questa Post Verit\u00e0, strumentale e vergognosa come tutte, siano chiamati a risponderne. Sulla base dello studio del prof. Peter Doshi sul B.M.J. del giugno scorso 4 avvocati italiani hanno sporto denuncia penale contro Draghi e Speranza per lesioni e omicidio doloso; ora anche il Corriere della Sera ammette che gli antinfiammatori riducono le ospedalizzazioni del 90%.<br \/>\nCi sono voluti 3 anni e molte vittime.<\/p>\n<p><strong>Filiberto Dal Molin<\/strong><\/p>\n<p>&nbsp;<\/p>\n<p>&nbsp;<\/p>\n<p>&nbsp;<\/p>\n<p>&nbsp;<\/p>","protected":false},"excerpt":{"rendered":"<p>\u201cNel tempo dell\u2019inganno universale dire la Verit\u00e0 \u00e8 un atto rivoluzionario\u201d (George Orwell) A maggior ragione oggi la relazione tra le espressioni linguistiche, le decisioni prese dalle autorit\u00e0 sanitarie, le conseguenze di tali decisioni nel mondo del Covid-19, da una parte, e la realt\u00e0 che abbiamo vissuto in questi 3 anni, dall\u2019altra, configurano un inganno [&hellip;]<\/p>\n","protected":false},"author":2,"featured_media":135571,"comment_status":"closed","ping_status":"open","sticky":false,"template":"","format":"standard","meta":{"footnotes":""},"categories":[3368,3614,3446,26,8],"tags":[],"class_list":["post-136040","post","type-post","status-publish","format-standard","has-post-thumbnail","category-cahiers-de-doleances","category-controcorrente","category-featured","category-prima-pagina","category-societa-istituzioni"],"yoast_head":"<!-- This site is optimized with the Yoast SEO plugin v28.4 - https:\/\/yoast.com\/product\/yoast-seo-wordpress\/ -->\n<title>Covid-19, semantica dell&#039;inganno  * di Filiberto Dal Molin - Bellunopress - Dolomiti<\/title>\n<meta name=\"robots\" content=\"index, follow, max-snippet:-1, max-image-preview:large, max-video-preview:-1\" \/>\n<link rel=\"canonical\" href=\"https:\/\/www.bellunopress.it\/fr\/2022\/08\/27\/covid-19-semantica-dellinganno-di-filiberto-dal-molin\/\" \/>\n<meta property=\"og:locale\" content=\"fr_FR\" \/>\n<meta property=\"og:type\" content=\"article\" \/>\n<meta property=\"og:title\" content=\"Covid-19, semantica dell&#039;inganno  * di Filiberto Dal Molin - Bellunopress - Dolomiti\" \/>\n<meta property=\"og:description\" content=\"\u201cNel tempo dell\u2019inganno universale dire la Verit\u00e0 \u00e8 un atto rivoluzionario\u201d (George Orwell) A maggior ragione oggi la relazione tra le espressioni linguistiche, le decisioni prese dalle autorit\u00e0 sanitarie, le conseguenze di tali decisioni nel mondo del Covid-19, da una parte, e la realt\u00e0 che abbiamo vissuto in questi 3 anni, dall\u2019altra, configurano un inganno [&hellip;]\" \/>\n<meta property=\"og:url\" content=\"https:\/\/www.bellunopress.it\/fr\/2022\/08\/27\/covid-19-semantica-dellinganno-di-filiberto-dal-molin\/\" \/>\n<meta property=\"og:site_name\" content=\"Bellunopress - Dolomiti\" \/>\n<meta property=\"article:publisher\" content=\"https:\/\/www.facebook.com\/profile.php?id=100008943462799\" \/>\n<meta property=\"article:published_time\" content=\"2022-08-27T07:40:16+00:00\" \/>\n<meta property=\"article:modified_time\" content=\"2024-03-06T16:06:15+00:00\" \/>\n<meta property=\"og:image\" content=\"https:\/\/www.bellunopress.it\/wp-content\/uploads\/2022\/08\/Filiberto-Dal-Molin_edited.jpg\" \/>\n\t<meta property=\"og:image:width\" content=\"750\" \/>\n\t<meta property=\"og:image:height\" content=\"1000\" \/>\n\t<meta property=\"og:image:type\" content=\"image\/jpeg\" \/>\n<meta name=\"author\" content=\"redazione\" \/>\n<meta name=\"twitter:card\" content=\"summary_large_image\" \/>\n<meta name=\"twitter:creator\" content=\"@bellunopress\" \/>\n<meta name=\"twitter:site\" content=\"@bellunopress\" \/>\n<meta name=\"twitter:label1\" content=\"Written by\" \/>\n\t<meta name=\"twitter:data1\" content=\"redazione\" \/>\n\t<meta name=\"twitter:label2\" content=\"Est. reading time\" \/>\n\t<meta name=\"twitter:data2\" content=\"7 minutes\" \/>\n<script type=\"application\/ld+json\" class=\"yoast-schema-graph\">{\"@context\":\"https:\\\/\\\/schema.org\",\"@graph\":[{\"@type\":\"Article\",\"@id\":\"https:\\\/\\\/www.bellunopress.it\\\/2022\\\/08\\\/27\\\/covid-19-semantica-dellinganno-di-filiberto-dal-molin\\\/#article\",\"isPartOf\":{\"@id\":\"https:\\\/\\\/www.bellunopress.it\\\/2022\\\/08\\\/27\\\/covid-19-semantica-dellinganno-di-filiberto-dal-molin\\\/\"},\"author\":{\"name\":\"redazione\",\"@id\":\"https:\\\/\\\/www.bellunopress.it\\\/#\\\/schema\\\/person\\\/79bb06722b37ece1c03d3e94beb30d73\"},\"headline\":\"Covid-19, semantica dell&#8217;inganno * di Filiberto Dal Molin\",\"datePublished\":\"2022-08-27T07:40:16+00:00\",\"dateModified\":\"2024-03-06T16:06:15+00:00\",\"mainEntityOfPage\":{\"@id\":\"https:\\\/\\\/www.bellunopress.it\\\/2022\\\/08\\\/27\\\/covid-19-semantica-dellinganno-di-filiberto-dal-molin\\\/\"},\"wordCount\":1208,\"publisher\":{\"@id\":\"https:\\\/\\\/www.bellunopress.it\\\/#organization\"},\"image\":{\"@id\":\"https:\\\/\\\/www.bellunopress.it\\\/2022\\\/08\\\/27\\\/covid-19-semantica-dellinganno-di-filiberto-dal-molin\\\/#primaryimage\"},\"thumbnailUrl\":\"https:\\\/\\\/www.bellunopress.it\\\/wp-content\\\/uploads\\\/2022\\\/08\\\/Filiberto-Dal-Molin_edited.jpg\",\"articleSection\":[\"Cahiers de dol\u00e9ances\",\"Controcorrente Dr Filiberto Dal Molin\",\"Featured\",\"Prima Pagina\",\"Societ\u00e0, Associazioni, Istituzioni\"],\"inLanguage\":\"fr-FR\"},{\"@type\":\"WebPage\",\"@id\":\"https:\\\/\\\/www.bellunopress.it\\\/2022\\\/08\\\/27\\\/covid-19-semantica-dellinganno-di-filiberto-dal-molin\\\/\",\"url\":\"https:\\\/\\\/www.bellunopress.it\\\/2022\\\/08\\\/27\\\/covid-19-semantica-dellinganno-di-filiberto-dal-molin\\\/\",\"name\":\"Covid-19, semantica dell'inganno * di Filiberto Dal Molin - Bellunopress - Dolomiti\",\"isPartOf\":{\"@id\":\"https:\\\/\\\/www.bellunopress.it\\\/#website\"},\"primaryImageOfPage\":{\"@id\":\"https:\\\/\\\/www.bellunopress.it\\\/2022\\\/08\\\/27\\\/covid-19-semantica-dellinganno-di-filiberto-dal-molin\\\/#primaryimage\"},\"image\":{\"@id\":\"https:\\\/\\\/www.bellunopress.it\\\/2022\\\/08\\\/27\\\/covid-19-semantica-dellinganno-di-filiberto-dal-molin\\\/#primaryimage\"},\"thumbnailUrl\":\"https:\\\/\\\/www.bellunopress.it\\\/wp-content\\\/uploads\\\/2022\\\/08\\\/Filiberto-Dal-Molin_edited.jpg\",\"datePublished\":\"2022-08-27T07:40:16+00:00\",\"dateModified\":\"2024-03-06T16:06:15+00:00\",\"breadcrumb\":{\"@id\":\"https:\\\/\\\/www.bellunopress.it\\\/2022\\\/08\\\/27\\\/covid-19-semantica-dellinganno-di-filiberto-dal-molin\\\/#breadcrumb\"},\"inLanguage\":\"fr-FR\",\"potentialAction\":[{\"@type\":\"ReadAction\",\"target\":[\"https:\\\/\\\/www.bellunopress.it\\\/2022\\\/08\\\/27\\\/covid-19-semantica-dellinganno-di-filiberto-dal-molin\\\/\"]}]},{\"@type\":\"ImageObject\",\"inLanguage\":\"fr-FR\",\"@id\":\"https:\\\/\\\/www.bellunopress.it\\\/2022\\\/08\\\/27\\\/covid-19-semantica-dellinganno-di-filiberto-dal-molin\\\/#primaryimage\",\"url\":\"https:\\\/\\\/www.bellunopress.it\\\/wp-content\\\/uploads\\\/2022\\\/08\\\/Filiberto-Dal-Molin_edited.jpg\",\"contentUrl\":\"https:\\\/\\\/www.bellunopress.it\\\/wp-content\\\/uploads\\\/2022\\\/08\\\/Filiberto-Dal-Molin_edited.jpg\",\"width\":750,\"height\":1000,\"caption\":\"Filiberto Dal Molin - medico chirurgo specializzato in Radiologia, direttore sanitario della Salus, Istituto radiologico e fisiokinesiterapico con sede a Belluno.\"},{\"@type\":\"BreadcrumbList\",\"@id\":\"https:\\\/\\\/www.bellunopress.it\\\/2022\\\/08\\\/27\\\/covid-19-semantica-dellinganno-di-filiberto-dal-molin\\\/#breadcrumb\",\"itemListElement\":[{\"@type\":\"ListItem\",\"position\":1,\"name\":\"Home\",\"item\":\"https:\\\/\\\/www.bellunopress.it\\\/\"},{\"@type\":\"ListItem\",\"position\":2,\"name\":\"Covid-19, semantica dell&#8217;inganno * di Filiberto Dal Molin\"}]},{\"@type\":\"WebSite\",\"@id\":\"https:\\\/\\\/www.bellunopress.it\\\/#website\",\"url\":\"https:\\\/\\\/www.bellunopress.it\\\/\",\"name\":\"Bellunopress - Dolomiti\",\"description\":\"e-mail: redazione@bellunopress.it\",\"publisher\":{\"@id\":\"https:\\\/\\\/www.bellunopress.it\\\/#organization\"},\"potentialAction\":[{\"@type\":\"SearchAction\",\"target\":{\"@type\":\"EntryPoint\",\"urlTemplate\":\"https:\\\/\\\/www.bellunopress.it\\\/?s={search_term_string}\"},\"query-input\":{\"@type\":\"PropertyValueSpecification\",\"valueRequired\":true,\"valueName\":\"search_term_string\"}}],\"inLanguage\":\"fr-FR\"},{\"@type\":\"Organization\",\"@id\":\"https:\\\/\\\/www.bellunopress.it\\\/#organization\",\"name\":\"Bellunopress\",\"url\":\"https:\\\/\\\/www.bellunopress.it\\\/\",\"logo\":{\"@type\":\"ImageObject\",\"inLanguage\":\"fr-FR\",\"@id\":\"https:\\\/\\\/www.bellunopress.it\\\/#\\\/schema\\\/logo\\\/image\\\/\",\"url\":\"https:\\\/\\\/www.bellunopress.it\\\/wp-content\\\/uploads\\\/2011\\\/05\\\/cropped-logo-bellunopress-.jpg\",\"contentUrl\":\"https:\\\/\\\/www.bellunopress.it\\\/wp-content\\\/uploads\\\/2011\\\/05\\\/cropped-logo-bellunopress-.jpg\",\"width\":512,\"height\":512,\"caption\":\"Bellunopress\"},\"image\":{\"@id\":\"https:\\\/\\\/www.bellunopress.it\\\/#\\\/schema\\\/logo\\\/image\\\/\"},\"sameAs\":[\"https:\\\/\\\/www.facebook.com\\\/profile.php?id=100008943462799\",\"https:\\\/\\\/x.com\\\/bellunopress\",\"https:\\\/\\\/www.linkedin.com\\\/hp\\\/?dnr=JBzUWaJfMUw8vbXJJ2tVW5-I3jZKvC4wsoxE&amp;amp;amp;amp;amp;amp;trk=nav_responsive_tab_home\",\"https:\\\/\\\/www.youtube.com\\\/channel\\\/UCxL0wu1uN0_3_7hGG0306cw\"]},{\"@type\":\"Person\",\"@id\":\"https:\\\/\\\/www.bellunopress.it\\\/#\\\/schema\\\/person\\\/79bb06722b37ece1c03d3e94beb30d73\",\"name\":\"redazione\",\"image\":{\"@type\":\"ImageObject\",\"inLanguage\":\"fr-FR\",\"@id\":\"https:\\\/\\\/secure.gravatar.com\\\/avatar\\\/37d968a2e67a6fd04c169c4bdef102d0bc5d31b2546345219e348575eb80e9a0?s=96&d=mm&r=g\",\"url\":\"https:\\\/\\\/secure.gravatar.com\\\/avatar\\\/37d968a2e67a6fd04c169c4bdef102d0bc5d31b2546345219e348575eb80e9a0?s=96&d=mm&r=g\",\"contentUrl\":\"https:\\\/\\\/secure.gravatar.com\\\/avatar\\\/37d968a2e67a6fd04c169c4bdef102d0bc5d31b2546345219e348575eb80e9a0?s=96&d=mm&r=g\",\"caption\":\"redazione\"},\"sameAs\":[\"http:\\\/\\\/www.bellunopress.it\",\"https:\\\/\\\/x.com\\\/bellunopress\"],\"url\":\"https:\\\/\\\/www.bellunopress.it\\\/fr\\\/author\\\/redazione\\\/\"}]}<\/script>\n<!-- \/ Yoast SEO plugin. -->","yoast_head_json":{"title":"Covid-19, semantica dell'inganno  * di Filiberto Dal Molin - Bellunopress - Dolomiti","robots":{"index":"index","follow":"follow","max-snippet":"max-snippet:-1","max-image-preview":"max-image-preview:large","max-video-preview":"max-video-preview:-1"},"canonical":"https:\/\/www.bellunopress.it\/fr\/2022\/08\/27\/covid-19-semantica-dellinganno-di-filiberto-dal-molin\/","og_locale":"fr_FR","og_type":"article","og_title":"Covid-19, semantica dell'inganno  * di Filiberto Dal Molin - Bellunopress - Dolomiti","og_description":"\u201cNel tempo dell\u2019inganno universale dire la Verit\u00e0 \u00e8 un atto rivoluzionario\u201d (George Orwell) A maggior ragione oggi la relazione tra le espressioni linguistiche, le decisioni prese dalle autorit\u00e0 sanitarie, le conseguenze di tali decisioni nel mondo del Covid-19, da una parte, e la realt\u00e0 che abbiamo vissuto in questi 3 anni, dall\u2019altra, configurano un inganno [&hellip;]","og_url":"https:\/\/www.bellunopress.it\/fr\/2022\/08\/27\/covid-19-semantica-dellinganno-di-filiberto-dal-molin\/","og_site_name":"Bellunopress - Dolomiti","article_publisher":"https:\/\/www.facebook.com\/profile.php?id=100008943462799","article_published_time":"2022-08-27T07:40:16+00:00","article_modified_time":"2024-03-06T16:06:15+00:00","og_image":[{"width":750,"height":1000,"url":"https:\/\/www.bellunopress.it\/wp-content\/uploads\/2022\/08\/Filiberto-Dal-Molin_edited.jpg","type":"image\/jpeg"}],"author":"redazione","twitter_card":"summary_large_image","twitter_creator":"@bellunopress","twitter_site":"@bellunopress","twitter_misc":{"Written by":"redazione","Est. reading time":"7 minutes"},"schema":{"@context":"https:\/\/schema.org","@graph":[{"@type":"Article","@id":"https:\/\/www.bellunopress.it\/2022\/08\/27\/covid-19-semantica-dellinganno-di-filiberto-dal-molin\/#article","isPartOf":{"@id":"https:\/\/www.bellunopress.it\/2022\/08\/27\/covid-19-semantica-dellinganno-di-filiberto-dal-molin\/"},"author":{"name":"redazione","@id":"https:\/\/www.bellunopress.it\/#\/schema\/person\/79bb06722b37ece1c03d3e94beb30d73"},"headline":"Covid-19, semantica dell&#8217;inganno * di Filiberto Dal Molin","datePublished":"2022-08-27T07:40:16+00:00","dateModified":"2024-03-06T16:06:15+00:00","mainEntityOfPage":{"@id":"https:\/\/www.bellunopress.it\/2022\/08\/27\/covid-19-semantica-dellinganno-di-filiberto-dal-molin\/"},"wordCount":1208,"publisher":{"@id":"https:\/\/www.bellunopress.it\/#organization"},"image":{"@id":"https:\/\/www.bellunopress.it\/2022\/08\/27\/covid-19-semantica-dellinganno-di-filiberto-dal-molin\/#primaryimage"},"thumbnailUrl":"https:\/\/www.bellunopress.it\/wp-content\/uploads\/2022\/08\/Filiberto-Dal-Molin_edited.jpg","articleSection":["Cahiers de dol\u00e9ances","Controcorrente Dr Filiberto Dal Molin","Featured","Prima Pagina","Societ\u00e0, Associazioni, Istituzioni"],"inLanguage":"fr-FR"},{"@type":"WebPage","@id":"https:\/\/www.bellunopress.it\/2022\/08\/27\/covid-19-semantica-dellinganno-di-filiberto-dal-molin\/","url":"https:\/\/www.bellunopress.it\/2022\/08\/27\/covid-19-semantica-dellinganno-di-filiberto-dal-molin\/","name":"Covid-19, semantica dell'inganno * di Filiberto Dal Molin - Bellunopress - Dolomiti","isPartOf":{"@id":"https:\/\/www.bellunopress.it\/#website"},"primaryImageOfPage":{"@id":"https:\/\/www.bellunopress.it\/2022\/08\/27\/covid-19-semantica-dellinganno-di-filiberto-dal-molin\/#primaryimage"},"image":{"@id":"https:\/\/www.bellunopress.it\/2022\/08\/27\/covid-19-semantica-dellinganno-di-filiberto-dal-molin\/#primaryimage"},"thumbnailUrl":"https:\/\/www.bellunopress.it\/wp-content\/uploads\/2022\/08\/Filiberto-Dal-Molin_edited.jpg","datePublished":"2022-08-27T07:40:16+00:00","dateModified":"2024-03-06T16:06:15+00:00","breadcrumb":{"@id":"https:\/\/www.bellunopress.it\/2022\/08\/27\/covid-19-semantica-dellinganno-di-filiberto-dal-molin\/#breadcrumb"},"inLanguage":"fr-FR","potentialAction":[{"@type":"ReadAction","target":["https:\/\/www.bellunopress.it\/2022\/08\/27\/covid-19-semantica-dellinganno-di-filiberto-dal-molin\/"]}]},{"@type":"ImageObject","inLanguage":"fr-FR","@id":"https:\/\/www.bellunopress.it\/2022\/08\/27\/covid-19-semantica-dellinganno-di-filiberto-dal-molin\/#primaryimage","url":"https:\/\/www.bellunopress.it\/wp-content\/uploads\/2022\/08\/Filiberto-Dal-Molin_edited.jpg","contentUrl":"https:\/\/www.bellunopress.it\/wp-content\/uploads\/2022\/08\/Filiberto-Dal-Molin_edited.jpg","width":750,"height":1000,"caption":"Filiberto Dal Molin - medico chirurgo specializzato in Radiologia, direttore sanitario della Salus, Istituto radiologico e fisiokinesiterapico con sede a Belluno."},{"@type":"BreadcrumbList","@id":"https:\/\/www.bellunopress.it\/2022\/08\/27\/covid-19-semantica-dellinganno-di-filiberto-dal-molin\/#breadcrumb","itemListElement":[{"@type":"ListItem","position":1,"name":"Home","item":"https:\/\/www.bellunopress.it\/"},{"@type":"ListItem","position":2,"name":"Covid-19, semantica dell&#8217;inganno * di Filiberto Dal Molin"}]},{"@type":"WebSite","@id":"https:\/\/www.bellunopress.it\/#website","url":"https:\/\/www.bellunopress.it\/","name":"Bellunopress - Dolomiti","description":"e-mail: redazione@bellunopress.it","publisher":{"@id":"https:\/\/www.bellunopress.it\/#organization"},"potentialAction":[{"@type":"SearchAction","target":{"@type":"EntryPoint","urlTemplate":"https:\/\/www.bellunopress.it\/?s={search_term_string}"},"query-input":{"@type":"PropertyValueSpecification","valueRequired":true,"valueName":"search_term_string"}}],"inLanguage":"fr-FR"},{"@type":"Organization","@id":"https:\/\/www.bellunopress.it\/#organization","name":"Bellunopress","url":"https:\/\/www.bellunopress.it\/","logo":{"@type":"ImageObject","inLanguage":"fr-FR","@id":"https:\/\/www.bellunopress.it\/#\/schema\/logo\/image\/","url":"https:\/\/www.bellunopress.it\/wp-content\/uploads\/2011\/05\/cropped-logo-bellunopress-.jpg","contentUrl":"https:\/\/www.bellunopress.it\/wp-content\/uploads\/2011\/05\/cropped-logo-bellunopress-.jpg","width":512,"height":512,"caption":"Bellunopress"},"image":{"@id":"https:\/\/www.bellunopress.it\/#\/schema\/logo\/image\/"},"sameAs":["https:\/\/www.facebook.com\/profile.php?id=100008943462799","https:\/\/x.com\/bellunopress","https:\/\/www.linkedin.com\/hp\/?dnr=JBzUWaJfMUw8vbXJJ2tVW5-I3jZKvC4wsoxE&amp;amp;amp;amp;amp;amp;trk=nav_responsive_tab_home","https:\/\/www.youtube.com\/channel\/UCxL0wu1uN0_3_7hGG0306cw"]},{"@type":"Person","@id":"https:\/\/www.bellunopress.it\/#\/schema\/person\/79bb06722b37ece1c03d3e94beb30d73","name":"r\u00e9daction","image":{"@type":"ImageObject","inLanguage":"fr-FR","@id":"https:\/\/secure.gravatar.com\/avatar\/37d968a2e67a6fd04c169c4bdef102d0bc5d31b2546345219e348575eb80e9a0?s=96&d=mm&r=g","url":"https:\/\/secure.gravatar.com\/avatar\/37d968a2e67a6fd04c169c4bdef102d0bc5d31b2546345219e348575eb80e9a0?s=96&d=mm&r=g","contentUrl":"https:\/\/secure.gravatar.com\/avatar\/37d968a2e67a6fd04c169c4bdef102d0bc5d31b2546345219e348575eb80e9a0?s=96&d=mm&r=g","caption":"redazione"},"sameAs":["http:\/\/www.bellunopress.it","https:\/\/x.com\/bellunopress"],"url":"https:\/\/www.bellunopress.it\/fr\/author\/redazione\/"}]}},"_links":{"self":[{"href":"https:\/\/www.bellunopress.it\/fr\/wp-json\/wp\/v2\/posts\/136040","targetHints":{"allow":["GET"]}}],"collection":[{"href":"https:\/\/www.bellunopress.it\/fr\/wp-json\/wp\/v2\/posts"}],"about":[{"href":"https:\/\/www.bellunopress.it\/fr\/wp-json\/wp\/v2\/types\/post"}],"author":[{"embeddable":true,"href":"https:\/\/www.bellunopress.it\/fr\/wp-json\/wp\/v2\/users\/2"}],"replies":[{"embeddable":true,"href":"https:\/\/www.bellunopress.it\/fr\/wp-json\/wp\/v2\/comments?post=136040"}],"version-history":[{"count":1,"href":"https:\/\/www.bellunopress.it\/fr\/wp-json\/wp\/v2\/posts\/136040\/revisions"}],"predecessor-version":[{"id":136041,"href":"https:\/\/www.bellunopress.it\/fr\/wp-json\/wp\/v2\/posts\/136040\/revisions\/136041"}],"wp:featuredmedia":[{"embeddable":true,"href":"https:\/\/www.bellunopress.it\/fr\/wp-json\/wp\/v2\/media\/135571"}],"wp:attachment":[{"href":"https:\/\/www.bellunopress.it\/fr\/wp-json\/wp\/v2\/media?parent=136040"}],"wp:term":[{"taxonomy":"category","embeddable":true,"href":"https:\/\/www.bellunopress.it\/fr\/wp-json\/wp\/v2\/categories?post=136040"},{"taxonomy":"post_tag","embeddable":true,"href":"https:\/\/www.bellunopress.it\/fr\/wp-json\/wp\/v2\/tags?post=136040"}],"curies":[{"name":"wp","href":"https:\/\/api.w.org\/{rel}","templated":true}]}}