{"id":136031,"date":"2022-08-26T16:46:24","date_gmt":"2022-08-26T14:46:24","guid":{"rendered":"https:\/\/www.bellunopress.it\/?p=136031"},"modified":"2022-08-26T16:46:24","modified_gmt":"2022-08-26T14:46:24","slug":"nuovo-caso-di-west-nile-diagnosticato-in-ulss-dolomiti-un-70enne-infettato-nel-padovano","status":"publish","type":"post","link":"https:\/\/www.bellunopress.it\/fr\/2022\/08\/26\/nuovo-caso-di-west-nile-diagnosticato-in-ulss-dolomiti-un-70enne-infettato-nel-padovano\/","title":{"rendered":"Nuovo caso di West Nile diagnosticato in Ulss Dolomiti. Un 70enne infettato nel Padovano"},"content":{"rendered":"<p><img loading=\"lazy\" decoding=\"async\" class=\"alignleft size-full wp-image-135427\" src=\"https:\/\/www.bellunopress.it\/wp-content\/uploads\/2022\/07\/zanzara-virus-west-nile.jpg\" alt=\"\" width=\"549\" height=\"256\" srcset=\"https:\/\/www.bellunopress.it\/wp-content\/uploads\/2022\/07\/zanzara-virus-west-nile.jpg 549w, https:\/\/www.bellunopress.it\/wp-content\/uploads\/2022\/07\/zanzara-virus-west-nile-500x233.jpg 500w\" sizes=\"auto, (max-width: 549px) 100vw, 549px\" \/>Il Dipartimento di Prevenzione dell\u2019Ulss Dolomiti ha ricevuto oggi una nuova notifica di malattia West Nile a carico di un settantenne operante e domiciliato in provincia, residente nel Padovano.<\/p>\n<p>L\u2019indagine epidemiologica ha messo in evidenza frequenti viaggi del paziente dal domicilio (come detto nel Bellunese) al comune di residenza (nel Padovano), con conseguente esposizione ambientale in zona ad alta incidenza di West Nile. E\u2019, quindi, quasi certo che si tratti di un caso di \u201cimportazione\u201d.<\/p>\n<p>Il paziente \u00e8 ora ricoverato nel reparto di Neurologia dell\u2019Ospedale di Padova dove \u00e8 stato trasferito dall\u2019Ospedale di Feltre per l\u2019evidenza di sintomatologia neurologica significativa, sintomatologia che talora complica il quadro della malattia West Nile, specie in soggetti di et\u00e0 avanzata.<\/p>\n<p>Pur essendo il caso, come osservato, quasi certamente di \u201cimportazione\u201d, il Dipartimento di Prevenzione dell\u2019Ulss Dolomiti, per massima precauzione, eseguir\u00e0 nei prossimi giorni alcuni campionamenti di zanzare nelle aree prossime al domicilio locale del paziente.<\/p>\n<p>Questo nuovo caso di malattia West Nile si aggiunge a due recenti casi (uno di importazione e uno autoctono) segnalati in ambito provinciale. Si tratta come gi\u00e0 comunicato rispettivamente:<\/p>\n<p>\u2022 di un turista anziano residente nel veneziano, soggiornante nella zona di Santa Giustina, che \u00e8 stato trasferito dall\u2019Ospedale di Feltre all\u2019Ospedale di Mirano per avvicinamento domestico;<br \/>\n\u2022 di un giovane residente in provincia di Belluno, dimesso oggi dall\u2019Ospedale di Feltre.<\/p>","protected":false},"excerpt":{"rendered":"<p>Il Dipartimento di Prevenzione dell\u2019Ulss Dolomiti ha ricevuto oggi una nuova notifica di malattia West Nile a carico di un settantenne operante e domiciliato in provincia, residente nel Padovano. L\u2019indagine epidemiologica ha messo in evidenza frequenti viaggi del paziente dal domicilio (come detto nel Bellunese) al comune di residenza (nel Padovano), con conseguente esposizione ambientale [&hellip;]<\/p>\n","protected":false},"author":2,"featured_media":135427,"comment_status":"closed","ping_status":"open","sticky":false,"template":"","format":"standard","meta":{"footnotes":""},"categories":[5,26,17],"tags":[],"class_list":["post-136031","post","type-post","status-publish","format-standard","has-post-thumbnail","category-cronaca","category-prima-pagina","category-sanita"],"yoast_head":"<!-- This site is optimized with the Yoast SEO plugin v28.4 - https:\/\/yoast.com\/product\/yoast-seo-wordpress\/ -->\n<title>Nuovo caso di West Nile diagnosticato in Ulss Dolomiti. Un 70enne infettato nel Padovano - Bellunopress - Dolomiti<\/title>\n<meta name=\"robots\" content=\"index, follow, max-snippet:-1, max-image-preview:large, max-video-preview:-1\" \/>\n<link rel=\"canonical\" href=\"https:\/\/www.bellunopress.it\/fr\/2022\/08\/26\/nuovo-caso-di-west-nile-diagnosticato-in-ulss-dolomiti-un-70enne-infettato-nel-padovano\/\" \/>\n<meta property=\"og:locale\" content=\"fr_FR\" \/>\n<meta property=\"og:type\" content=\"article\" \/>\n<meta property=\"og:title\" content=\"Nuovo caso di West Nile diagnosticato in Ulss Dolomiti. Un 70enne infettato nel Padovano - Bellunopress - Dolomiti\" \/>\n<meta property=\"og:description\" content=\"Il Dipartimento di Prevenzione dell\u2019Ulss Dolomiti ha ricevuto oggi una nuova notifica di malattia West Nile a carico di un settantenne operante e domiciliato in provincia, residente nel Padovano. L\u2019indagine epidemiologica ha messo in evidenza frequenti viaggi del paziente dal domicilio (come detto nel Bellunese) al comune di residenza (nel Padovano), con conseguente esposizione ambientale [&hellip;]\" \/>\n<meta property=\"og:url\" content=\"https:\/\/www.bellunopress.it\/fr\/2022\/08\/26\/nuovo-caso-di-west-nile-diagnosticato-in-ulss-dolomiti-un-70enne-infettato-nel-padovano\/\" \/>\n<meta property=\"og:site_name\" content=\"Bellunopress - Dolomiti\" \/>\n<meta property=\"article:publisher\" content=\"https:\/\/www.facebook.com\/profile.php?id=100008943462799\" \/>\n<meta property=\"article:published_time\" content=\"2022-08-26T14:46:24+00:00\" \/>\n<meta property=\"og:image\" content=\"https:\/\/www.bellunopress.it\/wp-content\/uploads\/2022\/07\/zanzara-virus-west-nile.jpg\" \/>\n\t<meta property=\"og:image:width\" content=\"549\" \/>\n\t<meta property=\"og:image:height\" content=\"256\" \/>\n\t<meta property=\"og:image:type\" content=\"image\/jpeg\" \/>\n<meta name=\"author\" content=\"redazione\" \/>\n<meta name=\"twitter:card\" content=\"summary_large_image\" \/>\n<meta name=\"twitter:creator\" content=\"@bellunopress\" \/>\n<meta name=\"twitter:site\" content=\"@bellunopress\" \/>\n<meta name=\"twitter:label1\" content=\"\u00c9crit par\" \/>\n\t<meta name=\"twitter:data1\" content=\"redazione\" \/>\n\t<meta name=\"twitter:label2\" content=\"Dur\u00e9e de lecture estim\u00e9e\" \/>\n\t<meta name=\"twitter:data2\" content=\"2 minutes\" \/>\n<script type=\"application\/ld+json\" class=\"yoast-schema-graph\">{\"@context\":\"https:\\\/\\\/schema.org\",\"@graph\":[{\"@type\":\"Article\",\"@id\":\"https:\\\/\\\/www.bellunopress.it\\\/2022\\\/08\\\/26\\\/nuovo-caso-di-west-nile-diagnosticato-in-ulss-dolomiti-un-70enne-infettato-nel-padovano\\\/#article\",\"isPartOf\":{\"@id\":\"https:\\\/\\\/www.bellunopress.it\\\/2022\\\/08\\\/26\\\/nuovo-caso-di-west-nile-diagnosticato-in-ulss-dolomiti-un-70enne-infettato-nel-padovano\\\/\"},\"author\":{\"name\":\"redazione\",\"@id\":\"https:\\\/\\\/www.bellunopress.it\\\/#\\\/schema\\\/person\\\/79bb06722b37ece1c03d3e94beb30d73\"},\"headline\":\"Nuovo caso di West Nile diagnosticato in Ulss Dolomiti. Un 70enne infettato nel Padovano\",\"datePublished\":\"2022-08-26T14:46:24+00:00\",\"mainEntityOfPage\":{\"@id\":\"https:\\\/\\\/www.bellunopress.it\\\/2022\\\/08\\\/26\\\/nuovo-caso-di-west-nile-diagnosticato-in-ulss-dolomiti-un-70enne-infettato-nel-padovano\\\/\"},\"wordCount\":239,\"publisher\":{\"@id\":\"https:\\\/\\\/www.bellunopress.it\\\/#organization\"},\"image\":{\"@id\":\"https:\\\/\\\/www.bellunopress.it\\\/2022\\\/08\\\/26\\\/nuovo-caso-di-west-nile-diagnosticato-in-ulss-dolomiti-un-70enne-infettato-nel-padovano\\\/#primaryimage\"},\"thumbnailUrl\":\"https:\\\/\\\/www.bellunopress.it\\\/wp-content\\\/uploads\\\/2022\\\/07\\\/zanzara-virus-west-nile.jpg\",\"articleSection\":[\"Cronaca\\\/Politica\",\"Prima Pagina\",\"Sanit\u00e0 Medicina\"],\"inLanguage\":\"fr-FR\"},{\"@type\":\"WebPage\",\"@id\":\"https:\\\/\\\/www.bellunopress.it\\\/2022\\\/08\\\/26\\\/nuovo-caso-di-west-nile-diagnosticato-in-ulss-dolomiti-un-70enne-infettato-nel-padovano\\\/\",\"url\":\"https:\\\/\\\/www.bellunopress.it\\\/2022\\\/08\\\/26\\\/nuovo-caso-di-west-nile-diagnosticato-in-ulss-dolomiti-un-70enne-infettato-nel-padovano\\\/\",\"name\":\"Nuovo caso di West Nile diagnosticato in Ulss Dolomiti. Un 70enne infettato nel Padovano - Bellunopress - Dolomiti\",\"isPartOf\":{\"@id\":\"https:\\\/\\\/www.bellunopress.it\\\/#website\"},\"primaryImageOfPage\":{\"@id\":\"https:\\\/\\\/www.bellunopress.it\\\/2022\\\/08\\\/26\\\/nuovo-caso-di-west-nile-diagnosticato-in-ulss-dolomiti-un-70enne-infettato-nel-padovano\\\/#primaryimage\"},\"image\":{\"@id\":\"https:\\\/\\\/www.bellunopress.it\\\/2022\\\/08\\\/26\\\/nuovo-caso-di-west-nile-diagnosticato-in-ulss-dolomiti-un-70enne-infettato-nel-padovano\\\/#primaryimage\"},\"thumbnailUrl\":\"https:\\\/\\\/www.bellunopress.it\\\/wp-content\\\/uploads\\\/2022\\\/07\\\/zanzara-virus-west-nile.jpg\",\"datePublished\":\"2022-08-26T14:46:24+00:00\",\"breadcrumb\":{\"@id\":\"https:\\\/\\\/www.bellunopress.it\\\/2022\\\/08\\\/26\\\/nuovo-caso-di-west-nile-diagnosticato-in-ulss-dolomiti-un-70enne-infettato-nel-padovano\\\/#breadcrumb\"},\"inLanguage\":\"fr-FR\",\"potentialAction\":[{\"@type\":\"ReadAction\",\"target\":[\"https:\\\/\\\/www.bellunopress.it\\\/2022\\\/08\\\/26\\\/nuovo-caso-di-west-nile-diagnosticato-in-ulss-dolomiti-un-70enne-infettato-nel-padovano\\\/\"]}]},{\"@type\":\"ImageObject\",\"inLanguage\":\"fr-FR\",\"@id\":\"https:\\\/\\\/www.bellunopress.it\\\/2022\\\/08\\\/26\\\/nuovo-caso-di-west-nile-diagnosticato-in-ulss-dolomiti-un-70enne-infettato-nel-padovano\\\/#primaryimage\",\"url\":\"https:\\\/\\\/www.bellunopress.it\\\/wp-content\\\/uploads\\\/2022\\\/07\\\/zanzara-virus-west-nile.jpg\",\"contentUrl\":\"https:\\\/\\\/www.bellunopress.it\\\/wp-content\\\/uploads\\\/2022\\\/07\\\/zanzara-virus-west-nile.jpg\",\"width\":549,\"height\":256},{\"@type\":\"BreadcrumbList\",\"@id\":\"https:\\\/\\\/www.bellunopress.it\\\/2022\\\/08\\\/26\\\/nuovo-caso-di-west-nile-diagnosticato-in-ulss-dolomiti-un-70enne-infettato-nel-padovano\\\/#breadcrumb\",\"itemListElement\":[{\"@type\":\"ListItem\",\"position\":1,\"name\":\"Home\",\"item\":\"https:\\\/\\\/www.bellunopress.it\\\/\"},{\"@type\":\"ListItem\",\"position\":2,\"name\":\"Nuovo caso di West Nile diagnosticato in Ulss Dolomiti. Un 70enne infettato nel Padovano\"}]},{\"@type\":\"WebSite\",\"@id\":\"https:\\\/\\\/www.bellunopress.it\\\/#website\",\"url\":\"https:\\\/\\\/www.bellunopress.it\\\/\",\"name\":\"Bellunopress - Dolomiti\",\"description\":\"e-mail: redazione@bellunopress.it\",\"publisher\":{\"@id\":\"https:\\\/\\\/www.bellunopress.it\\\/#organization\"},\"potentialAction\":[{\"@type\":\"SearchAction\",\"target\":{\"@type\":\"EntryPoint\",\"urlTemplate\":\"https:\\\/\\\/www.bellunopress.it\\\/?s={search_term_string}\"},\"query-input\":{\"@type\":\"PropertyValueSpecification\",\"valueRequired\":true,\"valueName\":\"search_term_string\"}}],\"inLanguage\":\"fr-FR\"},{\"@type\":\"Organization\",\"@id\":\"https:\\\/\\\/www.bellunopress.it\\\/#organization\",\"name\":\"Bellunopress\",\"url\":\"https:\\\/\\\/www.bellunopress.it\\\/\",\"logo\":{\"@type\":\"ImageObject\",\"inLanguage\":\"fr-FR\",\"@id\":\"https:\\\/\\\/www.bellunopress.it\\\/#\\\/schema\\\/logo\\\/image\\\/\",\"url\":\"https:\\\/\\\/www.bellunopress.it\\\/wp-content\\\/uploads\\\/2011\\\/05\\\/cropped-logo-bellunopress-.jpg\",\"contentUrl\":\"https:\\\/\\\/www.bellunopress.it\\\/wp-content\\\/uploads\\\/2011\\\/05\\\/cropped-logo-bellunopress-.jpg\",\"width\":512,\"height\":512,\"caption\":\"Bellunopress\"},\"image\":{\"@id\":\"https:\\\/\\\/www.bellunopress.it\\\/#\\\/schema\\\/logo\\\/image\\\/\"},\"sameAs\":[\"https:\\\/\\\/www.facebook.com\\\/profile.php?id=100008943462799\",\"https:\\\/\\\/x.com\\\/bellunopress\",\"https:\\\/\\\/www.linkedin.com\\\/hp\\\/?dnr=JBzUWaJfMUw8vbXJJ2tVW5-I3jZKvC4wsoxE&amp;amp;amp;amp;amp;amp;trk=nav_responsive_tab_home\",\"https:\\\/\\\/www.youtube.com\\\/channel\\\/UCxL0wu1uN0_3_7hGG0306cw\"]},{\"@type\":\"Person\",\"@id\":\"https:\\\/\\\/www.bellunopress.it\\\/#\\\/schema\\\/person\\\/79bb06722b37ece1c03d3e94beb30d73\",\"name\":\"redazione\",\"image\":{\"@type\":\"ImageObject\",\"inLanguage\":\"fr-FR\",\"@id\":\"https:\\\/\\\/secure.gravatar.com\\\/avatar\\\/37d968a2e67a6fd04c169c4bdef102d0bc5d31b2546345219e348575eb80e9a0?s=96&d=mm&r=g\",\"url\":\"https:\\\/\\\/secure.gravatar.com\\\/avatar\\\/37d968a2e67a6fd04c169c4bdef102d0bc5d31b2546345219e348575eb80e9a0?s=96&d=mm&r=g\",\"contentUrl\":\"https:\\\/\\\/secure.gravatar.com\\\/avatar\\\/37d968a2e67a6fd04c169c4bdef102d0bc5d31b2546345219e348575eb80e9a0?s=96&d=mm&r=g\",\"caption\":\"redazione\"},\"sameAs\":[\"http:\\\/\\\/www.bellunopress.it\",\"https:\\\/\\\/x.com\\\/bellunopress\"],\"url\":\"https:\\\/\\\/www.bellunopress.it\\\/fr\\\/author\\\/redazione\\\/\"}]}<\/script>\n<!-- \/ Yoast SEO plugin. -->","yoast_head_json":{"title":"Nuovo caso di West Nile diagnosticato in Ulss Dolomiti. Un 70enne infettato nel Padovano - Bellunopress - Dolomiti","robots":{"index":"index","follow":"follow","max-snippet":"max-snippet:-1","max-image-preview":"max-image-preview:large","max-video-preview":"max-video-preview:-1"},"canonical":"https:\/\/www.bellunopress.it\/fr\/2022\/08\/26\/nuovo-caso-di-west-nile-diagnosticato-in-ulss-dolomiti-un-70enne-infettato-nel-padovano\/","og_locale":"fr_FR","og_type":"article","og_title":"Nuovo caso di West Nile diagnosticato in Ulss Dolomiti. Un 70enne infettato nel Padovano - Bellunopress - Dolomiti","og_description":"Il Dipartimento di Prevenzione dell\u2019Ulss Dolomiti ha ricevuto oggi una nuova notifica di malattia West Nile a carico di un settantenne operante e domiciliato in provincia, residente nel Padovano. L\u2019indagine epidemiologica ha messo in evidenza frequenti viaggi del paziente dal domicilio (come detto nel Bellunese) al comune di residenza (nel Padovano), con conseguente esposizione ambientale [&hellip;]","og_url":"https:\/\/www.bellunopress.it\/fr\/2022\/08\/26\/nuovo-caso-di-west-nile-diagnosticato-in-ulss-dolomiti-un-70enne-infettato-nel-padovano\/","og_site_name":"Bellunopress - Dolomiti","article_publisher":"https:\/\/www.facebook.com\/profile.php?id=100008943462799","article_published_time":"2022-08-26T14:46:24+00:00","og_image":[{"width":549,"height":256,"url":"https:\/\/www.bellunopress.it\/wp-content\/uploads\/2022\/07\/zanzara-virus-west-nile.jpg","type":"image\/jpeg"}],"author":"redazione","twitter_card":"summary_large_image","twitter_creator":"@bellunopress","twitter_site":"@bellunopress","twitter_misc":{"\u00c9crit par":"redazione","Dur\u00e9e de lecture estim\u00e9e":"2 minutes"},"schema":{"@context":"https:\/\/schema.org","@graph":[{"@type":"Article","@id":"https:\/\/www.bellunopress.it\/2022\/08\/26\/nuovo-caso-di-west-nile-diagnosticato-in-ulss-dolomiti-un-70enne-infettato-nel-padovano\/#article","isPartOf":{"@id":"https:\/\/www.bellunopress.it\/2022\/08\/26\/nuovo-caso-di-west-nile-diagnosticato-in-ulss-dolomiti-un-70enne-infettato-nel-padovano\/"},"author":{"name":"redazione","@id":"https:\/\/www.bellunopress.it\/#\/schema\/person\/79bb06722b37ece1c03d3e94beb30d73"},"headline":"Nuovo caso di West Nile diagnosticato in Ulss Dolomiti. Un 70enne infettato nel Padovano","datePublished":"2022-08-26T14:46:24+00:00","mainEntityOfPage":{"@id":"https:\/\/www.bellunopress.it\/2022\/08\/26\/nuovo-caso-di-west-nile-diagnosticato-in-ulss-dolomiti-un-70enne-infettato-nel-padovano\/"},"wordCount":239,"publisher":{"@id":"https:\/\/www.bellunopress.it\/#organization"},"image":{"@id":"https:\/\/www.bellunopress.it\/2022\/08\/26\/nuovo-caso-di-west-nile-diagnosticato-in-ulss-dolomiti-un-70enne-infettato-nel-padovano\/#primaryimage"},"thumbnailUrl":"https:\/\/www.bellunopress.it\/wp-content\/uploads\/2022\/07\/zanzara-virus-west-nile.jpg","articleSection":["Cronaca\/Politica","Prima Pagina","Sanit\u00e0 Medicina"],"inLanguage":"fr-FR"},{"@type":"WebPage","@id":"https:\/\/www.bellunopress.it\/2022\/08\/26\/nuovo-caso-di-west-nile-diagnosticato-in-ulss-dolomiti-un-70enne-infettato-nel-padovano\/","url":"https:\/\/www.bellunopress.it\/2022\/08\/26\/nuovo-caso-di-west-nile-diagnosticato-in-ulss-dolomiti-un-70enne-infettato-nel-padovano\/","name":"Nuovo caso di West Nile diagnosticato in Ulss Dolomiti. Un 70enne infettato nel Padovano - Bellunopress - Dolomiti","isPartOf":{"@id":"https:\/\/www.bellunopress.it\/#website"},"primaryImageOfPage":{"@id":"https:\/\/www.bellunopress.it\/2022\/08\/26\/nuovo-caso-di-west-nile-diagnosticato-in-ulss-dolomiti-un-70enne-infettato-nel-padovano\/#primaryimage"},"image":{"@id":"https:\/\/www.bellunopress.it\/2022\/08\/26\/nuovo-caso-di-west-nile-diagnosticato-in-ulss-dolomiti-un-70enne-infettato-nel-padovano\/#primaryimage"},"thumbnailUrl":"https:\/\/www.bellunopress.it\/wp-content\/uploads\/2022\/07\/zanzara-virus-west-nile.jpg","datePublished":"2022-08-26T14:46:24+00:00","breadcrumb":{"@id":"https:\/\/www.bellunopress.it\/2022\/08\/26\/nuovo-caso-di-west-nile-diagnosticato-in-ulss-dolomiti-un-70enne-infettato-nel-padovano\/#breadcrumb"},"inLanguage":"fr-FR","potentialAction":[{"@type":"ReadAction","target":["https:\/\/www.bellunopress.it\/2022\/08\/26\/nuovo-caso-di-west-nile-diagnosticato-in-ulss-dolomiti-un-70enne-infettato-nel-padovano\/"]}]},{"@type":"ImageObject","inLanguage":"fr-FR","@id":"https:\/\/www.bellunopress.it\/2022\/08\/26\/nuovo-caso-di-west-nile-diagnosticato-in-ulss-dolomiti-un-70enne-infettato-nel-padovano\/#primaryimage","url":"https:\/\/www.bellunopress.it\/wp-content\/uploads\/2022\/07\/zanzara-virus-west-nile.jpg","contentUrl":"https:\/\/www.bellunopress.it\/wp-content\/uploads\/2022\/07\/zanzara-virus-west-nile.jpg","width":549,"height":256},{"@type":"BreadcrumbList","@id":"https:\/\/www.bellunopress.it\/2022\/08\/26\/nuovo-caso-di-west-nile-diagnosticato-in-ulss-dolomiti-un-70enne-infettato-nel-padovano\/#breadcrumb","itemListElement":[{"@type":"ListItem","position":1,"name":"Home","item":"https:\/\/www.bellunopress.it\/"},{"@type":"ListItem","position":2,"name":"Nuovo caso di West Nile diagnosticato in Ulss Dolomiti. Un 70enne infettato nel Padovano"}]},{"@type":"WebSite","@id":"https:\/\/www.bellunopress.it\/#website","url":"https:\/\/www.bellunopress.it\/","name":"Bellunopress - Dolomiti","description":"e-mail: redazione@bellunopress.it","publisher":{"@id":"https:\/\/www.bellunopress.it\/#organization"},"potentialAction":[{"@type":"SearchAction","target":{"@type":"EntryPoint","urlTemplate":"https:\/\/www.bellunopress.it\/?s={search_term_string}"},"query-input":{"@type":"PropertyValueSpecification","valueRequired":true,"valueName":"search_term_string"}}],"inLanguage":"fr-FR"},{"@type":"Organization","@id":"https:\/\/www.bellunopress.it\/#organization","name":"Bellunopress","url":"https:\/\/www.bellunopress.it\/","logo":{"@type":"ImageObject","inLanguage":"fr-FR","@id":"https:\/\/www.bellunopress.it\/#\/schema\/logo\/image\/","url":"https:\/\/www.bellunopress.it\/wp-content\/uploads\/2011\/05\/cropped-logo-bellunopress-.jpg","contentUrl":"https:\/\/www.bellunopress.it\/wp-content\/uploads\/2011\/05\/cropped-logo-bellunopress-.jpg","width":512,"height":512,"caption":"Bellunopress"},"image":{"@id":"https:\/\/www.bellunopress.it\/#\/schema\/logo\/image\/"},"sameAs":["https:\/\/www.facebook.com\/profile.php?id=100008943462799","https:\/\/x.com\/bellunopress","https:\/\/www.linkedin.com\/hp\/?dnr=JBzUWaJfMUw8vbXJJ2tVW5-I3jZKvC4wsoxE&amp;amp;amp;amp;amp;amp;trk=nav_responsive_tab_home","https:\/\/www.youtube.com\/channel\/UCxL0wu1uN0_3_7hGG0306cw"]},{"@type":"Person","@id":"https:\/\/www.bellunopress.it\/#\/schema\/person\/79bb06722b37ece1c03d3e94beb30d73","name":"r\u00e9daction","image":{"@type":"ImageObject","inLanguage":"fr-FR","@id":"https:\/\/secure.gravatar.com\/avatar\/37d968a2e67a6fd04c169c4bdef102d0bc5d31b2546345219e348575eb80e9a0?s=96&d=mm&r=g","url":"https:\/\/secure.gravatar.com\/avatar\/37d968a2e67a6fd04c169c4bdef102d0bc5d31b2546345219e348575eb80e9a0?s=96&d=mm&r=g","contentUrl":"https:\/\/secure.gravatar.com\/avatar\/37d968a2e67a6fd04c169c4bdef102d0bc5d31b2546345219e348575eb80e9a0?s=96&d=mm&r=g","caption":"redazione"},"sameAs":["http:\/\/www.bellunopress.it","https:\/\/x.com\/bellunopress"],"url":"https:\/\/www.bellunopress.it\/fr\/author\/redazione\/"}]}},"_links":{"self":[{"href":"https:\/\/www.bellunopress.it\/fr\/wp-json\/wp\/v2\/posts\/136031","targetHints":{"allow":["GET"]}}],"collection":[{"href":"https:\/\/www.bellunopress.it\/fr\/wp-json\/wp\/v2\/posts"}],"about":[{"href":"https:\/\/www.bellunopress.it\/fr\/wp-json\/wp\/v2\/types\/post"}],"author":[{"embeddable":true,"href":"https:\/\/www.bellunopress.it\/fr\/wp-json\/wp\/v2\/users\/2"}],"replies":[{"embeddable":true,"href":"https:\/\/www.bellunopress.it\/fr\/wp-json\/wp\/v2\/comments?post=136031"}],"version-history":[{"count":1,"href":"https:\/\/www.bellunopress.it\/fr\/wp-json\/wp\/v2\/posts\/136031\/revisions"}],"predecessor-version":[{"id":136032,"href":"https:\/\/www.bellunopress.it\/fr\/wp-json\/wp\/v2\/posts\/136031\/revisions\/136032"}],"wp:featuredmedia":[{"embeddable":true,"href":"https:\/\/www.bellunopress.it\/fr\/wp-json\/wp\/v2\/media\/135427"}],"wp:attachment":[{"href":"https:\/\/www.bellunopress.it\/fr\/wp-json\/wp\/v2\/media?parent=136031"}],"wp:term":[{"taxonomy":"category","embeddable":true,"href":"https:\/\/www.bellunopress.it\/fr\/wp-json\/wp\/v2\/categories?post=136031"},{"taxonomy":"post_tag","embeddable":true,"href":"https:\/\/www.bellunopress.it\/fr\/wp-json\/wp\/v2\/tags?post=136031"}],"curies":[{"name":"wp","href":"https:\/\/api.w.org\/{rel}","templated":true}]}}