{"id":135956,"date":"2022-08-23T16:14:52","date_gmt":"2022-08-23T14:14:52","guid":{"rendered":"https:\/\/www.bellunopress.it\/?p=135956"},"modified":"2022-08-23T17:10:25","modified_gmt":"2022-08-23T15:10:25","slug":"raduno-mondiale-delle-famiglie-dal-farra-il-3-settembre-a-cirvoi-e-il-4-a-limana","status":"publish","type":"post","link":"https:\/\/www.bellunopress.it\/fr\/2022\/08\/23\/raduno-mondiale-delle-famiglie-dal-farra-il-3-settembre-a-cirvoi-e-il-4-a-limana\/","title":{"rendered":"Raduno mondiale delle famiglie Dal Farra. Il 3 settembre a Cirvoi e il 4 a Limana"},"content":{"rendered":"<p><img loading=\"lazy\" decoding=\"async\" class=\"alignleft size-full wp-image-135957\" src=\"https:\/\/www.bellunopress.it\/wp-content\/uploads\/2022\/08\/dal-farra-raduno_edited.jpg\" alt=\"\" width=\"225\" height=\"240\" \/>Il gruppo Dal Farra (e affini) nel Mondo organizza la terza edizione del Raduno Mondiale delle Famiglie Dal Farra che si terr\u00e0 quest&#8217;anno a Cirvoi il 3 Settembre e a Limana il 4 Settembre.<\/p>\n<p>Il tema del raduno 2022 \u00e8 : &#8221; i Dal Farra, genti delle Dolomiti &#8220;. Previsti arrivi da varie parte d&#8217;Italia, dall&#8217;Europa e perfino da altri paesi lontani. Si tratter\u00e0 di un incontro festoso animato da diverse attivit\u00e0 culturali. L&#8217;obiettivo principale, come sempre, \u00e8 quello di andare alla scoperta delle proprie radici, poi di rafforzare o creare nuovi legami con le persone sparse per il pianeta, ma accomunate dallo stesso cognome tipico bellunese: Dal Farra.<\/p>\n<p>L&#8217;idea della manifestazione nasce del gruppo Dal Farra (e affini) nel Mondo con il desiderio di rintracciare lontani avi e mantenere un legame con la terra degli antenati. Il gruppo \u00e8 stato creato nel 2016 da Patricia Deon &#8211; figlia di emigrati bellunesi in Francia &#8211; con l&#8217;aiuto delle cugine italiane Tilde Dal Farra, Mila Dal Magro e Micaela Dal Farra.<br \/>\nGli organizzatori invitano tutti i Dal Farra, e i loro parenti, a prendere parte alla manifestazione in programma il 3 e 4 Settembre 2022. &#8221;<\/p>\n<p>&nbsp;<\/p>\n<p>3\u00b0RADUNO MONDIALE DELLE FAMIGLIE DAL FARRA<br \/>\nTEMA 2022 : I DAL FARRA, GENTI DELLE DOLOMITI<br \/>\nP R O G R A M M A<\/p>\n<p>3 SETTEMBRE 2022 : CIRVOI (BL) &#8211; Italia<br \/>\n10.15 : Appuntamento \u2022 Piazza centrale di Cirvoi<br \/>\n10.30 &#8211; 12.30 : i Dal Farra di Cirvoi \u2022 Percorso guidato sulle tracce dei nostri antenati<\/p>\n<p>12.30 &#8211; 15.00 : Pic-Nic del Ritrovo presso il Campo Sportivo di CIrvoi<\/p>\n<p>16.00 &#8211; 18.00 : i racconti dei Dal Farra \u2022 Workshop sulle genti delle Dolomiti<\/p>\n<p>19.30 &#8211; 23.30 : Immancabile Apericena di Giusy \u2022 Serata festosa con musica dal vivo<\/p>\n<p>4 SETTEMBRE 2022 : LIMANA (BL) &#8211; Italia<br \/>\n10.15 : Appuntamento \u2022 Fronte Scuole Elementari di Limana<\/p>\n<p>10.30 &#8211; 12.00 : Festa del Pastin \u2022 Gastronomia delle Dolomiti<\/p>\n<p>12.00 &#8211; 14.30 : Pranzo dei Dal Farra (prenotazione obbligatoria)<\/p>\n<p>15.00 &#8211; 16.30 : Giaon e la sua storia \u2022 Percorso guidato sulle tracce dei nostri antenati<\/p>\n<p>17.00 : Fine dell&#8217;evento<br \/>\nUN EVENTO CULTURALE E FESTOSO<\/p>\n<p>alla scoperta delle nostre radici<br \/>\nDal Farra (e affini) nel Mondo \u2022 Gruppo Privato di Facebook \u2022 Organizzazione Senza Scopo di Lucro<\/p>","protected":false},"excerpt":{"rendered":"<p>Il gruppo Dal Farra (e affini) nel Mondo organizza la terza edizione del Raduno Mondiale delle Famiglie Dal Farra che si terr\u00e0 quest&#8217;anno a Cirvoi il 3 Settembre e a Limana il 4 Settembre. Il tema del raduno 2022 \u00e8 : &#8221; i Dal Farra, genti delle Dolomiti &#8220;. Previsti arrivi da varie parte d&#8217;Italia, [&hellip;]<\/p>\n","protected":false},"author":2,"featured_media":135957,"comment_status":"closed","ping_status":"open","sticky":false,"template":"","format":"standard","meta":{"footnotes":""},"categories":[8],"tags":[],"class_list":["post-135956","post","type-post","status-publish","format-standard","has-post-thumbnail","category-societa-istituzioni"],"yoast_head":"<!-- This site is optimized with the Yoast SEO plugin v28.4 - https:\/\/yoast.com\/product\/yoast-seo-wordpress\/ -->\n<title>Raduno mondiale delle famiglie Dal Farra. Il 3 settembre a Cirvoi e il 4 a Limana - Bellunopress - Dolomiti<\/title>\n<meta name=\"robots\" content=\"index, follow, max-snippet:-1, max-image-preview:large, max-video-preview:-1\" \/>\n<link rel=\"canonical\" href=\"https:\/\/www.bellunopress.it\/fr\/2022\/08\/23\/raduno-mondiale-delle-famiglie-dal-farra-il-3-settembre-a-cirvoi-e-il-4-a-limana\/\" \/>\n<meta property=\"og:locale\" content=\"fr_FR\" \/>\n<meta property=\"og:type\" content=\"article\" \/>\n<meta property=\"og:title\" content=\"Raduno mondiale delle famiglie Dal Farra. Il 3 settembre a Cirvoi e il 4 a Limana - Bellunopress - Dolomiti\" \/>\n<meta property=\"og:description\" content=\"Il gruppo Dal Farra (e affini) nel Mondo organizza la terza edizione del Raduno Mondiale delle Famiglie Dal Farra che si terr\u00e0 quest&#8217;anno a Cirvoi il 3 Settembre e a Limana il 4 Settembre. Il tema del raduno 2022 \u00e8 : &#8221; i Dal Farra, genti delle Dolomiti &#8220;. Previsti arrivi da varie parte d&#8217;Italia, [&hellip;]\" \/>\n<meta property=\"og:url\" content=\"https:\/\/www.bellunopress.it\/fr\/2022\/08\/23\/raduno-mondiale-delle-famiglie-dal-farra-il-3-settembre-a-cirvoi-e-il-4-a-limana\/\" \/>\n<meta property=\"og:site_name\" content=\"Bellunopress - Dolomiti\" \/>\n<meta property=\"article:publisher\" content=\"https:\/\/www.facebook.com\/profile.php?id=100008943462799\" \/>\n<meta property=\"article:published_time\" content=\"2022-08-23T14:14:52+00:00\" \/>\n<meta property=\"article:modified_time\" content=\"2022-08-23T15:10:25+00:00\" \/>\n<meta property=\"og:image\" content=\"https:\/\/www.bellunopress.it\/wp-content\/uploads\/2022\/08\/dal-farra-raduno_edited.jpg\" \/>\n\t<meta property=\"og:image:width\" content=\"225\" \/>\n\t<meta property=\"og:image:height\" content=\"240\" \/>\n\t<meta property=\"og:image:type\" content=\"image\/jpeg\" \/>\n<meta name=\"author\" content=\"redazione\" \/>\n<meta name=\"twitter:card\" content=\"summary_large_image\" \/>\n<meta name=\"twitter:creator\" content=\"@bellunopress\" \/>\n<meta name=\"twitter:site\" content=\"@bellunopress\" \/>\n<meta name=\"twitter:label1\" content=\"\u00c9crit par\" \/>\n\t<meta name=\"twitter:data1\" content=\"redazione\" \/>\n\t<meta name=\"twitter:label2\" content=\"Dur\u00e9e de lecture estim\u00e9e\" \/>\n\t<meta name=\"twitter:data2\" content=\"3 minutes\" \/>\n<script type=\"application\/ld+json\" class=\"yoast-schema-graph\">{\"@context\":\"https:\\\/\\\/schema.org\",\"@graph\":[{\"@type\":\"Article\",\"@id\":\"https:\\\/\\\/www.bellunopress.it\\\/2022\\\/08\\\/23\\\/raduno-mondiale-delle-famiglie-dal-farra-il-3-settembre-a-cirvoi-e-il-4-a-limana\\\/#article\",\"isPartOf\":{\"@id\":\"https:\\\/\\\/www.bellunopress.it\\\/2022\\\/08\\\/23\\\/raduno-mondiale-delle-famiglie-dal-farra-il-3-settembre-a-cirvoi-e-il-4-a-limana\\\/\"},\"author\":{\"name\":\"redazione\",\"@id\":\"https:\\\/\\\/www.bellunopress.it\\\/#\\\/schema\\\/person\\\/79bb06722b37ece1c03d3e94beb30d73\"},\"headline\":\"Raduno mondiale delle famiglie Dal Farra. Il 3 settembre a Cirvoi e il 4 a Limana\",\"datePublished\":\"2022-08-23T14:14:52+00:00\",\"dateModified\":\"2022-08-23T15:10:25+00:00\",\"mainEntityOfPage\":{\"@id\":\"https:\\\/\\\/www.bellunopress.it\\\/2022\\\/08\\\/23\\\/raduno-mondiale-delle-famiglie-dal-farra-il-3-settembre-a-cirvoi-e-il-4-a-limana\\\/\"},\"wordCount\":345,\"publisher\":{\"@id\":\"https:\\\/\\\/www.bellunopress.it\\\/#organization\"},\"image\":{\"@id\":\"https:\\\/\\\/www.bellunopress.it\\\/2022\\\/08\\\/23\\\/raduno-mondiale-delle-famiglie-dal-farra-il-3-settembre-a-cirvoi-e-il-4-a-limana\\\/#primaryimage\"},\"thumbnailUrl\":\"https:\\\/\\\/www.bellunopress.it\\\/wp-content\\\/uploads\\\/2022\\\/08\\\/dal-farra-raduno_edited.jpg\",\"articleSection\":[\"Societ\u00e0, Associazioni, Istituzioni\"],\"inLanguage\":\"fr-FR\"},{\"@type\":\"WebPage\",\"@id\":\"https:\\\/\\\/www.bellunopress.it\\\/2022\\\/08\\\/23\\\/raduno-mondiale-delle-famiglie-dal-farra-il-3-settembre-a-cirvoi-e-il-4-a-limana\\\/\",\"url\":\"https:\\\/\\\/www.bellunopress.it\\\/2022\\\/08\\\/23\\\/raduno-mondiale-delle-famiglie-dal-farra-il-3-settembre-a-cirvoi-e-il-4-a-limana\\\/\",\"name\":\"Raduno mondiale delle famiglie Dal Farra. Il 3 settembre a Cirvoi e il 4 a Limana - Bellunopress - Dolomiti\",\"isPartOf\":{\"@id\":\"https:\\\/\\\/www.bellunopress.it\\\/#website\"},\"primaryImageOfPage\":{\"@id\":\"https:\\\/\\\/www.bellunopress.it\\\/2022\\\/08\\\/23\\\/raduno-mondiale-delle-famiglie-dal-farra-il-3-settembre-a-cirvoi-e-il-4-a-limana\\\/#primaryimage\"},\"image\":{\"@id\":\"https:\\\/\\\/www.bellunopress.it\\\/2022\\\/08\\\/23\\\/raduno-mondiale-delle-famiglie-dal-farra-il-3-settembre-a-cirvoi-e-il-4-a-limana\\\/#primaryimage\"},\"thumbnailUrl\":\"https:\\\/\\\/www.bellunopress.it\\\/wp-content\\\/uploads\\\/2022\\\/08\\\/dal-farra-raduno_edited.jpg\",\"datePublished\":\"2022-08-23T14:14:52+00:00\",\"dateModified\":\"2022-08-23T15:10:25+00:00\",\"breadcrumb\":{\"@id\":\"https:\\\/\\\/www.bellunopress.it\\\/2022\\\/08\\\/23\\\/raduno-mondiale-delle-famiglie-dal-farra-il-3-settembre-a-cirvoi-e-il-4-a-limana\\\/#breadcrumb\"},\"inLanguage\":\"fr-FR\",\"potentialAction\":[{\"@type\":\"ReadAction\",\"target\":[\"https:\\\/\\\/www.bellunopress.it\\\/2022\\\/08\\\/23\\\/raduno-mondiale-delle-famiglie-dal-farra-il-3-settembre-a-cirvoi-e-il-4-a-limana\\\/\"]}]},{\"@type\":\"ImageObject\",\"inLanguage\":\"fr-FR\",\"@id\":\"https:\\\/\\\/www.bellunopress.it\\\/2022\\\/08\\\/23\\\/raduno-mondiale-delle-famiglie-dal-farra-il-3-settembre-a-cirvoi-e-il-4-a-limana\\\/#primaryimage\",\"url\":\"https:\\\/\\\/www.bellunopress.it\\\/wp-content\\\/uploads\\\/2022\\\/08\\\/dal-farra-raduno_edited.jpg\",\"contentUrl\":\"https:\\\/\\\/www.bellunopress.it\\\/wp-content\\\/uploads\\\/2022\\\/08\\\/dal-farra-raduno_edited.jpg\",\"width\":225,\"height\":240},{\"@type\":\"BreadcrumbList\",\"@id\":\"https:\\\/\\\/www.bellunopress.it\\\/2022\\\/08\\\/23\\\/raduno-mondiale-delle-famiglie-dal-farra-il-3-settembre-a-cirvoi-e-il-4-a-limana\\\/#breadcrumb\",\"itemListElement\":[{\"@type\":\"ListItem\",\"position\":1,\"name\":\"Home\",\"item\":\"https:\\\/\\\/www.bellunopress.it\\\/\"},{\"@type\":\"ListItem\",\"position\":2,\"name\":\"Raduno mondiale delle famiglie Dal Farra. Il 3 settembre a Cirvoi e il 4 a Limana\"}]},{\"@type\":\"WebSite\",\"@id\":\"https:\\\/\\\/www.bellunopress.it\\\/#website\",\"url\":\"https:\\\/\\\/www.bellunopress.it\\\/\",\"name\":\"Bellunopress - Dolomiti\",\"description\":\"e-mail: redazione@bellunopress.it\",\"publisher\":{\"@id\":\"https:\\\/\\\/www.bellunopress.it\\\/#organization\"},\"potentialAction\":[{\"@type\":\"SearchAction\",\"target\":{\"@type\":\"EntryPoint\",\"urlTemplate\":\"https:\\\/\\\/www.bellunopress.it\\\/?s={search_term_string}\"},\"query-input\":{\"@type\":\"PropertyValueSpecification\",\"valueRequired\":true,\"valueName\":\"search_term_string\"}}],\"inLanguage\":\"fr-FR\"},{\"@type\":\"Organization\",\"@id\":\"https:\\\/\\\/www.bellunopress.it\\\/#organization\",\"name\":\"Bellunopress\",\"url\":\"https:\\\/\\\/www.bellunopress.it\\\/\",\"logo\":{\"@type\":\"ImageObject\",\"inLanguage\":\"fr-FR\",\"@id\":\"https:\\\/\\\/www.bellunopress.it\\\/#\\\/schema\\\/logo\\\/image\\\/\",\"url\":\"https:\\\/\\\/www.bellunopress.it\\\/wp-content\\\/uploads\\\/2011\\\/05\\\/cropped-logo-bellunopress-.jpg\",\"contentUrl\":\"https:\\\/\\\/www.bellunopress.it\\\/wp-content\\\/uploads\\\/2011\\\/05\\\/cropped-logo-bellunopress-.jpg\",\"width\":512,\"height\":512,\"caption\":\"Bellunopress\"},\"image\":{\"@id\":\"https:\\\/\\\/www.bellunopress.it\\\/#\\\/schema\\\/logo\\\/image\\\/\"},\"sameAs\":[\"https:\\\/\\\/www.facebook.com\\\/profile.php?id=100008943462799\",\"https:\\\/\\\/x.com\\\/bellunopress\",\"https:\\\/\\\/www.linkedin.com\\\/hp\\\/?dnr=JBzUWaJfMUw8vbXJJ2tVW5-I3jZKvC4wsoxE&amp;amp;amp;amp;amp;amp;trk=nav_responsive_tab_home\",\"https:\\\/\\\/www.youtube.com\\\/channel\\\/UCxL0wu1uN0_3_7hGG0306cw\"]},{\"@type\":\"Person\",\"@id\":\"https:\\\/\\\/www.bellunopress.it\\\/#\\\/schema\\\/person\\\/79bb06722b37ece1c03d3e94beb30d73\",\"name\":\"redazione\",\"image\":{\"@type\":\"ImageObject\",\"inLanguage\":\"fr-FR\",\"@id\":\"https:\\\/\\\/secure.gravatar.com\\\/avatar\\\/37d968a2e67a6fd04c169c4bdef102d0bc5d31b2546345219e348575eb80e9a0?s=96&d=mm&r=g\",\"url\":\"https:\\\/\\\/secure.gravatar.com\\\/avatar\\\/37d968a2e67a6fd04c169c4bdef102d0bc5d31b2546345219e348575eb80e9a0?s=96&d=mm&r=g\",\"contentUrl\":\"https:\\\/\\\/secure.gravatar.com\\\/avatar\\\/37d968a2e67a6fd04c169c4bdef102d0bc5d31b2546345219e348575eb80e9a0?s=96&d=mm&r=g\",\"caption\":\"redazione\"},\"sameAs\":[\"http:\\\/\\\/www.bellunopress.it\",\"https:\\\/\\\/x.com\\\/bellunopress\"],\"url\":\"https:\\\/\\\/www.bellunopress.it\\\/fr\\\/author\\\/redazione\\\/\"}]}<\/script>\n<!-- \/ Yoast SEO plugin. -->","yoast_head_json":{"title":"Raduno mondiale delle famiglie Dal Farra. Il 3 settembre a Cirvoi e il 4 a Limana - Bellunopress - Dolomiti","robots":{"index":"index","follow":"follow","max-snippet":"max-snippet:-1","max-image-preview":"max-image-preview:large","max-video-preview":"max-video-preview:-1"},"canonical":"https:\/\/www.bellunopress.it\/fr\/2022\/08\/23\/raduno-mondiale-delle-famiglie-dal-farra-il-3-settembre-a-cirvoi-e-il-4-a-limana\/","og_locale":"fr_FR","og_type":"article","og_title":"Raduno mondiale delle famiglie Dal Farra. Il 3 settembre a Cirvoi e il 4 a Limana - Bellunopress - Dolomiti","og_description":"Il gruppo Dal Farra (e affini) nel Mondo organizza la terza edizione del Raduno Mondiale delle Famiglie Dal Farra che si terr\u00e0 quest&#8217;anno a Cirvoi il 3 Settembre e a Limana il 4 Settembre. Il tema del raduno 2022 \u00e8 : &#8221; i Dal Farra, genti delle Dolomiti &#8220;. Previsti arrivi da varie parte d&#8217;Italia, [&hellip;]","og_url":"https:\/\/www.bellunopress.it\/fr\/2022\/08\/23\/raduno-mondiale-delle-famiglie-dal-farra-il-3-settembre-a-cirvoi-e-il-4-a-limana\/","og_site_name":"Bellunopress - Dolomiti","article_publisher":"https:\/\/www.facebook.com\/profile.php?id=100008943462799","article_published_time":"2022-08-23T14:14:52+00:00","article_modified_time":"2022-08-23T15:10:25+00:00","og_image":[{"width":225,"height":240,"url":"https:\/\/www.bellunopress.it\/wp-content\/uploads\/2022\/08\/dal-farra-raduno_edited.jpg","type":"image\/jpeg"}],"author":"redazione","twitter_card":"summary_large_image","twitter_creator":"@bellunopress","twitter_site":"@bellunopress","twitter_misc":{"\u00c9crit par":"redazione","Dur\u00e9e de lecture estim\u00e9e":"3 minutes"},"schema":{"@context":"https:\/\/schema.org","@graph":[{"@type":"Article","@id":"https:\/\/www.bellunopress.it\/2022\/08\/23\/raduno-mondiale-delle-famiglie-dal-farra-il-3-settembre-a-cirvoi-e-il-4-a-limana\/#article","isPartOf":{"@id":"https:\/\/www.bellunopress.it\/2022\/08\/23\/raduno-mondiale-delle-famiglie-dal-farra-il-3-settembre-a-cirvoi-e-il-4-a-limana\/"},"author":{"name":"redazione","@id":"https:\/\/www.bellunopress.it\/#\/schema\/person\/79bb06722b37ece1c03d3e94beb30d73"},"headline":"Raduno mondiale delle famiglie Dal Farra. Il 3 settembre a Cirvoi e il 4 a Limana","datePublished":"2022-08-23T14:14:52+00:00","dateModified":"2022-08-23T15:10:25+00:00","mainEntityOfPage":{"@id":"https:\/\/www.bellunopress.it\/2022\/08\/23\/raduno-mondiale-delle-famiglie-dal-farra-il-3-settembre-a-cirvoi-e-il-4-a-limana\/"},"wordCount":345,"publisher":{"@id":"https:\/\/www.bellunopress.it\/#organization"},"image":{"@id":"https:\/\/www.bellunopress.it\/2022\/08\/23\/raduno-mondiale-delle-famiglie-dal-farra-il-3-settembre-a-cirvoi-e-il-4-a-limana\/#primaryimage"},"thumbnailUrl":"https:\/\/www.bellunopress.it\/wp-content\/uploads\/2022\/08\/dal-farra-raduno_edited.jpg","articleSection":["Societ\u00e0, Associazioni, Istituzioni"],"inLanguage":"fr-FR"},{"@type":"WebPage","@id":"https:\/\/www.bellunopress.it\/2022\/08\/23\/raduno-mondiale-delle-famiglie-dal-farra-il-3-settembre-a-cirvoi-e-il-4-a-limana\/","url":"https:\/\/www.bellunopress.it\/2022\/08\/23\/raduno-mondiale-delle-famiglie-dal-farra-il-3-settembre-a-cirvoi-e-il-4-a-limana\/","name":"Raduno mondiale delle famiglie Dal Farra. Il 3 settembre a Cirvoi e il 4 a Limana - Bellunopress - Dolomiti","isPartOf":{"@id":"https:\/\/www.bellunopress.it\/#website"},"primaryImageOfPage":{"@id":"https:\/\/www.bellunopress.it\/2022\/08\/23\/raduno-mondiale-delle-famiglie-dal-farra-il-3-settembre-a-cirvoi-e-il-4-a-limana\/#primaryimage"},"image":{"@id":"https:\/\/www.bellunopress.it\/2022\/08\/23\/raduno-mondiale-delle-famiglie-dal-farra-il-3-settembre-a-cirvoi-e-il-4-a-limana\/#primaryimage"},"thumbnailUrl":"https:\/\/www.bellunopress.it\/wp-content\/uploads\/2022\/08\/dal-farra-raduno_edited.jpg","datePublished":"2022-08-23T14:14:52+00:00","dateModified":"2022-08-23T15:10:25+00:00","breadcrumb":{"@id":"https:\/\/www.bellunopress.it\/2022\/08\/23\/raduno-mondiale-delle-famiglie-dal-farra-il-3-settembre-a-cirvoi-e-il-4-a-limana\/#breadcrumb"},"inLanguage":"fr-FR","potentialAction":[{"@type":"ReadAction","target":["https:\/\/www.bellunopress.it\/2022\/08\/23\/raduno-mondiale-delle-famiglie-dal-farra-il-3-settembre-a-cirvoi-e-il-4-a-limana\/"]}]},{"@type":"ImageObject","inLanguage":"fr-FR","@id":"https:\/\/www.bellunopress.it\/2022\/08\/23\/raduno-mondiale-delle-famiglie-dal-farra-il-3-settembre-a-cirvoi-e-il-4-a-limana\/#primaryimage","url":"https:\/\/www.bellunopress.it\/wp-content\/uploads\/2022\/08\/dal-farra-raduno_edited.jpg","contentUrl":"https:\/\/www.bellunopress.it\/wp-content\/uploads\/2022\/08\/dal-farra-raduno_edited.jpg","width":225,"height":240},{"@type":"BreadcrumbList","@id":"https:\/\/www.bellunopress.it\/2022\/08\/23\/raduno-mondiale-delle-famiglie-dal-farra-il-3-settembre-a-cirvoi-e-il-4-a-limana\/#breadcrumb","itemListElement":[{"@type":"ListItem","position":1,"name":"Home","item":"https:\/\/www.bellunopress.it\/"},{"@type":"ListItem","position":2,"name":"Raduno mondiale delle famiglie Dal Farra. Il 3 settembre a Cirvoi e il 4 a Limana"}]},{"@type":"WebSite","@id":"https:\/\/www.bellunopress.it\/#website","url":"https:\/\/www.bellunopress.it\/","name":"Bellunopress - Dolomiti","description":"e-mail: redazione@bellunopress.it","publisher":{"@id":"https:\/\/www.bellunopress.it\/#organization"},"potentialAction":[{"@type":"SearchAction","target":{"@type":"EntryPoint","urlTemplate":"https:\/\/www.bellunopress.it\/?s={search_term_string}"},"query-input":{"@type":"PropertyValueSpecification","valueRequired":true,"valueName":"search_term_string"}}],"inLanguage":"fr-FR"},{"@type":"Organization","@id":"https:\/\/www.bellunopress.it\/#organization","name":"Bellunopress","url":"https:\/\/www.bellunopress.it\/","logo":{"@type":"ImageObject","inLanguage":"fr-FR","@id":"https:\/\/www.bellunopress.it\/#\/schema\/logo\/image\/","url":"https:\/\/www.bellunopress.it\/wp-content\/uploads\/2011\/05\/cropped-logo-bellunopress-.jpg","contentUrl":"https:\/\/www.bellunopress.it\/wp-content\/uploads\/2011\/05\/cropped-logo-bellunopress-.jpg","width":512,"height":512,"caption":"Bellunopress"},"image":{"@id":"https:\/\/www.bellunopress.it\/#\/schema\/logo\/image\/"},"sameAs":["https:\/\/www.facebook.com\/profile.php?id=100008943462799","https:\/\/x.com\/bellunopress","https:\/\/www.linkedin.com\/hp\/?dnr=JBzUWaJfMUw8vbXJJ2tVW5-I3jZKvC4wsoxE&amp;amp;amp;amp;amp;amp;trk=nav_responsive_tab_home","https:\/\/www.youtube.com\/channel\/UCxL0wu1uN0_3_7hGG0306cw"]},{"@type":"Person","@id":"https:\/\/www.bellunopress.it\/#\/schema\/person\/79bb06722b37ece1c03d3e94beb30d73","name":"r\u00e9daction","image":{"@type":"ImageObject","inLanguage":"fr-FR","@id":"https:\/\/secure.gravatar.com\/avatar\/37d968a2e67a6fd04c169c4bdef102d0bc5d31b2546345219e348575eb80e9a0?s=96&d=mm&r=g","url":"https:\/\/secure.gravatar.com\/avatar\/37d968a2e67a6fd04c169c4bdef102d0bc5d31b2546345219e348575eb80e9a0?s=96&d=mm&r=g","contentUrl":"https:\/\/secure.gravatar.com\/avatar\/37d968a2e67a6fd04c169c4bdef102d0bc5d31b2546345219e348575eb80e9a0?s=96&d=mm&r=g","caption":"redazione"},"sameAs":["http:\/\/www.bellunopress.it","https:\/\/x.com\/bellunopress"],"url":"https:\/\/www.bellunopress.it\/fr\/author\/redazione\/"}]}},"_links":{"self":[{"href":"https:\/\/www.bellunopress.it\/fr\/wp-json\/wp\/v2\/posts\/135956","targetHints":{"allow":["GET"]}}],"collection":[{"href":"https:\/\/www.bellunopress.it\/fr\/wp-json\/wp\/v2\/posts"}],"about":[{"href":"https:\/\/www.bellunopress.it\/fr\/wp-json\/wp\/v2\/types\/post"}],"author":[{"embeddable":true,"href":"https:\/\/www.bellunopress.it\/fr\/wp-json\/wp\/v2\/users\/2"}],"replies":[{"embeddable":true,"href":"https:\/\/www.bellunopress.it\/fr\/wp-json\/wp\/v2\/comments?post=135956"}],"version-history":[{"count":3,"href":"https:\/\/www.bellunopress.it\/fr\/wp-json\/wp\/v2\/posts\/135956\/revisions"}],"predecessor-version":[{"id":135961,"href":"https:\/\/www.bellunopress.it\/fr\/wp-json\/wp\/v2\/posts\/135956\/revisions\/135961"}],"wp:featuredmedia":[{"embeddable":true,"href":"https:\/\/www.bellunopress.it\/fr\/wp-json\/wp\/v2\/media\/135957"}],"wp:attachment":[{"href":"https:\/\/www.bellunopress.it\/fr\/wp-json\/wp\/v2\/media?parent=135956"}],"wp:term":[{"taxonomy":"category","embeddable":true,"href":"https:\/\/www.bellunopress.it\/fr\/wp-json\/wp\/v2\/categories?post=135956"},{"taxonomy":"post_tag","embeddable":true,"href":"https:\/\/www.bellunopress.it\/fr\/wp-json\/wp\/v2\/tags?post=135956"}],"curies":[{"name":"wp","href":"https:\/\/api.w.org\/{rel}","templated":true}]}}