{"id":135945,"date":"2022-08-23T13:04:22","date_gmt":"2022-08-23T11:04:22","guid":{"rendered":"https:\/\/www.bellunopress.it\/?p=135945"},"modified":"2022-08-23T13:04:22","modified_gmt":"2022-08-23T11:04:22","slug":"tutto-esaurito-a-sossai-per-la-vedova-allegra-nella-magica-cornice-del-mut","status":"publish","type":"post","link":"https:\/\/www.bellunopress.it\/fr\/2022\/08\/23\/tutto-esaurito-a-sossai-per-la-vedova-allegra-nella-magica-cornice-del-mut\/","title":{"rendered":"Tutto esaurito a Sossai per La vedova allegra nella magica cornice del Mut"},"content":{"rendered":"<p><img loading=\"lazy\" decoding=\"async\" class=\"alignleft size-full wp-image-135946\" src=\"https:\/\/www.bellunopress.it\/wp-content\/uploads\/2022\/08\/La-vedova-allegra-teatro-al-Mut-Sossai.jpg\" alt=\"\" width=\"1000\" height=\"666\" srcset=\"https:\/\/www.bellunopress.it\/wp-content\/uploads\/2022\/08\/La-vedova-allegra-teatro-al-Mut-Sossai.jpg 1000w, https:\/\/www.bellunopress.it\/wp-content\/uploads\/2022\/08\/La-vedova-allegra-teatro-al-Mut-Sossai-500x333.jpg 500w, https:\/\/www.bellunopress.it\/wp-content\/uploads\/2022\/08\/La-vedova-allegra-teatro-al-Mut-Sossai-696x464.jpg 696w, https:\/\/www.bellunopress.it\/wp-content\/uploads\/2022\/08\/La-vedova-allegra-teatro-al-Mut-Sossai-631x420.jpg 631w\" sizes=\"auto, (max-width: 1000px) 100vw, 1000px\" \/><img loading=\"lazy\" decoding=\"async\" class=\"alignleft size-full wp-image-135947\" src=\"https:\/\/www.bellunopress.it\/wp-content\/uploads\/2022\/08\/teatro-Al-Mut-Sossai_edited.jpg\" alt=\"\" width=\"728\" height=\"454\" srcset=\"https:\/\/www.bellunopress.it\/wp-content\/uploads\/2022\/08\/teatro-Al-Mut-Sossai_edited.jpg 728w, https:\/\/www.bellunopress.it\/wp-content\/uploads\/2022\/08\/teatro-Al-Mut-Sossai_edited-500x312.jpg 500w, https:\/\/www.bellunopress.it\/wp-content\/uploads\/2022\/08\/teatro-Al-Mut-Sossai_edited-696x434.jpg 696w, https:\/\/www.bellunopress.it\/wp-content\/uploads\/2022\/08\/teatro-Al-Mut-Sossai_edited-673x420.jpg 673w\" sizes=\"auto, (max-width: 728px) 100vw, 728px\" \/>Grandi emozioni sabato a Belluno in quel di Sossai per la Vedova allegra.<br \/>\nLa gran qualit\u00e0 dello spettacolo musicale e la magica cornice del teatro al Mut hanno regalato sensazioni memorabili.<\/p>\n<p>L\u2019ormai tradizionale appuntamento estivo con la \u201clirica silvestre\u201d sta diventando una occasione di alta cultura con interesse di pubblico che va oltre i confini provinciali. L\u2019aver esaurito i duecento posti previsti in meno di tre giorni gi\u00e0 rende l\u2019idea della qualit\u00e0 dell\u2019evento.<br \/>\nGli \u201cAmici del Mut\u201d coordinati Silvano De Salvador, da anni portano avanti una minuziosa manutenzione dei piani terrazzati che contraddistinguono una ampia zona sopra Sossai, con una attenta e rispettosa manutenzione dei muri a secco e sentieri di collegamento; da quelli che un tempo erano terrazzamenti per orti e campetti, hanno ricavato un vero e proprio teatro all\u2019aperto di particolare suggestione scenografica tale da incantare il pubblico.<\/p>\n<p>Lo spettacolo lirico che ogni anno gli stessi Amici del Mut organizzano \u00e8 l\u2019esaltazione del gran lavoro di recupero e mantenimento di una preziosa testimonianza di archeologia rurale che caratterizza la morfologia del territorio.<br \/>\nIl palcoscenico ha visto il susseguirsi di 4 cantanti, due attori, 5 ballerini, 12 comparse, il tutto con particolare dinamicit\u00e0 e variet\u00e0 di costumi che hanno reso lo spettacolo frizzante e divertente.<\/p>\n<p>Gli Amici del Mut, oltre ad aver organizzato l\u2019evento con sapiente cura in ogni dettaglio, hanno studiato e realizzato le 3 scenografie portando in scena anche momenti esilaranti.<br \/>\nL\u2019operetta La Vedova Allegra di Franz Lehar \u00e8 stata appositamente adattata e revisionata per l\u2019evento del Teatro al Mut.<br \/>\nIl pubblico intervenuto, molto attento e partecipe, ha apprezzato con generosi applausi il cast di solisti, professionisti di notevole esperienza teatrale e dall\u2019importante curriculum artistico.<br \/>\nDario Turrini ed il simpatico Umberto Scida nel ruolo di Nijegus hanno intrattenuto il pubblico con svariati scambi di comiche battute, la parte canora \u00e8 stato magistralmente condotta dal soprano Scilla Cristiano (in Hanna Glawari), dalla soubrette Antonella De Gasperi, dal tenore Domingo Stasi e dal tenore bellunese Domenico Menini nel ruolo chiave del Conte Danilo Danilovich. Tutte le parti danzate dell\u2019operetta sono state messe in valore dall\u2019ottima prestazione del corpo di ballo della Scuola di Ballo del Veneto, diretto dalla coreografa Maggiolen Uscotti.<\/p>\n<p>Lo spettacolo \u00e8 stato condotto nella direzione artistica da Domenico Menini, con la regia dell\u2019acclamato Dario Turrini, attore bolognese particolarmente affezionato del teatro al Mut.<br \/>\nGli sfavillanti costumi sono stati forniti dalla Compagnia Umberto Scida e della sartoria teatrale Arrigo di Milano.<\/p>\n<p>La rappresentazione \u00e8 stata vivacizzata e resa divertente dalle 12 bravissime comparse locali, totalmente calate nella parte, che con grande maestria hanno contribuito a creare di volta in volta le giuste atmosfere a corollario delle esibizioni degli artisti.<br \/>\nNei camerini e dietro le quinte uno staff di parrucchiere e sarte inseguivano artisti e compare ad aggiustare i tanti cambi di costume, mentre gli Amici del Mut cambiavano le scene, calando lampadari, sfilando divani, tavoli, sedie, per lasciar posto alla costruzione di siepi ed aiuole in sassi.<\/p>\n<p>Perfetti nella tempistica e nel coordinamento i 3 cambi di scena, messi in atto dagli stessi \u201cAmici del Mut\u201d, il gruppo di volontari, che oltre ad aver curato l\u2019intera manifestazione, ha sapientemente approntato le scene che andavano a rappresentare i diversi ambienti. Particolarmente apprezzata la scenografia del primo atto che doveva raffigurare l\u2019interno dell\u2019ambasciata parigina ove si teneva la festa danzante, il grande pannello che evocava la parete ottocentesca conteneva il famoso quadro con ritratto (vivente) dello scomparso re di Pontevedro, completava la scenografia un possente lampadario di cristallo retto da evidenti carrucole di legno (servite poi per il cambio scena). Divertente ed applaudite le mosse per i vari cambi scena.<\/p>\n<p>Grande soddisfazione da parte degli organizzatori per aver dato una brillante risposta alla grande aspettativa che si era creata nel Bellunese per quello che \u00e8 ormai diventato il tradizionale appuntamento con la \u201clirica silvestre\u201d, evento sostenuto da numerose attivit\u00e0 economiche (in particolar modo da Unifarco per il territorio) con la condivisione della Fondazione teatri delle Dolomiti ed con il patrocinio di Provincia di Belluno, Comune di Belluno, della Fondazione Dolomiti Unesco, del CAI e della Fondazione G.Angelini .<\/p>\n<p>&nbsp;<\/p>","protected":false},"excerpt":{"rendered":"<p>Grandi emozioni sabato a Belluno in quel di Sossai per la Vedova allegra. La gran qualit\u00e0 dello spettacolo musicale e la magica cornice del teatro al Mut hanno regalato sensazioni memorabili. L\u2019ormai tradizionale appuntamento estivo con la \u201clirica silvestre\u201d sta diventando una occasione di alta cultura con interesse di pubblico che va oltre i confini [&hellip;]<\/p>\n","protected":false},"author":2,"featured_media":135947,"comment_status":"closed","ping_status":"open","sticky":false,"template":"","format":"standard","meta":{"footnotes":""},"categories":[3,25],"tags":[],"class_list":["post-135945","post","type-post","status-publish","format-standard","has-post-thumbnail","category-arte-cultura-spettacoli-scienza-archivi","category-pausa-caffe"],"yoast_head":"<!-- This site is optimized with the Yoast SEO plugin v28.4 - https:\/\/yoast.com\/product\/yoast-seo-wordpress\/ -->\n<title>Tutto esaurito a Sossai per La vedova allegra nella magica cornice del Mut - Bellunopress - Dolomiti<\/title>\n<meta name=\"robots\" content=\"index, follow, max-snippet:-1, max-image-preview:large, max-video-preview:-1\" \/>\n<link rel=\"canonical\" href=\"https:\/\/www.bellunopress.it\/fr\/2022\/08\/23\/tutto-esaurito-a-sossai-per-la-vedova-allegra-nella-magica-cornice-del-mut\/\" \/>\n<meta property=\"og:locale\" content=\"fr_FR\" \/>\n<meta property=\"og:type\" content=\"article\" \/>\n<meta property=\"og:title\" content=\"Tutto esaurito a Sossai per La vedova allegra nella magica cornice del Mut - Bellunopress - Dolomiti\" \/>\n<meta property=\"og:description\" content=\"Grandi emozioni sabato a Belluno in quel di Sossai per la Vedova allegra. La gran qualit\u00e0 dello spettacolo musicale e la magica cornice del teatro al Mut hanno regalato sensazioni memorabili. L\u2019ormai tradizionale appuntamento estivo con la \u201clirica silvestre\u201d sta diventando una occasione di alta cultura con interesse di pubblico che va oltre i confini [&hellip;]\" \/>\n<meta property=\"og:url\" content=\"https:\/\/www.bellunopress.it\/fr\/2022\/08\/23\/tutto-esaurito-a-sossai-per-la-vedova-allegra-nella-magica-cornice-del-mut\/\" \/>\n<meta property=\"og:site_name\" content=\"Bellunopress - Dolomiti\" \/>\n<meta property=\"article:publisher\" content=\"https:\/\/www.facebook.com\/profile.php?id=100008943462799\" \/>\n<meta property=\"article:published_time\" content=\"2022-08-23T11:04:22+00:00\" \/>\n<meta property=\"og:image\" content=\"https:\/\/www.bellunopress.it\/wp-content\/uploads\/2022\/08\/teatro-Al-Mut-Sossai_edited.jpg\" \/>\n\t<meta property=\"og:image:width\" content=\"728\" \/>\n\t<meta property=\"og:image:height\" content=\"454\" \/>\n\t<meta property=\"og:image:type\" content=\"image\/jpeg\" \/>\n<meta name=\"author\" content=\"redazione\" \/>\n<meta name=\"twitter:card\" content=\"summary_large_image\" \/>\n<meta name=\"twitter:creator\" content=\"@bellunopress\" \/>\n<meta name=\"twitter:site\" content=\"@bellunopress\" \/>\n<meta name=\"twitter:label1\" content=\"\u00c9crit par\" \/>\n\t<meta name=\"twitter:data1\" content=\"redazione\" \/>\n\t<meta name=\"twitter:label2\" content=\"Dur\u00e9e de lecture estim\u00e9e\" \/>\n\t<meta name=\"twitter:data2\" content=\"5 minutes\" \/>\n<script type=\"application\/ld+json\" class=\"yoast-schema-graph\">{\"@context\":\"https:\\\/\\\/schema.org\",\"@graph\":[{\"@type\":\"Article\",\"@id\":\"https:\\\/\\\/www.bellunopress.it\\\/2022\\\/08\\\/23\\\/tutto-esaurito-a-sossai-per-la-vedova-allegra-nella-magica-cornice-del-mut\\\/#article\",\"isPartOf\":{\"@id\":\"https:\\\/\\\/www.bellunopress.it\\\/2022\\\/08\\\/23\\\/tutto-esaurito-a-sossai-per-la-vedova-allegra-nella-magica-cornice-del-mut\\\/\"},\"author\":{\"name\":\"redazione\",\"@id\":\"https:\\\/\\\/www.bellunopress.it\\\/#\\\/schema\\\/person\\\/79bb06722b37ece1c03d3e94beb30d73\"},\"headline\":\"Tutto esaurito a Sossai per La vedova allegra nella magica cornice del Mut\",\"datePublished\":\"2022-08-23T11:04:22+00:00\",\"mainEntityOfPage\":{\"@id\":\"https:\\\/\\\/www.bellunopress.it\\\/2022\\\/08\\\/23\\\/tutto-esaurito-a-sossai-per-la-vedova-allegra-nella-magica-cornice-del-mut\\\/\"},\"wordCount\":697,\"publisher\":{\"@id\":\"https:\\\/\\\/www.bellunopress.it\\\/#organization\"},\"image\":{\"@id\":\"https:\\\/\\\/www.bellunopress.it\\\/2022\\\/08\\\/23\\\/tutto-esaurito-a-sossai-per-la-vedova-allegra-nella-magica-cornice-del-mut\\\/#primaryimage\"},\"thumbnailUrl\":\"https:\\\/\\\/www.bellunopress.it\\\/wp-content\\\/uploads\\\/2022\\\/08\\\/teatro-Al-Mut-Sossai_edited.jpg\",\"articleSection\":[\"Arte, Cultura, Spettacoli, Scienza\",\"Pausa Caff\u00e8\"],\"inLanguage\":\"fr-FR\"},{\"@type\":\"WebPage\",\"@id\":\"https:\\\/\\\/www.bellunopress.it\\\/2022\\\/08\\\/23\\\/tutto-esaurito-a-sossai-per-la-vedova-allegra-nella-magica-cornice-del-mut\\\/\",\"url\":\"https:\\\/\\\/www.bellunopress.it\\\/2022\\\/08\\\/23\\\/tutto-esaurito-a-sossai-per-la-vedova-allegra-nella-magica-cornice-del-mut\\\/\",\"name\":\"Tutto esaurito a Sossai per La vedova allegra nella magica cornice del Mut - Bellunopress - Dolomiti\",\"isPartOf\":{\"@id\":\"https:\\\/\\\/www.bellunopress.it\\\/#website\"},\"primaryImageOfPage\":{\"@id\":\"https:\\\/\\\/www.bellunopress.it\\\/2022\\\/08\\\/23\\\/tutto-esaurito-a-sossai-per-la-vedova-allegra-nella-magica-cornice-del-mut\\\/#primaryimage\"},\"image\":{\"@id\":\"https:\\\/\\\/www.bellunopress.it\\\/2022\\\/08\\\/23\\\/tutto-esaurito-a-sossai-per-la-vedova-allegra-nella-magica-cornice-del-mut\\\/#primaryimage\"},\"thumbnailUrl\":\"https:\\\/\\\/www.bellunopress.it\\\/wp-content\\\/uploads\\\/2022\\\/08\\\/teatro-Al-Mut-Sossai_edited.jpg\",\"datePublished\":\"2022-08-23T11:04:22+00:00\",\"breadcrumb\":{\"@id\":\"https:\\\/\\\/www.bellunopress.it\\\/2022\\\/08\\\/23\\\/tutto-esaurito-a-sossai-per-la-vedova-allegra-nella-magica-cornice-del-mut\\\/#breadcrumb\"},\"inLanguage\":\"fr-FR\",\"potentialAction\":[{\"@type\":\"ReadAction\",\"target\":[\"https:\\\/\\\/www.bellunopress.it\\\/2022\\\/08\\\/23\\\/tutto-esaurito-a-sossai-per-la-vedova-allegra-nella-magica-cornice-del-mut\\\/\"]}]},{\"@type\":\"ImageObject\",\"inLanguage\":\"fr-FR\",\"@id\":\"https:\\\/\\\/www.bellunopress.it\\\/2022\\\/08\\\/23\\\/tutto-esaurito-a-sossai-per-la-vedova-allegra-nella-magica-cornice-del-mut\\\/#primaryimage\",\"url\":\"https:\\\/\\\/www.bellunopress.it\\\/wp-content\\\/uploads\\\/2022\\\/08\\\/teatro-Al-Mut-Sossai_edited.jpg\",\"contentUrl\":\"https:\\\/\\\/www.bellunopress.it\\\/wp-content\\\/uploads\\\/2022\\\/08\\\/teatro-Al-Mut-Sossai_edited.jpg\",\"width\":728,\"height\":454},{\"@type\":\"BreadcrumbList\",\"@id\":\"https:\\\/\\\/www.bellunopress.it\\\/2022\\\/08\\\/23\\\/tutto-esaurito-a-sossai-per-la-vedova-allegra-nella-magica-cornice-del-mut\\\/#breadcrumb\",\"itemListElement\":[{\"@type\":\"ListItem\",\"position\":1,\"name\":\"Home\",\"item\":\"https:\\\/\\\/www.bellunopress.it\\\/\"},{\"@type\":\"ListItem\",\"position\":2,\"name\":\"Tutto esaurito a Sossai per La vedova allegra nella magica cornice del Mut\"}]},{\"@type\":\"WebSite\",\"@id\":\"https:\\\/\\\/www.bellunopress.it\\\/#website\",\"url\":\"https:\\\/\\\/www.bellunopress.it\\\/\",\"name\":\"Bellunopress - Dolomiti\",\"description\":\"e-mail: redazione@bellunopress.it\",\"publisher\":{\"@id\":\"https:\\\/\\\/www.bellunopress.it\\\/#organization\"},\"potentialAction\":[{\"@type\":\"SearchAction\",\"target\":{\"@type\":\"EntryPoint\",\"urlTemplate\":\"https:\\\/\\\/www.bellunopress.it\\\/?s={search_term_string}\"},\"query-input\":{\"@type\":\"PropertyValueSpecification\",\"valueRequired\":true,\"valueName\":\"search_term_string\"}}],\"inLanguage\":\"fr-FR\"},{\"@type\":\"Organization\",\"@id\":\"https:\\\/\\\/www.bellunopress.it\\\/#organization\",\"name\":\"Bellunopress\",\"url\":\"https:\\\/\\\/www.bellunopress.it\\\/\",\"logo\":{\"@type\":\"ImageObject\",\"inLanguage\":\"fr-FR\",\"@id\":\"https:\\\/\\\/www.bellunopress.it\\\/#\\\/schema\\\/logo\\\/image\\\/\",\"url\":\"https:\\\/\\\/www.bellunopress.it\\\/wp-content\\\/uploads\\\/2011\\\/05\\\/cropped-logo-bellunopress-.jpg\",\"contentUrl\":\"https:\\\/\\\/www.bellunopress.it\\\/wp-content\\\/uploads\\\/2011\\\/05\\\/cropped-logo-bellunopress-.jpg\",\"width\":512,\"height\":512,\"caption\":\"Bellunopress\"},\"image\":{\"@id\":\"https:\\\/\\\/www.bellunopress.it\\\/#\\\/schema\\\/logo\\\/image\\\/\"},\"sameAs\":[\"https:\\\/\\\/www.facebook.com\\\/profile.php?id=100008943462799\",\"https:\\\/\\\/x.com\\\/bellunopress\",\"https:\\\/\\\/www.linkedin.com\\\/hp\\\/?dnr=JBzUWaJfMUw8vbXJJ2tVW5-I3jZKvC4wsoxE&amp;amp;amp;amp;amp;amp;trk=nav_responsive_tab_home\",\"https:\\\/\\\/www.youtube.com\\\/channel\\\/UCxL0wu1uN0_3_7hGG0306cw\"]},{\"@type\":\"Person\",\"@id\":\"https:\\\/\\\/www.bellunopress.it\\\/#\\\/schema\\\/person\\\/79bb06722b37ece1c03d3e94beb30d73\",\"name\":\"redazione\",\"image\":{\"@type\":\"ImageObject\",\"inLanguage\":\"fr-FR\",\"@id\":\"https:\\\/\\\/secure.gravatar.com\\\/avatar\\\/37d968a2e67a6fd04c169c4bdef102d0bc5d31b2546345219e348575eb80e9a0?s=96&d=mm&r=g\",\"url\":\"https:\\\/\\\/secure.gravatar.com\\\/avatar\\\/37d968a2e67a6fd04c169c4bdef102d0bc5d31b2546345219e348575eb80e9a0?s=96&d=mm&r=g\",\"contentUrl\":\"https:\\\/\\\/secure.gravatar.com\\\/avatar\\\/37d968a2e67a6fd04c169c4bdef102d0bc5d31b2546345219e348575eb80e9a0?s=96&d=mm&r=g\",\"caption\":\"redazione\"},\"sameAs\":[\"http:\\\/\\\/www.bellunopress.it\",\"https:\\\/\\\/x.com\\\/bellunopress\"],\"url\":\"https:\\\/\\\/www.bellunopress.it\\\/fr\\\/author\\\/redazione\\\/\"}]}<\/script>\n<!-- \/ Yoast SEO plugin. -->","yoast_head_json":{"title":"Tutto esaurito a Sossai per La vedova allegra nella magica cornice del Mut - Bellunopress - Dolomiti","robots":{"index":"index","follow":"follow","max-snippet":"max-snippet:-1","max-image-preview":"max-image-preview:large","max-video-preview":"max-video-preview:-1"},"canonical":"https:\/\/www.bellunopress.it\/fr\/2022\/08\/23\/tutto-esaurito-a-sossai-per-la-vedova-allegra-nella-magica-cornice-del-mut\/","og_locale":"fr_FR","og_type":"article","og_title":"Tutto esaurito a Sossai per La vedova allegra nella magica cornice del Mut - Bellunopress - Dolomiti","og_description":"Grandi emozioni sabato a Belluno in quel di Sossai per la Vedova allegra. La gran qualit\u00e0 dello spettacolo musicale e la magica cornice del teatro al Mut hanno regalato sensazioni memorabili. L\u2019ormai tradizionale appuntamento estivo con la \u201clirica silvestre\u201d sta diventando una occasione di alta cultura con interesse di pubblico che va oltre i confini [&hellip;]","og_url":"https:\/\/www.bellunopress.it\/fr\/2022\/08\/23\/tutto-esaurito-a-sossai-per-la-vedova-allegra-nella-magica-cornice-del-mut\/","og_site_name":"Bellunopress - Dolomiti","article_publisher":"https:\/\/www.facebook.com\/profile.php?id=100008943462799","article_published_time":"2022-08-23T11:04:22+00:00","og_image":[{"width":728,"height":454,"url":"https:\/\/www.bellunopress.it\/wp-content\/uploads\/2022\/08\/teatro-Al-Mut-Sossai_edited.jpg","type":"image\/jpeg"}],"author":"redazione","twitter_card":"summary_large_image","twitter_creator":"@bellunopress","twitter_site":"@bellunopress","twitter_misc":{"\u00c9crit par":"redazione","Dur\u00e9e de lecture estim\u00e9e":"5 minutes"},"schema":{"@context":"https:\/\/schema.org","@graph":[{"@type":"Article","@id":"https:\/\/www.bellunopress.it\/2022\/08\/23\/tutto-esaurito-a-sossai-per-la-vedova-allegra-nella-magica-cornice-del-mut\/#article","isPartOf":{"@id":"https:\/\/www.bellunopress.it\/2022\/08\/23\/tutto-esaurito-a-sossai-per-la-vedova-allegra-nella-magica-cornice-del-mut\/"},"author":{"name":"redazione","@id":"https:\/\/www.bellunopress.it\/#\/schema\/person\/79bb06722b37ece1c03d3e94beb30d73"},"headline":"Tutto esaurito a Sossai per La vedova allegra nella magica cornice del Mut","datePublished":"2022-08-23T11:04:22+00:00","mainEntityOfPage":{"@id":"https:\/\/www.bellunopress.it\/2022\/08\/23\/tutto-esaurito-a-sossai-per-la-vedova-allegra-nella-magica-cornice-del-mut\/"},"wordCount":697,"publisher":{"@id":"https:\/\/www.bellunopress.it\/#organization"},"image":{"@id":"https:\/\/www.bellunopress.it\/2022\/08\/23\/tutto-esaurito-a-sossai-per-la-vedova-allegra-nella-magica-cornice-del-mut\/#primaryimage"},"thumbnailUrl":"https:\/\/www.bellunopress.it\/wp-content\/uploads\/2022\/08\/teatro-Al-Mut-Sossai_edited.jpg","articleSection":["Arte, Cultura, Spettacoli, Scienza","Pausa Caff\u00e8"],"inLanguage":"fr-FR"},{"@type":"WebPage","@id":"https:\/\/www.bellunopress.it\/2022\/08\/23\/tutto-esaurito-a-sossai-per-la-vedova-allegra-nella-magica-cornice-del-mut\/","url":"https:\/\/www.bellunopress.it\/2022\/08\/23\/tutto-esaurito-a-sossai-per-la-vedova-allegra-nella-magica-cornice-del-mut\/","name":"Tutto esaurito a Sossai per La vedova allegra nella magica cornice del Mut - Bellunopress - Dolomiti","isPartOf":{"@id":"https:\/\/www.bellunopress.it\/#website"},"primaryImageOfPage":{"@id":"https:\/\/www.bellunopress.it\/2022\/08\/23\/tutto-esaurito-a-sossai-per-la-vedova-allegra-nella-magica-cornice-del-mut\/#primaryimage"},"image":{"@id":"https:\/\/www.bellunopress.it\/2022\/08\/23\/tutto-esaurito-a-sossai-per-la-vedova-allegra-nella-magica-cornice-del-mut\/#primaryimage"},"thumbnailUrl":"https:\/\/www.bellunopress.it\/wp-content\/uploads\/2022\/08\/teatro-Al-Mut-Sossai_edited.jpg","datePublished":"2022-08-23T11:04:22+00:00","breadcrumb":{"@id":"https:\/\/www.bellunopress.it\/2022\/08\/23\/tutto-esaurito-a-sossai-per-la-vedova-allegra-nella-magica-cornice-del-mut\/#breadcrumb"},"inLanguage":"fr-FR","potentialAction":[{"@type":"ReadAction","target":["https:\/\/www.bellunopress.it\/2022\/08\/23\/tutto-esaurito-a-sossai-per-la-vedova-allegra-nella-magica-cornice-del-mut\/"]}]},{"@type":"ImageObject","inLanguage":"fr-FR","@id":"https:\/\/www.bellunopress.it\/2022\/08\/23\/tutto-esaurito-a-sossai-per-la-vedova-allegra-nella-magica-cornice-del-mut\/#primaryimage","url":"https:\/\/www.bellunopress.it\/wp-content\/uploads\/2022\/08\/teatro-Al-Mut-Sossai_edited.jpg","contentUrl":"https:\/\/www.bellunopress.it\/wp-content\/uploads\/2022\/08\/teatro-Al-Mut-Sossai_edited.jpg","width":728,"height":454},{"@type":"BreadcrumbList","@id":"https:\/\/www.bellunopress.it\/2022\/08\/23\/tutto-esaurito-a-sossai-per-la-vedova-allegra-nella-magica-cornice-del-mut\/#breadcrumb","itemListElement":[{"@type":"ListItem","position":1,"name":"Home","item":"https:\/\/www.bellunopress.it\/"},{"@type":"ListItem","position":2,"name":"Tutto esaurito a Sossai per La vedova allegra nella magica cornice del Mut"}]},{"@type":"WebSite","@id":"https:\/\/www.bellunopress.it\/#website","url":"https:\/\/www.bellunopress.it\/","name":"Bellunopress - Dolomiti","description":"e-mail: redazione@bellunopress.it","publisher":{"@id":"https:\/\/www.bellunopress.it\/#organization"},"potentialAction":[{"@type":"SearchAction","target":{"@type":"EntryPoint","urlTemplate":"https:\/\/www.bellunopress.it\/?s={search_term_string}"},"query-input":{"@type":"PropertyValueSpecification","valueRequired":true,"valueName":"search_term_string"}}],"inLanguage":"fr-FR"},{"@type":"Organization","@id":"https:\/\/www.bellunopress.it\/#organization","name":"Bellunopress","url":"https:\/\/www.bellunopress.it\/","logo":{"@type":"ImageObject","inLanguage":"fr-FR","@id":"https:\/\/www.bellunopress.it\/#\/schema\/logo\/image\/","url":"https:\/\/www.bellunopress.it\/wp-content\/uploads\/2011\/05\/cropped-logo-bellunopress-.jpg","contentUrl":"https:\/\/www.bellunopress.it\/wp-content\/uploads\/2011\/05\/cropped-logo-bellunopress-.jpg","width":512,"height":512,"caption":"Bellunopress"},"image":{"@id":"https:\/\/www.bellunopress.it\/#\/schema\/logo\/image\/"},"sameAs":["https:\/\/www.facebook.com\/profile.php?id=100008943462799","https:\/\/x.com\/bellunopress","https:\/\/www.linkedin.com\/hp\/?dnr=JBzUWaJfMUw8vbXJJ2tVW5-I3jZKvC4wsoxE&amp;amp;amp;amp;amp;amp;trk=nav_responsive_tab_home","https:\/\/www.youtube.com\/channel\/UCxL0wu1uN0_3_7hGG0306cw"]},{"@type":"Person","@id":"https:\/\/www.bellunopress.it\/#\/schema\/person\/79bb06722b37ece1c03d3e94beb30d73","name":"r\u00e9daction","image":{"@type":"ImageObject","inLanguage":"fr-FR","@id":"https:\/\/secure.gravatar.com\/avatar\/37d968a2e67a6fd04c169c4bdef102d0bc5d31b2546345219e348575eb80e9a0?s=96&d=mm&r=g","url":"https:\/\/secure.gravatar.com\/avatar\/37d968a2e67a6fd04c169c4bdef102d0bc5d31b2546345219e348575eb80e9a0?s=96&d=mm&r=g","contentUrl":"https:\/\/secure.gravatar.com\/avatar\/37d968a2e67a6fd04c169c4bdef102d0bc5d31b2546345219e348575eb80e9a0?s=96&d=mm&r=g","caption":"redazione"},"sameAs":["http:\/\/www.bellunopress.it","https:\/\/x.com\/bellunopress"],"url":"https:\/\/www.bellunopress.it\/fr\/author\/redazione\/"}]}},"_links":{"self":[{"href":"https:\/\/www.bellunopress.it\/fr\/wp-json\/wp\/v2\/posts\/135945","targetHints":{"allow":["GET"]}}],"collection":[{"href":"https:\/\/www.bellunopress.it\/fr\/wp-json\/wp\/v2\/posts"}],"about":[{"href":"https:\/\/www.bellunopress.it\/fr\/wp-json\/wp\/v2\/types\/post"}],"author":[{"embeddable":true,"href":"https:\/\/www.bellunopress.it\/fr\/wp-json\/wp\/v2\/users\/2"}],"replies":[{"embeddable":true,"href":"https:\/\/www.bellunopress.it\/fr\/wp-json\/wp\/v2\/comments?post=135945"}],"version-history":[{"count":1,"href":"https:\/\/www.bellunopress.it\/fr\/wp-json\/wp\/v2\/posts\/135945\/revisions"}],"predecessor-version":[{"id":135948,"href":"https:\/\/www.bellunopress.it\/fr\/wp-json\/wp\/v2\/posts\/135945\/revisions\/135948"}],"wp:featuredmedia":[{"embeddable":true,"href":"https:\/\/www.bellunopress.it\/fr\/wp-json\/wp\/v2\/media\/135947"}],"wp:attachment":[{"href":"https:\/\/www.bellunopress.it\/fr\/wp-json\/wp\/v2\/media?parent=135945"}],"wp:term":[{"taxonomy":"category","embeddable":true,"href":"https:\/\/www.bellunopress.it\/fr\/wp-json\/wp\/v2\/categories?post=135945"},{"taxonomy":"post_tag","embeddable":true,"href":"https:\/\/www.bellunopress.it\/fr\/wp-json\/wp\/v2\/tags?post=135945"}],"curies":[{"name":"wp","href":"https:\/\/api.w.org\/{rel}","templated":true}]}}