{"id":13592,"date":"2010-03-17T20:22:18","date_gmt":"2010-03-17T19:22:18","guid":{"rendered":"http:\/\/www.bellunopress.it\/?p=13592"},"modified":"2010-03-17T20:22:18","modified_gmt":"2010-03-17T19:22:18","slug":"via-ai-corsi-del-csv-il-27-marzo-giornata-dedicata-al-nuovo-schema-di-bilancio-e-al-laboratorio-%e2%80%9cinquaquadrati%e2%80%9d","status":"publish","type":"post","link":"https:\/\/www.bellunopress.it\/fr\/2010\/03\/17\/via-ai-corsi-del-csv-il-27-marzo-giornata-dedicata-al-nuovo-schema-di-bilancio-e-al-laboratorio-%e2%80%9cinquaquadrati%e2%80%9d\/","title":{"rendered":"Via ai corsi del Csv: il 27 marzo giornata dedicata al nuovo schema di bilancio e al laboratorio \u201cInQuaQuadrati\u201d"},"content":{"rendered":"<p><a href=\"http:\/\/www.bellunopress.it\/wp-content\/uploads\/2009\/09\/csv-volontariato.jpg\"><img loading=\"lazy\" decoding=\"async\" class=\"alignleft size-medium wp-image-8410\" title=\"csv-volontariato\" src=\"http:\/\/www.bellunopress.it\/wp-content\/uploads\/2009\/09\/csv-volontariato.jpg\" alt=\"\" width=\"140\" height=\"79\" \/><\/a>Stanno per prendere il via tre nuovi corsi del Centro di servizio per il volontariato di Belluno, inseriti nel programma di formazione del primo semestre 2010. Sabato 27 marzo, dalle 9 alle 13,\u00a0 alla Casa del volontariato di Belluno in via del Piave 5, giornata dedicata al nuovo schema di bilancio e il software gestionale Banana 5.0. I temi saranno trattati dal direttore del Csv di Padova Alessandro Lion. Le iscrizioni vanno perfezionate entro il 25 marzo.\u00a0 Sempre il 27 marzo, dalle 15.30 alle 17.30, ci sar\u00e0 il primo incontro conoscitivo per il laboratorio \u201cInQuaQuadrati-Animation\u201d, dedicato al cinema d\u2019animazione e rivolto prevalentemente ai giovani che vogliono apprendere i segreti di questa forma cinematografica. Le date successive verranno definite durante il primo incontro. Iscrizioni entro il 25 marzo. Il 3 aprile \u00e8 il termine per iscriversi al corso \u201cLavorare per progetti e in partenariato per finanziare le proprie attivit\u00e0 di volontariato\u201d, tenuto da Elena Maria Plebani, consulente dell\u2019associazione Euro team di Padova. Le date di svolgimento saranno sabato 10 e sabato 17 aprile, dalle 9 alle 13, presso alla Casa del volontariato di Belluno in via del Piave 5. L\u2019iscrizione ai corsi del Csv \u00e8 gratuita per le associazioni di volontariato bellunesi. Per maggiori informazioni contattare la segreteria del Csv di Belluno, via del Piave 5 a Belluno, telefono 0437 950374, fax. 0437 958273, e-mail <a href=\"mailto:info@csvbelluno.it\">info@csvbelluno.it<\/a>. Informazioni sul sito internet\u00a0 <a href=\"http:\/\/www.csvbelluno.it\">www.csvbelluno.it<\/a> dove \u00e8 possibile visualizzare il depliant dei corsi.<\/p>","protected":false},"excerpt":{"rendered":"<p>Stanno per prendere il via tre nuovi corsi del Centro di servizio per il volontariato di Belluno, inseriti nel programma di formazione del primo semestre 2010. Sabato 27 marzo, dalle 9 alle 13,\u00a0 alla Casa del volontariato di Belluno in via del Piave 5, giornata dedicata al nuovo schema di bilancio e il software gestionale [&hellip;]<\/p>\n","protected":false},"author":2,"featured_media":0,"comment_status":"closed","ping_status":"open","sticky":false,"template":"","format":"standard","meta":{"footnotes":""},"categories":[36,26],"tags":[831],"class_list":["post-13592","post","type-post","status-publish","format-standard","category-lavoro-economia","category-prima-pagina","tag-corsi-csv-belluno"],"yoast_head":"<!-- This site is optimized with the Yoast SEO plugin v28.4 - https:\/\/yoast.com\/product\/yoast-seo-wordpress\/ -->\n<title>Via ai corsi del Csv: il 27 marzo giornata dedicata al nuovo schema di bilancio e al laboratorio \u201cInQuaQuadrati\u201d  - Bellunopress - Dolomiti<\/title>\n<meta name=\"robots\" content=\"index, follow, max-snippet:-1, max-image-preview:large, max-video-preview:-1\" \/>\n<link rel=\"canonical\" href=\"https:\/\/www.bellunopress.it\/fr\/2010\/03\/17\/via-ai-corsi-del-csv-il-27-marzo-giornata-dedicata-al-nuovo-schema-di-bilancio-e-al-laboratorio-\u201cinquaquadrati\u201d\/\" \/>\n<meta property=\"og:locale\" content=\"fr_FR\" \/>\n<meta property=\"og:type\" content=\"article\" \/>\n<meta property=\"og:title\" content=\"Via ai corsi del Csv: il 27 marzo giornata dedicata al nuovo schema di bilancio e al laboratorio \u201cInQuaQuadrati\u201d  - Bellunopress - Dolomiti\" \/>\n<meta property=\"og:description\" content=\"Stanno per prendere il via tre nuovi corsi del Centro di servizio per il volontariato di Belluno, inseriti nel programma di formazione del primo semestre 2010. Sabato 27 marzo, dalle 9 alle 13,\u00a0 alla Casa del volontariato di Belluno in via del Piave 5, giornata dedicata al nuovo schema di bilancio e il software gestionale [&hellip;]\" \/>\n<meta property=\"og:url\" content=\"https:\/\/www.bellunopress.it\/fr\/2010\/03\/17\/via-ai-corsi-del-csv-il-27-marzo-giornata-dedicata-al-nuovo-schema-di-bilancio-e-al-laboratorio-\u201cinquaquadrati\u201d\/\" \/>\n<meta property=\"og:site_name\" content=\"Bellunopress - Dolomiti\" \/>\n<meta property=\"article:publisher\" content=\"https:\/\/www.facebook.com\/profile.php?id=100008943462799\" \/>\n<meta property=\"article:published_time\" content=\"2010-03-17T19:22:18+00:00\" \/>\n<meta property=\"og:image\" content=\"http:\/\/www.bellunopress.it\/wp-content\/uploads\/2009\/09\/csv-volontariato.jpg\" \/>\n<meta name=\"author\" content=\"redazione\" \/>\n<meta name=\"twitter:card\" content=\"summary_large_image\" \/>\n<meta name=\"twitter:creator\" content=\"@bellunopress\" \/>\n<meta name=\"twitter:site\" content=\"@bellunopress\" \/>\n<meta name=\"twitter:label1\" content=\"\u00c9crit par\" \/>\n\t<meta name=\"twitter:data1\" content=\"redazione\" \/>\n\t<meta name=\"twitter:label2\" content=\"Dur\u00e9e de lecture estim\u00e9e\" \/>\n\t<meta name=\"twitter:data2\" content=\"1 minute\" \/>\n<script type=\"application\/ld+json\" class=\"yoast-schema-graph\">{\"@context\":\"https:\\\/\\\/schema.org\",\"@graph\":[{\"@type\":\"Article\",\"@id\":\"https:\\\/\\\/www.bellunopress.it\\\/2010\\\/03\\\/17\\\/via-ai-corsi-del-csv-il-27-marzo-giornata-dedicata-al-nuovo-schema-di-bilancio-e-al-laboratorio-%e2%80%9cinquaquadrati%e2%80%9d\\\/#article\",\"isPartOf\":{\"@id\":\"https:\\\/\\\/www.bellunopress.it\\\/2010\\\/03\\\/17\\\/via-ai-corsi-del-csv-il-27-marzo-giornata-dedicata-al-nuovo-schema-di-bilancio-e-al-laboratorio-%e2%80%9cinquaquadrati%e2%80%9d\\\/\"},\"author\":{\"name\":\"redazione\",\"@id\":\"https:\\\/\\\/www.bellunopress.it\\\/#\\\/schema\\\/person\\\/79bb06722b37ece1c03d3e94beb30d73\"},\"headline\":\"Via ai corsi del Csv: il 27 marzo giornata dedicata al nuovo schema di bilancio e al laboratorio \u201cInQuaQuadrati\u201d\",\"datePublished\":\"2010-03-17T19:22:18+00:00\",\"mainEntityOfPage\":{\"@id\":\"https:\\\/\\\/www.bellunopress.it\\\/2010\\\/03\\\/17\\\/via-ai-corsi-del-csv-il-27-marzo-giornata-dedicata-al-nuovo-schema-di-bilancio-e-al-laboratorio-%e2%80%9cinquaquadrati%e2%80%9d\\\/\"},\"wordCount\":238,\"publisher\":{\"@id\":\"https:\\\/\\\/www.bellunopress.it\\\/#organization\"},\"image\":{\"@id\":\"https:\\\/\\\/www.bellunopress.it\\\/2010\\\/03\\\/17\\\/via-ai-corsi-del-csv-il-27-marzo-giornata-dedicata-al-nuovo-schema-di-bilancio-e-al-laboratorio-%e2%80%9cinquaquadrati%e2%80%9d\\\/#primaryimage\"},\"thumbnailUrl\":\"http:\\\/\\\/www.bellunopress.it\\\/wp-content\\\/uploads\\\/2009\\\/09\\\/csv-volontariato.jpg\",\"keywords\":[\"corsi Csv Belluno\"],\"articleSection\":[\"Lavoro, Economia, Turismo\",\"Prima Pagina\"],\"inLanguage\":\"fr-FR\"},{\"@type\":\"WebPage\",\"@id\":\"https:\\\/\\\/www.bellunopress.it\\\/2010\\\/03\\\/17\\\/via-ai-corsi-del-csv-il-27-marzo-giornata-dedicata-al-nuovo-schema-di-bilancio-e-al-laboratorio-%e2%80%9cinquaquadrati%e2%80%9d\\\/\",\"url\":\"https:\\\/\\\/www.bellunopress.it\\\/2010\\\/03\\\/17\\\/via-ai-corsi-del-csv-il-27-marzo-giornata-dedicata-al-nuovo-schema-di-bilancio-e-al-laboratorio-%e2%80%9cinquaquadrati%e2%80%9d\\\/\",\"name\":\"Via ai corsi del Csv: il 27 marzo giornata dedicata al nuovo schema di bilancio e al laboratorio \u201cInQuaQuadrati\u201d - Bellunopress - Dolomiti\",\"isPartOf\":{\"@id\":\"https:\\\/\\\/www.bellunopress.it\\\/#website\"},\"primaryImageOfPage\":{\"@id\":\"https:\\\/\\\/www.bellunopress.it\\\/2010\\\/03\\\/17\\\/via-ai-corsi-del-csv-il-27-marzo-giornata-dedicata-al-nuovo-schema-di-bilancio-e-al-laboratorio-%e2%80%9cinquaquadrati%e2%80%9d\\\/#primaryimage\"},\"image\":{\"@id\":\"https:\\\/\\\/www.bellunopress.it\\\/2010\\\/03\\\/17\\\/via-ai-corsi-del-csv-il-27-marzo-giornata-dedicata-al-nuovo-schema-di-bilancio-e-al-laboratorio-%e2%80%9cinquaquadrati%e2%80%9d\\\/#primaryimage\"},\"thumbnailUrl\":\"http:\\\/\\\/www.bellunopress.it\\\/wp-content\\\/uploads\\\/2009\\\/09\\\/csv-volontariato.jpg\",\"datePublished\":\"2010-03-17T19:22:18+00:00\",\"breadcrumb\":{\"@id\":\"https:\\\/\\\/www.bellunopress.it\\\/2010\\\/03\\\/17\\\/via-ai-corsi-del-csv-il-27-marzo-giornata-dedicata-al-nuovo-schema-di-bilancio-e-al-laboratorio-%e2%80%9cinquaquadrati%e2%80%9d\\\/#breadcrumb\"},\"inLanguage\":\"fr-FR\",\"potentialAction\":[{\"@type\":\"ReadAction\",\"target\":[\"https:\\\/\\\/www.bellunopress.it\\\/2010\\\/03\\\/17\\\/via-ai-corsi-del-csv-il-27-marzo-giornata-dedicata-al-nuovo-schema-di-bilancio-e-al-laboratorio-%e2%80%9cinquaquadrati%e2%80%9d\\\/\"]}]},{\"@type\":\"ImageObject\",\"inLanguage\":\"fr-FR\",\"@id\":\"https:\\\/\\\/www.bellunopress.it\\\/2010\\\/03\\\/17\\\/via-ai-corsi-del-csv-il-27-marzo-giornata-dedicata-al-nuovo-schema-di-bilancio-e-al-laboratorio-%e2%80%9cinquaquadrati%e2%80%9d\\\/#primaryimage\",\"url\":\"http:\\\/\\\/www.bellunopress.it\\\/wp-content\\\/uploads\\\/2009\\\/09\\\/csv-volontariato.jpg\",\"contentUrl\":\"http:\\\/\\\/www.bellunopress.it\\\/wp-content\\\/uploads\\\/2009\\\/09\\\/csv-volontariato.jpg\"},{\"@type\":\"BreadcrumbList\",\"@id\":\"https:\\\/\\\/www.bellunopress.it\\\/2010\\\/03\\\/17\\\/via-ai-corsi-del-csv-il-27-marzo-giornata-dedicata-al-nuovo-schema-di-bilancio-e-al-laboratorio-%e2%80%9cinquaquadrati%e2%80%9d\\\/#breadcrumb\",\"itemListElement\":[{\"@type\":\"ListItem\",\"position\":1,\"name\":\"Home\",\"item\":\"https:\\\/\\\/www.bellunopress.it\\\/\"},{\"@type\":\"ListItem\",\"position\":2,\"name\":\"Via ai corsi del Csv: il 27 marzo giornata dedicata al nuovo schema di bilancio e al laboratorio \u201cInQuaQuadrati\u201d\"}]},{\"@type\":\"WebSite\",\"@id\":\"https:\\\/\\\/www.bellunopress.it\\\/#website\",\"url\":\"https:\\\/\\\/www.bellunopress.it\\\/\",\"name\":\"Bellunopress - Dolomiti\",\"description\":\"e-mail: redazione@bellunopress.it\",\"publisher\":{\"@id\":\"https:\\\/\\\/www.bellunopress.it\\\/#organization\"},\"potentialAction\":[{\"@type\":\"SearchAction\",\"target\":{\"@type\":\"EntryPoint\",\"urlTemplate\":\"https:\\\/\\\/www.bellunopress.it\\\/?s={search_term_string}\"},\"query-input\":{\"@type\":\"PropertyValueSpecification\",\"valueRequired\":true,\"valueName\":\"search_term_string\"}}],\"inLanguage\":\"fr-FR\"},{\"@type\":\"Organization\",\"@id\":\"https:\\\/\\\/www.bellunopress.it\\\/#organization\",\"name\":\"Bellunopress\",\"url\":\"https:\\\/\\\/www.bellunopress.it\\\/\",\"logo\":{\"@type\":\"ImageObject\",\"inLanguage\":\"fr-FR\",\"@id\":\"https:\\\/\\\/www.bellunopress.it\\\/#\\\/schema\\\/logo\\\/image\\\/\",\"url\":\"https:\\\/\\\/www.bellunopress.it\\\/wp-content\\\/uploads\\\/2011\\\/05\\\/cropped-logo-bellunopress-.jpg\",\"contentUrl\":\"https:\\\/\\\/www.bellunopress.it\\\/wp-content\\\/uploads\\\/2011\\\/05\\\/cropped-logo-bellunopress-.jpg\",\"width\":512,\"height\":512,\"caption\":\"Bellunopress\"},\"image\":{\"@id\":\"https:\\\/\\\/www.bellunopress.it\\\/#\\\/schema\\\/logo\\\/image\\\/\"},\"sameAs\":[\"https:\\\/\\\/www.facebook.com\\\/profile.php?id=100008943462799\",\"https:\\\/\\\/x.com\\\/bellunopress\",\"https:\\\/\\\/www.linkedin.com\\\/hp\\\/?dnr=JBzUWaJfMUw8vbXJJ2tVW5-I3jZKvC4wsoxE&amp;amp;amp;amp;amp;amp;trk=nav_responsive_tab_home\",\"https:\\\/\\\/www.youtube.com\\\/channel\\\/UCxL0wu1uN0_3_7hGG0306cw\"]},{\"@type\":\"Person\",\"@id\":\"https:\\\/\\\/www.bellunopress.it\\\/#\\\/schema\\\/person\\\/79bb06722b37ece1c03d3e94beb30d73\",\"name\":\"redazione\",\"image\":{\"@type\":\"ImageObject\",\"inLanguage\":\"fr-FR\",\"@id\":\"https:\\\/\\\/secure.gravatar.com\\\/avatar\\\/37d968a2e67a6fd04c169c4bdef102d0bc5d31b2546345219e348575eb80e9a0?s=96&d=mm&r=g\",\"url\":\"https:\\\/\\\/secure.gravatar.com\\\/avatar\\\/37d968a2e67a6fd04c169c4bdef102d0bc5d31b2546345219e348575eb80e9a0?s=96&d=mm&r=g\",\"contentUrl\":\"https:\\\/\\\/secure.gravatar.com\\\/avatar\\\/37d968a2e67a6fd04c169c4bdef102d0bc5d31b2546345219e348575eb80e9a0?s=96&d=mm&r=g\",\"caption\":\"redazione\"},\"sameAs\":[\"http:\\\/\\\/www.bellunopress.it\",\"https:\\\/\\\/x.com\\\/bellunopress\"],\"url\":\"https:\\\/\\\/www.bellunopress.it\\\/fr\\\/author\\\/redazione\\\/\"}]}<\/script>\n<!-- \/ Yoast SEO plugin. -->","yoast_head_json":{"title":"Via ai corsi del Csv: il 27 marzo giornata dedicata al nuovo schema di bilancio e al laboratorio \u201cInQuaQuadrati\u201d  - Bellunopress - Dolomiti","robots":{"index":"index","follow":"follow","max-snippet":"max-snippet:-1","max-image-preview":"max-image-preview:large","max-video-preview":"max-video-preview:-1"},"canonical":"https:\/\/www.bellunopress.it\/fr\/2010\/03\/17\/via-ai-corsi-del-csv-il-27-marzo-giornata-dedicata-al-nuovo-schema-di-bilancio-e-al-laboratorio-\u201cinquaquadrati\u201d\/","og_locale":"fr_FR","og_type":"article","og_title":"Via ai corsi del Csv: il 27 marzo giornata dedicata al nuovo schema di bilancio e al laboratorio \u201cInQuaQuadrati\u201d  - Bellunopress - Dolomiti","og_description":"Stanno per prendere il via tre nuovi corsi del Centro di servizio per il volontariato di Belluno, inseriti nel programma di formazione del primo semestre 2010. Sabato 27 marzo, dalle 9 alle 13,\u00a0 alla Casa del volontariato di Belluno in via del Piave 5, giornata dedicata al nuovo schema di bilancio e il software gestionale [&hellip;]","og_url":"https:\/\/www.bellunopress.it\/fr\/2010\/03\/17\/via-ai-corsi-del-csv-il-27-marzo-giornata-dedicata-al-nuovo-schema-di-bilancio-e-al-laboratorio-\u201cinquaquadrati\u201d\/","og_site_name":"Bellunopress - Dolomiti","article_publisher":"https:\/\/www.facebook.com\/profile.php?id=100008943462799","article_published_time":"2010-03-17T19:22:18+00:00","og_image":[{"url":"http:\/\/www.bellunopress.it\/wp-content\/uploads\/2009\/09\/csv-volontariato.jpg","type":"","width":"","height":""}],"author":"redazione","twitter_card":"summary_large_image","twitter_creator":"@bellunopress","twitter_site":"@bellunopress","twitter_misc":{"\u00c9crit par":"redazione","Dur\u00e9e de lecture estim\u00e9e":"1 minute"},"schema":{"@context":"https:\/\/schema.org","@graph":[{"@type":"Article","@id":"https:\/\/www.bellunopress.it\/2010\/03\/17\/via-ai-corsi-del-csv-il-27-marzo-giornata-dedicata-al-nuovo-schema-di-bilancio-e-al-laboratorio-%e2%80%9cinquaquadrati%e2%80%9d\/#article","isPartOf":{"@id":"https:\/\/www.bellunopress.it\/2010\/03\/17\/via-ai-corsi-del-csv-il-27-marzo-giornata-dedicata-al-nuovo-schema-di-bilancio-e-al-laboratorio-%e2%80%9cinquaquadrati%e2%80%9d\/"},"author":{"name":"redazione","@id":"https:\/\/www.bellunopress.it\/#\/schema\/person\/79bb06722b37ece1c03d3e94beb30d73"},"headline":"Via ai corsi del Csv: il 27 marzo giornata dedicata al nuovo schema di bilancio e al laboratorio \u201cInQuaQuadrati\u201d","datePublished":"2010-03-17T19:22:18+00:00","mainEntityOfPage":{"@id":"https:\/\/www.bellunopress.it\/2010\/03\/17\/via-ai-corsi-del-csv-il-27-marzo-giornata-dedicata-al-nuovo-schema-di-bilancio-e-al-laboratorio-%e2%80%9cinquaquadrati%e2%80%9d\/"},"wordCount":238,"publisher":{"@id":"https:\/\/www.bellunopress.it\/#organization"},"image":{"@id":"https:\/\/www.bellunopress.it\/2010\/03\/17\/via-ai-corsi-del-csv-il-27-marzo-giornata-dedicata-al-nuovo-schema-di-bilancio-e-al-laboratorio-%e2%80%9cinquaquadrati%e2%80%9d\/#primaryimage"},"thumbnailUrl":"http:\/\/www.bellunopress.it\/wp-content\/uploads\/2009\/09\/csv-volontariato.jpg","keywords":["corsi Csv Belluno"],"articleSection":["Lavoro, Economia, Turismo","Prima Pagina"],"inLanguage":"fr-FR"},{"@type":"WebPage","@id":"https:\/\/www.bellunopress.it\/2010\/03\/17\/via-ai-corsi-del-csv-il-27-marzo-giornata-dedicata-al-nuovo-schema-di-bilancio-e-al-laboratorio-%e2%80%9cinquaquadrati%e2%80%9d\/","url":"https:\/\/www.bellunopress.it\/2010\/03\/17\/via-ai-corsi-del-csv-il-27-marzo-giornata-dedicata-al-nuovo-schema-di-bilancio-e-al-laboratorio-%e2%80%9cinquaquadrati%e2%80%9d\/","name":"Via ai corsi del Csv: il 27 marzo giornata dedicata al nuovo schema di bilancio e al laboratorio \u201cInQuaQuadrati\u201d - Bellunopress - Dolomiti","isPartOf":{"@id":"https:\/\/www.bellunopress.it\/#website"},"primaryImageOfPage":{"@id":"https:\/\/www.bellunopress.it\/2010\/03\/17\/via-ai-corsi-del-csv-il-27-marzo-giornata-dedicata-al-nuovo-schema-di-bilancio-e-al-laboratorio-%e2%80%9cinquaquadrati%e2%80%9d\/#primaryimage"},"image":{"@id":"https:\/\/www.bellunopress.it\/2010\/03\/17\/via-ai-corsi-del-csv-il-27-marzo-giornata-dedicata-al-nuovo-schema-di-bilancio-e-al-laboratorio-%e2%80%9cinquaquadrati%e2%80%9d\/#primaryimage"},"thumbnailUrl":"http:\/\/www.bellunopress.it\/wp-content\/uploads\/2009\/09\/csv-volontariato.jpg","datePublished":"2010-03-17T19:22:18+00:00","breadcrumb":{"@id":"https:\/\/www.bellunopress.it\/2010\/03\/17\/via-ai-corsi-del-csv-il-27-marzo-giornata-dedicata-al-nuovo-schema-di-bilancio-e-al-laboratorio-%e2%80%9cinquaquadrati%e2%80%9d\/#breadcrumb"},"inLanguage":"fr-FR","potentialAction":[{"@type":"ReadAction","target":["https:\/\/www.bellunopress.it\/2010\/03\/17\/via-ai-corsi-del-csv-il-27-marzo-giornata-dedicata-al-nuovo-schema-di-bilancio-e-al-laboratorio-%e2%80%9cinquaquadrati%e2%80%9d\/"]}]},{"@type":"ImageObject","inLanguage":"fr-FR","@id":"https:\/\/www.bellunopress.it\/2010\/03\/17\/via-ai-corsi-del-csv-il-27-marzo-giornata-dedicata-al-nuovo-schema-di-bilancio-e-al-laboratorio-%e2%80%9cinquaquadrati%e2%80%9d\/#primaryimage","url":"http:\/\/www.bellunopress.it\/wp-content\/uploads\/2009\/09\/csv-volontariato.jpg","contentUrl":"http:\/\/www.bellunopress.it\/wp-content\/uploads\/2009\/09\/csv-volontariato.jpg"},{"@type":"BreadcrumbList","@id":"https:\/\/www.bellunopress.it\/2010\/03\/17\/via-ai-corsi-del-csv-il-27-marzo-giornata-dedicata-al-nuovo-schema-di-bilancio-e-al-laboratorio-%e2%80%9cinquaquadrati%e2%80%9d\/#breadcrumb","itemListElement":[{"@type":"ListItem","position":1,"name":"Home","item":"https:\/\/www.bellunopress.it\/"},{"@type":"ListItem","position":2,"name":"Via ai corsi del Csv: il 27 marzo giornata dedicata al nuovo schema di bilancio e al laboratorio \u201cInQuaQuadrati\u201d"}]},{"@type":"WebSite","@id":"https:\/\/www.bellunopress.it\/#website","url":"https:\/\/www.bellunopress.it\/","name":"Bellunopress - Dolomiti","description":"e-mail: redazione@bellunopress.it","publisher":{"@id":"https:\/\/www.bellunopress.it\/#organization"},"potentialAction":[{"@type":"SearchAction","target":{"@type":"EntryPoint","urlTemplate":"https:\/\/www.bellunopress.it\/?s={search_term_string}"},"query-input":{"@type":"PropertyValueSpecification","valueRequired":true,"valueName":"search_term_string"}}],"inLanguage":"fr-FR"},{"@type":"Organization","@id":"https:\/\/www.bellunopress.it\/#organization","name":"Bellunopress","url":"https:\/\/www.bellunopress.it\/","logo":{"@type":"ImageObject","inLanguage":"fr-FR","@id":"https:\/\/www.bellunopress.it\/#\/schema\/logo\/image\/","url":"https:\/\/www.bellunopress.it\/wp-content\/uploads\/2011\/05\/cropped-logo-bellunopress-.jpg","contentUrl":"https:\/\/www.bellunopress.it\/wp-content\/uploads\/2011\/05\/cropped-logo-bellunopress-.jpg","width":512,"height":512,"caption":"Bellunopress"},"image":{"@id":"https:\/\/www.bellunopress.it\/#\/schema\/logo\/image\/"},"sameAs":["https:\/\/www.facebook.com\/profile.php?id=100008943462799","https:\/\/x.com\/bellunopress","https:\/\/www.linkedin.com\/hp\/?dnr=JBzUWaJfMUw8vbXJJ2tVW5-I3jZKvC4wsoxE&amp;amp;amp;amp;amp;amp;trk=nav_responsive_tab_home","https:\/\/www.youtube.com\/channel\/UCxL0wu1uN0_3_7hGG0306cw"]},{"@type":"Person","@id":"https:\/\/www.bellunopress.it\/#\/schema\/person\/79bb06722b37ece1c03d3e94beb30d73","name":"r\u00e9daction","image":{"@type":"ImageObject","inLanguage":"fr-FR","@id":"https:\/\/secure.gravatar.com\/avatar\/37d968a2e67a6fd04c169c4bdef102d0bc5d31b2546345219e348575eb80e9a0?s=96&d=mm&r=g","url":"https:\/\/secure.gravatar.com\/avatar\/37d968a2e67a6fd04c169c4bdef102d0bc5d31b2546345219e348575eb80e9a0?s=96&d=mm&r=g","contentUrl":"https:\/\/secure.gravatar.com\/avatar\/37d968a2e67a6fd04c169c4bdef102d0bc5d31b2546345219e348575eb80e9a0?s=96&d=mm&r=g","caption":"redazione"},"sameAs":["http:\/\/www.bellunopress.it","https:\/\/x.com\/bellunopress"],"url":"https:\/\/www.bellunopress.it\/fr\/author\/redazione\/"}]}},"_links":{"self":[{"href":"https:\/\/www.bellunopress.it\/fr\/wp-json\/wp\/v2\/posts\/13592","targetHints":{"allow":["GET"]}}],"collection":[{"href":"https:\/\/www.bellunopress.it\/fr\/wp-json\/wp\/v2\/posts"}],"about":[{"href":"https:\/\/www.bellunopress.it\/fr\/wp-json\/wp\/v2\/types\/post"}],"author":[{"embeddable":true,"href":"https:\/\/www.bellunopress.it\/fr\/wp-json\/wp\/v2\/users\/2"}],"replies":[{"embeddable":true,"href":"https:\/\/www.bellunopress.it\/fr\/wp-json\/wp\/v2\/comments?post=13592"}],"version-history":[{"count":1,"href":"https:\/\/www.bellunopress.it\/fr\/wp-json\/wp\/v2\/posts\/13592\/revisions"}],"predecessor-version":[{"id":13593,"href":"https:\/\/www.bellunopress.it\/fr\/wp-json\/wp\/v2\/posts\/13592\/revisions\/13593"}],"wp:attachment":[{"href":"https:\/\/www.bellunopress.it\/fr\/wp-json\/wp\/v2\/media?parent=13592"}],"wp:term":[{"taxonomy":"category","embeddable":true,"href":"https:\/\/www.bellunopress.it\/fr\/wp-json\/wp\/v2\/categories?post=13592"},{"taxonomy":"post_tag","embeddable":true,"href":"https:\/\/www.bellunopress.it\/fr\/wp-json\/wp\/v2\/tags?post=13592"}],"curies":[{"name":"wp","href":"https:\/\/api.w.org\/{rel}","templated":true}]}}