{"id":135880,"date":"2022-08-20T14:27:51","date_gmt":"2022-08-20T12:27:51","guid":{"rendered":"https:\/\/www.bellunopress.it\/?p=135880"},"modified":"2022-08-20T14:27:51","modified_gmt":"2022-08-20T12:27:51","slug":"tornano-le-hot-rod-di-american-graffiti-a-caorle-8-10-settembre-le-auto-americane-sulla-spiaggia-di-falconera","status":"publish","type":"post","link":"https:\/\/www.bellunopress.it\/fr\/2022\/08\/20\/tornano-le-hot-rod-di-american-graffiti-a-caorle-8-10-settembre-le-auto-americane-sulla-spiaggia-di-falconera\/","title":{"rendered":"Tornano le hot rod di American Graffiti a Caorle. 8\/10 settembre le auto americane sulla spiaggia di Falconera"},"content":{"rendered":"<p><img loading=\"lazy\" decoding=\"async\" class=\"alignleft size-full wp-image-135881\" src=\"https:\/\/www.bellunopress.it\/wp-content\/uploads\/2022\/08\/Roll-n-Flat-Beach-Race-Caorle_edited.jpg\" alt=\"\" width=\"1000\" height=\"647\" srcset=\"https:\/\/www.bellunopress.it\/wp-content\/uploads\/2022\/08\/Roll-n-Flat-Beach-Race-Caorle_edited.jpg 1000w, https:\/\/www.bellunopress.it\/wp-content\/uploads\/2022\/08\/Roll-n-Flat-Beach-Race-Caorle_edited-500x324.jpg 500w, https:\/\/www.bellunopress.it\/wp-content\/uploads\/2022\/08\/Roll-n-Flat-Beach-Race-Caorle_edited-696x450.jpg 696w, https:\/\/www.bellunopress.it\/wp-content\/uploads\/2022\/08\/Roll-n-Flat-Beach-Race-Caorle_edited-649x420.jpg 649w\" sizes=\"auto, (max-width: 1000px) 100vw, 1000px\" \/>L&#8217;8, il 9 e il 10 settembre appuntamento sulla spiaggia di levante di Falconera a Caorle per l&#8217;8va edizione del raduno spettacolare <strong>Roll &#8216;n Flat \ud835\uddd5\ud835\uddf2\ud835\uddee\ud835\uddf0\ud835\uddf5 \ud835\udde5\ud835\uddee\ud835\uddf0\ud835\uddf2 <\/strong>di auto americane degli anni \u201930 e \u201940 salvate dall&#8217;ingloriosa fine dagli sfasciacarrozze, modificate nella meccanica e nell\u2019estetica. Le cosiddette hot rod, ritenute vere e proprie opere d\u2019arte moderna faranno rivivere quell&#8217;atmosfera del passato, immersi nella\u00a0scenografia dei film Happy days e American Graffiti.<\/p>\n<div class=\"youtube-embed\" data-video_id=\"dIw2RgDPds0\"><iframe loading=\"lazy\" title=\"Roll \u2018n Flat Beach Race 2019\" width=\"696\" height=\"392\" src=\"https:\/\/www.youtube.com\/embed\/dIw2RgDPds0?feature=oembed&#038;enablejsapi=1\" frameborder=\"0\" allow=\"accelerometer; autoplay; clipboard-write; encrypted-media; gyroscope; picture-in-picture\" allowfullscreen><\/iframe><\/div>\n<p><strong>Ecco il programma provvisorio della manifestazione<\/strong><\/p>\n<p>Gioved\u00ec 8 settembre dalle 17:00 le auto saranno in giro alla scoperta di Caorle;<\/p>\n<p>Venerd\u00ec 9 settembre spiaggia di Falconera ore 10:00 apertura Roll &#8216;n Flat Beach Camp, con musica, bevande, camioncini, stand;<\/p>\n<p>alle 19:00 DJ set DJ Vipera<\/p>\n<p>alle 21:00 Burlesque Mostra Miss Spicy Ginger &amp; Danger Ariel e musica dal vivo Ub Dolls;<\/p>\n<p>Sabato 10 settembre giornata di corsa in spiaggia<\/p>\n<p>alle 8:30 Inaugurazione del Roll &#8216;n Flat Beach Camp (musica &#8211; bevande, camioncini, stand)<\/p>\n<p>alle 10:00 inizio delle corse in spiaggia;<\/p>\n<p>ore 13:00 pausa corsa e alle 14:30 ripartenza<\/p>\n<p>alle 19:00 DJ set DJ Vipera<\/p>\n<p>alle 20:00 Premiazione dei vincitori della gara, auto e bici<\/p>\n<p>alle 21:00 spettacolo Burlesque Mostra Miss Spicy Ginger &amp; Danger Ariel e musica dal vivo con Armada rosa<\/p>","protected":false},"excerpt":{"rendered":"<p>L&#8217;8, il 9 e il 10 settembre appuntamento sulla spiaggia di levante di Falconera a Caorle per l&#8217;8va edizione del raduno spettacolare Roll &#8216;n Flat \ud835\uddd5\ud835\uddf2\ud835\uddee\ud835\uddf0\ud835\uddf5 \ud835\udde5\ud835\uddee\ud835\uddf0\ud835\uddf2 di auto americane degli anni \u201930 e \u201940 salvate dall&#8217;ingloriosa fine dagli sfasciacarrozze, modificate nella meccanica e nell\u2019estetica. Le cosiddette hot rod, ritenute vere e proprie opere d\u2019arte [&hellip;]<\/p>\n","protected":false},"author":2,"featured_media":135881,"comment_status":"closed","ping_status":"open","sticky":false,"template":"","format":"standard","meta":{"footnotes":""},"categories":[3394,3446,25],"tags":[3530,3531,3529,3528],"class_list":["post-135880","post","type-post","status-publish","format-standard","has-post-thumbnail","category-cultura-e-spettacoli-fuori-provincia","category-featured","category-pausa-caffe","tag-caorle","tag-falconera","tag-hot-rod","tag-roll-n-flat--"],"yoast_head":"<!-- This site is optimized with the Yoast SEO plugin v28.4 - https:\/\/yoast.com\/product\/yoast-seo-wordpress\/ -->\n<title>Tornano le hot rod di American Graffiti a Caorle. 8\/10 settembre le auto americane sulla spiaggia di Falconera - Bellunopress - Dolomiti<\/title>\n<meta name=\"robots\" content=\"index, follow, max-snippet:-1, max-image-preview:large, max-video-preview:-1\" \/>\n<link rel=\"canonical\" href=\"https:\/\/www.bellunopress.it\/fr\/2022\/08\/20\/tornano-le-hot-rod-di-american-graffiti-a-caorle-8-10-settembre-le-auto-americane-sulla-spiaggia-di-falconera\/\" \/>\n<meta property=\"og:locale\" content=\"fr_FR\" \/>\n<meta property=\"og:type\" content=\"article\" \/>\n<meta property=\"og:title\" content=\"Tornano le hot rod di American Graffiti a Caorle. 8\/10 settembre le auto americane sulla spiaggia di Falconera - Bellunopress - Dolomiti\" \/>\n<meta property=\"og:description\" content=\"L&#8217;8, il 9 e il 10 settembre appuntamento sulla spiaggia di levante di Falconera a Caorle per l&#8217;8va edizione del raduno spettacolare Roll &#8216;n Flat \ud835\uddd5\ud835\uddf2\ud835\uddee\ud835\uddf0\ud835\uddf5 \ud835\udde5\ud835\uddee\ud835\uddf0\ud835\uddf2 di auto americane degli anni \u201930 e \u201940 salvate dall&#8217;ingloriosa fine dagli sfasciacarrozze, modificate nella meccanica e nell\u2019estetica. Le cosiddette hot rod, ritenute vere e proprie opere d\u2019arte [&hellip;]\" \/>\n<meta property=\"og:url\" content=\"https:\/\/www.bellunopress.it\/fr\/2022\/08\/20\/tornano-le-hot-rod-di-american-graffiti-a-caorle-8-10-settembre-le-auto-americane-sulla-spiaggia-di-falconera\/\" \/>\n<meta property=\"og:site_name\" content=\"Bellunopress - Dolomiti\" \/>\n<meta property=\"article:publisher\" content=\"https:\/\/www.facebook.com\/profile.php?id=100008943462799\" \/>\n<meta property=\"article:published_time\" content=\"2022-08-20T12:27:51+00:00\" \/>\n<meta property=\"og:image\" content=\"https:\/\/www.bellunopress.it\/wp-content\/uploads\/2022\/08\/Roll-n-Flat-Beach-Race-Caorle_edited.jpg\" \/>\n\t<meta property=\"og:image:width\" content=\"1000\" \/>\n\t<meta property=\"og:image:height\" content=\"647\" \/>\n\t<meta property=\"og:image:type\" content=\"image\/jpeg\" \/>\n<meta name=\"author\" content=\"redazione\" \/>\n<meta name=\"twitter:card\" content=\"summary_large_image\" \/>\n<meta name=\"twitter:creator\" content=\"@bellunopress\" \/>\n<meta name=\"twitter:site\" content=\"@bellunopress\" \/>\n<meta name=\"twitter:label1\" content=\"\u00c9crit par\" \/>\n\t<meta name=\"twitter:data1\" content=\"redazione\" \/>\n\t<meta name=\"twitter:label2\" content=\"Dur\u00e9e de lecture estim\u00e9e\" \/>\n\t<meta name=\"twitter:data2\" content=\"2 minutes\" \/>\n<script type=\"application\/ld+json\" class=\"yoast-schema-graph\">{\"@context\":\"https:\\\/\\\/schema.org\",\"@graph\":[{\"@type\":\"Article\",\"@id\":\"https:\\\/\\\/www.bellunopress.it\\\/2022\\\/08\\\/20\\\/tornano-le-hot-rod-di-american-graffiti-a-caorle-8-10-settembre-le-auto-americane-sulla-spiaggia-di-falconera\\\/#article\",\"isPartOf\":{\"@id\":\"https:\\\/\\\/www.bellunopress.it\\\/2022\\\/08\\\/20\\\/tornano-le-hot-rod-di-american-graffiti-a-caorle-8-10-settembre-le-auto-americane-sulla-spiaggia-di-falconera\\\/\"},\"author\":{\"name\":\"redazione\",\"@id\":\"https:\\\/\\\/www.bellunopress.it\\\/#\\\/schema\\\/person\\\/79bb06722b37ece1c03d3e94beb30d73\"},\"headline\":\"Tornano le hot rod di American Graffiti a Caorle. 8\\\/10 settembre le auto americane sulla spiaggia di Falconera\",\"datePublished\":\"2022-08-20T12:27:51+00:00\",\"mainEntityOfPage\":{\"@id\":\"https:\\\/\\\/www.bellunopress.it\\\/2022\\\/08\\\/20\\\/tornano-le-hot-rod-di-american-graffiti-a-caorle-8-10-settembre-le-auto-americane-sulla-spiaggia-di-falconera\\\/\"},\"wordCount\":213,\"publisher\":{\"@id\":\"https:\\\/\\\/www.bellunopress.it\\\/#organization\"},\"image\":{\"@id\":\"https:\\\/\\\/www.bellunopress.it\\\/2022\\\/08\\\/20\\\/tornano-le-hot-rod-di-american-graffiti-a-caorle-8-10-settembre-le-auto-americane-sulla-spiaggia-di-falconera\\\/#primaryimage\"},\"thumbnailUrl\":\"https:\\\/\\\/www.bellunopress.it\\\/wp-content\\\/uploads\\\/2022\\\/08\\\/Roll-n-Flat-Beach-Race-Caorle_edited.jpg\",\"keywords\":[\"Caorle\",\"Falconera\",\"hot rod\",\"Roll 'n Flat \ud835\uddd5\ud835\uddf2\ud835\uddee\ud835\uddf0\ud835\uddf5 \ud835\udde5\ud835\uddee\ud835\uddf0\ud835\uddf2\"],\"articleSection\":[\"Cultura e spettacoli, tempo libero, benessere, fuori provincia\",\"Featured\",\"Pausa Caff\u00e8\"],\"inLanguage\":\"fr-FR\"},{\"@type\":\"WebPage\",\"@id\":\"https:\\\/\\\/www.bellunopress.it\\\/2022\\\/08\\\/20\\\/tornano-le-hot-rod-di-american-graffiti-a-caorle-8-10-settembre-le-auto-americane-sulla-spiaggia-di-falconera\\\/\",\"url\":\"https:\\\/\\\/www.bellunopress.it\\\/2022\\\/08\\\/20\\\/tornano-le-hot-rod-di-american-graffiti-a-caorle-8-10-settembre-le-auto-americane-sulla-spiaggia-di-falconera\\\/\",\"name\":\"Tornano le hot rod di American Graffiti a Caorle. 8\\\/10 settembre le auto americane sulla spiaggia di Falconera - Bellunopress - Dolomiti\",\"isPartOf\":{\"@id\":\"https:\\\/\\\/www.bellunopress.it\\\/#website\"},\"primaryImageOfPage\":{\"@id\":\"https:\\\/\\\/www.bellunopress.it\\\/2022\\\/08\\\/20\\\/tornano-le-hot-rod-di-american-graffiti-a-caorle-8-10-settembre-le-auto-americane-sulla-spiaggia-di-falconera\\\/#primaryimage\"},\"image\":{\"@id\":\"https:\\\/\\\/www.bellunopress.it\\\/2022\\\/08\\\/20\\\/tornano-le-hot-rod-di-american-graffiti-a-caorle-8-10-settembre-le-auto-americane-sulla-spiaggia-di-falconera\\\/#primaryimage\"},\"thumbnailUrl\":\"https:\\\/\\\/www.bellunopress.it\\\/wp-content\\\/uploads\\\/2022\\\/08\\\/Roll-n-Flat-Beach-Race-Caorle_edited.jpg\",\"datePublished\":\"2022-08-20T12:27:51+00:00\",\"breadcrumb\":{\"@id\":\"https:\\\/\\\/www.bellunopress.it\\\/2022\\\/08\\\/20\\\/tornano-le-hot-rod-di-american-graffiti-a-caorle-8-10-settembre-le-auto-americane-sulla-spiaggia-di-falconera\\\/#breadcrumb\"},\"inLanguage\":\"fr-FR\",\"potentialAction\":[{\"@type\":\"ReadAction\",\"target\":[\"https:\\\/\\\/www.bellunopress.it\\\/2022\\\/08\\\/20\\\/tornano-le-hot-rod-di-american-graffiti-a-caorle-8-10-settembre-le-auto-americane-sulla-spiaggia-di-falconera\\\/\"]}]},{\"@type\":\"ImageObject\",\"inLanguage\":\"fr-FR\",\"@id\":\"https:\\\/\\\/www.bellunopress.it\\\/2022\\\/08\\\/20\\\/tornano-le-hot-rod-di-american-graffiti-a-caorle-8-10-settembre-le-auto-americane-sulla-spiaggia-di-falconera\\\/#primaryimage\",\"url\":\"https:\\\/\\\/www.bellunopress.it\\\/wp-content\\\/uploads\\\/2022\\\/08\\\/Roll-n-Flat-Beach-Race-Caorle_edited.jpg\",\"contentUrl\":\"https:\\\/\\\/www.bellunopress.it\\\/wp-content\\\/uploads\\\/2022\\\/08\\\/Roll-n-Flat-Beach-Race-Caorle_edited.jpg\",\"width\":1000,\"height\":647},{\"@type\":\"BreadcrumbList\",\"@id\":\"https:\\\/\\\/www.bellunopress.it\\\/2022\\\/08\\\/20\\\/tornano-le-hot-rod-di-american-graffiti-a-caorle-8-10-settembre-le-auto-americane-sulla-spiaggia-di-falconera\\\/#breadcrumb\",\"itemListElement\":[{\"@type\":\"ListItem\",\"position\":1,\"name\":\"Home\",\"item\":\"https:\\\/\\\/www.bellunopress.it\\\/\"},{\"@type\":\"ListItem\",\"position\":2,\"name\":\"Tornano le hot rod di American Graffiti a Caorle. 8\\\/10 settembre le auto americane sulla spiaggia di Falconera\"}]},{\"@type\":\"WebSite\",\"@id\":\"https:\\\/\\\/www.bellunopress.it\\\/#website\",\"url\":\"https:\\\/\\\/www.bellunopress.it\\\/\",\"name\":\"Bellunopress - Dolomiti\",\"description\":\"e-mail: redazione@bellunopress.it\",\"publisher\":{\"@id\":\"https:\\\/\\\/www.bellunopress.it\\\/#organization\"},\"potentialAction\":[{\"@type\":\"SearchAction\",\"target\":{\"@type\":\"EntryPoint\",\"urlTemplate\":\"https:\\\/\\\/www.bellunopress.it\\\/?s={search_term_string}\"},\"query-input\":{\"@type\":\"PropertyValueSpecification\",\"valueRequired\":true,\"valueName\":\"search_term_string\"}}],\"inLanguage\":\"fr-FR\"},{\"@type\":\"Organization\",\"@id\":\"https:\\\/\\\/www.bellunopress.it\\\/#organization\",\"name\":\"Bellunopress\",\"url\":\"https:\\\/\\\/www.bellunopress.it\\\/\",\"logo\":{\"@type\":\"ImageObject\",\"inLanguage\":\"fr-FR\",\"@id\":\"https:\\\/\\\/www.bellunopress.it\\\/#\\\/schema\\\/logo\\\/image\\\/\",\"url\":\"https:\\\/\\\/www.bellunopress.it\\\/wp-content\\\/uploads\\\/2011\\\/05\\\/cropped-logo-bellunopress-.jpg\",\"contentUrl\":\"https:\\\/\\\/www.bellunopress.it\\\/wp-content\\\/uploads\\\/2011\\\/05\\\/cropped-logo-bellunopress-.jpg\",\"width\":512,\"height\":512,\"caption\":\"Bellunopress\"},\"image\":{\"@id\":\"https:\\\/\\\/www.bellunopress.it\\\/#\\\/schema\\\/logo\\\/image\\\/\"},\"sameAs\":[\"https:\\\/\\\/www.facebook.com\\\/profile.php?id=100008943462799\",\"https:\\\/\\\/x.com\\\/bellunopress\",\"https:\\\/\\\/www.linkedin.com\\\/hp\\\/?dnr=JBzUWaJfMUw8vbXJJ2tVW5-I3jZKvC4wsoxE&amp;amp;amp;amp;amp;amp;trk=nav_responsive_tab_home\",\"https:\\\/\\\/www.youtube.com\\\/channel\\\/UCxL0wu1uN0_3_7hGG0306cw\"]},{\"@type\":\"Person\",\"@id\":\"https:\\\/\\\/www.bellunopress.it\\\/#\\\/schema\\\/person\\\/79bb06722b37ece1c03d3e94beb30d73\",\"name\":\"redazione\",\"image\":{\"@type\":\"ImageObject\",\"inLanguage\":\"fr-FR\",\"@id\":\"https:\\\/\\\/secure.gravatar.com\\\/avatar\\\/37d968a2e67a6fd04c169c4bdef102d0bc5d31b2546345219e348575eb80e9a0?s=96&d=mm&r=g\",\"url\":\"https:\\\/\\\/secure.gravatar.com\\\/avatar\\\/37d968a2e67a6fd04c169c4bdef102d0bc5d31b2546345219e348575eb80e9a0?s=96&d=mm&r=g\",\"contentUrl\":\"https:\\\/\\\/secure.gravatar.com\\\/avatar\\\/37d968a2e67a6fd04c169c4bdef102d0bc5d31b2546345219e348575eb80e9a0?s=96&d=mm&r=g\",\"caption\":\"redazione\"},\"sameAs\":[\"http:\\\/\\\/www.bellunopress.it\",\"https:\\\/\\\/x.com\\\/bellunopress\"],\"url\":\"https:\\\/\\\/www.bellunopress.it\\\/fr\\\/author\\\/redazione\\\/\"}]}<\/script>\n<!-- \/ Yoast SEO plugin. -->","yoast_head_json":{"title":"Tornano le hot rod di American Graffiti a Caorle. 8\/10 settembre le auto americane sulla spiaggia di Falconera - Bellunopress - Dolomiti","robots":{"index":"index","follow":"follow","max-snippet":"max-snippet:-1","max-image-preview":"max-image-preview:large","max-video-preview":"max-video-preview:-1"},"canonical":"https:\/\/www.bellunopress.it\/fr\/2022\/08\/20\/tornano-le-hot-rod-di-american-graffiti-a-caorle-8-10-settembre-le-auto-americane-sulla-spiaggia-di-falconera\/","og_locale":"fr_FR","og_type":"article","og_title":"Tornano le hot rod di American Graffiti a Caorle. 8\/10 settembre le auto americane sulla spiaggia di Falconera - Bellunopress - Dolomiti","og_description":"L&#8217;8, il 9 e il 10 settembre appuntamento sulla spiaggia di levante di Falconera a Caorle per l&#8217;8va edizione del raduno spettacolare Roll &#8216;n Flat \ud835\uddd5\ud835\uddf2\ud835\uddee\ud835\uddf0\ud835\uddf5 \ud835\udde5\ud835\uddee\ud835\uddf0\ud835\uddf2 di auto americane degli anni \u201930 e \u201940 salvate dall&#8217;ingloriosa fine dagli sfasciacarrozze, modificate nella meccanica e nell\u2019estetica. Le cosiddette hot rod, ritenute vere e proprie opere d\u2019arte [&hellip;]","og_url":"https:\/\/www.bellunopress.it\/fr\/2022\/08\/20\/tornano-le-hot-rod-di-american-graffiti-a-caorle-8-10-settembre-le-auto-americane-sulla-spiaggia-di-falconera\/","og_site_name":"Bellunopress - Dolomiti","article_publisher":"https:\/\/www.facebook.com\/profile.php?id=100008943462799","article_published_time":"2022-08-20T12:27:51+00:00","og_image":[{"width":1000,"height":647,"url":"https:\/\/www.bellunopress.it\/wp-content\/uploads\/2022\/08\/Roll-n-Flat-Beach-Race-Caorle_edited.jpg","type":"image\/jpeg"}],"author":"redazione","twitter_card":"summary_large_image","twitter_creator":"@bellunopress","twitter_site":"@bellunopress","twitter_misc":{"\u00c9crit par":"redazione","Dur\u00e9e de lecture estim\u00e9e":"2 minutes"},"schema":{"@context":"https:\/\/schema.org","@graph":[{"@type":"Article","@id":"https:\/\/www.bellunopress.it\/2022\/08\/20\/tornano-le-hot-rod-di-american-graffiti-a-caorle-8-10-settembre-le-auto-americane-sulla-spiaggia-di-falconera\/#article","isPartOf":{"@id":"https:\/\/www.bellunopress.it\/2022\/08\/20\/tornano-le-hot-rod-di-american-graffiti-a-caorle-8-10-settembre-le-auto-americane-sulla-spiaggia-di-falconera\/"},"author":{"name":"redazione","@id":"https:\/\/www.bellunopress.it\/#\/schema\/person\/79bb06722b37ece1c03d3e94beb30d73"},"headline":"Tornano le hot rod di American Graffiti a Caorle. 8\/10 settembre le auto americane sulla spiaggia di Falconera","datePublished":"2022-08-20T12:27:51+00:00","mainEntityOfPage":{"@id":"https:\/\/www.bellunopress.it\/2022\/08\/20\/tornano-le-hot-rod-di-american-graffiti-a-caorle-8-10-settembre-le-auto-americane-sulla-spiaggia-di-falconera\/"},"wordCount":213,"publisher":{"@id":"https:\/\/www.bellunopress.it\/#organization"},"image":{"@id":"https:\/\/www.bellunopress.it\/2022\/08\/20\/tornano-le-hot-rod-di-american-graffiti-a-caorle-8-10-settembre-le-auto-americane-sulla-spiaggia-di-falconera\/#primaryimage"},"thumbnailUrl":"https:\/\/www.bellunopress.it\/wp-content\/uploads\/2022\/08\/Roll-n-Flat-Beach-Race-Caorle_edited.jpg","keywords":["Caorle","Falconera","hot rod","Roll 'n Flat \ud835\uddd5\ud835\uddf2\ud835\uddee\ud835\uddf0\ud835\uddf5 \ud835\udde5\ud835\uddee\ud835\uddf0\ud835\uddf2"],"articleSection":["Cultura e spettacoli, tempo libero, benessere, fuori provincia","Featured","Pausa Caff\u00e8"],"inLanguage":"fr-FR"},{"@type":"WebPage","@id":"https:\/\/www.bellunopress.it\/2022\/08\/20\/tornano-le-hot-rod-di-american-graffiti-a-caorle-8-10-settembre-le-auto-americane-sulla-spiaggia-di-falconera\/","url":"https:\/\/www.bellunopress.it\/2022\/08\/20\/tornano-le-hot-rod-di-american-graffiti-a-caorle-8-10-settembre-le-auto-americane-sulla-spiaggia-di-falconera\/","name":"Tornano le hot rod di American Graffiti a Caorle. 8\/10 settembre le auto americane sulla spiaggia di Falconera - Bellunopress - Dolomiti","isPartOf":{"@id":"https:\/\/www.bellunopress.it\/#website"},"primaryImageOfPage":{"@id":"https:\/\/www.bellunopress.it\/2022\/08\/20\/tornano-le-hot-rod-di-american-graffiti-a-caorle-8-10-settembre-le-auto-americane-sulla-spiaggia-di-falconera\/#primaryimage"},"image":{"@id":"https:\/\/www.bellunopress.it\/2022\/08\/20\/tornano-le-hot-rod-di-american-graffiti-a-caorle-8-10-settembre-le-auto-americane-sulla-spiaggia-di-falconera\/#primaryimage"},"thumbnailUrl":"https:\/\/www.bellunopress.it\/wp-content\/uploads\/2022\/08\/Roll-n-Flat-Beach-Race-Caorle_edited.jpg","datePublished":"2022-08-20T12:27:51+00:00","breadcrumb":{"@id":"https:\/\/www.bellunopress.it\/2022\/08\/20\/tornano-le-hot-rod-di-american-graffiti-a-caorle-8-10-settembre-le-auto-americane-sulla-spiaggia-di-falconera\/#breadcrumb"},"inLanguage":"fr-FR","potentialAction":[{"@type":"ReadAction","target":["https:\/\/www.bellunopress.it\/2022\/08\/20\/tornano-le-hot-rod-di-american-graffiti-a-caorle-8-10-settembre-le-auto-americane-sulla-spiaggia-di-falconera\/"]}]},{"@type":"ImageObject","inLanguage":"fr-FR","@id":"https:\/\/www.bellunopress.it\/2022\/08\/20\/tornano-le-hot-rod-di-american-graffiti-a-caorle-8-10-settembre-le-auto-americane-sulla-spiaggia-di-falconera\/#primaryimage","url":"https:\/\/www.bellunopress.it\/wp-content\/uploads\/2022\/08\/Roll-n-Flat-Beach-Race-Caorle_edited.jpg","contentUrl":"https:\/\/www.bellunopress.it\/wp-content\/uploads\/2022\/08\/Roll-n-Flat-Beach-Race-Caorle_edited.jpg","width":1000,"height":647},{"@type":"BreadcrumbList","@id":"https:\/\/www.bellunopress.it\/2022\/08\/20\/tornano-le-hot-rod-di-american-graffiti-a-caorle-8-10-settembre-le-auto-americane-sulla-spiaggia-di-falconera\/#breadcrumb","itemListElement":[{"@type":"ListItem","position":1,"name":"Home","item":"https:\/\/www.bellunopress.it\/"},{"@type":"ListItem","position":2,"name":"Tornano le hot rod di American Graffiti a Caorle. 8\/10 settembre le auto americane sulla spiaggia di Falconera"}]},{"@type":"WebSite","@id":"https:\/\/www.bellunopress.it\/#website","url":"https:\/\/www.bellunopress.it\/","name":"Bellunopress - Dolomiti","description":"e-mail: redazione@bellunopress.it","publisher":{"@id":"https:\/\/www.bellunopress.it\/#organization"},"potentialAction":[{"@type":"SearchAction","target":{"@type":"EntryPoint","urlTemplate":"https:\/\/www.bellunopress.it\/?s={search_term_string}"},"query-input":{"@type":"PropertyValueSpecification","valueRequired":true,"valueName":"search_term_string"}}],"inLanguage":"fr-FR"},{"@type":"Organization","@id":"https:\/\/www.bellunopress.it\/#organization","name":"Bellunopress","url":"https:\/\/www.bellunopress.it\/","logo":{"@type":"ImageObject","inLanguage":"fr-FR","@id":"https:\/\/www.bellunopress.it\/#\/schema\/logo\/image\/","url":"https:\/\/www.bellunopress.it\/wp-content\/uploads\/2011\/05\/cropped-logo-bellunopress-.jpg","contentUrl":"https:\/\/www.bellunopress.it\/wp-content\/uploads\/2011\/05\/cropped-logo-bellunopress-.jpg","width":512,"height":512,"caption":"Bellunopress"},"image":{"@id":"https:\/\/www.bellunopress.it\/#\/schema\/logo\/image\/"},"sameAs":["https:\/\/www.facebook.com\/profile.php?id=100008943462799","https:\/\/x.com\/bellunopress","https:\/\/www.linkedin.com\/hp\/?dnr=JBzUWaJfMUw8vbXJJ2tVW5-I3jZKvC4wsoxE&amp;amp;amp;amp;amp;amp;trk=nav_responsive_tab_home","https:\/\/www.youtube.com\/channel\/UCxL0wu1uN0_3_7hGG0306cw"]},{"@type":"Person","@id":"https:\/\/www.bellunopress.it\/#\/schema\/person\/79bb06722b37ece1c03d3e94beb30d73","name":"r\u00e9daction","image":{"@type":"ImageObject","inLanguage":"fr-FR","@id":"https:\/\/secure.gravatar.com\/avatar\/37d968a2e67a6fd04c169c4bdef102d0bc5d31b2546345219e348575eb80e9a0?s=96&d=mm&r=g","url":"https:\/\/secure.gravatar.com\/avatar\/37d968a2e67a6fd04c169c4bdef102d0bc5d31b2546345219e348575eb80e9a0?s=96&d=mm&r=g","contentUrl":"https:\/\/secure.gravatar.com\/avatar\/37d968a2e67a6fd04c169c4bdef102d0bc5d31b2546345219e348575eb80e9a0?s=96&d=mm&r=g","caption":"redazione"},"sameAs":["http:\/\/www.bellunopress.it","https:\/\/x.com\/bellunopress"],"url":"https:\/\/www.bellunopress.it\/fr\/author\/redazione\/"}]}},"_links":{"self":[{"href":"https:\/\/www.bellunopress.it\/fr\/wp-json\/wp\/v2\/posts\/135880","targetHints":{"allow":["GET"]}}],"collection":[{"href":"https:\/\/www.bellunopress.it\/fr\/wp-json\/wp\/v2\/posts"}],"about":[{"href":"https:\/\/www.bellunopress.it\/fr\/wp-json\/wp\/v2\/types\/post"}],"author":[{"embeddable":true,"href":"https:\/\/www.bellunopress.it\/fr\/wp-json\/wp\/v2\/users\/2"}],"replies":[{"embeddable":true,"href":"https:\/\/www.bellunopress.it\/fr\/wp-json\/wp\/v2\/comments?post=135880"}],"version-history":[{"count":1,"href":"https:\/\/www.bellunopress.it\/fr\/wp-json\/wp\/v2\/posts\/135880\/revisions"}],"predecessor-version":[{"id":135882,"href":"https:\/\/www.bellunopress.it\/fr\/wp-json\/wp\/v2\/posts\/135880\/revisions\/135882"}],"wp:featuredmedia":[{"embeddable":true,"href":"https:\/\/www.bellunopress.it\/fr\/wp-json\/wp\/v2\/media\/135881"}],"wp:attachment":[{"href":"https:\/\/www.bellunopress.it\/fr\/wp-json\/wp\/v2\/media?parent=135880"}],"wp:term":[{"taxonomy":"category","embeddable":true,"href":"https:\/\/www.bellunopress.it\/fr\/wp-json\/wp\/v2\/categories?post=135880"},{"taxonomy":"post_tag","embeddable":true,"href":"https:\/\/www.bellunopress.it\/fr\/wp-json\/wp\/v2\/tags?post=135880"}],"curies":[{"name":"wp","href":"https:\/\/api.w.org\/{rel}","templated":true}]}}