{"id":135878,"date":"2022-08-20T10:51:32","date_gmt":"2022-08-20T08:51:32","guid":{"rendered":"https:\/\/www.bellunopress.it\/?p=135878"},"modified":"2022-08-20T10:51:32","modified_gmt":"2022-08-20T08:51:32","slug":"ssd-dolomiti-bellunesi-calcio-ecco-il-girone-e-il-calendario-esordio-interno-col-villafranca","status":"publish","type":"post","link":"https:\/\/www.bellunopress.it\/fr\/2022\/08\/20\/ssd-dolomiti-bellunesi-calcio-ecco-il-girone-e-il-calendario-esordio-interno-col-villafranca\/","title":{"rendered":"SSD Dolomiti Bellunesi calcio, ecco il girone e il calendario: esordio interno col Villafranca"},"content":{"rendered":"<p><img loading=\"lazy\" decoding=\"async\" class=\"alignleft size-full wp-image-132468\" src=\"https:\/\/www.bellunopress.it\/wp-content\/uploads\/2022\/04\/Dolomiti-Bellunesi-calcio_edited.jpg\" alt=\"\" width=\"1000\" height=\"668\" srcset=\"https:\/\/www.bellunopress.it\/wp-content\/uploads\/2022\/04\/Dolomiti-Bellunesi-calcio_edited.jpg 1000w, https:\/\/www.bellunopress.it\/wp-content\/uploads\/2022\/04\/Dolomiti-Bellunesi-calcio_edited-500x334.jpg 500w, https:\/\/www.bellunopress.it\/wp-content\/uploads\/2022\/04\/Dolomiti-Bellunesi-calcio_edited-696x465.jpg 696w, https:\/\/www.bellunopress.it\/wp-content\/uploads\/2022\/04\/Dolomiti-Bellunesi-calcio_edited-629x420.jpg 629w\" sizes=\"auto, (max-width: 1000px) 100vw, 1000px\" \/>Gironi e calendari di serie D sono nero su bianco: a dare l&#8217;ufficialit\u00e0 ha pensato il Dipartimento Interregionale della Lega Nazionale Dilettanti.<\/p>\n<p>Anche in questa annata, la SSD Dolomiti Bellunesi \u00e8 stata inserita nel raggruppamento associato alla lettera C. E arricchito da 18 squadre: oltre al gruppo di mister Brando, spiccano una rodigina (Adriese), una trevigiana (Montebelluna), tre veronesi (Caldiero Terme, Legnago Salus, Villafranca), tre padovane (Campodarsego, Este, Luparense), tre veneziane (Mestre, Portogruaro, Union Clodiense), due vicentine (Cartigliano, Montecchio Maggiore), due friulane (Cjarlins Muzane, Torviscosa) e due formazioni del Trentino Alto Adige (Levico Terme e Virtus Bolzano). L&#8217;esordio in campionato \u00e8 fissato domenica 4 settembre, quando i dolomitici riceveranno tra le mura amiche il Villafranca, fresco di promozione dall&#8217;Eccellenza, mentre la prima trasferta \u00e8 nella tana dell&#8217;Adriese.<\/p>\n<p>In merito alle soste, saranno tre: il 25 dicembre e 1 gennaio per le festivit\u00e0 natalizie e il 12 marzo 2023 per gli impegni della Rappresentativa di serie D alla prossima Viareggio Cup. Due, invece, i turni infrasettimanali: il 21 dicembre e il 6 aprile. E gli orari? Dal 4 settembre si giocher\u00e0 alle 15, per passare alle 14.30 il 30 ottobre. Si torna alle 15 dal 26 marzo, mentre dal 14 maggio il fischio d&#8217;inizio \u00e8 previsto per le 16.<\/p>\n<p>\u00abIl girone \u00e8 molto stimolante &#8211; commenta il direttore generale, Luca Piazzi &#8211; con cinque squadre forti, di prima fascia, e altre cinque che possono diventare delle sorprese. Nel primo lotto vedo Adriese, Cjarlins Muzane, Clodiense, Legnago e Luparense; nel secondo, Caldiero, Campodarsego, Este, Mestre e Montebelluna. Insomma, il livello medio del campionato \u00e8 piuttosto elevato. Ma dobbiamo concentrarci su noi stessi, cercando di migliorare di partita in partita e di acquisire una mentalit\u00e0 vincente\u00bb.<\/p>","protected":false},"excerpt":{"rendered":"<p>Gironi e calendari di serie D sono nero su bianco: a dare l&#8217;ufficialit\u00e0 ha pensato il Dipartimento Interregionale della Lega Nazionale Dilettanti. Anche in questa annata, la SSD Dolomiti Bellunesi \u00e8 stata inserita nel raggruppamento associato alla lettera C. E arricchito da 18 squadre: oltre al gruppo di mister Brando, spiccano una rodigina (Adriese), una [&hellip;]<\/p>\n","protected":false},"author":2,"featured_media":132468,"comment_status":"closed","ping_status":"open","sticky":false,"template":"","format":"standard","meta":{"footnotes":""},"categories":[26,4],"tags":[],"class_list":["post-135878","post","type-post","status-publish","format-standard","has-post-thumbnail","category-prima-pagina","category-sport"],"yoast_head":"<!-- This site is optimized with the Yoast SEO plugin v28.4 - https:\/\/yoast.com\/product\/yoast-seo-wordpress\/ -->\n<title>SSD Dolomiti Bellunesi calcio, ecco il girone e il calendario: esordio interno col Villafranca - Bellunopress - Dolomiti<\/title>\n<meta name=\"robots\" content=\"index, follow, max-snippet:-1, max-image-preview:large, max-video-preview:-1\" \/>\n<link rel=\"canonical\" href=\"https:\/\/www.bellunopress.it\/fr\/2022\/08\/20\/ssd-dolomiti-bellunesi-calcio-ecco-il-girone-e-il-calendario-esordio-interno-col-villafranca\/\" \/>\n<meta property=\"og:locale\" content=\"fr_FR\" \/>\n<meta property=\"og:type\" content=\"article\" \/>\n<meta property=\"og:title\" content=\"SSD Dolomiti Bellunesi calcio, ecco il girone e il calendario: esordio interno col Villafranca - Bellunopress - Dolomiti\" \/>\n<meta property=\"og:description\" content=\"Gironi e calendari di serie D sono nero su bianco: a dare l&#8217;ufficialit\u00e0 ha pensato il Dipartimento Interregionale della Lega Nazionale Dilettanti. Anche in questa annata, la SSD Dolomiti Bellunesi \u00e8 stata inserita nel raggruppamento associato alla lettera C. E arricchito da 18 squadre: oltre al gruppo di mister Brando, spiccano una rodigina (Adriese), una [&hellip;]\" \/>\n<meta property=\"og:url\" content=\"https:\/\/www.bellunopress.it\/fr\/2022\/08\/20\/ssd-dolomiti-bellunesi-calcio-ecco-il-girone-e-il-calendario-esordio-interno-col-villafranca\/\" \/>\n<meta property=\"og:site_name\" content=\"Bellunopress - Dolomiti\" \/>\n<meta property=\"article:publisher\" content=\"https:\/\/www.facebook.com\/profile.php?id=100008943462799\" \/>\n<meta property=\"article:published_time\" content=\"2022-08-20T08:51:32+00:00\" \/>\n<meta property=\"og:image\" content=\"https:\/\/www.bellunopress.it\/wp-content\/uploads\/2022\/04\/Dolomiti-Bellunesi-calcio_edited.jpg\" \/>\n\t<meta property=\"og:image:width\" content=\"1000\" \/>\n\t<meta property=\"og:image:height\" content=\"668\" \/>\n\t<meta property=\"og:image:type\" content=\"image\/jpeg\" \/>\n<meta name=\"author\" content=\"redazione\" \/>\n<meta name=\"twitter:card\" content=\"summary_large_image\" \/>\n<meta name=\"twitter:creator\" content=\"@bellunopress\" \/>\n<meta name=\"twitter:site\" content=\"@bellunopress\" \/>\n<meta name=\"twitter:label1\" content=\"\u00c9crit par\" \/>\n\t<meta name=\"twitter:data1\" content=\"redazione\" \/>\n\t<meta name=\"twitter:label2\" content=\"Dur\u00e9e de lecture estim\u00e9e\" \/>\n\t<meta name=\"twitter:data2\" content=\"2 minutes\" \/>\n<script type=\"application\/ld+json\" class=\"yoast-schema-graph\">{\"@context\":\"https:\\\/\\\/schema.org\",\"@graph\":[{\"@type\":\"Article\",\"@id\":\"https:\\\/\\\/www.bellunopress.it\\\/2022\\\/08\\\/20\\\/ssd-dolomiti-bellunesi-calcio-ecco-il-girone-e-il-calendario-esordio-interno-col-villafranca\\\/#article\",\"isPartOf\":{\"@id\":\"https:\\\/\\\/www.bellunopress.it\\\/2022\\\/08\\\/20\\\/ssd-dolomiti-bellunesi-calcio-ecco-il-girone-e-il-calendario-esordio-interno-col-villafranca\\\/\"},\"author\":{\"name\":\"redazione\",\"@id\":\"https:\\\/\\\/www.bellunopress.it\\\/#\\\/schema\\\/person\\\/79bb06722b37ece1c03d3e94beb30d73\"},\"headline\":\"SSD Dolomiti Bellunesi calcio, ecco il girone e il calendario: esordio interno col Villafranca\",\"datePublished\":\"2022-08-20T08:51:32+00:00\",\"mainEntityOfPage\":{\"@id\":\"https:\\\/\\\/www.bellunopress.it\\\/2022\\\/08\\\/20\\\/ssd-dolomiti-bellunesi-calcio-ecco-il-girone-e-il-calendario-esordio-interno-col-villafranca\\\/\"},\"wordCount\":280,\"publisher\":{\"@id\":\"https:\\\/\\\/www.bellunopress.it\\\/#organization\"},\"image\":{\"@id\":\"https:\\\/\\\/www.bellunopress.it\\\/2022\\\/08\\\/20\\\/ssd-dolomiti-bellunesi-calcio-ecco-il-girone-e-il-calendario-esordio-interno-col-villafranca\\\/#primaryimage\"},\"thumbnailUrl\":\"https:\\\/\\\/www.bellunopress.it\\\/wp-content\\\/uploads\\\/2022\\\/04\\\/Dolomiti-Bellunesi-calcio_edited.jpg\",\"articleSection\":[\"Prima Pagina\",\"Sport, tempo libero\"],\"inLanguage\":\"fr-FR\"},{\"@type\":\"WebPage\",\"@id\":\"https:\\\/\\\/www.bellunopress.it\\\/2022\\\/08\\\/20\\\/ssd-dolomiti-bellunesi-calcio-ecco-il-girone-e-il-calendario-esordio-interno-col-villafranca\\\/\",\"url\":\"https:\\\/\\\/www.bellunopress.it\\\/2022\\\/08\\\/20\\\/ssd-dolomiti-bellunesi-calcio-ecco-il-girone-e-il-calendario-esordio-interno-col-villafranca\\\/\",\"name\":\"SSD Dolomiti Bellunesi calcio, ecco il girone e il calendario: esordio interno col Villafranca - Bellunopress - Dolomiti\",\"isPartOf\":{\"@id\":\"https:\\\/\\\/www.bellunopress.it\\\/#website\"},\"primaryImageOfPage\":{\"@id\":\"https:\\\/\\\/www.bellunopress.it\\\/2022\\\/08\\\/20\\\/ssd-dolomiti-bellunesi-calcio-ecco-il-girone-e-il-calendario-esordio-interno-col-villafranca\\\/#primaryimage\"},\"image\":{\"@id\":\"https:\\\/\\\/www.bellunopress.it\\\/2022\\\/08\\\/20\\\/ssd-dolomiti-bellunesi-calcio-ecco-il-girone-e-il-calendario-esordio-interno-col-villafranca\\\/#primaryimage\"},\"thumbnailUrl\":\"https:\\\/\\\/www.bellunopress.it\\\/wp-content\\\/uploads\\\/2022\\\/04\\\/Dolomiti-Bellunesi-calcio_edited.jpg\",\"datePublished\":\"2022-08-20T08:51:32+00:00\",\"breadcrumb\":{\"@id\":\"https:\\\/\\\/www.bellunopress.it\\\/2022\\\/08\\\/20\\\/ssd-dolomiti-bellunesi-calcio-ecco-il-girone-e-il-calendario-esordio-interno-col-villafranca\\\/#breadcrumb\"},\"inLanguage\":\"fr-FR\",\"potentialAction\":[{\"@type\":\"ReadAction\",\"target\":[\"https:\\\/\\\/www.bellunopress.it\\\/2022\\\/08\\\/20\\\/ssd-dolomiti-bellunesi-calcio-ecco-il-girone-e-il-calendario-esordio-interno-col-villafranca\\\/\"]}]},{\"@type\":\"ImageObject\",\"inLanguage\":\"fr-FR\",\"@id\":\"https:\\\/\\\/www.bellunopress.it\\\/2022\\\/08\\\/20\\\/ssd-dolomiti-bellunesi-calcio-ecco-il-girone-e-il-calendario-esordio-interno-col-villafranca\\\/#primaryimage\",\"url\":\"https:\\\/\\\/www.bellunopress.it\\\/wp-content\\\/uploads\\\/2022\\\/04\\\/Dolomiti-Bellunesi-calcio_edited.jpg\",\"contentUrl\":\"https:\\\/\\\/www.bellunopress.it\\\/wp-content\\\/uploads\\\/2022\\\/04\\\/Dolomiti-Bellunesi-calcio_edited.jpg\",\"width\":1000,\"height\":668},{\"@type\":\"BreadcrumbList\",\"@id\":\"https:\\\/\\\/www.bellunopress.it\\\/2022\\\/08\\\/20\\\/ssd-dolomiti-bellunesi-calcio-ecco-il-girone-e-il-calendario-esordio-interno-col-villafranca\\\/#breadcrumb\",\"itemListElement\":[{\"@type\":\"ListItem\",\"position\":1,\"name\":\"Home\",\"item\":\"https:\\\/\\\/www.bellunopress.it\\\/\"},{\"@type\":\"ListItem\",\"position\":2,\"name\":\"SSD Dolomiti Bellunesi calcio, ecco il girone e il calendario: esordio interno col Villafranca\"}]},{\"@type\":\"WebSite\",\"@id\":\"https:\\\/\\\/www.bellunopress.it\\\/#website\",\"url\":\"https:\\\/\\\/www.bellunopress.it\\\/\",\"name\":\"Bellunopress - Dolomiti\",\"description\":\"e-mail: redazione@bellunopress.it\",\"publisher\":{\"@id\":\"https:\\\/\\\/www.bellunopress.it\\\/#organization\"},\"potentialAction\":[{\"@type\":\"SearchAction\",\"target\":{\"@type\":\"EntryPoint\",\"urlTemplate\":\"https:\\\/\\\/www.bellunopress.it\\\/?s={search_term_string}\"},\"query-input\":{\"@type\":\"PropertyValueSpecification\",\"valueRequired\":true,\"valueName\":\"search_term_string\"}}],\"inLanguage\":\"fr-FR\"},{\"@type\":\"Organization\",\"@id\":\"https:\\\/\\\/www.bellunopress.it\\\/#organization\",\"name\":\"Bellunopress\",\"url\":\"https:\\\/\\\/www.bellunopress.it\\\/\",\"logo\":{\"@type\":\"ImageObject\",\"inLanguage\":\"fr-FR\",\"@id\":\"https:\\\/\\\/www.bellunopress.it\\\/#\\\/schema\\\/logo\\\/image\\\/\",\"url\":\"https:\\\/\\\/www.bellunopress.it\\\/wp-content\\\/uploads\\\/2011\\\/05\\\/cropped-logo-bellunopress-.jpg\",\"contentUrl\":\"https:\\\/\\\/www.bellunopress.it\\\/wp-content\\\/uploads\\\/2011\\\/05\\\/cropped-logo-bellunopress-.jpg\",\"width\":512,\"height\":512,\"caption\":\"Bellunopress\"},\"image\":{\"@id\":\"https:\\\/\\\/www.bellunopress.it\\\/#\\\/schema\\\/logo\\\/image\\\/\"},\"sameAs\":[\"https:\\\/\\\/www.facebook.com\\\/profile.php?id=100008943462799\",\"https:\\\/\\\/x.com\\\/bellunopress\",\"https:\\\/\\\/www.linkedin.com\\\/hp\\\/?dnr=JBzUWaJfMUw8vbXJJ2tVW5-I3jZKvC4wsoxE&amp;amp;amp;amp;amp;amp;trk=nav_responsive_tab_home\",\"https:\\\/\\\/www.youtube.com\\\/channel\\\/UCxL0wu1uN0_3_7hGG0306cw\"]},{\"@type\":\"Person\",\"@id\":\"https:\\\/\\\/www.bellunopress.it\\\/#\\\/schema\\\/person\\\/79bb06722b37ece1c03d3e94beb30d73\",\"name\":\"redazione\",\"image\":{\"@type\":\"ImageObject\",\"inLanguage\":\"fr-FR\",\"@id\":\"https:\\\/\\\/secure.gravatar.com\\\/avatar\\\/37d968a2e67a6fd04c169c4bdef102d0bc5d31b2546345219e348575eb80e9a0?s=96&d=mm&r=g\",\"url\":\"https:\\\/\\\/secure.gravatar.com\\\/avatar\\\/37d968a2e67a6fd04c169c4bdef102d0bc5d31b2546345219e348575eb80e9a0?s=96&d=mm&r=g\",\"contentUrl\":\"https:\\\/\\\/secure.gravatar.com\\\/avatar\\\/37d968a2e67a6fd04c169c4bdef102d0bc5d31b2546345219e348575eb80e9a0?s=96&d=mm&r=g\",\"caption\":\"redazione\"},\"sameAs\":[\"http:\\\/\\\/www.bellunopress.it\",\"https:\\\/\\\/x.com\\\/bellunopress\"],\"url\":\"https:\\\/\\\/www.bellunopress.it\\\/fr\\\/author\\\/redazione\\\/\"}]}<\/script>\n<!-- \/ Yoast SEO plugin. -->","yoast_head_json":{"title":"SSD Dolomiti Bellunesi calcio, ecco il girone e il calendario: esordio interno col Villafranca - Bellunopress - Dolomiti","robots":{"index":"index","follow":"follow","max-snippet":"max-snippet:-1","max-image-preview":"max-image-preview:large","max-video-preview":"max-video-preview:-1"},"canonical":"https:\/\/www.bellunopress.it\/fr\/2022\/08\/20\/ssd-dolomiti-bellunesi-calcio-ecco-il-girone-e-il-calendario-esordio-interno-col-villafranca\/","og_locale":"fr_FR","og_type":"article","og_title":"SSD Dolomiti Bellunesi calcio, ecco il girone e il calendario: esordio interno col Villafranca - Bellunopress - Dolomiti","og_description":"Gironi e calendari di serie D sono nero su bianco: a dare l&#8217;ufficialit\u00e0 ha pensato il Dipartimento Interregionale della Lega Nazionale Dilettanti. Anche in questa annata, la SSD Dolomiti Bellunesi \u00e8 stata inserita nel raggruppamento associato alla lettera C. E arricchito da 18 squadre: oltre al gruppo di mister Brando, spiccano una rodigina (Adriese), una [&hellip;]","og_url":"https:\/\/www.bellunopress.it\/fr\/2022\/08\/20\/ssd-dolomiti-bellunesi-calcio-ecco-il-girone-e-il-calendario-esordio-interno-col-villafranca\/","og_site_name":"Bellunopress - Dolomiti","article_publisher":"https:\/\/www.facebook.com\/profile.php?id=100008943462799","article_published_time":"2022-08-20T08:51:32+00:00","og_image":[{"width":1000,"height":668,"url":"https:\/\/www.bellunopress.it\/wp-content\/uploads\/2022\/04\/Dolomiti-Bellunesi-calcio_edited.jpg","type":"image\/jpeg"}],"author":"redazione","twitter_card":"summary_large_image","twitter_creator":"@bellunopress","twitter_site":"@bellunopress","twitter_misc":{"\u00c9crit par":"redazione","Dur\u00e9e de lecture estim\u00e9e":"2 minutes"},"schema":{"@context":"https:\/\/schema.org","@graph":[{"@type":"Article","@id":"https:\/\/www.bellunopress.it\/2022\/08\/20\/ssd-dolomiti-bellunesi-calcio-ecco-il-girone-e-il-calendario-esordio-interno-col-villafranca\/#article","isPartOf":{"@id":"https:\/\/www.bellunopress.it\/2022\/08\/20\/ssd-dolomiti-bellunesi-calcio-ecco-il-girone-e-il-calendario-esordio-interno-col-villafranca\/"},"author":{"name":"redazione","@id":"https:\/\/www.bellunopress.it\/#\/schema\/person\/79bb06722b37ece1c03d3e94beb30d73"},"headline":"SSD Dolomiti Bellunesi calcio, ecco il girone e il calendario: esordio interno col Villafranca","datePublished":"2022-08-20T08:51:32+00:00","mainEntityOfPage":{"@id":"https:\/\/www.bellunopress.it\/2022\/08\/20\/ssd-dolomiti-bellunesi-calcio-ecco-il-girone-e-il-calendario-esordio-interno-col-villafranca\/"},"wordCount":280,"publisher":{"@id":"https:\/\/www.bellunopress.it\/#organization"},"image":{"@id":"https:\/\/www.bellunopress.it\/2022\/08\/20\/ssd-dolomiti-bellunesi-calcio-ecco-il-girone-e-il-calendario-esordio-interno-col-villafranca\/#primaryimage"},"thumbnailUrl":"https:\/\/www.bellunopress.it\/wp-content\/uploads\/2022\/04\/Dolomiti-Bellunesi-calcio_edited.jpg","articleSection":["Prima Pagina","Sport, tempo libero"],"inLanguage":"fr-FR"},{"@type":"WebPage","@id":"https:\/\/www.bellunopress.it\/2022\/08\/20\/ssd-dolomiti-bellunesi-calcio-ecco-il-girone-e-il-calendario-esordio-interno-col-villafranca\/","url":"https:\/\/www.bellunopress.it\/2022\/08\/20\/ssd-dolomiti-bellunesi-calcio-ecco-il-girone-e-il-calendario-esordio-interno-col-villafranca\/","name":"SSD Dolomiti Bellunesi calcio, ecco il girone e il calendario: esordio interno col Villafranca - Bellunopress - Dolomiti","isPartOf":{"@id":"https:\/\/www.bellunopress.it\/#website"},"primaryImageOfPage":{"@id":"https:\/\/www.bellunopress.it\/2022\/08\/20\/ssd-dolomiti-bellunesi-calcio-ecco-il-girone-e-il-calendario-esordio-interno-col-villafranca\/#primaryimage"},"image":{"@id":"https:\/\/www.bellunopress.it\/2022\/08\/20\/ssd-dolomiti-bellunesi-calcio-ecco-il-girone-e-il-calendario-esordio-interno-col-villafranca\/#primaryimage"},"thumbnailUrl":"https:\/\/www.bellunopress.it\/wp-content\/uploads\/2022\/04\/Dolomiti-Bellunesi-calcio_edited.jpg","datePublished":"2022-08-20T08:51:32+00:00","breadcrumb":{"@id":"https:\/\/www.bellunopress.it\/2022\/08\/20\/ssd-dolomiti-bellunesi-calcio-ecco-il-girone-e-il-calendario-esordio-interno-col-villafranca\/#breadcrumb"},"inLanguage":"fr-FR","potentialAction":[{"@type":"ReadAction","target":["https:\/\/www.bellunopress.it\/2022\/08\/20\/ssd-dolomiti-bellunesi-calcio-ecco-il-girone-e-il-calendario-esordio-interno-col-villafranca\/"]}]},{"@type":"ImageObject","inLanguage":"fr-FR","@id":"https:\/\/www.bellunopress.it\/2022\/08\/20\/ssd-dolomiti-bellunesi-calcio-ecco-il-girone-e-il-calendario-esordio-interno-col-villafranca\/#primaryimage","url":"https:\/\/www.bellunopress.it\/wp-content\/uploads\/2022\/04\/Dolomiti-Bellunesi-calcio_edited.jpg","contentUrl":"https:\/\/www.bellunopress.it\/wp-content\/uploads\/2022\/04\/Dolomiti-Bellunesi-calcio_edited.jpg","width":1000,"height":668},{"@type":"BreadcrumbList","@id":"https:\/\/www.bellunopress.it\/2022\/08\/20\/ssd-dolomiti-bellunesi-calcio-ecco-il-girone-e-il-calendario-esordio-interno-col-villafranca\/#breadcrumb","itemListElement":[{"@type":"ListItem","position":1,"name":"Home","item":"https:\/\/www.bellunopress.it\/"},{"@type":"ListItem","position":2,"name":"SSD Dolomiti Bellunesi calcio, ecco il girone e il calendario: esordio interno col Villafranca"}]},{"@type":"WebSite","@id":"https:\/\/www.bellunopress.it\/#website","url":"https:\/\/www.bellunopress.it\/","name":"Bellunopress - Dolomiti","description":"e-mail: redazione@bellunopress.it","publisher":{"@id":"https:\/\/www.bellunopress.it\/#organization"},"potentialAction":[{"@type":"SearchAction","target":{"@type":"EntryPoint","urlTemplate":"https:\/\/www.bellunopress.it\/?s={search_term_string}"},"query-input":{"@type":"PropertyValueSpecification","valueRequired":true,"valueName":"search_term_string"}}],"inLanguage":"fr-FR"},{"@type":"Organization","@id":"https:\/\/www.bellunopress.it\/#organization","name":"Bellunopress","url":"https:\/\/www.bellunopress.it\/","logo":{"@type":"ImageObject","inLanguage":"fr-FR","@id":"https:\/\/www.bellunopress.it\/#\/schema\/logo\/image\/","url":"https:\/\/www.bellunopress.it\/wp-content\/uploads\/2011\/05\/cropped-logo-bellunopress-.jpg","contentUrl":"https:\/\/www.bellunopress.it\/wp-content\/uploads\/2011\/05\/cropped-logo-bellunopress-.jpg","width":512,"height":512,"caption":"Bellunopress"},"image":{"@id":"https:\/\/www.bellunopress.it\/#\/schema\/logo\/image\/"},"sameAs":["https:\/\/www.facebook.com\/profile.php?id=100008943462799","https:\/\/x.com\/bellunopress","https:\/\/www.linkedin.com\/hp\/?dnr=JBzUWaJfMUw8vbXJJ2tVW5-I3jZKvC4wsoxE&amp;amp;amp;amp;amp;amp;trk=nav_responsive_tab_home","https:\/\/www.youtube.com\/channel\/UCxL0wu1uN0_3_7hGG0306cw"]},{"@type":"Person","@id":"https:\/\/www.bellunopress.it\/#\/schema\/person\/79bb06722b37ece1c03d3e94beb30d73","name":"r\u00e9daction","image":{"@type":"ImageObject","inLanguage":"fr-FR","@id":"https:\/\/secure.gravatar.com\/avatar\/37d968a2e67a6fd04c169c4bdef102d0bc5d31b2546345219e348575eb80e9a0?s=96&d=mm&r=g","url":"https:\/\/secure.gravatar.com\/avatar\/37d968a2e67a6fd04c169c4bdef102d0bc5d31b2546345219e348575eb80e9a0?s=96&d=mm&r=g","contentUrl":"https:\/\/secure.gravatar.com\/avatar\/37d968a2e67a6fd04c169c4bdef102d0bc5d31b2546345219e348575eb80e9a0?s=96&d=mm&r=g","caption":"redazione"},"sameAs":["http:\/\/www.bellunopress.it","https:\/\/x.com\/bellunopress"],"url":"https:\/\/www.bellunopress.it\/fr\/author\/redazione\/"}]}},"_links":{"self":[{"href":"https:\/\/www.bellunopress.it\/fr\/wp-json\/wp\/v2\/posts\/135878","targetHints":{"allow":["GET"]}}],"collection":[{"href":"https:\/\/www.bellunopress.it\/fr\/wp-json\/wp\/v2\/posts"}],"about":[{"href":"https:\/\/www.bellunopress.it\/fr\/wp-json\/wp\/v2\/types\/post"}],"author":[{"embeddable":true,"href":"https:\/\/www.bellunopress.it\/fr\/wp-json\/wp\/v2\/users\/2"}],"replies":[{"embeddable":true,"href":"https:\/\/www.bellunopress.it\/fr\/wp-json\/wp\/v2\/comments?post=135878"}],"version-history":[{"count":1,"href":"https:\/\/www.bellunopress.it\/fr\/wp-json\/wp\/v2\/posts\/135878\/revisions"}],"predecessor-version":[{"id":135879,"href":"https:\/\/www.bellunopress.it\/fr\/wp-json\/wp\/v2\/posts\/135878\/revisions\/135879"}],"wp:featuredmedia":[{"embeddable":true,"href":"https:\/\/www.bellunopress.it\/fr\/wp-json\/wp\/v2\/media\/132468"}],"wp:attachment":[{"href":"https:\/\/www.bellunopress.it\/fr\/wp-json\/wp\/v2\/media?parent=135878"}],"wp:term":[{"taxonomy":"category","embeddable":true,"href":"https:\/\/www.bellunopress.it\/fr\/wp-json\/wp\/v2\/categories?post=135878"},{"taxonomy":"post_tag","embeddable":true,"href":"https:\/\/www.bellunopress.it\/fr\/wp-json\/wp\/v2\/tags?post=135878"}],"curies":[{"name":"wp","href":"https:\/\/api.w.org\/{rel}","templated":true}]}}