{"id":135859,"date":"2022-08-19T11:51:34","date_gmt":"2022-08-19T09:51:34","guid":{"rendered":"https:\/\/www.bellunopress.it\/?p=135859"},"modified":"2022-08-19T11:51:34","modified_gmt":"2022-08-19T09:51:34","slug":"andy-warhol-a-padova-licona-della-pop-art-al-centro-culturale-altinate-san-gaetano-dal-30-settembre","status":"publish","type":"post","link":"https:\/\/www.bellunopress.it\/fr\/2022\/08\/19\/andy-warhol-a-padova-licona-della-pop-art-al-centro-culturale-altinate-san-gaetano-dal-30-settembre\/","title":{"rendered":"Andy Warhol a Padova. L&#8217;icona della pop art al Centro Culturale Altinate \/ San Gaetano dal 30 settembre"},"content":{"rendered":"<p><em><strong>Warhol: &#8220;L&#8217;arte non dev&#8217;essere complessa per essere di valore&#8221;<\/strong><\/em><\/p>\n<p><img loading=\"lazy\" decoding=\"async\" class=\"alignleft size-full wp-image-135860\" src=\"https:\/\/www.bellunopress.it\/wp-content\/uploads\/2022\/08\/Andy-Warhol_edited.jpg\" alt=\"\" width=\"1000\" height=\"778\" srcset=\"https:\/\/www.bellunopress.it\/wp-content\/uploads\/2022\/08\/Andy-Warhol_edited.jpg 1000w, https:\/\/www.bellunopress.it\/wp-content\/uploads\/2022\/08\/Andy-Warhol_edited-500x389.jpg 500w, https:\/\/www.bellunopress.it\/wp-content\/uploads\/2022\/08\/Andy-Warhol_edited-696x541.jpg 696w, https:\/\/www.bellunopress.it\/wp-content\/uploads\/2022\/08\/Andy-Warhol_edited-540x420.jpg 540w\" sizes=\"auto, (max-width: 1000px) 100vw, 1000px\" \/>Dal 30 settembre 2022 al 29 gennaio 2023, il Centro Altinate di Padova ospita la mostra dedicata a Andy Warhol. Il primo artista capace di diventare un&#8217;icona vivente grazie alla sua personalit\u00e0 pubblica e ai contenuti della sua arte, direttamente tratti dalla cultura popolare americana. Il cibo di tutti i giorni, le icone del mondo dello spettacolo, tutto ci\u00f2 che faceva parte della cultura di massa divenne parte integrante della produzione dell&#8217;artista newyorkese.<\/p>\n<p>In Europa la sua opera venne interpretata come una critica alla cultura di massa e dei prodotti del capitalismo americano. Negli Stati Uniti si guard\u00f2 invece con sospetto alla nuova generazione di artisti che dipingevano zuppe di minestra.<\/p>\n<p>La Pop Art e Andy Warhol proposero una novit\u00e0 assoluta nel panorama culturale internazionale: l&#8217;arte non deve essere complessa per essere di valore.<\/p>\n<p><strong>Andy Warhol<\/strong><\/p>\n<p>Nel 1962, a Los Angeles, un giovane artista inaugura la sua prima mostra personale nella citt\u00e0 californiana. Le opere esposte sono rappresentazioni di lattine Campbell\u2019s Soup realizzate mediante serigrafia e acrilico su tela. L\u2019autore \u00e8 Andy Warhol e i critici stroncano le sue composizioni come \u201copere piatte e provocatorie\u201d. Ciononostante, da quel momento in poi il suo successo sar\u00e0 inarrestabile. Nella celebre \u201cFactory\u201d transiteranno i pi\u00f9 grandi intellettuali e vip del momento, tutti desiderosi di farsi fare un ritratto da Andy. L\u2019esposizione proposta per il Centro Altinate di Padova intende indagare la poetica del genio della Pop Art, soffermandosi sulla sua rappresentazione della societ\u00e0 e della cultura americane. Nel suo corpus di opere trovano spazio i marchi che popolavano l\u2019immaginario pubblicitario diffuso negli Stati Uniti tra gli anni \u201860 e gli anni \u201970: come l\u2019iconica zuppa Campbell\u2019s. Accanto ai brand, Warhol rappresenta le icone dello spettacolo, a cui spetta un trattamento analogo rispetto ai prodotti. Il volto di Mick Jagger, di Sylvester Stallone o l\u2019icona Marilyn Monroe sono \u201ctrattati\u201d come prodotti di consumo rivestiti della medesima aura mistica con cui Warhol ripensa i suoi \u201coggetti\u201d per trasformarli in un manufatto artistico. La mostra \u00e8 suddivisa in 6 sezioni tematiche, a partire dal ritratto biografico del grande artista newyorkese. 150 opere tra disegni, incisioni, serigrafie, sculture e postcards. Un viaggio incalzante nell\u2019eccentrico mondo di Warhol, l\u2019icona pop per eccellenza.<\/p>\n<p>ANDY WARHOL. Icona Pop<br \/>\nCentro Culturale Altinate | San Gaetano<br \/>\ndal 30 settembre 2022 al 29 gennaio 2023<br \/>\nMostra a cura di Simona Occioni<br \/>\nMostra organizzata da ARTIKA di Daniel Buso e Elena Zannoni<br \/>\n\u200bIn collaborazione con Fondazione Mazzoleni e Citt\u00e0 di Padova<\/p>","protected":false},"excerpt":{"rendered":"<p>Warhol: &#8220;L&#8217;arte non dev&#8217;essere complessa per essere di valore&#8221; Dal 30 settembre 2022 al 29 gennaio 2023, il Centro Altinate di Padova ospita la mostra dedicata a Andy Warhol. Il primo artista capace di diventare un&#8217;icona vivente grazie alla sua personalit\u00e0 pubblica e ai contenuti della sua arte, direttamente tratti dalla cultura popolare americana. Il [&hellip;]<\/p>\n","protected":false},"author":2,"featured_media":135860,"comment_status":"closed","ping_status":"open","sticky":false,"template":"","format":"standard","meta":{"footnotes":""},"categories":[3,3394,3446,25],"tags":[],"class_list":["post-135859","post","type-post","status-publish","format-standard","has-post-thumbnail","category-arte-cultura-spettacoli-scienza-archivi","category-cultura-e-spettacoli-fuori-provincia","category-featured","category-pausa-caffe"],"yoast_head":"<!-- This site is optimized with the Yoast SEO plugin v28.4 - https:\/\/yoast.com\/product\/yoast-seo-wordpress\/ -->\n<title>Andy Warhol a Padova. L&#039;icona della pop art al Centro Culturale Altinate \/ San Gaetano dal 30 settembre - Bellunopress - Dolomiti<\/title>\n<meta name=\"robots\" content=\"index, follow, max-snippet:-1, max-image-preview:large, max-video-preview:-1\" \/>\n<link rel=\"canonical\" href=\"https:\/\/www.bellunopress.it\/fr\/2022\/08\/19\/andy-warhol-a-padova-licona-della-pop-art-al-centro-culturale-altinate-san-gaetano-dal-30-settembre\/\" \/>\n<meta property=\"og:locale\" content=\"fr_FR\" \/>\n<meta property=\"og:type\" content=\"article\" \/>\n<meta property=\"og:title\" content=\"Andy Warhol a Padova. L&#039;icona della pop art al Centro Culturale Altinate \/ San Gaetano dal 30 settembre - Bellunopress - Dolomiti\" \/>\n<meta property=\"og:description\" content=\"Warhol: &#8220;L&#8217;arte non dev&#8217;essere complessa per essere di valore&#8221; Dal 30 settembre 2022 al 29 gennaio 2023, il Centro Altinate di Padova ospita la mostra dedicata a Andy Warhol. Il primo artista capace di diventare un&#8217;icona vivente grazie alla sua personalit\u00e0 pubblica e ai contenuti della sua arte, direttamente tratti dalla cultura popolare americana. Il [&hellip;]\" \/>\n<meta property=\"og:url\" content=\"https:\/\/www.bellunopress.it\/fr\/2022\/08\/19\/andy-warhol-a-padova-licona-della-pop-art-al-centro-culturale-altinate-san-gaetano-dal-30-settembre\/\" \/>\n<meta property=\"og:site_name\" content=\"Bellunopress - Dolomiti\" \/>\n<meta property=\"article:publisher\" content=\"https:\/\/www.facebook.com\/profile.php?id=100008943462799\" \/>\n<meta property=\"article:published_time\" content=\"2022-08-19T09:51:34+00:00\" \/>\n<meta property=\"og:image\" content=\"https:\/\/www.bellunopress.it\/wp-content\/uploads\/2022\/08\/Andy-Warhol_edited.jpg\" \/>\n\t<meta property=\"og:image:width\" content=\"1000\" \/>\n\t<meta property=\"og:image:height\" content=\"778\" \/>\n\t<meta property=\"og:image:type\" content=\"image\/jpeg\" \/>\n<meta name=\"author\" content=\"redazione\" \/>\n<meta name=\"twitter:card\" content=\"summary_large_image\" \/>\n<meta name=\"twitter:creator\" content=\"@bellunopress\" \/>\n<meta name=\"twitter:site\" content=\"@bellunopress\" \/>\n<meta name=\"twitter:label1\" content=\"\u00c9crit par\" \/>\n\t<meta name=\"twitter:data1\" content=\"redazione\" \/>\n\t<meta name=\"twitter:label2\" content=\"Dur\u00e9e de lecture estim\u00e9e\" \/>\n\t<meta name=\"twitter:data2\" content=\"3 minutes\" \/>\n<script type=\"application\/ld+json\" class=\"yoast-schema-graph\">{\"@context\":\"https:\\\/\\\/schema.org\",\"@graph\":[{\"@type\":\"Article\",\"@id\":\"https:\\\/\\\/www.bellunopress.it\\\/2022\\\/08\\\/19\\\/andy-warhol-a-padova-licona-della-pop-art-al-centro-culturale-altinate-san-gaetano-dal-30-settembre\\\/#article\",\"isPartOf\":{\"@id\":\"https:\\\/\\\/www.bellunopress.it\\\/2022\\\/08\\\/19\\\/andy-warhol-a-padova-licona-della-pop-art-al-centro-culturale-altinate-san-gaetano-dal-30-settembre\\\/\"},\"author\":{\"name\":\"redazione\",\"@id\":\"https:\\\/\\\/www.bellunopress.it\\\/#\\\/schema\\\/person\\\/79bb06722b37ece1c03d3e94beb30d73\"},\"headline\":\"Andy Warhol a Padova. L&#8217;icona della pop art al Centro Culturale Altinate \\\/ San Gaetano dal 30 settembre\",\"datePublished\":\"2022-08-19T09:51:34+00:00\",\"mainEntityOfPage\":{\"@id\":\"https:\\\/\\\/www.bellunopress.it\\\/2022\\\/08\\\/19\\\/andy-warhol-a-padova-licona-della-pop-art-al-centro-culturale-altinate-san-gaetano-dal-30-settembre\\\/\"},\"wordCount\":431,\"publisher\":{\"@id\":\"https:\\\/\\\/www.bellunopress.it\\\/#organization\"},\"image\":{\"@id\":\"https:\\\/\\\/www.bellunopress.it\\\/2022\\\/08\\\/19\\\/andy-warhol-a-padova-licona-della-pop-art-al-centro-culturale-altinate-san-gaetano-dal-30-settembre\\\/#primaryimage\"},\"thumbnailUrl\":\"https:\\\/\\\/www.bellunopress.it\\\/wp-content\\\/uploads\\\/2022\\\/08\\\/Andy-Warhol_edited.jpg\",\"articleSection\":[\"Arte, Cultura, Spettacoli, Scienza\",\"Cultura e spettacoli, tempo libero, benessere, fuori provincia\",\"Featured\",\"Pausa Caff\u00e8\"],\"inLanguage\":\"fr-FR\"},{\"@type\":\"WebPage\",\"@id\":\"https:\\\/\\\/www.bellunopress.it\\\/2022\\\/08\\\/19\\\/andy-warhol-a-padova-licona-della-pop-art-al-centro-culturale-altinate-san-gaetano-dal-30-settembre\\\/\",\"url\":\"https:\\\/\\\/www.bellunopress.it\\\/2022\\\/08\\\/19\\\/andy-warhol-a-padova-licona-della-pop-art-al-centro-culturale-altinate-san-gaetano-dal-30-settembre\\\/\",\"name\":\"Andy Warhol a Padova. L'icona della pop art al Centro Culturale Altinate \\\/ San Gaetano dal 30 settembre - Bellunopress - Dolomiti\",\"isPartOf\":{\"@id\":\"https:\\\/\\\/www.bellunopress.it\\\/#website\"},\"primaryImageOfPage\":{\"@id\":\"https:\\\/\\\/www.bellunopress.it\\\/2022\\\/08\\\/19\\\/andy-warhol-a-padova-licona-della-pop-art-al-centro-culturale-altinate-san-gaetano-dal-30-settembre\\\/#primaryimage\"},\"image\":{\"@id\":\"https:\\\/\\\/www.bellunopress.it\\\/2022\\\/08\\\/19\\\/andy-warhol-a-padova-licona-della-pop-art-al-centro-culturale-altinate-san-gaetano-dal-30-settembre\\\/#primaryimage\"},\"thumbnailUrl\":\"https:\\\/\\\/www.bellunopress.it\\\/wp-content\\\/uploads\\\/2022\\\/08\\\/Andy-Warhol_edited.jpg\",\"datePublished\":\"2022-08-19T09:51:34+00:00\",\"breadcrumb\":{\"@id\":\"https:\\\/\\\/www.bellunopress.it\\\/2022\\\/08\\\/19\\\/andy-warhol-a-padova-licona-della-pop-art-al-centro-culturale-altinate-san-gaetano-dal-30-settembre\\\/#breadcrumb\"},\"inLanguage\":\"fr-FR\",\"potentialAction\":[{\"@type\":\"ReadAction\",\"target\":[\"https:\\\/\\\/www.bellunopress.it\\\/2022\\\/08\\\/19\\\/andy-warhol-a-padova-licona-della-pop-art-al-centro-culturale-altinate-san-gaetano-dal-30-settembre\\\/\"]}]},{\"@type\":\"ImageObject\",\"inLanguage\":\"fr-FR\",\"@id\":\"https:\\\/\\\/www.bellunopress.it\\\/2022\\\/08\\\/19\\\/andy-warhol-a-padova-licona-della-pop-art-al-centro-culturale-altinate-san-gaetano-dal-30-settembre\\\/#primaryimage\",\"url\":\"https:\\\/\\\/www.bellunopress.it\\\/wp-content\\\/uploads\\\/2022\\\/08\\\/Andy-Warhol_edited.jpg\",\"contentUrl\":\"https:\\\/\\\/www.bellunopress.it\\\/wp-content\\\/uploads\\\/2022\\\/08\\\/Andy-Warhol_edited.jpg\",\"width\":1000,\"height\":778},{\"@type\":\"BreadcrumbList\",\"@id\":\"https:\\\/\\\/www.bellunopress.it\\\/2022\\\/08\\\/19\\\/andy-warhol-a-padova-licona-della-pop-art-al-centro-culturale-altinate-san-gaetano-dal-30-settembre\\\/#breadcrumb\",\"itemListElement\":[{\"@type\":\"ListItem\",\"position\":1,\"name\":\"Home\",\"item\":\"https:\\\/\\\/www.bellunopress.it\\\/\"},{\"@type\":\"ListItem\",\"position\":2,\"name\":\"Andy Warhol a Padova. L&#8217;icona della pop art al Centro Culturale Altinate \\\/ San Gaetano dal 30 settembre\"}]},{\"@type\":\"WebSite\",\"@id\":\"https:\\\/\\\/www.bellunopress.it\\\/#website\",\"url\":\"https:\\\/\\\/www.bellunopress.it\\\/\",\"name\":\"Bellunopress - Dolomiti\",\"description\":\"e-mail: redazione@bellunopress.it\",\"publisher\":{\"@id\":\"https:\\\/\\\/www.bellunopress.it\\\/#organization\"},\"potentialAction\":[{\"@type\":\"SearchAction\",\"target\":{\"@type\":\"EntryPoint\",\"urlTemplate\":\"https:\\\/\\\/www.bellunopress.it\\\/?s={search_term_string}\"},\"query-input\":{\"@type\":\"PropertyValueSpecification\",\"valueRequired\":true,\"valueName\":\"search_term_string\"}}],\"inLanguage\":\"fr-FR\"},{\"@type\":\"Organization\",\"@id\":\"https:\\\/\\\/www.bellunopress.it\\\/#organization\",\"name\":\"Bellunopress\",\"url\":\"https:\\\/\\\/www.bellunopress.it\\\/\",\"logo\":{\"@type\":\"ImageObject\",\"inLanguage\":\"fr-FR\",\"@id\":\"https:\\\/\\\/www.bellunopress.it\\\/#\\\/schema\\\/logo\\\/image\\\/\",\"url\":\"https:\\\/\\\/www.bellunopress.it\\\/wp-content\\\/uploads\\\/2011\\\/05\\\/cropped-logo-bellunopress-.jpg\",\"contentUrl\":\"https:\\\/\\\/www.bellunopress.it\\\/wp-content\\\/uploads\\\/2011\\\/05\\\/cropped-logo-bellunopress-.jpg\",\"width\":512,\"height\":512,\"caption\":\"Bellunopress\"},\"image\":{\"@id\":\"https:\\\/\\\/www.bellunopress.it\\\/#\\\/schema\\\/logo\\\/image\\\/\"},\"sameAs\":[\"https:\\\/\\\/www.facebook.com\\\/profile.php?id=100008943462799\",\"https:\\\/\\\/x.com\\\/bellunopress\",\"https:\\\/\\\/www.linkedin.com\\\/hp\\\/?dnr=JBzUWaJfMUw8vbXJJ2tVW5-I3jZKvC4wsoxE&amp;amp;amp;amp;amp;amp;trk=nav_responsive_tab_home\",\"https:\\\/\\\/www.youtube.com\\\/channel\\\/UCxL0wu1uN0_3_7hGG0306cw\"]},{\"@type\":\"Person\",\"@id\":\"https:\\\/\\\/www.bellunopress.it\\\/#\\\/schema\\\/person\\\/79bb06722b37ece1c03d3e94beb30d73\",\"name\":\"redazione\",\"image\":{\"@type\":\"ImageObject\",\"inLanguage\":\"fr-FR\",\"@id\":\"https:\\\/\\\/secure.gravatar.com\\\/avatar\\\/37d968a2e67a6fd04c169c4bdef102d0bc5d31b2546345219e348575eb80e9a0?s=96&d=mm&r=g\",\"url\":\"https:\\\/\\\/secure.gravatar.com\\\/avatar\\\/37d968a2e67a6fd04c169c4bdef102d0bc5d31b2546345219e348575eb80e9a0?s=96&d=mm&r=g\",\"contentUrl\":\"https:\\\/\\\/secure.gravatar.com\\\/avatar\\\/37d968a2e67a6fd04c169c4bdef102d0bc5d31b2546345219e348575eb80e9a0?s=96&d=mm&r=g\",\"caption\":\"redazione\"},\"sameAs\":[\"http:\\\/\\\/www.bellunopress.it\",\"https:\\\/\\\/x.com\\\/bellunopress\"],\"url\":\"https:\\\/\\\/www.bellunopress.it\\\/fr\\\/author\\\/redazione\\\/\"}]}<\/script>\n<!-- \/ Yoast SEO plugin. -->","yoast_head_json":{"title":"Andy Warhol a Padova. L'icona della pop art al Centro Culturale Altinate \/ San Gaetano dal 30 settembre - Bellunopress - Dolomiti","robots":{"index":"index","follow":"follow","max-snippet":"max-snippet:-1","max-image-preview":"max-image-preview:large","max-video-preview":"max-video-preview:-1"},"canonical":"https:\/\/www.bellunopress.it\/fr\/2022\/08\/19\/andy-warhol-a-padova-licona-della-pop-art-al-centro-culturale-altinate-san-gaetano-dal-30-settembre\/","og_locale":"fr_FR","og_type":"article","og_title":"Andy Warhol a Padova. L'icona della pop art al Centro Culturale Altinate \/ San Gaetano dal 30 settembre - Bellunopress - Dolomiti","og_description":"Warhol: &#8220;L&#8217;arte non dev&#8217;essere complessa per essere di valore&#8221; Dal 30 settembre 2022 al 29 gennaio 2023, il Centro Altinate di Padova ospita la mostra dedicata a Andy Warhol. Il primo artista capace di diventare un&#8217;icona vivente grazie alla sua personalit\u00e0 pubblica e ai contenuti della sua arte, direttamente tratti dalla cultura popolare americana. Il [&hellip;]","og_url":"https:\/\/www.bellunopress.it\/fr\/2022\/08\/19\/andy-warhol-a-padova-licona-della-pop-art-al-centro-culturale-altinate-san-gaetano-dal-30-settembre\/","og_site_name":"Bellunopress - Dolomiti","article_publisher":"https:\/\/www.facebook.com\/profile.php?id=100008943462799","article_published_time":"2022-08-19T09:51:34+00:00","og_image":[{"width":1000,"height":778,"url":"https:\/\/www.bellunopress.it\/wp-content\/uploads\/2022\/08\/Andy-Warhol_edited.jpg","type":"image\/jpeg"}],"author":"redazione","twitter_card":"summary_large_image","twitter_creator":"@bellunopress","twitter_site":"@bellunopress","twitter_misc":{"\u00c9crit par":"redazione","Dur\u00e9e de lecture estim\u00e9e":"3 minutes"},"schema":{"@context":"https:\/\/schema.org","@graph":[{"@type":"Article","@id":"https:\/\/www.bellunopress.it\/2022\/08\/19\/andy-warhol-a-padova-licona-della-pop-art-al-centro-culturale-altinate-san-gaetano-dal-30-settembre\/#article","isPartOf":{"@id":"https:\/\/www.bellunopress.it\/2022\/08\/19\/andy-warhol-a-padova-licona-della-pop-art-al-centro-culturale-altinate-san-gaetano-dal-30-settembre\/"},"author":{"name":"redazione","@id":"https:\/\/www.bellunopress.it\/#\/schema\/person\/79bb06722b37ece1c03d3e94beb30d73"},"headline":"Andy Warhol a Padova. L&#8217;icona della pop art al Centro Culturale Altinate \/ San Gaetano dal 30 settembre","datePublished":"2022-08-19T09:51:34+00:00","mainEntityOfPage":{"@id":"https:\/\/www.bellunopress.it\/2022\/08\/19\/andy-warhol-a-padova-licona-della-pop-art-al-centro-culturale-altinate-san-gaetano-dal-30-settembre\/"},"wordCount":431,"publisher":{"@id":"https:\/\/www.bellunopress.it\/#organization"},"image":{"@id":"https:\/\/www.bellunopress.it\/2022\/08\/19\/andy-warhol-a-padova-licona-della-pop-art-al-centro-culturale-altinate-san-gaetano-dal-30-settembre\/#primaryimage"},"thumbnailUrl":"https:\/\/www.bellunopress.it\/wp-content\/uploads\/2022\/08\/Andy-Warhol_edited.jpg","articleSection":["Arte, Cultura, Spettacoli, Scienza","Cultura e spettacoli, tempo libero, benessere, fuori provincia","Featured","Pausa Caff\u00e8"],"inLanguage":"fr-FR"},{"@type":"WebPage","@id":"https:\/\/www.bellunopress.it\/2022\/08\/19\/andy-warhol-a-padova-licona-della-pop-art-al-centro-culturale-altinate-san-gaetano-dal-30-settembre\/","url":"https:\/\/www.bellunopress.it\/2022\/08\/19\/andy-warhol-a-padova-licona-della-pop-art-al-centro-culturale-altinate-san-gaetano-dal-30-settembre\/","name":"Andy Warhol a Padova. L'icona della pop art al Centro Culturale Altinate \/ San Gaetano dal 30 settembre - Bellunopress - Dolomiti","isPartOf":{"@id":"https:\/\/www.bellunopress.it\/#website"},"primaryImageOfPage":{"@id":"https:\/\/www.bellunopress.it\/2022\/08\/19\/andy-warhol-a-padova-licona-della-pop-art-al-centro-culturale-altinate-san-gaetano-dal-30-settembre\/#primaryimage"},"image":{"@id":"https:\/\/www.bellunopress.it\/2022\/08\/19\/andy-warhol-a-padova-licona-della-pop-art-al-centro-culturale-altinate-san-gaetano-dal-30-settembre\/#primaryimage"},"thumbnailUrl":"https:\/\/www.bellunopress.it\/wp-content\/uploads\/2022\/08\/Andy-Warhol_edited.jpg","datePublished":"2022-08-19T09:51:34+00:00","breadcrumb":{"@id":"https:\/\/www.bellunopress.it\/2022\/08\/19\/andy-warhol-a-padova-licona-della-pop-art-al-centro-culturale-altinate-san-gaetano-dal-30-settembre\/#breadcrumb"},"inLanguage":"fr-FR","potentialAction":[{"@type":"ReadAction","target":["https:\/\/www.bellunopress.it\/2022\/08\/19\/andy-warhol-a-padova-licona-della-pop-art-al-centro-culturale-altinate-san-gaetano-dal-30-settembre\/"]}]},{"@type":"ImageObject","inLanguage":"fr-FR","@id":"https:\/\/www.bellunopress.it\/2022\/08\/19\/andy-warhol-a-padova-licona-della-pop-art-al-centro-culturale-altinate-san-gaetano-dal-30-settembre\/#primaryimage","url":"https:\/\/www.bellunopress.it\/wp-content\/uploads\/2022\/08\/Andy-Warhol_edited.jpg","contentUrl":"https:\/\/www.bellunopress.it\/wp-content\/uploads\/2022\/08\/Andy-Warhol_edited.jpg","width":1000,"height":778},{"@type":"BreadcrumbList","@id":"https:\/\/www.bellunopress.it\/2022\/08\/19\/andy-warhol-a-padova-licona-della-pop-art-al-centro-culturale-altinate-san-gaetano-dal-30-settembre\/#breadcrumb","itemListElement":[{"@type":"ListItem","position":1,"name":"Home","item":"https:\/\/www.bellunopress.it\/"},{"@type":"ListItem","position":2,"name":"Andy Warhol a Padova. L&#8217;icona della pop art al Centro Culturale Altinate \/ San Gaetano dal 30 settembre"}]},{"@type":"WebSite","@id":"https:\/\/www.bellunopress.it\/#website","url":"https:\/\/www.bellunopress.it\/","name":"Bellunopress - Dolomiti","description":"e-mail: redazione@bellunopress.it","publisher":{"@id":"https:\/\/www.bellunopress.it\/#organization"},"potentialAction":[{"@type":"SearchAction","target":{"@type":"EntryPoint","urlTemplate":"https:\/\/www.bellunopress.it\/?s={search_term_string}"},"query-input":{"@type":"PropertyValueSpecification","valueRequired":true,"valueName":"search_term_string"}}],"inLanguage":"fr-FR"},{"@type":"Organization","@id":"https:\/\/www.bellunopress.it\/#organization","name":"Bellunopress","url":"https:\/\/www.bellunopress.it\/","logo":{"@type":"ImageObject","inLanguage":"fr-FR","@id":"https:\/\/www.bellunopress.it\/#\/schema\/logo\/image\/","url":"https:\/\/www.bellunopress.it\/wp-content\/uploads\/2011\/05\/cropped-logo-bellunopress-.jpg","contentUrl":"https:\/\/www.bellunopress.it\/wp-content\/uploads\/2011\/05\/cropped-logo-bellunopress-.jpg","width":512,"height":512,"caption":"Bellunopress"},"image":{"@id":"https:\/\/www.bellunopress.it\/#\/schema\/logo\/image\/"},"sameAs":["https:\/\/www.facebook.com\/profile.php?id=100008943462799","https:\/\/x.com\/bellunopress","https:\/\/www.linkedin.com\/hp\/?dnr=JBzUWaJfMUw8vbXJJ2tVW5-I3jZKvC4wsoxE&amp;amp;amp;amp;amp;amp;trk=nav_responsive_tab_home","https:\/\/www.youtube.com\/channel\/UCxL0wu1uN0_3_7hGG0306cw"]},{"@type":"Person","@id":"https:\/\/www.bellunopress.it\/#\/schema\/person\/79bb06722b37ece1c03d3e94beb30d73","name":"r\u00e9daction","image":{"@type":"ImageObject","inLanguage":"fr-FR","@id":"https:\/\/secure.gravatar.com\/avatar\/37d968a2e67a6fd04c169c4bdef102d0bc5d31b2546345219e348575eb80e9a0?s=96&d=mm&r=g","url":"https:\/\/secure.gravatar.com\/avatar\/37d968a2e67a6fd04c169c4bdef102d0bc5d31b2546345219e348575eb80e9a0?s=96&d=mm&r=g","contentUrl":"https:\/\/secure.gravatar.com\/avatar\/37d968a2e67a6fd04c169c4bdef102d0bc5d31b2546345219e348575eb80e9a0?s=96&d=mm&r=g","caption":"redazione"},"sameAs":["http:\/\/www.bellunopress.it","https:\/\/x.com\/bellunopress"],"url":"https:\/\/www.bellunopress.it\/fr\/author\/redazione\/"}]}},"_links":{"self":[{"href":"https:\/\/www.bellunopress.it\/fr\/wp-json\/wp\/v2\/posts\/135859","targetHints":{"allow":["GET"]}}],"collection":[{"href":"https:\/\/www.bellunopress.it\/fr\/wp-json\/wp\/v2\/posts"}],"about":[{"href":"https:\/\/www.bellunopress.it\/fr\/wp-json\/wp\/v2\/types\/post"}],"author":[{"embeddable":true,"href":"https:\/\/www.bellunopress.it\/fr\/wp-json\/wp\/v2\/users\/2"}],"replies":[{"embeddable":true,"href":"https:\/\/www.bellunopress.it\/fr\/wp-json\/wp\/v2\/comments?post=135859"}],"version-history":[{"count":1,"href":"https:\/\/www.bellunopress.it\/fr\/wp-json\/wp\/v2\/posts\/135859\/revisions"}],"predecessor-version":[{"id":135861,"href":"https:\/\/www.bellunopress.it\/fr\/wp-json\/wp\/v2\/posts\/135859\/revisions\/135861"}],"wp:featuredmedia":[{"embeddable":true,"href":"https:\/\/www.bellunopress.it\/fr\/wp-json\/wp\/v2\/media\/135860"}],"wp:attachment":[{"href":"https:\/\/www.bellunopress.it\/fr\/wp-json\/wp\/v2\/media?parent=135859"}],"wp:term":[{"taxonomy":"category","embeddable":true,"href":"https:\/\/www.bellunopress.it\/fr\/wp-json\/wp\/v2\/categories?post=135859"},{"taxonomy":"post_tag","embeddable":true,"href":"https:\/\/www.bellunopress.it\/fr\/wp-json\/wp\/v2\/tags?post=135859"}],"curies":[{"name":"wp","href":"https:\/\/api.w.org\/{rel}","templated":true}]}}