{"id":135805,"date":"2022-08-17T11:38:15","date_gmt":"2022-08-17T09:38:15","guid":{"rendered":"https:\/\/www.bellunopress.it\/?p=135805"},"modified":"2022-08-17T11:38:15","modified_gmt":"2022-08-17T09:38:15","slug":"marco-e-pippo-il-trio-comico-di-successo-venerdi-al-palafeltre","status":"publish","type":"post","link":"https:\/\/www.bellunopress.it\/fr\/2022\/08\/17\/marco-e-pippo-il-trio-comico-di-successo-venerdi-al-palafeltre\/","title":{"rendered":"Marco e Pippo, il trio comico di successo, venerd\u00ec al PalaFeltre"},"content":{"rendered":"<p><img loading=\"lazy\" decoding=\"async\" class=\"alignleft size-full wp-image-135806\" src=\"https:\/\/www.bellunopress.it\/wp-content\/uploads\/2022\/08\/Marco-e-Pippo_edited.jpg\" alt=\"\" width=\"1000\" height=\"659\" srcset=\"https:\/\/www.bellunopress.it\/wp-content\/uploads\/2022\/08\/Marco-e-Pippo_edited.jpg 1000w, https:\/\/www.bellunopress.it\/wp-content\/uploads\/2022\/08\/Marco-e-Pippo_edited-500x330.jpg 500w, https:\/\/www.bellunopress.it\/wp-content\/uploads\/2022\/08\/Marco-e-Pippo_edited-696x459.jpg 696w, https:\/\/www.bellunopress.it\/wp-content\/uploads\/2022\/08\/Marco-e-Pippo_edited-637x420.jpg 637w\" sizes=\"auto, (max-width: 1000px) 100vw, 1000px\" \/>Venerd\u00ec 19 agosto alle 21:30 al PalaFeltre va in scena il trio comico pi\u00f9 esilarante e di successo del momento. Marco e Pippo in &#8220;Finalmente Live! Estate 2022&#8221;<\/p>\n<div class=\"v1moz-forward-container\">\n<div class=\"v1moz-forward-container\">\n<div class=\"v1moz-forward-container\">\n<div class=\"v1moz-forward-container\">\n<div class=\"v1moz-forward-container\">Dopo i 4 strepitosi sold out al Gran Teatro Geox di Padova con pi\u00f9 di 10.000 spettatori e i video comici sui social con 2 milioni di interazioni mensili, il trio comico Marco e Pippo (composto da Marco Zuin, Filippo Borille e Gaetano Ruocco Guadagno), le prime date estive delo spettacolo &#8220;FINALMENTE LIVE&#8221; sono state un successo a partire dal recente sold out di Rosolina Mare e Asiago.<\/p>\n<div>\u00a0&#8220;tuto esaurito&#8221;<\/div>\n<div align=\"center\">&#8220;Da diversi anni affianchiamo alla nostra attivit\u00e0 di spettacoli comici dal vivo, la produzione di video. Sono due linguaggi e due esperienze di comicit\u00e0 completamente diverse, che arrivano anche a pubblici diversi. Il nostro desiderio \u00e8 che la grande fetta di pubblico che ci conosce solo per i video, scelga di vederci agli spettacoli per usufruire della nostra comicit\u00e0 in maniera diversa, con pi\u00f9 carica, energia e coinvolgimento&#8221;<\/div>\n<div align=\"center\">&#8220;C&#8217;\u00e8 voglia e c&#8217;\u00e8 bisogno di ridere! Ci \u00e8 mancato molto lo spettacolo dal vivo e non vediamo l&#8217;ora di ritornare nelle piazze a vivere insieme al pubblico due ore di spensieratezza, in un viaggio comico in cui cambiare pensieri e alleggerire il cuore&#8221;.<\/div>\n<div align=\"justify\"><\/div>\n<div align=\"justify\">&#8220;Finalmente Live! Estate 2022&#8221;\u00a0\u00e8 uno spettacolo brillante, ritmato e sorprendente, a riconferma dell&#8217;importante crescita dei tre artisti.<\/div>\n<div align=\"justify\">Sul palco una serie di sketch esilaranti, sempre attualizzati, con nuovi personaggi come Jean Piere e le sue acconciature &#8220;wow&#8221;, Alberigo Fuffa nella sua rubrica &#8220;Quasi Famosi&#8221; e con gli storici personaggi del trio: Duilio e Ines in perenne terapia di coppia, Vianeo da Mestre nei panni dell&#8217;addetto alla security, Maci e i suoi colloqui di lavoro, le disavventure del nonno Eligio e la badante fino all&#8217;amatissimo assessore Ciano Contin.<\/div>\n<div align=\"justify\">Pur mantenendo l&#8217;impostazione del &#8220;Finalmente Live&#8221; realizzato al Gran Teatro Geox, le nuove date sono attualizzate al periodo estivo. &#8220;I nostri spettacoli non sono LIVE solo perch\u00e8 dal vivo, ma perch\u00e8 sono VIVI! Si trasformano, crescono con noi e si evolvono. E crescono anche insieme al pubblico che \u00e8 parte integrante e fondante!&#8221;<\/div>\n<div align=\"justify\"><\/div>\n<p>Tutte le date e info biglietti su\u00a0<a href=\"https:\/\/webmail.bellunopress.it\/#NOP\" rel=\"noreferrer\">www.marcoepippo.com<\/a>\u00a0\u00a0<a href=\"http:\/\/www.zedlive.com\/\" target=\"_blank\" rel=\"noopener noreferrer\">www.zedlive.com<\/a><\/p>\n<div align=\"justify\"><\/div>\n<div align=\"justify\">Una produzione Zed Entertainment<\/div>\n<div align=\"justify\"><\/div>\n<div align=\"justify\"><\/div>\n<div align=\"justify\"><strong>IL PROGETTO TELEVISIVO<\/strong><\/div>\n<div align=\"justify\">Da Lunedi 4 luglio alle 20:40 su Antenna 3 andr\u00e0 in onda &#8220;Sensaltro show&#8221;: un format di intrattenimento comico, veloce e scoppiettante, con Marco, Pippo, Gaetano e tutti i loro personaggi. Realizzato negli studi della Zed Entertainment, che tanto crede e sta investendo su questi ragazzi, vede anche la presenza e l&#8217;interazione con un piccolo ma fortunato gruppo di pubblico in sala.\u00a0 Come per lo show live, anche in questo progetto il gruppo si avvale della collaborazione di Carlo Negri come co-autore, professionista riconosciuto a livello nazionale e che da due anni \u00e8 a fianco dei ragazzi. (autore fra gli altri del romagnolo Giacobazzi, del Mago Forest e Raul Cremona),\u00a0&#8220;Carlo si \u00e8 posto al nostro fianco con molta professionalit\u00e0 e intelligenza \u2013 dice Gaetano \u2013 il suo sguardo esterno e la sua esperienza a livello nazionale con molti comici ci ha permesso di crescere e confrontarci su piani e metodi diversi dai nostri. Alla base di tutto comunque c&#8217;\u00e8 una cosa fondamentale: insieme a lui ci divertiamo, gli spunti si moltiplicano e lo stimolo \u00e8 per noi vitale&#8221;<\/div>\n<div align=\"justify\">&#8220;Sensaltro Show&#8221; andr\u00e0 in onda su Antenna 3, con 12 puntate inedite per il mese di Luglio e in replica ad Agosto. Saranno trasmesse 3 puntate alla settimana, il luned\u00ec il marted\u00ec e il mercoled\u00ec alle 20,40. Inoltre saranno proposte repliche settimanali gioved\u00ec, venerd\u00ec e sabato alle 11,40 e alle 00,30. La prima puntata andr\u00e0 in onda luned\u00ec 4 luglio.<\/div>\n<div align=\"justify\">Marco e Pippo dal 2005 ad oggi ne hanno fatta di strada. Li abbiamo visti sui palchi delle feste di piazza, fino a &#8220;calcare&#8221; un palco di rilievo come quello del Geox, luogo in cui si sono esibiti artisti nazionali ed internazionali, senza contare il fenomeno video: 2 milioni di interazioni sui social al mese.<\/div>\n<div align=\"justify\">Eppure l&#8217;aspetto pi\u00f9 piacevole per chi ha avuto modo di conoscerli e seguirli fin dall&#8217;inizio, \u00e8 che di fronte ad una innegabile crescita professionale questi tre ragazzi hanno saputo mantenere la loro semplicit\u00e0 genuinit\u00e0, accoglienza e spontaneit\u00e0. Nei loro spettacoli oltre a divertirsi, si sente il calore di una comunit\u00e0, di una famiglia, e ti sembra di conoscerli da sempre.<\/div>\n<div align=\"justify\">Se quest&#8217;estate dunque avete voglia di ridere, che li vediate nei loro spettacoli o in tv o nei social, c&#8217;\u00e8 solo l&#8217;imbarazzo della scelta&#8230; ma suggeriamo a chi non ha avuto il piacere di vederli dal vivo, di non perdere questa occasione!<\/div>\n<\/div>\n<\/div>\n<\/div>\n<\/div>\n<\/div>","protected":false},"excerpt":{"rendered":"<p>Venerd\u00ec 19 agosto alle 21:30 al PalaFeltre va in scena il trio comico pi\u00f9 esilarante e di successo del momento. Marco e Pippo in &#8220;Finalmente Live! Estate 2022&#8221; Dopo i 4 strepitosi sold out al Gran Teatro Geox di Padova con pi\u00f9 di 10.000 spettatori e i video comici sui social con 2 milioni di [&hellip;]<\/p>\n","protected":false},"author":2,"featured_media":135806,"comment_status":"closed","ping_status":"open","sticky":false,"template":"","format":"standard","meta":{"footnotes":""},"categories":[27,3,25],"tags":[],"class_list":["post-135805","post","type-post","status-publish","format-standard","has-post-thumbnail","category-appuntamenti","category-arte-cultura-spettacoli-scienza-archivi","category-pausa-caffe"],"yoast_head":"<!-- This site is optimized with the Yoast SEO plugin v28.4 - https:\/\/yoast.com\/product\/yoast-seo-wordpress\/ -->\n<title>Marco e Pippo, il trio comico di successo, venerd\u00ec al PalaFeltre - Bellunopress - Dolomiti<\/title>\n<meta name=\"robots\" content=\"index, follow, max-snippet:-1, max-image-preview:large, max-video-preview:-1\" \/>\n<link rel=\"canonical\" href=\"https:\/\/www.bellunopress.it\/fr\/2022\/08\/17\/marco-e-pippo-il-trio-comico-di-successo-venerdi-al-palafeltre\/\" \/>\n<meta property=\"og:locale\" content=\"fr_FR\" \/>\n<meta property=\"og:type\" content=\"article\" \/>\n<meta property=\"og:title\" content=\"Marco e Pippo, il trio comico di successo, venerd\u00ec al PalaFeltre - Bellunopress - Dolomiti\" \/>\n<meta property=\"og:description\" content=\"Venerd\u00ec 19 agosto alle 21:30 al PalaFeltre va in scena il trio comico pi\u00f9 esilarante e di successo del momento. Marco e Pippo in &#8220;Finalmente Live! Estate 2022&#8221; Dopo i 4 strepitosi sold out al Gran Teatro Geox di Padova con pi\u00f9 di 10.000 spettatori e i video comici sui social con 2 milioni di [&hellip;]\" \/>\n<meta property=\"og:url\" content=\"https:\/\/www.bellunopress.it\/fr\/2022\/08\/17\/marco-e-pippo-il-trio-comico-di-successo-venerdi-al-palafeltre\/\" \/>\n<meta property=\"og:site_name\" content=\"Bellunopress - Dolomiti\" \/>\n<meta property=\"article:publisher\" content=\"https:\/\/www.facebook.com\/profile.php?id=100008943462799\" \/>\n<meta property=\"article:published_time\" content=\"2022-08-17T09:38:15+00:00\" \/>\n<meta property=\"og:image\" content=\"https:\/\/www.bellunopress.it\/wp-content\/uploads\/2022\/08\/Marco-e-Pippo_edited.jpg\" \/>\n\t<meta property=\"og:image:width\" content=\"1000\" \/>\n\t<meta property=\"og:image:height\" content=\"659\" \/>\n\t<meta property=\"og:image:type\" content=\"image\/jpeg\" \/>\n<meta name=\"author\" content=\"redazione\" \/>\n<meta name=\"twitter:card\" content=\"summary_large_image\" \/>\n<meta name=\"twitter:creator\" content=\"@bellunopress\" \/>\n<meta name=\"twitter:site\" content=\"@bellunopress\" \/>\n<meta name=\"twitter:label1\" content=\"\u00c9crit par\" \/>\n\t<meta name=\"twitter:data1\" content=\"redazione\" \/>\n\t<meta name=\"twitter:label2\" content=\"Dur\u00e9e de lecture estim\u00e9e\" \/>\n\t<meta name=\"twitter:data2\" content=\"5 minutes\" \/>\n<script type=\"application\/ld+json\" class=\"yoast-schema-graph\">{\"@context\":\"https:\\\/\\\/schema.org\",\"@graph\":[{\"@type\":\"Article\",\"@id\":\"https:\\\/\\\/www.bellunopress.it\\\/2022\\\/08\\\/17\\\/marco-e-pippo-il-trio-comico-di-successo-venerdi-al-palafeltre\\\/#article\",\"isPartOf\":{\"@id\":\"https:\\\/\\\/www.bellunopress.it\\\/2022\\\/08\\\/17\\\/marco-e-pippo-il-trio-comico-di-successo-venerdi-al-palafeltre\\\/\"},\"author\":{\"name\":\"redazione\",\"@id\":\"https:\\\/\\\/www.bellunopress.it\\\/#\\\/schema\\\/person\\\/79bb06722b37ece1c03d3e94beb30d73\"},\"headline\":\"Marco e Pippo, il trio comico di successo, venerd\u00ec al PalaFeltre\",\"datePublished\":\"2022-08-17T09:38:15+00:00\",\"mainEntityOfPage\":{\"@id\":\"https:\\\/\\\/www.bellunopress.it\\\/2022\\\/08\\\/17\\\/marco-e-pippo-il-trio-comico-di-successo-venerdi-al-palafeltre\\\/\"},\"wordCount\":759,\"publisher\":{\"@id\":\"https:\\\/\\\/www.bellunopress.it\\\/#organization\"},\"image\":{\"@id\":\"https:\\\/\\\/www.bellunopress.it\\\/2022\\\/08\\\/17\\\/marco-e-pippo-il-trio-comico-di-successo-venerdi-al-palafeltre\\\/#primaryimage\"},\"thumbnailUrl\":\"https:\\\/\\\/www.bellunopress.it\\\/wp-content\\\/uploads\\\/2022\\\/08\\\/Marco-e-Pippo_edited.jpg\",\"articleSection\":[\"Appuntamenti, Eventi\",\"Arte, Cultura, Spettacoli, Scienza\",\"Pausa Caff\u00e8\"],\"inLanguage\":\"fr-FR\"},{\"@type\":\"WebPage\",\"@id\":\"https:\\\/\\\/www.bellunopress.it\\\/2022\\\/08\\\/17\\\/marco-e-pippo-il-trio-comico-di-successo-venerdi-al-palafeltre\\\/\",\"url\":\"https:\\\/\\\/www.bellunopress.it\\\/2022\\\/08\\\/17\\\/marco-e-pippo-il-trio-comico-di-successo-venerdi-al-palafeltre\\\/\",\"name\":\"Marco e Pippo, il trio comico di successo, venerd\u00ec al PalaFeltre - Bellunopress - Dolomiti\",\"isPartOf\":{\"@id\":\"https:\\\/\\\/www.bellunopress.it\\\/#website\"},\"primaryImageOfPage\":{\"@id\":\"https:\\\/\\\/www.bellunopress.it\\\/2022\\\/08\\\/17\\\/marco-e-pippo-il-trio-comico-di-successo-venerdi-al-palafeltre\\\/#primaryimage\"},\"image\":{\"@id\":\"https:\\\/\\\/www.bellunopress.it\\\/2022\\\/08\\\/17\\\/marco-e-pippo-il-trio-comico-di-successo-venerdi-al-palafeltre\\\/#primaryimage\"},\"thumbnailUrl\":\"https:\\\/\\\/www.bellunopress.it\\\/wp-content\\\/uploads\\\/2022\\\/08\\\/Marco-e-Pippo_edited.jpg\",\"datePublished\":\"2022-08-17T09:38:15+00:00\",\"breadcrumb\":{\"@id\":\"https:\\\/\\\/www.bellunopress.it\\\/2022\\\/08\\\/17\\\/marco-e-pippo-il-trio-comico-di-successo-venerdi-al-palafeltre\\\/#breadcrumb\"},\"inLanguage\":\"fr-FR\",\"potentialAction\":[{\"@type\":\"ReadAction\",\"target\":[\"https:\\\/\\\/www.bellunopress.it\\\/2022\\\/08\\\/17\\\/marco-e-pippo-il-trio-comico-di-successo-venerdi-al-palafeltre\\\/\"]}]},{\"@type\":\"ImageObject\",\"inLanguage\":\"fr-FR\",\"@id\":\"https:\\\/\\\/www.bellunopress.it\\\/2022\\\/08\\\/17\\\/marco-e-pippo-il-trio-comico-di-successo-venerdi-al-palafeltre\\\/#primaryimage\",\"url\":\"https:\\\/\\\/www.bellunopress.it\\\/wp-content\\\/uploads\\\/2022\\\/08\\\/Marco-e-Pippo_edited.jpg\",\"contentUrl\":\"https:\\\/\\\/www.bellunopress.it\\\/wp-content\\\/uploads\\\/2022\\\/08\\\/Marco-e-Pippo_edited.jpg\",\"width\":1000,\"height\":659},{\"@type\":\"BreadcrumbList\",\"@id\":\"https:\\\/\\\/www.bellunopress.it\\\/2022\\\/08\\\/17\\\/marco-e-pippo-il-trio-comico-di-successo-venerdi-al-palafeltre\\\/#breadcrumb\",\"itemListElement\":[{\"@type\":\"ListItem\",\"position\":1,\"name\":\"Home\",\"item\":\"https:\\\/\\\/www.bellunopress.it\\\/\"},{\"@type\":\"ListItem\",\"position\":2,\"name\":\"Marco e Pippo, il trio comico di successo, venerd\u00ec al PalaFeltre\"}]},{\"@type\":\"WebSite\",\"@id\":\"https:\\\/\\\/www.bellunopress.it\\\/#website\",\"url\":\"https:\\\/\\\/www.bellunopress.it\\\/\",\"name\":\"Bellunopress - Dolomiti\",\"description\":\"e-mail: redazione@bellunopress.it\",\"publisher\":{\"@id\":\"https:\\\/\\\/www.bellunopress.it\\\/#organization\"},\"potentialAction\":[{\"@type\":\"SearchAction\",\"target\":{\"@type\":\"EntryPoint\",\"urlTemplate\":\"https:\\\/\\\/www.bellunopress.it\\\/?s={search_term_string}\"},\"query-input\":{\"@type\":\"PropertyValueSpecification\",\"valueRequired\":true,\"valueName\":\"search_term_string\"}}],\"inLanguage\":\"fr-FR\"},{\"@type\":\"Organization\",\"@id\":\"https:\\\/\\\/www.bellunopress.it\\\/#organization\",\"name\":\"Bellunopress\",\"url\":\"https:\\\/\\\/www.bellunopress.it\\\/\",\"logo\":{\"@type\":\"ImageObject\",\"inLanguage\":\"fr-FR\",\"@id\":\"https:\\\/\\\/www.bellunopress.it\\\/#\\\/schema\\\/logo\\\/image\\\/\",\"url\":\"https:\\\/\\\/www.bellunopress.it\\\/wp-content\\\/uploads\\\/2011\\\/05\\\/cropped-logo-bellunopress-.jpg\",\"contentUrl\":\"https:\\\/\\\/www.bellunopress.it\\\/wp-content\\\/uploads\\\/2011\\\/05\\\/cropped-logo-bellunopress-.jpg\",\"width\":512,\"height\":512,\"caption\":\"Bellunopress\"},\"image\":{\"@id\":\"https:\\\/\\\/www.bellunopress.it\\\/#\\\/schema\\\/logo\\\/image\\\/\"},\"sameAs\":[\"https:\\\/\\\/www.facebook.com\\\/profile.php?id=100008943462799\",\"https:\\\/\\\/x.com\\\/bellunopress\",\"https:\\\/\\\/www.linkedin.com\\\/hp\\\/?dnr=JBzUWaJfMUw8vbXJJ2tVW5-I3jZKvC4wsoxE&amp;amp;amp;amp;amp;amp;trk=nav_responsive_tab_home\",\"https:\\\/\\\/www.youtube.com\\\/channel\\\/UCxL0wu1uN0_3_7hGG0306cw\"]},{\"@type\":\"Person\",\"@id\":\"https:\\\/\\\/www.bellunopress.it\\\/#\\\/schema\\\/person\\\/79bb06722b37ece1c03d3e94beb30d73\",\"name\":\"redazione\",\"image\":{\"@type\":\"ImageObject\",\"inLanguage\":\"fr-FR\",\"@id\":\"https:\\\/\\\/secure.gravatar.com\\\/avatar\\\/37d968a2e67a6fd04c169c4bdef102d0bc5d31b2546345219e348575eb80e9a0?s=96&d=mm&r=g\",\"url\":\"https:\\\/\\\/secure.gravatar.com\\\/avatar\\\/37d968a2e67a6fd04c169c4bdef102d0bc5d31b2546345219e348575eb80e9a0?s=96&d=mm&r=g\",\"contentUrl\":\"https:\\\/\\\/secure.gravatar.com\\\/avatar\\\/37d968a2e67a6fd04c169c4bdef102d0bc5d31b2546345219e348575eb80e9a0?s=96&d=mm&r=g\",\"caption\":\"redazione\"},\"sameAs\":[\"http:\\\/\\\/www.bellunopress.it\",\"https:\\\/\\\/x.com\\\/bellunopress\"],\"url\":\"https:\\\/\\\/www.bellunopress.it\\\/fr\\\/author\\\/redazione\\\/\"}]}<\/script>\n<!-- \/ Yoast SEO plugin. -->","yoast_head_json":{"title":"Marco e Pippo, il trio comico di successo, venerd\u00ec al PalaFeltre - Bellunopress - Dolomiti","robots":{"index":"index","follow":"follow","max-snippet":"max-snippet:-1","max-image-preview":"max-image-preview:large","max-video-preview":"max-video-preview:-1"},"canonical":"https:\/\/www.bellunopress.it\/fr\/2022\/08\/17\/marco-e-pippo-il-trio-comico-di-successo-venerdi-al-palafeltre\/","og_locale":"fr_FR","og_type":"article","og_title":"Marco e Pippo, il trio comico di successo, venerd\u00ec al PalaFeltre - Bellunopress - Dolomiti","og_description":"Venerd\u00ec 19 agosto alle 21:30 al PalaFeltre va in scena il trio comico pi\u00f9 esilarante e di successo del momento. Marco e Pippo in &#8220;Finalmente Live! Estate 2022&#8221; Dopo i 4 strepitosi sold out al Gran Teatro Geox di Padova con pi\u00f9 di 10.000 spettatori e i video comici sui social con 2 milioni di [&hellip;]","og_url":"https:\/\/www.bellunopress.it\/fr\/2022\/08\/17\/marco-e-pippo-il-trio-comico-di-successo-venerdi-al-palafeltre\/","og_site_name":"Bellunopress - Dolomiti","article_publisher":"https:\/\/www.facebook.com\/profile.php?id=100008943462799","article_published_time":"2022-08-17T09:38:15+00:00","og_image":[{"width":1000,"height":659,"url":"https:\/\/www.bellunopress.it\/wp-content\/uploads\/2022\/08\/Marco-e-Pippo_edited.jpg","type":"image\/jpeg"}],"author":"redazione","twitter_card":"summary_large_image","twitter_creator":"@bellunopress","twitter_site":"@bellunopress","twitter_misc":{"\u00c9crit par":"redazione","Dur\u00e9e de lecture estim\u00e9e":"5 minutes"},"schema":{"@context":"https:\/\/schema.org","@graph":[{"@type":"Article","@id":"https:\/\/www.bellunopress.it\/2022\/08\/17\/marco-e-pippo-il-trio-comico-di-successo-venerdi-al-palafeltre\/#article","isPartOf":{"@id":"https:\/\/www.bellunopress.it\/2022\/08\/17\/marco-e-pippo-il-trio-comico-di-successo-venerdi-al-palafeltre\/"},"author":{"name":"redazione","@id":"https:\/\/www.bellunopress.it\/#\/schema\/person\/79bb06722b37ece1c03d3e94beb30d73"},"headline":"Marco e Pippo, il trio comico di successo, venerd\u00ec al PalaFeltre","datePublished":"2022-08-17T09:38:15+00:00","mainEntityOfPage":{"@id":"https:\/\/www.bellunopress.it\/2022\/08\/17\/marco-e-pippo-il-trio-comico-di-successo-venerdi-al-palafeltre\/"},"wordCount":759,"publisher":{"@id":"https:\/\/www.bellunopress.it\/#organization"},"image":{"@id":"https:\/\/www.bellunopress.it\/2022\/08\/17\/marco-e-pippo-il-trio-comico-di-successo-venerdi-al-palafeltre\/#primaryimage"},"thumbnailUrl":"https:\/\/www.bellunopress.it\/wp-content\/uploads\/2022\/08\/Marco-e-Pippo_edited.jpg","articleSection":["Appuntamenti, Eventi","Arte, Cultura, Spettacoli, Scienza","Pausa Caff\u00e8"],"inLanguage":"fr-FR"},{"@type":"WebPage","@id":"https:\/\/www.bellunopress.it\/2022\/08\/17\/marco-e-pippo-il-trio-comico-di-successo-venerdi-al-palafeltre\/","url":"https:\/\/www.bellunopress.it\/2022\/08\/17\/marco-e-pippo-il-trio-comico-di-successo-venerdi-al-palafeltre\/","name":"Marco e Pippo, il trio comico di successo, venerd\u00ec al PalaFeltre - Bellunopress - Dolomiti","isPartOf":{"@id":"https:\/\/www.bellunopress.it\/#website"},"primaryImageOfPage":{"@id":"https:\/\/www.bellunopress.it\/2022\/08\/17\/marco-e-pippo-il-trio-comico-di-successo-venerdi-al-palafeltre\/#primaryimage"},"image":{"@id":"https:\/\/www.bellunopress.it\/2022\/08\/17\/marco-e-pippo-il-trio-comico-di-successo-venerdi-al-palafeltre\/#primaryimage"},"thumbnailUrl":"https:\/\/www.bellunopress.it\/wp-content\/uploads\/2022\/08\/Marco-e-Pippo_edited.jpg","datePublished":"2022-08-17T09:38:15+00:00","breadcrumb":{"@id":"https:\/\/www.bellunopress.it\/2022\/08\/17\/marco-e-pippo-il-trio-comico-di-successo-venerdi-al-palafeltre\/#breadcrumb"},"inLanguage":"fr-FR","potentialAction":[{"@type":"ReadAction","target":["https:\/\/www.bellunopress.it\/2022\/08\/17\/marco-e-pippo-il-trio-comico-di-successo-venerdi-al-palafeltre\/"]}]},{"@type":"ImageObject","inLanguage":"fr-FR","@id":"https:\/\/www.bellunopress.it\/2022\/08\/17\/marco-e-pippo-il-trio-comico-di-successo-venerdi-al-palafeltre\/#primaryimage","url":"https:\/\/www.bellunopress.it\/wp-content\/uploads\/2022\/08\/Marco-e-Pippo_edited.jpg","contentUrl":"https:\/\/www.bellunopress.it\/wp-content\/uploads\/2022\/08\/Marco-e-Pippo_edited.jpg","width":1000,"height":659},{"@type":"BreadcrumbList","@id":"https:\/\/www.bellunopress.it\/2022\/08\/17\/marco-e-pippo-il-trio-comico-di-successo-venerdi-al-palafeltre\/#breadcrumb","itemListElement":[{"@type":"ListItem","position":1,"name":"Home","item":"https:\/\/www.bellunopress.it\/"},{"@type":"ListItem","position":2,"name":"Marco e Pippo, il trio comico di successo, venerd\u00ec al PalaFeltre"}]},{"@type":"WebSite","@id":"https:\/\/www.bellunopress.it\/#website","url":"https:\/\/www.bellunopress.it\/","name":"Bellunopress - Dolomiti","description":"e-mail: redazione@bellunopress.it","publisher":{"@id":"https:\/\/www.bellunopress.it\/#organization"},"potentialAction":[{"@type":"SearchAction","target":{"@type":"EntryPoint","urlTemplate":"https:\/\/www.bellunopress.it\/?s={search_term_string}"},"query-input":{"@type":"PropertyValueSpecification","valueRequired":true,"valueName":"search_term_string"}}],"inLanguage":"fr-FR"},{"@type":"Organization","@id":"https:\/\/www.bellunopress.it\/#organization","name":"Bellunopress","url":"https:\/\/www.bellunopress.it\/","logo":{"@type":"ImageObject","inLanguage":"fr-FR","@id":"https:\/\/www.bellunopress.it\/#\/schema\/logo\/image\/","url":"https:\/\/www.bellunopress.it\/wp-content\/uploads\/2011\/05\/cropped-logo-bellunopress-.jpg","contentUrl":"https:\/\/www.bellunopress.it\/wp-content\/uploads\/2011\/05\/cropped-logo-bellunopress-.jpg","width":512,"height":512,"caption":"Bellunopress"},"image":{"@id":"https:\/\/www.bellunopress.it\/#\/schema\/logo\/image\/"},"sameAs":["https:\/\/www.facebook.com\/profile.php?id=100008943462799","https:\/\/x.com\/bellunopress","https:\/\/www.linkedin.com\/hp\/?dnr=JBzUWaJfMUw8vbXJJ2tVW5-I3jZKvC4wsoxE&amp;amp;amp;amp;amp;amp;trk=nav_responsive_tab_home","https:\/\/www.youtube.com\/channel\/UCxL0wu1uN0_3_7hGG0306cw"]},{"@type":"Person","@id":"https:\/\/www.bellunopress.it\/#\/schema\/person\/79bb06722b37ece1c03d3e94beb30d73","name":"r\u00e9daction","image":{"@type":"ImageObject","inLanguage":"fr-FR","@id":"https:\/\/secure.gravatar.com\/avatar\/37d968a2e67a6fd04c169c4bdef102d0bc5d31b2546345219e348575eb80e9a0?s=96&d=mm&r=g","url":"https:\/\/secure.gravatar.com\/avatar\/37d968a2e67a6fd04c169c4bdef102d0bc5d31b2546345219e348575eb80e9a0?s=96&d=mm&r=g","contentUrl":"https:\/\/secure.gravatar.com\/avatar\/37d968a2e67a6fd04c169c4bdef102d0bc5d31b2546345219e348575eb80e9a0?s=96&d=mm&r=g","caption":"redazione"},"sameAs":["http:\/\/www.bellunopress.it","https:\/\/x.com\/bellunopress"],"url":"https:\/\/www.bellunopress.it\/fr\/author\/redazione\/"}]}},"_links":{"self":[{"href":"https:\/\/www.bellunopress.it\/fr\/wp-json\/wp\/v2\/posts\/135805","targetHints":{"allow":["GET"]}}],"collection":[{"href":"https:\/\/www.bellunopress.it\/fr\/wp-json\/wp\/v2\/posts"}],"about":[{"href":"https:\/\/www.bellunopress.it\/fr\/wp-json\/wp\/v2\/types\/post"}],"author":[{"embeddable":true,"href":"https:\/\/www.bellunopress.it\/fr\/wp-json\/wp\/v2\/users\/2"}],"replies":[{"embeddable":true,"href":"https:\/\/www.bellunopress.it\/fr\/wp-json\/wp\/v2\/comments?post=135805"}],"version-history":[{"count":1,"href":"https:\/\/www.bellunopress.it\/fr\/wp-json\/wp\/v2\/posts\/135805\/revisions"}],"predecessor-version":[{"id":135807,"href":"https:\/\/www.bellunopress.it\/fr\/wp-json\/wp\/v2\/posts\/135805\/revisions\/135807"}],"wp:featuredmedia":[{"embeddable":true,"href":"https:\/\/www.bellunopress.it\/fr\/wp-json\/wp\/v2\/media\/135806"}],"wp:attachment":[{"href":"https:\/\/www.bellunopress.it\/fr\/wp-json\/wp\/v2\/media?parent=135805"}],"wp:term":[{"taxonomy":"category","embeddable":true,"href":"https:\/\/www.bellunopress.it\/fr\/wp-json\/wp\/v2\/categories?post=135805"},{"taxonomy":"post_tag","embeddable":true,"href":"https:\/\/www.bellunopress.it\/fr\/wp-json\/wp\/v2\/tags?post=135805"}],"curies":[{"name":"wp","href":"https:\/\/api.w.org\/{rel}","templated":true}]}}