{"id":135800,"date":"2022-08-16T22:05:49","date_gmt":"2022-08-16T20:05:49","guid":{"rendered":"https:\/\/www.bellunopress.it\/?p=135800"},"modified":"2022-08-16T22:05:49","modified_gmt":"2022-08-16T20:05:49","slug":"gli-interventi-di-soccorso-in-montagna-di-oggi","status":"publish","type":"post","link":"https:\/\/www.bellunopress.it\/fr\/2022\/08\/16\/gli-interventi-di-soccorso-in-montagna-di-oggi\/","title":{"rendered":"Gli interventi di soccorso in montagna di oggi"},"content":{"rendered":"<p><img loading=\"lazy\" decoding=\"async\" class=\"alignleft size-full wp-image-127673\" src=\"https:\/\/www.bellunopress.it\/wp-content\/uploads\/2021\/09\/soccorso-alpino_edited.jpg\" alt=\"\" width=\"600\" height=\"800\" srcset=\"https:\/\/www.bellunopress.it\/wp-content\/uploads\/2021\/09\/soccorso-alpino_edited.jpg 600w, https:\/\/www.bellunopress.it\/wp-content\/uploads\/2021\/09\/soccorso-alpino_edited-375x500.jpg 375w, https:\/\/www.bellunopress.it\/wp-content\/uploads\/2021\/09\/soccorso-alpino_edited-315x420.jpg 315w\" sizes=\"auto, (max-width: 600px) 100vw, 600px\" \/>Quero &#8211; Vas (BL), 16 &#8211; 08 &#8211; 22 &#8211;\u00a0 Impegnato lungo l&#8217;Alta Via degli Eroi dopo essere partito ieri da Porcen e aver pernottato a Malga Paoda, questa mattina un 28enne di Bari ha deciso di raggiungere la Val Dumela percorrendo la Cengia di Prada, un sentiero esposto con alcuni tratti attrezzati. Dopo aver oltrepassato una rampa erbosa dritta, resa scivolosa dalla pioggia, il ragazzo \u00e8 riuscito a superare un primo canalino attrezzato, ma subito dopo si \u00e8 sbilanciato e tenda e zaino sono ruzzolati a valle. Il giovane ha recuperato la tenda \u00e8 risalito per tornare alla malga. Purtroppo arrivato al canale \u00e8 scivolato ruzzolando una ventina di metri e perdendo nuovamente la tenda. Pur dolorante per le escoriazioni riportate e le botte prese \u00e8 salito ancora sul sentiero ed \u00e8 tornato a Malga Paoda dove, ancora provato dall&#8217;esperienza, ha contattato il 118 \u00e8 chiesto aiuto per recuperate lo zaino contenete i suoi effetti personali. Allertata verso le 13.20 una squadra del Soccorso alpino di Feltre ha raggiunto il ragazzo e con lui, assicurato con la corda nel tratto pi\u00f9 impegnativo, si \u00e8 fatta guidare fino al punto dove aveva perso lo zaino. I soccorritori sono quindi scesi e glielo hanno recuperato per poi ritrovare per lui anche la tenda. Infine la squadra \u00e8 rientrata con il giovane a valle e lo ha accompagnato al pronto soccorso per le opportune verifiche.<\/p>\n<p>Cortina d&#8217;Ampezzo (BL), 16 &#8211; 08 &#8211; 22 &#8211; Verso le 15 una squadra del Soccorso alpino di Cortina ha raggiunto con il fuoristrada la falesia del Piccolo Lagazuoi, dove una freeclimber, messo male un piede, aveva riportato la probabile slogatura della caviglia. La 31enne di Spinea (VE) \u00e8 stata quindi accompagnata all&#8217;ospedale di Cortina.<\/p>\n<p>Val DI Zoldo (BL), 16 &#8211; 08 &#8211; 22\u00a0 \u00a0&#8211;\u00a0 Attorno alle 14 la Centrale del Suem \u00e8 stata allertata per un escursionista che, messo male un braccio risalendo con tre amici la Ferrata degli Alleghesi in Civetta, aveva riportato la probabile lussazione di una spalla. Individuato a 2.700 metri di altitudine il punto in cui si trovava il 34enne di Padova, all&#8217;altezza del secondo camino, l&#8217;elicottero del Suem di Pieve di Cadore ha calato il tecnico di elisoccorso con un verricello di 60 metri. L&#8217;infortunato \u00e8 stato quindi imbarcato &#8211; assieme a lui uno dei compagni per una successiva eventuale assistenza &#8211; e trasportato all&#8217;ospedale di Agordo. Gli altri due amici hanno proseguito in autonomia.<\/p>\n<p>&nbsp;<\/p>","protected":false},"excerpt":{"rendered":"<p>Quero &#8211; Vas (BL), 16 &#8211; 08 &#8211; 22 &#8211;\u00a0 Impegnato lungo l&#8217;Alta Via degli Eroi dopo essere partito ieri da Porcen e aver pernottato a Malga Paoda, questa mattina un 28enne di Bari ha deciso di raggiungere la Val Dumela percorrendo la Cengia di Prada, un sentiero esposto con alcuni tratti attrezzati. Dopo aver [&hellip;]<\/p>\n","protected":false},"author":2,"featured_media":125428,"comment_status":"closed","ping_status":"open","sticky":false,"template":"","format":"standard","meta":{"footnotes":""},"categories":[5],"tags":[],"class_list":["post-135800","post","type-post","status-publish","format-standard","has-post-thumbnail","category-cronaca"],"yoast_head":"<!-- This site is optimized with the Yoast SEO plugin v28.4 - https:\/\/yoast.com\/product\/yoast-seo-wordpress\/ -->\n<title>Gli interventi di soccorso in montagna di oggi - Bellunopress - Dolomiti<\/title>\n<meta name=\"robots\" content=\"index, follow, max-snippet:-1, max-image-preview:large, max-video-preview:-1\" \/>\n<link rel=\"canonical\" href=\"https:\/\/www.bellunopress.it\/fr\/2022\/08\/16\/gli-interventi-di-soccorso-in-montagna-di-oggi\/\" \/>\n<meta property=\"og:locale\" content=\"fr_FR\" \/>\n<meta property=\"og:type\" content=\"article\" \/>\n<meta property=\"og:title\" content=\"Gli interventi di soccorso in montagna di oggi - Bellunopress - Dolomiti\" \/>\n<meta property=\"og:description\" content=\"Quero &#8211; Vas (BL), 16 &#8211; 08 &#8211; 22 &#8211;\u00a0 Impegnato lungo l&#8217;Alta Via degli Eroi dopo essere partito ieri da Porcen e aver pernottato a Malga Paoda, questa mattina un 28enne di Bari ha deciso di raggiungere la Val Dumela percorrendo la Cengia di Prada, un sentiero esposto con alcuni tratti attrezzati. Dopo aver [&hellip;]\" \/>\n<meta property=\"og:url\" content=\"https:\/\/www.bellunopress.it\/fr\/2022\/08\/16\/gli-interventi-di-soccorso-in-montagna-di-oggi\/\" \/>\n<meta property=\"og:site_name\" content=\"Bellunopress - Dolomiti\" \/>\n<meta property=\"article:publisher\" content=\"https:\/\/www.facebook.com\/profile.php?id=100008943462799\" \/>\n<meta property=\"article:published_time\" content=\"2022-08-16T20:05:49+00:00\" \/>\n<meta property=\"og:image\" content=\"https:\/\/www.bellunopress.it\/wp-content\/uploads\/2021\/06\/soccorso-118.jpg\" \/>\n\t<meta property=\"og:image:width\" content=\"800\" \/>\n\t<meta property=\"og:image:height\" content=\"613\" \/>\n\t<meta property=\"og:image:type\" content=\"image\/jpeg\" \/>\n<meta name=\"author\" content=\"redazione\" \/>\n<meta name=\"twitter:card\" content=\"summary_large_image\" \/>\n<meta name=\"twitter:creator\" content=\"@bellunopress\" \/>\n<meta name=\"twitter:site\" content=\"@bellunopress\" \/>\n<meta name=\"twitter:label1\" content=\"\u00c9crit par\" \/>\n\t<meta name=\"twitter:data1\" content=\"redazione\" \/>\n\t<meta name=\"twitter:label2\" content=\"Dur\u00e9e de lecture estim\u00e9e\" \/>\n\t<meta name=\"twitter:data2\" content=\"3 minutes\" \/>\n<script type=\"application\/ld+json\" class=\"yoast-schema-graph\">{\"@context\":\"https:\\\/\\\/schema.org\",\"@graph\":[{\"@type\":\"Article\",\"@id\":\"https:\\\/\\\/www.bellunopress.it\\\/2022\\\/08\\\/16\\\/gli-interventi-di-soccorso-in-montagna-di-oggi\\\/#article\",\"isPartOf\":{\"@id\":\"https:\\\/\\\/www.bellunopress.it\\\/2022\\\/08\\\/16\\\/gli-interventi-di-soccorso-in-montagna-di-oggi\\\/\"},\"author\":{\"name\":\"redazione\",\"@id\":\"https:\\\/\\\/www.bellunopress.it\\\/#\\\/schema\\\/person\\\/79bb06722b37ece1c03d3e94beb30d73\"},\"headline\":\"Gli interventi di soccorso in montagna di oggi\",\"datePublished\":\"2022-08-16T20:05:49+00:00\",\"mainEntityOfPage\":{\"@id\":\"https:\\\/\\\/www.bellunopress.it\\\/2022\\\/08\\\/16\\\/gli-interventi-di-soccorso-in-montagna-di-oggi\\\/\"},\"wordCount\":394,\"publisher\":{\"@id\":\"https:\\\/\\\/www.bellunopress.it\\\/#organization\"},\"image\":{\"@id\":\"https:\\\/\\\/www.bellunopress.it\\\/2022\\\/08\\\/16\\\/gli-interventi-di-soccorso-in-montagna-di-oggi\\\/#primaryimage\"},\"thumbnailUrl\":\"https:\\\/\\\/www.bellunopress.it\\\/wp-content\\\/uploads\\\/2021\\\/06\\\/soccorso-118.jpg\",\"articleSection\":[\"Cronaca\\\/Politica\"],\"inLanguage\":\"fr-FR\"},{\"@type\":\"WebPage\",\"@id\":\"https:\\\/\\\/www.bellunopress.it\\\/2022\\\/08\\\/16\\\/gli-interventi-di-soccorso-in-montagna-di-oggi\\\/\",\"url\":\"https:\\\/\\\/www.bellunopress.it\\\/2022\\\/08\\\/16\\\/gli-interventi-di-soccorso-in-montagna-di-oggi\\\/\",\"name\":\"Gli interventi di soccorso in montagna di oggi - Bellunopress - Dolomiti\",\"isPartOf\":{\"@id\":\"https:\\\/\\\/www.bellunopress.it\\\/#website\"},\"primaryImageOfPage\":{\"@id\":\"https:\\\/\\\/www.bellunopress.it\\\/2022\\\/08\\\/16\\\/gli-interventi-di-soccorso-in-montagna-di-oggi\\\/#primaryimage\"},\"image\":{\"@id\":\"https:\\\/\\\/www.bellunopress.it\\\/2022\\\/08\\\/16\\\/gli-interventi-di-soccorso-in-montagna-di-oggi\\\/#primaryimage\"},\"thumbnailUrl\":\"https:\\\/\\\/www.bellunopress.it\\\/wp-content\\\/uploads\\\/2021\\\/06\\\/soccorso-118.jpg\",\"datePublished\":\"2022-08-16T20:05:49+00:00\",\"breadcrumb\":{\"@id\":\"https:\\\/\\\/www.bellunopress.it\\\/2022\\\/08\\\/16\\\/gli-interventi-di-soccorso-in-montagna-di-oggi\\\/#breadcrumb\"},\"inLanguage\":\"fr-FR\",\"potentialAction\":[{\"@type\":\"ReadAction\",\"target\":[\"https:\\\/\\\/www.bellunopress.it\\\/2022\\\/08\\\/16\\\/gli-interventi-di-soccorso-in-montagna-di-oggi\\\/\"]}]},{\"@type\":\"ImageObject\",\"inLanguage\":\"fr-FR\",\"@id\":\"https:\\\/\\\/www.bellunopress.it\\\/2022\\\/08\\\/16\\\/gli-interventi-di-soccorso-in-montagna-di-oggi\\\/#primaryimage\",\"url\":\"https:\\\/\\\/www.bellunopress.it\\\/wp-content\\\/uploads\\\/2021\\\/06\\\/soccorso-118.jpg\",\"contentUrl\":\"https:\\\/\\\/www.bellunopress.it\\\/wp-content\\\/uploads\\\/2021\\\/06\\\/soccorso-118.jpg\",\"width\":800,\"height\":613},{\"@type\":\"BreadcrumbList\",\"@id\":\"https:\\\/\\\/www.bellunopress.it\\\/2022\\\/08\\\/16\\\/gli-interventi-di-soccorso-in-montagna-di-oggi\\\/#breadcrumb\",\"itemListElement\":[{\"@type\":\"ListItem\",\"position\":1,\"name\":\"Home\",\"item\":\"https:\\\/\\\/www.bellunopress.it\\\/\"},{\"@type\":\"ListItem\",\"position\":2,\"name\":\"Gli interventi di soccorso in montagna di oggi\"}]},{\"@type\":\"WebSite\",\"@id\":\"https:\\\/\\\/www.bellunopress.it\\\/#website\",\"url\":\"https:\\\/\\\/www.bellunopress.it\\\/\",\"name\":\"Bellunopress - Dolomiti\",\"description\":\"e-mail: redazione@bellunopress.it\",\"publisher\":{\"@id\":\"https:\\\/\\\/www.bellunopress.it\\\/#organization\"},\"potentialAction\":[{\"@type\":\"SearchAction\",\"target\":{\"@type\":\"EntryPoint\",\"urlTemplate\":\"https:\\\/\\\/www.bellunopress.it\\\/?s={search_term_string}\"},\"query-input\":{\"@type\":\"PropertyValueSpecification\",\"valueRequired\":true,\"valueName\":\"search_term_string\"}}],\"inLanguage\":\"fr-FR\"},{\"@type\":\"Organization\",\"@id\":\"https:\\\/\\\/www.bellunopress.it\\\/#organization\",\"name\":\"Bellunopress\",\"url\":\"https:\\\/\\\/www.bellunopress.it\\\/\",\"logo\":{\"@type\":\"ImageObject\",\"inLanguage\":\"fr-FR\",\"@id\":\"https:\\\/\\\/www.bellunopress.it\\\/#\\\/schema\\\/logo\\\/image\\\/\",\"url\":\"https:\\\/\\\/www.bellunopress.it\\\/wp-content\\\/uploads\\\/2011\\\/05\\\/cropped-logo-bellunopress-.jpg\",\"contentUrl\":\"https:\\\/\\\/www.bellunopress.it\\\/wp-content\\\/uploads\\\/2011\\\/05\\\/cropped-logo-bellunopress-.jpg\",\"width\":512,\"height\":512,\"caption\":\"Bellunopress\"},\"image\":{\"@id\":\"https:\\\/\\\/www.bellunopress.it\\\/#\\\/schema\\\/logo\\\/image\\\/\"},\"sameAs\":[\"https:\\\/\\\/www.facebook.com\\\/profile.php?id=100008943462799\",\"https:\\\/\\\/x.com\\\/bellunopress\",\"https:\\\/\\\/www.linkedin.com\\\/hp\\\/?dnr=JBzUWaJfMUw8vbXJJ2tVW5-I3jZKvC4wsoxE&amp;amp;amp;amp;amp;amp;trk=nav_responsive_tab_home\",\"https:\\\/\\\/www.youtube.com\\\/channel\\\/UCxL0wu1uN0_3_7hGG0306cw\"]},{\"@type\":\"Person\",\"@id\":\"https:\\\/\\\/www.bellunopress.it\\\/#\\\/schema\\\/person\\\/79bb06722b37ece1c03d3e94beb30d73\",\"name\":\"redazione\",\"image\":{\"@type\":\"ImageObject\",\"inLanguage\":\"fr-FR\",\"@id\":\"https:\\\/\\\/secure.gravatar.com\\\/avatar\\\/37d968a2e67a6fd04c169c4bdef102d0bc5d31b2546345219e348575eb80e9a0?s=96&d=mm&r=g\",\"url\":\"https:\\\/\\\/secure.gravatar.com\\\/avatar\\\/37d968a2e67a6fd04c169c4bdef102d0bc5d31b2546345219e348575eb80e9a0?s=96&d=mm&r=g\",\"contentUrl\":\"https:\\\/\\\/secure.gravatar.com\\\/avatar\\\/37d968a2e67a6fd04c169c4bdef102d0bc5d31b2546345219e348575eb80e9a0?s=96&d=mm&r=g\",\"caption\":\"redazione\"},\"sameAs\":[\"http:\\\/\\\/www.bellunopress.it\",\"https:\\\/\\\/x.com\\\/bellunopress\"],\"url\":\"https:\\\/\\\/www.bellunopress.it\\\/fr\\\/author\\\/redazione\\\/\"}]}<\/script>\n<!-- \/ Yoast SEO plugin. -->","yoast_head_json":{"title":"Gli interventi di soccorso in montagna di oggi - Bellunopress - Dolomiti","robots":{"index":"index","follow":"follow","max-snippet":"max-snippet:-1","max-image-preview":"max-image-preview:large","max-video-preview":"max-video-preview:-1"},"canonical":"https:\/\/www.bellunopress.it\/fr\/2022\/08\/16\/gli-interventi-di-soccorso-in-montagna-di-oggi\/","og_locale":"fr_FR","og_type":"article","og_title":"Gli interventi di soccorso in montagna di oggi - Bellunopress - Dolomiti","og_description":"Quero &#8211; Vas (BL), 16 &#8211; 08 &#8211; 22 &#8211;\u00a0 Impegnato lungo l&#8217;Alta Via degli Eroi dopo essere partito ieri da Porcen e aver pernottato a Malga Paoda, questa mattina un 28enne di Bari ha deciso di raggiungere la Val Dumela percorrendo la Cengia di Prada, un sentiero esposto con alcuni tratti attrezzati. Dopo aver [&hellip;]","og_url":"https:\/\/www.bellunopress.it\/fr\/2022\/08\/16\/gli-interventi-di-soccorso-in-montagna-di-oggi\/","og_site_name":"Bellunopress - Dolomiti","article_publisher":"https:\/\/www.facebook.com\/profile.php?id=100008943462799","article_published_time":"2022-08-16T20:05:49+00:00","og_image":[{"width":800,"height":613,"url":"https:\/\/www.bellunopress.it\/wp-content\/uploads\/2021\/06\/soccorso-118.jpg","type":"image\/jpeg"}],"author":"redazione","twitter_card":"summary_large_image","twitter_creator":"@bellunopress","twitter_site":"@bellunopress","twitter_misc":{"\u00c9crit par":"redazione","Dur\u00e9e de lecture estim\u00e9e":"3 minutes"},"schema":{"@context":"https:\/\/schema.org","@graph":[{"@type":"Article","@id":"https:\/\/www.bellunopress.it\/2022\/08\/16\/gli-interventi-di-soccorso-in-montagna-di-oggi\/#article","isPartOf":{"@id":"https:\/\/www.bellunopress.it\/2022\/08\/16\/gli-interventi-di-soccorso-in-montagna-di-oggi\/"},"author":{"name":"redazione","@id":"https:\/\/www.bellunopress.it\/#\/schema\/person\/79bb06722b37ece1c03d3e94beb30d73"},"headline":"Gli interventi di soccorso in montagna di oggi","datePublished":"2022-08-16T20:05:49+00:00","mainEntityOfPage":{"@id":"https:\/\/www.bellunopress.it\/2022\/08\/16\/gli-interventi-di-soccorso-in-montagna-di-oggi\/"},"wordCount":394,"publisher":{"@id":"https:\/\/www.bellunopress.it\/#organization"},"image":{"@id":"https:\/\/www.bellunopress.it\/2022\/08\/16\/gli-interventi-di-soccorso-in-montagna-di-oggi\/#primaryimage"},"thumbnailUrl":"https:\/\/www.bellunopress.it\/wp-content\/uploads\/2021\/06\/soccorso-118.jpg","articleSection":["Cronaca\/Politica"],"inLanguage":"fr-FR"},{"@type":"WebPage","@id":"https:\/\/www.bellunopress.it\/2022\/08\/16\/gli-interventi-di-soccorso-in-montagna-di-oggi\/","url":"https:\/\/www.bellunopress.it\/2022\/08\/16\/gli-interventi-di-soccorso-in-montagna-di-oggi\/","name":"Gli interventi di soccorso in montagna di oggi - Bellunopress - Dolomiti","isPartOf":{"@id":"https:\/\/www.bellunopress.it\/#website"},"primaryImageOfPage":{"@id":"https:\/\/www.bellunopress.it\/2022\/08\/16\/gli-interventi-di-soccorso-in-montagna-di-oggi\/#primaryimage"},"image":{"@id":"https:\/\/www.bellunopress.it\/2022\/08\/16\/gli-interventi-di-soccorso-in-montagna-di-oggi\/#primaryimage"},"thumbnailUrl":"https:\/\/www.bellunopress.it\/wp-content\/uploads\/2021\/06\/soccorso-118.jpg","datePublished":"2022-08-16T20:05:49+00:00","breadcrumb":{"@id":"https:\/\/www.bellunopress.it\/2022\/08\/16\/gli-interventi-di-soccorso-in-montagna-di-oggi\/#breadcrumb"},"inLanguage":"fr-FR","potentialAction":[{"@type":"ReadAction","target":["https:\/\/www.bellunopress.it\/2022\/08\/16\/gli-interventi-di-soccorso-in-montagna-di-oggi\/"]}]},{"@type":"ImageObject","inLanguage":"fr-FR","@id":"https:\/\/www.bellunopress.it\/2022\/08\/16\/gli-interventi-di-soccorso-in-montagna-di-oggi\/#primaryimage","url":"https:\/\/www.bellunopress.it\/wp-content\/uploads\/2021\/06\/soccorso-118.jpg","contentUrl":"https:\/\/www.bellunopress.it\/wp-content\/uploads\/2021\/06\/soccorso-118.jpg","width":800,"height":613},{"@type":"BreadcrumbList","@id":"https:\/\/www.bellunopress.it\/2022\/08\/16\/gli-interventi-di-soccorso-in-montagna-di-oggi\/#breadcrumb","itemListElement":[{"@type":"ListItem","position":1,"name":"Home","item":"https:\/\/www.bellunopress.it\/"},{"@type":"ListItem","position":2,"name":"Gli interventi di soccorso in montagna di oggi"}]},{"@type":"WebSite","@id":"https:\/\/www.bellunopress.it\/#website","url":"https:\/\/www.bellunopress.it\/","name":"Bellunopress - Dolomiti","description":"e-mail: redazione@bellunopress.it","publisher":{"@id":"https:\/\/www.bellunopress.it\/#organization"},"potentialAction":[{"@type":"SearchAction","target":{"@type":"EntryPoint","urlTemplate":"https:\/\/www.bellunopress.it\/?s={search_term_string}"},"query-input":{"@type":"PropertyValueSpecification","valueRequired":true,"valueName":"search_term_string"}}],"inLanguage":"fr-FR"},{"@type":"Organization","@id":"https:\/\/www.bellunopress.it\/#organization","name":"Bellunopress","url":"https:\/\/www.bellunopress.it\/","logo":{"@type":"ImageObject","inLanguage":"fr-FR","@id":"https:\/\/www.bellunopress.it\/#\/schema\/logo\/image\/","url":"https:\/\/www.bellunopress.it\/wp-content\/uploads\/2011\/05\/cropped-logo-bellunopress-.jpg","contentUrl":"https:\/\/www.bellunopress.it\/wp-content\/uploads\/2011\/05\/cropped-logo-bellunopress-.jpg","width":512,"height":512,"caption":"Bellunopress"},"image":{"@id":"https:\/\/www.bellunopress.it\/#\/schema\/logo\/image\/"},"sameAs":["https:\/\/www.facebook.com\/profile.php?id=100008943462799","https:\/\/x.com\/bellunopress","https:\/\/www.linkedin.com\/hp\/?dnr=JBzUWaJfMUw8vbXJJ2tVW5-I3jZKvC4wsoxE&amp;amp;amp;amp;amp;amp;trk=nav_responsive_tab_home","https:\/\/www.youtube.com\/channel\/UCxL0wu1uN0_3_7hGG0306cw"]},{"@type":"Person","@id":"https:\/\/www.bellunopress.it\/#\/schema\/person\/79bb06722b37ece1c03d3e94beb30d73","name":"r\u00e9daction","image":{"@type":"ImageObject","inLanguage":"fr-FR","@id":"https:\/\/secure.gravatar.com\/avatar\/37d968a2e67a6fd04c169c4bdef102d0bc5d31b2546345219e348575eb80e9a0?s=96&d=mm&r=g","url":"https:\/\/secure.gravatar.com\/avatar\/37d968a2e67a6fd04c169c4bdef102d0bc5d31b2546345219e348575eb80e9a0?s=96&d=mm&r=g","contentUrl":"https:\/\/secure.gravatar.com\/avatar\/37d968a2e67a6fd04c169c4bdef102d0bc5d31b2546345219e348575eb80e9a0?s=96&d=mm&r=g","caption":"redazione"},"sameAs":["http:\/\/www.bellunopress.it","https:\/\/x.com\/bellunopress"],"url":"https:\/\/www.bellunopress.it\/fr\/author\/redazione\/"}]}},"_links":{"self":[{"href":"https:\/\/www.bellunopress.it\/fr\/wp-json\/wp\/v2\/posts\/135800","targetHints":{"allow":["GET"]}}],"collection":[{"href":"https:\/\/www.bellunopress.it\/fr\/wp-json\/wp\/v2\/posts"}],"about":[{"href":"https:\/\/www.bellunopress.it\/fr\/wp-json\/wp\/v2\/types\/post"}],"author":[{"embeddable":true,"href":"https:\/\/www.bellunopress.it\/fr\/wp-json\/wp\/v2\/users\/2"}],"replies":[{"embeddable":true,"href":"https:\/\/www.bellunopress.it\/fr\/wp-json\/wp\/v2\/comments?post=135800"}],"version-history":[{"count":1,"href":"https:\/\/www.bellunopress.it\/fr\/wp-json\/wp\/v2\/posts\/135800\/revisions"}],"predecessor-version":[{"id":135801,"href":"https:\/\/www.bellunopress.it\/fr\/wp-json\/wp\/v2\/posts\/135800\/revisions\/135801"}],"wp:featuredmedia":[{"embeddable":true,"href":"https:\/\/www.bellunopress.it\/fr\/wp-json\/wp\/v2\/media\/125428"}],"wp:attachment":[{"href":"https:\/\/www.bellunopress.it\/fr\/wp-json\/wp\/v2\/media?parent=135800"}],"wp:term":[{"taxonomy":"category","embeddable":true,"href":"https:\/\/www.bellunopress.it\/fr\/wp-json\/wp\/v2\/categories?post=135800"},{"taxonomy":"post_tag","embeddable":true,"href":"https:\/\/www.bellunopress.it\/fr\/wp-json\/wp\/v2\/tags?post=135800"}],"curies":[{"name":"wp","href":"https:\/\/api.w.org\/{rel}","templated":true}]}}