{"id":135790,"date":"2022-08-16T16:29:17","date_gmt":"2022-08-16T14:29:17","guid":{"rendered":"https:\/\/www.bellunopress.it\/?p=135790"},"modified":"2022-08-16T16:29:17","modified_gmt":"2022-08-16T14:29:17","slug":"postalk-2022-novita-ed-ospiti-della-terza-edizione-allhotel-de-la-poste-di-cortina","status":"publish","type":"post","link":"https:\/\/www.bellunopress.it\/fr\/2022\/08\/16\/postalk-2022-novita-ed-ospiti-della-terza-edizione-allhotel-de-la-poste-di-cortina\/","title":{"rendered":"PosTalk 2022: novit\u00e0 ed ospiti della terza edizione all&#8217;Hotel de la Poste di Cortina"},"content":{"rendered":"<p>La rassegna ideata nel 2021 dall\u2019Hotel de la Poste si rinnova nel segno delle donne, protagoniste dei tre appuntamenti in calendario. PosTalk amplia il format e si espande nella boutique storica La Ruotellina \u00e8 Claudio Zanettin. Tra oggetti di design e antiquariato il pubblico incontra artiste e curatrici, giornaliste, autrici, imprenditrici pioniere, per una chiacchierata intorno a una parola chiave. La serata prosegue con un aperitivo all\u2019Hotel de la Poste, un prezioso momento di condivisione e chiacchiere. Infine, su prenotazione, si cena in hotel insieme alle relatrici, con un men\u00f9 speciale.<\/p>\n<p>\u00ad<\/p>\n<figure id=\"attachment_127227\" aria-describedby=\"caption-attachment-127227\" style=\"width: 800px\" class=\"wp-caption alignleft\"><img loading=\"lazy\" decoding=\"async\" class=\"size-full wp-image-127227\" src=\"https:\/\/www.bellunopress.it\/wp-content\/uploads\/2021\/08\/Hotel-de-la-Poste-Cortina_edited.jpg\" alt=\"\" width=\"800\" height=\"579\" srcset=\"https:\/\/www.bellunopress.it\/wp-content\/uploads\/2021\/08\/Hotel-de-la-Poste-Cortina_edited.jpg 800w, https:\/\/www.bellunopress.it\/wp-content\/uploads\/2021\/08\/Hotel-de-la-Poste-Cortina_edited-500x362.jpg 500w, https:\/\/www.bellunopress.it\/wp-content\/uploads\/2021\/08\/Hotel-de-la-Poste-Cortina_edited-696x504.jpg 696w, https:\/\/www.bellunopress.it\/wp-content\/uploads\/2021\/08\/Hotel-de-la-Poste-Cortina_edited-580x420.jpg 580w, https:\/\/www.bellunopress.it\/wp-content\/uploads\/2021\/08\/Hotel-de-la-Poste-Cortina_edited-324x235.jpg 324w\" sizes=\"auto, (max-width: 800px) 100vw, 800px\" \/><figcaption id=\"caption-attachment-127227\" class=\"wp-caption-text\">Hotel de la Poste &#8211; Cortina d&#8217;Ampezzo<\/figcaption><\/figure>\n<p>\u00adCortina d\u2019Ampezzo, 16 agosto 2022 &#8211;\u00a0 La terza edizione di PosTalk \u201cparla\u201d con tante voci: tutte di donna. Le protagoniste della rassegna organizzata dall\u2019Hotel de la Poste sono artiste, giornaliste, imprenditrici, personalit\u00e0 capaci di raccontare il presente da angolazioni diverse. Il pi\u00f9 antico salotto di Cortina, casa tra le Dolomiti di personaggi come Hemingway, Montanelli, Buzzati, ha rivoluzionato il format originale della manifestazione con un\u2019edizione tutta al femminile, e non solo. Tra le novit\u00e0, oltre al patrocinio dell\u2019Assessorato alla Cultura del Comune di Cortina d\u2019Ampezzo, la collaborazione con La Ruotellina \u00e8 Claudio Zanettin. Indirizzo imprescindibile di Cortina, dal 1975 \u00e8 uno scrigno di gemme nascoste scovate dal proprietario, uno dei massimi antiquari italiani, tra le Dolomiti e ovunque nel mondo, con opere di antiquariato, design e artigianato di qualit\u00e0.<\/p>\n<p>&nbsp;<\/p>\n<p><strong>Il format<\/strong><\/p>\n<p>\u00c8 nella boutique di Zanettin che va in scena ognuna delle tre talk in programma: alle ore 18 si incontrano le ospiti della serata, che esplorano un argomento attraverso una parola chiave.<\/p>\n<p>Successivamente, alle 19.30, ci si trasferisce all\u2019Hotel de la Poste, a poca distanza, per l\u2019aperitivo offerto ai partecipanti. Qui si conversa in una cornice glamour e storica \u2013 l\u2019hotel \u00e8 da sempre un contenitore di eventi culturali e \u201cplace to be\u201d a Cortina. Conclude la serata la cena con le relatrici, su prenotazione: un momento di incontro accompagnato dalle ricette dello chef.<\/p>\n<p>Aperitivo e cena sono realizzati a partire da eccellenze dei territori italiani, grazie al sostegno di Villani Salumi, storico marchio fondato sui sapori artigianali, Lavazza, azienda leader del caff\u00e8, Zacapa, brand internazionale di Rum vincitori di molti award e il gruppo vinicolo Santa Margherita, insediato nei territori simbolo dell\u2019enologia italiana.<\/p>\n<p><strong>Gli incontri<\/strong><\/p>\n<p><em>Gioved\u00ec 18 agosto | CREATIVIT\u00c0<\/em><\/p>\n<p>Due mondi e due poetiche in dialogo, uniti da una terza voce, quella di Alessandra de Bigontina, curatrice ed esperta di arte contemporanea, in veste di conduttrice.<\/p>\n<p>Ospiti dell\u2019incontro, Mariagrazia Abbaldo, scultrice e architetto, fondatrice di Studio C&amp;C con Paolo Albertelli, ed Elsa Zardini, presidente di Union de i Ladis de Anpezo, associazione culturale che valorizza le tradizioni originarie della comunit\u00e0. Se la prima attinge alla potenza espressiva della natura \u2013 il mondo alpino e marino, vegetale e animale \u2013 per creare opere tattili e visive fatte per durare secoli, la seconda parte da una tradizione che nasce secoli fa, quella della lavorazione della filigrana, tipica del territorio, che corre su fili d\u2019argento e si racconta nella mostra in corso al Museo Etnografico di Cortina d\u2019Ampezzo.<\/p>\n<p><em>Sabato 20 agosto | ATTUALIT\u00c0<\/em><\/p>\n<p>Si parla di un tema molto dibattuto \u2013 la guerra in Ucraina &#8211; ma attraverso una prospettiva insolita e coinvolgente. L\u2019avvocatessa Liana Doro Riccoboni dialoga con Mariangela Rossi, autrice e giornalista per diverse testate del Gruppo RCS. Dieci anni fa la giornalista raggiungeva il Donbass con il marito per adottare la piccola Anastasia. Mesi fa, allo scoppiare del conflitto, Mariangela Rossi ha avvertito l\u2019esigenza di dare voce a questa vicenda personale, rivelando la bellezza di una terra ferita e dei suoi abitanti. La sua testimonianza \u00e8 racchiusa tra le pagine di \u201cL\u2019abbraccio di Kiev. Lettera a una bambina rinata\u201d, dove racconta un doppio incontro: con sua figlia e con il popolo ucraino. Un racconto denso di emozioni, trasmesse dalla voce di Gioia de Bigontina, che legger\u00e0 brani scelti.<\/p>\n<p><em>Gioved\u00ec 25 agosto | NETWORKING<\/em><\/p>\n<p>A PosTalk si raccontano le storie delle \u201cDonne che hanno fatto l\u2019impresa\u201d, le pioniere che hanno aperto la strada a molte altre, contribuendo a contrastare il gender gap. Protagoniste della serata, quattro figure dell\u2019imprenditoria femminile, in rappresentanza della delegazione dell\u2019Emilia-Romagna di Aidda &#8211; Associazione Imprenditrici e Donne Dirigenti d\u2019Azienda, che ha appena festeggiato i suoi primi cinquant\u2019anni. Dialogheranno tra loro e con il pubblico Patrizia Bauer, imprenditrice nel settore degli strumenti musicali, Francesca Buscaroli, esperta nel campo dell\u2019arte, spirito innovatore nel campo immobiliare, Stefania Matteuzzi, imprenditrice nel settore arredamento, e infine Evelina Tinarelli Volpini, imprenditrice nel settore arte e antiquariato.<\/p>\n<p>\u00ad<br \/>\n\u00ad<\/p>","protected":false},"excerpt":{"rendered":"<p>La rassegna ideata nel 2021 dall\u2019Hotel de la Poste si rinnova nel segno delle donne, protagoniste dei tre appuntamenti in calendario. PosTalk amplia il format e si espande nella boutique storica La Ruotellina \u00e8 Claudio Zanettin. Tra oggetti di design e antiquariato il pubblico incontra artiste e curatrici, giornaliste, autrici, imprenditrici pioniere, per una chiacchierata [&hellip;]<\/p>\n","protected":false},"author":2,"featured_media":127227,"comment_status":"closed","ping_status":"open","sticky":false,"template":"","format":"standard","meta":{"footnotes":""},"categories":[27,3,25],"tags":[],"class_list":["post-135790","post","type-post","status-publish","format-standard","has-post-thumbnail","category-appuntamenti","category-arte-cultura-spettacoli-scienza-archivi","category-pausa-caffe"],"yoast_head":"<!-- This site is optimized with the Yoast SEO plugin v28.4 - https:\/\/yoast.com\/product\/yoast-seo-wordpress\/ -->\n<title>PosTalk 2022: novit\u00e0 ed ospiti della terza edizione all&#039;Hotel de la Poste di Cortina - Bellunopress - Dolomiti<\/title>\n<meta name=\"robots\" content=\"index, follow, max-snippet:-1, max-image-preview:large, max-video-preview:-1\" \/>\n<link rel=\"canonical\" href=\"https:\/\/www.bellunopress.it\/fr\/2022\/08\/16\/postalk-2022-novita-ed-ospiti-della-terza-edizione-allhotel-de-la-poste-di-cortina\/\" \/>\n<meta property=\"og:locale\" content=\"fr_FR\" \/>\n<meta property=\"og:type\" content=\"article\" \/>\n<meta property=\"og:title\" content=\"PosTalk 2022: novit\u00e0 ed ospiti della terza edizione all&#039;Hotel de la Poste di Cortina - Bellunopress - Dolomiti\" \/>\n<meta property=\"og:description\" content=\"La rassegna ideata nel 2021 dall\u2019Hotel de la Poste si rinnova nel segno delle donne, protagoniste dei tre appuntamenti in calendario. PosTalk amplia il format e si espande nella boutique storica La Ruotellina \u00e8 Claudio Zanettin. Tra oggetti di design e antiquariato il pubblico incontra artiste e curatrici, giornaliste, autrici, imprenditrici pioniere, per una chiacchierata [&hellip;]\" \/>\n<meta property=\"og:url\" content=\"https:\/\/www.bellunopress.it\/fr\/2022\/08\/16\/postalk-2022-novita-ed-ospiti-della-terza-edizione-allhotel-de-la-poste-di-cortina\/\" \/>\n<meta property=\"og:site_name\" content=\"Bellunopress - Dolomiti\" \/>\n<meta property=\"article:publisher\" content=\"https:\/\/www.facebook.com\/profile.php?id=100008943462799\" \/>\n<meta property=\"article:published_time\" content=\"2022-08-16T14:29:17+00:00\" \/>\n<meta property=\"og:image\" content=\"https:\/\/www.bellunopress.it\/wp-content\/uploads\/2021\/08\/Hotel-de-la-Poste-Cortina_edited.jpg\" \/>\n\t<meta property=\"og:image:width\" content=\"800\" \/>\n\t<meta property=\"og:image:height\" content=\"579\" \/>\n\t<meta property=\"og:image:type\" content=\"image\/jpeg\" \/>\n<meta name=\"author\" content=\"redazione\" \/>\n<meta name=\"twitter:card\" content=\"summary_large_image\" \/>\n<meta name=\"twitter:creator\" content=\"@bellunopress\" \/>\n<meta name=\"twitter:site\" content=\"@bellunopress\" \/>\n<meta name=\"twitter:label1\" content=\"\u00c9crit par\" \/>\n\t<meta name=\"twitter:data1\" content=\"redazione\" \/>\n\t<meta name=\"twitter:label2\" content=\"Dur\u00e9e de lecture estim\u00e9e\" \/>\n\t<meta name=\"twitter:data2\" content=\"5 minutes\" \/>\n<script type=\"application\/ld+json\" class=\"yoast-schema-graph\">{\"@context\":\"https:\\\/\\\/schema.org\",\"@graph\":[{\"@type\":\"Article\",\"@id\":\"https:\\\/\\\/www.bellunopress.it\\\/2022\\\/08\\\/16\\\/postalk-2022-novita-ed-ospiti-della-terza-edizione-allhotel-de-la-poste-di-cortina\\\/#article\",\"isPartOf\":{\"@id\":\"https:\\\/\\\/www.bellunopress.it\\\/2022\\\/08\\\/16\\\/postalk-2022-novita-ed-ospiti-della-terza-edizione-allhotel-de-la-poste-di-cortina\\\/\"},\"author\":{\"name\":\"redazione\",\"@id\":\"https:\\\/\\\/www.bellunopress.it\\\/#\\\/schema\\\/person\\\/79bb06722b37ece1c03d3e94beb30d73\"},\"headline\":\"PosTalk 2022: novit\u00e0 ed ospiti della terza edizione all&#8217;Hotel de la Poste di Cortina\",\"datePublished\":\"2022-08-16T14:29:17+00:00\",\"mainEntityOfPage\":{\"@id\":\"https:\\\/\\\/www.bellunopress.it\\\/2022\\\/08\\\/16\\\/postalk-2022-novita-ed-ospiti-della-terza-edizione-allhotel-de-la-poste-di-cortina\\\/\"},\"wordCount\":770,\"publisher\":{\"@id\":\"https:\\\/\\\/www.bellunopress.it\\\/#organization\"},\"image\":{\"@id\":\"https:\\\/\\\/www.bellunopress.it\\\/2022\\\/08\\\/16\\\/postalk-2022-novita-ed-ospiti-della-terza-edizione-allhotel-de-la-poste-di-cortina\\\/#primaryimage\"},\"thumbnailUrl\":\"https:\\\/\\\/www.bellunopress.it\\\/wp-content\\\/uploads\\\/2021\\\/08\\\/Hotel-de-la-Poste-Cortina_edited.jpg\",\"articleSection\":[\"Appuntamenti, Eventi\",\"Arte, Cultura, Spettacoli, Scienza\",\"Pausa Caff\u00e8\"],\"inLanguage\":\"fr-FR\"},{\"@type\":\"WebPage\",\"@id\":\"https:\\\/\\\/www.bellunopress.it\\\/2022\\\/08\\\/16\\\/postalk-2022-novita-ed-ospiti-della-terza-edizione-allhotel-de-la-poste-di-cortina\\\/\",\"url\":\"https:\\\/\\\/www.bellunopress.it\\\/2022\\\/08\\\/16\\\/postalk-2022-novita-ed-ospiti-della-terza-edizione-allhotel-de-la-poste-di-cortina\\\/\",\"name\":\"PosTalk 2022: novit\u00e0 ed ospiti della terza edizione all'Hotel de la Poste di Cortina - Bellunopress - Dolomiti\",\"isPartOf\":{\"@id\":\"https:\\\/\\\/www.bellunopress.it\\\/#website\"},\"primaryImageOfPage\":{\"@id\":\"https:\\\/\\\/www.bellunopress.it\\\/2022\\\/08\\\/16\\\/postalk-2022-novita-ed-ospiti-della-terza-edizione-allhotel-de-la-poste-di-cortina\\\/#primaryimage\"},\"image\":{\"@id\":\"https:\\\/\\\/www.bellunopress.it\\\/2022\\\/08\\\/16\\\/postalk-2022-novita-ed-ospiti-della-terza-edizione-allhotel-de-la-poste-di-cortina\\\/#primaryimage\"},\"thumbnailUrl\":\"https:\\\/\\\/www.bellunopress.it\\\/wp-content\\\/uploads\\\/2021\\\/08\\\/Hotel-de-la-Poste-Cortina_edited.jpg\",\"datePublished\":\"2022-08-16T14:29:17+00:00\",\"breadcrumb\":{\"@id\":\"https:\\\/\\\/www.bellunopress.it\\\/2022\\\/08\\\/16\\\/postalk-2022-novita-ed-ospiti-della-terza-edizione-allhotel-de-la-poste-di-cortina\\\/#breadcrumb\"},\"inLanguage\":\"fr-FR\",\"potentialAction\":[{\"@type\":\"ReadAction\",\"target\":[\"https:\\\/\\\/www.bellunopress.it\\\/2022\\\/08\\\/16\\\/postalk-2022-novita-ed-ospiti-della-terza-edizione-allhotel-de-la-poste-di-cortina\\\/\"]}]},{\"@type\":\"ImageObject\",\"inLanguage\":\"fr-FR\",\"@id\":\"https:\\\/\\\/www.bellunopress.it\\\/2022\\\/08\\\/16\\\/postalk-2022-novita-ed-ospiti-della-terza-edizione-allhotel-de-la-poste-di-cortina\\\/#primaryimage\",\"url\":\"https:\\\/\\\/www.bellunopress.it\\\/wp-content\\\/uploads\\\/2021\\\/08\\\/Hotel-de-la-Poste-Cortina_edited.jpg\",\"contentUrl\":\"https:\\\/\\\/www.bellunopress.it\\\/wp-content\\\/uploads\\\/2021\\\/08\\\/Hotel-de-la-Poste-Cortina_edited.jpg\",\"width\":800,\"height\":579,\"caption\":\"Hotel de la Poste - Cortina d'Ampezzo\"},{\"@type\":\"BreadcrumbList\",\"@id\":\"https:\\\/\\\/www.bellunopress.it\\\/2022\\\/08\\\/16\\\/postalk-2022-novita-ed-ospiti-della-terza-edizione-allhotel-de-la-poste-di-cortina\\\/#breadcrumb\",\"itemListElement\":[{\"@type\":\"ListItem\",\"position\":1,\"name\":\"Home\",\"item\":\"https:\\\/\\\/www.bellunopress.it\\\/\"},{\"@type\":\"ListItem\",\"position\":2,\"name\":\"PosTalk 2022: novit\u00e0 ed ospiti della terza edizione all&#8217;Hotel de la Poste di Cortina\"}]},{\"@type\":\"WebSite\",\"@id\":\"https:\\\/\\\/www.bellunopress.it\\\/#website\",\"url\":\"https:\\\/\\\/www.bellunopress.it\\\/\",\"name\":\"Bellunopress - Dolomiti\",\"description\":\"e-mail: redazione@bellunopress.it\",\"publisher\":{\"@id\":\"https:\\\/\\\/www.bellunopress.it\\\/#organization\"},\"potentialAction\":[{\"@type\":\"SearchAction\",\"target\":{\"@type\":\"EntryPoint\",\"urlTemplate\":\"https:\\\/\\\/www.bellunopress.it\\\/?s={search_term_string}\"},\"query-input\":{\"@type\":\"PropertyValueSpecification\",\"valueRequired\":true,\"valueName\":\"search_term_string\"}}],\"inLanguage\":\"fr-FR\"},{\"@type\":\"Organization\",\"@id\":\"https:\\\/\\\/www.bellunopress.it\\\/#organization\",\"name\":\"Bellunopress\",\"url\":\"https:\\\/\\\/www.bellunopress.it\\\/\",\"logo\":{\"@type\":\"ImageObject\",\"inLanguage\":\"fr-FR\",\"@id\":\"https:\\\/\\\/www.bellunopress.it\\\/#\\\/schema\\\/logo\\\/image\\\/\",\"url\":\"https:\\\/\\\/www.bellunopress.it\\\/wp-content\\\/uploads\\\/2011\\\/05\\\/cropped-logo-bellunopress-.jpg\",\"contentUrl\":\"https:\\\/\\\/www.bellunopress.it\\\/wp-content\\\/uploads\\\/2011\\\/05\\\/cropped-logo-bellunopress-.jpg\",\"width\":512,\"height\":512,\"caption\":\"Bellunopress\"},\"image\":{\"@id\":\"https:\\\/\\\/www.bellunopress.it\\\/#\\\/schema\\\/logo\\\/image\\\/\"},\"sameAs\":[\"https:\\\/\\\/www.facebook.com\\\/profile.php?id=100008943462799\",\"https:\\\/\\\/x.com\\\/bellunopress\",\"https:\\\/\\\/www.linkedin.com\\\/hp\\\/?dnr=JBzUWaJfMUw8vbXJJ2tVW5-I3jZKvC4wsoxE&amp;amp;amp;amp;amp;amp;trk=nav_responsive_tab_home\",\"https:\\\/\\\/www.youtube.com\\\/channel\\\/UCxL0wu1uN0_3_7hGG0306cw\"]},{\"@type\":\"Person\",\"@id\":\"https:\\\/\\\/www.bellunopress.it\\\/#\\\/schema\\\/person\\\/79bb06722b37ece1c03d3e94beb30d73\",\"name\":\"redazione\",\"image\":{\"@type\":\"ImageObject\",\"inLanguage\":\"fr-FR\",\"@id\":\"https:\\\/\\\/secure.gravatar.com\\\/avatar\\\/37d968a2e67a6fd04c169c4bdef102d0bc5d31b2546345219e348575eb80e9a0?s=96&d=mm&r=g\",\"url\":\"https:\\\/\\\/secure.gravatar.com\\\/avatar\\\/37d968a2e67a6fd04c169c4bdef102d0bc5d31b2546345219e348575eb80e9a0?s=96&d=mm&r=g\",\"contentUrl\":\"https:\\\/\\\/secure.gravatar.com\\\/avatar\\\/37d968a2e67a6fd04c169c4bdef102d0bc5d31b2546345219e348575eb80e9a0?s=96&d=mm&r=g\",\"caption\":\"redazione\"},\"sameAs\":[\"http:\\\/\\\/www.bellunopress.it\",\"https:\\\/\\\/x.com\\\/bellunopress\"],\"url\":\"https:\\\/\\\/www.bellunopress.it\\\/fr\\\/author\\\/redazione\\\/\"}]}<\/script>\n<!-- \/ Yoast SEO plugin. -->","yoast_head_json":{"title":"PosTalk 2022: novit\u00e0 ed ospiti della terza edizione all'Hotel de la Poste di Cortina - Bellunopress - Dolomiti","robots":{"index":"index","follow":"follow","max-snippet":"max-snippet:-1","max-image-preview":"max-image-preview:large","max-video-preview":"max-video-preview:-1"},"canonical":"https:\/\/www.bellunopress.it\/fr\/2022\/08\/16\/postalk-2022-novita-ed-ospiti-della-terza-edizione-allhotel-de-la-poste-di-cortina\/","og_locale":"fr_FR","og_type":"article","og_title":"PosTalk 2022: novit\u00e0 ed ospiti della terza edizione all'Hotel de la Poste di Cortina - Bellunopress - Dolomiti","og_description":"La rassegna ideata nel 2021 dall\u2019Hotel de la Poste si rinnova nel segno delle donne, protagoniste dei tre appuntamenti in calendario. PosTalk amplia il format e si espande nella boutique storica La Ruotellina \u00e8 Claudio Zanettin. Tra oggetti di design e antiquariato il pubblico incontra artiste e curatrici, giornaliste, autrici, imprenditrici pioniere, per una chiacchierata [&hellip;]","og_url":"https:\/\/www.bellunopress.it\/fr\/2022\/08\/16\/postalk-2022-novita-ed-ospiti-della-terza-edizione-allhotel-de-la-poste-di-cortina\/","og_site_name":"Bellunopress - Dolomiti","article_publisher":"https:\/\/www.facebook.com\/profile.php?id=100008943462799","article_published_time":"2022-08-16T14:29:17+00:00","og_image":[{"width":800,"height":579,"url":"https:\/\/www.bellunopress.it\/wp-content\/uploads\/2021\/08\/Hotel-de-la-Poste-Cortina_edited.jpg","type":"image\/jpeg"}],"author":"redazione","twitter_card":"summary_large_image","twitter_creator":"@bellunopress","twitter_site":"@bellunopress","twitter_misc":{"\u00c9crit par":"redazione","Dur\u00e9e de lecture estim\u00e9e":"5 minutes"},"schema":{"@context":"https:\/\/schema.org","@graph":[{"@type":"Article","@id":"https:\/\/www.bellunopress.it\/2022\/08\/16\/postalk-2022-novita-ed-ospiti-della-terza-edizione-allhotel-de-la-poste-di-cortina\/#article","isPartOf":{"@id":"https:\/\/www.bellunopress.it\/2022\/08\/16\/postalk-2022-novita-ed-ospiti-della-terza-edizione-allhotel-de-la-poste-di-cortina\/"},"author":{"name":"redazione","@id":"https:\/\/www.bellunopress.it\/#\/schema\/person\/79bb06722b37ece1c03d3e94beb30d73"},"headline":"PosTalk 2022: novit\u00e0 ed ospiti della terza edizione all&#8217;Hotel de la Poste di Cortina","datePublished":"2022-08-16T14:29:17+00:00","mainEntityOfPage":{"@id":"https:\/\/www.bellunopress.it\/2022\/08\/16\/postalk-2022-novita-ed-ospiti-della-terza-edizione-allhotel-de-la-poste-di-cortina\/"},"wordCount":770,"publisher":{"@id":"https:\/\/www.bellunopress.it\/#organization"},"image":{"@id":"https:\/\/www.bellunopress.it\/2022\/08\/16\/postalk-2022-novita-ed-ospiti-della-terza-edizione-allhotel-de-la-poste-di-cortina\/#primaryimage"},"thumbnailUrl":"https:\/\/www.bellunopress.it\/wp-content\/uploads\/2021\/08\/Hotel-de-la-Poste-Cortina_edited.jpg","articleSection":["Appuntamenti, Eventi","Arte, Cultura, Spettacoli, Scienza","Pausa Caff\u00e8"],"inLanguage":"fr-FR"},{"@type":"WebPage","@id":"https:\/\/www.bellunopress.it\/2022\/08\/16\/postalk-2022-novita-ed-ospiti-della-terza-edizione-allhotel-de-la-poste-di-cortina\/","url":"https:\/\/www.bellunopress.it\/2022\/08\/16\/postalk-2022-novita-ed-ospiti-della-terza-edizione-allhotel-de-la-poste-di-cortina\/","name":"PosTalk 2022: novit\u00e0 ed ospiti della terza edizione all'Hotel de la Poste di Cortina - Bellunopress - Dolomiti","isPartOf":{"@id":"https:\/\/www.bellunopress.it\/#website"},"primaryImageOfPage":{"@id":"https:\/\/www.bellunopress.it\/2022\/08\/16\/postalk-2022-novita-ed-ospiti-della-terza-edizione-allhotel-de-la-poste-di-cortina\/#primaryimage"},"image":{"@id":"https:\/\/www.bellunopress.it\/2022\/08\/16\/postalk-2022-novita-ed-ospiti-della-terza-edizione-allhotel-de-la-poste-di-cortina\/#primaryimage"},"thumbnailUrl":"https:\/\/www.bellunopress.it\/wp-content\/uploads\/2021\/08\/Hotel-de-la-Poste-Cortina_edited.jpg","datePublished":"2022-08-16T14:29:17+00:00","breadcrumb":{"@id":"https:\/\/www.bellunopress.it\/2022\/08\/16\/postalk-2022-novita-ed-ospiti-della-terza-edizione-allhotel-de-la-poste-di-cortina\/#breadcrumb"},"inLanguage":"fr-FR","potentialAction":[{"@type":"ReadAction","target":["https:\/\/www.bellunopress.it\/2022\/08\/16\/postalk-2022-novita-ed-ospiti-della-terza-edizione-allhotel-de-la-poste-di-cortina\/"]}]},{"@type":"ImageObject","inLanguage":"fr-FR","@id":"https:\/\/www.bellunopress.it\/2022\/08\/16\/postalk-2022-novita-ed-ospiti-della-terza-edizione-allhotel-de-la-poste-di-cortina\/#primaryimage","url":"https:\/\/www.bellunopress.it\/wp-content\/uploads\/2021\/08\/Hotel-de-la-Poste-Cortina_edited.jpg","contentUrl":"https:\/\/www.bellunopress.it\/wp-content\/uploads\/2021\/08\/Hotel-de-la-Poste-Cortina_edited.jpg","width":800,"height":579,"caption":"Hotel de la Poste - Cortina d'Ampezzo"},{"@type":"BreadcrumbList","@id":"https:\/\/www.bellunopress.it\/2022\/08\/16\/postalk-2022-novita-ed-ospiti-della-terza-edizione-allhotel-de-la-poste-di-cortina\/#breadcrumb","itemListElement":[{"@type":"ListItem","position":1,"name":"Home","item":"https:\/\/www.bellunopress.it\/"},{"@type":"ListItem","position":2,"name":"PosTalk 2022: novit\u00e0 ed ospiti della terza edizione all&#8217;Hotel de la Poste di Cortina"}]},{"@type":"WebSite","@id":"https:\/\/www.bellunopress.it\/#website","url":"https:\/\/www.bellunopress.it\/","name":"Bellunopress - Dolomiti","description":"e-mail: redazione@bellunopress.it","publisher":{"@id":"https:\/\/www.bellunopress.it\/#organization"},"potentialAction":[{"@type":"SearchAction","target":{"@type":"EntryPoint","urlTemplate":"https:\/\/www.bellunopress.it\/?s={search_term_string}"},"query-input":{"@type":"PropertyValueSpecification","valueRequired":true,"valueName":"search_term_string"}}],"inLanguage":"fr-FR"},{"@type":"Organization","@id":"https:\/\/www.bellunopress.it\/#organization","name":"Bellunopress","url":"https:\/\/www.bellunopress.it\/","logo":{"@type":"ImageObject","inLanguage":"fr-FR","@id":"https:\/\/www.bellunopress.it\/#\/schema\/logo\/image\/","url":"https:\/\/www.bellunopress.it\/wp-content\/uploads\/2011\/05\/cropped-logo-bellunopress-.jpg","contentUrl":"https:\/\/www.bellunopress.it\/wp-content\/uploads\/2011\/05\/cropped-logo-bellunopress-.jpg","width":512,"height":512,"caption":"Bellunopress"},"image":{"@id":"https:\/\/www.bellunopress.it\/#\/schema\/logo\/image\/"},"sameAs":["https:\/\/www.facebook.com\/profile.php?id=100008943462799","https:\/\/x.com\/bellunopress","https:\/\/www.linkedin.com\/hp\/?dnr=JBzUWaJfMUw8vbXJJ2tVW5-I3jZKvC4wsoxE&amp;amp;amp;amp;amp;amp;trk=nav_responsive_tab_home","https:\/\/www.youtube.com\/channel\/UCxL0wu1uN0_3_7hGG0306cw"]},{"@type":"Person","@id":"https:\/\/www.bellunopress.it\/#\/schema\/person\/79bb06722b37ece1c03d3e94beb30d73","name":"r\u00e9daction","image":{"@type":"ImageObject","inLanguage":"fr-FR","@id":"https:\/\/secure.gravatar.com\/avatar\/37d968a2e67a6fd04c169c4bdef102d0bc5d31b2546345219e348575eb80e9a0?s=96&d=mm&r=g","url":"https:\/\/secure.gravatar.com\/avatar\/37d968a2e67a6fd04c169c4bdef102d0bc5d31b2546345219e348575eb80e9a0?s=96&d=mm&r=g","contentUrl":"https:\/\/secure.gravatar.com\/avatar\/37d968a2e67a6fd04c169c4bdef102d0bc5d31b2546345219e348575eb80e9a0?s=96&d=mm&r=g","caption":"redazione"},"sameAs":["http:\/\/www.bellunopress.it","https:\/\/x.com\/bellunopress"],"url":"https:\/\/www.bellunopress.it\/fr\/author\/redazione\/"}]}},"_links":{"self":[{"href":"https:\/\/www.bellunopress.it\/fr\/wp-json\/wp\/v2\/posts\/135790","targetHints":{"allow":["GET"]}}],"collection":[{"href":"https:\/\/www.bellunopress.it\/fr\/wp-json\/wp\/v2\/posts"}],"about":[{"href":"https:\/\/www.bellunopress.it\/fr\/wp-json\/wp\/v2\/types\/post"}],"author":[{"embeddable":true,"href":"https:\/\/www.bellunopress.it\/fr\/wp-json\/wp\/v2\/users\/2"}],"replies":[{"embeddable":true,"href":"https:\/\/www.bellunopress.it\/fr\/wp-json\/wp\/v2\/comments?post=135790"}],"version-history":[{"count":1,"href":"https:\/\/www.bellunopress.it\/fr\/wp-json\/wp\/v2\/posts\/135790\/revisions"}],"predecessor-version":[{"id":135791,"href":"https:\/\/www.bellunopress.it\/fr\/wp-json\/wp\/v2\/posts\/135790\/revisions\/135791"}],"wp:featuredmedia":[{"embeddable":true,"href":"https:\/\/www.bellunopress.it\/fr\/wp-json\/wp\/v2\/media\/127227"}],"wp:attachment":[{"href":"https:\/\/www.bellunopress.it\/fr\/wp-json\/wp\/v2\/media?parent=135790"}],"wp:term":[{"taxonomy":"category","embeddable":true,"href":"https:\/\/www.bellunopress.it\/fr\/wp-json\/wp\/v2\/categories?post=135790"},{"taxonomy":"post_tag","embeddable":true,"href":"https:\/\/www.bellunopress.it\/fr\/wp-json\/wp\/v2\/tags?post=135790"}],"curies":[{"name":"wp","href":"https:\/\/api.w.org\/{rel}","templated":true}]}}