{"id":135777,"date":"2022-08-15T19:00:13","date_gmt":"2022-08-15T17:00:13","guid":{"rendered":"https:\/\/www.bellunopress.it\/?p=135777"},"modified":"2022-08-15T19:29:11","modified_gmt":"2022-08-15T17:29:11","slug":"caduta-sulla-pista-di-downhill-altri-interventi","status":"publish","type":"post","link":"https:\/\/www.bellunopress.it\/fr\/2022\/08\/15\/caduta-sulla-pista-di-downhill-altri-interventi\/","title":{"rendered":"Caduta sulla pista di downhill. Altri interventi"},"content":{"rendered":"<p><img loading=\"lazy\" decoding=\"async\" class=\"alignleft size-full wp-image-125428\" src=\"https:\/\/www.bellunopress.it\/wp-content\/uploads\/2021\/06\/soccorso-118.jpg\" alt=\"\" width=\"800\" height=\"613\" srcset=\"https:\/\/www.bellunopress.it\/wp-content\/uploads\/2021\/06\/soccorso-118.jpg 800w, https:\/\/www.bellunopress.it\/wp-content\/uploads\/2021\/06\/soccorso-118-500x383.jpg 500w, https:\/\/www.bellunopress.it\/wp-content\/uploads\/2021\/06\/soccorso-118-696x533.jpg 696w, https:\/\/www.bellunopress.it\/wp-content\/uploads\/2021\/06\/soccorso-118-548x420.jpg 548w, https:\/\/www.bellunopress.it\/wp-content\/uploads\/2021\/06\/soccorso-118-80x60.jpg 80w\" sizes=\"auto, (max-width: 800px) 100vw, 800px\" \/>Belluno, 15 &#8211; 08 &#8211; 22\u00a0 &#8211;\u00a0 Attorno alle 16 l&#8217;elicottero del Suem di Pieve di Cadore \u00e8 volato in Nevegal, lungo la pista di downhill, dove un quattordicenne di Belluno era caduto con la bici, riportando un sospetto trauma alla gamba. Sbarcati in hovering, personale sanitario e tecnico di elisoccorso hanno preso in carico il ragazzo, che aveva ricevuto prima medicazione dai presenti, compreso personale del Soccorso alpino di Belluno. Mentre il pap\u00e0 del giovane infortunato veniva imbarcato in hovering, dopo essere stato imbarellato il ragazzo \u00e8 stato invece recuperato con un verricello di una decina di metri. L&#8217;eliambulanza \u00e8 poi partita verso l&#8217;ospedale di Belluno.<\/p>\n<p>Tambre (BL), 15 &#8211; 08 &#8211; 22\u00a0 Attorno alle 16 il Soccorso alpino dell&#8217;Alpago \u00e8 stato allertato per una coppia di escursionisti in difficolt\u00e0. I due, 47 anni di Venezia lui, 40 anni di Campagna Lupia (VE) lei, al bivio per rientrare verso Pian Grant da localit\u00e0 Sass Martin avevano sbagliato direzione inoltrandosi nel bosco e perdendo l&#8217;orientamento. Passate ai soccorritori le coordinate della posizione, una squadra si \u00e8 avvicinata in fuoristrada fino a individuarli, 150 metri sotto il sentiero. La coppia \u00e8 stata raggiunta e riaccompagnata alla macchina.<\/p>","protected":false},"excerpt":{"rendered":"<p>Belluno, 15 &#8211; 08 &#8211; 22\u00a0 &#8211;\u00a0 Attorno alle 16 l&#8217;elicottero del Suem di Pieve di Cadore \u00e8 volato in Nevegal, lungo la pista di downhill, dove un quattordicenne di Belluno era caduto con la bici, riportando un sospetto trauma alla gamba. Sbarcati in hovering, personale sanitario e tecnico di elisoccorso hanno preso in carico [&hellip;]<\/p>\n","protected":false},"author":2,"featured_media":125428,"comment_status":"closed","ping_status":"open","sticky":false,"template":"","format":"standard","meta":{"footnotes":""},"categories":[5],"tags":[],"class_list":["post-135777","post","type-post","status-publish","format-standard","has-post-thumbnail","category-cronaca"],"yoast_head":"<!-- This site is optimized with the Yoast SEO plugin v28.4 - https:\/\/yoast.com\/product\/yoast-seo-wordpress\/ -->\n<title>Caduta sulla pista di downhill. Altri interventi - Bellunopress - Dolomiti<\/title>\n<meta name=\"robots\" content=\"index, follow, max-snippet:-1, max-image-preview:large, max-video-preview:-1\" \/>\n<link rel=\"canonical\" href=\"https:\/\/www.bellunopress.it\/fr\/2022\/08\/15\/caduta-sulla-pista-di-downhill-altri-interventi\/\" \/>\n<meta property=\"og:locale\" content=\"fr_FR\" \/>\n<meta property=\"og:type\" content=\"article\" \/>\n<meta property=\"og:title\" content=\"Caduta sulla pista di downhill. Altri interventi - Bellunopress - Dolomiti\" \/>\n<meta property=\"og:description\" content=\"Belluno, 15 &#8211; 08 &#8211; 22\u00a0 &#8211;\u00a0 Attorno alle 16 l&#8217;elicottero del Suem di Pieve di Cadore \u00e8 volato in Nevegal, lungo la pista di downhill, dove un quattordicenne di Belluno era caduto con la bici, riportando un sospetto trauma alla gamba. Sbarcati in hovering, personale sanitario e tecnico di elisoccorso hanno preso in carico [&hellip;]\" \/>\n<meta property=\"og:url\" content=\"https:\/\/www.bellunopress.it\/fr\/2022\/08\/15\/caduta-sulla-pista-di-downhill-altri-interventi\/\" \/>\n<meta property=\"og:site_name\" content=\"Bellunopress - Dolomiti\" \/>\n<meta property=\"article:publisher\" content=\"https:\/\/www.facebook.com\/profile.php?id=100008943462799\" \/>\n<meta property=\"article:published_time\" content=\"2022-08-15T17:00:13+00:00\" \/>\n<meta property=\"article:modified_time\" content=\"2022-08-15T17:29:11+00:00\" \/>\n<meta property=\"og:image\" content=\"https:\/\/www.bellunopress.it\/wp-content\/uploads\/2021\/06\/soccorso-118.jpg\" \/>\n\t<meta property=\"og:image:width\" content=\"800\" \/>\n\t<meta property=\"og:image:height\" content=\"613\" \/>\n\t<meta property=\"og:image:type\" content=\"image\/jpeg\" \/>\n<meta name=\"author\" content=\"redazione\" \/>\n<meta name=\"twitter:card\" content=\"summary_large_image\" \/>\n<meta name=\"twitter:creator\" content=\"@bellunopress\" \/>\n<meta name=\"twitter:site\" content=\"@bellunopress\" \/>\n<meta name=\"twitter:label1\" content=\"\u00c9crit par\" \/>\n\t<meta name=\"twitter:data1\" content=\"redazione\" \/>\n\t<meta name=\"twitter:label2\" content=\"Dur\u00e9e de lecture estim\u00e9e\" \/>\n\t<meta name=\"twitter:data2\" content=\"2 minutes\" \/>\n<script type=\"application\/ld+json\" class=\"yoast-schema-graph\">{\"@context\":\"https:\\\/\\\/schema.org\",\"@graph\":[{\"@type\":\"Article\",\"@id\":\"https:\\\/\\\/www.bellunopress.it\\\/2022\\\/08\\\/15\\\/caduta-sulla-pista-di-downhill-altri-interventi\\\/#article\",\"isPartOf\":{\"@id\":\"https:\\\/\\\/www.bellunopress.it\\\/2022\\\/08\\\/15\\\/caduta-sulla-pista-di-downhill-altri-interventi\\\/\"},\"author\":{\"name\":\"redazione\",\"@id\":\"https:\\\/\\\/www.bellunopress.it\\\/#\\\/schema\\\/person\\\/79bb06722b37ece1c03d3e94beb30d73\"},\"headline\":\"Caduta sulla pista di downhill. Altri interventi\",\"datePublished\":\"2022-08-15T17:00:13+00:00\",\"dateModified\":\"2022-08-15T17:29:11+00:00\",\"mainEntityOfPage\":{\"@id\":\"https:\\\/\\\/www.bellunopress.it\\\/2022\\\/08\\\/15\\\/caduta-sulla-pista-di-downhill-altri-interventi\\\/\"},\"wordCount\":191,\"publisher\":{\"@id\":\"https:\\\/\\\/www.bellunopress.it\\\/#organization\"},\"image\":{\"@id\":\"https:\\\/\\\/www.bellunopress.it\\\/2022\\\/08\\\/15\\\/caduta-sulla-pista-di-downhill-altri-interventi\\\/#primaryimage\"},\"thumbnailUrl\":\"https:\\\/\\\/www.bellunopress.it\\\/wp-content\\\/uploads\\\/2021\\\/06\\\/soccorso-118.jpg\",\"articleSection\":[\"Cronaca\\\/Politica\"],\"inLanguage\":\"fr-FR\"},{\"@type\":\"WebPage\",\"@id\":\"https:\\\/\\\/www.bellunopress.it\\\/2022\\\/08\\\/15\\\/caduta-sulla-pista-di-downhill-altri-interventi\\\/\",\"url\":\"https:\\\/\\\/www.bellunopress.it\\\/2022\\\/08\\\/15\\\/caduta-sulla-pista-di-downhill-altri-interventi\\\/\",\"name\":\"Caduta sulla pista di downhill. Altri interventi - Bellunopress - Dolomiti\",\"isPartOf\":{\"@id\":\"https:\\\/\\\/www.bellunopress.it\\\/#website\"},\"primaryImageOfPage\":{\"@id\":\"https:\\\/\\\/www.bellunopress.it\\\/2022\\\/08\\\/15\\\/caduta-sulla-pista-di-downhill-altri-interventi\\\/#primaryimage\"},\"image\":{\"@id\":\"https:\\\/\\\/www.bellunopress.it\\\/2022\\\/08\\\/15\\\/caduta-sulla-pista-di-downhill-altri-interventi\\\/#primaryimage\"},\"thumbnailUrl\":\"https:\\\/\\\/www.bellunopress.it\\\/wp-content\\\/uploads\\\/2021\\\/06\\\/soccorso-118.jpg\",\"datePublished\":\"2022-08-15T17:00:13+00:00\",\"dateModified\":\"2022-08-15T17:29:11+00:00\",\"breadcrumb\":{\"@id\":\"https:\\\/\\\/www.bellunopress.it\\\/2022\\\/08\\\/15\\\/caduta-sulla-pista-di-downhill-altri-interventi\\\/#breadcrumb\"},\"inLanguage\":\"fr-FR\",\"potentialAction\":[{\"@type\":\"ReadAction\",\"target\":[\"https:\\\/\\\/www.bellunopress.it\\\/2022\\\/08\\\/15\\\/caduta-sulla-pista-di-downhill-altri-interventi\\\/\"]}]},{\"@type\":\"ImageObject\",\"inLanguage\":\"fr-FR\",\"@id\":\"https:\\\/\\\/www.bellunopress.it\\\/2022\\\/08\\\/15\\\/caduta-sulla-pista-di-downhill-altri-interventi\\\/#primaryimage\",\"url\":\"https:\\\/\\\/www.bellunopress.it\\\/wp-content\\\/uploads\\\/2021\\\/06\\\/soccorso-118.jpg\",\"contentUrl\":\"https:\\\/\\\/www.bellunopress.it\\\/wp-content\\\/uploads\\\/2021\\\/06\\\/soccorso-118.jpg\",\"width\":800,\"height\":613},{\"@type\":\"BreadcrumbList\",\"@id\":\"https:\\\/\\\/www.bellunopress.it\\\/2022\\\/08\\\/15\\\/caduta-sulla-pista-di-downhill-altri-interventi\\\/#breadcrumb\",\"itemListElement\":[{\"@type\":\"ListItem\",\"position\":1,\"name\":\"Home\",\"item\":\"https:\\\/\\\/www.bellunopress.it\\\/\"},{\"@type\":\"ListItem\",\"position\":2,\"name\":\"Caduta sulla pista di downhill. Altri interventi\"}]},{\"@type\":\"WebSite\",\"@id\":\"https:\\\/\\\/www.bellunopress.it\\\/#website\",\"url\":\"https:\\\/\\\/www.bellunopress.it\\\/\",\"name\":\"Bellunopress - Dolomiti\",\"description\":\"e-mail: redazione@bellunopress.it\",\"publisher\":{\"@id\":\"https:\\\/\\\/www.bellunopress.it\\\/#organization\"},\"potentialAction\":[{\"@type\":\"SearchAction\",\"target\":{\"@type\":\"EntryPoint\",\"urlTemplate\":\"https:\\\/\\\/www.bellunopress.it\\\/?s={search_term_string}\"},\"query-input\":{\"@type\":\"PropertyValueSpecification\",\"valueRequired\":true,\"valueName\":\"search_term_string\"}}],\"inLanguage\":\"fr-FR\"},{\"@type\":\"Organization\",\"@id\":\"https:\\\/\\\/www.bellunopress.it\\\/#organization\",\"name\":\"Bellunopress\",\"url\":\"https:\\\/\\\/www.bellunopress.it\\\/\",\"logo\":{\"@type\":\"ImageObject\",\"inLanguage\":\"fr-FR\",\"@id\":\"https:\\\/\\\/www.bellunopress.it\\\/#\\\/schema\\\/logo\\\/image\\\/\",\"url\":\"https:\\\/\\\/www.bellunopress.it\\\/wp-content\\\/uploads\\\/2011\\\/05\\\/cropped-logo-bellunopress-.jpg\",\"contentUrl\":\"https:\\\/\\\/www.bellunopress.it\\\/wp-content\\\/uploads\\\/2011\\\/05\\\/cropped-logo-bellunopress-.jpg\",\"width\":512,\"height\":512,\"caption\":\"Bellunopress\"},\"image\":{\"@id\":\"https:\\\/\\\/www.bellunopress.it\\\/#\\\/schema\\\/logo\\\/image\\\/\"},\"sameAs\":[\"https:\\\/\\\/www.facebook.com\\\/profile.php?id=100008943462799\",\"https:\\\/\\\/x.com\\\/bellunopress\",\"https:\\\/\\\/www.linkedin.com\\\/hp\\\/?dnr=JBzUWaJfMUw8vbXJJ2tVW5-I3jZKvC4wsoxE&amp;amp;amp;amp;amp;amp;trk=nav_responsive_tab_home\",\"https:\\\/\\\/www.youtube.com\\\/channel\\\/UCxL0wu1uN0_3_7hGG0306cw\"]},{\"@type\":\"Person\",\"@id\":\"https:\\\/\\\/www.bellunopress.it\\\/#\\\/schema\\\/person\\\/79bb06722b37ece1c03d3e94beb30d73\",\"name\":\"redazione\",\"image\":{\"@type\":\"ImageObject\",\"inLanguage\":\"fr-FR\",\"@id\":\"https:\\\/\\\/secure.gravatar.com\\\/avatar\\\/37d968a2e67a6fd04c169c4bdef102d0bc5d31b2546345219e348575eb80e9a0?s=96&d=mm&r=g\",\"url\":\"https:\\\/\\\/secure.gravatar.com\\\/avatar\\\/37d968a2e67a6fd04c169c4bdef102d0bc5d31b2546345219e348575eb80e9a0?s=96&d=mm&r=g\",\"contentUrl\":\"https:\\\/\\\/secure.gravatar.com\\\/avatar\\\/37d968a2e67a6fd04c169c4bdef102d0bc5d31b2546345219e348575eb80e9a0?s=96&d=mm&r=g\",\"caption\":\"redazione\"},\"sameAs\":[\"http:\\\/\\\/www.bellunopress.it\",\"https:\\\/\\\/x.com\\\/bellunopress\"],\"url\":\"https:\\\/\\\/www.bellunopress.it\\\/fr\\\/author\\\/redazione\\\/\"}]}<\/script>\n<!-- \/ Yoast SEO plugin. -->","yoast_head_json":{"title":"Caduta sulla pista di downhill. Altri interventi - Bellunopress - Dolomiti","robots":{"index":"index","follow":"follow","max-snippet":"max-snippet:-1","max-image-preview":"max-image-preview:large","max-video-preview":"max-video-preview:-1"},"canonical":"https:\/\/www.bellunopress.it\/fr\/2022\/08\/15\/caduta-sulla-pista-di-downhill-altri-interventi\/","og_locale":"fr_FR","og_type":"article","og_title":"Caduta sulla pista di downhill. Altri interventi - Bellunopress - Dolomiti","og_description":"Belluno, 15 &#8211; 08 &#8211; 22\u00a0 &#8211;\u00a0 Attorno alle 16 l&#8217;elicottero del Suem di Pieve di Cadore \u00e8 volato in Nevegal, lungo la pista di downhill, dove un quattordicenne di Belluno era caduto con la bici, riportando un sospetto trauma alla gamba. Sbarcati in hovering, personale sanitario e tecnico di elisoccorso hanno preso in carico [&hellip;]","og_url":"https:\/\/www.bellunopress.it\/fr\/2022\/08\/15\/caduta-sulla-pista-di-downhill-altri-interventi\/","og_site_name":"Bellunopress - Dolomiti","article_publisher":"https:\/\/www.facebook.com\/profile.php?id=100008943462799","article_published_time":"2022-08-15T17:00:13+00:00","article_modified_time":"2022-08-15T17:29:11+00:00","og_image":[{"width":800,"height":613,"url":"https:\/\/www.bellunopress.it\/wp-content\/uploads\/2021\/06\/soccorso-118.jpg","type":"image\/jpeg"}],"author":"redazione","twitter_card":"summary_large_image","twitter_creator":"@bellunopress","twitter_site":"@bellunopress","twitter_misc":{"\u00c9crit par":"redazione","Dur\u00e9e de lecture estim\u00e9e":"2 minutes"},"schema":{"@context":"https:\/\/schema.org","@graph":[{"@type":"Article","@id":"https:\/\/www.bellunopress.it\/2022\/08\/15\/caduta-sulla-pista-di-downhill-altri-interventi\/#article","isPartOf":{"@id":"https:\/\/www.bellunopress.it\/2022\/08\/15\/caduta-sulla-pista-di-downhill-altri-interventi\/"},"author":{"name":"redazione","@id":"https:\/\/www.bellunopress.it\/#\/schema\/person\/79bb06722b37ece1c03d3e94beb30d73"},"headline":"Caduta sulla pista di downhill. Altri interventi","datePublished":"2022-08-15T17:00:13+00:00","dateModified":"2022-08-15T17:29:11+00:00","mainEntityOfPage":{"@id":"https:\/\/www.bellunopress.it\/2022\/08\/15\/caduta-sulla-pista-di-downhill-altri-interventi\/"},"wordCount":191,"publisher":{"@id":"https:\/\/www.bellunopress.it\/#organization"},"image":{"@id":"https:\/\/www.bellunopress.it\/2022\/08\/15\/caduta-sulla-pista-di-downhill-altri-interventi\/#primaryimage"},"thumbnailUrl":"https:\/\/www.bellunopress.it\/wp-content\/uploads\/2021\/06\/soccorso-118.jpg","articleSection":["Cronaca\/Politica"],"inLanguage":"fr-FR"},{"@type":"WebPage","@id":"https:\/\/www.bellunopress.it\/2022\/08\/15\/caduta-sulla-pista-di-downhill-altri-interventi\/","url":"https:\/\/www.bellunopress.it\/2022\/08\/15\/caduta-sulla-pista-di-downhill-altri-interventi\/","name":"Caduta sulla pista di downhill. Altri interventi - Bellunopress - Dolomiti","isPartOf":{"@id":"https:\/\/www.bellunopress.it\/#website"},"primaryImageOfPage":{"@id":"https:\/\/www.bellunopress.it\/2022\/08\/15\/caduta-sulla-pista-di-downhill-altri-interventi\/#primaryimage"},"image":{"@id":"https:\/\/www.bellunopress.it\/2022\/08\/15\/caduta-sulla-pista-di-downhill-altri-interventi\/#primaryimage"},"thumbnailUrl":"https:\/\/www.bellunopress.it\/wp-content\/uploads\/2021\/06\/soccorso-118.jpg","datePublished":"2022-08-15T17:00:13+00:00","dateModified":"2022-08-15T17:29:11+00:00","breadcrumb":{"@id":"https:\/\/www.bellunopress.it\/2022\/08\/15\/caduta-sulla-pista-di-downhill-altri-interventi\/#breadcrumb"},"inLanguage":"fr-FR","potentialAction":[{"@type":"ReadAction","target":["https:\/\/www.bellunopress.it\/2022\/08\/15\/caduta-sulla-pista-di-downhill-altri-interventi\/"]}]},{"@type":"ImageObject","inLanguage":"fr-FR","@id":"https:\/\/www.bellunopress.it\/2022\/08\/15\/caduta-sulla-pista-di-downhill-altri-interventi\/#primaryimage","url":"https:\/\/www.bellunopress.it\/wp-content\/uploads\/2021\/06\/soccorso-118.jpg","contentUrl":"https:\/\/www.bellunopress.it\/wp-content\/uploads\/2021\/06\/soccorso-118.jpg","width":800,"height":613},{"@type":"BreadcrumbList","@id":"https:\/\/www.bellunopress.it\/2022\/08\/15\/caduta-sulla-pista-di-downhill-altri-interventi\/#breadcrumb","itemListElement":[{"@type":"ListItem","position":1,"name":"Home","item":"https:\/\/www.bellunopress.it\/"},{"@type":"ListItem","position":2,"name":"Caduta sulla pista di downhill. Altri interventi"}]},{"@type":"WebSite","@id":"https:\/\/www.bellunopress.it\/#website","url":"https:\/\/www.bellunopress.it\/","name":"Bellunopress - Dolomiti","description":"e-mail: redazione@bellunopress.it","publisher":{"@id":"https:\/\/www.bellunopress.it\/#organization"},"potentialAction":[{"@type":"SearchAction","target":{"@type":"EntryPoint","urlTemplate":"https:\/\/www.bellunopress.it\/?s={search_term_string}"},"query-input":{"@type":"PropertyValueSpecification","valueRequired":true,"valueName":"search_term_string"}}],"inLanguage":"fr-FR"},{"@type":"Organization","@id":"https:\/\/www.bellunopress.it\/#organization","name":"Bellunopress","url":"https:\/\/www.bellunopress.it\/","logo":{"@type":"ImageObject","inLanguage":"fr-FR","@id":"https:\/\/www.bellunopress.it\/#\/schema\/logo\/image\/","url":"https:\/\/www.bellunopress.it\/wp-content\/uploads\/2011\/05\/cropped-logo-bellunopress-.jpg","contentUrl":"https:\/\/www.bellunopress.it\/wp-content\/uploads\/2011\/05\/cropped-logo-bellunopress-.jpg","width":512,"height":512,"caption":"Bellunopress"},"image":{"@id":"https:\/\/www.bellunopress.it\/#\/schema\/logo\/image\/"},"sameAs":["https:\/\/www.facebook.com\/profile.php?id=100008943462799","https:\/\/x.com\/bellunopress","https:\/\/www.linkedin.com\/hp\/?dnr=JBzUWaJfMUw8vbXJJ2tVW5-I3jZKvC4wsoxE&amp;amp;amp;amp;amp;amp;trk=nav_responsive_tab_home","https:\/\/www.youtube.com\/channel\/UCxL0wu1uN0_3_7hGG0306cw"]},{"@type":"Person","@id":"https:\/\/www.bellunopress.it\/#\/schema\/person\/79bb06722b37ece1c03d3e94beb30d73","name":"r\u00e9daction","image":{"@type":"ImageObject","inLanguage":"fr-FR","@id":"https:\/\/secure.gravatar.com\/avatar\/37d968a2e67a6fd04c169c4bdef102d0bc5d31b2546345219e348575eb80e9a0?s=96&d=mm&r=g","url":"https:\/\/secure.gravatar.com\/avatar\/37d968a2e67a6fd04c169c4bdef102d0bc5d31b2546345219e348575eb80e9a0?s=96&d=mm&r=g","contentUrl":"https:\/\/secure.gravatar.com\/avatar\/37d968a2e67a6fd04c169c4bdef102d0bc5d31b2546345219e348575eb80e9a0?s=96&d=mm&r=g","caption":"redazione"},"sameAs":["http:\/\/www.bellunopress.it","https:\/\/x.com\/bellunopress"],"url":"https:\/\/www.bellunopress.it\/fr\/author\/redazione\/"}]}},"_links":{"self":[{"href":"https:\/\/www.bellunopress.it\/fr\/wp-json\/wp\/v2\/posts\/135777","targetHints":{"allow":["GET"]}}],"collection":[{"href":"https:\/\/www.bellunopress.it\/fr\/wp-json\/wp\/v2\/posts"}],"about":[{"href":"https:\/\/www.bellunopress.it\/fr\/wp-json\/wp\/v2\/types\/post"}],"author":[{"embeddable":true,"href":"https:\/\/www.bellunopress.it\/fr\/wp-json\/wp\/v2\/users\/2"}],"replies":[{"embeddable":true,"href":"https:\/\/www.bellunopress.it\/fr\/wp-json\/wp\/v2\/comments?post=135777"}],"version-history":[{"count":1,"href":"https:\/\/www.bellunopress.it\/fr\/wp-json\/wp\/v2\/posts\/135777\/revisions"}],"predecessor-version":[{"id":135778,"href":"https:\/\/www.bellunopress.it\/fr\/wp-json\/wp\/v2\/posts\/135777\/revisions\/135778"}],"wp:featuredmedia":[{"embeddable":true,"href":"https:\/\/www.bellunopress.it\/fr\/wp-json\/wp\/v2\/media\/125428"}],"wp:attachment":[{"href":"https:\/\/www.bellunopress.it\/fr\/wp-json\/wp\/v2\/media?parent=135777"}],"wp:term":[{"taxonomy":"category","embeddable":true,"href":"https:\/\/www.bellunopress.it\/fr\/wp-json\/wp\/v2\/categories?post=135777"},{"taxonomy":"post_tag","embeddable":true,"href":"https:\/\/www.bellunopress.it\/fr\/wp-json\/wp\/v2\/tags?post=135777"}],"curies":[{"name":"wp","href":"https:\/\/api.w.org\/{rel}","templated":true}]}}