{"id":135775,"date":"2022-08-15T19:17:19","date_gmt":"2022-08-15T17:17:19","guid":{"rendered":"https:\/\/www.bellunopress.it\/?p=135775"},"modified":"2024-03-06T17:06:58","modified_gmt":"2024-03-06T16:06:58","slug":"primus-inter-pares-lettera-aperta-al-presidente-dellordine-dei-medici-dal-dottor-filiberto-dal-molin","status":"publish","type":"post","link":"https:\/\/www.bellunopress.it\/fr\/2022\/08\/15\/primus-inter-pares-lettera-aperta-al-presidente-dellordine-dei-medici-dal-dottor-filiberto-dal-molin\/","title":{"rendered":"Primus inter pares. Lettera aperta al presidente dell&#8217;Ordine dei Medici dal dottor Filiberto Dal Molin"},"content":{"rendered":"<figure id=\"attachment_135571\" aria-describedby=\"caption-attachment-135571\" style=\"width: 750px\" class=\"wp-caption alignleft\"><img loading=\"lazy\" decoding=\"async\" class=\"size-full wp-image-135571\" src=\"https:\/\/www.bellunopress.it\/wp-content\/uploads\/2022\/08\/Filiberto-Dal-Molin_edited.jpg\" alt=\"\" width=\"750\" height=\"1000\" srcset=\"https:\/\/www.bellunopress.it\/wp-content\/uploads\/2022\/08\/Filiberto-Dal-Molin_edited.jpg 750w, https:\/\/www.bellunopress.it\/wp-content\/uploads\/2022\/08\/Filiberto-Dal-Molin_edited-375x500.jpg 375w, https:\/\/www.bellunopress.it\/wp-content\/uploads\/2022\/08\/Filiberto-Dal-Molin_edited-696x928.jpg 696w, https:\/\/www.bellunopress.it\/wp-content\/uploads\/2022\/08\/Filiberto-Dal-Molin_edited-315x420.jpg 315w\" sizes=\"auto, (max-width: 750px) 100vw, 750px\" \/><figcaption id=\"caption-attachment-135571\" class=\"wp-caption-text\">Filiberto Dal Molin<\/figcaption><\/figure>\n<p>Al presidente dell\u2019Ordine dei Medici della mia citt\u00e0<\/p>\n<p>Presidente,<\/p>\n<p>in questo difficile ferragosto sento la necessit\u00e0 di chiedere nuovamente le Sue dimissioni.<br \/>\nLei svolge la Sua funzione, importantissima in questi tempi barbari, come \u201cprimus inter pares\u201d, eletto e finanziato dai Suoi colleghi, da cui ha ricevuto l\u2019incarico di gestire secondo Scienza e Coscienza le situazioni che possano interferire con la corretta deontologia professionale.<\/p>\n<p>In questa disciplina, forse la pi\u00f9 importante in ambito civile, il giuramento di Ippocrate ci indica i principi generali, che sussistono da circa 25 secoli. Non abbiamo mai sentito che tali principi possano essere sconvolti o annullati dal potere politico, come pu\u00f2 accadere solo nei regimi totalitari. In ambito medico le tavole della legge sono le stesse da sempre, a Lei compete il potere esecutivo per farle rispettare.<\/p>\n<p>In questa contingenza Lei e i colleghi Presidenti degli altri Ordini Provinciali, obbedendo ciecamente ad un potere politico (che agli Ordini professionali pu\u00f2 chiedere solo collaborazione e aiuto per gestire al meglio situazioni di emergenza sanitaria, ma non pu\u00f2 imporli contro le risultanze scientifiche n\u00e9 contro la deontologia professionale) avete sospeso dall\u2019Ordine, dal servizio e dallo stipendio circa 4.400 medici in Italia, che non hanno voluto accettare il vaccino sperimentale come unica terapia ufficialmente consentita per una viremia voluta e programmata. Quindi sono stati additati a pubblica condanna i medici che hanno fatto ottimamente il loro servizio, assistendo per tutto il tempo necessario e portando a guarigione i loro Pazienti. Ai quali hanno semplicemente fornito la giusta terapia precoce al fine di evitare la \u201cvigile attesa e la tachipirina\u201d che li avrebbe quasi inevitabilmente proiettati in un reparto di rianimazione, con gli esiti che sappiamo. Tale terapia, riconosciuta valida successivamente anche in ambito internazionale, era gi\u00e0 stata indicata con lettera ufficiale al ministro Speranza da 41 medici italiani, di grande prestigio e di grande responsabilit\u00e0 fin dalla primavera 2020. Ma l\u2019ineffabile ministro l\u2019aveva totalmente ignorata.<\/p>\n<p>Viceversa nessun rilievo \u00e8 stato fatto dai giornaloni e dalle TV di Stato ai molti medici che con la \u201cpandemia\u201d in corso hanno chiuso gli studi, non si sono fatti trovare, e ai malati hanno negato qualunque consiglio terapeutico, ben sapendo che esistevano farmaci per una precoce ed efficiente terapia. Cos\u00ec le disposizioni terapeutiche e l\u2019obbligo vaccinale imposti dal ministro della Sanit\u00e0, e le elucubrazioni di un comico come Filippo Anelli, hanno dettato l\u2019esempio in tutta Italia: mi viene in mente un detto dialettale bellunese adatto alla circostanza ma diffuso solo da noi, poich\u00e9 il termine \u201cscagno\u201d \u00e8 poco conosciuto.<\/p>\n<p>A tutt\u2019oggi Speranza insiste con l\u2019obbligo vaccinale anche per gli ultimi sei mesi di quest\u2019anno per tutti gli operatori sanitari e la loro sospensione dal servizio, qualora dissidenti nei confronti del vaccino a RNA. Di questa caparbia volont\u00e0 di aderire agli interessi della industria del farmaco il ministro prima o poi dovr\u00e0 rispondere. Ora mi sembra difficile che la Comunit\u00e0 nazionale possa accettare l\u2019obbligo vaccinale, con vecchi vaccini inutili e scaduti e con le risultanze cliniche che documentano l\u2019enorme numero di complicanze vascolari, cardiache e di decessi gi\u00e0 registrati negli ultimi 2 anni, soprattutto tra i pi\u00f9 giovani. Il risultato potrebbe essere una battaglia civile. Quindi senza un effettivo obbligo vaccinale la sospensione dei 4.400 medici, e ancor pi\u00f9 numerosi operatori sanitari, diventa quantomeno illecita.<\/p>\n<p>Con questa mia lettera, signor Presidente, chiedo nuovamente le Sue dimissioni e un nuovo Presidente del nostro Ordine che interrompa questo crimine.<\/p>\n<p>Belluno, 15 agosto 2022<\/p>\n<p><strong>Dott. Filiberto Dal Molin &#8211; Belluno<\/strong><\/p>","protected":false},"excerpt":{"rendered":"<p>Al presidente dell\u2019Ordine dei Medici della mia citt\u00e0 Presidente, in questo difficile ferragosto sento la necessit\u00e0 di chiedere nuovamente le Sue dimissioni. Lei svolge la Sua funzione, importantissima in questi tempi barbari, come \u201cprimus inter pares\u201d, eletto e finanziato dai Suoi colleghi, da cui ha ricevuto l\u2019incarico di gestire secondo Scienza e Coscienza le situazioni [&hellip;]<\/p>\n","protected":false},"author":2,"featured_media":135571,"comment_status":"closed","ping_status":"open","sticky":false,"template":"","format":"standard","meta":{"footnotes":""},"categories":[3368,3614,3446,26,17],"tags":[],"class_list":["post-135775","post","type-post","status-publish","format-standard","has-post-thumbnail","category-cahiers-de-doleances","category-controcorrente","category-featured","category-prima-pagina","category-sanita"],"yoast_head":"<!-- This site is optimized with the Yoast SEO plugin v28.4 - https:\/\/yoast.com\/product\/yoast-seo-wordpress\/ -->\n<title>Primus inter pares. Lettera aperta al presidente dell&#039;Ordine dei Medici dal dottor Filiberto Dal Molin - Bellunopress - Dolomiti<\/title>\n<meta name=\"robots\" content=\"index, follow, max-snippet:-1, max-image-preview:large, max-video-preview:-1\" \/>\n<link rel=\"canonical\" href=\"https:\/\/www.bellunopress.it\/fr\/2022\/08\/15\/primus-inter-pares-lettera-aperta-al-presidente-dellordine-dei-medici-dal-dottor-filiberto-dal-molin\/\" \/>\n<meta property=\"og:locale\" content=\"fr_FR\" \/>\n<meta property=\"og:type\" content=\"article\" \/>\n<meta property=\"og:title\" content=\"Primus inter pares. Lettera aperta al presidente dell&#039;Ordine dei Medici dal dottor Filiberto Dal Molin - Bellunopress - Dolomiti\" \/>\n<meta property=\"og:description\" content=\"Al presidente dell\u2019Ordine dei Medici della mia citt\u00e0 Presidente, in questo difficile ferragosto sento la necessit\u00e0 di chiedere nuovamente le Sue dimissioni. Lei svolge la Sua funzione, importantissima in questi tempi barbari, come \u201cprimus inter pares\u201d, eletto e finanziato dai Suoi colleghi, da cui ha ricevuto l\u2019incarico di gestire secondo Scienza e Coscienza le situazioni [&hellip;]\" \/>\n<meta property=\"og:url\" content=\"https:\/\/www.bellunopress.it\/fr\/2022\/08\/15\/primus-inter-pares-lettera-aperta-al-presidente-dellordine-dei-medici-dal-dottor-filiberto-dal-molin\/\" \/>\n<meta property=\"og:site_name\" content=\"Bellunopress - Dolomiti\" \/>\n<meta property=\"article:publisher\" content=\"https:\/\/www.facebook.com\/profile.php?id=100008943462799\" \/>\n<meta property=\"article:published_time\" content=\"2022-08-15T17:17:19+00:00\" \/>\n<meta property=\"article:modified_time\" content=\"2024-03-06T16:06:58+00:00\" \/>\n<meta property=\"og:image\" content=\"https:\/\/www.bellunopress.it\/wp-content\/uploads\/2022\/08\/Filiberto-Dal-Molin_edited.jpg\" \/>\n\t<meta property=\"og:image:width\" content=\"750\" \/>\n\t<meta property=\"og:image:height\" content=\"1000\" \/>\n\t<meta property=\"og:image:type\" content=\"image\/jpeg\" \/>\n<meta name=\"author\" content=\"redazione\" \/>\n<meta name=\"twitter:card\" content=\"summary_large_image\" \/>\n<meta name=\"twitter:creator\" content=\"@bellunopress\" \/>\n<meta name=\"twitter:site\" content=\"@bellunopress\" \/>\n<meta name=\"twitter:label1\" content=\"Written by\" \/>\n\t<meta name=\"twitter:data1\" content=\"redazione\" \/>\n\t<meta name=\"twitter:label2\" content=\"Est. reading time\" \/>\n\t<meta name=\"twitter:data2\" content=\"4 minutes\" \/>\n<script type=\"application\/ld+json\" class=\"yoast-schema-graph\">{\"@context\":\"https:\\\/\\\/schema.org\",\"@graph\":[{\"@type\":\"Article\",\"@id\":\"https:\\\/\\\/www.bellunopress.it\\\/2022\\\/08\\\/15\\\/primus-inter-pares-lettera-aperta-al-presidente-dellordine-dei-medici-dal-dottor-filiberto-dal-molin\\\/#article\",\"isPartOf\":{\"@id\":\"https:\\\/\\\/www.bellunopress.it\\\/2022\\\/08\\\/15\\\/primus-inter-pares-lettera-aperta-al-presidente-dellordine-dei-medici-dal-dottor-filiberto-dal-molin\\\/\"},\"author\":{\"name\":\"redazione\",\"@id\":\"https:\\\/\\\/www.bellunopress.it\\\/#\\\/schema\\\/person\\\/79bb06722b37ece1c03d3e94beb30d73\"},\"headline\":\"Primus inter pares. Lettera aperta al presidente dell&#8217;Ordine dei Medici dal dottor Filiberto Dal Molin\",\"datePublished\":\"2022-08-15T17:17:19+00:00\",\"dateModified\":\"2024-03-06T16:06:58+00:00\",\"mainEntityOfPage\":{\"@id\":\"https:\\\/\\\/www.bellunopress.it\\\/2022\\\/08\\\/15\\\/primus-inter-pares-lettera-aperta-al-presidente-dellordine-dei-medici-dal-dottor-filiberto-dal-molin\\\/\"},\"wordCount\":601,\"publisher\":{\"@id\":\"https:\\\/\\\/www.bellunopress.it\\\/#organization\"},\"image\":{\"@id\":\"https:\\\/\\\/www.bellunopress.it\\\/2022\\\/08\\\/15\\\/primus-inter-pares-lettera-aperta-al-presidente-dellordine-dei-medici-dal-dottor-filiberto-dal-molin\\\/#primaryimage\"},\"thumbnailUrl\":\"https:\\\/\\\/www.bellunopress.it\\\/wp-content\\\/uploads\\\/2022\\\/08\\\/Filiberto-Dal-Molin_edited.jpg\",\"articleSection\":[\"Cahiers de dol\u00e9ances\",\"Controcorrente Dr Filiberto Dal Molin\",\"Featured\",\"Prima Pagina\",\"Sanit\u00e0 Medicina\"],\"inLanguage\":\"fr-FR\"},{\"@type\":\"WebPage\",\"@id\":\"https:\\\/\\\/www.bellunopress.it\\\/2022\\\/08\\\/15\\\/primus-inter-pares-lettera-aperta-al-presidente-dellordine-dei-medici-dal-dottor-filiberto-dal-molin\\\/\",\"url\":\"https:\\\/\\\/www.bellunopress.it\\\/2022\\\/08\\\/15\\\/primus-inter-pares-lettera-aperta-al-presidente-dellordine-dei-medici-dal-dottor-filiberto-dal-molin\\\/\",\"name\":\"Primus inter pares. Lettera aperta al presidente dell'Ordine dei Medici dal dottor Filiberto Dal Molin - Bellunopress - Dolomiti\",\"isPartOf\":{\"@id\":\"https:\\\/\\\/www.bellunopress.it\\\/#website\"},\"primaryImageOfPage\":{\"@id\":\"https:\\\/\\\/www.bellunopress.it\\\/2022\\\/08\\\/15\\\/primus-inter-pares-lettera-aperta-al-presidente-dellordine-dei-medici-dal-dottor-filiberto-dal-molin\\\/#primaryimage\"},\"image\":{\"@id\":\"https:\\\/\\\/www.bellunopress.it\\\/2022\\\/08\\\/15\\\/primus-inter-pares-lettera-aperta-al-presidente-dellordine-dei-medici-dal-dottor-filiberto-dal-molin\\\/#primaryimage\"},\"thumbnailUrl\":\"https:\\\/\\\/www.bellunopress.it\\\/wp-content\\\/uploads\\\/2022\\\/08\\\/Filiberto-Dal-Molin_edited.jpg\",\"datePublished\":\"2022-08-15T17:17:19+00:00\",\"dateModified\":\"2024-03-06T16:06:58+00:00\",\"breadcrumb\":{\"@id\":\"https:\\\/\\\/www.bellunopress.it\\\/2022\\\/08\\\/15\\\/primus-inter-pares-lettera-aperta-al-presidente-dellordine-dei-medici-dal-dottor-filiberto-dal-molin\\\/#breadcrumb\"},\"inLanguage\":\"fr-FR\",\"potentialAction\":[{\"@type\":\"ReadAction\",\"target\":[\"https:\\\/\\\/www.bellunopress.it\\\/2022\\\/08\\\/15\\\/primus-inter-pares-lettera-aperta-al-presidente-dellordine-dei-medici-dal-dottor-filiberto-dal-molin\\\/\"]}]},{\"@type\":\"ImageObject\",\"inLanguage\":\"fr-FR\",\"@id\":\"https:\\\/\\\/www.bellunopress.it\\\/2022\\\/08\\\/15\\\/primus-inter-pares-lettera-aperta-al-presidente-dellordine-dei-medici-dal-dottor-filiberto-dal-molin\\\/#primaryimage\",\"url\":\"https:\\\/\\\/www.bellunopress.it\\\/wp-content\\\/uploads\\\/2022\\\/08\\\/Filiberto-Dal-Molin_edited.jpg\",\"contentUrl\":\"https:\\\/\\\/www.bellunopress.it\\\/wp-content\\\/uploads\\\/2022\\\/08\\\/Filiberto-Dal-Molin_edited.jpg\",\"width\":750,\"height\":1000,\"caption\":\"Filiberto Dal Molin - medico chirurgo specializzato in Radiologia, direttore sanitario della Salus, Istituto radiologico e fisiokinesiterapico con sede a Belluno.\"},{\"@type\":\"BreadcrumbList\",\"@id\":\"https:\\\/\\\/www.bellunopress.it\\\/2022\\\/08\\\/15\\\/primus-inter-pares-lettera-aperta-al-presidente-dellordine-dei-medici-dal-dottor-filiberto-dal-molin\\\/#breadcrumb\",\"itemListElement\":[{\"@type\":\"ListItem\",\"position\":1,\"name\":\"Home\",\"item\":\"https:\\\/\\\/www.bellunopress.it\\\/\"},{\"@type\":\"ListItem\",\"position\":2,\"name\":\"Primus inter pares. Lettera aperta al presidente dell&#8217;Ordine dei Medici dal dottor Filiberto Dal Molin\"}]},{\"@type\":\"WebSite\",\"@id\":\"https:\\\/\\\/www.bellunopress.it\\\/#website\",\"url\":\"https:\\\/\\\/www.bellunopress.it\\\/\",\"name\":\"Bellunopress - Dolomiti\",\"description\":\"e-mail: redazione@bellunopress.it\",\"publisher\":{\"@id\":\"https:\\\/\\\/www.bellunopress.it\\\/#organization\"},\"potentialAction\":[{\"@type\":\"SearchAction\",\"target\":{\"@type\":\"EntryPoint\",\"urlTemplate\":\"https:\\\/\\\/www.bellunopress.it\\\/?s={search_term_string}\"},\"query-input\":{\"@type\":\"PropertyValueSpecification\",\"valueRequired\":true,\"valueName\":\"search_term_string\"}}],\"inLanguage\":\"fr-FR\"},{\"@type\":\"Organization\",\"@id\":\"https:\\\/\\\/www.bellunopress.it\\\/#organization\",\"name\":\"Bellunopress\",\"url\":\"https:\\\/\\\/www.bellunopress.it\\\/\",\"logo\":{\"@type\":\"ImageObject\",\"inLanguage\":\"fr-FR\",\"@id\":\"https:\\\/\\\/www.bellunopress.it\\\/#\\\/schema\\\/logo\\\/image\\\/\",\"url\":\"https:\\\/\\\/www.bellunopress.it\\\/wp-content\\\/uploads\\\/2011\\\/05\\\/cropped-logo-bellunopress-.jpg\",\"contentUrl\":\"https:\\\/\\\/www.bellunopress.it\\\/wp-content\\\/uploads\\\/2011\\\/05\\\/cropped-logo-bellunopress-.jpg\",\"width\":512,\"height\":512,\"caption\":\"Bellunopress\"},\"image\":{\"@id\":\"https:\\\/\\\/www.bellunopress.it\\\/#\\\/schema\\\/logo\\\/image\\\/\"},\"sameAs\":[\"https:\\\/\\\/www.facebook.com\\\/profile.php?id=100008943462799\",\"https:\\\/\\\/x.com\\\/bellunopress\",\"https:\\\/\\\/www.linkedin.com\\\/hp\\\/?dnr=JBzUWaJfMUw8vbXJJ2tVW5-I3jZKvC4wsoxE&amp;amp;amp;amp;amp;amp;trk=nav_responsive_tab_home\",\"https:\\\/\\\/www.youtube.com\\\/channel\\\/UCxL0wu1uN0_3_7hGG0306cw\"]},{\"@type\":\"Person\",\"@id\":\"https:\\\/\\\/www.bellunopress.it\\\/#\\\/schema\\\/person\\\/79bb06722b37ece1c03d3e94beb30d73\",\"name\":\"redazione\",\"image\":{\"@type\":\"ImageObject\",\"inLanguage\":\"fr-FR\",\"@id\":\"https:\\\/\\\/secure.gravatar.com\\\/avatar\\\/37d968a2e67a6fd04c169c4bdef102d0bc5d31b2546345219e348575eb80e9a0?s=96&d=mm&r=g\",\"url\":\"https:\\\/\\\/secure.gravatar.com\\\/avatar\\\/37d968a2e67a6fd04c169c4bdef102d0bc5d31b2546345219e348575eb80e9a0?s=96&d=mm&r=g\",\"contentUrl\":\"https:\\\/\\\/secure.gravatar.com\\\/avatar\\\/37d968a2e67a6fd04c169c4bdef102d0bc5d31b2546345219e348575eb80e9a0?s=96&d=mm&r=g\",\"caption\":\"redazione\"},\"sameAs\":[\"http:\\\/\\\/www.bellunopress.it\",\"https:\\\/\\\/x.com\\\/bellunopress\"],\"url\":\"https:\\\/\\\/www.bellunopress.it\\\/fr\\\/author\\\/redazione\\\/\"}]}<\/script>\n<!-- \/ Yoast SEO plugin. -->","yoast_head_json":{"title":"Primus inter pares. Lettera aperta al presidente dell'Ordine dei Medici dal dottor Filiberto Dal Molin - Bellunopress - Dolomiti","robots":{"index":"index","follow":"follow","max-snippet":"max-snippet:-1","max-image-preview":"max-image-preview:large","max-video-preview":"max-video-preview:-1"},"canonical":"https:\/\/www.bellunopress.it\/fr\/2022\/08\/15\/primus-inter-pares-lettera-aperta-al-presidente-dellordine-dei-medici-dal-dottor-filiberto-dal-molin\/","og_locale":"fr_FR","og_type":"article","og_title":"Primus inter pares. Lettera aperta al presidente dell'Ordine dei Medici dal dottor Filiberto Dal Molin - Bellunopress - Dolomiti","og_description":"Al presidente dell\u2019Ordine dei Medici della mia citt\u00e0 Presidente, in questo difficile ferragosto sento la necessit\u00e0 di chiedere nuovamente le Sue dimissioni. Lei svolge la Sua funzione, importantissima in questi tempi barbari, come \u201cprimus inter pares\u201d, eletto e finanziato dai Suoi colleghi, da cui ha ricevuto l\u2019incarico di gestire secondo Scienza e Coscienza le situazioni [&hellip;]","og_url":"https:\/\/www.bellunopress.it\/fr\/2022\/08\/15\/primus-inter-pares-lettera-aperta-al-presidente-dellordine-dei-medici-dal-dottor-filiberto-dal-molin\/","og_site_name":"Bellunopress - Dolomiti","article_publisher":"https:\/\/www.facebook.com\/profile.php?id=100008943462799","article_published_time":"2022-08-15T17:17:19+00:00","article_modified_time":"2024-03-06T16:06:58+00:00","og_image":[{"width":750,"height":1000,"url":"https:\/\/www.bellunopress.it\/wp-content\/uploads\/2022\/08\/Filiberto-Dal-Molin_edited.jpg","type":"image\/jpeg"}],"author":"redazione","twitter_card":"summary_large_image","twitter_creator":"@bellunopress","twitter_site":"@bellunopress","twitter_misc":{"Written by":"redazione","Est. reading time":"4 minutes"},"schema":{"@context":"https:\/\/schema.org","@graph":[{"@type":"Article","@id":"https:\/\/www.bellunopress.it\/2022\/08\/15\/primus-inter-pares-lettera-aperta-al-presidente-dellordine-dei-medici-dal-dottor-filiberto-dal-molin\/#article","isPartOf":{"@id":"https:\/\/www.bellunopress.it\/2022\/08\/15\/primus-inter-pares-lettera-aperta-al-presidente-dellordine-dei-medici-dal-dottor-filiberto-dal-molin\/"},"author":{"name":"redazione","@id":"https:\/\/www.bellunopress.it\/#\/schema\/person\/79bb06722b37ece1c03d3e94beb30d73"},"headline":"Primus inter pares. Lettera aperta al presidente dell&#8217;Ordine dei Medici dal dottor Filiberto Dal Molin","datePublished":"2022-08-15T17:17:19+00:00","dateModified":"2024-03-06T16:06:58+00:00","mainEntityOfPage":{"@id":"https:\/\/www.bellunopress.it\/2022\/08\/15\/primus-inter-pares-lettera-aperta-al-presidente-dellordine-dei-medici-dal-dottor-filiberto-dal-molin\/"},"wordCount":601,"publisher":{"@id":"https:\/\/www.bellunopress.it\/#organization"},"image":{"@id":"https:\/\/www.bellunopress.it\/2022\/08\/15\/primus-inter-pares-lettera-aperta-al-presidente-dellordine-dei-medici-dal-dottor-filiberto-dal-molin\/#primaryimage"},"thumbnailUrl":"https:\/\/www.bellunopress.it\/wp-content\/uploads\/2022\/08\/Filiberto-Dal-Molin_edited.jpg","articleSection":["Cahiers de dol\u00e9ances","Controcorrente Dr Filiberto Dal Molin","Featured","Prima Pagina","Sanit\u00e0 Medicina"],"inLanguage":"fr-FR"},{"@type":"WebPage","@id":"https:\/\/www.bellunopress.it\/2022\/08\/15\/primus-inter-pares-lettera-aperta-al-presidente-dellordine-dei-medici-dal-dottor-filiberto-dal-molin\/","url":"https:\/\/www.bellunopress.it\/2022\/08\/15\/primus-inter-pares-lettera-aperta-al-presidente-dellordine-dei-medici-dal-dottor-filiberto-dal-molin\/","name":"Primus inter pares. Lettera aperta al presidente dell'Ordine dei Medici dal dottor Filiberto Dal Molin - Bellunopress - Dolomiti","isPartOf":{"@id":"https:\/\/www.bellunopress.it\/#website"},"primaryImageOfPage":{"@id":"https:\/\/www.bellunopress.it\/2022\/08\/15\/primus-inter-pares-lettera-aperta-al-presidente-dellordine-dei-medici-dal-dottor-filiberto-dal-molin\/#primaryimage"},"image":{"@id":"https:\/\/www.bellunopress.it\/2022\/08\/15\/primus-inter-pares-lettera-aperta-al-presidente-dellordine-dei-medici-dal-dottor-filiberto-dal-molin\/#primaryimage"},"thumbnailUrl":"https:\/\/www.bellunopress.it\/wp-content\/uploads\/2022\/08\/Filiberto-Dal-Molin_edited.jpg","datePublished":"2022-08-15T17:17:19+00:00","dateModified":"2024-03-06T16:06:58+00:00","breadcrumb":{"@id":"https:\/\/www.bellunopress.it\/2022\/08\/15\/primus-inter-pares-lettera-aperta-al-presidente-dellordine-dei-medici-dal-dottor-filiberto-dal-molin\/#breadcrumb"},"inLanguage":"fr-FR","potentialAction":[{"@type":"ReadAction","target":["https:\/\/www.bellunopress.it\/2022\/08\/15\/primus-inter-pares-lettera-aperta-al-presidente-dellordine-dei-medici-dal-dottor-filiberto-dal-molin\/"]}]},{"@type":"ImageObject","inLanguage":"fr-FR","@id":"https:\/\/www.bellunopress.it\/2022\/08\/15\/primus-inter-pares-lettera-aperta-al-presidente-dellordine-dei-medici-dal-dottor-filiberto-dal-molin\/#primaryimage","url":"https:\/\/www.bellunopress.it\/wp-content\/uploads\/2022\/08\/Filiberto-Dal-Molin_edited.jpg","contentUrl":"https:\/\/www.bellunopress.it\/wp-content\/uploads\/2022\/08\/Filiberto-Dal-Molin_edited.jpg","width":750,"height":1000,"caption":"Filiberto Dal Molin - medico chirurgo specializzato in Radiologia, direttore sanitario della Salus, Istituto radiologico e fisiokinesiterapico con sede a Belluno."},{"@type":"BreadcrumbList","@id":"https:\/\/www.bellunopress.it\/2022\/08\/15\/primus-inter-pares-lettera-aperta-al-presidente-dellordine-dei-medici-dal-dottor-filiberto-dal-molin\/#breadcrumb","itemListElement":[{"@type":"ListItem","position":1,"name":"Home","item":"https:\/\/www.bellunopress.it\/"},{"@type":"ListItem","position":2,"name":"Primus inter pares. Lettera aperta al presidente dell&#8217;Ordine dei Medici dal dottor Filiberto Dal Molin"}]},{"@type":"WebSite","@id":"https:\/\/www.bellunopress.it\/#website","url":"https:\/\/www.bellunopress.it\/","name":"Bellunopress - Dolomiti","description":"e-mail: redazione@bellunopress.it","publisher":{"@id":"https:\/\/www.bellunopress.it\/#organization"},"potentialAction":[{"@type":"SearchAction","target":{"@type":"EntryPoint","urlTemplate":"https:\/\/www.bellunopress.it\/?s={search_term_string}"},"query-input":{"@type":"PropertyValueSpecification","valueRequired":true,"valueName":"search_term_string"}}],"inLanguage":"fr-FR"},{"@type":"Organization","@id":"https:\/\/www.bellunopress.it\/#organization","name":"Bellunopress","url":"https:\/\/www.bellunopress.it\/","logo":{"@type":"ImageObject","inLanguage":"fr-FR","@id":"https:\/\/www.bellunopress.it\/#\/schema\/logo\/image\/","url":"https:\/\/www.bellunopress.it\/wp-content\/uploads\/2011\/05\/cropped-logo-bellunopress-.jpg","contentUrl":"https:\/\/www.bellunopress.it\/wp-content\/uploads\/2011\/05\/cropped-logo-bellunopress-.jpg","width":512,"height":512,"caption":"Bellunopress"},"image":{"@id":"https:\/\/www.bellunopress.it\/#\/schema\/logo\/image\/"},"sameAs":["https:\/\/www.facebook.com\/profile.php?id=100008943462799","https:\/\/x.com\/bellunopress","https:\/\/www.linkedin.com\/hp\/?dnr=JBzUWaJfMUw8vbXJJ2tVW5-I3jZKvC4wsoxE&amp;amp;amp;amp;amp;amp;trk=nav_responsive_tab_home","https:\/\/www.youtube.com\/channel\/UCxL0wu1uN0_3_7hGG0306cw"]},{"@type":"Person","@id":"https:\/\/www.bellunopress.it\/#\/schema\/person\/79bb06722b37ece1c03d3e94beb30d73","name":"r\u00e9daction","image":{"@type":"ImageObject","inLanguage":"fr-FR","@id":"https:\/\/secure.gravatar.com\/avatar\/37d968a2e67a6fd04c169c4bdef102d0bc5d31b2546345219e348575eb80e9a0?s=96&d=mm&r=g","url":"https:\/\/secure.gravatar.com\/avatar\/37d968a2e67a6fd04c169c4bdef102d0bc5d31b2546345219e348575eb80e9a0?s=96&d=mm&r=g","contentUrl":"https:\/\/secure.gravatar.com\/avatar\/37d968a2e67a6fd04c169c4bdef102d0bc5d31b2546345219e348575eb80e9a0?s=96&d=mm&r=g","caption":"redazione"},"sameAs":["http:\/\/www.bellunopress.it","https:\/\/x.com\/bellunopress"],"url":"https:\/\/www.bellunopress.it\/fr\/author\/redazione\/"}]}},"_links":{"self":[{"href":"https:\/\/www.bellunopress.it\/fr\/wp-json\/wp\/v2\/posts\/135775","targetHints":{"allow":["GET"]}}],"collection":[{"href":"https:\/\/www.bellunopress.it\/fr\/wp-json\/wp\/v2\/posts"}],"about":[{"href":"https:\/\/www.bellunopress.it\/fr\/wp-json\/wp\/v2\/types\/post"}],"author":[{"embeddable":true,"href":"https:\/\/www.bellunopress.it\/fr\/wp-json\/wp\/v2\/users\/2"}],"replies":[{"embeddable":true,"href":"https:\/\/www.bellunopress.it\/fr\/wp-json\/wp\/v2\/comments?post=135775"}],"version-history":[{"count":1,"href":"https:\/\/www.bellunopress.it\/fr\/wp-json\/wp\/v2\/posts\/135775\/revisions"}],"predecessor-version":[{"id":135776,"href":"https:\/\/www.bellunopress.it\/fr\/wp-json\/wp\/v2\/posts\/135775\/revisions\/135776"}],"wp:featuredmedia":[{"embeddable":true,"href":"https:\/\/www.bellunopress.it\/fr\/wp-json\/wp\/v2\/media\/135571"}],"wp:attachment":[{"href":"https:\/\/www.bellunopress.it\/fr\/wp-json\/wp\/v2\/media?parent=135775"}],"wp:term":[{"taxonomy":"category","embeddable":true,"href":"https:\/\/www.bellunopress.it\/fr\/wp-json\/wp\/v2\/categories?post=135775"},{"taxonomy":"post_tag","embeddable":true,"href":"https:\/\/www.bellunopress.it\/fr\/wp-json\/wp\/v2\/tags?post=135775"}],"curies":[{"name":"wp","href":"https:\/\/api.w.org\/{rel}","templated":true}]}}