{"id":135764,"date":"2022-08-14T19:21:14","date_gmt":"2022-08-14T17:21:14","guid":{"rendered":"https:\/\/www.bellunopress.it\/?p=135764"},"modified":"2022-08-14T19:21:14","modified_gmt":"2022-08-14T17:21:14","slug":"paracadutismo-trofeo-citta-di-belluno-sventola-il-tricolore-grazie-alla-scuola-nazionale","status":"publish","type":"post","link":"https:\/\/www.bellunopress.it\/fr\/2022\/08\/14\/paracadutismo-trofeo-citta-di-belluno-sventola-il-tricolore-grazie-alla-scuola-nazionale\/","title":{"rendered":"Paracadutismo. Trofeo Citt\u00e0 di Belluno,  sventola il Tricolore grazie alla Scuola nazionale"},"content":{"rendered":"<figure id=\"attachment_135765\" aria-describedby=\"caption-attachment-135765\" style=\"width: 1000px\" class=\"wp-caption alignleft\"><img loading=\"lazy\" decoding=\"async\" class=\"size-full wp-image-135765\" src=\"https:\/\/www.bellunopress.it\/wp-content\/uploads\/2022\/08\/squadra-vincitrice-\u00a9EchidiAlessandroSogne_edited.jpg\" alt=\"\" width=\"1000\" height=\"667\" srcset=\"https:\/\/www.bellunopress.it\/wp-content\/uploads\/2022\/08\/squadra-vincitrice-\u00a9EchidiAlessandroSogne_edited.jpg 1000w, https:\/\/www.bellunopress.it\/wp-content\/uploads\/2022\/08\/squadra-vincitrice-\u00a9EchidiAlessandroSogne_edited-500x334.jpg 500w, https:\/\/www.bellunopress.it\/wp-content\/uploads\/2022\/08\/squadra-vincitrice-\u00a9EchidiAlessandroSogne_edited-696x464.jpg 696w, https:\/\/www.bellunopress.it\/wp-content\/uploads\/2022\/08\/squadra-vincitrice-\u00a9EchidiAlessandroSogne_edited-630x420.jpg 630w\" sizes=\"auto, (max-width: 1000px) 100vw, 1000px\" \/><figcaption id=\"caption-attachment-135765\" class=\"wp-caption-text\">Scuola nazionale, squadra vincitrice<\/figcaption><\/figure>\n<figure id=\"attachment_135766\" aria-describedby=\"caption-attachment-135766\" style=\"width: 1000px\" class=\"wp-caption alignleft\"><img loading=\"lazy\" decoding=\"async\" class=\"size-full wp-image-135766\" src=\"https:\/\/www.bellunopress.it\/wp-content\/uploads\/2022\/08\/paracadutismo-\u00a9EchidiAlessandroSogne_edited.jpg\" alt=\"\" width=\"1000\" height=\"666\" srcset=\"https:\/\/www.bellunopress.it\/wp-content\/uploads\/2022\/08\/paracadutismo-\u00a9EchidiAlessandroSogne_edited.jpg 1000w, https:\/\/www.bellunopress.it\/wp-content\/uploads\/2022\/08\/paracadutismo-\u00a9EchidiAlessandroSogne_edited-500x333.jpg 500w, https:\/\/www.bellunopress.it\/wp-content\/uploads\/2022\/08\/paracadutismo-\u00a9EchidiAlessandroSogne_edited-696x464.jpg 696w, https:\/\/www.bellunopress.it\/wp-content\/uploads\/2022\/08\/paracadutismo-\u00a9EchidiAlessandroSogne_edited-631x420.jpg 631w\" sizes=\"auto, (max-width: 1000px) 100vw, 1000px\" \/><figcaption id=\"caption-attachment-135766\" class=\"wp-caption-text\">Trofeo Citt\u00e0 di Belluno 2022<\/figcaption><\/figure>\n<p><em><strong>Oltre 40 le formazioni in gara per l&#8217;evento proposto dall&#8217;Associazione paracadutismo Belluno e valido quale terzo appuntamento delle World Cup Series, la Coppa del Mondo di atterraggio di precisione<\/strong><\/em><\/p>\n<p>Belluno, 14 agosto 2022 &#8211; Sono gli atleti della Scuola nazionale a imporsi nella 33ma edizione del &#8220;Trofeo Citt\u00e0 di Belluno&#8221;, manifestazione andata in scena dal 12 al 14 agosto all&#8217;aeroporto &#8220;Arturo Dell&#8217;Oro&#8221; dall&#8217;Associazione paracadutismo Belluno in sinergia con l&#8217;Aeroclub Belluno e valida per le World Cup Series, la Coppa del Mondo di atterraggio di precisione.<\/p>\n<p>Oltre quaranta le formazioni al via, provenienti da diciotto nazioni, per un totale di 205 concorrenti. Al termine della tre giorni dolomitica, Paolo Filippini, Alessandro Ruggeri, Vittorio Guarinelli, Stefano Corradini e Daniele Viel si sono portati a casa la vittoria dopo un bel duello con la squadra militare della Repubblica Ceca: 53 le penalit\u00e0 per gli azzurri, 63 quelle per gli atleti dell&#8217;Europa Orientale. A completare il podio i tedeschi di Sportfoerdergruppe con 70 penalit\u00e0.<\/p>\n<p>A livello individuale, la classifica assoluta maschile \u00e8 stata vinta dallo statunitense Ehab Mahmoud mentre a vincere ex aequo la classifica Master sono stati l&#8217;ungherese Tamas Banszki e gli azzurri Paolo Filippini e Giuseppe Tresoldi. Il tedesco Mathias Demmler ha vinto tra gli Juniores. La classifica in rosa ha visto primeggiare l&#8217;austriaca Magdalena Schenner.<\/p>\n<p>\u00abNella prima giornata il meteo ci ha fatto tremare, ma nella seconda e nella terza c&#8217;\u00e8 stato un sole splendente che ci ha fatto svolgere e portare a termine nel migliore dei modi il Trofeo Citt\u00e0 di Belluno\u00bb sottolinea Corrado Marchet, coordinatore dello staff organizzativo della manifestazione. \u00abAbbiamo avuto 41 squadre al via, 205 competitori, provenienti da diciotto nazioni. Sono stati svolti 1600 lanci di gara, un altro migliaio di allenamento. Si tratta di numeri davvero importanti che riempiono di orgoglio tutto il gruppo organizzativo, una decina di persone che per una settimana hanno di fatto vissuto qui all&#8217;aeroporto Dell&#8217;Oro. Belluno ancora una volta si \u00e8 confermata tappa di grande richiamo internazionale e di altissimo livello tecnico\u00bb.<\/p>\n<p>Il Trofeo citt\u00e0 di Belluno \u00e8 stata la terza tappa delle World Cup Series: le prime due si sono svolte a Rijeka, in Croazia, dal 10 al 12 giugno, e a Bled, in Slovenia, dall&#8217;8 al 10 luglio. Dopo Belluno il circuito approder\u00e0 a Thalgau, in Austria, dal 26 al 28 agosto e a Locarno, in Svizzera, per la finale in programma dal 23 al 25 settembre.<\/p>\n<p><a href=\"http:\/\/www.parawcs.com\/belluno\/?q=node\/259\" target=\"_blank\" rel=\"noopener noreferrer\"><b><span style=\"font-size: large;\">CLASSIFICHE<\/span><\/b><\/a><\/p>","protected":false},"excerpt":{"rendered":"<p>Oltre 40 le formazioni in gara per l&#8217;evento proposto dall&#8217;Associazione paracadutismo Belluno e valido quale terzo appuntamento delle World Cup Series, la Coppa del Mondo di atterraggio di precisione Belluno, 14 agosto 2022 &#8211; Sono gli atleti della Scuola nazionale a imporsi nella 33ma edizione del &#8220;Trofeo Citt\u00e0 di Belluno&#8221;, manifestazione andata in scena dal [&hellip;]<\/p>\n","protected":false},"author":2,"featured_media":135766,"comment_status":"closed","ping_status":"open","sticky":false,"template":"","format":"standard","meta":{"footnotes":""},"categories":[26,4],"tags":[],"class_list":["post-135764","post","type-post","status-publish","format-standard","has-post-thumbnail","category-prima-pagina","category-sport"],"yoast_head":"<!-- This site is optimized with the Yoast SEO plugin v28.4 - https:\/\/yoast.com\/product\/yoast-seo-wordpress\/ -->\n<title>Paracadutismo. Trofeo Citt\u00e0 di Belluno, sventola il Tricolore grazie alla Scuola nazionale - Bellunopress - Dolomiti<\/title>\n<meta name=\"robots\" content=\"index, follow, max-snippet:-1, max-image-preview:large, max-video-preview:-1\" \/>\n<link rel=\"canonical\" href=\"https:\/\/www.bellunopress.it\/fr\/2022\/08\/14\/paracadutismo-trofeo-citta-di-belluno-sventola-il-tricolore-grazie-alla-scuola-nazionale\/\" \/>\n<meta property=\"og:locale\" content=\"fr_FR\" \/>\n<meta property=\"og:type\" content=\"article\" \/>\n<meta property=\"og:title\" content=\"Paracadutismo. Trofeo Citt\u00e0 di Belluno, sventola il Tricolore grazie alla Scuola nazionale - Bellunopress - Dolomiti\" \/>\n<meta property=\"og:description\" content=\"Oltre 40 le formazioni in gara per l&#8217;evento proposto dall&#8217;Associazione paracadutismo Belluno e valido quale terzo appuntamento delle World Cup Series, la Coppa del Mondo di atterraggio di precisione Belluno, 14 agosto 2022 &#8211; Sono gli atleti della Scuola nazionale a imporsi nella 33ma edizione del &#8220;Trofeo Citt\u00e0 di Belluno&#8221;, manifestazione andata in scena dal [&hellip;]\" \/>\n<meta property=\"og:url\" content=\"https:\/\/www.bellunopress.it\/fr\/2022\/08\/14\/paracadutismo-trofeo-citta-di-belluno-sventola-il-tricolore-grazie-alla-scuola-nazionale\/\" \/>\n<meta property=\"og:site_name\" content=\"Bellunopress - Dolomiti\" \/>\n<meta property=\"article:publisher\" content=\"https:\/\/www.facebook.com\/profile.php?id=100008943462799\" \/>\n<meta property=\"article:published_time\" content=\"2022-08-14T17:21:14+00:00\" \/>\n<meta property=\"og:image\" content=\"https:\/\/www.bellunopress.it\/wp-content\/uploads\/2022\/08\/paracadutismo-\u00a9EchidiAlessandroSogne_edited.jpg\" \/>\n\t<meta property=\"og:image:width\" content=\"1000\" \/>\n\t<meta property=\"og:image:height\" content=\"666\" \/>\n\t<meta property=\"og:image:type\" content=\"image\/jpeg\" \/>\n<meta name=\"author\" content=\"redazione\" \/>\n<meta name=\"twitter:card\" content=\"summary_large_image\" \/>\n<meta name=\"twitter:creator\" content=\"@bellunopress\" \/>\n<meta name=\"twitter:site\" content=\"@bellunopress\" \/>\n<meta name=\"twitter:label1\" content=\"\u00c9crit par\" \/>\n\t<meta name=\"twitter:data1\" content=\"redazione\" \/>\n\t<meta name=\"twitter:label2\" content=\"Dur\u00e9e de lecture estim\u00e9e\" \/>\n\t<meta name=\"twitter:data2\" content=\"3 minutes\" \/>\n<script type=\"application\/ld+json\" class=\"yoast-schema-graph\">{\"@context\":\"https:\\\/\\\/schema.org\",\"@graph\":[{\"@type\":\"Article\",\"@id\":\"https:\\\/\\\/www.bellunopress.it\\\/2022\\\/08\\\/14\\\/paracadutismo-trofeo-citta-di-belluno-sventola-il-tricolore-grazie-alla-scuola-nazionale\\\/#article\",\"isPartOf\":{\"@id\":\"https:\\\/\\\/www.bellunopress.it\\\/2022\\\/08\\\/14\\\/paracadutismo-trofeo-citta-di-belluno-sventola-il-tricolore-grazie-alla-scuola-nazionale\\\/\"},\"author\":{\"name\":\"redazione\",\"@id\":\"https:\\\/\\\/www.bellunopress.it\\\/#\\\/schema\\\/person\\\/79bb06722b37ece1c03d3e94beb30d73\"},\"headline\":\"Paracadutismo. Trofeo Citt\u00e0 di Belluno, sventola il Tricolore grazie alla Scuola nazionale\",\"datePublished\":\"2022-08-14T17:21:14+00:00\",\"mainEntityOfPage\":{\"@id\":\"https:\\\/\\\/www.bellunopress.it\\\/2022\\\/08\\\/14\\\/paracadutismo-trofeo-citta-di-belluno-sventola-il-tricolore-grazie-alla-scuola-nazionale\\\/\"},\"wordCount\":422,\"publisher\":{\"@id\":\"https:\\\/\\\/www.bellunopress.it\\\/#organization\"},\"image\":{\"@id\":\"https:\\\/\\\/www.bellunopress.it\\\/2022\\\/08\\\/14\\\/paracadutismo-trofeo-citta-di-belluno-sventola-il-tricolore-grazie-alla-scuola-nazionale\\\/#primaryimage\"},\"thumbnailUrl\":\"https:\\\/\\\/www.bellunopress.it\\\/wp-content\\\/uploads\\\/2022\\\/08\\\/paracadutismo-\u00a9EchidiAlessandroSogne_edited.jpg\",\"articleSection\":[\"Prima Pagina\",\"Sport, tempo libero\"],\"inLanguage\":\"fr-FR\"},{\"@type\":\"WebPage\",\"@id\":\"https:\\\/\\\/www.bellunopress.it\\\/2022\\\/08\\\/14\\\/paracadutismo-trofeo-citta-di-belluno-sventola-il-tricolore-grazie-alla-scuola-nazionale\\\/\",\"url\":\"https:\\\/\\\/www.bellunopress.it\\\/2022\\\/08\\\/14\\\/paracadutismo-trofeo-citta-di-belluno-sventola-il-tricolore-grazie-alla-scuola-nazionale\\\/\",\"name\":\"Paracadutismo. Trofeo Citt\u00e0 di Belluno, sventola il Tricolore grazie alla Scuola nazionale - Bellunopress - Dolomiti\",\"isPartOf\":{\"@id\":\"https:\\\/\\\/www.bellunopress.it\\\/#website\"},\"primaryImageOfPage\":{\"@id\":\"https:\\\/\\\/www.bellunopress.it\\\/2022\\\/08\\\/14\\\/paracadutismo-trofeo-citta-di-belluno-sventola-il-tricolore-grazie-alla-scuola-nazionale\\\/#primaryimage\"},\"image\":{\"@id\":\"https:\\\/\\\/www.bellunopress.it\\\/2022\\\/08\\\/14\\\/paracadutismo-trofeo-citta-di-belluno-sventola-il-tricolore-grazie-alla-scuola-nazionale\\\/#primaryimage\"},\"thumbnailUrl\":\"https:\\\/\\\/www.bellunopress.it\\\/wp-content\\\/uploads\\\/2022\\\/08\\\/paracadutismo-\u00a9EchidiAlessandroSogne_edited.jpg\",\"datePublished\":\"2022-08-14T17:21:14+00:00\",\"breadcrumb\":{\"@id\":\"https:\\\/\\\/www.bellunopress.it\\\/2022\\\/08\\\/14\\\/paracadutismo-trofeo-citta-di-belluno-sventola-il-tricolore-grazie-alla-scuola-nazionale\\\/#breadcrumb\"},\"inLanguage\":\"fr-FR\",\"potentialAction\":[{\"@type\":\"ReadAction\",\"target\":[\"https:\\\/\\\/www.bellunopress.it\\\/2022\\\/08\\\/14\\\/paracadutismo-trofeo-citta-di-belluno-sventola-il-tricolore-grazie-alla-scuola-nazionale\\\/\"]}]},{\"@type\":\"ImageObject\",\"inLanguage\":\"fr-FR\",\"@id\":\"https:\\\/\\\/www.bellunopress.it\\\/2022\\\/08\\\/14\\\/paracadutismo-trofeo-citta-di-belluno-sventola-il-tricolore-grazie-alla-scuola-nazionale\\\/#primaryimage\",\"url\":\"https:\\\/\\\/www.bellunopress.it\\\/wp-content\\\/uploads\\\/2022\\\/08\\\/paracadutismo-\u00a9EchidiAlessandroSogne_edited.jpg\",\"contentUrl\":\"https:\\\/\\\/www.bellunopress.it\\\/wp-content\\\/uploads\\\/2022\\\/08\\\/paracadutismo-\u00a9EchidiAlessandroSogne_edited.jpg\",\"width\":1000,\"height\":666,\"caption\":\"Trofeo Citt\u00e0 di Belluno 2022\"},{\"@type\":\"BreadcrumbList\",\"@id\":\"https:\\\/\\\/www.bellunopress.it\\\/2022\\\/08\\\/14\\\/paracadutismo-trofeo-citta-di-belluno-sventola-il-tricolore-grazie-alla-scuola-nazionale\\\/#breadcrumb\",\"itemListElement\":[{\"@type\":\"ListItem\",\"position\":1,\"name\":\"Home\",\"item\":\"https:\\\/\\\/www.bellunopress.it\\\/\"},{\"@type\":\"ListItem\",\"position\":2,\"name\":\"Paracadutismo. Trofeo Citt\u00e0 di Belluno, sventola il Tricolore grazie alla Scuola nazionale\"}]},{\"@type\":\"WebSite\",\"@id\":\"https:\\\/\\\/www.bellunopress.it\\\/#website\",\"url\":\"https:\\\/\\\/www.bellunopress.it\\\/\",\"name\":\"Bellunopress - Dolomiti\",\"description\":\"e-mail: redazione@bellunopress.it\",\"publisher\":{\"@id\":\"https:\\\/\\\/www.bellunopress.it\\\/#organization\"},\"potentialAction\":[{\"@type\":\"SearchAction\",\"target\":{\"@type\":\"EntryPoint\",\"urlTemplate\":\"https:\\\/\\\/www.bellunopress.it\\\/?s={search_term_string}\"},\"query-input\":{\"@type\":\"PropertyValueSpecification\",\"valueRequired\":true,\"valueName\":\"search_term_string\"}}],\"inLanguage\":\"fr-FR\"},{\"@type\":\"Organization\",\"@id\":\"https:\\\/\\\/www.bellunopress.it\\\/#organization\",\"name\":\"Bellunopress\",\"url\":\"https:\\\/\\\/www.bellunopress.it\\\/\",\"logo\":{\"@type\":\"ImageObject\",\"inLanguage\":\"fr-FR\",\"@id\":\"https:\\\/\\\/www.bellunopress.it\\\/#\\\/schema\\\/logo\\\/image\\\/\",\"url\":\"https:\\\/\\\/www.bellunopress.it\\\/wp-content\\\/uploads\\\/2011\\\/05\\\/cropped-logo-bellunopress-.jpg\",\"contentUrl\":\"https:\\\/\\\/www.bellunopress.it\\\/wp-content\\\/uploads\\\/2011\\\/05\\\/cropped-logo-bellunopress-.jpg\",\"width\":512,\"height\":512,\"caption\":\"Bellunopress\"},\"image\":{\"@id\":\"https:\\\/\\\/www.bellunopress.it\\\/#\\\/schema\\\/logo\\\/image\\\/\"},\"sameAs\":[\"https:\\\/\\\/www.facebook.com\\\/profile.php?id=100008943462799\",\"https:\\\/\\\/x.com\\\/bellunopress\",\"https:\\\/\\\/www.linkedin.com\\\/hp\\\/?dnr=JBzUWaJfMUw8vbXJJ2tVW5-I3jZKvC4wsoxE&amp;amp;amp;amp;amp;amp;trk=nav_responsive_tab_home\",\"https:\\\/\\\/www.youtube.com\\\/channel\\\/UCxL0wu1uN0_3_7hGG0306cw\"]},{\"@type\":\"Person\",\"@id\":\"https:\\\/\\\/www.bellunopress.it\\\/#\\\/schema\\\/person\\\/79bb06722b37ece1c03d3e94beb30d73\",\"name\":\"redazione\",\"image\":{\"@type\":\"ImageObject\",\"inLanguage\":\"fr-FR\",\"@id\":\"https:\\\/\\\/secure.gravatar.com\\\/avatar\\\/37d968a2e67a6fd04c169c4bdef102d0bc5d31b2546345219e348575eb80e9a0?s=96&d=mm&r=g\",\"url\":\"https:\\\/\\\/secure.gravatar.com\\\/avatar\\\/37d968a2e67a6fd04c169c4bdef102d0bc5d31b2546345219e348575eb80e9a0?s=96&d=mm&r=g\",\"contentUrl\":\"https:\\\/\\\/secure.gravatar.com\\\/avatar\\\/37d968a2e67a6fd04c169c4bdef102d0bc5d31b2546345219e348575eb80e9a0?s=96&d=mm&r=g\",\"caption\":\"redazione\"},\"sameAs\":[\"http:\\\/\\\/www.bellunopress.it\",\"https:\\\/\\\/x.com\\\/bellunopress\"],\"url\":\"https:\\\/\\\/www.bellunopress.it\\\/fr\\\/author\\\/redazione\\\/\"}]}<\/script>\n<!-- \/ Yoast SEO plugin. -->","yoast_head_json":{"title":"Paracadutismo. Trofeo Citt\u00e0 di Belluno, sventola il Tricolore grazie alla Scuola nazionale - Bellunopress - Dolomiti","robots":{"index":"index","follow":"follow","max-snippet":"max-snippet:-1","max-image-preview":"max-image-preview:large","max-video-preview":"max-video-preview:-1"},"canonical":"https:\/\/www.bellunopress.it\/fr\/2022\/08\/14\/paracadutismo-trofeo-citta-di-belluno-sventola-il-tricolore-grazie-alla-scuola-nazionale\/","og_locale":"fr_FR","og_type":"article","og_title":"Paracadutismo. Trofeo Citt\u00e0 di Belluno, sventola il Tricolore grazie alla Scuola nazionale - Bellunopress - Dolomiti","og_description":"Oltre 40 le formazioni in gara per l&#8217;evento proposto dall&#8217;Associazione paracadutismo Belluno e valido quale terzo appuntamento delle World Cup Series, la Coppa del Mondo di atterraggio di precisione Belluno, 14 agosto 2022 &#8211; Sono gli atleti della Scuola nazionale a imporsi nella 33ma edizione del &#8220;Trofeo Citt\u00e0 di Belluno&#8221;, manifestazione andata in scena dal [&hellip;]","og_url":"https:\/\/www.bellunopress.it\/fr\/2022\/08\/14\/paracadutismo-trofeo-citta-di-belluno-sventola-il-tricolore-grazie-alla-scuola-nazionale\/","og_site_name":"Bellunopress - Dolomiti","article_publisher":"https:\/\/www.facebook.com\/profile.php?id=100008943462799","article_published_time":"2022-08-14T17:21:14+00:00","og_image":[{"width":1000,"height":666,"url":"https:\/\/www.bellunopress.it\/wp-content\/uploads\/2022\/08\/paracadutismo-\u00a9EchidiAlessandroSogne_edited.jpg","type":"image\/jpeg"}],"author":"redazione","twitter_card":"summary_large_image","twitter_creator":"@bellunopress","twitter_site":"@bellunopress","twitter_misc":{"\u00c9crit par":"redazione","Dur\u00e9e de lecture estim\u00e9e":"3 minutes"},"schema":{"@context":"https:\/\/schema.org","@graph":[{"@type":"Article","@id":"https:\/\/www.bellunopress.it\/2022\/08\/14\/paracadutismo-trofeo-citta-di-belluno-sventola-il-tricolore-grazie-alla-scuola-nazionale\/#article","isPartOf":{"@id":"https:\/\/www.bellunopress.it\/2022\/08\/14\/paracadutismo-trofeo-citta-di-belluno-sventola-il-tricolore-grazie-alla-scuola-nazionale\/"},"author":{"name":"redazione","@id":"https:\/\/www.bellunopress.it\/#\/schema\/person\/79bb06722b37ece1c03d3e94beb30d73"},"headline":"Paracadutismo. Trofeo Citt\u00e0 di Belluno, sventola il Tricolore grazie alla Scuola nazionale","datePublished":"2022-08-14T17:21:14+00:00","mainEntityOfPage":{"@id":"https:\/\/www.bellunopress.it\/2022\/08\/14\/paracadutismo-trofeo-citta-di-belluno-sventola-il-tricolore-grazie-alla-scuola-nazionale\/"},"wordCount":422,"publisher":{"@id":"https:\/\/www.bellunopress.it\/#organization"},"image":{"@id":"https:\/\/www.bellunopress.it\/2022\/08\/14\/paracadutismo-trofeo-citta-di-belluno-sventola-il-tricolore-grazie-alla-scuola-nazionale\/#primaryimage"},"thumbnailUrl":"https:\/\/www.bellunopress.it\/wp-content\/uploads\/2022\/08\/paracadutismo-\u00a9EchidiAlessandroSogne_edited.jpg","articleSection":["Prima Pagina","Sport, tempo libero"],"inLanguage":"fr-FR"},{"@type":"WebPage","@id":"https:\/\/www.bellunopress.it\/2022\/08\/14\/paracadutismo-trofeo-citta-di-belluno-sventola-il-tricolore-grazie-alla-scuola-nazionale\/","url":"https:\/\/www.bellunopress.it\/2022\/08\/14\/paracadutismo-trofeo-citta-di-belluno-sventola-il-tricolore-grazie-alla-scuola-nazionale\/","name":"Paracadutismo. Trofeo Citt\u00e0 di Belluno, sventola il Tricolore grazie alla Scuola nazionale - Bellunopress - Dolomiti","isPartOf":{"@id":"https:\/\/www.bellunopress.it\/#website"},"primaryImageOfPage":{"@id":"https:\/\/www.bellunopress.it\/2022\/08\/14\/paracadutismo-trofeo-citta-di-belluno-sventola-il-tricolore-grazie-alla-scuola-nazionale\/#primaryimage"},"image":{"@id":"https:\/\/www.bellunopress.it\/2022\/08\/14\/paracadutismo-trofeo-citta-di-belluno-sventola-il-tricolore-grazie-alla-scuola-nazionale\/#primaryimage"},"thumbnailUrl":"https:\/\/www.bellunopress.it\/wp-content\/uploads\/2022\/08\/paracadutismo-\u00a9EchidiAlessandroSogne_edited.jpg","datePublished":"2022-08-14T17:21:14+00:00","breadcrumb":{"@id":"https:\/\/www.bellunopress.it\/2022\/08\/14\/paracadutismo-trofeo-citta-di-belluno-sventola-il-tricolore-grazie-alla-scuola-nazionale\/#breadcrumb"},"inLanguage":"fr-FR","potentialAction":[{"@type":"ReadAction","target":["https:\/\/www.bellunopress.it\/2022\/08\/14\/paracadutismo-trofeo-citta-di-belluno-sventola-il-tricolore-grazie-alla-scuola-nazionale\/"]}]},{"@type":"ImageObject","inLanguage":"fr-FR","@id":"https:\/\/www.bellunopress.it\/2022\/08\/14\/paracadutismo-trofeo-citta-di-belluno-sventola-il-tricolore-grazie-alla-scuola-nazionale\/#primaryimage","url":"https:\/\/www.bellunopress.it\/wp-content\/uploads\/2022\/08\/paracadutismo-\u00a9EchidiAlessandroSogne_edited.jpg","contentUrl":"https:\/\/www.bellunopress.it\/wp-content\/uploads\/2022\/08\/paracadutismo-\u00a9EchidiAlessandroSogne_edited.jpg","width":1000,"height":666,"caption":"Trofeo Citt\u00e0 di Belluno 2022"},{"@type":"BreadcrumbList","@id":"https:\/\/www.bellunopress.it\/2022\/08\/14\/paracadutismo-trofeo-citta-di-belluno-sventola-il-tricolore-grazie-alla-scuola-nazionale\/#breadcrumb","itemListElement":[{"@type":"ListItem","position":1,"name":"Home","item":"https:\/\/www.bellunopress.it\/"},{"@type":"ListItem","position":2,"name":"Paracadutismo. Trofeo Citt\u00e0 di Belluno, sventola il Tricolore grazie alla Scuola nazionale"}]},{"@type":"WebSite","@id":"https:\/\/www.bellunopress.it\/#website","url":"https:\/\/www.bellunopress.it\/","name":"Bellunopress - Dolomiti","description":"e-mail: redazione@bellunopress.it","publisher":{"@id":"https:\/\/www.bellunopress.it\/#organization"},"potentialAction":[{"@type":"SearchAction","target":{"@type":"EntryPoint","urlTemplate":"https:\/\/www.bellunopress.it\/?s={search_term_string}"},"query-input":{"@type":"PropertyValueSpecification","valueRequired":true,"valueName":"search_term_string"}}],"inLanguage":"fr-FR"},{"@type":"Organization","@id":"https:\/\/www.bellunopress.it\/#organization","name":"Bellunopress","url":"https:\/\/www.bellunopress.it\/","logo":{"@type":"ImageObject","inLanguage":"fr-FR","@id":"https:\/\/www.bellunopress.it\/#\/schema\/logo\/image\/","url":"https:\/\/www.bellunopress.it\/wp-content\/uploads\/2011\/05\/cropped-logo-bellunopress-.jpg","contentUrl":"https:\/\/www.bellunopress.it\/wp-content\/uploads\/2011\/05\/cropped-logo-bellunopress-.jpg","width":512,"height":512,"caption":"Bellunopress"},"image":{"@id":"https:\/\/www.bellunopress.it\/#\/schema\/logo\/image\/"},"sameAs":["https:\/\/www.facebook.com\/profile.php?id=100008943462799","https:\/\/x.com\/bellunopress","https:\/\/www.linkedin.com\/hp\/?dnr=JBzUWaJfMUw8vbXJJ2tVW5-I3jZKvC4wsoxE&amp;amp;amp;amp;amp;amp;trk=nav_responsive_tab_home","https:\/\/www.youtube.com\/channel\/UCxL0wu1uN0_3_7hGG0306cw"]},{"@type":"Person","@id":"https:\/\/www.bellunopress.it\/#\/schema\/person\/79bb06722b37ece1c03d3e94beb30d73","name":"r\u00e9daction","image":{"@type":"ImageObject","inLanguage":"fr-FR","@id":"https:\/\/secure.gravatar.com\/avatar\/37d968a2e67a6fd04c169c4bdef102d0bc5d31b2546345219e348575eb80e9a0?s=96&d=mm&r=g","url":"https:\/\/secure.gravatar.com\/avatar\/37d968a2e67a6fd04c169c4bdef102d0bc5d31b2546345219e348575eb80e9a0?s=96&d=mm&r=g","contentUrl":"https:\/\/secure.gravatar.com\/avatar\/37d968a2e67a6fd04c169c4bdef102d0bc5d31b2546345219e348575eb80e9a0?s=96&d=mm&r=g","caption":"redazione"},"sameAs":["http:\/\/www.bellunopress.it","https:\/\/x.com\/bellunopress"],"url":"https:\/\/www.bellunopress.it\/fr\/author\/redazione\/"}]}},"_links":{"self":[{"href":"https:\/\/www.bellunopress.it\/fr\/wp-json\/wp\/v2\/posts\/135764","targetHints":{"allow":["GET"]}}],"collection":[{"href":"https:\/\/www.bellunopress.it\/fr\/wp-json\/wp\/v2\/posts"}],"about":[{"href":"https:\/\/www.bellunopress.it\/fr\/wp-json\/wp\/v2\/types\/post"}],"author":[{"embeddable":true,"href":"https:\/\/www.bellunopress.it\/fr\/wp-json\/wp\/v2\/users\/2"}],"replies":[{"embeddable":true,"href":"https:\/\/www.bellunopress.it\/fr\/wp-json\/wp\/v2\/comments?post=135764"}],"version-history":[{"count":1,"href":"https:\/\/www.bellunopress.it\/fr\/wp-json\/wp\/v2\/posts\/135764\/revisions"}],"predecessor-version":[{"id":135767,"href":"https:\/\/www.bellunopress.it\/fr\/wp-json\/wp\/v2\/posts\/135764\/revisions\/135767"}],"wp:featuredmedia":[{"embeddable":true,"href":"https:\/\/www.bellunopress.it\/fr\/wp-json\/wp\/v2\/media\/135766"}],"wp:attachment":[{"href":"https:\/\/www.bellunopress.it\/fr\/wp-json\/wp\/v2\/media?parent=135764"}],"wp:term":[{"taxonomy":"category","embeddable":true,"href":"https:\/\/www.bellunopress.it\/fr\/wp-json\/wp\/v2\/categories?post=135764"},{"taxonomy":"post_tag","embeddable":true,"href":"https:\/\/www.bellunopress.it\/fr\/wp-json\/wp\/v2\/tags?post=135764"}],"curies":[{"name":"wp","href":"https:\/\/api.w.org\/{rel}","templated":true}]}}