{"id":135761,"date":"2022-08-14T15:50:41","date_gmt":"2022-08-14T13:50:41","guid":{"rendered":"https:\/\/www.bellunopress.it\/?p=135761"},"modified":"2022-08-14T15:50:41","modified_gmt":"2022-08-14T13:50:41","slug":"isacco-costa-domina-il-giro-podistico-di-falcade-2022","status":"publish","type":"post","link":"https:\/\/www.bellunopress.it\/fr\/2022\/08\/14\/isacco-costa-domina-il-giro-podistico-di-falcade-2022\/","title":{"rendered":"Isacco Costa domina il Giro podistico di Falcade 2022"},"content":{"rendered":"<p><em><strong><img loading=\"lazy\" decoding=\"async\" class=\"alignleft size-full wp-image-135762\" src=\"https:\/\/www.bellunopress.it\/wp-content\/uploads\/2022\/08\/Giro-podistico-di-Falcade-\u00a9EchidiAlessandroSogne_edited.jpg\" alt=\"\" width=\"1000\" height=\"624\" srcset=\"https:\/\/www.bellunopress.it\/wp-content\/uploads\/2022\/08\/Giro-podistico-di-Falcade-\u00a9EchidiAlessandroSogne_edited.jpg 1000w, https:\/\/www.bellunopress.it\/wp-content\/uploads\/2022\/08\/Giro-podistico-di-Falcade-\u00a9EchidiAlessandroSogne_edited-500x312.jpg 500w, https:\/\/www.bellunopress.it\/wp-content\/uploads\/2022\/08\/Giro-podistico-di-Falcade-\u00a9EchidiAlessandroSogne_edited-696x434.jpg 696w, https:\/\/www.bellunopress.it\/wp-content\/uploads\/2022\/08\/Giro-podistico-di-Falcade-\u00a9EchidiAlessandroSogne_edited-673x420.jpg 673w\" sizes=\"auto, (max-width: 1000px) 100vw, 1000px\" \/>Quasi 500 i concorrenti in gara all&#8217;evento organizzato dallo Sci club Val Biois. Premio speciale dell&#8217;amministrazione comunale agli azzurri Lucia Dalmasso ed Elia Barp<\/strong><\/em><\/p>\n<p>Falcade (Belluno), 14 agosto 2022 \u2013 Hanno sfiorato quota 500 i concorrenti che venerd\u00ec 13 agosto hanno dato vita a quello che \u00e8 uno degli appuntamenti tradizionali dell&#8217;estate sportiva dell&#8217;Agordino, vale a dire il Giro podistico di Falcade, evento proposto dallo Sci club Val Biois di Falcade in abbinata con il Mini Giro podistico, corsa dedicata ai pi\u00f9 piccoli (under 17). 28 le edizioni per il Giro podistico, 20 quelle del Mini Giro.<\/p>\n<p>\u00abUn&#8217;ottima partecipazione e per noi una gran bella soddisfazione\u00bb sottolinea Matteo Cagnati, presidente dello Sci club Val Biois. \u00abPer quanto riguarda il Mini Giro, \u00e8 stato davvero bello vedere tanti bambini correre sulla piana: un entusiasmo contagioso quello dei piccoli runner, molti turisti e molti residenti. Relativamente al Giro podistico, anche quest&#8217;anno si \u00e8 trattato di una manifestazione di ottimo livello tecnico\u00bb.<\/p>\n<p>A vincere il Giro podistico, gara di poco meno di 6 chilometri che si snoda tra la Piana di Falcade e il paese, \u00e8 il giovane ingegnere zoldano Isacco Costa: il pi\u00f9 giovane della &#8220;dinastia&#8221; Costa ha dominato la gara, riuscendo a stare abbondantemente sotto i venti minuti, fermando le lancette del cronometro sul tempo di 19&#8217;15&#8243;3. Sul podio sono saliti anche due fondisti: l&#8217;agordino Lorenzo Busin, secondo a 1&#8217;24&#8243;6, e il limanese Stefano Dal Magro, terzo a 1&#8217;26&#8243;8.<\/p>\n<p>In campo femminile, vittoria della fondista valdostana Virginia Cena che ha avuto la meglio in volata sull&#8217;agordina Francesca De Col\u00f2. Terza la trevigiana Chiara Lamberti, staccata di soli 2&#8243;1.<\/p>\n<p>A margine del Giro podistico, l&#8217;amministrazione comunale di Falcade ha voluto premiare due ragazzi che lo scorso inverno hanno portato lustro al paese dolomitico, indossando l&#8217;azzurro a pi\u00f9 riprese e in eventi di grandissima rilevanza: la snowboarder Lucia Dalmasso, in gara alle Olimpiadi di Pechino, e il fondista Elia Barp, medaglia d&#8217;argento nella sprint skating ai Campionati mondiali Juniores di Lygna, in Norvegia.<\/p>","protected":false},"excerpt":{"rendered":"<p>Quasi 500 i concorrenti in gara all&#8217;evento organizzato dallo Sci club Val Biois. Premio speciale dell&#8217;amministrazione comunale agli azzurri Lucia Dalmasso ed Elia Barp Falcade (Belluno), 14 agosto 2022 \u2013 Hanno sfiorato quota 500 i concorrenti che venerd\u00ec 13 agosto hanno dato vita a quello che \u00e8 uno degli appuntamenti tradizionali dell&#8217;estate sportiva dell&#8217;Agordino, vale [&hellip;]<\/p>\n","protected":false},"author":2,"featured_media":135762,"comment_status":"closed","ping_status":"open","sticky":false,"template":"","format":"standard","meta":{"footnotes":""},"categories":[26,4],"tags":[],"class_list":["post-135761","post","type-post","status-publish","format-standard","has-post-thumbnail","category-prima-pagina","category-sport"],"yoast_head":"<!-- This site is optimized with the Yoast SEO plugin v28.4 - https:\/\/yoast.com\/product\/yoast-seo-wordpress\/ -->\n<title>Isacco Costa domina il Giro podistico di Falcade 2022 - Bellunopress - Dolomiti<\/title>\n<meta name=\"robots\" content=\"index, follow, max-snippet:-1, max-image-preview:large, max-video-preview:-1\" \/>\n<link rel=\"canonical\" href=\"https:\/\/www.bellunopress.it\/fr\/2022\/08\/14\/isacco-costa-domina-il-giro-podistico-di-falcade-2022\/\" \/>\n<meta property=\"og:locale\" content=\"fr_FR\" \/>\n<meta property=\"og:type\" content=\"article\" \/>\n<meta property=\"og:title\" content=\"Isacco Costa domina il Giro podistico di Falcade 2022 - Bellunopress - Dolomiti\" \/>\n<meta property=\"og:description\" content=\"Quasi 500 i concorrenti in gara all&#8217;evento organizzato dallo Sci club Val Biois. Premio speciale dell&#8217;amministrazione comunale agli azzurri Lucia Dalmasso ed Elia Barp Falcade (Belluno), 14 agosto 2022 \u2013 Hanno sfiorato quota 500 i concorrenti che venerd\u00ec 13 agosto hanno dato vita a quello che \u00e8 uno degli appuntamenti tradizionali dell&#8217;estate sportiva dell&#8217;Agordino, vale [&hellip;]\" \/>\n<meta property=\"og:url\" content=\"https:\/\/www.bellunopress.it\/fr\/2022\/08\/14\/isacco-costa-domina-il-giro-podistico-di-falcade-2022\/\" \/>\n<meta property=\"og:site_name\" content=\"Bellunopress - Dolomiti\" \/>\n<meta property=\"article:publisher\" content=\"https:\/\/www.facebook.com\/profile.php?id=100008943462799\" \/>\n<meta property=\"article:published_time\" content=\"2022-08-14T13:50:41+00:00\" \/>\n<meta property=\"og:image\" content=\"https:\/\/www.bellunopress.it\/wp-content\/uploads\/2022\/08\/Giro-podistico-di-Falcade-\u00a9EchidiAlessandroSogne_edited.jpg\" \/>\n\t<meta property=\"og:image:width\" content=\"1000\" \/>\n\t<meta property=\"og:image:height\" content=\"624\" \/>\n\t<meta property=\"og:image:type\" content=\"image\/jpeg\" \/>\n<meta name=\"author\" content=\"redazione\" \/>\n<meta name=\"twitter:card\" content=\"summary_large_image\" \/>\n<meta name=\"twitter:creator\" content=\"@bellunopress\" \/>\n<meta name=\"twitter:site\" content=\"@bellunopress\" \/>\n<meta name=\"twitter:label1\" content=\"\u00c9crit par\" \/>\n\t<meta name=\"twitter:data1\" content=\"redazione\" \/>\n\t<meta name=\"twitter:label2\" content=\"Dur\u00e9e de lecture estim\u00e9e\" \/>\n\t<meta name=\"twitter:data2\" content=\"2 minutes\" \/>\n<script type=\"application\/ld+json\" class=\"yoast-schema-graph\">{\"@context\":\"https:\\\/\\\/schema.org\",\"@graph\":[{\"@type\":\"Article\",\"@id\":\"https:\\\/\\\/www.bellunopress.it\\\/2022\\\/08\\\/14\\\/isacco-costa-domina-il-giro-podistico-di-falcade-2022\\\/#article\",\"isPartOf\":{\"@id\":\"https:\\\/\\\/www.bellunopress.it\\\/2022\\\/08\\\/14\\\/isacco-costa-domina-il-giro-podistico-di-falcade-2022\\\/\"},\"author\":{\"name\":\"redazione\",\"@id\":\"https:\\\/\\\/www.bellunopress.it\\\/#\\\/schema\\\/person\\\/79bb06722b37ece1c03d3e94beb30d73\"},\"headline\":\"Isacco Costa domina il Giro podistico di Falcade 2022\",\"datePublished\":\"2022-08-14T13:50:41+00:00\",\"mainEntityOfPage\":{\"@id\":\"https:\\\/\\\/www.bellunopress.it\\\/2022\\\/08\\\/14\\\/isacco-costa-domina-il-giro-podistico-di-falcade-2022\\\/\"},\"wordCount\":331,\"publisher\":{\"@id\":\"https:\\\/\\\/www.bellunopress.it\\\/#organization\"},\"image\":{\"@id\":\"https:\\\/\\\/www.bellunopress.it\\\/2022\\\/08\\\/14\\\/isacco-costa-domina-il-giro-podistico-di-falcade-2022\\\/#primaryimage\"},\"thumbnailUrl\":\"https:\\\/\\\/www.bellunopress.it\\\/wp-content\\\/uploads\\\/2022\\\/08\\\/Giro-podistico-di-Falcade-\u00a9EchidiAlessandroSogne_edited.jpg\",\"articleSection\":[\"Prima Pagina\",\"Sport, tempo libero\"],\"inLanguage\":\"fr-FR\"},{\"@type\":\"WebPage\",\"@id\":\"https:\\\/\\\/www.bellunopress.it\\\/2022\\\/08\\\/14\\\/isacco-costa-domina-il-giro-podistico-di-falcade-2022\\\/\",\"url\":\"https:\\\/\\\/www.bellunopress.it\\\/2022\\\/08\\\/14\\\/isacco-costa-domina-il-giro-podistico-di-falcade-2022\\\/\",\"name\":\"Isacco Costa domina il Giro podistico di Falcade 2022 - Bellunopress - Dolomiti\",\"isPartOf\":{\"@id\":\"https:\\\/\\\/www.bellunopress.it\\\/#website\"},\"primaryImageOfPage\":{\"@id\":\"https:\\\/\\\/www.bellunopress.it\\\/2022\\\/08\\\/14\\\/isacco-costa-domina-il-giro-podistico-di-falcade-2022\\\/#primaryimage\"},\"image\":{\"@id\":\"https:\\\/\\\/www.bellunopress.it\\\/2022\\\/08\\\/14\\\/isacco-costa-domina-il-giro-podistico-di-falcade-2022\\\/#primaryimage\"},\"thumbnailUrl\":\"https:\\\/\\\/www.bellunopress.it\\\/wp-content\\\/uploads\\\/2022\\\/08\\\/Giro-podistico-di-Falcade-\u00a9EchidiAlessandroSogne_edited.jpg\",\"datePublished\":\"2022-08-14T13:50:41+00:00\",\"breadcrumb\":{\"@id\":\"https:\\\/\\\/www.bellunopress.it\\\/2022\\\/08\\\/14\\\/isacco-costa-domina-il-giro-podistico-di-falcade-2022\\\/#breadcrumb\"},\"inLanguage\":\"fr-FR\",\"potentialAction\":[{\"@type\":\"ReadAction\",\"target\":[\"https:\\\/\\\/www.bellunopress.it\\\/2022\\\/08\\\/14\\\/isacco-costa-domina-il-giro-podistico-di-falcade-2022\\\/\"]}]},{\"@type\":\"ImageObject\",\"inLanguage\":\"fr-FR\",\"@id\":\"https:\\\/\\\/www.bellunopress.it\\\/2022\\\/08\\\/14\\\/isacco-costa-domina-il-giro-podistico-di-falcade-2022\\\/#primaryimage\",\"url\":\"https:\\\/\\\/www.bellunopress.it\\\/wp-content\\\/uploads\\\/2022\\\/08\\\/Giro-podistico-di-Falcade-\u00a9EchidiAlessandroSogne_edited.jpg\",\"contentUrl\":\"https:\\\/\\\/www.bellunopress.it\\\/wp-content\\\/uploads\\\/2022\\\/08\\\/Giro-podistico-di-Falcade-\u00a9EchidiAlessandroSogne_edited.jpg\",\"width\":1000,\"height\":624},{\"@type\":\"BreadcrumbList\",\"@id\":\"https:\\\/\\\/www.bellunopress.it\\\/2022\\\/08\\\/14\\\/isacco-costa-domina-il-giro-podistico-di-falcade-2022\\\/#breadcrumb\",\"itemListElement\":[{\"@type\":\"ListItem\",\"position\":1,\"name\":\"Home\",\"item\":\"https:\\\/\\\/www.bellunopress.it\\\/\"},{\"@type\":\"ListItem\",\"position\":2,\"name\":\"Isacco Costa domina il Giro podistico di Falcade 2022\"}]},{\"@type\":\"WebSite\",\"@id\":\"https:\\\/\\\/www.bellunopress.it\\\/#website\",\"url\":\"https:\\\/\\\/www.bellunopress.it\\\/\",\"name\":\"Bellunopress - Dolomiti\",\"description\":\"e-mail: redazione@bellunopress.it\",\"publisher\":{\"@id\":\"https:\\\/\\\/www.bellunopress.it\\\/#organization\"},\"potentialAction\":[{\"@type\":\"SearchAction\",\"target\":{\"@type\":\"EntryPoint\",\"urlTemplate\":\"https:\\\/\\\/www.bellunopress.it\\\/?s={search_term_string}\"},\"query-input\":{\"@type\":\"PropertyValueSpecification\",\"valueRequired\":true,\"valueName\":\"search_term_string\"}}],\"inLanguage\":\"fr-FR\"},{\"@type\":\"Organization\",\"@id\":\"https:\\\/\\\/www.bellunopress.it\\\/#organization\",\"name\":\"Bellunopress\",\"url\":\"https:\\\/\\\/www.bellunopress.it\\\/\",\"logo\":{\"@type\":\"ImageObject\",\"inLanguage\":\"fr-FR\",\"@id\":\"https:\\\/\\\/www.bellunopress.it\\\/#\\\/schema\\\/logo\\\/image\\\/\",\"url\":\"https:\\\/\\\/www.bellunopress.it\\\/wp-content\\\/uploads\\\/2011\\\/05\\\/cropped-logo-bellunopress-.jpg\",\"contentUrl\":\"https:\\\/\\\/www.bellunopress.it\\\/wp-content\\\/uploads\\\/2011\\\/05\\\/cropped-logo-bellunopress-.jpg\",\"width\":512,\"height\":512,\"caption\":\"Bellunopress\"},\"image\":{\"@id\":\"https:\\\/\\\/www.bellunopress.it\\\/#\\\/schema\\\/logo\\\/image\\\/\"},\"sameAs\":[\"https:\\\/\\\/www.facebook.com\\\/profile.php?id=100008943462799\",\"https:\\\/\\\/x.com\\\/bellunopress\",\"https:\\\/\\\/www.linkedin.com\\\/hp\\\/?dnr=JBzUWaJfMUw8vbXJJ2tVW5-I3jZKvC4wsoxE&amp;amp;amp;amp;amp;amp;trk=nav_responsive_tab_home\",\"https:\\\/\\\/www.youtube.com\\\/channel\\\/UCxL0wu1uN0_3_7hGG0306cw\"]},{\"@type\":\"Person\",\"@id\":\"https:\\\/\\\/www.bellunopress.it\\\/#\\\/schema\\\/person\\\/79bb06722b37ece1c03d3e94beb30d73\",\"name\":\"redazione\",\"image\":{\"@type\":\"ImageObject\",\"inLanguage\":\"fr-FR\",\"@id\":\"https:\\\/\\\/secure.gravatar.com\\\/avatar\\\/37d968a2e67a6fd04c169c4bdef102d0bc5d31b2546345219e348575eb80e9a0?s=96&d=mm&r=g\",\"url\":\"https:\\\/\\\/secure.gravatar.com\\\/avatar\\\/37d968a2e67a6fd04c169c4bdef102d0bc5d31b2546345219e348575eb80e9a0?s=96&d=mm&r=g\",\"contentUrl\":\"https:\\\/\\\/secure.gravatar.com\\\/avatar\\\/37d968a2e67a6fd04c169c4bdef102d0bc5d31b2546345219e348575eb80e9a0?s=96&d=mm&r=g\",\"caption\":\"redazione\"},\"sameAs\":[\"http:\\\/\\\/www.bellunopress.it\",\"https:\\\/\\\/x.com\\\/bellunopress\"],\"url\":\"https:\\\/\\\/www.bellunopress.it\\\/fr\\\/author\\\/redazione\\\/\"}]}<\/script>\n<!-- \/ Yoast SEO plugin. -->","yoast_head_json":{"title":"Isacco Costa domina il Giro podistico di Falcade 2022 - Bellunopress - Dolomiti","robots":{"index":"index","follow":"follow","max-snippet":"max-snippet:-1","max-image-preview":"max-image-preview:large","max-video-preview":"max-video-preview:-1"},"canonical":"https:\/\/www.bellunopress.it\/fr\/2022\/08\/14\/isacco-costa-domina-il-giro-podistico-di-falcade-2022\/","og_locale":"fr_FR","og_type":"article","og_title":"Isacco Costa domina il Giro podistico di Falcade 2022 - Bellunopress - Dolomiti","og_description":"Quasi 500 i concorrenti in gara all&#8217;evento organizzato dallo Sci club Val Biois. Premio speciale dell&#8217;amministrazione comunale agli azzurri Lucia Dalmasso ed Elia Barp Falcade (Belluno), 14 agosto 2022 \u2013 Hanno sfiorato quota 500 i concorrenti che venerd\u00ec 13 agosto hanno dato vita a quello che \u00e8 uno degli appuntamenti tradizionali dell&#8217;estate sportiva dell&#8217;Agordino, vale [&hellip;]","og_url":"https:\/\/www.bellunopress.it\/fr\/2022\/08\/14\/isacco-costa-domina-il-giro-podistico-di-falcade-2022\/","og_site_name":"Bellunopress - Dolomiti","article_publisher":"https:\/\/www.facebook.com\/profile.php?id=100008943462799","article_published_time":"2022-08-14T13:50:41+00:00","og_image":[{"width":1000,"height":624,"url":"https:\/\/www.bellunopress.it\/wp-content\/uploads\/2022\/08\/Giro-podistico-di-Falcade-\u00a9EchidiAlessandroSogne_edited.jpg","type":"image\/jpeg"}],"author":"redazione","twitter_card":"summary_large_image","twitter_creator":"@bellunopress","twitter_site":"@bellunopress","twitter_misc":{"\u00c9crit par":"redazione","Dur\u00e9e de lecture estim\u00e9e":"2 minutes"},"schema":{"@context":"https:\/\/schema.org","@graph":[{"@type":"Article","@id":"https:\/\/www.bellunopress.it\/2022\/08\/14\/isacco-costa-domina-il-giro-podistico-di-falcade-2022\/#article","isPartOf":{"@id":"https:\/\/www.bellunopress.it\/2022\/08\/14\/isacco-costa-domina-il-giro-podistico-di-falcade-2022\/"},"author":{"name":"redazione","@id":"https:\/\/www.bellunopress.it\/#\/schema\/person\/79bb06722b37ece1c03d3e94beb30d73"},"headline":"Isacco Costa domina il Giro podistico di Falcade 2022","datePublished":"2022-08-14T13:50:41+00:00","mainEntityOfPage":{"@id":"https:\/\/www.bellunopress.it\/2022\/08\/14\/isacco-costa-domina-il-giro-podistico-di-falcade-2022\/"},"wordCount":331,"publisher":{"@id":"https:\/\/www.bellunopress.it\/#organization"},"image":{"@id":"https:\/\/www.bellunopress.it\/2022\/08\/14\/isacco-costa-domina-il-giro-podistico-di-falcade-2022\/#primaryimage"},"thumbnailUrl":"https:\/\/www.bellunopress.it\/wp-content\/uploads\/2022\/08\/Giro-podistico-di-Falcade-\u00a9EchidiAlessandroSogne_edited.jpg","articleSection":["Prima Pagina","Sport, tempo libero"],"inLanguage":"fr-FR"},{"@type":"WebPage","@id":"https:\/\/www.bellunopress.it\/2022\/08\/14\/isacco-costa-domina-il-giro-podistico-di-falcade-2022\/","url":"https:\/\/www.bellunopress.it\/2022\/08\/14\/isacco-costa-domina-il-giro-podistico-di-falcade-2022\/","name":"Isacco Costa domina il Giro podistico di Falcade 2022 - Bellunopress - Dolomiti","isPartOf":{"@id":"https:\/\/www.bellunopress.it\/#website"},"primaryImageOfPage":{"@id":"https:\/\/www.bellunopress.it\/2022\/08\/14\/isacco-costa-domina-il-giro-podistico-di-falcade-2022\/#primaryimage"},"image":{"@id":"https:\/\/www.bellunopress.it\/2022\/08\/14\/isacco-costa-domina-il-giro-podistico-di-falcade-2022\/#primaryimage"},"thumbnailUrl":"https:\/\/www.bellunopress.it\/wp-content\/uploads\/2022\/08\/Giro-podistico-di-Falcade-\u00a9EchidiAlessandroSogne_edited.jpg","datePublished":"2022-08-14T13:50:41+00:00","breadcrumb":{"@id":"https:\/\/www.bellunopress.it\/2022\/08\/14\/isacco-costa-domina-il-giro-podistico-di-falcade-2022\/#breadcrumb"},"inLanguage":"fr-FR","potentialAction":[{"@type":"ReadAction","target":["https:\/\/www.bellunopress.it\/2022\/08\/14\/isacco-costa-domina-il-giro-podistico-di-falcade-2022\/"]}]},{"@type":"ImageObject","inLanguage":"fr-FR","@id":"https:\/\/www.bellunopress.it\/2022\/08\/14\/isacco-costa-domina-il-giro-podistico-di-falcade-2022\/#primaryimage","url":"https:\/\/www.bellunopress.it\/wp-content\/uploads\/2022\/08\/Giro-podistico-di-Falcade-\u00a9EchidiAlessandroSogne_edited.jpg","contentUrl":"https:\/\/www.bellunopress.it\/wp-content\/uploads\/2022\/08\/Giro-podistico-di-Falcade-\u00a9EchidiAlessandroSogne_edited.jpg","width":1000,"height":624},{"@type":"BreadcrumbList","@id":"https:\/\/www.bellunopress.it\/2022\/08\/14\/isacco-costa-domina-il-giro-podistico-di-falcade-2022\/#breadcrumb","itemListElement":[{"@type":"ListItem","position":1,"name":"Home","item":"https:\/\/www.bellunopress.it\/"},{"@type":"ListItem","position":2,"name":"Isacco Costa domina il Giro podistico di Falcade 2022"}]},{"@type":"WebSite","@id":"https:\/\/www.bellunopress.it\/#website","url":"https:\/\/www.bellunopress.it\/","name":"Bellunopress - Dolomiti","description":"e-mail: redazione@bellunopress.it","publisher":{"@id":"https:\/\/www.bellunopress.it\/#organization"},"potentialAction":[{"@type":"SearchAction","target":{"@type":"EntryPoint","urlTemplate":"https:\/\/www.bellunopress.it\/?s={search_term_string}"},"query-input":{"@type":"PropertyValueSpecification","valueRequired":true,"valueName":"search_term_string"}}],"inLanguage":"fr-FR"},{"@type":"Organization","@id":"https:\/\/www.bellunopress.it\/#organization","name":"Bellunopress","url":"https:\/\/www.bellunopress.it\/","logo":{"@type":"ImageObject","inLanguage":"fr-FR","@id":"https:\/\/www.bellunopress.it\/#\/schema\/logo\/image\/","url":"https:\/\/www.bellunopress.it\/wp-content\/uploads\/2011\/05\/cropped-logo-bellunopress-.jpg","contentUrl":"https:\/\/www.bellunopress.it\/wp-content\/uploads\/2011\/05\/cropped-logo-bellunopress-.jpg","width":512,"height":512,"caption":"Bellunopress"},"image":{"@id":"https:\/\/www.bellunopress.it\/#\/schema\/logo\/image\/"},"sameAs":["https:\/\/www.facebook.com\/profile.php?id=100008943462799","https:\/\/x.com\/bellunopress","https:\/\/www.linkedin.com\/hp\/?dnr=JBzUWaJfMUw8vbXJJ2tVW5-I3jZKvC4wsoxE&amp;amp;amp;amp;amp;amp;trk=nav_responsive_tab_home","https:\/\/www.youtube.com\/channel\/UCxL0wu1uN0_3_7hGG0306cw"]},{"@type":"Person","@id":"https:\/\/www.bellunopress.it\/#\/schema\/person\/79bb06722b37ece1c03d3e94beb30d73","name":"r\u00e9daction","image":{"@type":"ImageObject","inLanguage":"fr-FR","@id":"https:\/\/secure.gravatar.com\/avatar\/37d968a2e67a6fd04c169c4bdef102d0bc5d31b2546345219e348575eb80e9a0?s=96&d=mm&r=g","url":"https:\/\/secure.gravatar.com\/avatar\/37d968a2e67a6fd04c169c4bdef102d0bc5d31b2546345219e348575eb80e9a0?s=96&d=mm&r=g","contentUrl":"https:\/\/secure.gravatar.com\/avatar\/37d968a2e67a6fd04c169c4bdef102d0bc5d31b2546345219e348575eb80e9a0?s=96&d=mm&r=g","caption":"redazione"},"sameAs":["http:\/\/www.bellunopress.it","https:\/\/x.com\/bellunopress"],"url":"https:\/\/www.bellunopress.it\/fr\/author\/redazione\/"}]}},"_links":{"self":[{"href":"https:\/\/www.bellunopress.it\/fr\/wp-json\/wp\/v2\/posts\/135761","targetHints":{"allow":["GET"]}}],"collection":[{"href":"https:\/\/www.bellunopress.it\/fr\/wp-json\/wp\/v2\/posts"}],"about":[{"href":"https:\/\/www.bellunopress.it\/fr\/wp-json\/wp\/v2\/types\/post"}],"author":[{"embeddable":true,"href":"https:\/\/www.bellunopress.it\/fr\/wp-json\/wp\/v2\/users\/2"}],"replies":[{"embeddable":true,"href":"https:\/\/www.bellunopress.it\/fr\/wp-json\/wp\/v2\/comments?post=135761"}],"version-history":[{"count":1,"href":"https:\/\/www.bellunopress.it\/fr\/wp-json\/wp\/v2\/posts\/135761\/revisions"}],"predecessor-version":[{"id":135763,"href":"https:\/\/www.bellunopress.it\/fr\/wp-json\/wp\/v2\/posts\/135761\/revisions\/135763"}],"wp:featuredmedia":[{"embeddable":true,"href":"https:\/\/www.bellunopress.it\/fr\/wp-json\/wp\/v2\/media\/135762"}],"wp:attachment":[{"href":"https:\/\/www.bellunopress.it\/fr\/wp-json\/wp\/v2\/media?parent=135761"}],"wp:term":[{"taxonomy":"category","embeddable":true,"href":"https:\/\/www.bellunopress.it\/fr\/wp-json\/wp\/v2\/categories?post=135761"},{"taxonomy":"post_tag","embeddable":true,"href":"https:\/\/www.bellunopress.it\/fr\/wp-json\/wp\/v2\/tags?post=135761"}],"curies":[{"name":"wp","href":"https:\/\/api.w.org\/{rel}","templated":true}]}}