{"id":135735,"date":"2022-08-12T15:16:19","date_gmt":"2022-08-12T13:16:19","guid":{"rendered":"https:\/\/www.bellunopress.it\/?p=135735"},"modified":"2022-08-12T15:16:19","modified_gmt":"2022-08-12T13:16:19","slug":"a-ferragosto-feltre-non-chiude-tutte-le-iniziative","status":"publish","type":"post","link":"https:\/\/www.bellunopress.it\/fr\/2022\/08\/12\/a-ferragosto-feltre-non-chiude-tutte-le-iniziative\/","title":{"rendered":"A Ferragosto Feltre non chiude. Tutte le iniziative"},"content":{"rendered":"<figure id=\"attachment_134430\" aria-describedby=\"caption-attachment-134430\" style=\"width: 1000px\" class=\"wp-caption alignleft\"><img loading=\"lazy\" decoding=\"async\" class=\"size-full wp-image-134430\" src=\"https:\/\/www.bellunopress.it\/wp-content\/uploads\/2022\/06\/Piazza-maggiore-Feltre-notte.jpg\" alt=\"\" width=\"1000\" height=\"665\" srcset=\"https:\/\/www.bellunopress.it\/wp-content\/uploads\/2022\/06\/Piazza-maggiore-Feltre-notte.jpg 1000w, https:\/\/www.bellunopress.it\/wp-content\/uploads\/2022\/06\/Piazza-maggiore-Feltre-notte-500x333.jpg 500w, https:\/\/www.bellunopress.it\/wp-content\/uploads\/2022\/06\/Piazza-maggiore-Feltre-notte-696x463.jpg 696w, https:\/\/www.bellunopress.it\/wp-content\/uploads\/2022\/06\/Piazza-maggiore-Feltre-notte-632x420.jpg 632w\" sizes=\"auto, (max-width: 1000px) 100vw, 1000px\" \/><figcaption id=\"caption-attachment-134430\" class=\"wp-caption-text\">Feltre, Piazza Maggiore<\/figcaption><\/figure>\n<p>La citt\u00e0 \u00e8 un museo a cielo aperto in cui anche in queste giornate \u00e8 possibile avventurarsi alla scoperta di storie e proposte per ogni et\u00e0.<\/p>\n<p><strong>Il 15 agosto a Feltre i musei sono aperti! Questi gli orari in cui potete visitarli:<\/strong><\/p>\n<p>Galleria d&#8217;arte moderna Carlo Rizzarda: orario continuato 10 &#8211; 18<br \/>\nMuseo Civico: orario continuato 10 &#8211; 18<br \/>\nCastello (Torri del Campanon e Torre dell&#8217;Orologio): orario continuato 10 &#8211; 18<br \/>\nMuseo Diocesano Belluno Feltre: 9.30 &#8211; 13.00 e 14.30 &#8211; 19.00<\/p>\n<p><strong>Domenica 14 agosto in Cittadella, con la Fiera dell&#8217;Oggetto ritrovato<\/strong><\/p>\n<p>Torna domenica dalle 8.30 alle 19.00 in centro storico a Feltre la Fiera dell&#8217;Oggetto ritrovato, mostra mercato dell&#8217;usato e dell&#8217;antiquariato. In questa giornata di agosto gli espositori saranno un centinaio: un&#8217;occasione imperdibile dunque per tuffarsi alla caccia di oggetti e curiosit\u00e0 insolite.<\/p>\n<p><strong>Scopriamo Feltre giocando<\/strong><\/p>\n<p>Visitare Feltre pu\u00f2 essere un gioco bellissimo per bambini e ragazzi.\u00a0Chi lo dice \u00e8 Gaetano il Pellicano, il simpatico pennuto autore della nuova guida di Feltre per bambini e ragazzi.\u00a0In sua compagnia i piccoli lettori potranno scoprire i tesori e segreti nascosti tra strade e palazzi della citt\u00e0. Lungo il tragitto verranno loro proposti quiz, indovinelli e giochi da risolvere. Per chi lo fa c&#8217;\u00e8 in premio un super regalo, da ritirare in Galleria Rizzarda.<\/p>\n<p>\ud835\uddd7\ud835\udde2\ud835\udde9\ud835\uddd8 \ud835\udde6\ud835\udddc \ud835\uddd4\ud835\uddd6\ud835\udde4\ud835\udde8\ud835\udddc\ud835\udde6\ud835\udde7\ud835\uddd4? La guida &#8220;A spasso per Feltre&#8221; di Gaetano il pellicano non \u00e8 in vendita. E&#8217; il \ud835\uddff\ud835\uddf2\ud835\uddf4\ud835\uddee\ud835\uddf9\ud835\uddfc che Feltre fa ai bambini che la visitano con \ud835\udde7\ud835\uddfc\ud835\udde7\ud835\uddf2\ud835\udde0 \ud835\uddd6\ud835\uddee\ud835\uddff\ud835\uddf1 \ud835\uddd9\ud835\uddee\ud835\uddfa\ud835\uddf6\ud835\uddf9\ud835\ude06, il biglietto unico di ingresso ai musei, alle torri del castello e alle antiche prigioni.<\/p>\n<p>\ud835\uddd6\ud835\udde2\ud835\udde0\ud835\uddd8 \ud835\uddd9\ud835\uddd4\ud835\udde5\ud835\uddd8 \ud835\udde3\ud835\uddd8\ud835\udde5 \ud835\uddd4\ud835\udde9\ud835\uddd8\ud835\udde5\ud835\udddf\ud835\uddd4?<br \/>\nBisogna recarsi in \ud835\uddda\ud835\uddee\ud835\uddf9\ud835\uddf9\ud835\uddf2\ud835\uddff\ud835\uddf6\ud835\uddee \ud835\udde5\ud835\uddf6\ud835\ude07\ud835\ude07\ud835\uddee\ud835\uddff\ud835\uddf1\ud835\uddee e \ud835\uddee\ud835\uddf0\ud835\uddfe\ud835\ude02\ud835\uddf6\ud835\ude00\ud835\ude01\ud835\uddee\ud835\uddff\ud835\uddf2 \ud835\uddf9\ud835\uddee \ud835\udde7\ud835\uddfc\ud835\udde7\ud835\uddf2\ud835\udde0 \ud835\uddd6\ud835\uddee\ud835\uddff\ud835\uddf1 Family.<\/p>\n<p>\ud835\uddd8&#8217; \ud835\udde9\ud835\uddd8\ud835\udde5\ud835\udde2 \ud835\uddd6\ud835\udddb\ud835\uddd8 \ud835\uddd6&#8217;\ud835\uddd8&#8217; \ud835\udde8\ud835\udde1 \ud835\udde3\ud835\udde5\ud835\uddd8\ud835\udde0\ud835\udddc\ud835\udde2?<br \/>\n\ud835\uddd6\ud835\uddf2\ud835\uddff\ud835\ude01\ud835\uddfc! I bambini che leggeranno la guida e risolveranno la sfida finale potranno ritirare un premio presso la Galleria Rizzarda. Baster\u00e0 mostrare la parola misteriosa&#8230;.<\/p>\n<p>\ud835\uddd6\ud835\udddb\ud835\uddd8 \ud835\udde3\ud835\udde5\ud835\uddd8\ud835\udde0\ud835\udddc\ud835\udde2 \ud835\uddd8&#8217;?<br \/>\nSorpresa! Possiamo per\u00f2 dirvi che&#8230;. \u00e8 \ud835\uddfd\ud835\uddf2\ud835\uddff\ud835\ude00\ud835\uddfc\ud835\uddfb\ud835\uddee\ud835\uddf9\ud835\uddf6\ud835\ude07\ud835\ude07\ud835\uddee\ud835\ude01\ud835\uddfc \ud835\uddf1\ud835\uddee \ud835\uddda\ud835\uddee\ud835\uddf2\ud835\ude01\ud835\uddee\ud835\uddfb\ud835\uddfc \ud835\uddf6\ud835\uddf9 \ud835\uddfd\ud835\uddf2\ud835\uddf9\ud835\uddf9\ud835\uddf6\ud835\uddf0\ud835\uddee\ud835\uddfb\ud835\uddfc!<\/p>\n<p><strong>Un&#8217;estate di grandi spettacoli<\/strong><\/p>\n<p>\ud835\udde0\ud835\uddee\ud835\ude05 \ud835\uddda\ud835\uddee\ud835\ude07\ud835\ude07\ud835\uddf2, \ud835\udde0\ud835\uddee\ud835\uddff\ud835\uddf0\ud835\uddfc \ud835\uddf2 \ud835\udde3\ud835\uddf6\ud835\uddfd\ud835\uddfd\ud835\uddfc, Edoardo Bennato, Bandadard\u00f2: tre grandi spettacoli per un&#8217;estate feltrina che promette di essere ricca di sorprese per tutti i gusti!<\/p>\n<p>Marco e Pippo al PalaFeltre venerd\u00ec 19 agosto: https:\/\/www.visitfeltre.info\/&#8230;\/marco-e-pippo&#8230;\/<\/p>\n<p>Edoardo Bennato in Piazza Maggiore gioved\u00ec 25 agosto 2022 https:\/\/www.visitfeltre.info\/evento\/concerto-in-piazza-maggiore-a-feltre\/<\/p>\n<p>Bandabard\u00f2 in Piazza Maggiore domenica 28 agosto 2022 https:\/\/www.visitfeltre.info\/evento\/bandabardo-cisco-non-fa-paura-tour\/<\/p>\n<p>&nbsp;<\/p>\n<p><strong>Biglietto unico dei Musei\u00a0<\/strong><br \/>\n\ud835\uddd6\ud835\uddfc\ud835\uddfa\ud835\uddf2 \ud835\ude00\ud835\uddf6 \ud835\ude03\ud835\uddf6\ud835\ude03\ud835\uddf2\ud835\ude03\ud835\uddee \ud835\uddee \ud835\uddd9\ud835\uddf2\ud835\uddf9\ud835\ude01\ud835\uddff\ud835\uddf2 nei secoli scorsi?<br \/>\nDove mangiavano, come si difendevano dai nemici, come vivevano i feltrini del tempo?<br \/>\n\ud835\uddd6\ud835\uddfc\ud835\ude00\ud835\uddee \ud835\uddf0\ud835\uddf6 \ud835\uddf1\ud835\uddf6\ud835\uddf0\ud835\uddfc\ud835\uddfb\ud835\uddfc \ud835\uddf1\ud835\uddf6 \ud835\uddf9\ud835\uddfc\ud835\uddff\ud835\uddfc \ud835\uddf6 \ud835\ude01\ud835\uddf2\ud835\ude00\ud835\uddfc\ud835\uddff\ud835\uddf6 \ud835\uddf1&#8217;\ud835\uddee\ud835\uddff\ud835\ude01\ud835\uddf2 \ud835\uddf2 \ud835\ude00\ud835\ude01\ud835\uddfc\ud835\uddff\ud835\uddf6\ud835\uddee conservati in citt\u00e0 tra musei, strade e piazze?<br \/>\nAbbiamo provato a raccontarlo nella \ud835\uddfb\ud835\ude02\ud835\uddfc\ud835\ude03\ud835\uddee \ud835\uddf4\ud835\ude02\ud835\uddf6\ud835\uddf1\ud835\uddee &#8220;\ud835\uddd9\ud835\uddf2\ud835\uddf9\ud835\ude01\ud835\uddff\ud835\uddf2. \ud835\udde8\ud835\uddfb \ud835\ude03\ud835\uddf6\ud835\uddee\ud835\uddf4\ud835\uddf4\ud835\uddf6\ud835\uddfc \ud835\uddfb\ud835\uddf2\ud835\uddf9 \ud835\ude01\ud835\uddf2\ud835\uddfa\ud835\uddfd\ud835\uddfc, \ud835\uddfb\ud835\uddf2\ud835\uddf9\ud835\uddf9\ud835\uddee \ud835\uddf0\ud835\uddf6\ud835\ude01\ud835\ude01\ud835\uddee\u0300 \ud835\uddf2 \ud835\uddfb\ud835\uddf2\ud835\uddf9\ud835\uddf9\ud835\uddee \ud835\ude00\ud835\ude02\ud835\uddee \ud835\ude00\ud835\ude01\ud835\uddfc\ud835\uddff\ud835\uddf6\ud835\uddee&#8221;: 144 pagine con tante \ud835\ude63\ud835\ude64\ud835\ude69\ud835\ude5e\ud835\ude6f\ud835\ude5e\ud835\ude5a, \ud835\ude58\ud835\ude6a\ud835\ude67\ud835\ude5e\ud835\ude64\ud835\ude68\ud835\ude5e\ud835\ude69\ud835\ude56\u0300 \ud835\ude56\ud835\ude63\ud835\ude58\ud835\ude5d\ud835\ude5a \ud835\ude5e\ud835\ude63\ud835\ude5a\ud835\ude59\ud835\ude5e\ud835\ude69\ud835\ude5a, \ud835\ude5b\ud835\ude64\ud835\ude69\ud835\ude64 spettacolari.<br \/>\n\ud835\uddd6\ud835\uddfc\ud835\uddfa\ud835\uddf2 \ud835\uddf3\ud835\uddee\ud835\uddff\ud835\uddf2 \ud835\uddfd\ud835\uddf2\ud835\uddff \ud835\uddee\ud835\ude03\ud835\uddf2\ud835\uddff\ud835\uddf9\ud835\uddee? E&#8217; il regalo che Feltre fa a chi acquista il biglietto unico di ingresso ai suoi musei, alle prigioni e alle Torri.<\/p>\n<p><strong>Notte alle prigioni. Visita guidata il 19 agosto ore 20:30<\/strong><\/p>\n<p>Una serata all&#8217;insegna del brivido, alla scoperta delle antiche prigioni di Palazzo Pretorio. tra segreti nascosti e misteri celati nelle celle che un tempo ospitarono banditi e sventurati in attesa di sentenza.<br \/>\nSerata con prenotazione obbligatoria (327.2562682 museifeltre@aqua-naturaecultura.com). Accesso con Biglietto ToTeM e \u20ac 5.<\/p>\n<p><strong>Siete rimasti senza libri da leggere?<\/strong><br \/>\nNessuna paura!\u00a0Continua ad essere attivo il servizio di prestito digitale GRATUITO, che riguarda libri ma anche giornali, riviste, video, audiolibri e musica.\u00a0Li potete scaricare direttamente sul vostro tablet, PC o smartphone ed \u00e8 un servizio completamente gratuito. L&#8217;unico requisito \u00e8 avere la tessera della biblioteca, anche questa gratuita. Se non la possedete potete richiederla scrivendo una mail alle bibliotecarie.<\/p>\n<table class=\"v1mcnButtonBlock\" border=\"0\" width=\"100%\" cellspacing=\"0\" cellpadding=\"0\">\n<tbody class=\"v1mcnButtonBlockOuter\">\n<tr>\n<td class=\"v1mcnButtonBlockInner\" align=\"center\" valign=\"top\">\n<table class=\"v1mcnButtonContentContainer\" border=\"0\" cellspacing=\"0\" cellpadding=\"0\">\n<tbody>\n<tr>\n<td class=\"v1mcnButtonContent\" align=\"center\" valign=\"middle\"><a class=\"v1mcnButton\" title=\"CLICCA QUI PER IL TUTORIAL SU COME CHIEDERE UN PRESTITO DIGITALE\" href=\"https:\/\/visitfeltre.us19.list-manage.com\/track\/click?u=897af03e03fee5f1d290564ba&amp;id=10f435fc68&amp;e=1beb9bc191\" target=\"_blank\" rel=\"noopener noreferrer\">CLICCA QUI PER IL TUTORIAL SU COME CHIEDERE UN PRESTITO DIGITALE<\/a><\/td>\n<\/tr>\n<\/tbody>\n<\/table>\n<\/td>\n<\/tr>\n<\/tbody>\n<\/table>","protected":false},"excerpt":{"rendered":"<p>La citt\u00e0 \u00e8 un museo a cielo aperto in cui anche in queste giornate \u00e8 possibile avventurarsi alla scoperta di storie e proposte per ogni et\u00e0. Il 15 agosto a Feltre i musei sono aperti! Questi gli orari in cui potete visitarli: Galleria d&#8217;arte moderna Carlo Rizzarda: orario continuato 10 &#8211; 18 Museo Civico: orario [&hellip;]<\/p>\n","protected":false},"author":2,"featured_media":134430,"comment_status":"closed","ping_status":"open","sticky":false,"template":"","format":"standard","meta":{"footnotes":""},"categories":[27,3,25],"tags":[],"class_list":["post-135735","post","type-post","status-publish","format-standard","has-post-thumbnail","category-appuntamenti","category-arte-cultura-spettacoli-scienza-archivi","category-pausa-caffe"],"yoast_head":"<!-- This site is optimized with the Yoast SEO plugin v28.4 - https:\/\/yoast.com\/product\/yoast-seo-wordpress\/ -->\n<title>A Ferragosto Feltre non chiude. Tutte le iniziative - Bellunopress - Dolomiti<\/title>\n<meta name=\"robots\" content=\"index, follow, max-snippet:-1, max-image-preview:large, max-video-preview:-1\" \/>\n<link rel=\"canonical\" href=\"https:\/\/www.bellunopress.it\/fr\/2022\/08\/12\/a-ferragosto-feltre-non-chiude-tutte-le-iniziative\/\" \/>\n<meta property=\"og:locale\" content=\"fr_FR\" \/>\n<meta property=\"og:type\" content=\"article\" \/>\n<meta property=\"og:title\" content=\"A Ferragosto Feltre non chiude. Tutte le iniziative - Bellunopress - Dolomiti\" \/>\n<meta property=\"og:description\" content=\"La citt\u00e0 \u00e8 un museo a cielo aperto in cui anche in queste giornate \u00e8 possibile avventurarsi alla scoperta di storie e proposte per ogni et\u00e0. Il 15 agosto a Feltre i musei sono aperti! Questi gli orari in cui potete visitarli: Galleria d&#8217;arte moderna Carlo Rizzarda: orario continuato 10 &#8211; 18 Museo Civico: orario [&hellip;]\" \/>\n<meta property=\"og:url\" content=\"https:\/\/www.bellunopress.it\/fr\/2022\/08\/12\/a-ferragosto-feltre-non-chiude-tutte-le-iniziative\/\" \/>\n<meta property=\"og:site_name\" content=\"Bellunopress - Dolomiti\" \/>\n<meta property=\"article:publisher\" content=\"https:\/\/www.facebook.com\/profile.php?id=100008943462799\" \/>\n<meta property=\"article:published_time\" content=\"2022-08-12T13:16:19+00:00\" \/>\n<meta property=\"og:image\" content=\"https:\/\/www.bellunopress.it\/wp-content\/uploads\/2022\/06\/Piazza-maggiore-Feltre-notte.jpg\" \/>\n\t<meta property=\"og:image:width\" content=\"1000\" \/>\n\t<meta property=\"og:image:height\" content=\"665\" \/>\n\t<meta property=\"og:image:type\" content=\"image\/jpeg\" \/>\n<meta name=\"author\" content=\"redazione\" \/>\n<meta name=\"twitter:card\" content=\"summary_large_image\" \/>\n<meta name=\"twitter:creator\" content=\"@bellunopress\" \/>\n<meta name=\"twitter:site\" content=\"@bellunopress\" \/>\n<meta name=\"twitter:label1\" content=\"\u00c9crit par\" \/>\n\t<meta name=\"twitter:data1\" content=\"redazione\" \/>\n\t<meta name=\"twitter:label2\" content=\"Dur\u00e9e de lecture estim\u00e9e\" \/>\n\t<meta name=\"twitter:data2\" content=\"4 minutes\" \/>\n<script type=\"application\/ld+json\" class=\"yoast-schema-graph\">{\"@context\":\"https:\\\/\\\/schema.org\",\"@graph\":[{\"@type\":\"Article\",\"@id\":\"https:\\\/\\\/www.bellunopress.it\\\/2022\\\/08\\\/12\\\/a-ferragosto-feltre-non-chiude-tutte-le-iniziative\\\/#article\",\"isPartOf\":{\"@id\":\"https:\\\/\\\/www.bellunopress.it\\\/2022\\\/08\\\/12\\\/a-ferragosto-feltre-non-chiude-tutte-le-iniziative\\\/\"},\"author\":{\"name\":\"redazione\",\"@id\":\"https:\\\/\\\/www.bellunopress.it\\\/#\\\/schema\\\/person\\\/79bb06722b37ece1c03d3e94beb30d73\"},\"headline\":\"A Ferragosto Feltre non chiude. Tutte le iniziative\",\"datePublished\":\"2022-08-12T13:16:19+00:00\",\"mainEntityOfPage\":{\"@id\":\"https:\\\/\\\/www.bellunopress.it\\\/2022\\\/08\\\/12\\\/a-ferragosto-feltre-non-chiude-tutte-le-iniziative\\\/\"},\"wordCount\":548,\"publisher\":{\"@id\":\"https:\\\/\\\/www.bellunopress.it\\\/#organization\"},\"image\":{\"@id\":\"https:\\\/\\\/www.bellunopress.it\\\/2022\\\/08\\\/12\\\/a-ferragosto-feltre-non-chiude-tutte-le-iniziative\\\/#primaryimage\"},\"thumbnailUrl\":\"https:\\\/\\\/www.bellunopress.it\\\/wp-content\\\/uploads\\\/2022\\\/06\\\/Piazza-maggiore-Feltre-notte.jpg\",\"articleSection\":[\"Appuntamenti, Eventi\",\"Arte, Cultura, Spettacoli, Scienza\",\"Pausa Caff\u00e8\"],\"inLanguage\":\"fr-FR\"},{\"@type\":\"WebPage\",\"@id\":\"https:\\\/\\\/www.bellunopress.it\\\/2022\\\/08\\\/12\\\/a-ferragosto-feltre-non-chiude-tutte-le-iniziative\\\/\",\"url\":\"https:\\\/\\\/www.bellunopress.it\\\/2022\\\/08\\\/12\\\/a-ferragosto-feltre-non-chiude-tutte-le-iniziative\\\/\",\"name\":\"A Ferragosto Feltre non chiude. Tutte le iniziative - Bellunopress - Dolomiti\",\"isPartOf\":{\"@id\":\"https:\\\/\\\/www.bellunopress.it\\\/#website\"},\"primaryImageOfPage\":{\"@id\":\"https:\\\/\\\/www.bellunopress.it\\\/2022\\\/08\\\/12\\\/a-ferragosto-feltre-non-chiude-tutte-le-iniziative\\\/#primaryimage\"},\"image\":{\"@id\":\"https:\\\/\\\/www.bellunopress.it\\\/2022\\\/08\\\/12\\\/a-ferragosto-feltre-non-chiude-tutte-le-iniziative\\\/#primaryimage\"},\"thumbnailUrl\":\"https:\\\/\\\/www.bellunopress.it\\\/wp-content\\\/uploads\\\/2022\\\/06\\\/Piazza-maggiore-Feltre-notte.jpg\",\"datePublished\":\"2022-08-12T13:16:19+00:00\",\"breadcrumb\":{\"@id\":\"https:\\\/\\\/www.bellunopress.it\\\/2022\\\/08\\\/12\\\/a-ferragosto-feltre-non-chiude-tutte-le-iniziative\\\/#breadcrumb\"},\"inLanguage\":\"fr-FR\",\"potentialAction\":[{\"@type\":\"ReadAction\",\"target\":[\"https:\\\/\\\/www.bellunopress.it\\\/2022\\\/08\\\/12\\\/a-ferragosto-feltre-non-chiude-tutte-le-iniziative\\\/\"]}]},{\"@type\":\"ImageObject\",\"inLanguage\":\"fr-FR\",\"@id\":\"https:\\\/\\\/www.bellunopress.it\\\/2022\\\/08\\\/12\\\/a-ferragosto-feltre-non-chiude-tutte-le-iniziative\\\/#primaryimage\",\"url\":\"https:\\\/\\\/www.bellunopress.it\\\/wp-content\\\/uploads\\\/2022\\\/06\\\/Piazza-maggiore-Feltre-notte.jpg\",\"contentUrl\":\"https:\\\/\\\/www.bellunopress.it\\\/wp-content\\\/uploads\\\/2022\\\/06\\\/Piazza-maggiore-Feltre-notte.jpg\",\"width\":1000,\"height\":665,\"caption\":\"Feltre, Piazza Maggiore\"},{\"@type\":\"BreadcrumbList\",\"@id\":\"https:\\\/\\\/www.bellunopress.it\\\/2022\\\/08\\\/12\\\/a-ferragosto-feltre-non-chiude-tutte-le-iniziative\\\/#breadcrumb\",\"itemListElement\":[{\"@type\":\"ListItem\",\"position\":1,\"name\":\"Home\",\"item\":\"https:\\\/\\\/www.bellunopress.it\\\/\"},{\"@type\":\"ListItem\",\"position\":2,\"name\":\"A Ferragosto Feltre non chiude. Tutte le iniziative\"}]},{\"@type\":\"WebSite\",\"@id\":\"https:\\\/\\\/www.bellunopress.it\\\/#website\",\"url\":\"https:\\\/\\\/www.bellunopress.it\\\/\",\"name\":\"Bellunopress - Dolomiti\",\"description\":\"e-mail: redazione@bellunopress.it\",\"publisher\":{\"@id\":\"https:\\\/\\\/www.bellunopress.it\\\/#organization\"},\"potentialAction\":[{\"@type\":\"SearchAction\",\"target\":{\"@type\":\"EntryPoint\",\"urlTemplate\":\"https:\\\/\\\/www.bellunopress.it\\\/?s={search_term_string}\"},\"query-input\":{\"@type\":\"PropertyValueSpecification\",\"valueRequired\":true,\"valueName\":\"search_term_string\"}}],\"inLanguage\":\"fr-FR\"},{\"@type\":\"Organization\",\"@id\":\"https:\\\/\\\/www.bellunopress.it\\\/#organization\",\"name\":\"Bellunopress\",\"url\":\"https:\\\/\\\/www.bellunopress.it\\\/\",\"logo\":{\"@type\":\"ImageObject\",\"inLanguage\":\"fr-FR\",\"@id\":\"https:\\\/\\\/www.bellunopress.it\\\/#\\\/schema\\\/logo\\\/image\\\/\",\"url\":\"https:\\\/\\\/www.bellunopress.it\\\/wp-content\\\/uploads\\\/2011\\\/05\\\/cropped-logo-bellunopress-.jpg\",\"contentUrl\":\"https:\\\/\\\/www.bellunopress.it\\\/wp-content\\\/uploads\\\/2011\\\/05\\\/cropped-logo-bellunopress-.jpg\",\"width\":512,\"height\":512,\"caption\":\"Bellunopress\"},\"image\":{\"@id\":\"https:\\\/\\\/www.bellunopress.it\\\/#\\\/schema\\\/logo\\\/image\\\/\"},\"sameAs\":[\"https:\\\/\\\/www.facebook.com\\\/profile.php?id=100008943462799\",\"https:\\\/\\\/x.com\\\/bellunopress\",\"https:\\\/\\\/www.linkedin.com\\\/hp\\\/?dnr=JBzUWaJfMUw8vbXJJ2tVW5-I3jZKvC4wsoxE&amp;amp;amp;amp;amp;amp;trk=nav_responsive_tab_home\",\"https:\\\/\\\/www.youtube.com\\\/channel\\\/UCxL0wu1uN0_3_7hGG0306cw\"]},{\"@type\":\"Person\",\"@id\":\"https:\\\/\\\/www.bellunopress.it\\\/#\\\/schema\\\/person\\\/79bb06722b37ece1c03d3e94beb30d73\",\"name\":\"redazione\",\"image\":{\"@type\":\"ImageObject\",\"inLanguage\":\"fr-FR\",\"@id\":\"https:\\\/\\\/secure.gravatar.com\\\/avatar\\\/37d968a2e67a6fd04c169c4bdef102d0bc5d31b2546345219e348575eb80e9a0?s=96&d=mm&r=g\",\"url\":\"https:\\\/\\\/secure.gravatar.com\\\/avatar\\\/37d968a2e67a6fd04c169c4bdef102d0bc5d31b2546345219e348575eb80e9a0?s=96&d=mm&r=g\",\"contentUrl\":\"https:\\\/\\\/secure.gravatar.com\\\/avatar\\\/37d968a2e67a6fd04c169c4bdef102d0bc5d31b2546345219e348575eb80e9a0?s=96&d=mm&r=g\",\"caption\":\"redazione\"},\"sameAs\":[\"http:\\\/\\\/www.bellunopress.it\",\"https:\\\/\\\/x.com\\\/bellunopress\"],\"url\":\"https:\\\/\\\/www.bellunopress.it\\\/fr\\\/author\\\/redazione\\\/\"}]}<\/script>\n<!-- \/ Yoast SEO plugin. -->","yoast_head_json":{"title":"A Ferragosto Feltre non chiude. Tutte le iniziative - Bellunopress - Dolomiti","robots":{"index":"index","follow":"follow","max-snippet":"max-snippet:-1","max-image-preview":"max-image-preview:large","max-video-preview":"max-video-preview:-1"},"canonical":"https:\/\/www.bellunopress.it\/fr\/2022\/08\/12\/a-ferragosto-feltre-non-chiude-tutte-le-iniziative\/","og_locale":"fr_FR","og_type":"article","og_title":"A Ferragosto Feltre non chiude. Tutte le iniziative - Bellunopress - Dolomiti","og_description":"La citt\u00e0 \u00e8 un museo a cielo aperto in cui anche in queste giornate \u00e8 possibile avventurarsi alla scoperta di storie e proposte per ogni et\u00e0. Il 15 agosto a Feltre i musei sono aperti! Questi gli orari in cui potete visitarli: Galleria d&#8217;arte moderna Carlo Rizzarda: orario continuato 10 &#8211; 18 Museo Civico: orario [&hellip;]","og_url":"https:\/\/www.bellunopress.it\/fr\/2022\/08\/12\/a-ferragosto-feltre-non-chiude-tutte-le-iniziative\/","og_site_name":"Bellunopress - Dolomiti","article_publisher":"https:\/\/www.facebook.com\/profile.php?id=100008943462799","article_published_time":"2022-08-12T13:16:19+00:00","og_image":[{"width":1000,"height":665,"url":"https:\/\/www.bellunopress.it\/wp-content\/uploads\/2022\/06\/Piazza-maggiore-Feltre-notte.jpg","type":"image\/jpeg"}],"author":"redazione","twitter_card":"summary_large_image","twitter_creator":"@bellunopress","twitter_site":"@bellunopress","twitter_misc":{"\u00c9crit par":"redazione","Dur\u00e9e de lecture estim\u00e9e":"4 minutes"},"schema":{"@context":"https:\/\/schema.org","@graph":[{"@type":"Article","@id":"https:\/\/www.bellunopress.it\/2022\/08\/12\/a-ferragosto-feltre-non-chiude-tutte-le-iniziative\/#article","isPartOf":{"@id":"https:\/\/www.bellunopress.it\/2022\/08\/12\/a-ferragosto-feltre-non-chiude-tutte-le-iniziative\/"},"author":{"name":"redazione","@id":"https:\/\/www.bellunopress.it\/#\/schema\/person\/79bb06722b37ece1c03d3e94beb30d73"},"headline":"A Ferragosto Feltre non chiude. Tutte le iniziative","datePublished":"2022-08-12T13:16:19+00:00","mainEntityOfPage":{"@id":"https:\/\/www.bellunopress.it\/2022\/08\/12\/a-ferragosto-feltre-non-chiude-tutte-le-iniziative\/"},"wordCount":548,"publisher":{"@id":"https:\/\/www.bellunopress.it\/#organization"},"image":{"@id":"https:\/\/www.bellunopress.it\/2022\/08\/12\/a-ferragosto-feltre-non-chiude-tutte-le-iniziative\/#primaryimage"},"thumbnailUrl":"https:\/\/www.bellunopress.it\/wp-content\/uploads\/2022\/06\/Piazza-maggiore-Feltre-notte.jpg","articleSection":["Appuntamenti, Eventi","Arte, Cultura, Spettacoli, Scienza","Pausa Caff\u00e8"],"inLanguage":"fr-FR"},{"@type":"WebPage","@id":"https:\/\/www.bellunopress.it\/2022\/08\/12\/a-ferragosto-feltre-non-chiude-tutte-le-iniziative\/","url":"https:\/\/www.bellunopress.it\/2022\/08\/12\/a-ferragosto-feltre-non-chiude-tutte-le-iniziative\/","name":"A Ferragosto Feltre non chiude. Tutte le iniziative - Bellunopress - Dolomiti","isPartOf":{"@id":"https:\/\/www.bellunopress.it\/#website"},"primaryImageOfPage":{"@id":"https:\/\/www.bellunopress.it\/2022\/08\/12\/a-ferragosto-feltre-non-chiude-tutte-le-iniziative\/#primaryimage"},"image":{"@id":"https:\/\/www.bellunopress.it\/2022\/08\/12\/a-ferragosto-feltre-non-chiude-tutte-le-iniziative\/#primaryimage"},"thumbnailUrl":"https:\/\/www.bellunopress.it\/wp-content\/uploads\/2022\/06\/Piazza-maggiore-Feltre-notte.jpg","datePublished":"2022-08-12T13:16:19+00:00","breadcrumb":{"@id":"https:\/\/www.bellunopress.it\/2022\/08\/12\/a-ferragosto-feltre-non-chiude-tutte-le-iniziative\/#breadcrumb"},"inLanguage":"fr-FR","potentialAction":[{"@type":"ReadAction","target":["https:\/\/www.bellunopress.it\/2022\/08\/12\/a-ferragosto-feltre-non-chiude-tutte-le-iniziative\/"]}]},{"@type":"ImageObject","inLanguage":"fr-FR","@id":"https:\/\/www.bellunopress.it\/2022\/08\/12\/a-ferragosto-feltre-non-chiude-tutte-le-iniziative\/#primaryimage","url":"https:\/\/www.bellunopress.it\/wp-content\/uploads\/2022\/06\/Piazza-maggiore-Feltre-notte.jpg","contentUrl":"https:\/\/www.bellunopress.it\/wp-content\/uploads\/2022\/06\/Piazza-maggiore-Feltre-notte.jpg","width":1000,"height":665,"caption":"Feltre, Piazza Maggiore"},{"@type":"BreadcrumbList","@id":"https:\/\/www.bellunopress.it\/2022\/08\/12\/a-ferragosto-feltre-non-chiude-tutte-le-iniziative\/#breadcrumb","itemListElement":[{"@type":"ListItem","position":1,"name":"Home","item":"https:\/\/www.bellunopress.it\/"},{"@type":"ListItem","position":2,"name":"A Ferragosto Feltre non chiude. Tutte le iniziative"}]},{"@type":"WebSite","@id":"https:\/\/www.bellunopress.it\/#website","url":"https:\/\/www.bellunopress.it\/","name":"Bellunopress - Dolomiti","description":"e-mail: redazione@bellunopress.it","publisher":{"@id":"https:\/\/www.bellunopress.it\/#organization"},"potentialAction":[{"@type":"SearchAction","target":{"@type":"EntryPoint","urlTemplate":"https:\/\/www.bellunopress.it\/?s={search_term_string}"},"query-input":{"@type":"PropertyValueSpecification","valueRequired":true,"valueName":"search_term_string"}}],"inLanguage":"fr-FR"},{"@type":"Organization","@id":"https:\/\/www.bellunopress.it\/#organization","name":"Bellunopress","url":"https:\/\/www.bellunopress.it\/","logo":{"@type":"ImageObject","inLanguage":"fr-FR","@id":"https:\/\/www.bellunopress.it\/#\/schema\/logo\/image\/","url":"https:\/\/www.bellunopress.it\/wp-content\/uploads\/2011\/05\/cropped-logo-bellunopress-.jpg","contentUrl":"https:\/\/www.bellunopress.it\/wp-content\/uploads\/2011\/05\/cropped-logo-bellunopress-.jpg","width":512,"height":512,"caption":"Bellunopress"},"image":{"@id":"https:\/\/www.bellunopress.it\/#\/schema\/logo\/image\/"},"sameAs":["https:\/\/www.facebook.com\/profile.php?id=100008943462799","https:\/\/x.com\/bellunopress","https:\/\/www.linkedin.com\/hp\/?dnr=JBzUWaJfMUw8vbXJJ2tVW5-I3jZKvC4wsoxE&amp;amp;amp;amp;amp;amp;trk=nav_responsive_tab_home","https:\/\/www.youtube.com\/channel\/UCxL0wu1uN0_3_7hGG0306cw"]},{"@type":"Person","@id":"https:\/\/www.bellunopress.it\/#\/schema\/person\/79bb06722b37ece1c03d3e94beb30d73","name":"r\u00e9daction","image":{"@type":"ImageObject","inLanguage":"fr-FR","@id":"https:\/\/secure.gravatar.com\/avatar\/37d968a2e67a6fd04c169c4bdef102d0bc5d31b2546345219e348575eb80e9a0?s=96&d=mm&r=g","url":"https:\/\/secure.gravatar.com\/avatar\/37d968a2e67a6fd04c169c4bdef102d0bc5d31b2546345219e348575eb80e9a0?s=96&d=mm&r=g","contentUrl":"https:\/\/secure.gravatar.com\/avatar\/37d968a2e67a6fd04c169c4bdef102d0bc5d31b2546345219e348575eb80e9a0?s=96&d=mm&r=g","caption":"redazione"},"sameAs":["http:\/\/www.bellunopress.it","https:\/\/x.com\/bellunopress"],"url":"https:\/\/www.bellunopress.it\/fr\/author\/redazione\/"}]}},"_links":{"self":[{"href":"https:\/\/www.bellunopress.it\/fr\/wp-json\/wp\/v2\/posts\/135735","targetHints":{"allow":["GET"]}}],"collection":[{"href":"https:\/\/www.bellunopress.it\/fr\/wp-json\/wp\/v2\/posts"}],"about":[{"href":"https:\/\/www.bellunopress.it\/fr\/wp-json\/wp\/v2\/types\/post"}],"author":[{"embeddable":true,"href":"https:\/\/www.bellunopress.it\/fr\/wp-json\/wp\/v2\/users\/2"}],"replies":[{"embeddable":true,"href":"https:\/\/www.bellunopress.it\/fr\/wp-json\/wp\/v2\/comments?post=135735"}],"version-history":[{"count":1,"href":"https:\/\/www.bellunopress.it\/fr\/wp-json\/wp\/v2\/posts\/135735\/revisions"}],"predecessor-version":[{"id":135736,"href":"https:\/\/www.bellunopress.it\/fr\/wp-json\/wp\/v2\/posts\/135735\/revisions\/135736"}],"wp:featuredmedia":[{"embeddable":true,"href":"https:\/\/www.bellunopress.it\/fr\/wp-json\/wp\/v2\/media\/134430"}],"wp:attachment":[{"href":"https:\/\/www.bellunopress.it\/fr\/wp-json\/wp\/v2\/media?parent=135735"}],"wp:term":[{"taxonomy":"category","embeddable":true,"href":"https:\/\/www.bellunopress.it\/fr\/wp-json\/wp\/v2\/categories?post=135735"},{"taxonomy":"post_tag","embeddable":true,"href":"https:\/\/www.bellunopress.it\/fr\/wp-json\/wp\/v2\/tags?post=135735"}],"curies":[{"name":"wp","href":"https:\/\/api.w.org\/{rel}","templated":true}]}}