{"id":135637,"date":"2022-08-08T20:48:07","date_gmt":"2022-08-08T18:48:07","guid":{"rendered":"https:\/\/www.bellunopress.it\/?p=135637"},"modified":"2022-08-08T20:48:07","modified_gmt":"2022-08-08T18:48:07","slug":"olimpiadi-2026-pista-da-bob-tutti-i-segreti-della-nuova-pista-giovedi-allincontro-alla-conchiglia-di-cortina-dampezzo","status":"publish","type":"post","link":"https:\/\/www.bellunopress.it\/fr\/2022\/08\/08\/olimpiadi-2026-pista-da-bob-tutti-i-segreti-della-nuova-pista-giovedi-allincontro-alla-conchiglia-di-cortina-dampezzo\/","title":{"rendered":"Olimpiadi 2026, pista da bob. Tutti i segreti della nuova pista gioved\u00ec all&#8217;incontro alla Conchiglia di Cortina d&#8217;Ampezzo"},"content":{"rendered":"<p><img loading=\"lazy\" decoding=\"async\" class=\"alignleft size-full wp-image-135638\" src=\"https:\/\/www.bellunopress.it\/wp-content\/uploads\/2022\/08\/pista-bob-cortina.jpg\" alt=\"\" width=\"437\" height=\"141\" \/>Finalmente nell&#8217;incontro pubblico che si terr\u00e0 gioved\u00ec 11 agosto alle 18:00 a Cortina d&#8217;Ampezzo nella Piazza Angelo Dibona (Conchiglia), organizzato dal Comitato Civico, si far\u00e0 chiarezza sul progetto di nuova pista da bob olimpica (sliding center) e i cittadini potranno avere quelle informazioni che invano sono state chieste alle Istituzioni e che, malgrado l\u2019impegno di \u201ctrasparenza\u201d, sono state finora negate.<\/p>\n<p>Interverranno: Giuseppe Pietrobelli, giornalista de Il Fatto Quotidiano e Roberta de Zanna consigliera comunale lista Cortina Bene Comune. Con il contributo audio dello scrittore Paolo Cognetti. Presenta: Marina Menardi del Comitato Civico Cortina.<\/p>\n<p>Le associazioni ambientaliste da sempre sostengono che il progetto NON \u00e8 sostenibile, n\u00e9 ambientalmente n\u00e9 economicamente, e che \u00e8 ancora possibile dirottare le gare di scivolamento su Innsbruck, come suggerito peraltro dal Comitato Olimpico Internazionale (CIO).<\/p>\n<p>Il CIO, nella sua lettera di risposta alle associazioni ambientaliste, il 18 luglio scorso scriveva: \u201cFornire una nuova pista per sport di scivolamento in Cortina non rientra tra le richieste per i giochi. Nessuna nuova struttura dovrebbe essere costruita senza una \u2018legacy\u2019, con piano operativo \u2018solido e sostenibile\u201d. (Qui la versione inglese originale: \u201cThe provision of a new sliding centre in Cortina is not a requirement for the games. No new facility should be build without a robust and sustainable legacy operating plan in place.&#8221;)<\/p>\n<p>Nel nostro caso si tratta di un megafrigorifero lungo due km con 7.660 metri quadrati di superficie ghiacciata, esposta a sud, che sfreger\u00e0 irreversibilmente il territorio di Cortina. Il costo di realizzazione \u00e8 gi\u00e0 salito dai 48 milioni di euro preventivati agli attuali 85 ed \u00e8 destinato a superare i 100 milioni. A complemento, sono previsti sei nuovi edifici compresa una centrale di refrigerazione (ad ammoniaca) per un totale di 18.000 mc, nuove strade di accesso, ulteriore prelievo di acqua dal torrente Boite e centinaia di piante di alto fusto eliminate.<br \/>\nIl tutto per pochi giorni di gare dopodich\u00e9 l&#8217;impianto far\u00e0 la fine di quello di Cesana-Torino 2006 (costato 120 milioni di euro) e subito abbandonato al degrado a causa dell\u2019insostenibilit\u00e0 dei costi di gestione che, per Cortina, si aggireranno sui 500.000 euro l&#8217;anno e graveranno per anni sulle casse degli enti locali e sulle tasche dei cittadini.<\/p>\n<p>Altra scelta da evitare, la costruzione ex novo di un Villaggio Olimpico a Fiames, sul quale tra l\u2019altro, non si sa ancora nulla di preciso; atleti e tecnici potrebbero essere ospitati nelle strutture esistenti come fatto per i Mondiali 2021, dato che i numeri sarebbero all\u2019incirca gli stessi.<\/p>\n<p>Poich\u00e9 la responsabilit\u00e0 della scelta di costruire un nuovo sliding center a Cortina ricade soprattutto sulla Regione Veneto, chiediamo al Presidente Luca Zaia di fare un passo indietro, anzi AVANTI, dirottando le gare su Innsbruck in un&#8217;ottica di collaborazione con i nostri vicini tirolesi, che gi\u00e0 si sono dimostrati disponibili.<\/p>\n<p><strong>Peraltrestrade Dolomiti<\/strong><br \/>\n<strong>per il Coordinamento delle Associazioni Ambientaliste dell&#8217;Alto Bellunese<\/strong><br \/>\n<strong>www.peraltrestrade.it<\/strong><\/p>\n<p>Ad oggi hanno firmato la petizione contro la nuova pista da bob 4.150 persone (<a href=\"https:\/\/www.change.org\/NoPistaBobCortina\">https:\/\/www.change.org\/NoPistaBobCortina<\/a>) L\u2019obiettivo \u00e8 di superare le 5mila firme.<\/p>\n<p>Tra le firme e i commenti raccolti anche quelli di:<br \/>\n&#8211; Luca Mercalli: &#8220;Venite a Cesana Torinese a vedere cosa resta della pista da bob delle Olimpiadi invernali 2006&#8230; E&#8217; la migliore prova dell&#8217;inutilit\u00e0 di questi grandi, costosi, invasivi e inutili catafalchi sportivi&#8221;.<\/p>\n<p>&#8211; Massimo Petruzzelli ex pilota di bob: \u201cSono un vecchio pilota di BOB degli anni &#8217;70 ; ho avuto il privilegio di gareggiare sulla pista di bob di Cortina nel &#8217;78 e forse posso dire qualcosa\u2026 che dite? Sono assolutamente contrario alla costruzione della pista o alla sua ristrutturazione. Si potr\u00e0 gareggiare tranquillamente sulla pista austriaca&#8221;.<\/p>\n<p>&#8211; Italo De Lorenzo, ex bobbista, contrario alla nuova pista: \u201cHo corso con il Bob Club Pieve di Cadore dal 1959 al 1966 compreso. Eugenio Monti era mio cugino acquisito e mio fratello Enrico \u00e8 stato Campione del Mondo nel 1962. Dopo aver vinto il campionato europeo nel 1964 e la medaglia d\u2019argento nel 1965, mi sono stabilito in Olanda. La passione c\u2019era sempre: cos\u00ec ho cominciato a curare trasmissioni radio e televisive e a tenere conferenze sul bob e sulla slitta. L\u2019interesse degli sportivi era tale che nel 1978 ho fondato la Federazione Olandese di Bob e Slitta. Dopo anni di attivit\u00e0 sono stato nominato presidente onorario e nel 2012 membro onorario della IBSF (International Bobsleigh &amp; Skeleton Federation). Se c\u2019\u00e8 qualcuno appassionato di BOB, io l\u2019ho dimostrato. Suona strana la mia posizione critica? Posso capire che non faccia piacere a molti miei amici, e me ne dispiace. Ma \u00e8 la posizione dettata dalla mia coscienza. Gli argomenti sono quelli esposti nella petizione\u201d<\/p>\n<p>&nbsp;<\/p>","protected":false},"excerpt":{"rendered":"<p>Finalmente nell&#8217;incontro pubblico che si terr\u00e0 gioved\u00ec 11 agosto alle 18:00 a Cortina d&#8217;Ampezzo nella Piazza Angelo Dibona (Conchiglia), organizzato dal Comitato Civico, si far\u00e0 chiarezza sul progetto di nuova pista da bob olimpica (sliding center) e i cittadini potranno avere quelle informazioni che invano sono state chieste alle Istituzioni e che, malgrado l\u2019impegno di [&hellip;]<\/p>\n","protected":false},"author":2,"featured_media":135221,"comment_status":"closed","ping_status":"open","sticky":false,"template":"","format":"standard","meta":{"footnotes":""},"categories":[27,25],"tags":[],"class_list":["post-135637","post","type-post","status-publish","format-standard","has-post-thumbnail","category-appuntamenti","category-pausa-caffe"],"yoast_head":"<!-- This site is optimized with the Yoast SEO plugin v28.4 - https:\/\/yoast.com\/product\/yoast-seo-wordpress\/ -->\n<title>Olimpiadi 2026, pista da bob. Tutti i segreti della nuova pista gioved\u00ec all&#039;incontro alla Conchiglia di Cortina d&#039;Ampezzo - Bellunopress - Dolomiti<\/title>\n<meta name=\"robots\" content=\"index, follow, max-snippet:-1, max-image-preview:large, max-video-preview:-1\" \/>\n<link rel=\"canonical\" href=\"https:\/\/www.bellunopress.it\/fr\/2022\/08\/08\/olimpiadi-2026-pista-da-bob-tutti-i-segreti-della-nuova-pista-giovedi-allincontro-alla-conchiglia-di-cortina-dampezzo\/\" \/>\n<meta property=\"og:locale\" content=\"fr_FR\" \/>\n<meta property=\"og:type\" content=\"article\" \/>\n<meta property=\"og:title\" content=\"Olimpiadi 2026, pista da bob. Tutti i segreti della nuova pista gioved\u00ec all&#039;incontro alla Conchiglia di Cortina d&#039;Ampezzo - Bellunopress - Dolomiti\" \/>\n<meta property=\"og:description\" content=\"Finalmente nell&#8217;incontro pubblico che si terr\u00e0 gioved\u00ec 11 agosto alle 18:00 a Cortina d&#8217;Ampezzo nella Piazza Angelo Dibona (Conchiglia), organizzato dal Comitato Civico, si far\u00e0 chiarezza sul progetto di nuova pista da bob olimpica (sliding center) e i cittadini potranno avere quelle informazioni che invano sono state chieste alle Istituzioni e che, malgrado l\u2019impegno di [&hellip;]\" \/>\n<meta property=\"og:url\" content=\"https:\/\/www.bellunopress.it\/fr\/2022\/08\/08\/olimpiadi-2026-pista-da-bob-tutti-i-segreti-della-nuova-pista-giovedi-allincontro-alla-conchiglia-di-cortina-dampezzo\/\" \/>\n<meta property=\"og:site_name\" content=\"Bellunopress - Dolomiti\" \/>\n<meta property=\"article:publisher\" content=\"https:\/\/www.facebook.com\/profile.php?id=100008943462799\" \/>\n<meta property=\"article:published_time\" content=\"2022-08-08T18:48:07+00:00\" \/>\n<meta property=\"og:image\" content=\"https:\/\/www.bellunopress.it\/wp-content\/uploads\/2022\/07\/cortina-centro_edited.jpg\" \/>\n\t<meta property=\"og:image:width\" content=\"750\" \/>\n\t<meta property=\"og:image:height\" content=\"1000\" \/>\n\t<meta property=\"og:image:type\" content=\"image\/jpeg\" \/>\n<meta name=\"author\" content=\"redazione\" \/>\n<meta name=\"twitter:card\" content=\"summary_large_image\" \/>\n<meta name=\"twitter:creator\" content=\"@bellunopress\" \/>\n<meta name=\"twitter:site\" content=\"@bellunopress\" \/>\n<meta name=\"twitter:label1\" content=\"\u00c9crit par\" \/>\n\t<meta name=\"twitter:data1\" content=\"redazione\" \/>\n\t<meta name=\"twitter:label2\" content=\"Dur\u00e9e de lecture estim\u00e9e\" \/>\n\t<meta name=\"twitter:data2\" content=\"5 minutes\" \/>\n<script type=\"application\/ld+json\" class=\"yoast-schema-graph\">{\"@context\":\"https:\\\/\\\/schema.org\",\"@graph\":[{\"@type\":\"Article\",\"@id\":\"https:\\\/\\\/www.bellunopress.it\\\/2022\\\/08\\\/08\\\/olimpiadi-2026-pista-da-bob-tutti-i-segreti-della-nuova-pista-giovedi-allincontro-alla-conchiglia-di-cortina-dampezzo\\\/#article\",\"isPartOf\":{\"@id\":\"https:\\\/\\\/www.bellunopress.it\\\/2022\\\/08\\\/08\\\/olimpiadi-2026-pista-da-bob-tutti-i-segreti-della-nuova-pista-giovedi-allincontro-alla-conchiglia-di-cortina-dampezzo\\\/\"},\"author\":{\"name\":\"redazione\",\"@id\":\"https:\\\/\\\/www.bellunopress.it\\\/#\\\/schema\\\/person\\\/79bb06722b37ece1c03d3e94beb30d73\"},\"headline\":\"Olimpiadi 2026, pista da bob. Tutti i segreti della nuova pista gioved\u00ec all&#8217;incontro alla Conchiglia di Cortina d&#8217;Ampezzo\",\"datePublished\":\"2022-08-08T18:48:07+00:00\",\"mainEntityOfPage\":{\"@id\":\"https:\\\/\\\/www.bellunopress.it\\\/2022\\\/08\\\/08\\\/olimpiadi-2026-pista-da-bob-tutti-i-segreti-della-nuova-pista-giovedi-allincontro-alla-conchiglia-di-cortina-dampezzo\\\/\"},\"wordCount\":767,\"publisher\":{\"@id\":\"https:\\\/\\\/www.bellunopress.it\\\/#organization\"},\"image\":{\"@id\":\"https:\\\/\\\/www.bellunopress.it\\\/2022\\\/08\\\/08\\\/olimpiadi-2026-pista-da-bob-tutti-i-segreti-della-nuova-pista-giovedi-allincontro-alla-conchiglia-di-cortina-dampezzo\\\/#primaryimage\"},\"thumbnailUrl\":\"https:\\\/\\\/www.bellunopress.it\\\/wp-content\\\/uploads\\\/2022\\\/07\\\/cortina-centro_edited.jpg\",\"articleSection\":[\"Appuntamenti, Eventi\",\"Pausa Caff\u00e8\"],\"inLanguage\":\"fr-FR\"},{\"@type\":\"WebPage\",\"@id\":\"https:\\\/\\\/www.bellunopress.it\\\/2022\\\/08\\\/08\\\/olimpiadi-2026-pista-da-bob-tutti-i-segreti-della-nuova-pista-giovedi-allincontro-alla-conchiglia-di-cortina-dampezzo\\\/\",\"url\":\"https:\\\/\\\/www.bellunopress.it\\\/2022\\\/08\\\/08\\\/olimpiadi-2026-pista-da-bob-tutti-i-segreti-della-nuova-pista-giovedi-allincontro-alla-conchiglia-di-cortina-dampezzo\\\/\",\"name\":\"Olimpiadi 2026, pista da bob. Tutti i segreti della nuova pista gioved\u00ec all'incontro alla Conchiglia di Cortina d'Ampezzo - Bellunopress - Dolomiti\",\"isPartOf\":{\"@id\":\"https:\\\/\\\/www.bellunopress.it\\\/#website\"},\"primaryImageOfPage\":{\"@id\":\"https:\\\/\\\/www.bellunopress.it\\\/2022\\\/08\\\/08\\\/olimpiadi-2026-pista-da-bob-tutti-i-segreti-della-nuova-pista-giovedi-allincontro-alla-conchiglia-di-cortina-dampezzo\\\/#primaryimage\"},\"image\":{\"@id\":\"https:\\\/\\\/www.bellunopress.it\\\/2022\\\/08\\\/08\\\/olimpiadi-2026-pista-da-bob-tutti-i-segreti-della-nuova-pista-giovedi-allincontro-alla-conchiglia-di-cortina-dampezzo\\\/#primaryimage\"},\"thumbnailUrl\":\"https:\\\/\\\/www.bellunopress.it\\\/wp-content\\\/uploads\\\/2022\\\/07\\\/cortina-centro_edited.jpg\",\"datePublished\":\"2022-08-08T18:48:07+00:00\",\"breadcrumb\":{\"@id\":\"https:\\\/\\\/www.bellunopress.it\\\/2022\\\/08\\\/08\\\/olimpiadi-2026-pista-da-bob-tutti-i-segreti-della-nuova-pista-giovedi-allincontro-alla-conchiglia-di-cortina-dampezzo\\\/#breadcrumb\"},\"inLanguage\":\"fr-FR\",\"potentialAction\":[{\"@type\":\"ReadAction\",\"target\":[\"https:\\\/\\\/www.bellunopress.it\\\/2022\\\/08\\\/08\\\/olimpiadi-2026-pista-da-bob-tutti-i-segreti-della-nuova-pista-giovedi-allincontro-alla-conchiglia-di-cortina-dampezzo\\\/\"]}]},{\"@type\":\"ImageObject\",\"inLanguage\":\"fr-FR\",\"@id\":\"https:\\\/\\\/www.bellunopress.it\\\/2022\\\/08\\\/08\\\/olimpiadi-2026-pista-da-bob-tutti-i-segreti-della-nuova-pista-giovedi-allincontro-alla-conchiglia-di-cortina-dampezzo\\\/#primaryimage\",\"url\":\"https:\\\/\\\/www.bellunopress.it\\\/wp-content\\\/uploads\\\/2022\\\/07\\\/cortina-centro_edited.jpg\",\"contentUrl\":\"https:\\\/\\\/www.bellunopress.it\\\/wp-content\\\/uploads\\\/2022\\\/07\\\/cortina-centro_edited.jpg\",\"width\":750,\"height\":1000},{\"@type\":\"BreadcrumbList\",\"@id\":\"https:\\\/\\\/www.bellunopress.it\\\/2022\\\/08\\\/08\\\/olimpiadi-2026-pista-da-bob-tutti-i-segreti-della-nuova-pista-giovedi-allincontro-alla-conchiglia-di-cortina-dampezzo\\\/#breadcrumb\",\"itemListElement\":[{\"@type\":\"ListItem\",\"position\":1,\"name\":\"Home\",\"item\":\"https:\\\/\\\/www.bellunopress.it\\\/\"},{\"@type\":\"ListItem\",\"position\":2,\"name\":\"Olimpiadi 2026, pista da bob. Tutti i segreti della nuova pista gioved\u00ec all&#8217;incontro alla Conchiglia di Cortina d&#8217;Ampezzo\"}]},{\"@type\":\"WebSite\",\"@id\":\"https:\\\/\\\/www.bellunopress.it\\\/#website\",\"url\":\"https:\\\/\\\/www.bellunopress.it\\\/\",\"name\":\"Bellunopress - Dolomiti\",\"description\":\"e-mail: redazione@bellunopress.it\",\"publisher\":{\"@id\":\"https:\\\/\\\/www.bellunopress.it\\\/#organization\"},\"potentialAction\":[{\"@type\":\"SearchAction\",\"target\":{\"@type\":\"EntryPoint\",\"urlTemplate\":\"https:\\\/\\\/www.bellunopress.it\\\/?s={search_term_string}\"},\"query-input\":{\"@type\":\"PropertyValueSpecification\",\"valueRequired\":true,\"valueName\":\"search_term_string\"}}],\"inLanguage\":\"fr-FR\"},{\"@type\":\"Organization\",\"@id\":\"https:\\\/\\\/www.bellunopress.it\\\/#organization\",\"name\":\"Bellunopress\",\"url\":\"https:\\\/\\\/www.bellunopress.it\\\/\",\"logo\":{\"@type\":\"ImageObject\",\"inLanguage\":\"fr-FR\",\"@id\":\"https:\\\/\\\/www.bellunopress.it\\\/#\\\/schema\\\/logo\\\/image\\\/\",\"url\":\"https:\\\/\\\/www.bellunopress.it\\\/wp-content\\\/uploads\\\/2011\\\/05\\\/cropped-logo-bellunopress-.jpg\",\"contentUrl\":\"https:\\\/\\\/www.bellunopress.it\\\/wp-content\\\/uploads\\\/2011\\\/05\\\/cropped-logo-bellunopress-.jpg\",\"width\":512,\"height\":512,\"caption\":\"Bellunopress\"},\"image\":{\"@id\":\"https:\\\/\\\/www.bellunopress.it\\\/#\\\/schema\\\/logo\\\/image\\\/\"},\"sameAs\":[\"https:\\\/\\\/www.facebook.com\\\/profile.php?id=100008943462799\",\"https:\\\/\\\/x.com\\\/bellunopress\",\"https:\\\/\\\/www.linkedin.com\\\/hp\\\/?dnr=JBzUWaJfMUw8vbXJJ2tVW5-I3jZKvC4wsoxE&amp;amp;amp;amp;amp;amp;trk=nav_responsive_tab_home\",\"https:\\\/\\\/www.youtube.com\\\/channel\\\/UCxL0wu1uN0_3_7hGG0306cw\"]},{\"@type\":\"Person\",\"@id\":\"https:\\\/\\\/www.bellunopress.it\\\/#\\\/schema\\\/person\\\/79bb06722b37ece1c03d3e94beb30d73\",\"name\":\"redazione\",\"image\":{\"@type\":\"ImageObject\",\"inLanguage\":\"fr-FR\",\"@id\":\"https:\\\/\\\/secure.gravatar.com\\\/avatar\\\/37d968a2e67a6fd04c169c4bdef102d0bc5d31b2546345219e348575eb80e9a0?s=96&d=mm&r=g\",\"url\":\"https:\\\/\\\/secure.gravatar.com\\\/avatar\\\/37d968a2e67a6fd04c169c4bdef102d0bc5d31b2546345219e348575eb80e9a0?s=96&d=mm&r=g\",\"contentUrl\":\"https:\\\/\\\/secure.gravatar.com\\\/avatar\\\/37d968a2e67a6fd04c169c4bdef102d0bc5d31b2546345219e348575eb80e9a0?s=96&d=mm&r=g\",\"caption\":\"redazione\"},\"sameAs\":[\"http:\\\/\\\/www.bellunopress.it\",\"https:\\\/\\\/x.com\\\/bellunopress\"],\"url\":\"https:\\\/\\\/www.bellunopress.it\\\/fr\\\/author\\\/redazione\\\/\"}]}<\/script>\n<!-- \/ Yoast SEO plugin. -->","yoast_head_json":{"title":"Olimpiadi 2026, pista da bob. Tutti i segreti della nuova pista gioved\u00ec all'incontro alla Conchiglia di Cortina d'Ampezzo - Bellunopress - Dolomiti","robots":{"index":"index","follow":"follow","max-snippet":"max-snippet:-1","max-image-preview":"max-image-preview:large","max-video-preview":"max-video-preview:-1"},"canonical":"https:\/\/www.bellunopress.it\/fr\/2022\/08\/08\/olimpiadi-2026-pista-da-bob-tutti-i-segreti-della-nuova-pista-giovedi-allincontro-alla-conchiglia-di-cortina-dampezzo\/","og_locale":"fr_FR","og_type":"article","og_title":"Olimpiadi 2026, pista da bob. Tutti i segreti della nuova pista gioved\u00ec all'incontro alla Conchiglia di Cortina d'Ampezzo - Bellunopress - Dolomiti","og_description":"Finalmente nell&#8217;incontro pubblico che si terr\u00e0 gioved\u00ec 11 agosto alle 18:00 a Cortina d&#8217;Ampezzo nella Piazza Angelo Dibona (Conchiglia), organizzato dal Comitato Civico, si far\u00e0 chiarezza sul progetto di nuova pista da bob olimpica (sliding center) e i cittadini potranno avere quelle informazioni che invano sono state chieste alle Istituzioni e che, malgrado l\u2019impegno di [&hellip;]","og_url":"https:\/\/www.bellunopress.it\/fr\/2022\/08\/08\/olimpiadi-2026-pista-da-bob-tutti-i-segreti-della-nuova-pista-giovedi-allincontro-alla-conchiglia-di-cortina-dampezzo\/","og_site_name":"Bellunopress - Dolomiti","article_publisher":"https:\/\/www.facebook.com\/profile.php?id=100008943462799","article_published_time":"2022-08-08T18:48:07+00:00","og_image":[{"width":750,"height":1000,"url":"https:\/\/www.bellunopress.it\/wp-content\/uploads\/2022\/07\/cortina-centro_edited.jpg","type":"image\/jpeg"}],"author":"redazione","twitter_card":"summary_large_image","twitter_creator":"@bellunopress","twitter_site":"@bellunopress","twitter_misc":{"\u00c9crit par":"redazione","Dur\u00e9e de lecture estim\u00e9e":"5 minutes"},"schema":{"@context":"https:\/\/schema.org","@graph":[{"@type":"Article","@id":"https:\/\/www.bellunopress.it\/2022\/08\/08\/olimpiadi-2026-pista-da-bob-tutti-i-segreti-della-nuova-pista-giovedi-allincontro-alla-conchiglia-di-cortina-dampezzo\/#article","isPartOf":{"@id":"https:\/\/www.bellunopress.it\/2022\/08\/08\/olimpiadi-2026-pista-da-bob-tutti-i-segreti-della-nuova-pista-giovedi-allincontro-alla-conchiglia-di-cortina-dampezzo\/"},"author":{"name":"redazione","@id":"https:\/\/www.bellunopress.it\/#\/schema\/person\/79bb06722b37ece1c03d3e94beb30d73"},"headline":"Olimpiadi 2026, pista da bob. Tutti i segreti della nuova pista gioved\u00ec all&#8217;incontro alla Conchiglia di Cortina d&#8217;Ampezzo","datePublished":"2022-08-08T18:48:07+00:00","mainEntityOfPage":{"@id":"https:\/\/www.bellunopress.it\/2022\/08\/08\/olimpiadi-2026-pista-da-bob-tutti-i-segreti-della-nuova-pista-giovedi-allincontro-alla-conchiglia-di-cortina-dampezzo\/"},"wordCount":767,"publisher":{"@id":"https:\/\/www.bellunopress.it\/#organization"},"image":{"@id":"https:\/\/www.bellunopress.it\/2022\/08\/08\/olimpiadi-2026-pista-da-bob-tutti-i-segreti-della-nuova-pista-giovedi-allincontro-alla-conchiglia-di-cortina-dampezzo\/#primaryimage"},"thumbnailUrl":"https:\/\/www.bellunopress.it\/wp-content\/uploads\/2022\/07\/cortina-centro_edited.jpg","articleSection":["Appuntamenti, Eventi","Pausa Caff\u00e8"],"inLanguage":"fr-FR"},{"@type":"WebPage","@id":"https:\/\/www.bellunopress.it\/2022\/08\/08\/olimpiadi-2026-pista-da-bob-tutti-i-segreti-della-nuova-pista-giovedi-allincontro-alla-conchiglia-di-cortina-dampezzo\/","url":"https:\/\/www.bellunopress.it\/2022\/08\/08\/olimpiadi-2026-pista-da-bob-tutti-i-segreti-della-nuova-pista-giovedi-allincontro-alla-conchiglia-di-cortina-dampezzo\/","name":"Olimpiadi 2026, pista da bob. Tutti i segreti della nuova pista gioved\u00ec all'incontro alla Conchiglia di Cortina d'Ampezzo - Bellunopress - Dolomiti","isPartOf":{"@id":"https:\/\/www.bellunopress.it\/#website"},"primaryImageOfPage":{"@id":"https:\/\/www.bellunopress.it\/2022\/08\/08\/olimpiadi-2026-pista-da-bob-tutti-i-segreti-della-nuova-pista-giovedi-allincontro-alla-conchiglia-di-cortina-dampezzo\/#primaryimage"},"image":{"@id":"https:\/\/www.bellunopress.it\/2022\/08\/08\/olimpiadi-2026-pista-da-bob-tutti-i-segreti-della-nuova-pista-giovedi-allincontro-alla-conchiglia-di-cortina-dampezzo\/#primaryimage"},"thumbnailUrl":"https:\/\/www.bellunopress.it\/wp-content\/uploads\/2022\/07\/cortina-centro_edited.jpg","datePublished":"2022-08-08T18:48:07+00:00","breadcrumb":{"@id":"https:\/\/www.bellunopress.it\/2022\/08\/08\/olimpiadi-2026-pista-da-bob-tutti-i-segreti-della-nuova-pista-giovedi-allincontro-alla-conchiglia-di-cortina-dampezzo\/#breadcrumb"},"inLanguage":"fr-FR","potentialAction":[{"@type":"ReadAction","target":["https:\/\/www.bellunopress.it\/2022\/08\/08\/olimpiadi-2026-pista-da-bob-tutti-i-segreti-della-nuova-pista-giovedi-allincontro-alla-conchiglia-di-cortina-dampezzo\/"]}]},{"@type":"ImageObject","inLanguage":"fr-FR","@id":"https:\/\/www.bellunopress.it\/2022\/08\/08\/olimpiadi-2026-pista-da-bob-tutti-i-segreti-della-nuova-pista-giovedi-allincontro-alla-conchiglia-di-cortina-dampezzo\/#primaryimage","url":"https:\/\/www.bellunopress.it\/wp-content\/uploads\/2022\/07\/cortina-centro_edited.jpg","contentUrl":"https:\/\/www.bellunopress.it\/wp-content\/uploads\/2022\/07\/cortina-centro_edited.jpg","width":750,"height":1000},{"@type":"BreadcrumbList","@id":"https:\/\/www.bellunopress.it\/2022\/08\/08\/olimpiadi-2026-pista-da-bob-tutti-i-segreti-della-nuova-pista-giovedi-allincontro-alla-conchiglia-di-cortina-dampezzo\/#breadcrumb","itemListElement":[{"@type":"ListItem","position":1,"name":"Home","item":"https:\/\/www.bellunopress.it\/"},{"@type":"ListItem","position":2,"name":"Olimpiadi 2026, pista da bob. Tutti i segreti della nuova pista gioved\u00ec all&#8217;incontro alla Conchiglia di Cortina d&#8217;Ampezzo"}]},{"@type":"WebSite","@id":"https:\/\/www.bellunopress.it\/#website","url":"https:\/\/www.bellunopress.it\/","name":"Bellunopress - Dolomiti","description":"e-mail: redazione@bellunopress.it","publisher":{"@id":"https:\/\/www.bellunopress.it\/#organization"},"potentialAction":[{"@type":"SearchAction","target":{"@type":"EntryPoint","urlTemplate":"https:\/\/www.bellunopress.it\/?s={search_term_string}"},"query-input":{"@type":"PropertyValueSpecification","valueRequired":true,"valueName":"search_term_string"}}],"inLanguage":"fr-FR"},{"@type":"Organization","@id":"https:\/\/www.bellunopress.it\/#organization","name":"Bellunopress","url":"https:\/\/www.bellunopress.it\/","logo":{"@type":"ImageObject","inLanguage":"fr-FR","@id":"https:\/\/www.bellunopress.it\/#\/schema\/logo\/image\/","url":"https:\/\/www.bellunopress.it\/wp-content\/uploads\/2011\/05\/cropped-logo-bellunopress-.jpg","contentUrl":"https:\/\/www.bellunopress.it\/wp-content\/uploads\/2011\/05\/cropped-logo-bellunopress-.jpg","width":512,"height":512,"caption":"Bellunopress"},"image":{"@id":"https:\/\/www.bellunopress.it\/#\/schema\/logo\/image\/"},"sameAs":["https:\/\/www.facebook.com\/profile.php?id=100008943462799","https:\/\/x.com\/bellunopress","https:\/\/www.linkedin.com\/hp\/?dnr=JBzUWaJfMUw8vbXJJ2tVW5-I3jZKvC4wsoxE&amp;amp;amp;amp;amp;amp;trk=nav_responsive_tab_home","https:\/\/www.youtube.com\/channel\/UCxL0wu1uN0_3_7hGG0306cw"]},{"@type":"Person","@id":"https:\/\/www.bellunopress.it\/#\/schema\/person\/79bb06722b37ece1c03d3e94beb30d73","name":"r\u00e9daction","image":{"@type":"ImageObject","inLanguage":"fr-FR","@id":"https:\/\/secure.gravatar.com\/avatar\/37d968a2e67a6fd04c169c4bdef102d0bc5d31b2546345219e348575eb80e9a0?s=96&d=mm&r=g","url":"https:\/\/secure.gravatar.com\/avatar\/37d968a2e67a6fd04c169c4bdef102d0bc5d31b2546345219e348575eb80e9a0?s=96&d=mm&r=g","contentUrl":"https:\/\/secure.gravatar.com\/avatar\/37d968a2e67a6fd04c169c4bdef102d0bc5d31b2546345219e348575eb80e9a0?s=96&d=mm&r=g","caption":"redazione"},"sameAs":["http:\/\/www.bellunopress.it","https:\/\/x.com\/bellunopress"],"url":"https:\/\/www.bellunopress.it\/fr\/author\/redazione\/"}]}},"_links":{"self":[{"href":"https:\/\/www.bellunopress.it\/fr\/wp-json\/wp\/v2\/posts\/135637","targetHints":{"allow":["GET"]}}],"collection":[{"href":"https:\/\/www.bellunopress.it\/fr\/wp-json\/wp\/v2\/posts"}],"about":[{"href":"https:\/\/www.bellunopress.it\/fr\/wp-json\/wp\/v2\/types\/post"}],"author":[{"embeddable":true,"href":"https:\/\/www.bellunopress.it\/fr\/wp-json\/wp\/v2\/users\/2"}],"replies":[{"embeddable":true,"href":"https:\/\/www.bellunopress.it\/fr\/wp-json\/wp\/v2\/comments?post=135637"}],"version-history":[{"count":1,"href":"https:\/\/www.bellunopress.it\/fr\/wp-json\/wp\/v2\/posts\/135637\/revisions"}],"predecessor-version":[{"id":135639,"href":"https:\/\/www.bellunopress.it\/fr\/wp-json\/wp\/v2\/posts\/135637\/revisions\/135639"}],"wp:featuredmedia":[{"embeddable":true,"href":"https:\/\/www.bellunopress.it\/fr\/wp-json\/wp\/v2\/media\/135221"}],"wp:attachment":[{"href":"https:\/\/www.bellunopress.it\/fr\/wp-json\/wp\/v2\/media?parent=135637"}],"wp:term":[{"taxonomy":"category","embeddable":true,"href":"https:\/\/www.bellunopress.it\/fr\/wp-json\/wp\/v2\/categories?post=135637"},{"taxonomy":"post_tag","embeddable":true,"href":"https:\/\/www.bellunopress.it\/fr\/wp-json\/wp\/v2\/tags?post=135637"}],"curies":[{"name":"wp","href":"https:\/\/api.w.org\/{rel}","templated":true}]}}