{"id":135631,"date":"2022-08-08T17:10:03","date_gmt":"2022-08-08T15:10:03","guid":{"rendered":"https:\/\/www.bellunopress.it\/?p=135631"},"modified":"2022-08-08T17:10:03","modified_gmt":"2022-08-08T15:10:03","slug":"un-concorso-per-laureati-in-comune-di-belluno-domande-entro-il-23-settembre","status":"publish","type":"post","link":"https:\/\/www.bellunopress.it\/fr\/2022\/08\/08\/un-concorso-per-laureati-in-comune-di-belluno-domande-entro-il-23-settembre\/","title":{"rendered":"Un concorso per laureati in Comune di Belluno. Domande entro il 23 settembre"},"content":{"rendered":"<figure id=\"attachment_112706\" aria-describedby=\"caption-attachment-112706\" style=\"width: 900px\" class=\"wp-caption alignleft\"><img loading=\"lazy\" decoding=\"async\" class=\"size-full wp-image-112706\" src=\"https:\/\/www.bellunopress.it\/wp-content\/uploads\/2020\/03\/palazzo-rosso-notte.jpg\" alt=\"\" width=\"900\" height=\"688\" srcset=\"https:\/\/www.bellunopress.it\/wp-content\/uploads\/2020\/03\/palazzo-rosso-notte.jpg 900w, https:\/\/www.bellunopress.it\/wp-content\/uploads\/2020\/03\/palazzo-rosso-notte-500x382.jpg 500w, https:\/\/www.bellunopress.it\/wp-content\/uploads\/2020\/03\/palazzo-rosso-notte-696x532.jpg 696w, https:\/\/www.bellunopress.it\/wp-content\/uploads\/2020\/03\/palazzo-rosso-notte-549x420.jpg 549w, https:\/\/www.bellunopress.it\/wp-content\/uploads\/2020\/03\/palazzo-rosso-notte-80x60.jpg 80w\" sizes=\"auto, (max-width: 900px) 100vw, 900px\" \/><figcaption id=\"caption-attachment-112706\" class=\"wp-caption-text\">Palazzo Rosso, sede dell&#8217;Amministrazione comunale di Belluno<\/figcaption><\/figure>\n<p>Il Comune di Belluno ha indetto un concorso pubblico, per esami, per l&#8217;assunzione<br \/>\na tempo indeterminato e pieno di un istruttore direttivo tecnico categoria D ccnl<br \/>\nFunzioni Locali per l&#8217;area Sportello Unico Edilizia &#8211; Sportello Unico Attivit\u00e0<br \/>\nProduttive &#8211; Attivit\u00e0 economiche.<br \/>\nI requisiti specifici e le modalit\u00e0 per partecipare al concorso, cos\u00ec come le materie<br \/>\nd&#8217;esame, sono indicati nel bando di concorso pubblicato nel sito Internet<br \/>\nistituzionale del Comune di Belluno, all\u2019indirizzo <a href=\"https:\/\/www.comune.belluno.it\/myportal\/C_A757\/amministrazione\/attipubblicazioni\/concorsi\">www.comune.belluno.it, sezione<\/a><br \/>\n\u201cBandi di concorso\u201d in home page.<\/p>\n<p><strong>requisiti per l&#8217;ammissione<\/strong><br \/>\nSono ammessi al concorso i soggetti che possiedono i seguenti requisiti:<br \/>\n1. cittadinanza italiana o di uno Stato membro dell\u2019Unione Europea, fatto salvo quanto previsto dall&#8217;art. 38 del d.lgs. 165\/2001.<br \/>\n2. et\u00e0 non inferiore agli anni 18;<br \/>\n3. titolo di studio:<br \/>\na) uno dei seguenti diplomi di laurea ante d.m. 509\/1999: Architettura, Ingegneria civile, Ingegneria edile, Ingegneria edile- Architettura, Ingegneria per l&#8217;ambiente e il territorio, Pianificazione territoriale e urbanistica, Pianificazione territoriale, urbanistica e ambientale, Politica del territorio;<br \/>\nb) oppure titoli equipollenti a quelli indicati sub a);<br \/>\nc) oppure una delle lauree specialistiche o magistrali ex d.m. 509\/1999 e ex d.m. 270\/2004, equiparate ai sensi del decreto interministeriale 9\/7\/2009 ai titoli sub a);<br \/>\nd) oppure una delle seguenti lauree triennali ex d.m. 509\/1999 e ex d.m. 270\/2004: classe 4 &#8211; \u201cClasse delle lauree in scienze dell\u2019architettura e dell\u2019ingegneria edile\u201d; classe 7 &#8211; \u201cClasse della lauree in urbanistica e scienze della pianificazione territoriale e ambientale\u201d; classe 8 &#8211; \u201cClasse delle lauree in ingegneria civile e ambientale\u201d; classe 27 &#8211; \u201cClasse delle lauree in scienze e tecnologie per l\u2019ambiente e la natura\u201d; classe L07 &#8211; \u201cLauree in ingegneria civile e ambientale\u201d; classe L17 &#8211; \u201cLauree in scienze<br \/>\ndell\u2019architettura\u201d; classe L21 &#8211; \u201cLauree in scienze della pianificazione territoriale, urbanistica, paesaggistica e ambientale\u201d; classe L23 &#8211; \u201cLauree in scienze e tecniche dell\u2019edilizia\u201d; classe L32 &#8211; \u201cLauree in scienze e tecnologie per l\u2019ambiente e la natura\u201d,<br \/>\ne) oppure uno dei diplomi delle scuole dirette a fini speciali istituiti ai sensi del d.P.R. 162\/1982,<br \/>\noppure uno dei diplomi universitari istituiti ai sensi della L. n. 341\/1990, equiparati ai sensi del decreto interministeriale 11\/11\/2011 alle lauree triennali indicate sub d)<\/p>\n<p>La domanda dovr\u00e0 perentoriamente pervenire al protocollo del Comune entro il<br \/>\ngiorno 23 settembre 2022, secondo una delle seguenti modalit\u00e0:<br \/>\n\u2022 presentata direttamente all&#8217;area Servizi Generali (Archivio, Protocollo e Messi) \u2013<br \/>\nPiazza Duomo n. 1 &#8211; negli orari di apertura al pubblico (dal luned\u00ec al venerd\u00ec<br \/>\nmattina dalle 9.00 alle 12.00 e gioved\u00ec pomeriggio dalle 15.00 alle 17.00);<br \/>\n\u2022 inoltrata tramite raccomandata A\/R trasmessa al seguente indirizzo: Comune di<br \/>\nBelluno \u2013 area Personale \u2013 Piazza Duomo n. 2 \u2013 32100 Belluno;<br \/>\n\u2022 trasmessa per via telematica, mediante Posta Elettronica Certificata (PEC),<br \/>\nall\u2019indirizzo: belluno.bl@cert.ip-veneto.net.<br \/>\nLe comunicazioni ai candidati sono fornite solamente mediante pubblicazione<br \/>\nall\u2019albo on line e nel sito del Comune di Belluno a questo link<br \/>\nhttps:\/\/www.comune.belluno.it\/myportal\/C_A757\/amministrazione\/attipubblicazioni<br \/>\n\/concorsi, voce &#8220;Bandi di concorso&#8221; in home page.<br \/>\nPer chiarimenti e informazioni, gli interessati possono rivolgersi all\u2019area Personale<br \/>\ndel Comune di Belluno, in Piazza Duomo n. 2, telefoni 0437 913274\/77\/80; email:<br \/>\npersonale@comune.bellu<\/p>","protected":false},"excerpt":{"rendered":"<p>Il Comune di Belluno ha indetto un concorso pubblico, per esami, per l&#8217;assunzione a tempo indeterminato e pieno di un istruttore direttivo tecnico categoria D ccnl Funzioni Locali per l&#8217;area Sportello Unico Edilizia &#8211; Sportello Unico Attivit\u00e0 Produttive &#8211; Attivit\u00e0 economiche. I requisiti specifici e le modalit\u00e0 per partecipare al concorso, cos\u00ec come le materie [&hellip;]<\/p>\n","protected":false},"author":2,"featured_media":112706,"comment_status":"closed","ping_status":"open","sticky":false,"template":"","format":"standard","meta":{"footnotes":""},"categories":[36,26],"tags":[],"class_list":["post-135631","post","type-post","status-publish","format-standard","has-post-thumbnail","category-lavoro-economia","category-prima-pagina"],"yoast_head":"<!-- This site is optimized with the Yoast SEO plugin v28.4 - https:\/\/yoast.com\/product\/yoast-seo-wordpress\/ -->\n<title>Un concorso per laureati in Comune di Belluno. Domande entro il 23 settembre - Bellunopress - Dolomiti<\/title>\n<meta name=\"robots\" content=\"index, follow, max-snippet:-1, max-image-preview:large, max-video-preview:-1\" \/>\n<link rel=\"canonical\" href=\"https:\/\/www.bellunopress.it\/fr\/2022\/08\/08\/un-concorso-per-laureati-in-comune-di-belluno-domande-entro-il-23-settembre\/\" \/>\n<meta property=\"og:locale\" content=\"fr_FR\" \/>\n<meta property=\"og:type\" content=\"article\" \/>\n<meta property=\"og:title\" content=\"Un concorso per laureati in Comune di Belluno. Domande entro il 23 settembre - Bellunopress - Dolomiti\" \/>\n<meta property=\"og:description\" content=\"Il Comune di Belluno ha indetto un concorso pubblico, per esami, per l&#8217;assunzione a tempo indeterminato e pieno di un istruttore direttivo tecnico categoria D ccnl Funzioni Locali per l&#8217;area Sportello Unico Edilizia &#8211; Sportello Unico Attivit\u00e0 Produttive &#8211; Attivit\u00e0 economiche. I requisiti specifici e le modalit\u00e0 per partecipare al concorso, cos\u00ec come le materie [&hellip;]\" \/>\n<meta property=\"og:url\" content=\"https:\/\/www.bellunopress.it\/fr\/2022\/08\/08\/un-concorso-per-laureati-in-comune-di-belluno-domande-entro-il-23-settembre\/\" \/>\n<meta property=\"og:site_name\" content=\"Bellunopress - Dolomiti\" \/>\n<meta property=\"article:publisher\" content=\"https:\/\/www.facebook.com\/profile.php?id=100008943462799\" \/>\n<meta property=\"article:published_time\" content=\"2022-08-08T15:10:03+00:00\" \/>\n<meta property=\"og:image\" content=\"https:\/\/www.bellunopress.it\/wp-content\/uploads\/2020\/03\/palazzo-rosso-notte.jpg\" \/>\n\t<meta property=\"og:image:width\" content=\"900\" \/>\n\t<meta property=\"og:image:height\" content=\"688\" \/>\n\t<meta property=\"og:image:type\" content=\"image\/jpeg\" \/>\n<meta name=\"author\" content=\"redazione\" \/>\n<meta name=\"twitter:card\" content=\"summary_large_image\" \/>\n<meta name=\"twitter:creator\" content=\"@bellunopress\" \/>\n<meta name=\"twitter:site\" content=\"@bellunopress\" \/>\n<meta name=\"twitter:label1\" content=\"\u00c9crit par\" \/>\n\t<meta name=\"twitter:data1\" content=\"redazione\" \/>\n\t<meta name=\"twitter:label2\" content=\"Dur\u00e9e de lecture estim\u00e9e\" \/>\n\t<meta name=\"twitter:data2\" content=\"3 minutes\" \/>\n<script type=\"application\/ld+json\" class=\"yoast-schema-graph\">{\"@context\":\"https:\\\/\\\/schema.org\",\"@graph\":[{\"@type\":\"Article\",\"@id\":\"https:\\\/\\\/www.bellunopress.it\\\/2022\\\/08\\\/08\\\/un-concorso-per-laureati-in-comune-di-belluno-domande-entro-il-23-settembre\\\/#article\",\"isPartOf\":{\"@id\":\"https:\\\/\\\/www.bellunopress.it\\\/2022\\\/08\\\/08\\\/un-concorso-per-laureati-in-comune-di-belluno-domande-entro-il-23-settembre\\\/\"},\"author\":{\"name\":\"redazione\",\"@id\":\"https:\\\/\\\/www.bellunopress.it\\\/#\\\/schema\\\/person\\\/79bb06722b37ece1c03d3e94beb30d73\"},\"headline\":\"Un concorso per laureati in Comune di Belluno. Domande entro il 23 settembre\",\"datePublished\":\"2022-08-08T15:10:03+00:00\",\"mainEntityOfPage\":{\"@id\":\"https:\\\/\\\/www.bellunopress.it\\\/2022\\\/08\\\/08\\\/un-concorso-per-laureati-in-comune-di-belluno-domande-entro-il-23-settembre\\\/\"},\"wordCount\":537,\"publisher\":{\"@id\":\"https:\\\/\\\/www.bellunopress.it\\\/#organization\"},\"image\":{\"@id\":\"https:\\\/\\\/www.bellunopress.it\\\/2022\\\/08\\\/08\\\/un-concorso-per-laureati-in-comune-di-belluno-domande-entro-il-23-settembre\\\/#primaryimage\"},\"thumbnailUrl\":\"https:\\\/\\\/www.bellunopress.it\\\/wp-content\\\/uploads\\\/2020\\\/03\\\/palazzo-rosso-notte.jpg\",\"articleSection\":[\"Lavoro, Economia, Turismo\",\"Prima Pagina\"],\"inLanguage\":\"fr-FR\"},{\"@type\":\"WebPage\",\"@id\":\"https:\\\/\\\/www.bellunopress.it\\\/2022\\\/08\\\/08\\\/un-concorso-per-laureati-in-comune-di-belluno-domande-entro-il-23-settembre\\\/\",\"url\":\"https:\\\/\\\/www.bellunopress.it\\\/2022\\\/08\\\/08\\\/un-concorso-per-laureati-in-comune-di-belluno-domande-entro-il-23-settembre\\\/\",\"name\":\"Un concorso per laureati in Comune di Belluno. Domande entro il 23 settembre - Bellunopress - Dolomiti\",\"isPartOf\":{\"@id\":\"https:\\\/\\\/www.bellunopress.it\\\/#website\"},\"primaryImageOfPage\":{\"@id\":\"https:\\\/\\\/www.bellunopress.it\\\/2022\\\/08\\\/08\\\/un-concorso-per-laureati-in-comune-di-belluno-domande-entro-il-23-settembre\\\/#primaryimage\"},\"image\":{\"@id\":\"https:\\\/\\\/www.bellunopress.it\\\/2022\\\/08\\\/08\\\/un-concorso-per-laureati-in-comune-di-belluno-domande-entro-il-23-settembre\\\/#primaryimage\"},\"thumbnailUrl\":\"https:\\\/\\\/www.bellunopress.it\\\/wp-content\\\/uploads\\\/2020\\\/03\\\/palazzo-rosso-notte.jpg\",\"datePublished\":\"2022-08-08T15:10:03+00:00\",\"breadcrumb\":{\"@id\":\"https:\\\/\\\/www.bellunopress.it\\\/2022\\\/08\\\/08\\\/un-concorso-per-laureati-in-comune-di-belluno-domande-entro-il-23-settembre\\\/#breadcrumb\"},\"inLanguage\":\"fr-FR\",\"potentialAction\":[{\"@type\":\"ReadAction\",\"target\":[\"https:\\\/\\\/www.bellunopress.it\\\/2022\\\/08\\\/08\\\/un-concorso-per-laureati-in-comune-di-belluno-domande-entro-il-23-settembre\\\/\"]}]},{\"@type\":\"ImageObject\",\"inLanguage\":\"fr-FR\",\"@id\":\"https:\\\/\\\/www.bellunopress.it\\\/2022\\\/08\\\/08\\\/un-concorso-per-laureati-in-comune-di-belluno-domande-entro-il-23-settembre\\\/#primaryimage\",\"url\":\"https:\\\/\\\/www.bellunopress.it\\\/wp-content\\\/uploads\\\/2020\\\/03\\\/palazzo-rosso-notte.jpg\",\"contentUrl\":\"https:\\\/\\\/www.bellunopress.it\\\/wp-content\\\/uploads\\\/2020\\\/03\\\/palazzo-rosso-notte.jpg\",\"width\":900,\"height\":688,\"caption\":\"Palazzo Rosso, sede dell'Amministrazione comunale di Belluno\"},{\"@type\":\"BreadcrumbList\",\"@id\":\"https:\\\/\\\/www.bellunopress.it\\\/2022\\\/08\\\/08\\\/un-concorso-per-laureati-in-comune-di-belluno-domande-entro-il-23-settembre\\\/#breadcrumb\",\"itemListElement\":[{\"@type\":\"ListItem\",\"position\":1,\"name\":\"Home\",\"item\":\"https:\\\/\\\/www.bellunopress.it\\\/\"},{\"@type\":\"ListItem\",\"position\":2,\"name\":\"Un concorso per laureati in Comune di Belluno. Domande entro il 23 settembre\"}]},{\"@type\":\"WebSite\",\"@id\":\"https:\\\/\\\/www.bellunopress.it\\\/#website\",\"url\":\"https:\\\/\\\/www.bellunopress.it\\\/\",\"name\":\"Bellunopress - Dolomiti\",\"description\":\"e-mail: redazione@bellunopress.it\",\"publisher\":{\"@id\":\"https:\\\/\\\/www.bellunopress.it\\\/#organization\"},\"potentialAction\":[{\"@type\":\"SearchAction\",\"target\":{\"@type\":\"EntryPoint\",\"urlTemplate\":\"https:\\\/\\\/www.bellunopress.it\\\/?s={search_term_string}\"},\"query-input\":{\"@type\":\"PropertyValueSpecification\",\"valueRequired\":true,\"valueName\":\"search_term_string\"}}],\"inLanguage\":\"fr-FR\"},{\"@type\":\"Organization\",\"@id\":\"https:\\\/\\\/www.bellunopress.it\\\/#organization\",\"name\":\"Bellunopress\",\"url\":\"https:\\\/\\\/www.bellunopress.it\\\/\",\"logo\":{\"@type\":\"ImageObject\",\"inLanguage\":\"fr-FR\",\"@id\":\"https:\\\/\\\/www.bellunopress.it\\\/#\\\/schema\\\/logo\\\/image\\\/\",\"url\":\"https:\\\/\\\/www.bellunopress.it\\\/wp-content\\\/uploads\\\/2011\\\/05\\\/cropped-logo-bellunopress-.jpg\",\"contentUrl\":\"https:\\\/\\\/www.bellunopress.it\\\/wp-content\\\/uploads\\\/2011\\\/05\\\/cropped-logo-bellunopress-.jpg\",\"width\":512,\"height\":512,\"caption\":\"Bellunopress\"},\"image\":{\"@id\":\"https:\\\/\\\/www.bellunopress.it\\\/#\\\/schema\\\/logo\\\/image\\\/\"},\"sameAs\":[\"https:\\\/\\\/www.facebook.com\\\/profile.php?id=100008943462799\",\"https:\\\/\\\/x.com\\\/bellunopress\",\"https:\\\/\\\/www.linkedin.com\\\/hp\\\/?dnr=JBzUWaJfMUw8vbXJJ2tVW5-I3jZKvC4wsoxE&amp;amp;amp;amp;amp;amp;trk=nav_responsive_tab_home\",\"https:\\\/\\\/www.youtube.com\\\/channel\\\/UCxL0wu1uN0_3_7hGG0306cw\"]},{\"@type\":\"Person\",\"@id\":\"https:\\\/\\\/www.bellunopress.it\\\/#\\\/schema\\\/person\\\/79bb06722b37ece1c03d3e94beb30d73\",\"name\":\"redazione\",\"image\":{\"@type\":\"ImageObject\",\"inLanguage\":\"fr-FR\",\"@id\":\"https:\\\/\\\/secure.gravatar.com\\\/avatar\\\/37d968a2e67a6fd04c169c4bdef102d0bc5d31b2546345219e348575eb80e9a0?s=96&d=mm&r=g\",\"url\":\"https:\\\/\\\/secure.gravatar.com\\\/avatar\\\/37d968a2e67a6fd04c169c4bdef102d0bc5d31b2546345219e348575eb80e9a0?s=96&d=mm&r=g\",\"contentUrl\":\"https:\\\/\\\/secure.gravatar.com\\\/avatar\\\/37d968a2e67a6fd04c169c4bdef102d0bc5d31b2546345219e348575eb80e9a0?s=96&d=mm&r=g\",\"caption\":\"redazione\"},\"sameAs\":[\"http:\\\/\\\/www.bellunopress.it\",\"https:\\\/\\\/x.com\\\/bellunopress\"],\"url\":\"https:\\\/\\\/www.bellunopress.it\\\/fr\\\/author\\\/redazione\\\/\"}]}<\/script>\n<!-- \/ Yoast SEO plugin. -->","yoast_head_json":{"title":"Un concorso per laureati in Comune di Belluno. Domande entro il 23 settembre - Bellunopress - Dolomiti","robots":{"index":"index","follow":"follow","max-snippet":"max-snippet:-1","max-image-preview":"max-image-preview:large","max-video-preview":"max-video-preview:-1"},"canonical":"https:\/\/www.bellunopress.it\/fr\/2022\/08\/08\/un-concorso-per-laureati-in-comune-di-belluno-domande-entro-il-23-settembre\/","og_locale":"fr_FR","og_type":"article","og_title":"Un concorso per laureati in Comune di Belluno. Domande entro il 23 settembre - Bellunopress - Dolomiti","og_description":"Il Comune di Belluno ha indetto un concorso pubblico, per esami, per l&#8217;assunzione a tempo indeterminato e pieno di un istruttore direttivo tecnico categoria D ccnl Funzioni Locali per l&#8217;area Sportello Unico Edilizia &#8211; Sportello Unico Attivit\u00e0 Produttive &#8211; Attivit\u00e0 economiche. I requisiti specifici e le modalit\u00e0 per partecipare al concorso, cos\u00ec come le materie [&hellip;]","og_url":"https:\/\/www.bellunopress.it\/fr\/2022\/08\/08\/un-concorso-per-laureati-in-comune-di-belluno-domande-entro-il-23-settembre\/","og_site_name":"Bellunopress - Dolomiti","article_publisher":"https:\/\/www.facebook.com\/profile.php?id=100008943462799","article_published_time":"2022-08-08T15:10:03+00:00","og_image":[{"width":900,"height":688,"url":"https:\/\/www.bellunopress.it\/wp-content\/uploads\/2020\/03\/palazzo-rosso-notte.jpg","type":"image\/jpeg"}],"author":"redazione","twitter_card":"summary_large_image","twitter_creator":"@bellunopress","twitter_site":"@bellunopress","twitter_misc":{"\u00c9crit par":"redazione","Dur\u00e9e de lecture estim\u00e9e":"3 minutes"},"schema":{"@context":"https:\/\/schema.org","@graph":[{"@type":"Article","@id":"https:\/\/www.bellunopress.it\/2022\/08\/08\/un-concorso-per-laureati-in-comune-di-belluno-domande-entro-il-23-settembre\/#article","isPartOf":{"@id":"https:\/\/www.bellunopress.it\/2022\/08\/08\/un-concorso-per-laureati-in-comune-di-belluno-domande-entro-il-23-settembre\/"},"author":{"name":"redazione","@id":"https:\/\/www.bellunopress.it\/#\/schema\/person\/79bb06722b37ece1c03d3e94beb30d73"},"headline":"Un concorso per laureati in Comune di Belluno. Domande entro il 23 settembre","datePublished":"2022-08-08T15:10:03+00:00","mainEntityOfPage":{"@id":"https:\/\/www.bellunopress.it\/2022\/08\/08\/un-concorso-per-laureati-in-comune-di-belluno-domande-entro-il-23-settembre\/"},"wordCount":537,"publisher":{"@id":"https:\/\/www.bellunopress.it\/#organization"},"image":{"@id":"https:\/\/www.bellunopress.it\/2022\/08\/08\/un-concorso-per-laureati-in-comune-di-belluno-domande-entro-il-23-settembre\/#primaryimage"},"thumbnailUrl":"https:\/\/www.bellunopress.it\/wp-content\/uploads\/2020\/03\/palazzo-rosso-notte.jpg","articleSection":["Lavoro, Economia, Turismo","Prima Pagina"],"inLanguage":"fr-FR"},{"@type":"WebPage","@id":"https:\/\/www.bellunopress.it\/2022\/08\/08\/un-concorso-per-laureati-in-comune-di-belluno-domande-entro-il-23-settembre\/","url":"https:\/\/www.bellunopress.it\/2022\/08\/08\/un-concorso-per-laureati-in-comune-di-belluno-domande-entro-il-23-settembre\/","name":"Un concorso per laureati in Comune di Belluno. Domande entro il 23 settembre - Bellunopress - Dolomiti","isPartOf":{"@id":"https:\/\/www.bellunopress.it\/#website"},"primaryImageOfPage":{"@id":"https:\/\/www.bellunopress.it\/2022\/08\/08\/un-concorso-per-laureati-in-comune-di-belluno-domande-entro-il-23-settembre\/#primaryimage"},"image":{"@id":"https:\/\/www.bellunopress.it\/2022\/08\/08\/un-concorso-per-laureati-in-comune-di-belluno-domande-entro-il-23-settembre\/#primaryimage"},"thumbnailUrl":"https:\/\/www.bellunopress.it\/wp-content\/uploads\/2020\/03\/palazzo-rosso-notte.jpg","datePublished":"2022-08-08T15:10:03+00:00","breadcrumb":{"@id":"https:\/\/www.bellunopress.it\/2022\/08\/08\/un-concorso-per-laureati-in-comune-di-belluno-domande-entro-il-23-settembre\/#breadcrumb"},"inLanguage":"fr-FR","potentialAction":[{"@type":"ReadAction","target":["https:\/\/www.bellunopress.it\/2022\/08\/08\/un-concorso-per-laureati-in-comune-di-belluno-domande-entro-il-23-settembre\/"]}]},{"@type":"ImageObject","inLanguage":"fr-FR","@id":"https:\/\/www.bellunopress.it\/2022\/08\/08\/un-concorso-per-laureati-in-comune-di-belluno-domande-entro-il-23-settembre\/#primaryimage","url":"https:\/\/www.bellunopress.it\/wp-content\/uploads\/2020\/03\/palazzo-rosso-notte.jpg","contentUrl":"https:\/\/www.bellunopress.it\/wp-content\/uploads\/2020\/03\/palazzo-rosso-notte.jpg","width":900,"height":688,"caption":"Palazzo Rosso, sede dell'Amministrazione comunale di Belluno"},{"@type":"BreadcrumbList","@id":"https:\/\/www.bellunopress.it\/2022\/08\/08\/un-concorso-per-laureati-in-comune-di-belluno-domande-entro-il-23-settembre\/#breadcrumb","itemListElement":[{"@type":"ListItem","position":1,"name":"Home","item":"https:\/\/www.bellunopress.it\/"},{"@type":"ListItem","position":2,"name":"Un concorso per laureati in Comune di Belluno. Domande entro il 23 settembre"}]},{"@type":"WebSite","@id":"https:\/\/www.bellunopress.it\/#website","url":"https:\/\/www.bellunopress.it\/","name":"Bellunopress - Dolomiti","description":"e-mail: redazione@bellunopress.it","publisher":{"@id":"https:\/\/www.bellunopress.it\/#organization"},"potentialAction":[{"@type":"SearchAction","target":{"@type":"EntryPoint","urlTemplate":"https:\/\/www.bellunopress.it\/?s={search_term_string}"},"query-input":{"@type":"PropertyValueSpecification","valueRequired":true,"valueName":"search_term_string"}}],"inLanguage":"fr-FR"},{"@type":"Organization","@id":"https:\/\/www.bellunopress.it\/#organization","name":"Bellunopress","url":"https:\/\/www.bellunopress.it\/","logo":{"@type":"ImageObject","inLanguage":"fr-FR","@id":"https:\/\/www.bellunopress.it\/#\/schema\/logo\/image\/","url":"https:\/\/www.bellunopress.it\/wp-content\/uploads\/2011\/05\/cropped-logo-bellunopress-.jpg","contentUrl":"https:\/\/www.bellunopress.it\/wp-content\/uploads\/2011\/05\/cropped-logo-bellunopress-.jpg","width":512,"height":512,"caption":"Bellunopress"},"image":{"@id":"https:\/\/www.bellunopress.it\/#\/schema\/logo\/image\/"},"sameAs":["https:\/\/www.facebook.com\/profile.php?id=100008943462799","https:\/\/x.com\/bellunopress","https:\/\/www.linkedin.com\/hp\/?dnr=JBzUWaJfMUw8vbXJJ2tVW5-I3jZKvC4wsoxE&amp;amp;amp;amp;amp;amp;trk=nav_responsive_tab_home","https:\/\/www.youtube.com\/channel\/UCxL0wu1uN0_3_7hGG0306cw"]},{"@type":"Person","@id":"https:\/\/www.bellunopress.it\/#\/schema\/person\/79bb06722b37ece1c03d3e94beb30d73","name":"r\u00e9daction","image":{"@type":"ImageObject","inLanguage":"fr-FR","@id":"https:\/\/secure.gravatar.com\/avatar\/37d968a2e67a6fd04c169c4bdef102d0bc5d31b2546345219e348575eb80e9a0?s=96&d=mm&r=g","url":"https:\/\/secure.gravatar.com\/avatar\/37d968a2e67a6fd04c169c4bdef102d0bc5d31b2546345219e348575eb80e9a0?s=96&d=mm&r=g","contentUrl":"https:\/\/secure.gravatar.com\/avatar\/37d968a2e67a6fd04c169c4bdef102d0bc5d31b2546345219e348575eb80e9a0?s=96&d=mm&r=g","caption":"redazione"},"sameAs":["http:\/\/www.bellunopress.it","https:\/\/x.com\/bellunopress"],"url":"https:\/\/www.bellunopress.it\/fr\/author\/redazione\/"}]}},"_links":{"self":[{"href":"https:\/\/www.bellunopress.it\/fr\/wp-json\/wp\/v2\/posts\/135631","targetHints":{"allow":["GET"]}}],"collection":[{"href":"https:\/\/www.bellunopress.it\/fr\/wp-json\/wp\/v2\/posts"}],"about":[{"href":"https:\/\/www.bellunopress.it\/fr\/wp-json\/wp\/v2\/types\/post"}],"author":[{"embeddable":true,"href":"https:\/\/www.bellunopress.it\/fr\/wp-json\/wp\/v2\/users\/2"}],"replies":[{"embeddable":true,"href":"https:\/\/www.bellunopress.it\/fr\/wp-json\/wp\/v2\/comments?post=135631"}],"version-history":[{"count":1,"href":"https:\/\/www.bellunopress.it\/fr\/wp-json\/wp\/v2\/posts\/135631\/revisions"}],"predecessor-version":[{"id":135632,"href":"https:\/\/www.bellunopress.it\/fr\/wp-json\/wp\/v2\/posts\/135631\/revisions\/135632"}],"wp:featuredmedia":[{"embeddable":true,"href":"https:\/\/www.bellunopress.it\/fr\/wp-json\/wp\/v2\/media\/112706"}],"wp:attachment":[{"href":"https:\/\/www.bellunopress.it\/fr\/wp-json\/wp\/v2\/media?parent=135631"}],"wp:term":[{"taxonomy":"category","embeddable":true,"href":"https:\/\/www.bellunopress.it\/fr\/wp-json\/wp\/v2\/categories?post=135631"},{"taxonomy":"post_tag","embeddable":true,"href":"https:\/\/www.bellunopress.it\/fr\/wp-json\/wp\/v2\/tags?post=135631"}],"curies":[{"name":"wp","href":"https:\/\/api.w.org\/{rel}","templated":true}]}}