{"id":135570,"date":"2022-08-05T00:18:08","date_gmt":"2022-08-04T22:18:08","guid":{"rendered":"https:\/\/www.bellunopress.it\/?p=135570"},"modified":"2024-03-06T17:07:37","modified_gmt":"2024-03-06T16:07:37","slug":"le-anime-prave-e-il-grande-sonno-di-filiberto-dal-molin","status":"publish","type":"post","link":"https:\/\/www.bellunopress.it\/fr\/2022\/08\/05\/le-anime-prave-e-il-grande-sonno-di-filiberto-dal-molin\/","title":{"rendered":"Il grande sonno    * di Filiberto Dal Molin"},"content":{"rendered":"<figure id=\"attachment_135571\" aria-describedby=\"caption-attachment-135571\" style=\"width: 750px\" class=\"wp-caption alignleft\"><img loading=\"lazy\" decoding=\"async\" class=\"size-full wp-image-135571\" src=\"https:\/\/www.bellunopress.it\/wp-content\/uploads\/2022\/08\/Filiberto-Dal-Molin_edited.jpg\" alt=\"\" width=\"750\" height=\"1000\" srcset=\"https:\/\/www.bellunopress.it\/wp-content\/uploads\/2022\/08\/Filiberto-Dal-Molin_edited.jpg 750w, https:\/\/www.bellunopress.it\/wp-content\/uploads\/2022\/08\/Filiberto-Dal-Molin_edited-375x500.jpg 375w, https:\/\/www.bellunopress.it\/wp-content\/uploads\/2022\/08\/Filiberto-Dal-Molin_edited-696x928.jpg 696w, https:\/\/www.bellunopress.it\/wp-content\/uploads\/2022\/08\/Filiberto-Dal-Molin_edited-315x420.jpg 315w\" sizes=\"auto, (max-width: 750px) 100vw, 750px\" \/><figcaption id=\"caption-attachment-135571\" class=\"wp-caption-text\">Filiberto Dal Molin<\/figcaption><\/figure>\n<p>Siamo stati ghettizzati e insultati come \u201cno-vax\u201d, poich\u00e9 abbiamo evidenziato le incongruenze e le illegalit\u00e0 perpetrate per curare con i soli vaccini una viremia banale come una sindrome influenzale, consapevoli che molti farmaci usati da decenni, e di comprovata efficacia, erano sufficienti per stroncare la malattia con tre giorni di cure domiciliari.<br \/>\nSi sarebbero potuti evitare un numero incalcolabile di decessi. In questi anni ci \u00e8 mancata la voce della Legge. Ora non pi\u00f9, la Legge s\u2019\u00e8 desta.<br \/>\nil PM di Pordenone indaga contro lo Stato per lesioni colpose e omicidio colposo, art. 445 del Codice penale. Negli articoli, che si possono leggere facilmente in internet, sono elencate tutte le motivazioni che abbiamo elencato nel corso di questi 3 anni compreso il fatto, forse meno grave, che non si possono miscelare a volont\u00e0 i diversi vaccini come se servissero per un cocktail al bar, senza che vi siano adeguate documentazioni sperimentali. La legge si \u00e8 svegliata e ora attendiamo un po\u2019 d\u2019ordine e di legalit\u00e0, col rispetto per le persone e per le loro scelte, senza ricatti, in particolare quando si tratti di farmaci sperimentali<\/p>\n<p>In questa lettera ufficiale e certificata del 30 maggio 2022 ripropongo nuovamente il tema tipico della professione medica al Presidente e al Consiglio dell\u2019Ordine dei Medici di Belluno<\/p>\n<p>\u201cPresidente,<br \/>\nIn tema di vaccini sperimentali il mondo \u00e8 diviso in due. Io non penso che oggi un medico informato possa credere che le disposizioni emanate dal Ministro della Sanit\u00e0, laureato in scienze politiche (supportate da un governo retto da un esperto di finanza, giustificate da un Comitato Tecnico Scientifico consulente della Industria del Farmaco, diffuse da una TV di Stato addomesticata dal Pensiero Unico e dai Giornaloni che hanno rinunciato da tempo a svolgere la necessaria funzione di cani da guardia dei poteri) abbiano valore assoluto e indiscutibile. In particolare con vaccini sperimentali che hanno dimostrato un\u2019efficacia molto bassa e addirittura negativa, con complicanze mortali in percentuali gravissime, con cure domiciliari efficaci ma ostacolate in ogni modo dallo stesso ministro della Sanit\u00e0.<br \/>\nDai primi mesi del 2020 ad oggi si sono moltiplicate le esperienze cliniche e le pubblicazioni sulle maggiori riviste internazionali che dovrebbero indurre in ciascuno fondati dubbi sulla gestione della infezione da Covid -19 in Italia. I medici che eventualmente ritengano di doversi attenere esclusivamente e rigorosamente alle disposizioni del nostro Ministro nondimeno, in Scienza e Coscienza, nel loro esercizio professionale dovrebbero essere molto prudenti e tener conto che esistono esperienze cliniche opposte e documentate.<br \/>\nNon \u00e8 conveniente che quei medici attendano di modificare la loro condotta solo dopo che la gigantesca cappa di \u201cPost-Verit\u00e0\u201d creata dalla industria del farmaco si sia dissolta; proprio perch\u00e9 in quel giorno la pilotata credulit\u00e0 dei molti verr\u00e0 valutata pi\u00f9 stupida che criminale, mentre in ambito medico verr\u00e0 valutata pi\u00f9 criminale che stupida.<br \/>\nIn 54 anni di iscrizione all\u2019Ordine non ho mai saputo che il suo Presidente, nell\u2019esercizio delle sue funzioni, possa decidere che tutti i medici in attivit\u00e0 (indipendentemente da situazioni personali, precedenti clinici, stato di salute e convinzioni) debbano obbligatoriamente subire un vaccino sperimentale, pena la sospensione dall\u2019Ordine, e quindi dal lavoro.<br \/>\nL\u2019obbligo vaccinale, basato sul ricatto del lavoro e delle libert\u00e0 civili, \u00e8 un\u2019odiosa misura che non pu\u00f2 aver senso per un vaccino sperimentale; ma in questo caso confligge anche con le norme costituzionali italiane ed europee. Questo certo non mi pare Le interessi. Le faccio presente che Lei non \u00e8 un soldato che, come a Norimberga, possa addurre la scusante degli ordini superiori; Lei \u00e8 un dirigente medico che deve essere prudente, coltivare il dubbio e tenere conto di tutti gli elementi a disposizione. Non ha pensato di interpellare gli iscritti all\u2019Ordine o di costituire un Gruppo di Studio e pervicacemente mantiene le disposizioni (illecite) di un governo comprato dalla Industria del Farmaco. Non so se verr\u00e0 giudicato per questo. Lei comunque non mi rappresenta e io chiedo le Sue dimissioni.<\/p>\n<p>Dott. Filiberto Dal Molin \u201c<\/p>\n<p>Il nostro Governo ha potuto contare su un\u2019ampia gamma di fiancheggiatori: Comitati Tecnico Scientifici, medici di base, medici vaccinatori, presidenti di Ordini professionali, giornalisti, comici etc, un\u2019ampia schiera di anime prave che dovrebbero attendere, sulle sponde di Acheronte, il traghetto per l\u2019altra riva.<\/p>\n<p>&nbsp;<\/p>","protected":false},"excerpt":{"rendered":"<p>Siamo stati ghettizzati e insultati come \u201cno-vax\u201d, poich\u00e9 abbiamo evidenziato le incongruenze e le illegalit\u00e0 perpetrate per curare con i soli vaccini una viremia banale come una sindrome influenzale, consapevoli che molti farmaci usati da decenni, e di comprovata efficacia, erano sufficienti per stroncare la malattia con tre giorni di cure domiciliari. Si sarebbero potuti [&hellip;]<\/p>\n","protected":false},"author":2,"featured_media":135571,"comment_status":"closed","ping_status":"open","sticky":false,"template":"","format":"standard","meta":{"footnotes":""},"categories":[3368,3614,3446,1,17],"tags":[],"class_list":["post-135570","post","type-post","status-publish","format-standard","has-post-thumbnail","category-cahiers-de-doleances","category-controcorrente","category-featured","category-leo","category-sanita"],"yoast_head":"<!-- This site is optimized with the Yoast SEO plugin v28.4 - https:\/\/yoast.com\/product\/yoast-seo-wordpress\/ -->\n<title>Il grande sonno  * di Filiberto Dal Molin - Bellunopress - Dolomiti<\/title>\n<meta name=\"robots\" content=\"index, follow, max-snippet:-1, max-image-preview:large, max-video-preview:-1\" \/>\n<link rel=\"canonical\" href=\"https:\/\/www.bellunopress.it\/fr\/2022\/08\/05\/le-anime-prave-e-il-grande-sonno-di-filiberto-dal-molin\/\" \/>\n<meta property=\"og:locale\" content=\"fr_FR\" \/>\n<meta property=\"og:type\" content=\"article\" \/>\n<meta property=\"og:title\" content=\"Il grande sonno  * di Filiberto Dal Molin - Bellunopress - Dolomiti\" \/>\n<meta property=\"og:description\" content=\"Siamo stati ghettizzati e insultati come \u201cno-vax\u201d, poich\u00e9 abbiamo evidenziato le incongruenze e le illegalit\u00e0 perpetrate per curare con i soli vaccini una viremia banale come una sindrome influenzale, consapevoli che molti farmaci usati da decenni, e di comprovata efficacia, erano sufficienti per stroncare la malattia con tre giorni di cure domiciliari. Si sarebbero potuti [&hellip;]\" \/>\n<meta property=\"og:url\" content=\"https:\/\/www.bellunopress.it\/fr\/2022\/08\/05\/le-anime-prave-e-il-grande-sonno-di-filiberto-dal-molin\/\" \/>\n<meta property=\"og:site_name\" content=\"Bellunopress - Dolomiti\" \/>\n<meta property=\"article:publisher\" content=\"https:\/\/www.facebook.com\/profile.php?id=100008943462799\" \/>\n<meta property=\"article:published_time\" content=\"2022-08-04T22:18:08+00:00\" \/>\n<meta property=\"article:modified_time\" content=\"2024-03-06T16:07:37+00:00\" \/>\n<meta property=\"og:image\" content=\"https:\/\/www.bellunopress.it\/wp-content\/uploads\/2022\/08\/Filiberto-Dal-Molin_edited.jpg\" \/>\n\t<meta property=\"og:image:width\" content=\"750\" \/>\n\t<meta property=\"og:image:height\" content=\"1000\" \/>\n\t<meta property=\"og:image:type\" content=\"image\/jpeg\" \/>\n<meta name=\"author\" content=\"redazione\" \/>\n<meta name=\"twitter:card\" content=\"summary_large_image\" \/>\n<meta name=\"twitter:creator\" content=\"@bellunopress\" \/>\n<meta name=\"twitter:site\" content=\"@bellunopress\" \/>\n<meta name=\"twitter:label1\" content=\"\u00c9crit par\" \/>\n\t<meta name=\"twitter:data1\" content=\"redazione\" \/>\n\t<meta name=\"twitter:label2\" content=\"Dur\u00e9e de lecture estim\u00e9e\" \/>\n\t<meta name=\"twitter:data2\" content=\"4 minutes\" \/>\n<script type=\"application\/ld+json\" class=\"yoast-schema-graph\">{\"@context\":\"https:\\\/\\\/schema.org\",\"@graph\":[{\"@type\":\"Article\",\"@id\":\"https:\\\/\\\/www.bellunopress.it\\\/2022\\\/08\\\/05\\\/le-anime-prave-e-il-grande-sonno-di-filiberto-dal-molin\\\/#article\",\"isPartOf\":{\"@id\":\"https:\\\/\\\/www.bellunopress.it\\\/2022\\\/08\\\/05\\\/le-anime-prave-e-il-grande-sonno-di-filiberto-dal-molin\\\/\"},\"author\":{\"name\":\"redazione\",\"@id\":\"https:\\\/\\\/www.bellunopress.it\\\/#\\\/schema\\\/person\\\/79bb06722b37ece1c03d3e94beb30d73\"},\"headline\":\"Il grande sonno * di Filiberto Dal Molin\",\"datePublished\":\"2022-08-04T22:18:08+00:00\",\"dateModified\":\"2024-03-06T16:07:37+00:00\",\"mainEntityOfPage\":{\"@id\":\"https:\\\/\\\/www.bellunopress.it\\\/2022\\\/08\\\/05\\\/le-anime-prave-e-il-grande-sonno-di-filiberto-dal-molin\\\/\"},\"wordCount\":711,\"publisher\":{\"@id\":\"https:\\\/\\\/www.bellunopress.it\\\/#organization\"},\"image\":{\"@id\":\"https:\\\/\\\/www.bellunopress.it\\\/2022\\\/08\\\/05\\\/le-anime-prave-e-il-grande-sonno-di-filiberto-dal-molin\\\/#primaryimage\"},\"thumbnailUrl\":\"https:\\\/\\\/www.bellunopress.it\\\/wp-content\\\/uploads\\\/2022\\\/08\\\/Filiberto-Dal-Molin_edited.jpg\",\"articleSection\":[\"Cahiers de dol\u00e9ances\",\"Controcorrente Dr Filiberto Dal Molin\",\"Featured\",\"Lettere Opinioni\",\"Sanit\u00e0 Medicina\"],\"inLanguage\":\"fr-FR\"},{\"@type\":\"WebPage\",\"@id\":\"https:\\\/\\\/www.bellunopress.it\\\/2022\\\/08\\\/05\\\/le-anime-prave-e-il-grande-sonno-di-filiberto-dal-molin\\\/\",\"url\":\"https:\\\/\\\/www.bellunopress.it\\\/2022\\\/08\\\/05\\\/le-anime-prave-e-il-grande-sonno-di-filiberto-dal-molin\\\/\",\"name\":\"Il grande sonno * di Filiberto Dal Molin - Bellunopress - Dolomiti\",\"isPartOf\":{\"@id\":\"https:\\\/\\\/www.bellunopress.it\\\/#website\"},\"primaryImageOfPage\":{\"@id\":\"https:\\\/\\\/www.bellunopress.it\\\/2022\\\/08\\\/05\\\/le-anime-prave-e-il-grande-sonno-di-filiberto-dal-molin\\\/#primaryimage\"},\"image\":{\"@id\":\"https:\\\/\\\/www.bellunopress.it\\\/2022\\\/08\\\/05\\\/le-anime-prave-e-il-grande-sonno-di-filiberto-dal-molin\\\/#primaryimage\"},\"thumbnailUrl\":\"https:\\\/\\\/www.bellunopress.it\\\/wp-content\\\/uploads\\\/2022\\\/08\\\/Filiberto-Dal-Molin_edited.jpg\",\"datePublished\":\"2022-08-04T22:18:08+00:00\",\"dateModified\":\"2024-03-06T16:07:37+00:00\",\"breadcrumb\":{\"@id\":\"https:\\\/\\\/www.bellunopress.it\\\/2022\\\/08\\\/05\\\/le-anime-prave-e-il-grande-sonno-di-filiberto-dal-molin\\\/#breadcrumb\"},\"inLanguage\":\"fr-FR\",\"potentialAction\":[{\"@type\":\"ReadAction\",\"target\":[\"https:\\\/\\\/www.bellunopress.it\\\/2022\\\/08\\\/05\\\/le-anime-prave-e-il-grande-sonno-di-filiberto-dal-molin\\\/\"]}]},{\"@type\":\"ImageObject\",\"inLanguage\":\"fr-FR\",\"@id\":\"https:\\\/\\\/www.bellunopress.it\\\/2022\\\/08\\\/05\\\/le-anime-prave-e-il-grande-sonno-di-filiberto-dal-molin\\\/#primaryimage\",\"url\":\"https:\\\/\\\/www.bellunopress.it\\\/wp-content\\\/uploads\\\/2022\\\/08\\\/Filiberto-Dal-Molin_edited.jpg\",\"contentUrl\":\"https:\\\/\\\/www.bellunopress.it\\\/wp-content\\\/uploads\\\/2022\\\/08\\\/Filiberto-Dal-Molin_edited.jpg\",\"width\":750,\"height\":1000,\"caption\":\"Filiberto Dal Molin - medico chirurgo specializzato in Radiologia, direttore sanitario della Salus, Istituto radiologico e fisiokinesiterapico con sede a Belluno.\"},{\"@type\":\"BreadcrumbList\",\"@id\":\"https:\\\/\\\/www.bellunopress.it\\\/2022\\\/08\\\/05\\\/le-anime-prave-e-il-grande-sonno-di-filiberto-dal-molin\\\/#breadcrumb\",\"itemListElement\":[{\"@type\":\"ListItem\",\"position\":1,\"name\":\"Home\",\"item\":\"https:\\\/\\\/www.bellunopress.it\\\/\"},{\"@type\":\"ListItem\",\"position\":2,\"name\":\"Il grande sonno * di Filiberto Dal Molin\"}]},{\"@type\":\"WebSite\",\"@id\":\"https:\\\/\\\/www.bellunopress.it\\\/#website\",\"url\":\"https:\\\/\\\/www.bellunopress.it\\\/\",\"name\":\"Bellunopress - Dolomiti\",\"description\":\"e-mail: redazione@bellunopress.it\",\"publisher\":{\"@id\":\"https:\\\/\\\/www.bellunopress.it\\\/#organization\"},\"potentialAction\":[{\"@type\":\"SearchAction\",\"target\":{\"@type\":\"EntryPoint\",\"urlTemplate\":\"https:\\\/\\\/www.bellunopress.it\\\/?s={search_term_string}\"},\"query-input\":{\"@type\":\"PropertyValueSpecification\",\"valueRequired\":true,\"valueName\":\"search_term_string\"}}],\"inLanguage\":\"fr-FR\"},{\"@type\":\"Organization\",\"@id\":\"https:\\\/\\\/www.bellunopress.it\\\/#organization\",\"name\":\"Bellunopress\",\"url\":\"https:\\\/\\\/www.bellunopress.it\\\/\",\"logo\":{\"@type\":\"ImageObject\",\"inLanguage\":\"fr-FR\",\"@id\":\"https:\\\/\\\/www.bellunopress.it\\\/#\\\/schema\\\/logo\\\/image\\\/\",\"url\":\"https:\\\/\\\/www.bellunopress.it\\\/wp-content\\\/uploads\\\/2011\\\/05\\\/cropped-logo-bellunopress-.jpg\",\"contentUrl\":\"https:\\\/\\\/www.bellunopress.it\\\/wp-content\\\/uploads\\\/2011\\\/05\\\/cropped-logo-bellunopress-.jpg\",\"width\":512,\"height\":512,\"caption\":\"Bellunopress\"},\"image\":{\"@id\":\"https:\\\/\\\/www.bellunopress.it\\\/#\\\/schema\\\/logo\\\/image\\\/\"},\"sameAs\":[\"https:\\\/\\\/www.facebook.com\\\/profile.php?id=100008943462799\",\"https:\\\/\\\/x.com\\\/bellunopress\",\"https:\\\/\\\/www.linkedin.com\\\/hp\\\/?dnr=JBzUWaJfMUw8vbXJJ2tVW5-I3jZKvC4wsoxE&amp;amp;amp;amp;amp;amp;trk=nav_responsive_tab_home\",\"https:\\\/\\\/www.youtube.com\\\/channel\\\/UCxL0wu1uN0_3_7hGG0306cw\"]},{\"@type\":\"Person\",\"@id\":\"https:\\\/\\\/www.bellunopress.it\\\/#\\\/schema\\\/person\\\/79bb06722b37ece1c03d3e94beb30d73\",\"name\":\"redazione\",\"image\":{\"@type\":\"ImageObject\",\"inLanguage\":\"fr-FR\",\"@id\":\"https:\\\/\\\/secure.gravatar.com\\\/avatar\\\/37d968a2e67a6fd04c169c4bdef102d0bc5d31b2546345219e348575eb80e9a0?s=96&d=mm&r=g\",\"url\":\"https:\\\/\\\/secure.gravatar.com\\\/avatar\\\/37d968a2e67a6fd04c169c4bdef102d0bc5d31b2546345219e348575eb80e9a0?s=96&d=mm&r=g\",\"contentUrl\":\"https:\\\/\\\/secure.gravatar.com\\\/avatar\\\/37d968a2e67a6fd04c169c4bdef102d0bc5d31b2546345219e348575eb80e9a0?s=96&d=mm&r=g\",\"caption\":\"redazione\"},\"sameAs\":[\"http:\\\/\\\/www.bellunopress.it\",\"https:\\\/\\\/x.com\\\/bellunopress\"],\"url\":\"https:\\\/\\\/www.bellunopress.it\\\/fr\\\/author\\\/redazione\\\/\"}]}<\/script>\n<!-- \/ Yoast SEO plugin. -->","yoast_head_json":{"title":"Il grande sonno  * di Filiberto Dal Molin - Bellunopress - Dolomiti","robots":{"index":"index","follow":"follow","max-snippet":"max-snippet:-1","max-image-preview":"max-image-preview:large","max-video-preview":"max-video-preview:-1"},"canonical":"https:\/\/www.bellunopress.it\/fr\/2022\/08\/05\/le-anime-prave-e-il-grande-sonno-di-filiberto-dal-molin\/","og_locale":"fr_FR","og_type":"article","og_title":"Il grande sonno  * di Filiberto Dal Molin - Bellunopress - Dolomiti","og_description":"Siamo stati ghettizzati e insultati come \u201cno-vax\u201d, poich\u00e9 abbiamo evidenziato le incongruenze e le illegalit\u00e0 perpetrate per curare con i soli vaccini una viremia banale come una sindrome influenzale, consapevoli che molti farmaci usati da decenni, e di comprovata efficacia, erano sufficienti per stroncare la malattia con tre giorni di cure domiciliari. Si sarebbero potuti [&hellip;]","og_url":"https:\/\/www.bellunopress.it\/fr\/2022\/08\/05\/le-anime-prave-e-il-grande-sonno-di-filiberto-dal-molin\/","og_site_name":"Bellunopress - Dolomiti","article_publisher":"https:\/\/www.facebook.com\/profile.php?id=100008943462799","article_published_time":"2022-08-04T22:18:08+00:00","article_modified_time":"2024-03-06T16:07:37+00:00","og_image":[{"width":750,"height":1000,"url":"https:\/\/www.bellunopress.it\/wp-content\/uploads\/2022\/08\/Filiberto-Dal-Molin_edited.jpg","type":"image\/jpeg"}],"author":"redazione","twitter_card":"summary_large_image","twitter_creator":"@bellunopress","twitter_site":"@bellunopress","twitter_misc":{"\u00c9crit par":"redazione","Dur\u00e9e de lecture estim\u00e9e":"4 minutes"},"schema":{"@context":"https:\/\/schema.org","@graph":[{"@type":"Article","@id":"https:\/\/www.bellunopress.it\/2022\/08\/05\/le-anime-prave-e-il-grande-sonno-di-filiberto-dal-molin\/#article","isPartOf":{"@id":"https:\/\/www.bellunopress.it\/2022\/08\/05\/le-anime-prave-e-il-grande-sonno-di-filiberto-dal-molin\/"},"author":{"name":"redazione","@id":"https:\/\/www.bellunopress.it\/#\/schema\/person\/79bb06722b37ece1c03d3e94beb30d73"},"headline":"Il grande sonno * di Filiberto Dal Molin","datePublished":"2022-08-04T22:18:08+00:00","dateModified":"2024-03-06T16:07:37+00:00","mainEntityOfPage":{"@id":"https:\/\/www.bellunopress.it\/2022\/08\/05\/le-anime-prave-e-il-grande-sonno-di-filiberto-dal-molin\/"},"wordCount":711,"publisher":{"@id":"https:\/\/www.bellunopress.it\/#organization"},"image":{"@id":"https:\/\/www.bellunopress.it\/2022\/08\/05\/le-anime-prave-e-il-grande-sonno-di-filiberto-dal-molin\/#primaryimage"},"thumbnailUrl":"https:\/\/www.bellunopress.it\/wp-content\/uploads\/2022\/08\/Filiberto-Dal-Molin_edited.jpg","articleSection":["Cahiers de dol\u00e9ances","Controcorrente Dr Filiberto Dal Molin","Featured","Lettere Opinioni","Sanit\u00e0 Medicina"],"inLanguage":"fr-FR"},{"@type":"WebPage","@id":"https:\/\/www.bellunopress.it\/2022\/08\/05\/le-anime-prave-e-il-grande-sonno-di-filiberto-dal-molin\/","url":"https:\/\/www.bellunopress.it\/2022\/08\/05\/le-anime-prave-e-il-grande-sonno-di-filiberto-dal-molin\/","name":"Il grande sonno * di Filiberto Dal Molin - Bellunopress - Dolomiti","isPartOf":{"@id":"https:\/\/www.bellunopress.it\/#website"},"primaryImageOfPage":{"@id":"https:\/\/www.bellunopress.it\/2022\/08\/05\/le-anime-prave-e-il-grande-sonno-di-filiberto-dal-molin\/#primaryimage"},"image":{"@id":"https:\/\/www.bellunopress.it\/2022\/08\/05\/le-anime-prave-e-il-grande-sonno-di-filiberto-dal-molin\/#primaryimage"},"thumbnailUrl":"https:\/\/www.bellunopress.it\/wp-content\/uploads\/2022\/08\/Filiberto-Dal-Molin_edited.jpg","datePublished":"2022-08-04T22:18:08+00:00","dateModified":"2024-03-06T16:07:37+00:00","breadcrumb":{"@id":"https:\/\/www.bellunopress.it\/2022\/08\/05\/le-anime-prave-e-il-grande-sonno-di-filiberto-dal-molin\/#breadcrumb"},"inLanguage":"fr-FR","potentialAction":[{"@type":"ReadAction","target":["https:\/\/www.bellunopress.it\/2022\/08\/05\/le-anime-prave-e-il-grande-sonno-di-filiberto-dal-molin\/"]}]},{"@type":"ImageObject","inLanguage":"fr-FR","@id":"https:\/\/www.bellunopress.it\/2022\/08\/05\/le-anime-prave-e-il-grande-sonno-di-filiberto-dal-molin\/#primaryimage","url":"https:\/\/www.bellunopress.it\/wp-content\/uploads\/2022\/08\/Filiberto-Dal-Molin_edited.jpg","contentUrl":"https:\/\/www.bellunopress.it\/wp-content\/uploads\/2022\/08\/Filiberto-Dal-Molin_edited.jpg","width":750,"height":1000,"caption":"Filiberto Dal Molin - medico chirurgo specializzato in Radiologia, direttore sanitario della Salus, Istituto radiologico e fisiokinesiterapico con sede a Belluno."},{"@type":"BreadcrumbList","@id":"https:\/\/www.bellunopress.it\/2022\/08\/05\/le-anime-prave-e-il-grande-sonno-di-filiberto-dal-molin\/#breadcrumb","itemListElement":[{"@type":"ListItem","position":1,"name":"Home","item":"https:\/\/www.bellunopress.it\/"},{"@type":"ListItem","position":2,"name":"Il grande sonno * di Filiberto Dal Molin"}]},{"@type":"WebSite","@id":"https:\/\/www.bellunopress.it\/#website","url":"https:\/\/www.bellunopress.it\/","name":"Bellunopress - Dolomiti","description":"e-mail: redazione@bellunopress.it","publisher":{"@id":"https:\/\/www.bellunopress.it\/#organization"},"potentialAction":[{"@type":"SearchAction","target":{"@type":"EntryPoint","urlTemplate":"https:\/\/www.bellunopress.it\/?s={search_term_string}"},"query-input":{"@type":"PropertyValueSpecification","valueRequired":true,"valueName":"search_term_string"}}],"inLanguage":"fr-FR"},{"@type":"Organization","@id":"https:\/\/www.bellunopress.it\/#organization","name":"Bellunopress","url":"https:\/\/www.bellunopress.it\/","logo":{"@type":"ImageObject","inLanguage":"fr-FR","@id":"https:\/\/www.bellunopress.it\/#\/schema\/logo\/image\/","url":"https:\/\/www.bellunopress.it\/wp-content\/uploads\/2011\/05\/cropped-logo-bellunopress-.jpg","contentUrl":"https:\/\/www.bellunopress.it\/wp-content\/uploads\/2011\/05\/cropped-logo-bellunopress-.jpg","width":512,"height":512,"caption":"Bellunopress"},"image":{"@id":"https:\/\/www.bellunopress.it\/#\/schema\/logo\/image\/"},"sameAs":["https:\/\/www.facebook.com\/profile.php?id=100008943462799","https:\/\/x.com\/bellunopress","https:\/\/www.linkedin.com\/hp\/?dnr=JBzUWaJfMUw8vbXJJ2tVW5-I3jZKvC4wsoxE&amp;amp;amp;amp;amp;amp;trk=nav_responsive_tab_home","https:\/\/www.youtube.com\/channel\/UCxL0wu1uN0_3_7hGG0306cw"]},{"@type":"Person","@id":"https:\/\/www.bellunopress.it\/#\/schema\/person\/79bb06722b37ece1c03d3e94beb30d73","name":"r\u00e9daction","image":{"@type":"ImageObject","inLanguage":"fr-FR","@id":"https:\/\/secure.gravatar.com\/avatar\/37d968a2e67a6fd04c169c4bdef102d0bc5d31b2546345219e348575eb80e9a0?s=96&d=mm&r=g","url":"https:\/\/secure.gravatar.com\/avatar\/37d968a2e67a6fd04c169c4bdef102d0bc5d31b2546345219e348575eb80e9a0?s=96&d=mm&r=g","contentUrl":"https:\/\/secure.gravatar.com\/avatar\/37d968a2e67a6fd04c169c4bdef102d0bc5d31b2546345219e348575eb80e9a0?s=96&d=mm&r=g","caption":"redazione"},"sameAs":["http:\/\/www.bellunopress.it","https:\/\/x.com\/bellunopress"],"url":"https:\/\/www.bellunopress.it\/fr\/author\/redazione\/"}]}},"_links":{"self":[{"href":"https:\/\/www.bellunopress.it\/fr\/wp-json\/wp\/v2\/posts\/135570","targetHints":{"allow":["GET"]}}],"collection":[{"href":"https:\/\/www.bellunopress.it\/fr\/wp-json\/wp\/v2\/posts"}],"about":[{"href":"https:\/\/www.bellunopress.it\/fr\/wp-json\/wp\/v2\/types\/post"}],"author":[{"embeddable":true,"href":"https:\/\/www.bellunopress.it\/fr\/wp-json\/wp\/v2\/users\/2"}],"replies":[{"embeddable":true,"href":"https:\/\/www.bellunopress.it\/fr\/wp-json\/wp\/v2\/comments?post=135570"}],"version-history":[{"count":2,"href":"https:\/\/www.bellunopress.it\/fr\/wp-json\/wp\/v2\/posts\/135570\/revisions"}],"predecessor-version":[{"id":135574,"href":"https:\/\/www.bellunopress.it\/fr\/wp-json\/wp\/v2\/posts\/135570\/revisions\/135574"}],"wp:featuredmedia":[{"embeddable":true,"href":"https:\/\/www.bellunopress.it\/fr\/wp-json\/wp\/v2\/media\/135571"}],"wp:attachment":[{"href":"https:\/\/www.bellunopress.it\/fr\/wp-json\/wp\/v2\/media?parent=135570"}],"wp:term":[{"taxonomy":"category","embeddable":true,"href":"https:\/\/www.bellunopress.it\/fr\/wp-json\/wp\/v2\/categories?post=135570"},{"taxonomy":"post_tag","embeddable":true,"href":"https:\/\/www.bellunopress.it\/fr\/wp-json\/wp\/v2\/tags?post=135570"}],"curies":[{"name":"wp","href":"https:\/\/api.w.org\/{rel}","templated":true}]}}