{"id":135568,"date":"2022-08-04T16:25:54","date_gmt":"2022-08-04T14:25:54","guid":{"rendered":"https:\/\/www.bellunopress.it\/?p=135568"},"modified":"2022-08-04T20:29:43","modified_gmt":"2022-08-04T18:29:43","slug":"numerosi-interventi-di-soccorso-sulle-montagne-bellunesi","status":"publish","type":"post","link":"https:\/\/www.bellunopress.it\/fr\/2022\/08\/04\/numerosi-interventi-di-soccorso-sulle-montagne-bellunesi\/","title":{"rendered":"Numerosi interventi di soccorso sulle montagne bellunesi"},"content":{"rendered":"<p><img loading=\"lazy\" decoding=\"async\" class=\"alignleft size-full wp-image-127673\" src=\"https:\/\/www.bellunopress.it\/wp-content\/uploads\/2021\/09\/soccorso-alpino_edited.jpg\" alt=\"\" width=\"600\" height=\"800\" srcset=\"https:\/\/www.bellunopress.it\/wp-content\/uploads\/2021\/09\/soccorso-alpino_edited.jpg 600w, https:\/\/www.bellunopress.it\/wp-content\/uploads\/2021\/09\/soccorso-alpino_edited-375x500.jpg 375w, https:\/\/www.bellunopress.it\/wp-content\/uploads\/2021\/09\/soccorso-alpino_edited-315x420.jpg 315w\" sizes=\"auto, (max-width: 600px) 100vw, 600px\" \/>Belluno, 04 &#8211; 08 &#8211; 22 &#8211; Questa mattina verso le 9.15 la Centrale del Suem \u00e8 stata allertata per una bambina morsa da una vipera, mentre con la famiglia percorreva il sentiero numero 215 verso il Rifugio Vandelli. Raggiunta dal personale medico e dal tecnico di elisoccorso dell&#8217;elicottero di Dolomiti Emergency sbarcati con un verricello di 40 metri, la bimba francese di 3 anni \u00e8 stata valutata per quella che in realt\u00e0 poteva essere la puntura di un insetto, che le aveva fatto gonfiare una manina. Assieme ai soccorritori e alla madre la bimba si \u00e8 spostata in un punto agevole per l&#8217;imbarco, avvenuto in hovering, ed \u00e8 stata trasportata all&#8217;ospedale di Belluno.<\/p>\n<p>L&#8217;eliambulanza \u00e8 poi volta in Moiazza sulla Pala delle Masenade, dove scalando la Via Costantini &#8211; De Nardin un alpinista era volato sul primo tiro, riportando un sospetto trauma al polso ed escoriazioni. Calato alla base della parete dai compagni, A.B., 56 anni, di Milano, \u00e8 stato recuperato dal tecnico di elisoccorso con un verricello di 40 metri e accompagnato all&#8217;ospedale di Agordo. Verso le 12.30 l&#8217;elicottero di Fiames \u00e8 stato inviato al Rifugio Pian de Fontana per una turista tedesca di 58 anni che era caduta, facendosi male a una mano. La donna \u00e8 stata caricata a bordo e portata all&#8217;ospedale di Agordo.<\/p>\n<p>Passate le 15.30 l&#8217;eliambulanza \u00e8 intervenuta nella parte alta delle Gallerie del Lagazuoi, dove un&#8217;escursionista 45enne di San Don\u00e0 di Piave (VE), aveva accusato un malore. La donna, che era sdraiata su un terrazzino esterno assistita dal compagno, \u00e8 stata presa in carico dal personale medico che ne ha subito controllato le condizioni. Imbarellata, \u00e8 stata imbarcata con un verricello e trasportata all&#8217;ospedale di Belluno per le opportune valutazioni.<\/p>\n<p>Verso le 16.20 l&#8217;elicottero del Suem di Pieve di Cadore \u00e8 decollato in direzione della Cengia Gabriella per un&#8217;escursionista colta da malore, circa a met\u00e0 del percorso attrezzato che dal Rifugio Berti porta al Comici. La donna, 49 anni, di Bertinoro (FC), che si era ripresa, ma non era pi\u00f9 in grado di proseguire, \u00e8 stata recuperata dal tecnico di elisoccorso, calato con un verricello di 60 metri, e trasportata per accertamenti all&#8217;ospedale di Belluno.<\/p>\n<p>A seguito dell&#8217;allarme al 118 scattato attorno alle 10, l&#8217;elicottero del Suem di Pieve di Cadore \u00e8 intervenuto sulla Ferrata Strobel alla Punta Fiames, dove un&#8217;escursionista polacca di 36 anni aveva riportato una sospetta distorsione alla caviglia. La donna, che si trovava con 3 compagni un centinaio di metri sopra l&#8217;attacco, \u00e8 stata issata a bordo dal tecnico di elisoccorso con un verricello di 50 metri, per essere trasportata all&#8217;ospedale di Cortina. Una squadra del Soccorso alpino della Val Pettorina ha invece raggiunto con un proprio mezzo una 53enne di Mogliano Veneto (TV), che si era fatta male a un ginocchio nei pressi di Malga Ombretta. L&#8217;infortunata, che era con il marito e gli amici, \u00e8 stata accompagnata alla macchina a Malga Ciapela, dove ha atteso i compagni per recarsi autonomamente al pronto soccorso.<\/p>","protected":false},"excerpt":{"rendered":"<p>Belluno, 04 &#8211; 08 &#8211; 22 &#8211; Questa mattina verso le 9.15 la Centrale del Suem \u00e8 stata allertata per una bambina morsa da una vipera, mentre con la famiglia percorreva il sentiero numero 215 verso il Rifugio Vandelli. Raggiunta dal personale medico e dal tecnico di elisoccorso dell&#8217;elicottero di Dolomiti Emergency sbarcati con un [&hellip;]<\/p>\n","protected":false},"author":2,"featured_media":127673,"comment_status":"closed","ping_status":"open","sticky":false,"template":"","format":"standard","meta":{"footnotes":""},"categories":[5],"tags":[],"class_list":["post-135568","post","type-post","status-publish","format-standard","has-post-thumbnail","category-cronaca"],"yoast_head":"<!-- This site is optimized with the Yoast SEO plugin v28.4 - https:\/\/yoast.com\/product\/yoast-seo-wordpress\/ -->\n<title>Numerosi interventi di soccorso sulle montagne bellunesi - Bellunopress - Dolomiti<\/title>\n<meta name=\"robots\" content=\"index, follow, max-snippet:-1, max-image-preview:large, max-video-preview:-1\" \/>\n<link rel=\"canonical\" href=\"https:\/\/www.bellunopress.it\/fr\/2022\/08\/04\/numerosi-interventi-di-soccorso-sulle-montagne-bellunesi\/\" \/>\n<meta property=\"og:locale\" content=\"fr_FR\" \/>\n<meta property=\"og:type\" content=\"article\" \/>\n<meta property=\"og:title\" content=\"Numerosi interventi di soccorso sulle montagne bellunesi - Bellunopress - Dolomiti\" \/>\n<meta property=\"og:description\" content=\"Belluno, 04 &#8211; 08 &#8211; 22 &#8211; Questa mattina verso le 9.15 la Centrale del Suem \u00e8 stata allertata per una bambina morsa da una vipera, mentre con la famiglia percorreva il sentiero numero 215 verso il Rifugio Vandelli. Raggiunta dal personale medico e dal tecnico di elisoccorso dell&#8217;elicottero di Dolomiti Emergency sbarcati con un [&hellip;]\" \/>\n<meta property=\"og:url\" content=\"https:\/\/www.bellunopress.it\/fr\/2022\/08\/04\/numerosi-interventi-di-soccorso-sulle-montagne-bellunesi\/\" \/>\n<meta property=\"og:site_name\" content=\"Bellunopress - Dolomiti\" \/>\n<meta property=\"article:publisher\" content=\"https:\/\/www.facebook.com\/profile.php?id=100008943462799\" \/>\n<meta property=\"article:published_time\" content=\"2022-08-04T14:25:54+00:00\" \/>\n<meta property=\"article:modified_time\" content=\"2022-08-04T18:29:43+00:00\" \/>\n<meta property=\"og:image\" content=\"https:\/\/www.bellunopress.it\/wp-content\/uploads\/2021\/09\/soccorso-alpino_edited.jpg\" \/>\n\t<meta property=\"og:image:width\" content=\"600\" \/>\n\t<meta property=\"og:image:height\" content=\"800\" \/>\n\t<meta property=\"og:image:type\" content=\"image\/jpeg\" \/>\n<meta name=\"author\" content=\"redazione\" \/>\n<meta name=\"twitter:card\" content=\"summary_large_image\" \/>\n<meta name=\"twitter:creator\" content=\"@bellunopress\" \/>\n<meta name=\"twitter:site\" content=\"@bellunopress\" \/>\n<meta name=\"twitter:label1\" content=\"\u00c9crit par\" \/>\n\t<meta name=\"twitter:data1\" content=\"redazione\" \/>\n\t<meta name=\"twitter:label2\" content=\"Dur\u00e9e de lecture estim\u00e9e\" \/>\n\t<meta name=\"twitter:data2\" content=\"3 minutes\" \/>\n<script type=\"application\/ld+json\" class=\"yoast-schema-graph\">{\"@context\":\"https:\\\/\\\/schema.org\",\"@graph\":[{\"@type\":\"Article\",\"@id\":\"https:\\\/\\\/www.bellunopress.it\\\/2022\\\/08\\\/04\\\/numerosi-interventi-di-soccorso-sulle-montagne-bellunesi\\\/#article\",\"isPartOf\":{\"@id\":\"https:\\\/\\\/www.bellunopress.it\\\/2022\\\/08\\\/04\\\/numerosi-interventi-di-soccorso-sulle-montagne-bellunesi\\\/\"},\"author\":{\"name\":\"redazione\",\"@id\":\"https:\\\/\\\/www.bellunopress.it\\\/#\\\/schema\\\/person\\\/79bb06722b37ece1c03d3e94beb30d73\"},\"headline\":\"Numerosi interventi di soccorso sulle montagne bellunesi\",\"datePublished\":\"2022-08-04T14:25:54+00:00\",\"dateModified\":\"2022-08-04T18:29:43+00:00\",\"mainEntityOfPage\":{\"@id\":\"https:\\\/\\\/www.bellunopress.it\\\/2022\\\/08\\\/04\\\/numerosi-interventi-di-soccorso-sulle-montagne-bellunesi\\\/\"},\"wordCount\":487,\"publisher\":{\"@id\":\"https:\\\/\\\/www.bellunopress.it\\\/#organization\"},\"image\":{\"@id\":\"https:\\\/\\\/www.bellunopress.it\\\/2022\\\/08\\\/04\\\/numerosi-interventi-di-soccorso-sulle-montagne-bellunesi\\\/#primaryimage\"},\"thumbnailUrl\":\"https:\\\/\\\/www.bellunopress.it\\\/wp-content\\\/uploads\\\/2021\\\/09\\\/soccorso-alpino_edited.jpg\",\"articleSection\":[\"Cronaca\\\/Politica\"],\"inLanguage\":\"fr-FR\"},{\"@type\":\"WebPage\",\"@id\":\"https:\\\/\\\/www.bellunopress.it\\\/2022\\\/08\\\/04\\\/numerosi-interventi-di-soccorso-sulle-montagne-bellunesi\\\/\",\"url\":\"https:\\\/\\\/www.bellunopress.it\\\/2022\\\/08\\\/04\\\/numerosi-interventi-di-soccorso-sulle-montagne-bellunesi\\\/\",\"name\":\"Numerosi interventi di soccorso sulle montagne bellunesi - Bellunopress - Dolomiti\",\"isPartOf\":{\"@id\":\"https:\\\/\\\/www.bellunopress.it\\\/#website\"},\"primaryImageOfPage\":{\"@id\":\"https:\\\/\\\/www.bellunopress.it\\\/2022\\\/08\\\/04\\\/numerosi-interventi-di-soccorso-sulle-montagne-bellunesi\\\/#primaryimage\"},\"image\":{\"@id\":\"https:\\\/\\\/www.bellunopress.it\\\/2022\\\/08\\\/04\\\/numerosi-interventi-di-soccorso-sulle-montagne-bellunesi\\\/#primaryimage\"},\"thumbnailUrl\":\"https:\\\/\\\/www.bellunopress.it\\\/wp-content\\\/uploads\\\/2021\\\/09\\\/soccorso-alpino_edited.jpg\",\"datePublished\":\"2022-08-04T14:25:54+00:00\",\"dateModified\":\"2022-08-04T18:29:43+00:00\",\"breadcrumb\":{\"@id\":\"https:\\\/\\\/www.bellunopress.it\\\/2022\\\/08\\\/04\\\/numerosi-interventi-di-soccorso-sulle-montagne-bellunesi\\\/#breadcrumb\"},\"inLanguage\":\"fr-FR\",\"potentialAction\":[{\"@type\":\"ReadAction\",\"target\":[\"https:\\\/\\\/www.bellunopress.it\\\/2022\\\/08\\\/04\\\/numerosi-interventi-di-soccorso-sulle-montagne-bellunesi\\\/\"]}]},{\"@type\":\"ImageObject\",\"inLanguage\":\"fr-FR\",\"@id\":\"https:\\\/\\\/www.bellunopress.it\\\/2022\\\/08\\\/04\\\/numerosi-interventi-di-soccorso-sulle-montagne-bellunesi\\\/#primaryimage\",\"url\":\"https:\\\/\\\/www.bellunopress.it\\\/wp-content\\\/uploads\\\/2021\\\/09\\\/soccorso-alpino_edited.jpg\",\"contentUrl\":\"https:\\\/\\\/www.bellunopress.it\\\/wp-content\\\/uploads\\\/2021\\\/09\\\/soccorso-alpino_edited.jpg\",\"width\":600,\"height\":800},{\"@type\":\"BreadcrumbList\",\"@id\":\"https:\\\/\\\/www.bellunopress.it\\\/2022\\\/08\\\/04\\\/numerosi-interventi-di-soccorso-sulle-montagne-bellunesi\\\/#breadcrumb\",\"itemListElement\":[{\"@type\":\"ListItem\",\"position\":1,\"name\":\"Home\",\"item\":\"https:\\\/\\\/www.bellunopress.it\\\/\"},{\"@type\":\"ListItem\",\"position\":2,\"name\":\"Numerosi interventi di soccorso sulle montagne bellunesi\"}]},{\"@type\":\"WebSite\",\"@id\":\"https:\\\/\\\/www.bellunopress.it\\\/#website\",\"url\":\"https:\\\/\\\/www.bellunopress.it\\\/\",\"name\":\"Bellunopress - Dolomiti\",\"description\":\"e-mail: redazione@bellunopress.it\",\"publisher\":{\"@id\":\"https:\\\/\\\/www.bellunopress.it\\\/#organization\"},\"potentialAction\":[{\"@type\":\"SearchAction\",\"target\":{\"@type\":\"EntryPoint\",\"urlTemplate\":\"https:\\\/\\\/www.bellunopress.it\\\/?s={search_term_string}\"},\"query-input\":{\"@type\":\"PropertyValueSpecification\",\"valueRequired\":true,\"valueName\":\"search_term_string\"}}],\"inLanguage\":\"fr-FR\"},{\"@type\":\"Organization\",\"@id\":\"https:\\\/\\\/www.bellunopress.it\\\/#organization\",\"name\":\"Bellunopress\",\"url\":\"https:\\\/\\\/www.bellunopress.it\\\/\",\"logo\":{\"@type\":\"ImageObject\",\"inLanguage\":\"fr-FR\",\"@id\":\"https:\\\/\\\/www.bellunopress.it\\\/#\\\/schema\\\/logo\\\/image\\\/\",\"url\":\"https:\\\/\\\/www.bellunopress.it\\\/wp-content\\\/uploads\\\/2011\\\/05\\\/cropped-logo-bellunopress-.jpg\",\"contentUrl\":\"https:\\\/\\\/www.bellunopress.it\\\/wp-content\\\/uploads\\\/2011\\\/05\\\/cropped-logo-bellunopress-.jpg\",\"width\":512,\"height\":512,\"caption\":\"Bellunopress\"},\"image\":{\"@id\":\"https:\\\/\\\/www.bellunopress.it\\\/#\\\/schema\\\/logo\\\/image\\\/\"},\"sameAs\":[\"https:\\\/\\\/www.facebook.com\\\/profile.php?id=100008943462799\",\"https:\\\/\\\/x.com\\\/bellunopress\",\"https:\\\/\\\/www.linkedin.com\\\/hp\\\/?dnr=JBzUWaJfMUw8vbXJJ2tVW5-I3jZKvC4wsoxE&amp;amp;amp;amp;amp;amp;trk=nav_responsive_tab_home\",\"https:\\\/\\\/www.youtube.com\\\/channel\\\/UCxL0wu1uN0_3_7hGG0306cw\"]},{\"@type\":\"Person\",\"@id\":\"https:\\\/\\\/www.bellunopress.it\\\/#\\\/schema\\\/person\\\/79bb06722b37ece1c03d3e94beb30d73\",\"name\":\"redazione\",\"image\":{\"@type\":\"ImageObject\",\"inLanguage\":\"fr-FR\",\"@id\":\"https:\\\/\\\/secure.gravatar.com\\\/avatar\\\/37d968a2e67a6fd04c169c4bdef102d0bc5d31b2546345219e348575eb80e9a0?s=96&d=mm&r=g\",\"url\":\"https:\\\/\\\/secure.gravatar.com\\\/avatar\\\/37d968a2e67a6fd04c169c4bdef102d0bc5d31b2546345219e348575eb80e9a0?s=96&d=mm&r=g\",\"contentUrl\":\"https:\\\/\\\/secure.gravatar.com\\\/avatar\\\/37d968a2e67a6fd04c169c4bdef102d0bc5d31b2546345219e348575eb80e9a0?s=96&d=mm&r=g\",\"caption\":\"redazione\"},\"sameAs\":[\"http:\\\/\\\/www.bellunopress.it\",\"https:\\\/\\\/x.com\\\/bellunopress\"],\"url\":\"https:\\\/\\\/www.bellunopress.it\\\/fr\\\/author\\\/redazione\\\/\"}]}<\/script>\n<!-- \/ Yoast SEO plugin. -->","yoast_head_json":{"title":"Numerosi interventi di soccorso sulle montagne bellunesi - Bellunopress - Dolomiti","robots":{"index":"index","follow":"follow","max-snippet":"max-snippet:-1","max-image-preview":"max-image-preview:large","max-video-preview":"max-video-preview:-1"},"canonical":"https:\/\/www.bellunopress.it\/fr\/2022\/08\/04\/numerosi-interventi-di-soccorso-sulle-montagne-bellunesi\/","og_locale":"fr_FR","og_type":"article","og_title":"Numerosi interventi di soccorso sulle montagne bellunesi - Bellunopress - Dolomiti","og_description":"Belluno, 04 &#8211; 08 &#8211; 22 &#8211; Questa mattina verso le 9.15 la Centrale del Suem \u00e8 stata allertata per una bambina morsa da una vipera, mentre con la famiglia percorreva il sentiero numero 215 verso il Rifugio Vandelli. Raggiunta dal personale medico e dal tecnico di elisoccorso dell&#8217;elicottero di Dolomiti Emergency sbarcati con un [&hellip;]","og_url":"https:\/\/www.bellunopress.it\/fr\/2022\/08\/04\/numerosi-interventi-di-soccorso-sulle-montagne-bellunesi\/","og_site_name":"Bellunopress - Dolomiti","article_publisher":"https:\/\/www.facebook.com\/profile.php?id=100008943462799","article_published_time":"2022-08-04T14:25:54+00:00","article_modified_time":"2022-08-04T18:29:43+00:00","og_image":[{"width":600,"height":800,"url":"https:\/\/www.bellunopress.it\/wp-content\/uploads\/2021\/09\/soccorso-alpino_edited.jpg","type":"image\/jpeg"}],"author":"redazione","twitter_card":"summary_large_image","twitter_creator":"@bellunopress","twitter_site":"@bellunopress","twitter_misc":{"\u00c9crit par":"redazione","Dur\u00e9e de lecture estim\u00e9e":"3 minutes"},"schema":{"@context":"https:\/\/schema.org","@graph":[{"@type":"Article","@id":"https:\/\/www.bellunopress.it\/2022\/08\/04\/numerosi-interventi-di-soccorso-sulle-montagne-bellunesi\/#article","isPartOf":{"@id":"https:\/\/www.bellunopress.it\/2022\/08\/04\/numerosi-interventi-di-soccorso-sulle-montagne-bellunesi\/"},"author":{"name":"redazione","@id":"https:\/\/www.bellunopress.it\/#\/schema\/person\/79bb06722b37ece1c03d3e94beb30d73"},"headline":"Numerosi interventi di soccorso sulle montagne bellunesi","datePublished":"2022-08-04T14:25:54+00:00","dateModified":"2022-08-04T18:29:43+00:00","mainEntityOfPage":{"@id":"https:\/\/www.bellunopress.it\/2022\/08\/04\/numerosi-interventi-di-soccorso-sulle-montagne-bellunesi\/"},"wordCount":487,"publisher":{"@id":"https:\/\/www.bellunopress.it\/#organization"},"image":{"@id":"https:\/\/www.bellunopress.it\/2022\/08\/04\/numerosi-interventi-di-soccorso-sulle-montagne-bellunesi\/#primaryimage"},"thumbnailUrl":"https:\/\/www.bellunopress.it\/wp-content\/uploads\/2021\/09\/soccorso-alpino_edited.jpg","articleSection":["Cronaca\/Politica"],"inLanguage":"fr-FR"},{"@type":"WebPage","@id":"https:\/\/www.bellunopress.it\/2022\/08\/04\/numerosi-interventi-di-soccorso-sulle-montagne-bellunesi\/","url":"https:\/\/www.bellunopress.it\/2022\/08\/04\/numerosi-interventi-di-soccorso-sulle-montagne-bellunesi\/","name":"Numerosi interventi di soccorso sulle montagne bellunesi - Bellunopress - Dolomiti","isPartOf":{"@id":"https:\/\/www.bellunopress.it\/#website"},"primaryImageOfPage":{"@id":"https:\/\/www.bellunopress.it\/2022\/08\/04\/numerosi-interventi-di-soccorso-sulle-montagne-bellunesi\/#primaryimage"},"image":{"@id":"https:\/\/www.bellunopress.it\/2022\/08\/04\/numerosi-interventi-di-soccorso-sulle-montagne-bellunesi\/#primaryimage"},"thumbnailUrl":"https:\/\/www.bellunopress.it\/wp-content\/uploads\/2021\/09\/soccorso-alpino_edited.jpg","datePublished":"2022-08-04T14:25:54+00:00","dateModified":"2022-08-04T18:29:43+00:00","breadcrumb":{"@id":"https:\/\/www.bellunopress.it\/2022\/08\/04\/numerosi-interventi-di-soccorso-sulle-montagne-bellunesi\/#breadcrumb"},"inLanguage":"fr-FR","potentialAction":[{"@type":"ReadAction","target":["https:\/\/www.bellunopress.it\/2022\/08\/04\/numerosi-interventi-di-soccorso-sulle-montagne-bellunesi\/"]}]},{"@type":"ImageObject","inLanguage":"fr-FR","@id":"https:\/\/www.bellunopress.it\/2022\/08\/04\/numerosi-interventi-di-soccorso-sulle-montagne-bellunesi\/#primaryimage","url":"https:\/\/www.bellunopress.it\/wp-content\/uploads\/2021\/09\/soccorso-alpino_edited.jpg","contentUrl":"https:\/\/www.bellunopress.it\/wp-content\/uploads\/2021\/09\/soccorso-alpino_edited.jpg","width":600,"height":800},{"@type":"BreadcrumbList","@id":"https:\/\/www.bellunopress.it\/2022\/08\/04\/numerosi-interventi-di-soccorso-sulle-montagne-bellunesi\/#breadcrumb","itemListElement":[{"@type":"ListItem","position":1,"name":"Home","item":"https:\/\/www.bellunopress.it\/"},{"@type":"ListItem","position":2,"name":"Numerosi interventi di soccorso sulle montagne bellunesi"}]},{"@type":"WebSite","@id":"https:\/\/www.bellunopress.it\/#website","url":"https:\/\/www.bellunopress.it\/","name":"Bellunopress - Dolomiti","description":"e-mail: redazione@bellunopress.it","publisher":{"@id":"https:\/\/www.bellunopress.it\/#organization"},"potentialAction":[{"@type":"SearchAction","target":{"@type":"EntryPoint","urlTemplate":"https:\/\/www.bellunopress.it\/?s={search_term_string}"},"query-input":{"@type":"PropertyValueSpecification","valueRequired":true,"valueName":"search_term_string"}}],"inLanguage":"fr-FR"},{"@type":"Organization","@id":"https:\/\/www.bellunopress.it\/#organization","name":"Bellunopress","url":"https:\/\/www.bellunopress.it\/","logo":{"@type":"ImageObject","inLanguage":"fr-FR","@id":"https:\/\/www.bellunopress.it\/#\/schema\/logo\/image\/","url":"https:\/\/www.bellunopress.it\/wp-content\/uploads\/2011\/05\/cropped-logo-bellunopress-.jpg","contentUrl":"https:\/\/www.bellunopress.it\/wp-content\/uploads\/2011\/05\/cropped-logo-bellunopress-.jpg","width":512,"height":512,"caption":"Bellunopress"},"image":{"@id":"https:\/\/www.bellunopress.it\/#\/schema\/logo\/image\/"},"sameAs":["https:\/\/www.facebook.com\/profile.php?id=100008943462799","https:\/\/x.com\/bellunopress","https:\/\/www.linkedin.com\/hp\/?dnr=JBzUWaJfMUw8vbXJJ2tVW5-I3jZKvC4wsoxE&amp;amp;amp;amp;amp;amp;trk=nav_responsive_tab_home","https:\/\/www.youtube.com\/channel\/UCxL0wu1uN0_3_7hGG0306cw"]},{"@type":"Person","@id":"https:\/\/www.bellunopress.it\/#\/schema\/person\/79bb06722b37ece1c03d3e94beb30d73","name":"r\u00e9daction","image":{"@type":"ImageObject","inLanguage":"fr-FR","@id":"https:\/\/secure.gravatar.com\/avatar\/37d968a2e67a6fd04c169c4bdef102d0bc5d31b2546345219e348575eb80e9a0?s=96&d=mm&r=g","url":"https:\/\/secure.gravatar.com\/avatar\/37d968a2e67a6fd04c169c4bdef102d0bc5d31b2546345219e348575eb80e9a0?s=96&d=mm&r=g","contentUrl":"https:\/\/secure.gravatar.com\/avatar\/37d968a2e67a6fd04c169c4bdef102d0bc5d31b2546345219e348575eb80e9a0?s=96&d=mm&r=g","caption":"redazione"},"sameAs":["http:\/\/www.bellunopress.it","https:\/\/x.com\/bellunopress"],"url":"https:\/\/www.bellunopress.it\/fr\/author\/redazione\/"}]}},"_links":{"self":[{"href":"https:\/\/www.bellunopress.it\/fr\/wp-json\/wp\/v2\/posts\/135568","targetHints":{"allow":["GET"]}}],"collection":[{"href":"https:\/\/www.bellunopress.it\/fr\/wp-json\/wp\/v2\/posts"}],"about":[{"href":"https:\/\/www.bellunopress.it\/fr\/wp-json\/wp\/v2\/types\/post"}],"author":[{"embeddable":true,"href":"https:\/\/www.bellunopress.it\/fr\/wp-json\/wp\/v2\/users\/2"}],"replies":[{"embeddable":true,"href":"https:\/\/www.bellunopress.it\/fr\/wp-json\/wp\/v2\/comments?post=135568"}],"version-history":[{"count":1,"href":"https:\/\/www.bellunopress.it\/fr\/wp-json\/wp\/v2\/posts\/135568\/revisions"}],"predecessor-version":[{"id":135569,"href":"https:\/\/www.bellunopress.it\/fr\/wp-json\/wp\/v2\/posts\/135568\/revisions\/135569"}],"wp:featuredmedia":[{"embeddable":true,"href":"https:\/\/www.bellunopress.it\/fr\/wp-json\/wp\/v2\/media\/127673"}],"wp:attachment":[{"href":"https:\/\/www.bellunopress.it\/fr\/wp-json\/wp\/v2\/media?parent=135568"}],"wp:term":[{"taxonomy":"category","embeddable":true,"href":"https:\/\/www.bellunopress.it\/fr\/wp-json\/wp\/v2\/categories?post=135568"},{"taxonomy":"post_tag","embeddable":true,"href":"https:\/\/www.bellunopress.it\/fr\/wp-json\/wp\/v2\/tags?post=135568"}],"curies":[{"name":"wp","href":"https:\/\/api.w.org\/{rel}","templated":true}]}}