{"id":135565,"date":"2022-08-04T19:11:26","date_gmt":"2022-08-04T17:11:26","guid":{"rendered":"https:\/\/www.bellunopress.it\/?p=135565"},"modified":"2022-08-04T19:13:14","modified_gmt":"2022-08-04T17:13:14","slug":"la-pianura-e-assetata-vuole-ancora-piu-acqua-dai-laghi-bellunesi-ignorate-le-perplessita-dei-sindaci-bellunesi","status":"publish","type":"post","link":"https:\/\/www.bellunopress.it\/fr\/2022\/08\/04\/la-pianura-e-assetata-vuole-ancora-piu-acqua-dai-laghi-bellunesi-ignorate-le-perplessita-dei-sindaci-bellunesi\/","title":{"rendered":"La pianura \u00e8 assetata. Vuole ancora pi\u00f9 acqua dai laghi bellunesi. Ignorate le perplessit\u00e0 dei sindaci bellunesi"},"content":{"rendered":"<figure id=\"attachment_135566\" aria-describedby=\"caption-attachment-135566\" style=\"width: 1000px\" class=\"wp-caption alignleft\"><img loading=\"lazy\" decoding=\"async\" class=\"size-full wp-image-135566\" src=\"https:\/\/www.bellunopress.it\/wp-content\/uploads\/2022\/08\/lago-santa-croce-secca-4-agosto-2022-edited.jpg\" alt=\"\" width=\"1000\" height=\"603\" srcset=\"https:\/\/www.bellunopress.it\/wp-content\/uploads\/2022\/08\/lago-santa-croce-secca-4-agosto-2022-edited.jpg 1000w, https:\/\/www.bellunopress.it\/wp-content\/uploads\/2022\/08\/lago-santa-croce-secca-4-agosto-2022-edited-500x302.jpg 500w, https:\/\/www.bellunopress.it\/wp-content\/uploads\/2022\/08\/lago-santa-croce-secca-4-agosto-2022-edited-696x420.jpg 696w, https:\/\/www.bellunopress.it\/wp-content\/uploads\/2022\/08\/lago-santa-croce-secca-4-agosto-2022-edited-697x420.jpg 697w\" sizes=\"auto, (max-width: 1000px) 100vw, 1000px\" \/><figcaption id=\"caption-attachment-135566\" class=\"wp-caption-text\">Lago di Santa Croce 4 agosto 2022 &#8211; Alpago<\/figcaption><\/figure>\n<p>Venezia, 4 agosto 2022\u00a0Il soggetto attuatore per il coordinamento per l\u2019emergenza idrica in Veneto Nicola Dell\u2019Acqua, in merito alle notizie pubblicate e diffuse in questi giorni relative ai prelievi dai laghi alpini, comunica quanto segue:<\/p>\n<p>In riferimento al decreto del soggetto attuatore che dispone di attivare alcune azioni per contrastare il cuneo salino del Livenza in modo da garantire acqua potabile negli abitati di Caorle, si precisa che non sono state fatte derivazioni maggiori dai laghi di Santa Croce e Pieve di Cadore.<\/p>\n<p>Infatti dal 25 luglio, data di insediamento dell\u2019Unit\u00e0 di crisi, non sono aumentati i prelievi nei citati laghi.<\/p>\n<p>L\u2019unico lago dal quale \u00e8 aumentato il prelievo dal 2 agosto \u00e8 quello del Mis, ma si \u00e8 trattato di un prelievo temporaneo. Infatti, gi\u00e0 da domani, anche questo lago rientrer\u00e0 nei prelievi ordinari.<\/p>\n<p>Tali affermazioni sono certificate dai dati relativi a quote e derivate nel periodo indicato come da allegato.<\/p>\n<p>Si sottolinea infine che se, nelle more dello stato di emergenza idrica, si dovessero verificare condizioni tali da dover ricorrere a maggiori prelievi dai laghi citati come da altri laghi del Veneto, i Sindaci dei Comuni coinvolti sarebbero interpellati prima di prendere qualsiasi decisione in merito all\u2019interno dell\u2019Unit\u00e0 di Crisi.<\/p>\n<p>&nbsp;<\/p>","protected":false},"excerpt":{"rendered":"<p>Venezia, 4 agosto 2022\u00a0Il soggetto attuatore per il coordinamento per l\u2019emergenza idrica in Veneto Nicola Dell\u2019Acqua, in merito alle notizie pubblicate e diffuse in questi giorni relative ai prelievi dai laghi alpini, comunica quanto segue: In riferimento al decreto del soggetto attuatore che dispone di attivare alcune azioni per contrastare il cuneo salino del Livenza [&hellip;]<\/p>\n","protected":false},"author":2,"featured_media":135566,"comment_status":"closed","ping_status":"open","sticky":false,"template":"","format":"standard","meta":{"footnotes":""},"categories":[5,26],"tags":[],"class_list":["post-135565","post","type-post","status-publish","format-standard","has-post-thumbnail","category-cronaca","category-prima-pagina"],"yoast_head":"<!-- This site is optimized with the Yoast SEO plugin v28.4 - https:\/\/yoast.com\/product\/yoast-seo-wordpress\/ -->\n<title>La pianura \u00e8 assetata. Vuole ancora pi\u00f9 acqua dai laghi bellunesi. Ignorate le perplessit\u00e0 dei sindaci bellunesi - Bellunopress - Dolomiti<\/title>\n<meta name=\"robots\" content=\"index, follow, max-snippet:-1, max-image-preview:large, max-video-preview:-1\" \/>\n<link rel=\"canonical\" href=\"https:\/\/www.bellunopress.it\/fr\/2022\/08\/04\/la-pianura-e-assetata-vuole-ancora-piu-acqua-dai-laghi-bellunesi-ignorate-le-perplessita-dei-sindaci-bellunesi\/\" \/>\n<meta property=\"og:locale\" content=\"fr_FR\" \/>\n<meta property=\"og:type\" content=\"article\" \/>\n<meta property=\"og:title\" content=\"La pianura \u00e8 assetata. Vuole ancora pi\u00f9 acqua dai laghi bellunesi. Ignorate le perplessit\u00e0 dei sindaci bellunesi - Bellunopress - Dolomiti\" \/>\n<meta property=\"og:description\" content=\"Venezia, 4 agosto 2022\u00a0Il soggetto attuatore per il coordinamento per l\u2019emergenza idrica in Veneto Nicola Dell\u2019Acqua, in merito alle notizie pubblicate e diffuse in questi giorni relative ai prelievi dai laghi alpini, comunica quanto segue: In riferimento al decreto del soggetto attuatore che dispone di attivare alcune azioni per contrastare il cuneo salino del Livenza [&hellip;]\" \/>\n<meta property=\"og:url\" content=\"https:\/\/www.bellunopress.it\/fr\/2022\/08\/04\/la-pianura-e-assetata-vuole-ancora-piu-acqua-dai-laghi-bellunesi-ignorate-le-perplessita-dei-sindaci-bellunesi\/\" \/>\n<meta property=\"og:site_name\" content=\"Bellunopress - Dolomiti\" \/>\n<meta property=\"article:publisher\" content=\"https:\/\/www.facebook.com\/profile.php?id=100008943462799\" \/>\n<meta property=\"article:published_time\" content=\"2022-08-04T17:11:26+00:00\" \/>\n<meta property=\"article:modified_time\" content=\"2022-08-04T17:13:14+00:00\" \/>\n<meta property=\"og:image\" content=\"https:\/\/www.bellunopress.it\/wp-content\/uploads\/2022\/08\/lago-santa-croce-secca-4-agosto-2022-edited.jpg\" \/>\n\t<meta property=\"og:image:width\" content=\"1000\" \/>\n\t<meta property=\"og:image:height\" content=\"603\" \/>\n\t<meta property=\"og:image:type\" content=\"image\/jpeg\" \/>\n<meta name=\"author\" content=\"redazione\" \/>\n<meta name=\"twitter:card\" content=\"summary_large_image\" \/>\n<meta name=\"twitter:creator\" content=\"@bellunopress\" \/>\n<meta name=\"twitter:site\" content=\"@bellunopress\" \/>\n<meta name=\"twitter:label1\" content=\"\u00c9crit par\" \/>\n\t<meta name=\"twitter:data1\" content=\"redazione\" \/>\n\t<meta name=\"twitter:label2\" content=\"Dur\u00e9e de lecture estim\u00e9e\" \/>\n\t<meta name=\"twitter:data2\" content=\"2 minutes\" \/>\n<script type=\"application\/ld+json\" class=\"yoast-schema-graph\">{\"@context\":\"https:\\\/\\\/schema.org\",\"@graph\":[{\"@type\":\"Article\",\"@id\":\"https:\\\/\\\/www.bellunopress.it\\\/2022\\\/08\\\/04\\\/la-pianura-e-assetata-vuole-ancora-piu-acqua-dai-laghi-bellunesi-ignorate-le-perplessita-dei-sindaci-bellunesi\\\/#article\",\"isPartOf\":{\"@id\":\"https:\\\/\\\/www.bellunopress.it\\\/2022\\\/08\\\/04\\\/la-pianura-e-assetata-vuole-ancora-piu-acqua-dai-laghi-bellunesi-ignorate-le-perplessita-dei-sindaci-bellunesi\\\/\"},\"author\":{\"name\":\"redazione\",\"@id\":\"https:\\\/\\\/www.bellunopress.it\\\/#\\\/schema\\\/person\\\/79bb06722b37ece1c03d3e94beb30d73\"},\"headline\":\"La pianura \u00e8 assetata. Vuole ancora pi\u00f9 acqua dai laghi bellunesi. Ignorate le perplessit\u00e0 dei sindaci bellunesi\",\"datePublished\":\"2022-08-04T17:11:26+00:00\",\"dateModified\":\"2022-08-04T17:13:14+00:00\",\"mainEntityOfPage\":{\"@id\":\"https:\\\/\\\/www.bellunopress.it\\\/2022\\\/08\\\/04\\\/la-pianura-e-assetata-vuole-ancora-piu-acqua-dai-laghi-bellunesi-ignorate-le-perplessita-dei-sindaci-bellunesi\\\/\"},\"wordCount\":233,\"publisher\":{\"@id\":\"https:\\\/\\\/www.bellunopress.it\\\/#organization\"},\"image\":{\"@id\":\"https:\\\/\\\/www.bellunopress.it\\\/2022\\\/08\\\/04\\\/la-pianura-e-assetata-vuole-ancora-piu-acqua-dai-laghi-bellunesi-ignorate-le-perplessita-dei-sindaci-bellunesi\\\/#primaryimage\"},\"thumbnailUrl\":\"https:\\\/\\\/www.bellunopress.it\\\/wp-content\\\/uploads\\\/2022\\\/08\\\/lago-santa-croce-secca-4-agosto-2022-edited.jpg\",\"articleSection\":[\"Cronaca\\\/Politica\",\"Prima Pagina\"],\"inLanguage\":\"fr-FR\"},{\"@type\":\"WebPage\",\"@id\":\"https:\\\/\\\/www.bellunopress.it\\\/2022\\\/08\\\/04\\\/la-pianura-e-assetata-vuole-ancora-piu-acqua-dai-laghi-bellunesi-ignorate-le-perplessita-dei-sindaci-bellunesi\\\/\",\"url\":\"https:\\\/\\\/www.bellunopress.it\\\/2022\\\/08\\\/04\\\/la-pianura-e-assetata-vuole-ancora-piu-acqua-dai-laghi-bellunesi-ignorate-le-perplessita-dei-sindaci-bellunesi\\\/\",\"name\":\"La pianura \u00e8 assetata. Vuole ancora pi\u00f9 acqua dai laghi bellunesi. Ignorate le perplessit\u00e0 dei sindaci bellunesi - Bellunopress - Dolomiti\",\"isPartOf\":{\"@id\":\"https:\\\/\\\/www.bellunopress.it\\\/#website\"},\"primaryImageOfPage\":{\"@id\":\"https:\\\/\\\/www.bellunopress.it\\\/2022\\\/08\\\/04\\\/la-pianura-e-assetata-vuole-ancora-piu-acqua-dai-laghi-bellunesi-ignorate-le-perplessita-dei-sindaci-bellunesi\\\/#primaryimage\"},\"image\":{\"@id\":\"https:\\\/\\\/www.bellunopress.it\\\/2022\\\/08\\\/04\\\/la-pianura-e-assetata-vuole-ancora-piu-acqua-dai-laghi-bellunesi-ignorate-le-perplessita-dei-sindaci-bellunesi\\\/#primaryimage\"},\"thumbnailUrl\":\"https:\\\/\\\/www.bellunopress.it\\\/wp-content\\\/uploads\\\/2022\\\/08\\\/lago-santa-croce-secca-4-agosto-2022-edited.jpg\",\"datePublished\":\"2022-08-04T17:11:26+00:00\",\"dateModified\":\"2022-08-04T17:13:14+00:00\",\"breadcrumb\":{\"@id\":\"https:\\\/\\\/www.bellunopress.it\\\/2022\\\/08\\\/04\\\/la-pianura-e-assetata-vuole-ancora-piu-acqua-dai-laghi-bellunesi-ignorate-le-perplessita-dei-sindaci-bellunesi\\\/#breadcrumb\"},\"inLanguage\":\"fr-FR\",\"potentialAction\":[{\"@type\":\"ReadAction\",\"target\":[\"https:\\\/\\\/www.bellunopress.it\\\/2022\\\/08\\\/04\\\/la-pianura-e-assetata-vuole-ancora-piu-acqua-dai-laghi-bellunesi-ignorate-le-perplessita-dei-sindaci-bellunesi\\\/\"]}]},{\"@type\":\"ImageObject\",\"inLanguage\":\"fr-FR\",\"@id\":\"https:\\\/\\\/www.bellunopress.it\\\/2022\\\/08\\\/04\\\/la-pianura-e-assetata-vuole-ancora-piu-acqua-dai-laghi-bellunesi-ignorate-le-perplessita-dei-sindaci-bellunesi\\\/#primaryimage\",\"url\":\"https:\\\/\\\/www.bellunopress.it\\\/wp-content\\\/uploads\\\/2022\\\/08\\\/lago-santa-croce-secca-4-agosto-2022-edited.jpg\",\"contentUrl\":\"https:\\\/\\\/www.bellunopress.it\\\/wp-content\\\/uploads\\\/2022\\\/08\\\/lago-santa-croce-secca-4-agosto-2022-edited.jpg\",\"width\":1000,\"height\":603,\"caption\":\"Lago di Santa Croce 4 agosto 2022 - Alpago\"},{\"@type\":\"BreadcrumbList\",\"@id\":\"https:\\\/\\\/www.bellunopress.it\\\/2022\\\/08\\\/04\\\/la-pianura-e-assetata-vuole-ancora-piu-acqua-dai-laghi-bellunesi-ignorate-le-perplessita-dei-sindaci-bellunesi\\\/#breadcrumb\",\"itemListElement\":[{\"@type\":\"ListItem\",\"position\":1,\"name\":\"Home\",\"item\":\"https:\\\/\\\/www.bellunopress.it\\\/\"},{\"@type\":\"ListItem\",\"position\":2,\"name\":\"La pianura \u00e8 assetata. Vuole ancora pi\u00f9 acqua dai laghi bellunesi. Ignorate le perplessit\u00e0 dei sindaci bellunesi\"}]},{\"@type\":\"WebSite\",\"@id\":\"https:\\\/\\\/www.bellunopress.it\\\/#website\",\"url\":\"https:\\\/\\\/www.bellunopress.it\\\/\",\"name\":\"Bellunopress - Dolomiti\",\"description\":\"e-mail: redazione@bellunopress.it\",\"publisher\":{\"@id\":\"https:\\\/\\\/www.bellunopress.it\\\/#organization\"},\"potentialAction\":[{\"@type\":\"SearchAction\",\"target\":{\"@type\":\"EntryPoint\",\"urlTemplate\":\"https:\\\/\\\/www.bellunopress.it\\\/?s={search_term_string}\"},\"query-input\":{\"@type\":\"PropertyValueSpecification\",\"valueRequired\":true,\"valueName\":\"search_term_string\"}}],\"inLanguage\":\"fr-FR\"},{\"@type\":\"Organization\",\"@id\":\"https:\\\/\\\/www.bellunopress.it\\\/#organization\",\"name\":\"Bellunopress\",\"url\":\"https:\\\/\\\/www.bellunopress.it\\\/\",\"logo\":{\"@type\":\"ImageObject\",\"inLanguage\":\"fr-FR\",\"@id\":\"https:\\\/\\\/www.bellunopress.it\\\/#\\\/schema\\\/logo\\\/image\\\/\",\"url\":\"https:\\\/\\\/www.bellunopress.it\\\/wp-content\\\/uploads\\\/2011\\\/05\\\/cropped-logo-bellunopress-.jpg\",\"contentUrl\":\"https:\\\/\\\/www.bellunopress.it\\\/wp-content\\\/uploads\\\/2011\\\/05\\\/cropped-logo-bellunopress-.jpg\",\"width\":512,\"height\":512,\"caption\":\"Bellunopress\"},\"image\":{\"@id\":\"https:\\\/\\\/www.bellunopress.it\\\/#\\\/schema\\\/logo\\\/image\\\/\"},\"sameAs\":[\"https:\\\/\\\/www.facebook.com\\\/profile.php?id=100008943462799\",\"https:\\\/\\\/x.com\\\/bellunopress\",\"https:\\\/\\\/www.linkedin.com\\\/hp\\\/?dnr=JBzUWaJfMUw8vbXJJ2tVW5-I3jZKvC4wsoxE&amp;amp;amp;amp;amp;amp;trk=nav_responsive_tab_home\",\"https:\\\/\\\/www.youtube.com\\\/channel\\\/UCxL0wu1uN0_3_7hGG0306cw\"]},{\"@type\":\"Person\",\"@id\":\"https:\\\/\\\/www.bellunopress.it\\\/#\\\/schema\\\/person\\\/79bb06722b37ece1c03d3e94beb30d73\",\"name\":\"redazione\",\"image\":{\"@type\":\"ImageObject\",\"inLanguage\":\"fr-FR\",\"@id\":\"https:\\\/\\\/secure.gravatar.com\\\/avatar\\\/37d968a2e67a6fd04c169c4bdef102d0bc5d31b2546345219e348575eb80e9a0?s=96&d=mm&r=g\",\"url\":\"https:\\\/\\\/secure.gravatar.com\\\/avatar\\\/37d968a2e67a6fd04c169c4bdef102d0bc5d31b2546345219e348575eb80e9a0?s=96&d=mm&r=g\",\"contentUrl\":\"https:\\\/\\\/secure.gravatar.com\\\/avatar\\\/37d968a2e67a6fd04c169c4bdef102d0bc5d31b2546345219e348575eb80e9a0?s=96&d=mm&r=g\",\"caption\":\"redazione\"},\"sameAs\":[\"http:\\\/\\\/www.bellunopress.it\",\"https:\\\/\\\/x.com\\\/bellunopress\"],\"url\":\"https:\\\/\\\/www.bellunopress.it\\\/fr\\\/author\\\/redazione\\\/\"}]}<\/script>\n<!-- \/ Yoast SEO plugin. -->","yoast_head_json":{"title":"La pianura \u00e8 assetata. Vuole ancora pi\u00f9 acqua dai laghi bellunesi. Ignorate le perplessit\u00e0 dei sindaci bellunesi - Bellunopress - Dolomiti","robots":{"index":"index","follow":"follow","max-snippet":"max-snippet:-1","max-image-preview":"max-image-preview:large","max-video-preview":"max-video-preview:-1"},"canonical":"https:\/\/www.bellunopress.it\/fr\/2022\/08\/04\/la-pianura-e-assetata-vuole-ancora-piu-acqua-dai-laghi-bellunesi-ignorate-le-perplessita-dei-sindaci-bellunesi\/","og_locale":"fr_FR","og_type":"article","og_title":"La pianura \u00e8 assetata. Vuole ancora pi\u00f9 acqua dai laghi bellunesi. Ignorate le perplessit\u00e0 dei sindaci bellunesi - Bellunopress - Dolomiti","og_description":"Venezia, 4 agosto 2022\u00a0Il soggetto attuatore per il coordinamento per l\u2019emergenza idrica in Veneto Nicola Dell\u2019Acqua, in merito alle notizie pubblicate e diffuse in questi giorni relative ai prelievi dai laghi alpini, comunica quanto segue: In riferimento al decreto del soggetto attuatore che dispone di attivare alcune azioni per contrastare il cuneo salino del Livenza [&hellip;]","og_url":"https:\/\/www.bellunopress.it\/fr\/2022\/08\/04\/la-pianura-e-assetata-vuole-ancora-piu-acqua-dai-laghi-bellunesi-ignorate-le-perplessita-dei-sindaci-bellunesi\/","og_site_name":"Bellunopress - Dolomiti","article_publisher":"https:\/\/www.facebook.com\/profile.php?id=100008943462799","article_published_time":"2022-08-04T17:11:26+00:00","article_modified_time":"2022-08-04T17:13:14+00:00","og_image":[{"width":1000,"height":603,"url":"https:\/\/www.bellunopress.it\/wp-content\/uploads\/2022\/08\/lago-santa-croce-secca-4-agosto-2022-edited.jpg","type":"image\/jpeg"}],"author":"redazione","twitter_card":"summary_large_image","twitter_creator":"@bellunopress","twitter_site":"@bellunopress","twitter_misc":{"\u00c9crit par":"redazione","Dur\u00e9e de lecture estim\u00e9e":"2 minutes"},"schema":{"@context":"https:\/\/schema.org","@graph":[{"@type":"Article","@id":"https:\/\/www.bellunopress.it\/2022\/08\/04\/la-pianura-e-assetata-vuole-ancora-piu-acqua-dai-laghi-bellunesi-ignorate-le-perplessita-dei-sindaci-bellunesi\/#article","isPartOf":{"@id":"https:\/\/www.bellunopress.it\/2022\/08\/04\/la-pianura-e-assetata-vuole-ancora-piu-acqua-dai-laghi-bellunesi-ignorate-le-perplessita-dei-sindaci-bellunesi\/"},"author":{"name":"redazione","@id":"https:\/\/www.bellunopress.it\/#\/schema\/person\/79bb06722b37ece1c03d3e94beb30d73"},"headline":"La pianura \u00e8 assetata. Vuole ancora pi\u00f9 acqua dai laghi bellunesi. Ignorate le perplessit\u00e0 dei sindaci bellunesi","datePublished":"2022-08-04T17:11:26+00:00","dateModified":"2022-08-04T17:13:14+00:00","mainEntityOfPage":{"@id":"https:\/\/www.bellunopress.it\/2022\/08\/04\/la-pianura-e-assetata-vuole-ancora-piu-acqua-dai-laghi-bellunesi-ignorate-le-perplessita-dei-sindaci-bellunesi\/"},"wordCount":233,"publisher":{"@id":"https:\/\/www.bellunopress.it\/#organization"},"image":{"@id":"https:\/\/www.bellunopress.it\/2022\/08\/04\/la-pianura-e-assetata-vuole-ancora-piu-acqua-dai-laghi-bellunesi-ignorate-le-perplessita-dei-sindaci-bellunesi\/#primaryimage"},"thumbnailUrl":"https:\/\/www.bellunopress.it\/wp-content\/uploads\/2022\/08\/lago-santa-croce-secca-4-agosto-2022-edited.jpg","articleSection":["Cronaca\/Politica","Prima Pagina"],"inLanguage":"fr-FR"},{"@type":"WebPage","@id":"https:\/\/www.bellunopress.it\/2022\/08\/04\/la-pianura-e-assetata-vuole-ancora-piu-acqua-dai-laghi-bellunesi-ignorate-le-perplessita-dei-sindaci-bellunesi\/","url":"https:\/\/www.bellunopress.it\/2022\/08\/04\/la-pianura-e-assetata-vuole-ancora-piu-acqua-dai-laghi-bellunesi-ignorate-le-perplessita-dei-sindaci-bellunesi\/","name":"La pianura \u00e8 assetata. Vuole ancora pi\u00f9 acqua dai laghi bellunesi. Ignorate le perplessit\u00e0 dei sindaci bellunesi - Bellunopress - Dolomiti","isPartOf":{"@id":"https:\/\/www.bellunopress.it\/#website"},"primaryImageOfPage":{"@id":"https:\/\/www.bellunopress.it\/2022\/08\/04\/la-pianura-e-assetata-vuole-ancora-piu-acqua-dai-laghi-bellunesi-ignorate-le-perplessita-dei-sindaci-bellunesi\/#primaryimage"},"image":{"@id":"https:\/\/www.bellunopress.it\/2022\/08\/04\/la-pianura-e-assetata-vuole-ancora-piu-acqua-dai-laghi-bellunesi-ignorate-le-perplessita-dei-sindaci-bellunesi\/#primaryimage"},"thumbnailUrl":"https:\/\/www.bellunopress.it\/wp-content\/uploads\/2022\/08\/lago-santa-croce-secca-4-agosto-2022-edited.jpg","datePublished":"2022-08-04T17:11:26+00:00","dateModified":"2022-08-04T17:13:14+00:00","breadcrumb":{"@id":"https:\/\/www.bellunopress.it\/2022\/08\/04\/la-pianura-e-assetata-vuole-ancora-piu-acqua-dai-laghi-bellunesi-ignorate-le-perplessita-dei-sindaci-bellunesi\/#breadcrumb"},"inLanguage":"fr-FR","potentialAction":[{"@type":"ReadAction","target":["https:\/\/www.bellunopress.it\/2022\/08\/04\/la-pianura-e-assetata-vuole-ancora-piu-acqua-dai-laghi-bellunesi-ignorate-le-perplessita-dei-sindaci-bellunesi\/"]}]},{"@type":"ImageObject","inLanguage":"fr-FR","@id":"https:\/\/www.bellunopress.it\/2022\/08\/04\/la-pianura-e-assetata-vuole-ancora-piu-acqua-dai-laghi-bellunesi-ignorate-le-perplessita-dei-sindaci-bellunesi\/#primaryimage","url":"https:\/\/www.bellunopress.it\/wp-content\/uploads\/2022\/08\/lago-santa-croce-secca-4-agosto-2022-edited.jpg","contentUrl":"https:\/\/www.bellunopress.it\/wp-content\/uploads\/2022\/08\/lago-santa-croce-secca-4-agosto-2022-edited.jpg","width":1000,"height":603,"caption":"Lago di Santa Croce 4 agosto 2022 - Alpago"},{"@type":"BreadcrumbList","@id":"https:\/\/www.bellunopress.it\/2022\/08\/04\/la-pianura-e-assetata-vuole-ancora-piu-acqua-dai-laghi-bellunesi-ignorate-le-perplessita-dei-sindaci-bellunesi\/#breadcrumb","itemListElement":[{"@type":"ListItem","position":1,"name":"Home","item":"https:\/\/www.bellunopress.it\/"},{"@type":"ListItem","position":2,"name":"La pianura \u00e8 assetata. Vuole ancora pi\u00f9 acqua dai laghi bellunesi. Ignorate le perplessit\u00e0 dei sindaci bellunesi"}]},{"@type":"WebSite","@id":"https:\/\/www.bellunopress.it\/#website","url":"https:\/\/www.bellunopress.it\/","name":"Bellunopress - Dolomiti","description":"e-mail: redazione@bellunopress.it","publisher":{"@id":"https:\/\/www.bellunopress.it\/#organization"},"potentialAction":[{"@type":"SearchAction","target":{"@type":"EntryPoint","urlTemplate":"https:\/\/www.bellunopress.it\/?s={search_term_string}"},"query-input":{"@type":"PropertyValueSpecification","valueRequired":true,"valueName":"search_term_string"}}],"inLanguage":"fr-FR"},{"@type":"Organization","@id":"https:\/\/www.bellunopress.it\/#organization","name":"Bellunopress","url":"https:\/\/www.bellunopress.it\/","logo":{"@type":"ImageObject","inLanguage":"fr-FR","@id":"https:\/\/www.bellunopress.it\/#\/schema\/logo\/image\/","url":"https:\/\/www.bellunopress.it\/wp-content\/uploads\/2011\/05\/cropped-logo-bellunopress-.jpg","contentUrl":"https:\/\/www.bellunopress.it\/wp-content\/uploads\/2011\/05\/cropped-logo-bellunopress-.jpg","width":512,"height":512,"caption":"Bellunopress"},"image":{"@id":"https:\/\/www.bellunopress.it\/#\/schema\/logo\/image\/"},"sameAs":["https:\/\/www.facebook.com\/profile.php?id=100008943462799","https:\/\/x.com\/bellunopress","https:\/\/www.linkedin.com\/hp\/?dnr=JBzUWaJfMUw8vbXJJ2tVW5-I3jZKvC4wsoxE&amp;amp;amp;amp;amp;amp;trk=nav_responsive_tab_home","https:\/\/www.youtube.com\/channel\/UCxL0wu1uN0_3_7hGG0306cw"]},{"@type":"Person","@id":"https:\/\/www.bellunopress.it\/#\/schema\/person\/79bb06722b37ece1c03d3e94beb30d73","name":"r\u00e9daction","image":{"@type":"ImageObject","inLanguage":"fr-FR","@id":"https:\/\/secure.gravatar.com\/avatar\/37d968a2e67a6fd04c169c4bdef102d0bc5d31b2546345219e348575eb80e9a0?s=96&d=mm&r=g","url":"https:\/\/secure.gravatar.com\/avatar\/37d968a2e67a6fd04c169c4bdef102d0bc5d31b2546345219e348575eb80e9a0?s=96&d=mm&r=g","contentUrl":"https:\/\/secure.gravatar.com\/avatar\/37d968a2e67a6fd04c169c4bdef102d0bc5d31b2546345219e348575eb80e9a0?s=96&d=mm&r=g","caption":"redazione"},"sameAs":["http:\/\/www.bellunopress.it","https:\/\/x.com\/bellunopress"],"url":"https:\/\/www.bellunopress.it\/fr\/author\/redazione\/"}]}},"_links":{"self":[{"href":"https:\/\/www.bellunopress.it\/fr\/wp-json\/wp\/v2\/posts\/135565","targetHints":{"allow":["GET"]}}],"collection":[{"href":"https:\/\/www.bellunopress.it\/fr\/wp-json\/wp\/v2\/posts"}],"about":[{"href":"https:\/\/www.bellunopress.it\/fr\/wp-json\/wp\/v2\/types\/post"}],"author":[{"embeddable":true,"href":"https:\/\/www.bellunopress.it\/fr\/wp-json\/wp\/v2\/users\/2"}],"replies":[{"embeddable":true,"href":"https:\/\/www.bellunopress.it\/fr\/wp-json\/wp\/v2\/comments?post=135565"}],"version-history":[{"count":1,"href":"https:\/\/www.bellunopress.it\/fr\/wp-json\/wp\/v2\/posts\/135565\/revisions"}],"predecessor-version":[{"id":135567,"href":"https:\/\/www.bellunopress.it\/fr\/wp-json\/wp\/v2\/posts\/135565\/revisions\/135567"}],"wp:featuredmedia":[{"embeddable":true,"href":"https:\/\/www.bellunopress.it\/fr\/wp-json\/wp\/v2\/media\/135566"}],"wp:attachment":[{"href":"https:\/\/www.bellunopress.it\/fr\/wp-json\/wp\/v2\/media?parent=135565"}],"wp:term":[{"taxonomy":"category","embeddable":true,"href":"https:\/\/www.bellunopress.it\/fr\/wp-json\/wp\/v2\/categories?post=135565"},{"taxonomy":"post_tag","embeddable":true,"href":"https:\/\/www.bellunopress.it\/fr\/wp-json\/wp\/v2\/tags?post=135565"}],"curies":[{"name":"wp","href":"https:\/\/api.w.org\/{rel}","templated":true}]}}