{"id":135558,"date":"2022-08-04T18:30:43","date_gmt":"2022-08-04T16:30:43","guid":{"rendered":"https:\/\/www.bellunopress.it\/?p=135558"},"modified":"2022-08-04T18:31:41","modified_gmt":"2022-08-04T16:31:41","slug":"doglioni-laghi-svuotati-danno-per-leconomia-turistica-pieno-appoggio-ai-sindaci","status":"publish","type":"post","link":"https:\/\/www.bellunopress.it\/fr\/2022\/08\/04\/doglioni-laghi-svuotati-danno-per-leconomia-turistica-pieno-appoggio-ai-sindaci\/","title":{"rendered":"Doglioni: &#8220;Laghi svuotati danno per l&#8217;economia turistica. Pieno appoggio ai sindaci&#8221;"},"content":{"rendered":"<figure id=\"attachment_135559\" aria-describedby=\"caption-attachment-135559\" style=\"width: 1000px\" class=\"wp-caption alignleft\"><img loading=\"lazy\" decoding=\"async\" class=\"size-full wp-image-135559\" src=\"https:\/\/www.bellunopress.it\/wp-content\/uploads\/2022\/08\/lago-santa-croce-secca-4-agosto-2022_edited.jpg\" alt=\"\" width=\"1000\" height=\"750\" srcset=\"https:\/\/www.bellunopress.it\/wp-content\/uploads\/2022\/08\/lago-santa-croce-secca-4-agosto-2022_edited.jpg 1000w, https:\/\/www.bellunopress.it\/wp-content\/uploads\/2022\/08\/lago-santa-croce-secca-4-agosto-2022_edited-500x375.jpg 500w, https:\/\/www.bellunopress.it\/wp-content\/uploads\/2022\/08\/lago-santa-croce-secca-4-agosto-2022_edited-696x522.jpg 696w, https:\/\/www.bellunopress.it\/wp-content\/uploads\/2022\/08\/lago-santa-croce-secca-4-agosto-2022_edited-560x420.jpg 560w, https:\/\/www.bellunopress.it\/wp-content\/uploads\/2022\/08\/lago-santa-croce-secca-4-agosto-2022_edited-80x60.jpg 80w, https:\/\/www.bellunopress.it\/wp-content\/uploads\/2022\/08\/lago-santa-croce-secca-4-agosto-2022_edited-265x198.jpg 265w\" sizes=\"auto, (max-width: 1000px) 100vw, 1000px\" \/><figcaption id=\"caption-attachment-135559\" class=\"wp-caption-text\">Lago di Santa Croce, 4 agosto 2022<\/figcaption><\/figure>\n<p>Bench\u00e9 i <a href=\"https:\/\/www.bellunopress.it\/fr\/2022\/08\/03\/emergenza-idrica-puppato-stiamo-applicando-le-leggi-dello-stato\/\">rappresentanti della Regione del Veneto<\/a> con dichiarazioni autoreferenziali si complimentino con loro stessi, i sindaci e oggi il presidente di Confcommercio Paolo Doglioni hanno buone ragioni per esternare le loro preoccupazioni.<\/p>\n<p>Un esempio per tutti, il Lago di Santa Croce oggi (foto del 4 agosto 2022 alle 11:30), in piena stagione, ha poca acqua e ci sono pochi turisti.<\/p>\n<figure id=\"attachment_112472\" aria-describedby=\"caption-attachment-112472\" style=\"width: 367px\" class=\"wp-caption alignleft\"><img loading=\"lazy\" decoding=\"async\" class=\"size-full wp-image-112472\" src=\"https:\/\/www.bellunopress.it\/wp-content\/uploads\/2020\/02\/Paolo-Doglioni.jpg\" alt=\"\" width=\"367\" height=\"288\" \/><figcaption id=\"caption-attachment-112472\" class=\"wp-caption-text\">Paolo Doglioni<\/figcaption><\/figure>\n<p>\u00abAppoggio al 100% la levata di scudi dei Sindaci che in questi giorni manifestano grande preoccupazione per lo svuotamento dei laghi. Un problema annoso \u2013 afferma Paolo Doglioni presidente di Confcommercio Belluno \u2013 che purtroppo torna alla ribalta per le conseguenze di un&#8217;estate fin qui troppo siccitosa che, a quanto pare, costringe a<br \/>\nprelievi anticipati. Gi\u00e0 nelle scorse settimane ci avevano pensato le criticit\u00e0 alla rete idrica a creare danni e disagi a decine di imprese del nostro territorio: campeggi con bagni chiusi, bar costretti ad usare taniche, riduzioni e sospensioni dell&#8217;approvvigionamento idrico\u00bb.<br \/>\n\u00abCon il drastico abbassamento del livello dei laghi \u2013 continua Doglioni &#8211; ora a rimetterci \u00e8 per\u00f2 un&#8217;economia ancora pi\u00f9 diffusa fatta di piccole imprese commerciali e turistiche che gravitano in prossimit\u00e0 dei bacini lacuali che in questi giorni ci stanno riportando una situazione complessa ed ogni giorno pi\u00f9 preoccupante: ci viene riferito di realt\u00e0 ricettive che stanno perdendo prenotazioni e che vedono i propri clienti andarsene anticipatamente. Del resto, se questi luoghi vengono frequentati da chi vuole godersi una vacanza al lago tra sport, benessere e relax i laghi senz&#8217;acqua rappresentano un deterrente invalicabile\u00bb.<br \/>\n\u00abLe stesse attivit\u00e0 commerciali ed i pubblici esercizi dei paesi a ridosso dei laghi stanno subendo una contrazione delle vendite\u00bb, evidenza il presidente Doglioni. \u00abDel resto, l&#8217;abbiamo sempre detto, il \u201csistema turismo\u201d va visto nell&#8217;interezza del suo indotto. Confcommercio Belluno \u00e8 seriamente allarmata e si schiera dalla parte dei Sindaci<br \/>\nper chiedere strategie gestionali dei laghi meno invasive e pi\u00f9 equilibrate. Strategie che tengano conto in modo equilibrato da un lato delle esigenze di carattere idrico e dall&#8217;altro di un&#8217;economia che non pu\u00f2 improvvisamente, senza programmazione e preavviso, subire un colpo cos\u00ec duro proprio quando c&#8217;erano tutte le premesse per rialzare la testa\u00bb.<br \/>\n\u00abDa sempre lo svuotamento dei laghi in periodo turistico \u00e8 un tema nell&#8217;agenda della nostra associazione sul quale, grazie ad un lavoro di squadra con gli amministratori locali, si erano raggiunti risultati soddisfacenti. Quanto ora sta accadendo &#8211; conclude Doglioni a nome dei molti associati che in questi giorni si fanno sentire &#8211; produce danni<br \/>\neconomici immediati ed il rischio che la clientela turistica internazionale si rivolga in futuro ad altre proposte per non correre il rischio di spiacevoli sorprese\u00bb.<\/p>","protected":false},"excerpt":{"rendered":"<p>Bench\u00e9 i rappresentanti della Regione del Veneto con dichiarazioni autoreferenziali si complimentino con loro stessi, i sindaci e oggi il presidente di Confcommercio Paolo Doglioni hanno buone ragioni per esternare le loro preoccupazioni. Un esempio per tutti, il Lago di Santa Croce oggi (foto del 4 agosto 2022 alle 11:30), in piena stagione, ha poca [&hellip;]<\/p>\n","protected":false},"author":2,"featured_media":135559,"comment_status":"closed","ping_status":"open","sticky":false,"template":"","format":"standard","meta":{"footnotes":""},"categories":[36,26],"tags":[],"class_list":["post-135558","post","type-post","status-publish","format-standard","has-post-thumbnail","category-lavoro-economia","category-prima-pagina"],"yoast_head":"<!-- This site is optimized with the Yoast SEO plugin v28.4 - https:\/\/yoast.com\/product\/yoast-seo-wordpress\/ -->\n<title>Doglioni: &quot;Laghi svuotati danno per l&#039;economia turistica. Pieno appoggio ai sindaci&quot; - Bellunopress - Dolomiti<\/title>\n<meta name=\"robots\" content=\"index, follow, max-snippet:-1, max-image-preview:large, max-video-preview:-1\" \/>\n<link rel=\"canonical\" href=\"https:\/\/www.bellunopress.it\/fr\/2022\/08\/04\/doglioni-laghi-svuotati-danno-per-leconomia-turistica-pieno-appoggio-ai-sindaci\/\" \/>\n<meta property=\"og:locale\" content=\"fr_FR\" \/>\n<meta property=\"og:type\" content=\"article\" \/>\n<meta property=\"og:title\" content=\"Doglioni: &quot;Laghi svuotati danno per l&#039;economia turistica. Pieno appoggio ai sindaci&quot; - Bellunopress - Dolomiti\" \/>\n<meta property=\"og:description\" content=\"Bench\u00e9 i rappresentanti della Regione del Veneto con dichiarazioni autoreferenziali si complimentino con loro stessi, i sindaci e oggi il presidente di Confcommercio Paolo Doglioni hanno buone ragioni per esternare le loro preoccupazioni. Un esempio per tutti, il Lago di Santa Croce oggi (foto del 4 agosto 2022 alle 11:30), in piena stagione, ha poca [&hellip;]\" \/>\n<meta property=\"og:url\" content=\"https:\/\/www.bellunopress.it\/fr\/2022\/08\/04\/doglioni-laghi-svuotati-danno-per-leconomia-turistica-pieno-appoggio-ai-sindaci\/\" \/>\n<meta property=\"og:site_name\" content=\"Bellunopress - Dolomiti\" \/>\n<meta property=\"article:publisher\" content=\"https:\/\/www.facebook.com\/profile.php?id=100008943462799\" \/>\n<meta property=\"article:published_time\" content=\"2022-08-04T16:30:43+00:00\" \/>\n<meta property=\"article:modified_time\" content=\"2022-08-04T16:31:41+00:00\" \/>\n<meta property=\"og:image\" content=\"https:\/\/www.bellunopress.it\/wp-content\/uploads\/2022\/08\/lago-santa-croce-secca-4-agosto-2022_edited.jpg\" \/>\n\t<meta property=\"og:image:width\" content=\"1000\" \/>\n\t<meta property=\"og:image:height\" content=\"750\" \/>\n\t<meta property=\"og:image:type\" content=\"image\/jpeg\" \/>\n<meta name=\"author\" content=\"redazione\" \/>\n<meta name=\"twitter:card\" content=\"summary_large_image\" \/>\n<meta name=\"twitter:creator\" content=\"@bellunopress\" \/>\n<meta name=\"twitter:site\" content=\"@bellunopress\" \/>\n<meta name=\"twitter:label1\" content=\"Written by\" \/>\n\t<meta name=\"twitter:data1\" content=\"redazione\" \/>\n\t<meta name=\"twitter:label2\" content=\"Est. reading time\" \/>\n\t<meta name=\"twitter:data2\" content=\"3 minutes\" \/>\n<script type=\"application\/ld+json\" class=\"yoast-schema-graph\">{\"@context\":\"https:\\\/\\\/schema.org\",\"@graph\":[{\"@type\":\"Article\",\"@id\":\"https:\\\/\\\/www.bellunopress.it\\\/2022\\\/08\\\/04\\\/doglioni-laghi-svuotati-danno-per-leconomia-turistica-pieno-appoggio-ai-sindaci\\\/#article\",\"isPartOf\":{\"@id\":\"https:\\\/\\\/www.bellunopress.it\\\/2022\\\/08\\\/04\\\/doglioni-laghi-svuotati-danno-per-leconomia-turistica-pieno-appoggio-ai-sindaci\\\/\"},\"author\":{\"name\":\"redazione\",\"@id\":\"https:\\\/\\\/www.bellunopress.it\\\/#\\\/schema\\\/person\\\/79bb06722b37ece1c03d3e94beb30d73\"},\"headline\":\"Doglioni: &#8220;Laghi svuotati danno per l&#8217;economia turistica. Pieno appoggio ai sindaci&#8221;\",\"datePublished\":\"2022-08-04T16:30:43+00:00\",\"dateModified\":\"2022-08-04T16:31:41+00:00\",\"mainEntityOfPage\":{\"@id\":\"https:\\\/\\\/www.bellunopress.it\\\/2022\\\/08\\\/04\\\/doglioni-laghi-svuotati-danno-per-leconomia-turistica-pieno-appoggio-ai-sindaci\\\/\"},\"wordCount\":465,\"publisher\":{\"@id\":\"https:\\\/\\\/www.bellunopress.it\\\/#organization\"},\"image\":{\"@id\":\"https:\\\/\\\/www.bellunopress.it\\\/2022\\\/08\\\/04\\\/doglioni-laghi-svuotati-danno-per-leconomia-turistica-pieno-appoggio-ai-sindaci\\\/#primaryimage\"},\"thumbnailUrl\":\"https:\\\/\\\/www.bellunopress.it\\\/wp-content\\\/uploads\\\/2022\\\/08\\\/lago-santa-croce-secca-4-agosto-2022_edited.jpg\",\"articleSection\":[\"Lavoro, Economia, Turismo\",\"Prima Pagina\"],\"inLanguage\":\"fr-FR\"},{\"@type\":\"WebPage\",\"@id\":\"https:\\\/\\\/www.bellunopress.it\\\/2022\\\/08\\\/04\\\/doglioni-laghi-svuotati-danno-per-leconomia-turistica-pieno-appoggio-ai-sindaci\\\/\",\"url\":\"https:\\\/\\\/www.bellunopress.it\\\/2022\\\/08\\\/04\\\/doglioni-laghi-svuotati-danno-per-leconomia-turistica-pieno-appoggio-ai-sindaci\\\/\",\"name\":\"Doglioni: \\\"Laghi svuotati danno per l'economia turistica. Pieno appoggio ai sindaci\\\" - Bellunopress - Dolomiti\",\"isPartOf\":{\"@id\":\"https:\\\/\\\/www.bellunopress.it\\\/#website\"},\"primaryImageOfPage\":{\"@id\":\"https:\\\/\\\/www.bellunopress.it\\\/2022\\\/08\\\/04\\\/doglioni-laghi-svuotati-danno-per-leconomia-turistica-pieno-appoggio-ai-sindaci\\\/#primaryimage\"},\"image\":{\"@id\":\"https:\\\/\\\/www.bellunopress.it\\\/2022\\\/08\\\/04\\\/doglioni-laghi-svuotati-danno-per-leconomia-turistica-pieno-appoggio-ai-sindaci\\\/#primaryimage\"},\"thumbnailUrl\":\"https:\\\/\\\/www.bellunopress.it\\\/wp-content\\\/uploads\\\/2022\\\/08\\\/lago-santa-croce-secca-4-agosto-2022_edited.jpg\",\"datePublished\":\"2022-08-04T16:30:43+00:00\",\"dateModified\":\"2022-08-04T16:31:41+00:00\",\"breadcrumb\":{\"@id\":\"https:\\\/\\\/www.bellunopress.it\\\/2022\\\/08\\\/04\\\/doglioni-laghi-svuotati-danno-per-leconomia-turistica-pieno-appoggio-ai-sindaci\\\/#breadcrumb\"},\"inLanguage\":\"fr-FR\",\"potentialAction\":[{\"@type\":\"ReadAction\",\"target\":[\"https:\\\/\\\/www.bellunopress.it\\\/2022\\\/08\\\/04\\\/doglioni-laghi-svuotati-danno-per-leconomia-turistica-pieno-appoggio-ai-sindaci\\\/\"]}]},{\"@type\":\"ImageObject\",\"inLanguage\":\"fr-FR\",\"@id\":\"https:\\\/\\\/www.bellunopress.it\\\/2022\\\/08\\\/04\\\/doglioni-laghi-svuotati-danno-per-leconomia-turistica-pieno-appoggio-ai-sindaci\\\/#primaryimage\",\"url\":\"https:\\\/\\\/www.bellunopress.it\\\/wp-content\\\/uploads\\\/2022\\\/08\\\/lago-santa-croce-secca-4-agosto-2022_edited.jpg\",\"contentUrl\":\"https:\\\/\\\/www.bellunopress.it\\\/wp-content\\\/uploads\\\/2022\\\/08\\\/lago-santa-croce-secca-4-agosto-2022_edited.jpg\",\"width\":1000,\"height\":750,\"caption\":\"Lago di Santa Croce, 4 agosto 2022\"},{\"@type\":\"BreadcrumbList\",\"@id\":\"https:\\\/\\\/www.bellunopress.it\\\/2022\\\/08\\\/04\\\/doglioni-laghi-svuotati-danno-per-leconomia-turistica-pieno-appoggio-ai-sindaci\\\/#breadcrumb\",\"itemListElement\":[{\"@type\":\"ListItem\",\"position\":1,\"name\":\"Home\",\"item\":\"https:\\\/\\\/www.bellunopress.it\\\/\"},{\"@type\":\"ListItem\",\"position\":2,\"name\":\"Doglioni: &#8220;Laghi svuotati danno per l&#8217;economia turistica. Pieno appoggio ai sindaci&#8221;\"}]},{\"@type\":\"WebSite\",\"@id\":\"https:\\\/\\\/www.bellunopress.it\\\/#website\",\"url\":\"https:\\\/\\\/www.bellunopress.it\\\/\",\"name\":\"Bellunopress - Dolomiti\",\"description\":\"e-mail: redazione@bellunopress.it\",\"publisher\":{\"@id\":\"https:\\\/\\\/www.bellunopress.it\\\/#organization\"},\"potentialAction\":[{\"@type\":\"SearchAction\",\"target\":{\"@type\":\"EntryPoint\",\"urlTemplate\":\"https:\\\/\\\/www.bellunopress.it\\\/?s={search_term_string}\"},\"query-input\":{\"@type\":\"PropertyValueSpecification\",\"valueRequired\":true,\"valueName\":\"search_term_string\"}}],\"inLanguage\":\"fr-FR\"},{\"@type\":\"Organization\",\"@id\":\"https:\\\/\\\/www.bellunopress.it\\\/#organization\",\"name\":\"Bellunopress\",\"url\":\"https:\\\/\\\/www.bellunopress.it\\\/\",\"logo\":{\"@type\":\"ImageObject\",\"inLanguage\":\"fr-FR\",\"@id\":\"https:\\\/\\\/www.bellunopress.it\\\/#\\\/schema\\\/logo\\\/image\\\/\",\"url\":\"https:\\\/\\\/www.bellunopress.it\\\/wp-content\\\/uploads\\\/2011\\\/05\\\/cropped-logo-bellunopress-.jpg\",\"contentUrl\":\"https:\\\/\\\/www.bellunopress.it\\\/wp-content\\\/uploads\\\/2011\\\/05\\\/cropped-logo-bellunopress-.jpg\",\"width\":512,\"height\":512,\"caption\":\"Bellunopress\"},\"image\":{\"@id\":\"https:\\\/\\\/www.bellunopress.it\\\/#\\\/schema\\\/logo\\\/image\\\/\"},\"sameAs\":[\"https:\\\/\\\/www.facebook.com\\\/profile.php?id=100008943462799\",\"https:\\\/\\\/x.com\\\/bellunopress\",\"https:\\\/\\\/www.linkedin.com\\\/hp\\\/?dnr=JBzUWaJfMUw8vbXJJ2tVW5-I3jZKvC4wsoxE&amp;amp;amp;amp;amp;amp;trk=nav_responsive_tab_home\",\"https:\\\/\\\/www.youtube.com\\\/channel\\\/UCxL0wu1uN0_3_7hGG0306cw\"]},{\"@type\":\"Person\",\"@id\":\"https:\\\/\\\/www.bellunopress.it\\\/#\\\/schema\\\/person\\\/79bb06722b37ece1c03d3e94beb30d73\",\"name\":\"redazione\",\"image\":{\"@type\":\"ImageObject\",\"inLanguage\":\"fr-FR\",\"@id\":\"https:\\\/\\\/secure.gravatar.com\\\/avatar\\\/37d968a2e67a6fd04c169c4bdef102d0bc5d31b2546345219e348575eb80e9a0?s=96&d=mm&r=g\",\"url\":\"https:\\\/\\\/secure.gravatar.com\\\/avatar\\\/37d968a2e67a6fd04c169c4bdef102d0bc5d31b2546345219e348575eb80e9a0?s=96&d=mm&r=g\",\"contentUrl\":\"https:\\\/\\\/secure.gravatar.com\\\/avatar\\\/37d968a2e67a6fd04c169c4bdef102d0bc5d31b2546345219e348575eb80e9a0?s=96&d=mm&r=g\",\"caption\":\"redazione\"},\"sameAs\":[\"http:\\\/\\\/www.bellunopress.it\",\"https:\\\/\\\/x.com\\\/bellunopress\"],\"url\":\"https:\\\/\\\/www.bellunopress.it\\\/fr\\\/author\\\/redazione\\\/\"}]}<\/script>\n<!-- \/ Yoast SEO plugin. -->","yoast_head_json":{"title":"Doglioni: \"Laghi svuotati danno per l'economia turistica. Pieno appoggio ai sindaci\" - Bellunopress - Dolomiti","robots":{"index":"index","follow":"follow","max-snippet":"max-snippet:-1","max-image-preview":"max-image-preview:large","max-video-preview":"max-video-preview:-1"},"canonical":"https:\/\/www.bellunopress.it\/fr\/2022\/08\/04\/doglioni-laghi-svuotati-danno-per-leconomia-turistica-pieno-appoggio-ai-sindaci\/","og_locale":"fr_FR","og_type":"article","og_title":"Doglioni: \"Laghi svuotati danno per l'economia turistica. Pieno appoggio ai sindaci\" - Bellunopress - Dolomiti","og_description":"Bench\u00e9 i rappresentanti della Regione del Veneto con dichiarazioni autoreferenziali si complimentino con loro stessi, i sindaci e oggi il presidente di Confcommercio Paolo Doglioni hanno buone ragioni per esternare le loro preoccupazioni. Un esempio per tutti, il Lago di Santa Croce oggi (foto del 4 agosto 2022 alle 11:30), in piena stagione, ha poca [&hellip;]","og_url":"https:\/\/www.bellunopress.it\/fr\/2022\/08\/04\/doglioni-laghi-svuotati-danno-per-leconomia-turistica-pieno-appoggio-ai-sindaci\/","og_site_name":"Bellunopress - Dolomiti","article_publisher":"https:\/\/www.facebook.com\/profile.php?id=100008943462799","article_published_time":"2022-08-04T16:30:43+00:00","article_modified_time":"2022-08-04T16:31:41+00:00","og_image":[{"width":1000,"height":750,"url":"https:\/\/www.bellunopress.it\/wp-content\/uploads\/2022\/08\/lago-santa-croce-secca-4-agosto-2022_edited.jpg","type":"image\/jpeg"}],"author":"redazione","twitter_card":"summary_large_image","twitter_creator":"@bellunopress","twitter_site":"@bellunopress","twitter_misc":{"Written by":"redazione","Est. reading time":"3 minutes"},"schema":{"@context":"https:\/\/schema.org","@graph":[{"@type":"Article","@id":"https:\/\/www.bellunopress.it\/2022\/08\/04\/doglioni-laghi-svuotati-danno-per-leconomia-turistica-pieno-appoggio-ai-sindaci\/#article","isPartOf":{"@id":"https:\/\/www.bellunopress.it\/2022\/08\/04\/doglioni-laghi-svuotati-danno-per-leconomia-turistica-pieno-appoggio-ai-sindaci\/"},"author":{"name":"redazione","@id":"https:\/\/www.bellunopress.it\/#\/schema\/person\/79bb06722b37ece1c03d3e94beb30d73"},"headline":"Doglioni: &#8220;Laghi svuotati danno per l&#8217;economia turistica. Pieno appoggio ai sindaci&#8221;","datePublished":"2022-08-04T16:30:43+00:00","dateModified":"2022-08-04T16:31:41+00:00","mainEntityOfPage":{"@id":"https:\/\/www.bellunopress.it\/2022\/08\/04\/doglioni-laghi-svuotati-danno-per-leconomia-turistica-pieno-appoggio-ai-sindaci\/"},"wordCount":465,"publisher":{"@id":"https:\/\/www.bellunopress.it\/#organization"},"image":{"@id":"https:\/\/www.bellunopress.it\/2022\/08\/04\/doglioni-laghi-svuotati-danno-per-leconomia-turistica-pieno-appoggio-ai-sindaci\/#primaryimage"},"thumbnailUrl":"https:\/\/www.bellunopress.it\/wp-content\/uploads\/2022\/08\/lago-santa-croce-secca-4-agosto-2022_edited.jpg","articleSection":["Lavoro, Economia, Turismo","Prima Pagina"],"inLanguage":"fr-FR"},{"@type":"WebPage","@id":"https:\/\/www.bellunopress.it\/2022\/08\/04\/doglioni-laghi-svuotati-danno-per-leconomia-turistica-pieno-appoggio-ai-sindaci\/","url":"https:\/\/www.bellunopress.it\/2022\/08\/04\/doglioni-laghi-svuotati-danno-per-leconomia-turistica-pieno-appoggio-ai-sindaci\/","name":"Doglioni: \"Laghi svuotati danno per l'economia turistica. Pieno appoggio ai sindaci\" - Bellunopress - Dolomiti","isPartOf":{"@id":"https:\/\/www.bellunopress.it\/#website"},"primaryImageOfPage":{"@id":"https:\/\/www.bellunopress.it\/2022\/08\/04\/doglioni-laghi-svuotati-danno-per-leconomia-turistica-pieno-appoggio-ai-sindaci\/#primaryimage"},"image":{"@id":"https:\/\/www.bellunopress.it\/2022\/08\/04\/doglioni-laghi-svuotati-danno-per-leconomia-turistica-pieno-appoggio-ai-sindaci\/#primaryimage"},"thumbnailUrl":"https:\/\/www.bellunopress.it\/wp-content\/uploads\/2022\/08\/lago-santa-croce-secca-4-agosto-2022_edited.jpg","datePublished":"2022-08-04T16:30:43+00:00","dateModified":"2022-08-04T16:31:41+00:00","breadcrumb":{"@id":"https:\/\/www.bellunopress.it\/2022\/08\/04\/doglioni-laghi-svuotati-danno-per-leconomia-turistica-pieno-appoggio-ai-sindaci\/#breadcrumb"},"inLanguage":"fr-FR","potentialAction":[{"@type":"ReadAction","target":["https:\/\/www.bellunopress.it\/2022\/08\/04\/doglioni-laghi-svuotati-danno-per-leconomia-turistica-pieno-appoggio-ai-sindaci\/"]}]},{"@type":"ImageObject","inLanguage":"fr-FR","@id":"https:\/\/www.bellunopress.it\/2022\/08\/04\/doglioni-laghi-svuotati-danno-per-leconomia-turistica-pieno-appoggio-ai-sindaci\/#primaryimage","url":"https:\/\/www.bellunopress.it\/wp-content\/uploads\/2022\/08\/lago-santa-croce-secca-4-agosto-2022_edited.jpg","contentUrl":"https:\/\/www.bellunopress.it\/wp-content\/uploads\/2022\/08\/lago-santa-croce-secca-4-agosto-2022_edited.jpg","width":1000,"height":750,"caption":"Lago di Santa Croce, 4 agosto 2022"},{"@type":"BreadcrumbList","@id":"https:\/\/www.bellunopress.it\/2022\/08\/04\/doglioni-laghi-svuotati-danno-per-leconomia-turistica-pieno-appoggio-ai-sindaci\/#breadcrumb","itemListElement":[{"@type":"ListItem","position":1,"name":"Home","item":"https:\/\/www.bellunopress.it\/"},{"@type":"ListItem","position":2,"name":"Doglioni: &#8220;Laghi svuotati danno per l&#8217;economia turistica. Pieno appoggio ai sindaci&#8221;"}]},{"@type":"WebSite","@id":"https:\/\/www.bellunopress.it\/#website","url":"https:\/\/www.bellunopress.it\/","name":"Bellunopress - Dolomiti","description":"e-mail: redazione@bellunopress.it","publisher":{"@id":"https:\/\/www.bellunopress.it\/#organization"},"potentialAction":[{"@type":"SearchAction","target":{"@type":"EntryPoint","urlTemplate":"https:\/\/www.bellunopress.it\/?s={search_term_string}"},"query-input":{"@type":"PropertyValueSpecification","valueRequired":true,"valueName":"search_term_string"}}],"inLanguage":"fr-FR"},{"@type":"Organization","@id":"https:\/\/www.bellunopress.it\/#organization","name":"Bellunopress","url":"https:\/\/www.bellunopress.it\/","logo":{"@type":"ImageObject","inLanguage":"fr-FR","@id":"https:\/\/www.bellunopress.it\/#\/schema\/logo\/image\/","url":"https:\/\/www.bellunopress.it\/wp-content\/uploads\/2011\/05\/cropped-logo-bellunopress-.jpg","contentUrl":"https:\/\/www.bellunopress.it\/wp-content\/uploads\/2011\/05\/cropped-logo-bellunopress-.jpg","width":512,"height":512,"caption":"Bellunopress"},"image":{"@id":"https:\/\/www.bellunopress.it\/#\/schema\/logo\/image\/"},"sameAs":["https:\/\/www.facebook.com\/profile.php?id=100008943462799","https:\/\/x.com\/bellunopress","https:\/\/www.linkedin.com\/hp\/?dnr=JBzUWaJfMUw8vbXJJ2tVW5-I3jZKvC4wsoxE&amp;amp;amp;amp;amp;amp;trk=nav_responsive_tab_home","https:\/\/www.youtube.com\/channel\/UCxL0wu1uN0_3_7hGG0306cw"]},{"@type":"Person","@id":"https:\/\/www.bellunopress.it\/#\/schema\/person\/79bb06722b37ece1c03d3e94beb30d73","name":"r\u00e9daction","image":{"@type":"ImageObject","inLanguage":"fr-FR","@id":"https:\/\/secure.gravatar.com\/avatar\/37d968a2e67a6fd04c169c4bdef102d0bc5d31b2546345219e348575eb80e9a0?s=96&d=mm&r=g","url":"https:\/\/secure.gravatar.com\/avatar\/37d968a2e67a6fd04c169c4bdef102d0bc5d31b2546345219e348575eb80e9a0?s=96&d=mm&r=g","contentUrl":"https:\/\/secure.gravatar.com\/avatar\/37d968a2e67a6fd04c169c4bdef102d0bc5d31b2546345219e348575eb80e9a0?s=96&d=mm&r=g","caption":"redazione"},"sameAs":["http:\/\/www.bellunopress.it","https:\/\/x.com\/bellunopress"],"url":"https:\/\/www.bellunopress.it\/fr\/author\/redazione\/"}]}},"_links":{"self":[{"href":"https:\/\/www.bellunopress.it\/fr\/wp-json\/wp\/v2\/posts\/135558","targetHints":{"allow":["GET"]}}],"collection":[{"href":"https:\/\/www.bellunopress.it\/fr\/wp-json\/wp\/v2\/posts"}],"about":[{"href":"https:\/\/www.bellunopress.it\/fr\/wp-json\/wp\/v2\/types\/post"}],"author":[{"embeddable":true,"href":"https:\/\/www.bellunopress.it\/fr\/wp-json\/wp\/v2\/users\/2"}],"replies":[{"embeddable":true,"href":"https:\/\/www.bellunopress.it\/fr\/wp-json\/wp\/v2\/comments?post=135558"}],"version-history":[{"count":2,"href":"https:\/\/www.bellunopress.it\/fr\/wp-json\/wp\/v2\/posts\/135558\/revisions"}],"predecessor-version":[{"id":135561,"href":"https:\/\/www.bellunopress.it\/fr\/wp-json\/wp\/v2\/posts\/135558\/revisions\/135561"}],"wp:featuredmedia":[{"embeddable":true,"href":"https:\/\/www.bellunopress.it\/fr\/wp-json\/wp\/v2\/media\/135559"}],"wp:attachment":[{"href":"https:\/\/www.bellunopress.it\/fr\/wp-json\/wp\/v2\/media?parent=135558"}],"wp:term":[{"taxonomy":"category","embeddable":true,"href":"https:\/\/www.bellunopress.it\/fr\/wp-json\/wp\/v2\/categories?post=135558"},{"taxonomy":"post_tag","embeddable":true,"href":"https:\/\/www.bellunopress.it\/fr\/wp-json\/wp\/v2\/tags?post=135558"}],"curies":[{"name":"wp","href":"https:\/\/api.w.org\/{rel}","templated":true}]}}