{"id":135556,"date":"2022-08-04T15:14:01","date_gmt":"2022-08-04T13:14:01","guid":{"rendered":"https:\/\/www.bellunopress.it\/?p=135556"},"modified":"2022-08-04T15:14:01","modified_gmt":"2022-08-04T13:14:01","slug":"ripartono-a-settembre-i-corsi-dellais-veneto-per-diventare-sommelier","status":"publish","type":"post","link":"https:\/\/www.bellunopress.it\/fr\/2022\/08\/04\/ripartono-a-settembre-i-corsi-dellais-veneto-per-diventare-sommelier\/","title":{"rendered":"Ripartono a settembre i corsi dell&#8217;Ais Veneto per diventare sommelier"},"content":{"rendered":"<p><img loading=\"lazy\" decoding=\"async\" class=\"alignleft size-full wp-image-133218\" src=\"https:\/\/www.bellunopress.it\/wp-content\/uploads\/2022\/05\/vino-Ais-Veneto_edited.jpg\" alt=\"\" width=\"1000\" height=\"664\" srcset=\"https:\/\/www.bellunopress.it\/wp-content\/uploads\/2022\/05\/vino-Ais-Veneto_edited.jpg 1000w, https:\/\/www.bellunopress.it\/wp-content\/uploads\/2022\/05\/vino-Ais-Veneto_edited-500x332.jpg 500w, https:\/\/www.bellunopress.it\/wp-content\/uploads\/2022\/05\/vino-Ais-Veneto_edited-696x462.jpg 696w, https:\/\/www.bellunopress.it\/wp-content\/uploads\/2022\/05\/vino-Ais-Veneto_edited-633x420.jpg 633w\" sizes=\"auto, (max-width: 1000px) 100vw, 1000px\" \/>Tornano gli appuntamenti per chi vuole approfondire la conoscenza del vino. Continuano anche i corsi online, ideali per chi ha poco tempo<\/p>\n<p>Per l\u2019autunno 2022 AIS Veneto amplia l\u2019offerta formativa in tutte le province della regione con un nuovo calendario dei corsi per diventare Sommelier, dedicato a chi vuole approfondire la conoscenza del mondo del vino. A partire dal 5 settembre si potr\u00e0 scegliere se seguire le lezioni in aula oppure in streaming, con la formula #SmartAISVeneto gi\u00e0 consolidata negli scorsi anni. Nati durante la pandemia come soluzione in risposta al distanziamento sociale, i corsi online continuano ad avere successo soprattutto tra chi ha poco tempo. I dati raccolti da AIS Veneto mostrano come la maggior parte degli iscritti scelga questa modalit\u00e0 grazie alla possibilit\u00e0 di rivedere la registrazione delle lezioni. In questo modo si ottimizzano i tempi senza rinunciare alla qualit\u00e0 della formazione che da sempre contraddistingue AIS: i risultati di chi ha affrontato il percorso a distanza, infatti, sono gli stessi di chi ha scelto di frequentare le lezioni in presenza. Alla flessibilit\u00e0 e all&#8217;interattivit\u00e0 tipiche della formazione online \u00e8 unita l&#8217;indispensabile attivit\u00e0 di training che si sviluppa nelle sessioni di degustazione dal vivo.<br \/>\nAlle lezioni sulla cultura e sulla conoscenza del vino, a ottobre si aggiungeranno anche due corsi per diventare Sommelier della birra, rispettivamente nelle citt\u00e0 di Treviso e Verona.<br \/>\nSono oltre mille i posti disponibili per i corsisti che seguiranno le lezioni in presenza, cento per i corsi online, settanta quelli riservati a chi vuole diventare Sommelier della birra.<br \/>\nPer quel che riguarda i corsi rivolti agli appassionati del vino, nel primo livello \u00e8 possibile studiare elementi di viticoltura, enologia e del servizio che rappresentano le basi della professione del Sommelier, a partire dalla corretta temperatura di servizio dei vini fino all\u2019organizzazione e alla gestione della cantina. Il tutto costantemente accompagnato da prove teoriche e pratiche sulla tecnica di degustazione.<br \/>\nIl secondo livello prende in esame le pi\u00f9 importanti zone vitivinicole italiane ed estere e consente di cogliere il legame indissolubile tra vino e territorio. Il perfezionamento continuo della tecnica di degustazione diventa cos\u00ec elemento distintivo per apprezzare ogni singola sfumatura ed esprimere un giudizio professionale e oggettivo.<br \/>\nNel terzo livello viene affrontata la tecnica della degustazione del cibo e del suo abbinamento al vino attraverso prove di assaggio con le diverse tipologie di alimenti e di preparazioni, concludendo il percorso con una cena didattica in cui mettere alla prova ci\u00f2 che si \u00e8 appreso.<br \/>\nScopo dei due percorsi dedicati alla birra, invece, \u00e8 imparare a degustare la bevanda individuandone le caratteristiche peculiari, conoscere le tecniche di abbinamento ai cibi, formare esperti e figure professionali in un mondo, quello brassicolo, sempre pi\u00f9 in espansione.<\/p>\n<p>I corsi in partenza<br \/>\nVenezia<br \/>\nPrimo livello<br \/>\nMercoled\u00ec 14 settembre 2022, ore 20.30, Novotel \u2013 Mestre<\/p>\n<p>Secondo livello<br \/>\nLuned\u00ec 19 settembre 2022, ore 15:30, Palazzo Veneziano \u2013 Venezia<br \/>\nLuned\u00ec 19 settembre 2022, ore 20.30, Novotel \u2013 Mestre<\/p>\n<p>Terzo livello<br \/>\nMarted\u00ec 20 settembre 2022, ore 20:30, Novotel \u2013 Mestre<\/p>\n<p>Padova<br \/>\nPrimo livello<br \/>\nMarted\u00ec 13 settembre 2022, ore 20.30, Hotel Galileo \u2013 Padova<br \/>\nLuned\u00ec 19 settembre 2022 , ore 20.30, Hotel Olympia Terme \u2013 Montegrotto Terme<\/p>\n<p>Secondo livello<br \/>\nMercoled\u00ec 07 settembre 2022, ore 20.30, Fornace Carotta \u2013 Padova<br \/>\nSabato 10 settembre 2022, ore 9.30, Hotel Galileo \u2013 Padova<br \/>\nLuned\u00ec 12 settembre 2022, ore 20.30, Point Hotel \u2013 Piove di Sacco<\/p>\n<p>Terzo livello<br \/>\nLuned\u00ec 05 settembre 2022, ore 20.30, Hotel Galileo \u2013 Padova<\/p>\n<p>Verona<br \/>\nPrimo livello<br \/>\nMarted\u00ec 20 settembre 2022, ore 20.30, CTC Hotel Verona \u2013 San Giovanni Lupatoto<\/p>\n<p>Secondo livello<br \/>\nMarted\u00ec 20 settembre 2022, ore 20:30, SHG Hotel Catullo \u2013 San Martino Buon Albergo<\/p>\n<p>Terzo livello<br \/>\nLuned\u00ec 19 settembre 2022 . ore 20:30, CTC Hotel Verona \u2013 San Giovanni Lupatoto<\/p>\n<p>Corso Sommelier della Birra primo livello<br \/>\nMercoled\u00ec 19 ottobre 2022, ore 20.30, SHG Hotel Catullo \u2013 San Martino Buon Albergo<\/p>\n<p>Vicenza<br \/>\nPrimo livello<br \/>\nMercoled\u00ec 07 settembre 2022, ore 20.30, Viest Hotel \u2013 Vicenza<br \/>\nLuned\u00ec 12 settembre 2022, ore 20.30, Hotel C\u00e0 Sette \u2013 Bassano del Grappa<\/p>\n<p>Secondo livello<br \/>\nMarted\u00ec 06 settembre 2022, ore 20.30, Viest Hotel \u2013 Vicenza<\/p>\n<p>Terzo livello<br \/>\nLuned\u00ec 12 settembre 2022, ore 20.30, Viest Hotel \u2013 Vicenza<\/p>\n<p>Treviso<br \/>\nPrimo livello<br \/>\nLuned\u00ec 19 settembre 2022, ore 20:30, IPSSAR Albertini \u2013 Treviso<br \/>\nMarted\u00ec 20 settembre 2022, ore 20.30, Hotel Le Betulle \u2013 Conegliano<\/p>\n<p>Secondo livello<br \/>\nMarted\u00ec 20 settembre 2022, ore 20.30, Hotel Maggior Consiglio \u2013 Treviso<\/p>\n<p>Terzo livello<br \/>\nGioved\u00ec 15 settembre 2022, ore 19.30, IPSSAR Maffioli \u2013 Castelfranco Veneto<br \/>\nLuned\u00ec 26 settembre 2022, ore 20.30, Hotel Maggior Consiglio \u2013 Treviso<\/p>\n<p>Corso Sommelier della Birra primo livello<br \/>\nMarted\u00ec 18 ottobre 2022, ore 20:30, Hotel Maggior Consiglio \u2013 Treviso<\/p>\n<p>Belluno<br \/>\nPrimo livello<br \/>\nMarted\u00ec 06 settembre 2022, ore 18.00, Ristorante Dolomeats All&#8217;Aquila \u2013 Cortina d\u2019Ampezzo<br \/>\nLuned\u00ec 12 settembre 2022, ore 20.30, Ristorante La Nogherazza \u2013 Castion<\/p>\n<p>Secondo livello<br \/>\nMercoled\u00ec 14 settembre 2022, ore 20.30, Ristorante De Gusto Dolomiti \u2013 Belluno<\/p>\n<p>Rovigo<br \/>\nSecondo livello<br \/>\nMercoled\u00ec 14 settembre 2022, ore 20:30, Ristorante Da Mino \u2013 Rovigo<\/p>\n<p>I corsi online #SmartAISVeneto<br \/>\nPrimo livello<br \/>\nLuned\u00ec 26 settembre 2022, ore 20.00, lezione online<\/p>\n<p>Secondo livello<br \/>\nMarted\u00ec 27 settembre 2022, ore 20.00, lezione online<\/p>\n<p>Terzo livello<br \/>\nLuned\u00ec 03 ottobre 2022, ore 20.00, lezione in aula del corso #SmartAISVeneto, Accademia Dieffe \u2013 Valdobbiadene (Treviso)<\/p>","protected":false},"excerpt":{"rendered":"<p>Tornano gli appuntamenti per chi vuole approfondire la conoscenza del vino. Continuano anche i corsi online, ideali per chi ha poco tempo Per l\u2019autunno 2022 AIS Veneto amplia l\u2019offerta formativa in tutte le province della regione con un nuovo calendario dei corsi per diventare Sommelier, dedicato a chi vuole approfondire la conoscenza del mondo del [&hellip;]<\/p>\n","protected":false},"author":2,"featured_media":133218,"comment_status":"closed","ping_status":"open","sticky":false,"template":"","format":"standard","meta":{"footnotes":""},"categories":[3393,25],"tags":[],"class_list":["post-135556","post","type-post","status-publish","format-standard","has-post-thumbnail","category-eventi-enogastronomici","category-pausa-caffe"],"yoast_head":"<!-- This site is optimized with the Yoast SEO plugin v28.4 - https:\/\/yoast.com\/product\/yoast-seo-wordpress\/ -->\n<title>Ripartono a settembre i corsi dell&#039;Ais Veneto per diventare sommelier - Bellunopress - Dolomiti<\/title>\n<meta name=\"robots\" content=\"index, follow, max-snippet:-1, max-image-preview:large, max-video-preview:-1\" \/>\n<link rel=\"canonical\" href=\"https:\/\/www.bellunopress.it\/fr\/2022\/08\/04\/ripartono-a-settembre-i-corsi-dellais-veneto-per-diventare-sommelier\/\" \/>\n<meta property=\"og:locale\" content=\"fr_FR\" \/>\n<meta property=\"og:type\" content=\"article\" \/>\n<meta property=\"og:title\" content=\"Ripartono a settembre i corsi dell&#039;Ais Veneto per diventare sommelier - Bellunopress - Dolomiti\" \/>\n<meta property=\"og:description\" content=\"Tornano gli appuntamenti per chi vuole approfondire la conoscenza del vino. Continuano anche i corsi online, ideali per chi ha poco tempo Per l\u2019autunno 2022 AIS Veneto amplia l\u2019offerta formativa in tutte le province della regione con un nuovo calendario dei corsi per diventare Sommelier, dedicato a chi vuole approfondire la conoscenza del mondo del [&hellip;]\" \/>\n<meta property=\"og:url\" content=\"https:\/\/www.bellunopress.it\/fr\/2022\/08\/04\/ripartono-a-settembre-i-corsi-dellais-veneto-per-diventare-sommelier\/\" \/>\n<meta property=\"og:site_name\" content=\"Bellunopress - Dolomiti\" \/>\n<meta property=\"article:publisher\" content=\"https:\/\/www.facebook.com\/profile.php?id=100008943462799\" \/>\n<meta property=\"article:published_time\" content=\"2022-08-04T13:14:01+00:00\" \/>\n<meta property=\"og:image\" content=\"https:\/\/www.bellunopress.it\/wp-content\/uploads\/2022\/05\/vino-Ais-Veneto_edited.jpg\" \/>\n\t<meta property=\"og:image:width\" content=\"1000\" \/>\n\t<meta property=\"og:image:height\" content=\"664\" \/>\n\t<meta property=\"og:image:type\" content=\"image\/jpeg\" \/>\n<meta name=\"author\" content=\"redazione\" \/>\n<meta name=\"twitter:card\" content=\"summary_large_image\" \/>\n<meta name=\"twitter:creator\" content=\"@bellunopress\" \/>\n<meta name=\"twitter:site\" content=\"@bellunopress\" \/>\n<meta name=\"twitter:label1\" content=\"\u00c9crit par\" \/>\n\t<meta name=\"twitter:data1\" content=\"redazione\" \/>\n\t<meta name=\"twitter:label2\" content=\"Dur\u00e9e de lecture estim\u00e9e\" \/>\n\t<meta name=\"twitter:data2\" content=\"5 minutes\" \/>\n<script type=\"application\/ld+json\" class=\"yoast-schema-graph\">{\"@context\":\"https:\\\/\\\/schema.org\",\"@graph\":[{\"@type\":\"Article\",\"@id\":\"https:\\\/\\\/www.bellunopress.it\\\/2022\\\/08\\\/04\\\/ripartono-a-settembre-i-corsi-dellais-veneto-per-diventare-sommelier\\\/#article\",\"isPartOf\":{\"@id\":\"https:\\\/\\\/www.bellunopress.it\\\/2022\\\/08\\\/04\\\/ripartono-a-settembre-i-corsi-dellais-veneto-per-diventare-sommelier\\\/\"},\"author\":{\"name\":\"redazione\",\"@id\":\"https:\\\/\\\/www.bellunopress.it\\\/#\\\/schema\\\/person\\\/79bb06722b37ece1c03d3e94beb30d73\"},\"headline\":\"Ripartono a settembre i corsi dell&#8217;Ais Veneto per diventare sommelier\",\"datePublished\":\"2022-08-04T13:14:01+00:00\",\"mainEntityOfPage\":{\"@id\":\"https:\\\/\\\/www.bellunopress.it\\\/2022\\\/08\\\/04\\\/ripartono-a-settembre-i-corsi-dellais-veneto-per-diventare-sommelier\\\/\"},\"wordCount\":750,\"publisher\":{\"@id\":\"https:\\\/\\\/www.bellunopress.it\\\/#organization\"},\"image\":{\"@id\":\"https:\\\/\\\/www.bellunopress.it\\\/2022\\\/08\\\/04\\\/ripartono-a-settembre-i-corsi-dellais-veneto-per-diventare-sommelier\\\/#primaryimage\"},\"thumbnailUrl\":\"https:\\\/\\\/www.bellunopress.it\\\/wp-content\\\/uploads\\\/2022\\\/05\\\/vino-Ais-Veneto_edited.jpg\",\"articleSection\":[\"Eventi enogastronomici\",\"Pausa Caff\u00e8\"],\"inLanguage\":\"fr-FR\"},{\"@type\":\"WebPage\",\"@id\":\"https:\\\/\\\/www.bellunopress.it\\\/2022\\\/08\\\/04\\\/ripartono-a-settembre-i-corsi-dellais-veneto-per-diventare-sommelier\\\/\",\"url\":\"https:\\\/\\\/www.bellunopress.it\\\/2022\\\/08\\\/04\\\/ripartono-a-settembre-i-corsi-dellais-veneto-per-diventare-sommelier\\\/\",\"name\":\"Ripartono a settembre i corsi dell'Ais Veneto per diventare sommelier - Bellunopress - Dolomiti\",\"isPartOf\":{\"@id\":\"https:\\\/\\\/www.bellunopress.it\\\/#website\"},\"primaryImageOfPage\":{\"@id\":\"https:\\\/\\\/www.bellunopress.it\\\/2022\\\/08\\\/04\\\/ripartono-a-settembre-i-corsi-dellais-veneto-per-diventare-sommelier\\\/#primaryimage\"},\"image\":{\"@id\":\"https:\\\/\\\/www.bellunopress.it\\\/2022\\\/08\\\/04\\\/ripartono-a-settembre-i-corsi-dellais-veneto-per-diventare-sommelier\\\/#primaryimage\"},\"thumbnailUrl\":\"https:\\\/\\\/www.bellunopress.it\\\/wp-content\\\/uploads\\\/2022\\\/05\\\/vino-Ais-Veneto_edited.jpg\",\"datePublished\":\"2022-08-04T13:14:01+00:00\",\"breadcrumb\":{\"@id\":\"https:\\\/\\\/www.bellunopress.it\\\/2022\\\/08\\\/04\\\/ripartono-a-settembre-i-corsi-dellais-veneto-per-diventare-sommelier\\\/#breadcrumb\"},\"inLanguage\":\"fr-FR\",\"potentialAction\":[{\"@type\":\"ReadAction\",\"target\":[\"https:\\\/\\\/www.bellunopress.it\\\/2022\\\/08\\\/04\\\/ripartono-a-settembre-i-corsi-dellais-veneto-per-diventare-sommelier\\\/\"]}]},{\"@type\":\"ImageObject\",\"inLanguage\":\"fr-FR\",\"@id\":\"https:\\\/\\\/www.bellunopress.it\\\/2022\\\/08\\\/04\\\/ripartono-a-settembre-i-corsi-dellais-veneto-per-diventare-sommelier\\\/#primaryimage\",\"url\":\"https:\\\/\\\/www.bellunopress.it\\\/wp-content\\\/uploads\\\/2022\\\/05\\\/vino-Ais-Veneto_edited.jpg\",\"contentUrl\":\"https:\\\/\\\/www.bellunopress.it\\\/wp-content\\\/uploads\\\/2022\\\/05\\\/vino-Ais-Veneto_edited.jpg\",\"width\":1000,\"height\":664},{\"@type\":\"BreadcrumbList\",\"@id\":\"https:\\\/\\\/www.bellunopress.it\\\/2022\\\/08\\\/04\\\/ripartono-a-settembre-i-corsi-dellais-veneto-per-diventare-sommelier\\\/#breadcrumb\",\"itemListElement\":[{\"@type\":\"ListItem\",\"position\":1,\"name\":\"Home\",\"item\":\"https:\\\/\\\/www.bellunopress.it\\\/\"},{\"@type\":\"ListItem\",\"position\":2,\"name\":\"Ripartono a settembre i corsi dell&#8217;Ais Veneto per diventare sommelier\"}]},{\"@type\":\"WebSite\",\"@id\":\"https:\\\/\\\/www.bellunopress.it\\\/#website\",\"url\":\"https:\\\/\\\/www.bellunopress.it\\\/\",\"name\":\"Bellunopress - Dolomiti\",\"description\":\"e-mail: redazione@bellunopress.it\",\"publisher\":{\"@id\":\"https:\\\/\\\/www.bellunopress.it\\\/#organization\"},\"potentialAction\":[{\"@type\":\"SearchAction\",\"target\":{\"@type\":\"EntryPoint\",\"urlTemplate\":\"https:\\\/\\\/www.bellunopress.it\\\/?s={search_term_string}\"},\"query-input\":{\"@type\":\"PropertyValueSpecification\",\"valueRequired\":true,\"valueName\":\"search_term_string\"}}],\"inLanguage\":\"fr-FR\"},{\"@type\":\"Organization\",\"@id\":\"https:\\\/\\\/www.bellunopress.it\\\/#organization\",\"name\":\"Bellunopress\",\"url\":\"https:\\\/\\\/www.bellunopress.it\\\/\",\"logo\":{\"@type\":\"ImageObject\",\"inLanguage\":\"fr-FR\",\"@id\":\"https:\\\/\\\/www.bellunopress.it\\\/#\\\/schema\\\/logo\\\/image\\\/\",\"url\":\"https:\\\/\\\/www.bellunopress.it\\\/wp-content\\\/uploads\\\/2011\\\/05\\\/cropped-logo-bellunopress-.jpg\",\"contentUrl\":\"https:\\\/\\\/www.bellunopress.it\\\/wp-content\\\/uploads\\\/2011\\\/05\\\/cropped-logo-bellunopress-.jpg\",\"width\":512,\"height\":512,\"caption\":\"Bellunopress\"},\"image\":{\"@id\":\"https:\\\/\\\/www.bellunopress.it\\\/#\\\/schema\\\/logo\\\/image\\\/\"},\"sameAs\":[\"https:\\\/\\\/www.facebook.com\\\/profile.php?id=100008943462799\",\"https:\\\/\\\/x.com\\\/bellunopress\",\"https:\\\/\\\/www.linkedin.com\\\/hp\\\/?dnr=JBzUWaJfMUw8vbXJJ2tVW5-I3jZKvC4wsoxE&amp;amp;amp;amp;amp;amp;trk=nav_responsive_tab_home\",\"https:\\\/\\\/www.youtube.com\\\/channel\\\/UCxL0wu1uN0_3_7hGG0306cw\"]},{\"@type\":\"Person\",\"@id\":\"https:\\\/\\\/www.bellunopress.it\\\/#\\\/schema\\\/person\\\/79bb06722b37ece1c03d3e94beb30d73\",\"name\":\"redazione\",\"image\":{\"@type\":\"ImageObject\",\"inLanguage\":\"fr-FR\",\"@id\":\"https:\\\/\\\/secure.gravatar.com\\\/avatar\\\/37d968a2e67a6fd04c169c4bdef102d0bc5d31b2546345219e348575eb80e9a0?s=96&d=mm&r=g\",\"url\":\"https:\\\/\\\/secure.gravatar.com\\\/avatar\\\/37d968a2e67a6fd04c169c4bdef102d0bc5d31b2546345219e348575eb80e9a0?s=96&d=mm&r=g\",\"contentUrl\":\"https:\\\/\\\/secure.gravatar.com\\\/avatar\\\/37d968a2e67a6fd04c169c4bdef102d0bc5d31b2546345219e348575eb80e9a0?s=96&d=mm&r=g\",\"caption\":\"redazione\"},\"sameAs\":[\"http:\\\/\\\/www.bellunopress.it\",\"https:\\\/\\\/x.com\\\/bellunopress\"],\"url\":\"https:\\\/\\\/www.bellunopress.it\\\/fr\\\/author\\\/redazione\\\/\"}]}<\/script>\n<!-- \/ Yoast SEO plugin. -->","yoast_head_json":{"title":"Ripartono a settembre i corsi dell'Ais Veneto per diventare sommelier - Bellunopress - Dolomiti","robots":{"index":"index","follow":"follow","max-snippet":"max-snippet:-1","max-image-preview":"max-image-preview:large","max-video-preview":"max-video-preview:-1"},"canonical":"https:\/\/www.bellunopress.it\/fr\/2022\/08\/04\/ripartono-a-settembre-i-corsi-dellais-veneto-per-diventare-sommelier\/","og_locale":"fr_FR","og_type":"article","og_title":"Ripartono a settembre i corsi dell'Ais Veneto per diventare sommelier - Bellunopress - Dolomiti","og_description":"Tornano gli appuntamenti per chi vuole approfondire la conoscenza del vino. Continuano anche i corsi online, ideali per chi ha poco tempo Per l\u2019autunno 2022 AIS Veneto amplia l\u2019offerta formativa in tutte le province della regione con un nuovo calendario dei corsi per diventare Sommelier, dedicato a chi vuole approfondire la conoscenza del mondo del [&hellip;]","og_url":"https:\/\/www.bellunopress.it\/fr\/2022\/08\/04\/ripartono-a-settembre-i-corsi-dellais-veneto-per-diventare-sommelier\/","og_site_name":"Bellunopress - Dolomiti","article_publisher":"https:\/\/www.facebook.com\/profile.php?id=100008943462799","article_published_time":"2022-08-04T13:14:01+00:00","og_image":[{"width":1000,"height":664,"url":"https:\/\/www.bellunopress.it\/wp-content\/uploads\/2022\/05\/vino-Ais-Veneto_edited.jpg","type":"image\/jpeg"}],"author":"redazione","twitter_card":"summary_large_image","twitter_creator":"@bellunopress","twitter_site":"@bellunopress","twitter_misc":{"\u00c9crit par":"redazione","Dur\u00e9e de lecture estim\u00e9e":"5 minutes"},"schema":{"@context":"https:\/\/schema.org","@graph":[{"@type":"Article","@id":"https:\/\/www.bellunopress.it\/2022\/08\/04\/ripartono-a-settembre-i-corsi-dellais-veneto-per-diventare-sommelier\/#article","isPartOf":{"@id":"https:\/\/www.bellunopress.it\/2022\/08\/04\/ripartono-a-settembre-i-corsi-dellais-veneto-per-diventare-sommelier\/"},"author":{"name":"redazione","@id":"https:\/\/www.bellunopress.it\/#\/schema\/person\/79bb06722b37ece1c03d3e94beb30d73"},"headline":"Ripartono a settembre i corsi dell&#8217;Ais Veneto per diventare sommelier","datePublished":"2022-08-04T13:14:01+00:00","mainEntityOfPage":{"@id":"https:\/\/www.bellunopress.it\/2022\/08\/04\/ripartono-a-settembre-i-corsi-dellais-veneto-per-diventare-sommelier\/"},"wordCount":750,"publisher":{"@id":"https:\/\/www.bellunopress.it\/#organization"},"image":{"@id":"https:\/\/www.bellunopress.it\/2022\/08\/04\/ripartono-a-settembre-i-corsi-dellais-veneto-per-diventare-sommelier\/#primaryimage"},"thumbnailUrl":"https:\/\/www.bellunopress.it\/wp-content\/uploads\/2022\/05\/vino-Ais-Veneto_edited.jpg","articleSection":["Eventi enogastronomici","Pausa Caff\u00e8"],"inLanguage":"fr-FR"},{"@type":"WebPage","@id":"https:\/\/www.bellunopress.it\/2022\/08\/04\/ripartono-a-settembre-i-corsi-dellais-veneto-per-diventare-sommelier\/","url":"https:\/\/www.bellunopress.it\/2022\/08\/04\/ripartono-a-settembre-i-corsi-dellais-veneto-per-diventare-sommelier\/","name":"Ripartono a settembre i corsi dell'Ais Veneto per diventare sommelier - Bellunopress - Dolomiti","isPartOf":{"@id":"https:\/\/www.bellunopress.it\/#website"},"primaryImageOfPage":{"@id":"https:\/\/www.bellunopress.it\/2022\/08\/04\/ripartono-a-settembre-i-corsi-dellais-veneto-per-diventare-sommelier\/#primaryimage"},"image":{"@id":"https:\/\/www.bellunopress.it\/2022\/08\/04\/ripartono-a-settembre-i-corsi-dellais-veneto-per-diventare-sommelier\/#primaryimage"},"thumbnailUrl":"https:\/\/www.bellunopress.it\/wp-content\/uploads\/2022\/05\/vino-Ais-Veneto_edited.jpg","datePublished":"2022-08-04T13:14:01+00:00","breadcrumb":{"@id":"https:\/\/www.bellunopress.it\/2022\/08\/04\/ripartono-a-settembre-i-corsi-dellais-veneto-per-diventare-sommelier\/#breadcrumb"},"inLanguage":"fr-FR","potentialAction":[{"@type":"ReadAction","target":["https:\/\/www.bellunopress.it\/2022\/08\/04\/ripartono-a-settembre-i-corsi-dellais-veneto-per-diventare-sommelier\/"]}]},{"@type":"ImageObject","inLanguage":"fr-FR","@id":"https:\/\/www.bellunopress.it\/2022\/08\/04\/ripartono-a-settembre-i-corsi-dellais-veneto-per-diventare-sommelier\/#primaryimage","url":"https:\/\/www.bellunopress.it\/wp-content\/uploads\/2022\/05\/vino-Ais-Veneto_edited.jpg","contentUrl":"https:\/\/www.bellunopress.it\/wp-content\/uploads\/2022\/05\/vino-Ais-Veneto_edited.jpg","width":1000,"height":664},{"@type":"BreadcrumbList","@id":"https:\/\/www.bellunopress.it\/2022\/08\/04\/ripartono-a-settembre-i-corsi-dellais-veneto-per-diventare-sommelier\/#breadcrumb","itemListElement":[{"@type":"ListItem","position":1,"name":"Home","item":"https:\/\/www.bellunopress.it\/"},{"@type":"ListItem","position":2,"name":"Ripartono a settembre i corsi dell&#8217;Ais Veneto per diventare sommelier"}]},{"@type":"WebSite","@id":"https:\/\/www.bellunopress.it\/#website","url":"https:\/\/www.bellunopress.it\/","name":"Bellunopress - Dolomiti","description":"e-mail: redazione@bellunopress.it","publisher":{"@id":"https:\/\/www.bellunopress.it\/#organization"},"potentialAction":[{"@type":"SearchAction","target":{"@type":"EntryPoint","urlTemplate":"https:\/\/www.bellunopress.it\/?s={search_term_string}"},"query-input":{"@type":"PropertyValueSpecification","valueRequired":true,"valueName":"search_term_string"}}],"inLanguage":"fr-FR"},{"@type":"Organization","@id":"https:\/\/www.bellunopress.it\/#organization","name":"Bellunopress","url":"https:\/\/www.bellunopress.it\/","logo":{"@type":"ImageObject","inLanguage":"fr-FR","@id":"https:\/\/www.bellunopress.it\/#\/schema\/logo\/image\/","url":"https:\/\/www.bellunopress.it\/wp-content\/uploads\/2011\/05\/cropped-logo-bellunopress-.jpg","contentUrl":"https:\/\/www.bellunopress.it\/wp-content\/uploads\/2011\/05\/cropped-logo-bellunopress-.jpg","width":512,"height":512,"caption":"Bellunopress"},"image":{"@id":"https:\/\/www.bellunopress.it\/#\/schema\/logo\/image\/"},"sameAs":["https:\/\/www.facebook.com\/profile.php?id=100008943462799","https:\/\/x.com\/bellunopress","https:\/\/www.linkedin.com\/hp\/?dnr=JBzUWaJfMUw8vbXJJ2tVW5-I3jZKvC4wsoxE&amp;amp;amp;amp;amp;amp;trk=nav_responsive_tab_home","https:\/\/www.youtube.com\/channel\/UCxL0wu1uN0_3_7hGG0306cw"]},{"@type":"Person","@id":"https:\/\/www.bellunopress.it\/#\/schema\/person\/79bb06722b37ece1c03d3e94beb30d73","name":"r\u00e9daction","image":{"@type":"ImageObject","inLanguage":"fr-FR","@id":"https:\/\/secure.gravatar.com\/avatar\/37d968a2e67a6fd04c169c4bdef102d0bc5d31b2546345219e348575eb80e9a0?s=96&d=mm&r=g","url":"https:\/\/secure.gravatar.com\/avatar\/37d968a2e67a6fd04c169c4bdef102d0bc5d31b2546345219e348575eb80e9a0?s=96&d=mm&r=g","contentUrl":"https:\/\/secure.gravatar.com\/avatar\/37d968a2e67a6fd04c169c4bdef102d0bc5d31b2546345219e348575eb80e9a0?s=96&d=mm&r=g","caption":"redazione"},"sameAs":["http:\/\/www.bellunopress.it","https:\/\/x.com\/bellunopress"],"url":"https:\/\/www.bellunopress.it\/fr\/author\/redazione\/"}]}},"_links":{"self":[{"href":"https:\/\/www.bellunopress.it\/fr\/wp-json\/wp\/v2\/posts\/135556","targetHints":{"allow":["GET"]}}],"collection":[{"href":"https:\/\/www.bellunopress.it\/fr\/wp-json\/wp\/v2\/posts"}],"about":[{"href":"https:\/\/www.bellunopress.it\/fr\/wp-json\/wp\/v2\/types\/post"}],"author":[{"embeddable":true,"href":"https:\/\/www.bellunopress.it\/fr\/wp-json\/wp\/v2\/users\/2"}],"replies":[{"embeddable":true,"href":"https:\/\/www.bellunopress.it\/fr\/wp-json\/wp\/v2\/comments?post=135556"}],"version-history":[{"count":1,"href":"https:\/\/www.bellunopress.it\/fr\/wp-json\/wp\/v2\/posts\/135556\/revisions"}],"predecessor-version":[{"id":135557,"href":"https:\/\/www.bellunopress.it\/fr\/wp-json\/wp\/v2\/posts\/135556\/revisions\/135557"}],"wp:featuredmedia":[{"embeddable":true,"href":"https:\/\/www.bellunopress.it\/fr\/wp-json\/wp\/v2\/media\/133218"}],"wp:attachment":[{"href":"https:\/\/www.bellunopress.it\/fr\/wp-json\/wp\/v2\/media?parent=135556"}],"wp:term":[{"taxonomy":"category","embeddable":true,"href":"https:\/\/www.bellunopress.it\/fr\/wp-json\/wp\/v2\/categories?post=135556"},{"taxonomy":"post_tag","embeddable":true,"href":"https:\/\/www.bellunopress.it\/fr\/wp-json\/wp\/v2\/tags?post=135556"}],"curies":[{"name":"wp","href":"https:\/\/api.w.org\/{rel}","templated":true}]}}